{"id":5511,"date":"2018-06-05T11:07:18","date_gmt":"2018-06-05T09:07:18","guid":{"rendered":"https:\/\/eikonos.com\/?p=5511"},"modified":"2018-06-05T11:07:18","modified_gmt":"2018-06-05T09:07:18","slug":"lloguer-equips-de-so-i-pantalles-imprescindible-per-concerts-i-gires","status":"publish","type":"post","link":"https:\/\/eikonos.com\/ca\/blog\/lloguer-equips-de-so-i-pantalles-imprescindible-per-concerts-i-gires\/","title":{"rendered":"Lloguer d\u2019equips de so i pantalles, imprescindibles per concerts i gires"},"content":{"rendered":"<p>Quan parlem d\u2019una gala musical i la gesti\u00f3 de recursos que porta, a tots ens ve la idea d\u2019invertir en equipament per cobrir les nostres necessitats.<\/p>\n<p>Cada escenari, cada ocasi\u00f3, \u00e9s diferent, i per aix\u00f2 els recursos t\u00e8cnics han d\u2019adaptar-se. Qu\u00e8 millor, doncs, que llogar els equips pels concerts, el just i el necessari per a cada projecte.<\/p>\n<p>L\u2019\u00e8xit no \u00e9s fruit de la casualitat, sin\u00f3 que passa per la correcta harmonia de tots els elements que surten a escena. L\u2019equip hum\u00e0 \u00e9s determinant, per\u00f2 hi ha altres factors que marquen un abans i un despr\u00e9s, com la tecnologia amb la qual operem.<\/p>\n<p>Estar a l\u2019\u00faltima implica prendre decisions importants donat que la inversi\u00f3 pot ser important, per\u00f2 mai oblidem que \u00e9s essencial escollir un equip d\u2019experts que s\u00e0piguen rendibilitzar tota aquesta tecnologia.<\/p>\n<p>El <a href=\"https:\/\/eikonos.com\/ca\/serveis\/lloguer-equips\/\">lloguer d\u2019equips per concerts<\/a> \u00e9s una alternativa excel\u00b7lent que ens ajudar\u00e0 a tenir disponibles els millors professionals juntament amb els equips audiovisuals m\u00e9s actuals del mercat i aix\u00ed comptar a cada cita amb els elements que necessitem.<\/p>\n<p>&nbsp;<\/p>\n<h2><span style=\"color: #ff0000;\"><strong>La import\u00e0ncia de l\u2019audiovisual als concerts i gires<\/strong><\/span><\/h2>\n<ul>\n<li><span style=\"color: #ff0000;\"><strong>LA QUALITAT DEL SO<\/strong><\/span><\/li>\n<\/ul>\n<p>Les nostres o\u00efdes s\u2019han acostumat a escoltar la m\u00fasica amb total nitidesa, el que crea unes expectatives que no podem defraudar al concert.<\/p>\n<p><strong>Una distribuci\u00f3 adequada, una pot\u00e8ncia proporcional i tenir cura de la intel\u00b7ligibilitat<\/strong> del so, garanteix la satisfacci\u00f3 del nostre p\u00fablic proporcionant-li l\u2019experi\u00e8ncia inoblidable que esperava.<\/p>\n<p><img loading=\"lazy\" decoding=\"async\" class=\"aligncenter wp-image-5501 size-full\" title=\"Alquiler de equipos para conciertos\" src=\"https:\/\/eikonos.com\/wp-content\/uploads\/2018\/05\/alquiler-equipos-sonido-pantallas-1.jpg\" alt=\"Alquiler de equipos para conciertos\" width=\"724\" height=\"432\" srcset=\"https:\/\/eikonos.com\/wp-content\/uploads\/2018\/05\/alquiler-equipos-sonido-pantallas-1.jpg 724w, https:\/\/eikonos.com\/wp-content\/uploads\/2018\/05\/alquiler-equipos-sonido-pantallas-1-300x179.jpg 300w\" sizes=\"auto, (max-width: 724px) 100vw, 724px\" \/><\/p>\n<p>&nbsp;<\/p>\n<ul>\n<li><span style=\"color: #ff0000;\"><strong>EL PREDOMINI DE LA IMATGE<\/strong><\/span><\/li>\n<\/ul>\n<p>Dif\u00edcilment avui podem pensar el negoci de la m\u00fasica deslligat de la imatge. Des de fa d\u00e8cades, amb la introducci\u00f3 del videoclip, no concebem les can\u00e7ons sense un acompanyament visual sigui per mostrar una suggeridora coreografia o acompanyar el tema amb un aut\u00e8ntic curt cinematogr\u00e0fic. Per aix\u00f2, <strong>el p\u00fablic necessita tamb\u00e9 l\u2019est\u00edmul visual per completar la seva experi\u00e8ncia. <\/strong><\/p>\n<p>Arribats a aquest punt, a un concert en directe <a href=\"https:\/\/eikonos.com\/ca\/blog\/les-pantalles-led-solucio-per-interiors-i-exteriors\/\">les pantalles led es converteixen en imprescindibles<\/a> per recolzar la connexi\u00f3 audiovisual de l\u2019artista amb els seus seguidors. A m\u00e9s, no nom\u00e9s actuen com una pantalla tradicional on visualitzar el v\u00eddeo sin\u00f3 es pot convertir en un element escenogr\u00e0fic m\u00e9s.<\/p>\n<p>Amb aquestes pantalles podem crear formes corbes, puzles i fins i tot superf\u00edcies en moviment on projectar tant la imatge ampliada dels artistes com contingut v\u00eddeo-gr\u00e0fic o decoratiu.<\/p>\n<p>&nbsp;<\/p>\n<p style=\"text-align: center;\"><span style=\"color: #ff0000;\"><em>El so, ess\u00e8ncia del moment, junt amb les pantalles, que ens ajuden a acompanyar la hist\u00f2ria amb imatges i acostar l\u2019escenari al p\u00fablic, s\u00f3n part indispensable si volem donar singularitat al nostre treball i aconseguir quelcom extraordinari.<\/em><\/span><\/p>\n<p><em>\u00a0<\/em><\/p>\n<ul>\n<li><span style=\"color: #ff0000;\"><strong>PER A QUALSSEVOL FORMAT<\/strong><\/span><\/li>\n<\/ul>\n<p>Un concert fora de gira, un recinte singular o la participaci\u00f3 en un festival, requereixen diferents solucions per <strong>garantir la m\u00e0xima qualitat audiovisual.<\/strong><\/p>\n<p>No sempre trobem els mateixos mitjans a tots els concerts, d\u2019aqu\u00ed que cadasc\u00fa tingui el seu estil i converteixi cada sortida a l\u2019escenari en quelcom particular. Qu\u00e8 t\u2019agradaria incloure al teu esdeveniment? Pantalles \u00a0LED gegants, retransmissions en directe, comptar amb diferents projectors,&#8230;?<\/p>\n<p>Sigui quin sigui el format o l\u2019envergadura i <a href=\"https:\/\/eikonos.com\/ca\/blog\/lart-de-lescenografia-per-esdeveniments-i-espectacles\/\">escenografia<\/a> del <em>show<\/em>, els equipaments audiovisuals s\u00f3n b\u00e0sics si volem aconseguir una ac\u00fastica de qualitat, portar el nostre missatge al p\u00fablic, diferenciar-nos de la resta i donar un espectacle que pugui quedar gravat a les retines dels nostres fans.<\/p>\n<p>Des d\u2019Eikonos treballem estretament amb tu estudiant les teves necessitats i adaptant-nos a aquelles per aconseguir el resultat que busques. Si vols oferir un ambient adequat i una qualitat a l\u2019al\u00e7ada dels millors, explica\u2019ns la teva idea i la farem realitat. <strong>Parlem!<\/strong><\/p>\n<p><img loading=\"lazy\" decoding=\"async\" class=\"aligncenter wp-image-3091 size-full\" src=\"https:\/\/eikonos.com\/wp-content\/uploads\/2016\/07\/eikonos-cta-equips-audiovisuals-de-lloguer-2.png\" alt=\"\" width=\"741\" height=\"250\" srcset=\"https:\/\/eikonos.com\/wp-content\/uploads\/2016\/07\/eikonos-cta-equips-audiovisuals-de-lloguer-2.png 741w, https:\/\/eikonos.com\/wp-content\/uploads\/2016\/07\/eikonos-cta-equips-audiovisuals-de-lloguer-2-300x101.png 300w\" sizes=\"auto, (max-width: 741px) 100vw, 741px\" \/><\/p>\n","protected":false},"excerpt":{"rendered":"<p>Quan parlem d\u2019una gala musical i la gesti\u00f3 de recursos que porta, a tots ens&#8230;<\/p>\n","protected":false},"author":6,"featured_media":5502,"comment_status":"open","ping_status":"open","sticky":false,"template":"","format":"standard","meta":{"_acf_changed":false,"footnotes":""},"categories":[262],"tags":[366,350,368],"class_list":["post-5511","post","type-post","status-publish","format-standard","has-post-thumbnail","hentry","category-lloguer-dequips","tag-equips-adiovisuals","tag-lloguer-de-material-audiovisual","tag-pantalles-led"],"acf":[],"yoast_head":"<!-- This site is optimized with the Yoast SEO plugin v26.3 - https:\/\/yoast.com\/wordpress\/plugins\/seo\/ -->\n<title>Alquiler de equipos de sonido y pantallas, imprescindible para conciertos y giras<\/title>\n<meta name=\"description\" content=\"Imagen, sonido y experiencia son claves para conseguir el \u00e9xito en un festival. Descubre por qu\u00e9 el alquiler de equipos para conciertos debe ser el nuevo aliado en tu pr\u00f3xima gira musical\" \/>\n<meta name=\"robots\" content=\"index, follow, max-snippet:-1, max-image-preview:large, max-video-preview:-1\" \/>\n<link rel=\"canonical\" href=\"https:\/\/eikonos.com\/ca\/blog\/lloguer-equips-de-so-i-pantalles-imprescindible-per-concerts-i-gires\/\" \/>\n<meta property=\"og:locale\" content=\"ca_ES\" \/>\n<meta property=\"og:type\" content=\"article\" \/>\n<meta property=\"og:title\" content=\"Alquiler de equipos de sonido y pantallas, imprescindible para conciertos y giras\" \/>\n<meta property=\"og:description\" content=\"Imagen, sonido y experiencia son claves para conseguir el \u00e9xito en un festival. Descubre por qu\u00e9 el alquiler de equipos para conciertos debe ser el nuevo aliado en tu pr\u00f3xima gira musical\" \/>\n<meta property=\"og:url\" content=\"https:\/\/eikonos.com\/ca\/blog\/lloguer-equips-de-so-i-pantalles-imprescindible-per-concerts-i-gires\/\" \/>\n<meta property=\"og:site_name\" content=\"EIKONOS\" \/>\n<meta property=\"article:publisher\" content=\"http:\/\/www.facebook.com\/pages\/Eikonos\/176324785746790\" \/>\n<meta property=\"article:published_time\" content=\"2018-06-05T09:07:18+00:00\" \/>\n<meta property=\"og:image\" content=\"https:\/\/eikonos.com\/wp-content\/uploads\/2018\/05\/alquiler-equipos-sonido-1.jpg\" \/>\n\t<meta property=\"og:image:width\" content=\"724\" \/>\n\t<meta property=\"og:image:height\" content=\"432\" \/>\n\t<meta property=\"og:image:type\" content=\"image\/jpeg\" \/>\n<meta name=\"author\" content=\"Xavi Eikonos\" \/>\n<meta name=\"twitter:card\" content=\"summary_large_image\" \/>\n<meta name=\"twitter:creator\" content=\"@eikonos_sa\" \/>\n<meta name=\"twitter:site\" content=\"@eikonos_sa\" \/>\n<meta name=\"twitter:label1\" content=\"Escrit per\" \/>\n\t<meta name=\"twitter:data1\" content=\"Xavi Eikonos\" \/>\n\t<meta name=\"twitter:label2\" content=\"Temps estimat de lectura\" \/>\n\t<meta name=\"twitter:data2\" content=\"3 minuts\" \/>\n<script type=\"application\/ld+json\" class=\"yoast-schema-graph\">{\"@context\":\"https:\/\/schema.org\",\"@graph\":[{\"@type\":\"Article\",\"@id\":\"https:\/\/eikonos.com\/ca\/blog\/lloguer-equips-de-so-i-pantalles-imprescindible-per-concerts-i-gires\/#article\",\"isPartOf\":{\"@id\":\"https:\/\/eikonos.com\/ca\/blog\/lloguer-equips-de-so-i-pantalles-imprescindible-per-concerts-i-gires\/\"},\"author\":{\"name\":\"Xavi Eikonos\",\"@id\":\"https:\/\/eikonos.com\/ca\/#\/schema\/person\/82032860cc314d826959b90595a5280a\"},\"headline\":\"Lloguer d\u2019equips de so i pantalles, imprescindibles per concerts i gires\",\"datePublished\":\"2018-06-05T09:07:18+00:00\",\"mainEntityOfPage\":{\"@id\":\"https:\/\/eikonos.com\/ca\/blog\/lloguer-equips-de-so-i-pantalles-imprescindible-per-concerts-i-gires\/\"},\"wordCount\":641,\"commentCount\":0,\"publisher\":{\"@id\":\"https:\/\/eikonos.com\/ca\/#organization\"},\"image\":{\"@id\":\"https:\/\/eikonos.com\/ca\/blog\/lloguer-equips-de-so-i-pantalles-imprescindible-per-concerts-i-gires\/#primaryimage\"},\"thumbnailUrl\":\"https:\/\/eikonos.com\/wp-content\/uploads\/2018\/05\/alquiler-equipos-sonido-1.jpg\",\"keywords\":[\"Equips adiovisuals\",\"Lloguer de material audiovisual\",\"Pantalles LED\"],\"articleSection\":[\"Lloguer d'equips\"],\"inLanguage\":\"ca\",\"potentialAction\":[{\"@type\":\"CommentAction\",\"name\":\"Comment\",\"target\":[\"https:\/\/eikonos.com\/ca\/blog\/lloguer-equips-de-so-i-pantalles-imprescindible-per-concerts-i-gires\/#respond\"]}]},{\"@type\":\"WebPage\",\"@id\":\"https:\/\/eikonos.com\/ca\/blog\/lloguer-equips-de-so-i-pantalles-imprescindible-per-concerts-i-gires\/\",\"url\":\"https:\/\/eikonos.com\/ca\/blog\/lloguer-equips-de-so-i-pantalles-imprescindible-per-concerts-i-gires\/\",\"name\":\"Alquiler de equipos de sonido y pantallas, imprescindible para conciertos y giras\",\"isPartOf\":{\"@id\":\"https:\/\/eikonos.com\/ca\/#website\"},\"primaryImageOfPage\":{\"@id\":\"https:\/\/eikonos.com\/ca\/blog\/lloguer-equips-de-so-i-pantalles-imprescindible-per-concerts-i-gires\/#primaryimage\"},\"image\":{\"@id\":\"https:\/\/eikonos.com\/ca\/blog\/lloguer-equips-de-so-i-pantalles-imprescindible-per-concerts-i-gires\/#primaryimage\"},\"thumbnailUrl\":\"https:\/\/eikonos.com\/wp-content\/uploads\/2018\/05\/alquiler-equipos-sonido-1.jpg\",\"datePublished\":\"2018-06-05T09:07:18+00:00\",\"description\":\"Imagen, sonido y experiencia son claves para conseguir el \u00e9xito en un festival. Descubre por qu\u00e9 el alquiler de equipos para conciertos debe ser el nuevo aliado en tu pr\u00f3xima gira musical\",\"breadcrumb\":{\"@id\":\"https:\/\/eikonos.com\/ca\/blog\/lloguer-equips-de-so-i-pantalles-imprescindible-per-concerts-i-gires\/#breadcrumb\"},\"inLanguage\":\"ca\",\"potentialAction\":[{\"@type\":\"ReadAction\",\"target\":[\"https:\/\/eikonos.com\/ca\/blog\/lloguer-equips-de-so-i-pantalles-imprescindible-per-concerts-i-gires\/\"]}]},{\"@type\":\"ImageObject\",\"inLanguage\":\"ca\",\"@id\":\"https:\/\/eikonos.com\/ca\/blog\/lloguer-equips-de-so-i-pantalles-imprescindible-per-concerts-i-gires\/#primaryimage\",\"url\":\"https:\/\/eikonos.com\/wp-content\/uploads\/2018\/05\/alquiler-equipos-sonido-1.jpg\",\"contentUrl\":\"https:\/\/eikonos.com\/wp-content\/uploads\/2018\/05\/alquiler-equipos-sonido-1.jpg\",\"width\":724,\"height\":432},{\"@type\":\"BreadcrumbList\",\"@id\":\"https:\/\/eikonos.com\/ca\/blog\/lloguer-equips-de-so-i-pantalles-imprescindible-per-concerts-i-gires\/#breadcrumb\",\"itemListElement\":[{\"@type\":\"ListItem\",\"position\":1,\"name\":\"EIKONOS\",\"item\":\"https:\/\/eikonos.com\/ca\/inici\/\"},{\"@type\":\"ListItem\",\"position\":2,\"name\":\"Lloguer d\u2019equips de so i pantalles, imprescindibles per concerts i gires\"}]},{\"@type\":\"WebSite\",\"@id\":\"https:\/\/eikonos.com\/ca\/#website\",\"url\":\"https:\/\/eikonos.com\/ca\/\",\"name\":\"EIKONOS\",\"description\":\"EXPERIENCIA AUDIOVISUAL\",\"publisher\":{\"@id\":\"https:\/\/eikonos.com\/ca\/#organization\"},\"potentialAction\":[{\"@type\":\"SearchAction\",\"target\":{\"@type\":\"EntryPoint\",\"urlTemplate\":\"https:\/\/eikonos.com\/ca\/?s={search_term_string}\"},\"query-input\":{\"@type\":\"PropertyValueSpecification\",\"valueRequired\":true,\"valueName\":\"search_term_string\"}}],\"inLanguage\":\"ca\"},{\"@type\":\"Organization\",\"@id\":\"https:\/\/eikonos.com\/ca\/#organization\",\"name\":\"EIKONOS | Servicios Audiovisuales, eventos y alquiler de equipos\",\"url\":\"https:\/\/eikonos.com\/ca\/\",\"logo\":{\"@type\":\"ImageObject\",\"inLanguage\":\"ca\",\"@id\":\"https:\/\/eikonos.com\/ca\/#\/schema\/logo\/image\/\",\"url\":\"https:\/\/eikonos.com\/wp-content\/uploads\/2020\/08\/logo-color.png\",\"contentUrl\":\"https:\/\/eikonos.com\/wp-content\/uploads\/2020\/08\/logo-color.png\",\"width\":376,\"height\":122,\"caption\":\"EIKONOS | Servicios Audiovisuales, eventos y alquiler de equipos\"},\"image\":{\"@id\":\"https:\/\/eikonos.com\/ca\/#\/schema\/logo\/image\/\"},\"sameAs\":[\"http:\/\/www.facebook.com\/pages\/Eikonos\/176324785746790\",\"https:\/\/x.com\/eikonos_sa\",\"http:\/\/www.linkedin.com\/company\/eikonos\",\"http:\/\/www.youtube.com\/channel\/UC8wcizWaAYbfsuqVf9wIT6w\"]},{\"@type\":\"Person\",\"@id\":\"https:\/\/eikonos.com\/ca\/#\/schema\/person\/82032860cc314d826959b90595a5280a\",\"name\":\"Xavi Eikonos\",\"image\":{\"@type\":\"ImageObject\",\"inLanguage\":\"ca\",\"@id\":\"https:\/\/eikonos.com\/ca\/#\/schema\/person\/image\/\",\"url\":\"https:\/\/secure.gravatar.com\/avatar\/a6c6b51dd0ac6902701aab24a914f6febe1518f94a5ae06db08b3d6107248dfd?s=96&d=mm&r=g\",\"contentUrl\":\"https:\/\/secure.gravatar.com\/avatar\/a6c6b51dd0ac6902701aab24a914f6febe1518f94a5ae06db08b3d6107248dfd?s=96&d=mm&r=g\",\"caption\":\"Xavi Eikonos\"}}]}<\/script>\n<!-- \/ Yoast SEO plugin. -->","yoast_head_json":{"title":"Alquiler de equipos de sonido y pantallas, imprescindible para conciertos y giras","description":"Imagen, sonido y experiencia son claves para conseguir el \u00e9xito en un festival. Descubre por qu\u00e9 el alquiler de equipos para conciertos debe ser el nuevo aliado en tu pr\u00f3xima gira musical","robots":{"index":"index","follow":"follow","max-snippet":"max-snippet:-1","max-image-preview":"max-image-preview:large","max-video-preview":"max-video-preview:-1"},"canonical":"https:\/\/eikonos.com\/ca\/blog\/lloguer-equips-de-so-i-pantalles-imprescindible-per-concerts-i-gires\/","og_locale":"ca_ES","og_type":"article","og_title":"Alquiler de equipos de sonido y pantallas, imprescindible para conciertos y giras","og_description":"Imagen, sonido y experiencia son claves para conseguir el \u00e9xito en un festival. Descubre por qu\u00e9 el alquiler de equipos para conciertos debe ser el nuevo aliado en tu pr\u00f3xima gira musical","og_url":"https:\/\/eikonos.com\/ca\/blog\/lloguer-equips-de-so-i-pantalles-imprescindible-per-concerts-i-gires\/","og_site_name":"EIKONOS","article_publisher":"http:\/\/www.facebook.com\/pages\/Eikonos\/176324785746790","article_published_time":"2018-06-05T09:07:18+00:00","og_image":[{"width":724,"height":432,"url":"https:\/\/eikonos.com\/wp-content\/uploads\/2018\/05\/alquiler-equipos-sonido-1.jpg","type":"image\/jpeg"}],"author":"Xavi Eikonos","twitter_card":"summary_large_image","twitter_creator":"@eikonos_sa","twitter_site":"@eikonos_sa","twitter_misc":{"Escrit per":"Xavi Eikonos","Temps estimat de lectura":"3 minuts"},"schema":{"@context":"https:\/\/schema.org","@graph":[{"@type":"Article","@id":"https:\/\/eikonos.com\/ca\/blog\/lloguer-equips-de-so-i-pantalles-imprescindible-per-concerts-i-gires\/#article","isPartOf":{"@id":"https:\/\/eikonos.com\/ca\/blog\/lloguer-equips-de-so-i-pantalles-imprescindible-per-concerts-i-gires\/"},"author":{"name":"Xavi Eikonos","@id":"https:\/\/eikonos.com\/ca\/#\/schema\/person\/82032860cc314d826959b90595a5280a"},"headline":"Lloguer d\u2019equips de so i pantalles, imprescindibles per concerts i gires","datePublished":"2018-06-05T09:07:18+00:00","mainEntityOfPage":{"@id":"https:\/\/eikonos.com\/ca\/blog\/lloguer-equips-de-so-i-pantalles-imprescindible-per-concerts-i-gires\/"},"wordCount":641,"commentCount":0,"publisher":{"@id":"https:\/\/eikonos.com\/ca\/#organization"},"image":{"@id":"https:\/\/eikonos.com\/ca\/blog\/lloguer-equips-de-so-i-pantalles-imprescindible-per-concerts-i-gires\/#primaryimage"},"thumbnailUrl":"https:\/\/eikonos.com\/wp-content\/uploads\/2018\/05\/alquiler-equipos-sonido-1.jpg","keywords":["Equips adiovisuals","Lloguer de material audiovisual","Pantalles LED"],"articleSection":["Lloguer d'equips"],"inLanguage":"ca","potentialAction":[{"@type":"CommentAction","name":"Comment","target":["https:\/\/eikonos.com\/ca\/blog\/lloguer-equips-de-so-i-pantalles-imprescindible-per-concerts-i-gires\/#respond"]}]},{"@type":"WebPage","@id":"https:\/\/eikonos.com\/ca\/blog\/lloguer-equips-de-so-i-pantalles-imprescindible-per-concerts-i-gires\/","url":"https:\/\/eikonos.com\/ca\/blog\/lloguer-equips-de-so-i-pantalles-imprescindible-per-concerts-i-gires\/","name":"Alquiler de equipos de sonido y pantallas, imprescindible para conciertos y giras","isPartOf":{"@id":"https:\/\/eikonos.com\/ca\/#website"},"primaryImageOfPage":{"@id":"https:\/\/eikonos.com\/ca\/blog\/lloguer-equips-de-so-i-pantalles-imprescindible-per-concerts-i-gires\/#primaryimage"},"image":{"@id":"https:\/\/eikonos.com\/ca\/blog\/lloguer-equips-de-so-i-pantalles-imprescindible-per-concerts-i-gires\/#primaryimage"},"thumbnailUrl":"https:\/\/eikonos.com\/wp-content\/uploads\/2018\/05\/alquiler-equipos-sonido-1.jpg","datePublished":"2018-06-05T09:07:18+00:00","description":"Imagen, sonido y experiencia son claves para conseguir el \u00e9xito en un festival. Descubre por qu\u00e9 el alquiler de equipos para conciertos debe ser el nuevo aliado en tu pr\u00f3xima gira musical","breadcrumb":{"@id":"https:\/\/eikonos.com\/ca\/blog\/lloguer-equips-de-so-i-pantalles-imprescindible-per-concerts-i-gires\/#breadcrumb"},"inLanguage":"ca","potentialAction":[{"@type":"ReadAction","target":["https:\/\/eikonos.com\/ca\/blog\/lloguer-equips-de-so-i-pantalles-imprescindible-per-concerts-i-gires\/"]}]},{"@type":"ImageObject","inLanguage":"ca","@id":"https:\/\/eikonos.com\/ca\/blog\/lloguer-equips-de-so-i-pantalles-imprescindible-per-concerts-i-gires\/#primaryimage","url":"https:\/\/eikonos.com\/wp-content\/uploads\/2018\/05\/alquiler-equipos-sonido-1.jpg","contentUrl":"https:\/\/eikonos.com\/wp-content\/uploads\/2018\/05\/alquiler-equipos-sonido-1.jpg","width":724,"height":432},{"@type":"BreadcrumbList","@id":"https:\/\/eikonos.com\/ca\/blog\/lloguer-equips-de-so-i-pantalles-imprescindible-per-concerts-i-gires\/#breadcrumb","itemListElement":[{"@type":"ListItem","position":1,"name":"EIKONOS","item":"https:\/\/eikonos.com\/ca\/inici\/"},{"@type":"ListItem","position":2,"name":"Lloguer d\u2019equips de so i pantalles, imprescindibles per concerts i gires"}]},{"@type":"WebSite","@id":"https:\/\/eikonos.com\/ca\/#website","url":"https:\/\/eikonos.com\/ca\/","name":"EIKONOS","description":"EXPERIENCIA AUDIOVISUAL","publisher":{"@id":"https:\/\/eikonos.com\/ca\/#organization"},"potentialAction":[{"@type":"SearchAction","target":{"@type":"EntryPoint","urlTemplate":"https:\/\/eikonos.com\/ca\/?s={search_term_string}"},"query-input":{"@type":"PropertyValueSpecification","valueRequired":true,"valueName":"search_term_string"}}],"inLanguage":"ca"},{"@type":"Organization","@id":"https:\/\/eikonos.com\/ca\/#organization","name":"EIKONOS | Servicios Audiovisuales, eventos y alquiler de equipos","url":"https:\/\/eikonos.com\/ca\/","logo":{"@type":"ImageObject","inLanguage":"ca","@id":"https:\/\/eikonos.com\/ca\/#\/schema\/logo\/image\/","url":"https:\/\/eikonos.com\/wp-content\/uploads\/2020\/08\/logo-color.png","contentUrl":"https:\/\/eikonos.com\/wp-content\/uploads\/2020\/08\/logo-color.png","width":376,"height":122,"caption":"EIKONOS | Servicios Audiovisuales, eventos y alquiler de equipos"},"image":{"@id":"https:\/\/eikonos.com\/ca\/#\/schema\/logo\/image\/"},"sameAs":["http:\/\/www.facebook.com\/pages\/Eikonos\/176324785746790","https:\/\/x.com\/eikonos_sa","http:\/\/www.linkedin.com\/company\/eikonos","http:\/\/www.youtube.com\/channel\/UC8wcizWaAYbfsuqVf9wIT6w"]},{"@type":"Person","@id":"https:\/\/eikonos.com\/ca\/#\/schema\/person\/82032860cc314d826959b90595a5280a","name":"Xavi Eikonos","image":{"@type":"ImageObject","inLanguage":"ca","@id":"https:\/\/eikonos.com\/ca\/#\/schema\/person\/image\/","url":"https:\/\/secure.gravatar.com\/avatar\/a6c6b51dd0ac6902701aab24a914f6febe1518f94a5ae06db08b3d6107248dfd?s=96&d=mm&r=g","contentUrl":"https:\/\/secure.gravatar.com\/avatar\/a6c6b51dd0ac6902701aab24a914f6febe1518f94a5ae06db08b3d6107248dfd?s=96&d=mm&r=g","caption":"Xavi Eikonos"}}]}},"_links":{"self":[{"href":"https:\/\/eikonos.com\/ca\/wp-json\/wp\/v2\/posts\/5511","targetHints":{"allow":["GET"]}}],"collection":[{"href":"https:\/\/eikonos.com\/ca\/wp-json\/wp\/v2\/posts"}],"about":[{"href":"https:\/\/eikonos.com\/ca\/wp-json\/wp\/v2\/types\/post"}],"author":[{"embeddable":true,"href":"https:\/\/eikonos.com\/ca\/wp-json\/wp\/v2\/users\/6"}],"replies":[{"embeddable":true,"href":"https:\/\/eikonos.com\/ca\/wp-json\/wp\/v2\/comments?post=5511"}],"version-history":[{"count":0,"href":"https:\/\/eikonos.com\/ca\/wp-json\/wp\/v2\/posts\/5511\/revisions"}],"wp:featuredmedia":[{"embeddable":true,"href":"https:\/\/eikonos.com\/ca\/wp-json\/wp\/v2\/media\/5502"}],"wp:attachment":[{"href":"https:\/\/eikonos.com\/ca\/wp-json\/wp\/v2\/media?parent=5511"}],"wp:term":[{"taxonomy":"category","embeddable":true,"href":"https:\/\/eikonos.com\/ca\/wp-json\/wp\/v2\/categories?post=5511"},{"taxonomy":"post_tag","embeddable":true,"href":"https:\/\/eikonos.com\/ca\/wp-json\/wp\/v2\/tags?post=5511"}],"curies":[{"name":"wp","href":"https:\/\/api.w.org\/{rel}","templated":true}]}}