{"id":5485,"date":"2018-05-02T10:36:48","date_gmt":"2018-05-02T08:36:48","guid":{"rendered":"https:\/\/eikonos.com\/?p=5485"},"modified":"2018-05-02T10:36:48","modified_gmt":"2018-05-02T08:36:48","slug":"con-eikonos-dejaras-de-imaginar-tu-proyecto-audiovisual-lo-veras-2","status":"publish","type":"post","link":"https:\/\/eikonos.com\/ca\/blog\/con-eikonos-dejaras-de-imaginar-tu-proyecto-audiovisual-lo-veras-2\/","title":{"rendered":"Amb Eikonos deixar\u00e0s d&#8217;imaginar el teu projecte audiovisual, el veur\u00e0s"},"content":{"rendered":"<p>No \u00e9s el mateix fer-se una idea del teu esdeveniment nom\u00e9s amb una descripci\u00f3, que veure en 3D el projecte que tens en ment. Tampoc \u00e9s el mateix plasmar una idea tal i com sorgeix, que despr\u00e9s d\u2019haver passat per les mans de professionals que tenen el <em>know-how<\/em> i l\u2019experi\u00e8ncia per fer-ho possible.<\/p>\n<p>Per aix\u00f2 \u00e9s important comptar amb una <a href=\"https:\/\/eikonos.com\/ca\/contacte\/\">empresa de serveis audiovisuals<\/a> per assessorar-te.<\/p>\n<p><strong>\u00a0<\/strong><\/p>\n<h2><span style=\"color: #ff0000;\">Veure per creure\u2026 i entendre<\/span><\/h2>\n<p>Deixar-ho tot en mans de la imaginaci\u00f3 pot ser arriscat. Per aquest motiu, la simulaci\u00f3 virtual 3D et permet tenir una imatge digital de la configuraci\u00f3 final de diferents elements que integren el teu projecte.<\/p>\n<p>Mitjan\u00e7ant l\u2019\u00fas de <em>softwares<\/em> de models 3D i a partir de pl\u00e0nols amb mesuraments o arxius CAD, crearem un model tridimensional de l\u2019esdeveniment.<\/p>\n<p>Aquest proc\u00e9s es divideix en dues fases:<\/p>\n<ul>\n<li><strong style=\"color: #ff0000;\">Modelat:<\/strong> en primer lloc i a partir d\u2019un pla de la sala escollida, es modelen els volums del conjunt incloent els elements arquitect\u00f2nics i escenogr\u00e0fics, i completant amb els equipaments audiovisuals (pantalles, projectors, etc.) i altres com l\u2019escenari o el mobiliari.<\/li>\n<li><strong style=\"color: #ff0000;\">Renderitzaci\u00f3:<\/strong> Aplicant mapes de color i textures als diferents materials de l\u2019escena (teixits, vidre, metalls, fustes, etc.) i combinant-t\u2019ho amb una curosa ubicaci\u00f3 i pot\u00e8ncia de les fonts de llum, el motor del renderitzat revelar\u00e0 una imatge final amb alta qualitat que t\u2019acostar\u00e0 a la realitat, oferint-te una visualitzaci\u00f3 ideal de l\u2019escena des del punt de vista escollit.<\/li>\n<\/ul>\n<p><strong>\u00a0<\/strong><strong>\u00a0<a href=\"https:\/\/eikonos.com\/wp-content\/uploads\/2018\/04\/inforenderCAS-1.jpg\"><img loading=\"lazy\" decoding=\"async\" class=\"aligncenter wp-image-5468 size-medium\" src=\"https:\/\/eikonos.com\/wp-content\/uploads\/2018\/04\/inforenderCAS-1-300x185.jpg\" alt=\"\" width=\"300\" height=\"185\" srcset=\"https:\/\/eikonos.com\/wp-content\/uploads\/2018\/04\/inforenderCAS-1-300x185.jpg 300w, https:\/\/eikonos.com\/wp-content\/uploads\/2018\/04\/inforenderCAS-1-768x473.jpg 768w, https:\/\/eikonos.com\/wp-content\/uploads\/2018\/04\/inforenderCAS-1.jpg 888w\" sizes=\"auto, (max-width: 300px) 100vw, 300px\" \/><\/a><\/strong><\/p>\n<h2>Envolta\u2019t dels millors<\/h2>\n<p>A <strong>Eikonos t\u2019escoltem, t\u2019assessorem i proporcionem les millors solucions audiovisuals pel teu esdeveniment<\/strong> sense importar la magnitud del projecte. Perqu\u00e8 la nostra <a href=\"https:\/\/eikonos.com\/ca\/serveis\/lloguer-equips\/\">\u00e0mplia gama de productes<\/a> i els m\u00e9s de 30 anys d\u2019experi\u00e8ncia, ens situen al mercat com una de les empreses l\u00edders del sector.<\/p>\n<p>A continuaci\u00f3 et deixem alguns dels nostres renders que hem fet servir pels nostres clients:<\/p>\n<div id='gallery-1' class='gallery galleryid-5485 gallery-columns-5 gallery-size-thumbnail'><figure class='gallery-item'>\n\t\t\t<div class='gallery-icon landscape'>\n\t\t\t\t<a href='https:\/\/eikonos.com\/wp-content\/uploads\/2018\/04\/Renders-de-eventos-realizados-por-Eikonos-Servicios-Audiovisuales-Pantallas-LED-sonido-congresos-presentaciones-de-producto-1-1.jpg'><img loading=\"lazy\" decoding=\"async\" width=\"96\" height=\"96\" src=\"https:\/\/eikonos.com\/wp-content\/uploads\/2018\/04\/Renders-de-eventos-realizados-por-Eikonos-Servicios-Audiovisuales-Pantallas-LED-sonido-congresos-presentaciones-de-producto-1-1-150x150.jpg\" class=\"attachment-thumbnail size-thumbnail\" alt=\"\" \/><\/a>\n\t\t\t<\/div><\/figure><figure class='gallery-item'>\n\t\t\t<div class='gallery-icon landscape'>\n\t\t\t\t<a href='https:\/\/eikonos.com\/wp-content\/uploads\/2018\/04\/Renders-de-eventos-realizados-por-Eikonos-Servicios-Audiovisuales-Pantallas-LED-sonido-congresos-presentaciones-de-producto-1-1.png'><img loading=\"lazy\" decoding=\"async\" width=\"96\" height=\"96\" src=\"https:\/\/eikonos.com\/wp-content\/uploads\/2018\/04\/Renders-de-eventos-realizados-por-Eikonos-Servicios-Audiovisuales-Pantallas-LED-sonido-congresos-presentaciones-de-producto-1-1-150x150.png\" class=\"attachment-thumbnail size-thumbnail\" alt=\"\" \/><\/a>\n\t\t\t<\/div><\/figure><figure class='gallery-item'>\n\t\t\t<div class='gallery-icon landscape'>\n\t\t\t\t<a href='https:\/\/eikonos.com\/wp-content\/uploads\/2018\/04\/Renders-de-eventos-realizados-por-Eikonos-Servicios-Audiovisuales-Pantallas-LED-sonido-congresos-presentaciones-de-producto-2-1.jpg'><img loading=\"lazy\" decoding=\"async\" width=\"96\" height=\"96\" src=\"https:\/\/eikonos.com\/wp-content\/uploads\/2018\/04\/Renders-de-eventos-realizados-por-Eikonos-Servicios-Audiovisuales-Pantallas-LED-sonido-congresos-presentaciones-de-producto-2-1-150x150.jpg\" class=\"attachment-thumbnail size-thumbnail\" alt=\"\" \/><\/a>\n\t\t\t<\/div><\/figure><figure class='gallery-item'>\n\t\t\t<div class='gallery-icon landscape'>\n\t\t\t\t<a href='https:\/\/eikonos.com\/wp-content\/uploads\/2018\/04\/Renders-de-eventos-realizados-por-Eikonos-Servicios-Audiovisuales-Pantallas-LED-sonido-congresos-presentaciones-de-producto-2-1.png'><img loading=\"lazy\" decoding=\"async\" width=\"96\" height=\"96\" src=\"https:\/\/eikonos.com\/wp-content\/uploads\/2018\/04\/Renders-de-eventos-realizados-por-Eikonos-Servicios-Audiovisuales-Pantallas-LED-sonido-congresos-presentaciones-de-producto-2-1-150x150.png\" class=\"attachment-thumbnail size-thumbnail\" alt=\"\" \/><\/a>\n\t\t\t<\/div><\/figure><figure class='gallery-item'>\n\t\t\t<div class='gallery-icon landscape'>\n\t\t\t\t<a href='https:\/\/eikonos.com\/wp-content\/uploads\/2018\/04\/Renders-de-eventos-realizados-por-Eikonos-Servicios-Audiovisuales-Pantallas-LED-sonido-congresos-presentaciones-de-producto-3-1.jpg'><img loading=\"lazy\" decoding=\"async\" width=\"96\" height=\"96\" src=\"https:\/\/eikonos.com\/wp-content\/uploads\/2018\/04\/Renders-de-eventos-realizados-por-Eikonos-Servicios-Audiovisuales-Pantallas-LED-sonido-congresos-presentaciones-de-producto-3-1-150x150.jpg\" class=\"attachment-thumbnail size-thumbnail\" alt=\"\" \/><\/a>\n\t\t\t<\/div><\/figure><figure class='gallery-item'>\n\t\t\t<div class='gallery-icon landscape'>\n\t\t\t\t<a href='https:\/\/eikonos.com\/wp-content\/uploads\/2018\/04\/Renders-de-eventos-realizados-por-Eikonos-Servicios-Audiovisuales-Pantallas-LED-sonido-congresos-presentaciones-de-producto-3-1.png'><img loading=\"lazy\" decoding=\"async\" width=\"96\" height=\"96\" src=\"https:\/\/eikonos.com\/wp-content\/uploads\/2018\/04\/Renders-de-eventos-realizados-por-Eikonos-Servicios-Audiovisuales-Pantallas-LED-sonido-congresos-presentaciones-de-producto-3-1-150x150.png\" class=\"attachment-thumbnail size-thumbnail\" alt=\"\" \/><\/a>\n\t\t\t<\/div><\/figure><figure class='gallery-item'>\n\t\t\t<div class='gallery-icon landscape'>\n\t\t\t\t<a href='https:\/\/eikonos.com\/wp-content\/uploads\/2018\/04\/Renders-de-eventos-realizados-por-Eikonos-Servicios-Audiovisuales-Pantallas-LED-sonido-congresos-presentaciones-de-producto-4-1.jpg'><img loading=\"lazy\" decoding=\"async\" width=\"96\" height=\"96\" src=\"https:\/\/eikonos.com\/wp-content\/uploads\/2018\/04\/Renders-de-eventos-realizados-por-Eikonos-Servicios-Audiovisuales-Pantallas-LED-sonido-congresos-presentaciones-de-producto-4-1-150x150.jpg\" class=\"attachment-thumbnail size-thumbnail\" alt=\"\" \/><\/a>\n\t\t\t<\/div><\/figure><figure class='gallery-item'>\n\t\t\t<div class='gallery-icon landscape'>\n\t\t\t\t<a href='https:\/\/eikonos.com\/wp-content\/uploads\/2018\/04\/Renders-de-eventos-realizados-por-Eikonos-Servicios-Audiovisuales-Pantallas-LED-sonido-congresos-presentaciones-de-producto-4-1.png'><img loading=\"lazy\" decoding=\"async\" width=\"96\" height=\"96\" src=\"https:\/\/eikonos.com\/wp-content\/uploads\/2018\/04\/Renders-de-eventos-realizados-por-Eikonos-Servicios-Audiovisuales-Pantallas-LED-sonido-congresos-presentaciones-de-producto-4-1-150x150.png\" class=\"attachment-thumbnail size-thumbnail\" alt=\"\" \/><\/a>\n\t\t\t<\/div><\/figure><figure class='gallery-item'>\n\t\t\t<div class='gallery-icon landscape'>\n\t\t\t\t<a href='https:\/\/eikonos.com\/wp-content\/uploads\/2018\/04\/Renders-de-eventos-realizados-por-Eikonos-Servicios-Audiovisuales-Pantallas-LED-sonido-congresos-presentaciones-de-producto-5-1.jpg'><img loading=\"lazy\" decoding=\"async\" width=\"96\" height=\"96\" src=\"https:\/\/eikonos.com\/wp-content\/uploads\/2018\/04\/Renders-de-eventos-realizados-por-Eikonos-Servicios-Audiovisuales-Pantallas-LED-sonido-congresos-presentaciones-de-producto-5-1-150x150.jpg\" class=\"attachment-thumbnail size-thumbnail\" alt=\"\" \/><\/a>\n\t\t\t<\/div><\/figure><figure class='gallery-item'>\n\t\t\t<div class='gallery-icon landscape'>\n\t\t\t\t<a href='https:\/\/eikonos.com\/wp-content\/uploads\/2018\/04\/Renders-de-eventos-realizados-por-Eikonos-Servicios-Audiovisuales-Pantallas-LED-sonido-congresos-presentaciones-de-producto-6-1.jpg'><img loading=\"lazy\" decoding=\"async\" width=\"96\" height=\"96\" src=\"https:\/\/eikonos.com\/wp-content\/uploads\/2018\/04\/Renders-de-eventos-realizados-por-Eikonos-Servicios-Audiovisuales-Pantallas-LED-sonido-congresos-presentaciones-de-producto-6-1-150x150.jpg\" class=\"attachment-thumbnail size-thumbnail\" alt=\"\" \/><\/a>\n\t\t\t<\/div><\/figure><figure class='gallery-item'>\n\t\t\t<div class='gallery-icon landscape'>\n\t\t\t\t<a href='https:\/\/eikonos.com\/wp-content\/uploads\/2018\/04\/Renders-de-eventos-realizados-por-Eikonos-Servicios-Audiovisuales-Pantallas-LED-sonido-congresos-presentaciones-de-producto-7-1.jpg'><img loading=\"lazy\" decoding=\"async\" width=\"96\" height=\"96\" src=\"https:\/\/eikonos.com\/wp-content\/uploads\/2018\/04\/Renders-de-eventos-realizados-por-Eikonos-Servicios-Audiovisuales-Pantallas-LED-sonido-congresos-presentaciones-de-producto-7-1-150x150.jpg\" class=\"attachment-thumbnail size-thumbnail\" alt=\"\" \/><\/a>\n\t\t\t<\/div><\/figure><figure class='gallery-item'>\n\t\t\t<div class='gallery-icon landscape'>\n\t\t\t\t<a href='https:\/\/eikonos.com\/wp-content\/uploads\/2018\/04\/Renders-de-eventos-realizados-por-Eikonos-Servicios-Audiovisuales-Pantallas-LED-sonido-congresos-presentaciones-de-producto-8-1.jpg'><img loading=\"lazy\" decoding=\"async\" width=\"96\" height=\"96\" src=\"https:\/\/eikonos.com\/wp-content\/uploads\/2018\/04\/Renders-de-eventos-realizados-por-Eikonos-Servicios-Audiovisuales-Pantallas-LED-sonido-congresos-presentaciones-de-producto-8-1-150x150.jpg\" class=\"attachment-thumbnail size-thumbnail\" alt=\"\" \/><\/a>\n\t\t\t<\/div><\/figure><figure class='gallery-item'>\n\t\t\t<div class='gallery-icon landscape'>\n\t\t\t\t<a href='https:\/\/eikonos.com\/wp-content\/uploads\/2018\/04\/Renders-de-eventos-realizados-por-Eikonos-Servicios-Audiovisuales-Pantallas-LED-sonido-congresos-presentaciones-de-producto-9-1.jpg'><img loading=\"lazy\" decoding=\"async\" width=\"96\" height=\"96\" src=\"https:\/\/eikonos.com\/wp-content\/uploads\/2018\/04\/Renders-de-eventos-realizados-por-Eikonos-Servicios-Audiovisuales-Pantallas-LED-sonido-congresos-presentaciones-de-producto-9-1-150x150.jpg\" class=\"attachment-thumbnail size-thumbnail\" alt=\"\" \/><\/a>\n\t\t\t<\/div><\/figure><figure class='gallery-item'>\n\t\t\t<div class='gallery-icon landscape'>\n\t\t\t\t<a href='https:\/\/eikonos.com\/wp-content\/uploads\/2018\/04\/Renders-de-eventos-realizados-por-Eikonos-Servicios-Audiovisuales-Pantallas-LED-sonido-congresos-presentaciones-de-producto-10-1.jpg'><img loading=\"lazy\" decoding=\"async\" width=\"96\" height=\"96\" src=\"https:\/\/eikonos.com\/wp-content\/uploads\/2018\/04\/Renders-de-eventos-realizados-por-Eikonos-Servicios-Audiovisuales-Pantallas-LED-sonido-congresos-presentaciones-de-producto-10-1-150x150.jpg\" class=\"attachment-thumbnail size-thumbnail\" alt=\"\" \/><\/a>\n\t\t\t<\/div><\/figure><figure class='gallery-item'>\n\t\t\t<div class='gallery-icon landscape'>\n\t\t\t\t<a href='https:\/\/eikonos.com\/wp-content\/uploads\/2018\/04\/renderC02-1.jpg'><img loading=\"lazy\" decoding=\"async\" width=\"96\" height=\"96\" src=\"https:\/\/eikonos.com\/wp-content\/uploads\/2018\/04\/renderC02-1-150x150.jpg\" class=\"attachment-thumbnail size-thumbnail\" alt=\"\" \/><\/a>\n\t\t\t<\/div><\/figure>\n\t\t<\/div>\n\n<p>&nbsp;<\/p>\n<p>Si busques un prove\u00efdor audiovisual pel teu pr\u00f2xim projecte, no dubtis m\u00e9s i contacta amb nosaltres. Ser\u00e0 un plaer atendre\u2019t!<\/p>\n<p><img loading=\"lazy\" decoding=\"async\" class=\"aligncenter wp-image-4120 size-full\" src=\"https:\/\/eikonos.com\/wp-content\/uploads\/2017\/05\/eikonos-cta-organitzacio-esdeveniments-audiovisuals.png\" alt=\"EIKONOS serveis audiovisuals per a esdeveniments\" width=\"741\" height=\"250\" srcset=\"https:\/\/eikonos.com\/wp-content\/uploads\/2017\/05\/eikonos-cta-organitzacio-esdeveniments-audiovisuals.png 741w, https:\/\/eikonos.com\/wp-content\/uploads\/2017\/05\/eikonos-cta-organitzacio-esdeveniments-audiovisuals-300x101.png 300w\" sizes=\"auto, (max-width: 741px) 100vw, 741px\" \/><\/p>\n<p>&nbsp;<\/p>\n<p>&nbsp;<\/p>\n<p>&nbsp;<\/p>\n","protected":false},"excerpt":{"rendered":"<p>No \u00e9s el mateix fer-se una idea del teu esdeveniment nom\u00e9s amb una descripci\u00f3, que&#8230;<\/p>\n","protected":false},"author":6,"featured_media":5459,"comment_status":"open","ping_status":"open","sticky":false,"template":"","format":"standard","meta":{"_acf_changed":false,"footnotes":""},"categories":[260],"tags":[358,334],"class_list":["post-5485","post","type-post","status-publish","format-standard","has-post-thumbnail","hentry","category-esdeveniments-audiovisuals","tag-esdeveniments-audiovisuals","tag-organitzacio-desdeveniments"],"acf":[],"yoast_head":"<!-- This site is optimized with the Yoast SEO plugin v26.3 - https:\/\/yoast.com\/wordpress\/plugins\/seo\/ -->\n<title>Amb Eikonos deixar\u00e0s d&#039;imaginar el teu projecte audiovisual, el veur\u00e0s | EIKONOS<\/title>\n<meta name=\"robots\" content=\"index, follow, max-snippet:-1, max-image-preview:large, max-video-preview:-1\" \/>\n<link rel=\"canonical\" href=\"https:\/\/eikonos.com\/ca\/blog\/con-eikonos-dejaras-de-imaginar-tu-proyecto-audiovisual-lo-veras-2\/\" \/>\n<meta property=\"og:locale\" content=\"ca_ES\" \/>\n<meta property=\"og:type\" content=\"article\" \/>\n<meta property=\"og:title\" content=\"Amb Eikonos deixar\u00e0s d&#039;imaginar el teu projecte audiovisual, el veur\u00e0s | EIKONOS\" \/>\n<meta property=\"og:description\" content=\"No \u00e9s el mateix fer-se una idea del teu esdeveniment nom\u00e9s amb una descripci\u00f3, que...\" \/>\n<meta property=\"og:url\" content=\"https:\/\/eikonos.com\/ca\/blog\/con-eikonos-dejaras-de-imaginar-tu-proyecto-audiovisual-lo-veras-2\/\" \/>\n<meta property=\"og:site_name\" content=\"EIKONOS\" \/>\n<meta property=\"article:publisher\" content=\"http:\/\/www.facebook.com\/pages\/Eikonos\/176324785746790\" \/>\n<meta property=\"article:published_time\" content=\"2018-05-02T08:36:48+00:00\" \/>\n<meta property=\"og:image\" content=\"https:\/\/eikonos.com\/wp-content\/uploads\/2018\/04\/Renders-de-eventos-realizados-por-Eikonos-Servicios-Audiovisuales-Pantallas-LED-sonido-congresos-presentaciones-de-producto-9-1.jpg\" \/>\n\t<meta property=\"og:image:width\" content=\"1920\" \/>\n\t<meta property=\"og:image:height\" content=\"1080\" \/>\n\t<meta property=\"og:image:type\" content=\"image\/jpeg\" \/>\n<meta name=\"author\" content=\"Xavi Eikonos\" \/>\n<meta name=\"twitter:card\" content=\"summary_large_image\" \/>\n<meta name=\"twitter:creator\" content=\"@eikonos_sa\" \/>\n<meta name=\"twitter:site\" content=\"@eikonos_sa\" \/>\n<meta name=\"twitter:label1\" content=\"Escrit per\" \/>\n\t<meta name=\"twitter:data1\" content=\"Xavi Eikonos\" \/>\n\t<meta name=\"twitter:label2\" content=\"Temps estimat de lectura\" \/>\n\t<meta name=\"twitter:data2\" content=\"2 minuts\" \/>\n<script type=\"application\/ld+json\" class=\"yoast-schema-graph\">{\"@context\":\"https:\/\/schema.org\",\"@graph\":[{\"@type\":\"Article\",\"@id\":\"https:\/\/eikonos.com\/ca\/blog\/con-eikonos-dejaras-de-imaginar-tu-proyecto-audiovisual-lo-veras-2\/#article\",\"isPartOf\":{\"@id\":\"https:\/\/eikonos.com\/ca\/blog\/con-eikonos-dejaras-de-imaginar-tu-proyecto-audiovisual-lo-veras-2\/\"},\"author\":{\"name\":\"Xavi Eikonos\",\"@id\":\"https:\/\/eikonos.com\/ca\/#\/schema\/person\/82032860cc314d826959b90595a5280a\"},\"headline\":\"Amb Eikonos deixar\u00e0s d&#8217;imaginar el teu projecte audiovisual, el veur\u00e0s\",\"datePublished\":\"2018-05-02T08:36:48+00:00\",\"mainEntityOfPage\":{\"@id\":\"https:\/\/eikonos.com\/ca\/blog\/con-eikonos-dejaras-de-imaginar-tu-proyecto-audiovisual-lo-veras-2\/\"},\"wordCount\":369,\"commentCount\":0,\"publisher\":{\"@id\":\"https:\/\/eikonos.com\/ca\/#organization\"},\"image\":{\"@id\":\"https:\/\/eikonos.com\/ca\/blog\/con-eikonos-dejaras-de-imaginar-tu-proyecto-audiovisual-lo-veras-2\/#primaryimage\"},\"thumbnailUrl\":\"https:\/\/eikonos.com\/wp-content\/uploads\/2018\/04\/Renders-de-eventos-realizados-por-Eikonos-Servicios-Audiovisuales-Pantallas-LED-sonido-congresos-presentaciones-de-producto-9-1.jpg\",\"keywords\":[\"Esdeveniments audiovisuals\",\"Organitzaci\u00f3 d'esdeveniments\"],\"articleSection\":[\"Esdeveniments audiovisuals\"],\"inLanguage\":\"ca\",\"potentialAction\":[{\"@type\":\"CommentAction\",\"name\":\"Comment\",\"target\":[\"https:\/\/eikonos.com\/ca\/blog\/con-eikonos-dejaras-de-imaginar-tu-proyecto-audiovisual-lo-veras-2\/#respond\"]}]},{\"@type\":\"WebPage\",\"@id\":\"https:\/\/eikonos.com\/ca\/blog\/con-eikonos-dejaras-de-imaginar-tu-proyecto-audiovisual-lo-veras-2\/\",\"url\":\"https:\/\/eikonos.com\/ca\/blog\/con-eikonos-dejaras-de-imaginar-tu-proyecto-audiovisual-lo-veras-2\/\",\"name\":\"Amb Eikonos deixar\u00e0s d'imaginar el teu projecte audiovisual, el veur\u00e0s | EIKONOS\",\"isPartOf\":{\"@id\":\"https:\/\/eikonos.com\/ca\/#website\"},\"primaryImageOfPage\":{\"@id\":\"https:\/\/eikonos.com\/ca\/blog\/con-eikonos-dejaras-de-imaginar-tu-proyecto-audiovisual-lo-veras-2\/#primaryimage\"},\"image\":{\"@id\":\"https:\/\/eikonos.com\/ca\/blog\/con-eikonos-dejaras-de-imaginar-tu-proyecto-audiovisual-lo-veras-2\/#primaryimage\"},\"thumbnailUrl\":\"https:\/\/eikonos.com\/wp-content\/uploads\/2018\/04\/Renders-de-eventos-realizados-por-Eikonos-Servicios-Audiovisuales-Pantallas-LED-sonido-congresos-presentaciones-de-producto-9-1.jpg\",\"datePublished\":\"2018-05-02T08:36:48+00:00\",\"breadcrumb\":{\"@id\":\"https:\/\/eikonos.com\/ca\/blog\/con-eikonos-dejaras-de-imaginar-tu-proyecto-audiovisual-lo-veras-2\/#breadcrumb\"},\"inLanguage\":\"ca\",\"potentialAction\":[{\"@type\":\"ReadAction\",\"target\":[\"https:\/\/eikonos.com\/ca\/blog\/con-eikonos-dejaras-de-imaginar-tu-proyecto-audiovisual-lo-veras-2\/\"]}]},{\"@type\":\"ImageObject\",\"inLanguage\":\"ca\",\"@id\":\"https:\/\/eikonos.com\/ca\/blog\/con-eikonos-dejaras-de-imaginar-tu-proyecto-audiovisual-lo-veras-2\/#primaryimage\",\"url\":\"https:\/\/eikonos.com\/wp-content\/uploads\/2018\/04\/Renders-de-eventos-realizados-por-Eikonos-Servicios-Audiovisuales-Pantallas-LED-sonido-congresos-presentaciones-de-producto-9-1.jpg\",\"contentUrl\":\"https:\/\/eikonos.com\/wp-content\/uploads\/2018\/04\/Renders-de-eventos-realizados-por-Eikonos-Servicios-Audiovisuales-Pantallas-LED-sonido-congresos-presentaciones-de-producto-9-1.jpg\",\"width\":1920,\"height\":1080},{\"@type\":\"BreadcrumbList\",\"@id\":\"https:\/\/eikonos.com\/ca\/blog\/con-eikonos-dejaras-de-imaginar-tu-proyecto-audiovisual-lo-veras-2\/#breadcrumb\",\"itemListElement\":[{\"@type\":\"ListItem\",\"position\":1,\"name\":\"EIKONOS\",\"item\":\"https:\/\/eikonos.com\/ca\/inici\/\"},{\"@type\":\"ListItem\",\"position\":2,\"name\":\"Amb Eikonos deixar\u00e0s d&#8217;imaginar el teu projecte audiovisual, el veur\u00e0s\"}]},{\"@type\":\"WebSite\",\"@id\":\"https:\/\/eikonos.com\/ca\/#website\",\"url\":\"https:\/\/eikonos.com\/ca\/\",\"name\":\"EIKONOS\",\"description\":\"EXPERIENCIA AUDIOVISUAL\",\"publisher\":{\"@id\":\"https:\/\/eikonos.com\/ca\/#organization\"},\"potentialAction\":[{\"@type\":\"SearchAction\",\"target\":{\"@type\":\"EntryPoint\",\"urlTemplate\":\"https:\/\/eikonos.com\/ca\/?s={search_term_string}\"},\"query-input\":{\"@type\":\"PropertyValueSpecification\",\"valueRequired\":true,\"valueName\":\"search_term_string\"}}],\"inLanguage\":\"ca\"},{\"@type\":\"Organization\",\"@id\":\"https:\/\/eikonos.com\/ca\/#organization\",\"name\":\"EIKONOS | Servicios Audiovisuales, eventos y alquiler de equipos\",\"url\":\"https:\/\/eikonos.com\/ca\/\",\"logo\":{\"@type\":\"ImageObject\",\"inLanguage\":\"ca\",\"@id\":\"https:\/\/eikonos.com\/ca\/#\/schema\/logo\/image\/\",\"url\":\"https:\/\/eikonos.com\/wp-content\/uploads\/2020\/08\/logo-color.png\",\"contentUrl\":\"https:\/\/eikonos.com\/wp-content\/uploads\/2020\/08\/logo-color.png\",\"width\":376,\"height\":122,\"caption\":\"EIKONOS | Servicios Audiovisuales, eventos y alquiler de equipos\"},\"image\":{\"@id\":\"https:\/\/eikonos.com\/ca\/#\/schema\/logo\/image\/\"},\"sameAs\":[\"http:\/\/www.facebook.com\/pages\/Eikonos\/176324785746790\",\"https:\/\/x.com\/eikonos_sa\",\"http:\/\/www.linkedin.com\/company\/eikonos\",\"http:\/\/www.youtube.com\/channel\/UC8wcizWaAYbfsuqVf9wIT6w\"]},{\"@type\":\"Person\",\"@id\":\"https:\/\/eikonos.com\/ca\/#\/schema\/person\/82032860cc314d826959b90595a5280a\",\"name\":\"Xavi Eikonos\",\"image\":{\"@type\":\"ImageObject\",\"inLanguage\":\"ca\",\"@id\":\"https:\/\/eikonos.com\/ca\/#\/schema\/person\/image\/\",\"url\":\"https:\/\/secure.gravatar.com\/avatar\/a6c6b51dd0ac6902701aab24a914f6febe1518f94a5ae06db08b3d6107248dfd?s=96&d=mm&r=g\",\"contentUrl\":\"https:\/\/secure.gravatar.com\/avatar\/a6c6b51dd0ac6902701aab24a914f6febe1518f94a5ae06db08b3d6107248dfd?s=96&d=mm&r=g\",\"caption\":\"Xavi Eikonos\"}}]}<\/script>\n<!-- \/ Yoast SEO plugin. -->","yoast_head_json":{"title":"Amb Eikonos deixar\u00e0s d'imaginar el teu projecte audiovisual, el veur\u00e0s | EIKONOS","robots":{"index":"index","follow":"follow","max-snippet":"max-snippet:-1","max-image-preview":"max-image-preview:large","max-video-preview":"max-video-preview:-1"},"canonical":"https:\/\/eikonos.com\/ca\/blog\/con-eikonos-dejaras-de-imaginar-tu-proyecto-audiovisual-lo-veras-2\/","og_locale":"ca_ES","og_type":"article","og_title":"Amb Eikonos deixar\u00e0s d'imaginar el teu projecte audiovisual, el veur\u00e0s | EIKONOS","og_description":"No \u00e9s el mateix fer-se una idea del teu esdeveniment nom\u00e9s amb una descripci\u00f3, que...","og_url":"https:\/\/eikonos.com\/ca\/blog\/con-eikonos-dejaras-de-imaginar-tu-proyecto-audiovisual-lo-veras-2\/","og_site_name":"EIKONOS","article_publisher":"http:\/\/www.facebook.com\/pages\/Eikonos\/176324785746790","article_published_time":"2018-05-02T08:36:48+00:00","og_image":[{"width":1920,"height":1080,"url":"https:\/\/eikonos.com\/wp-content\/uploads\/2018\/04\/Renders-de-eventos-realizados-por-Eikonos-Servicios-Audiovisuales-Pantallas-LED-sonido-congresos-presentaciones-de-producto-9-1.jpg","type":"image\/jpeg"}],"author":"Xavi Eikonos","twitter_card":"summary_large_image","twitter_creator":"@eikonos_sa","twitter_site":"@eikonos_sa","twitter_misc":{"Escrit per":"Xavi Eikonos","Temps estimat de lectura":"2 minuts"},"schema":{"@context":"https:\/\/schema.org","@graph":[{"@type":"Article","@id":"https:\/\/eikonos.com\/ca\/blog\/con-eikonos-dejaras-de-imaginar-tu-proyecto-audiovisual-lo-veras-2\/#article","isPartOf":{"@id":"https:\/\/eikonos.com\/ca\/blog\/con-eikonos-dejaras-de-imaginar-tu-proyecto-audiovisual-lo-veras-2\/"},"author":{"name":"Xavi Eikonos","@id":"https:\/\/eikonos.com\/ca\/#\/schema\/person\/82032860cc314d826959b90595a5280a"},"headline":"Amb Eikonos deixar\u00e0s d&#8217;imaginar el teu projecte audiovisual, el veur\u00e0s","datePublished":"2018-05-02T08:36:48+00:00","mainEntityOfPage":{"@id":"https:\/\/eikonos.com\/ca\/blog\/con-eikonos-dejaras-de-imaginar-tu-proyecto-audiovisual-lo-veras-2\/"},"wordCount":369,"commentCount":0,"publisher":{"@id":"https:\/\/eikonos.com\/ca\/#organization"},"image":{"@id":"https:\/\/eikonos.com\/ca\/blog\/con-eikonos-dejaras-de-imaginar-tu-proyecto-audiovisual-lo-veras-2\/#primaryimage"},"thumbnailUrl":"https:\/\/eikonos.com\/wp-content\/uploads\/2018\/04\/Renders-de-eventos-realizados-por-Eikonos-Servicios-Audiovisuales-Pantallas-LED-sonido-congresos-presentaciones-de-producto-9-1.jpg","keywords":["Esdeveniments audiovisuals","Organitzaci\u00f3 d'esdeveniments"],"articleSection":["Esdeveniments audiovisuals"],"inLanguage":"ca","potentialAction":[{"@type":"CommentAction","name":"Comment","target":["https:\/\/eikonos.com\/ca\/blog\/con-eikonos-dejaras-de-imaginar-tu-proyecto-audiovisual-lo-veras-2\/#respond"]}]},{"@type":"WebPage","@id":"https:\/\/eikonos.com\/ca\/blog\/con-eikonos-dejaras-de-imaginar-tu-proyecto-audiovisual-lo-veras-2\/","url":"https:\/\/eikonos.com\/ca\/blog\/con-eikonos-dejaras-de-imaginar-tu-proyecto-audiovisual-lo-veras-2\/","name":"Amb Eikonos deixar\u00e0s d'imaginar el teu projecte audiovisual, el veur\u00e0s | EIKONOS","isPartOf":{"@id":"https:\/\/eikonos.com\/ca\/#website"},"primaryImageOfPage":{"@id":"https:\/\/eikonos.com\/ca\/blog\/con-eikonos-dejaras-de-imaginar-tu-proyecto-audiovisual-lo-veras-2\/#primaryimage"},"image":{"@id":"https:\/\/eikonos.com\/ca\/blog\/con-eikonos-dejaras-de-imaginar-tu-proyecto-audiovisual-lo-veras-2\/#primaryimage"},"thumbnailUrl":"https:\/\/eikonos.com\/wp-content\/uploads\/2018\/04\/Renders-de-eventos-realizados-por-Eikonos-Servicios-Audiovisuales-Pantallas-LED-sonido-congresos-presentaciones-de-producto-9-1.jpg","datePublished":"2018-05-02T08:36:48+00:00","breadcrumb":{"@id":"https:\/\/eikonos.com\/ca\/blog\/con-eikonos-dejaras-de-imaginar-tu-proyecto-audiovisual-lo-veras-2\/#breadcrumb"},"inLanguage":"ca","potentialAction":[{"@type":"ReadAction","target":["https:\/\/eikonos.com\/ca\/blog\/con-eikonos-dejaras-de-imaginar-tu-proyecto-audiovisual-lo-veras-2\/"]}]},{"@type":"ImageObject","inLanguage":"ca","@id":"https:\/\/eikonos.com\/ca\/blog\/con-eikonos-dejaras-de-imaginar-tu-proyecto-audiovisual-lo-veras-2\/#primaryimage","url":"https:\/\/eikonos.com\/wp-content\/uploads\/2018\/04\/Renders-de-eventos-realizados-por-Eikonos-Servicios-Audiovisuales-Pantallas-LED-sonido-congresos-presentaciones-de-producto-9-1.jpg","contentUrl":"https:\/\/eikonos.com\/wp-content\/uploads\/2018\/04\/Renders-de-eventos-realizados-por-Eikonos-Servicios-Audiovisuales-Pantallas-LED-sonido-congresos-presentaciones-de-producto-9-1.jpg","width":1920,"height":1080},{"@type":"BreadcrumbList","@id":"https:\/\/eikonos.com\/ca\/blog\/con-eikonos-dejaras-de-imaginar-tu-proyecto-audiovisual-lo-veras-2\/#breadcrumb","itemListElement":[{"@type":"ListItem","position":1,"name":"EIKONOS","item":"https:\/\/eikonos.com\/ca\/inici\/"},{"@type":"ListItem","position":2,"name":"Amb Eikonos deixar\u00e0s d&#8217;imaginar el teu projecte audiovisual, el veur\u00e0s"}]},{"@type":"WebSite","@id":"https:\/\/eikonos.com\/ca\/#website","url":"https:\/\/eikonos.com\/ca\/","name":"EIKONOS","description":"EXPERIENCIA AUDIOVISUAL","publisher":{"@id":"https:\/\/eikonos.com\/ca\/#organization"},"potentialAction":[{"@type":"SearchAction","target":{"@type":"EntryPoint","urlTemplate":"https:\/\/eikonos.com\/ca\/?s={search_term_string}"},"query-input":{"@type":"PropertyValueSpecification","valueRequired":true,"valueName":"search_term_string"}}],"inLanguage":"ca"},{"@type":"Organization","@id":"https:\/\/eikonos.com\/ca\/#organization","name":"EIKONOS | Servicios Audiovisuales, eventos y alquiler de equipos","url":"https:\/\/eikonos.com\/ca\/","logo":{"@type":"ImageObject","inLanguage":"ca","@id":"https:\/\/eikonos.com\/ca\/#\/schema\/logo\/image\/","url":"https:\/\/eikonos.com\/wp-content\/uploads\/2020\/08\/logo-color.png","contentUrl":"https:\/\/eikonos.com\/wp-content\/uploads\/2020\/08\/logo-color.png","width":376,"height":122,"caption":"EIKONOS | Servicios Audiovisuales, eventos y alquiler de equipos"},"image":{"@id":"https:\/\/eikonos.com\/ca\/#\/schema\/logo\/image\/"},"sameAs":["http:\/\/www.facebook.com\/pages\/Eikonos\/176324785746790","https:\/\/x.com\/eikonos_sa","http:\/\/www.linkedin.com\/company\/eikonos","http:\/\/www.youtube.com\/channel\/UC8wcizWaAYbfsuqVf9wIT6w"]},{"@type":"Person","@id":"https:\/\/eikonos.com\/ca\/#\/schema\/person\/82032860cc314d826959b90595a5280a","name":"Xavi Eikonos","image":{"@type":"ImageObject","inLanguage":"ca","@id":"https:\/\/eikonos.com\/ca\/#\/schema\/person\/image\/","url":"https:\/\/secure.gravatar.com\/avatar\/a6c6b51dd0ac6902701aab24a914f6febe1518f94a5ae06db08b3d6107248dfd?s=96&d=mm&r=g","contentUrl":"https:\/\/secure.gravatar.com\/avatar\/a6c6b51dd0ac6902701aab24a914f6febe1518f94a5ae06db08b3d6107248dfd?s=96&d=mm&r=g","caption":"Xavi Eikonos"}}]}},"_links":{"self":[{"href":"https:\/\/eikonos.com\/ca\/wp-json\/wp\/v2\/posts\/5485","targetHints":{"allow":["GET"]}}],"collection":[{"href":"https:\/\/eikonos.com\/ca\/wp-json\/wp\/v2\/posts"}],"about":[{"href":"https:\/\/eikonos.com\/ca\/wp-json\/wp\/v2\/types\/post"}],"author":[{"embeddable":true,"href":"https:\/\/eikonos.com\/ca\/wp-json\/wp\/v2\/users\/6"}],"replies":[{"embeddable":true,"href":"https:\/\/eikonos.com\/ca\/wp-json\/wp\/v2\/comments?post=5485"}],"version-history":[{"count":0,"href":"https:\/\/eikonos.com\/ca\/wp-json\/wp\/v2\/posts\/5485\/revisions"}],"wp:featuredmedia":[{"embeddable":true,"href":"https:\/\/eikonos.com\/ca\/wp-json\/wp\/v2\/media\/5459"}],"wp:attachment":[{"href":"https:\/\/eikonos.com\/ca\/wp-json\/wp\/v2\/media?parent=5485"}],"wp:term":[{"taxonomy":"category","embeddable":true,"href":"https:\/\/eikonos.com\/ca\/wp-json\/wp\/v2\/categories?post=5485"},{"taxonomy":"post_tag","embeddable":true,"href":"https:\/\/eikonos.com\/ca\/wp-json\/wp\/v2\/tags?post=5485"}],"curies":[{"name":"wp","href":"https:\/\/api.w.org\/{rel}","templated":true}]}}