{"id":5440,"date":"2018-04-24T10:49:41","date_gmt":"2018-04-24T08:49:41","guid":{"rendered":"https:\/\/eikonos.com\/?p=5440"},"modified":"2018-04-24T10:49:41","modified_gmt":"2018-04-24T08:49:41","slug":"claus-per-planificar-el-contingut-dun-video-corporatiu","status":"publish","type":"post","link":"https:\/\/eikonos.com\/ca\/blog\/claus-per-planificar-el-contingut-dun-video-corporatiu\/","title":{"rendered":"Claus per planificar el contingut d\u2019un v\u00eddeo corporatiu"},"content":{"rendered":"<p>En un mercat tan saturat d\u2019oportunitats pel consumidor com el d\u2019avui en dia, les empreses necessiten buscar cada cop una major diferenciaci\u00f3 dels seus competidors. El desenvolupament i la implantaci\u00f3 de les noves tecnologies han fet que els usuaris tinguin un major acc\u00e9s a la informaci\u00f3 i a con\u00e8ixer les diferents oportunitats que poden trobar a fora.<\/p>\n<p>Per aix\u00f2, hi ha una necessitat creixent per part de l\u2019empresa a desenvolupar accions que les situ\u00efn en el focus i les destaquin entre tan competidor i informaci\u00f3. El\u00a0<a href=\"https:\/\/eikonos.com\/ca\/portfolio_page\/gravacio-i-postproduccio-de-video\/\">v\u00eddeo corporatiu\u00a0<\/a>\u00e9s una gran soluci\u00f3 que permet comptar amb el poc temps i de manera din\u00e0mica les caracter\u00edstiques d\u2019una empresa, els seus projectes i objectius a trav\u00e9s d\u2019una bona creaci\u00f3 de continguts.<\/p>\n<p>Queden lluny els temps en que la realitzaci\u00f3 de v\u00eddeos corporatius estaven nom\u00e9s a l\u2019abast d\u2019uns pocs. De fet, les xarxes socials han ajudat a democratitzar aquest format, tot i que hem d\u2019aconseguir el doble objectiu: la viralitzaci\u00f3 del missatge i que aquest sigui efectiu. \u00c9s indubtable que hi ha molta difer\u00e8ncia entre un contingut viral i un bon contingut, pel que necessitem comptar amb un equip de professionals complet. Per\u00f2, com d\u2019important \u00e9s per la imatge de la teva empresa?<\/p>\n<h2><span style=\"color: #ff0000;\">Claus per dissenyar el v\u00eddeo que necessita la teva companyia<\/span><\/h2>\n<p><strong>Qu\u00e8 volem explicar?<\/strong><\/p>\n<p>El primer que hem de tenir clar per crear el nostre v\u00eddeo \u00e9s qu\u00e8 hem de comunicar. Un v\u00eddeo corporatiu ha de resumir qu\u00e8 fem, quins s\u00f3n els nostres valors, objectius, missi\u00f3, visi\u00f3, etc. En definitiva, sintetitzar tot all\u00f2 que ens fa diferents a la resta dels nostres competidors. Perqu\u00e8 som el que som.<\/p>\n<p><strong>A qui va dirigit?\u00a0<\/strong><\/p>\n<p>Hi ha un v\u00eddeo per cada moment i cada perfil. I no \u00e9s el mateix un spot publicitari, que una presentaci\u00f3 per socis, treballadors, fires, distribu\u00efdors, clients finals&#8230; El llenguatge a utilitzar en cada cas \u00e9s diferent, aix\u00ed com el tipus d\u2019imatges, to, estil, etc\u00e8tera. En aquest sentit, hem\u00a0<a href=\"https:\/\/eikonos.com\/ca\/blog\/els-avantatges-del-storytelling-audiovisual-en-els-teus-videos-corporatius\/\">d&#8217;aprofitar els avantatges que ofereix el Storytelling<\/a> per explicar el nostre missatge de la manera m\u00e9s clara i directa, sempre responent al to que encaixi millor amb el nostre p\u00fablic objectiu.<\/p>\n<p><strong>Quina ser\u00e0 l&#8217;est\u00e8tica?<\/strong><\/p>\n<p>L\u2019aspecte t\u00e8cnic i narratiu del v\u00eddeo \u00e9s fonamental a l\u2019hora de transmetre qualsevol missatge. Hem de decidir l\u2019estil de les fotografies, gr\u00e0fics, animacions, m\u00fasica, colors; a m\u00e9s decidirem si donar-li un aspecte formal i serio, un to m\u00e9s desenfadat amb pinzellades d\u2019humor, omplir-lo d\u2019emocions, etc. Tot aix\u00f2 influeix a l\u2019hora de posicionar-nos d\u2019una manera o d\u2019altra en el nostre target.<\/p>\n<p><strong>A qui necessitar\u00e9?<\/strong><\/p>\n<p>La realitzaci\u00f3 de v\u00eddeos corporatius s\u2019ha convertit en pr\u00e0cticament una soluci\u00f3 audiovisual b\u00e0sica per aquelles empreses que desitgen impactar amb aut\u00e8ntiques mini-produccions que calen en la ment del seu p\u00fablic en q\u00fcesti\u00f3 de segons, i en la qual hi ha un equip hum\u00e0 i t\u00e8cnica\u00a0 l\u2019altura de qualsevol producci\u00f3 cinematogr\u00e0fica. La qualitat d\u2019aquestes petites obres est\u00e0 recolzada per un gran equip audiovisual format per experts en producci\u00f3, realitzaci\u00f3, gui\u00f3 i tot el material t\u00e8cnic d\u2019\u00faltima generaci\u00f3 necessari.<\/p>\n<p>Sense dubtes, cada detall suma. Valora el teu objectiu, amb quin pressupost comptes, en quin termini necessitaries el treball i de la resta&#8230; ens encarreguem Eikonos! <strong><em>Parlem!<\/em><\/strong><\/p>\n<p><a href=\"https:\/\/eikonos.com\/ca\/serveis\/creacio-de-continguts\/\"><img loading=\"lazy\" decoding=\"async\" class=\"aligncenter wp-image-5152 size-full\" title=\"EIKONOS Creaci\u00f3n de contenidos\" src=\"https:\/\/eikonos.com\/wp-content\/uploads\/2018\/02\/eikonos-cta-creacio-contingut-1.jpg\" alt=\"\" width=\"741\" height=\"250\" srcset=\"https:\/\/eikonos.com\/wp-content\/uploads\/2018\/02\/eikonos-cta-creacio-contingut-1.jpg 741w, https:\/\/eikonos.com\/wp-content\/uploads\/2018\/02\/eikonos-cta-creacio-contingut-1-300x101.jpg 300w\" sizes=\"auto, (max-width: 741px) 100vw, 741px\" \/><\/a><\/p>\n","protected":false},"excerpt":{"rendered":"<p>En un mercat tan saturat d\u2019oportunitats pel consumidor com el d\u2019avui en dia, les empreses&#8230;<\/p>\n","protected":false},"author":6,"featured_media":5438,"comment_status":"open","ping_status":"open","sticky":false,"template":"","format":"standard","meta":{"_acf_changed":false,"footnotes":""},"categories":[257],"tags":[352,348],"class_list":["post-5440","post","type-post","status-publish","format-standard","has-post-thumbnail","hentry","category-creacio-de-continguts","tag-edicio-de-video","tag-realitzacio-en-directe"],"acf":[],"yoast_head":"<!-- This site is optimized with the Yoast SEO plugin v26.3 - https:\/\/yoast.com\/wordpress\/plugins\/seo\/ -->\n<title>Claus per planificar el contingut d&#039;un v\u00eddeo corporatiu<\/title>\n<meta name=\"description\" content=\"Saps com un v\u00eddeo corporatiu pot ajudar-te a transmetre la teva imatge? Com d&#039;important pot arribar a ser per la teva empresa? T&#039;expliquem les claus de la realitzaci\u00f3 de v\u00eddeos corporatius en el blog d&#039;Eikonos.\" \/>\n<meta name=\"robots\" content=\"index, follow, max-snippet:-1, max-image-preview:large, max-video-preview:-1\" \/>\n<link rel=\"canonical\" href=\"https:\/\/eikonos.com\/ca\/blog\/claus-per-planificar-el-contingut-dun-video-corporatiu\/\" \/>\n<meta property=\"og:locale\" content=\"ca_ES\" \/>\n<meta property=\"og:type\" content=\"article\" \/>\n<meta property=\"og:title\" content=\"Claus per planificar el contingut d&#039;un v\u00eddeo corporatiu\" \/>\n<meta property=\"og:description\" content=\"Saps com un v\u00eddeo corporatiu pot ajudar-te a transmetre la teva imatge? Com d&#039;important pot arribar a ser per la teva empresa? T&#039;expliquem les claus de la realitzaci\u00f3 de v\u00eddeos corporatius en el blog d&#039;Eikonos.\" \/>\n<meta property=\"og:url\" content=\"https:\/\/eikonos.com\/ca\/blog\/claus-per-planificar-el-contingut-dun-video-corporatiu\/\" \/>\n<meta property=\"og:site_name\" content=\"EIKONOS\" \/>\n<meta property=\"article:publisher\" content=\"http:\/\/www.facebook.com\/pages\/Eikonos\/176324785746790\" \/>\n<meta property=\"article:published_time\" content=\"2018-04-24T08:49:41+00:00\" \/>\n<meta property=\"og:image\" content=\"https:\/\/eikonos.com\/wp-content\/uploads\/2018\/04\/EIKONOS-172-1.jpg\" \/>\n\t<meta property=\"og:image:width\" content=\"724\" \/>\n\t<meta property=\"og:image:height\" content=\"432\" \/>\n\t<meta property=\"og:image:type\" content=\"image\/jpeg\" \/>\n<meta name=\"author\" content=\"Xavi Eikonos\" \/>\n<meta name=\"twitter:card\" content=\"summary_large_image\" \/>\n<meta name=\"twitter:creator\" content=\"@eikonos_sa\" \/>\n<meta name=\"twitter:site\" content=\"@eikonos_sa\" \/>\n<meta name=\"twitter:label1\" content=\"Escrit per\" \/>\n\t<meta name=\"twitter:data1\" content=\"Xavi Eikonos\" \/>\n\t<meta name=\"twitter:label2\" content=\"Temps estimat de lectura\" \/>\n\t<meta name=\"twitter:data2\" content=\"3 minuts\" \/>\n<script type=\"application\/ld+json\" class=\"yoast-schema-graph\">{\"@context\":\"https:\/\/schema.org\",\"@graph\":[{\"@type\":\"Article\",\"@id\":\"https:\/\/eikonos.com\/ca\/blog\/claus-per-planificar-el-contingut-dun-video-corporatiu\/#article\",\"isPartOf\":{\"@id\":\"https:\/\/eikonos.com\/ca\/blog\/claus-per-planificar-el-contingut-dun-video-corporatiu\/\"},\"author\":{\"name\":\"Xavi Eikonos\",\"@id\":\"https:\/\/eikonos.com\/ca\/#\/schema\/person\/82032860cc314d826959b90595a5280a\"},\"headline\":\"Claus per planificar el contingut d\u2019un v\u00eddeo corporatiu\",\"datePublished\":\"2018-04-24T08:49:41+00:00\",\"mainEntityOfPage\":{\"@id\":\"https:\/\/eikonos.com\/ca\/blog\/claus-per-planificar-el-contingut-dun-video-corporatiu\/\"},\"wordCount\":590,\"commentCount\":0,\"publisher\":{\"@id\":\"https:\/\/eikonos.com\/ca\/#organization\"},\"image\":{\"@id\":\"https:\/\/eikonos.com\/ca\/blog\/claus-per-planificar-el-contingut-dun-video-corporatiu\/#primaryimage\"},\"thumbnailUrl\":\"https:\/\/eikonos.com\/wp-content\/uploads\/2018\/04\/EIKONOS-172-1.jpg\",\"keywords\":[\"Edici\u00f3 de v\u00eddeo\",\"Realitzaci\u00f3 en directe\"],\"articleSection\":[\"Creaci\u00f3 de continguts\"],\"inLanguage\":\"ca\",\"potentialAction\":[{\"@type\":\"CommentAction\",\"name\":\"Comment\",\"target\":[\"https:\/\/eikonos.com\/ca\/blog\/claus-per-planificar-el-contingut-dun-video-corporatiu\/#respond\"]}]},{\"@type\":\"WebPage\",\"@id\":\"https:\/\/eikonos.com\/ca\/blog\/claus-per-planificar-el-contingut-dun-video-corporatiu\/\",\"url\":\"https:\/\/eikonos.com\/ca\/blog\/claus-per-planificar-el-contingut-dun-video-corporatiu\/\",\"name\":\"Claus per planificar el contingut d'un v\u00eddeo corporatiu\",\"isPartOf\":{\"@id\":\"https:\/\/eikonos.com\/ca\/#website\"},\"primaryImageOfPage\":{\"@id\":\"https:\/\/eikonos.com\/ca\/blog\/claus-per-planificar-el-contingut-dun-video-corporatiu\/#primaryimage\"},\"image\":{\"@id\":\"https:\/\/eikonos.com\/ca\/blog\/claus-per-planificar-el-contingut-dun-video-corporatiu\/#primaryimage\"},\"thumbnailUrl\":\"https:\/\/eikonos.com\/wp-content\/uploads\/2018\/04\/EIKONOS-172-1.jpg\",\"datePublished\":\"2018-04-24T08:49:41+00:00\",\"description\":\"Saps com un v\u00eddeo corporatiu pot ajudar-te a transmetre la teva imatge? Com d'important pot arribar a ser per la teva empresa? T'expliquem les claus de la realitzaci\u00f3 de v\u00eddeos corporatius en el blog d'Eikonos.\",\"breadcrumb\":{\"@id\":\"https:\/\/eikonos.com\/ca\/blog\/claus-per-planificar-el-contingut-dun-video-corporatiu\/#breadcrumb\"},\"inLanguage\":\"ca\",\"potentialAction\":[{\"@type\":\"ReadAction\",\"target\":[\"https:\/\/eikonos.com\/ca\/blog\/claus-per-planificar-el-contingut-dun-video-corporatiu\/\"]}]},{\"@type\":\"ImageObject\",\"inLanguage\":\"ca\",\"@id\":\"https:\/\/eikonos.com\/ca\/blog\/claus-per-planificar-el-contingut-dun-video-corporatiu\/#primaryimage\",\"url\":\"https:\/\/eikonos.com\/wp-content\/uploads\/2018\/04\/EIKONOS-172-1.jpg\",\"contentUrl\":\"https:\/\/eikonos.com\/wp-content\/uploads\/2018\/04\/EIKONOS-172-1.jpg\",\"width\":724,\"height\":432,\"caption\":\"realizaci\u00f3n de videos corporativos\"},{\"@type\":\"BreadcrumbList\",\"@id\":\"https:\/\/eikonos.com\/ca\/blog\/claus-per-planificar-el-contingut-dun-video-corporatiu\/#breadcrumb\",\"itemListElement\":[{\"@type\":\"ListItem\",\"position\":1,\"name\":\"EIKONOS\",\"item\":\"https:\/\/eikonos.com\/ca\/inici\/\"},{\"@type\":\"ListItem\",\"position\":2,\"name\":\"Claus per planificar el contingut d\u2019un v\u00eddeo corporatiu\"}]},{\"@type\":\"WebSite\",\"@id\":\"https:\/\/eikonos.com\/ca\/#website\",\"url\":\"https:\/\/eikonos.com\/ca\/\",\"name\":\"EIKONOS\",\"description\":\"EXPERIENCIA AUDIOVISUAL\",\"publisher\":{\"@id\":\"https:\/\/eikonos.com\/ca\/#organization\"},\"potentialAction\":[{\"@type\":\"SearchAction\",\"target\":{\"@type\":\"EntryPoint\",\"urlTemplate\":\"https:\/\/eikonos.com\/ca\/?s={search_term_string}\"},\"query-input\":{\"@type\":\"PropertyValueSpecification\",\"valueRequired\":true,\"valueName\":\"search_term_string\"}}],\"inLanguage\":\"ca\"},{\"@type\":\"Organization\",\"@id\":\"https:\/\/eikonos.com\/ca\/#organization\",\"name\":\"EIKONOS | Servicios Audiovisuales, eventos y alquiler de equipos\",\"url\":\"https:\/\/eikonos.com\/ca\/\",\"logo\":{\"@type\":\"ImageObject\",\"inLanguage\":\"ca\",\"@id\":\"https:\/\/eikonos.com\/ca\/#\/schema\/logo\/image\/\",\"url\":\"https:\/\/eikonos.com\/wp-content\/uploads\/2020\/08\/logo-color.png\",\"contentUrl\":\"https:\/\/eikonos.com\/wp-content\/uploads\/2020\/08\/logo-color.png\",\"width\":376,\"height\":122,\"caption\":\"EIKONOS | Servicios Audiovisuales, eventos y alquiler de equipos\"},\"image\":{\"@id\":\"https:\/\/eikonos.com\/ca\/#\/schema\/logo\/image\/\"},\"sameAs\":[\"http:\/\/www.facebook.com\/pages\/Eikonos\/176324785746790\",\"https:\/\/x.com\/eikonos_sa\",\"http:\/\/www.linkedin.com\/company\/eikonos\",\"http:\/\/www.youtube.com\/channel\/UC8wcizWaAYbfsuqVf9wIT6w\"]},{\"@type\":\"Person\",\"@id\":\"https:\/\/eikonos.com\/ca\/#\/schema\/person\/82032860cc314d826959b90595a5280a\",\"name\":\"Xavi Eikonos\",\"image\":{\"@type\":\"ImageObject\",\"inLanguage\":\"ca\",\"@id\":\"https:\/\/eikonos.com\/ca\/#\/schema\/person\/image\/\",\"url\":\"https:\/\/secure.gravatar.com\/avatar\/a6c6b51dd0ac6902701aab24a914f6febe1518f94a5ae06db08b3d6107248dfd?s=96&d=mm&r=g\",\"contentUrl\":\"https:\/\/secure.gravatar.com\/avatar\/a6c6b51dd0ac6902701aab24a914f6febe1518f94a5ae06db08b3d6107248dfd?s=96&d=mm&r=g\",\"caption\":\"Xavi Eikonos\"}}]}<\/script>\n<!-- \/ Yoast SEO plugin. -->","yoast_head_json":{"title":"Claus per planificar el contingut d'un v\u00eddeo corporatiu","description":"Saps com un v\u00eddeo corporatiu pot ajudar-te a transmetre la teva imatge? Com d'important pot arribar a ser per la teva empresa? T'expliquem les claus de la realitzaci\u00f3 de v\u00eddeos corporatius en el blog d'Eikonos.","robots":{"index":"index","follow":"follow","max-snippet":"max-snippet:-1","max-image-preview":"max-image-preview:large","max-video-preview":"max-video-preview:-1"},"canonical":"https:\/\/eikonos.com\/ca\/blog\/claus-per-planificar-el-contingut-dun-video-corporatiu\/","og_locale":"ca_ES","og_type":"article","og_title":"Claus per planificar el contingut d'un v\u00eddeo corporatiu","og_description":"Saps com un v\u00eddeo corporatiu pot ajudar-te a transmetre la teva imatge? Com d'important pot arribar a ser per la teva empresa? T'expliquem les claus de la realitzaci\u00f3 de v\u00eddeos corporatius en el blog d'Eikonos.","og_url":"https:\/\/eikonos.com\/ca\/blog\/claus-per-planificar-el-contingut-dun-video-corporatiu\/","og_site_name":"EIKONOS","article_publisher":"http:\/\/www.facebook.com\/pages\/Eikonos\/176324785746790","article_published_time":"2018-04-24T08:49:41+00:00","og_image":[{"width":724,"height":432,"url":"https:\/\/eikonos.com\/wp-content\/uploads\/2018\/04\/EIKONOS-172-1.jpg","type":"image\/jpeg"}],"author":"Xavi Eikonos","twitter_card":"summary_large_image","twitter_creator":"@eikonos_sa","twitter_site":"@eikonos_sa","twitter_misc":{"Escrit per":"Xavi Eikonos","Temps estimat de lectura":"3 minuts"},"schema":{"@context":"https:\/\/schema.org","@graph":[{"@type":"Article","@id":"https:\/\/eikonos.com\/ca\/blog\/claus-per-planificar-el-contingut-dun-video-corporatiu\/#article","isPartOf":{"@id":"https:\/\/eikonos.com\/ca\/blog\/claus-per-planificar-el-contingut-dun-video-corporatiu\/"},"author":{"name":"Xavi Eikonos","@id":"https:\/\/eikonos.com\/ca\/#\/schema\/person\/82032860cc314d826959b90595a5280a"},"headline":"Claus per planificar el contingut d\u2019un v\u00eddeo corporatiu","datePublished":"2018-04-24T08:49:41+00:00","mainEntityOfPage":{"@id":"https:\/\/eikonos.com\/ca\/blog\/claus-per-planificar-el-contingut-dun-video-corporatiu\/"},"wordCount":590,"commentCount":0,"publisher":{"@id":"https:\/\/eikonos.com\/ca\/#organization"},"image":{"@id":"https:\/\/eikonos.com\/ca\/blog\/claus-per-planificar-el-contingut-dun-video-corporatiu\/#primaryimage"},"thumbnailUrl":"https:\/\/eikonos.com\/wp-content\/uploads\/2018\/04\/EIKONOS-172-1.jpg","keywords":["Edici\u00f3 de v\u00eddeo","Realitzaci\u00f3 en directe"],"articleSection":["Creaci\u00f3 de continguts"],"inLanguage":"ca","potentialAction":[{"@type":"CommentAction","name":"Comment","target":["https:\/\/eikonos.com\/ca\/blog\/claus-per-planificar-el-contingut-dun-video-corporatiu\/#respond"]}]},{"@type":"WebPage","@id":"https:\/\/eikonos.com\/ca\/blog\/claus-per-planificar-el-contingut-dun-video-corporatiu\/","url":"https:\/\/eikonos.com\/ca\/blog\/claus-per-planificar-el-contingut-dun-video-corporatiu\/","name":"Claus per planificar el contingut d'un v\u00eddeo corporatiu","isPartOf":{"@id":"https:\/\/eikonos.com\/ca\/#website"},"primaryImageOfPage":{"@id":"https:\/\/eikonos.com\/ca\/blog\/claus-per-planificar-el-contingut-dun-video-corporatiu\/#primaryimage"},"image":{"@id":"https:\/\/eikonos.com\/ca\/blog\/claus-per-planificar-el-contingut-dun-video-corporatiu\/#primaryimage"},"thumbnailUrl":"https:\/\/eikonos.com\/wp-content\/uploads\/2018\/04\/EIKONOS-172-1.jpg","datePublished":"2018-04-24T08:49:41+00:00","description":"Saps com un v\u00eddeo corporatiu pot ajudar-te a transmetre la teva imatge? Com d'important pot arribar a ser per la teva empresa? T'expliquem les claus de la realitzaci\u00f3 de v\u00eddeos corporatius en el blog d'Eikonos.","breadcrumb":{"@id":"https:\/\/eikonos.com\/ca\/blog\/claus-per-planificar-el-contingut-dun-video-corporatiu\/#breadcrumb"},"inLanguage":"ca","potentialAction":[{"@type":"ReadAction","target":["https:\/\/eikonos.com\/ca\/blog\/claus-per-planificar-el-contingut-dun-video-corporatiu\/"]}]},{"@type":"ImageObject","inLanguage":"ca","@id":"https:\/\/eikonos.com\/ca\/blog\/claus-per-planificar-el-contingut-dun-video-corporatiu\/#primaryimage","url":"https:\/\/eikonos.com\/wp-content\/uploads\/2018\/04\/EIKONOS-172-1.jpg","contentUrl":"https:\/\/eikonos.com\/wp-content\/uploads\/2018\/04\/EIKONOS-172-1.jpg","width":724,"height":432,"caption":"realizaci\u00f3n de videos corporativos"},{"@type":"BreadcrumbList","@id":"https:\/\/eikonos.com\/ca\/blog\/claus-per-planificar-el-contingut-dun-video-corporatiu\/#breadcrumb","itemListElement":[{"@type":"ListItem","position":1,"name":"EIKONOS","item":"https:\/\/eikonos.com\/ca\/inici\/"},{"@type":"ListItem","position":2,"name":"Claus per planificar el contingut d\u2019un v\u00eddeo corporatiu"}]},{"@type":"WebSite","@id":"https:\/\/eikonos.com\/ca\/#website","url":"https:\/\/eikonos.com\/ca\/","name":"EIKONOS","description":"EXPERIENCIA AUDIOVISUAL","publisher":{"@id":"https:\/\/eikonos.com\/ca\/#organization"},"potentialAction":[{"@type":"SearchAction","target":{"@type":"EntryPoint","urlTemplate":"https:\/\/eikonos.com\/ca\/?s={search_term_string}"},"query-input":{"@type":"PropertyValueSpecification","valueRequired":true,"valueName":"search_term_string"}}],"inLanguage":"ca"},{"@type":"Organization","@id":"https:\/\/eikonos.com\/ca\/#organization","name":"EIKONOS | Servicios Audiovisuales, eventos y alquiler de equipos","url":"https:\/\/eikonos.com\/ca\/","logo":{"@type":"ImageObject","inLanguage":"ca","@id":"https:\/\/eikonos.com\/ca\/#\/schema\/logo\/image\/","url":"https:\/\/eikonos.com\/wp-content\/uploads\/2020\/08\/logo-color.png","contentUrl":"https:\/\/eikonos.com\/wp-content\/uploads\/2020\/08\/logo-color.png","width":376,"height":122,"caption":"EIKONOS | Servicios Audiovisuales, eventos y alquiler de equipos"},"image":{"@id":"https:\/\/eikonos.com\/ca\/#\/schema\/logo\/image\/"},"sameAs":["http:\/\/www.facebook.com\/pages\/Eikonos\/176324785746790","https:\/\/x.com\/eikonos_sa","http:\/\/www.linkedin.com\/company\/eikonos","http:\/\/www.youtube.com\/channel\/UC8wcizWaAYbfsuqVf9wIT6w"]},{"@type":"Person","@id":"https:\/\/eikonos.com\/ca\/#\/schema\/person\/82032860cc314d826959b90595a5280a","name":"Xavi Eikonos","image":{"@type":"ImageObject","inLanguage":"ca","@id":"https:\/\/eikonos.com\/ca\/#\/schema\/person\/image\/","url":"https:\/\/secure.gravatar.com\/avatar\/a6c6b51dd0ac6902701aab24a914f6febe1518f94a5ae06db08b3d6107248dfd?s=96&d=mm&r=g","contentUrl":"https:\/\/secure.gravatar.com\/avatar\/a6c6b51dd0ac6902701aab24a914f6febe1518f94a5ae06db08b3d6107248dfd?s=96&d=mm&r=g","caption":"Xavi Eikonos"}}]}},"_links":{"self":[{"href":"https:\/\/eikonos.com\/ca\/wp-json\/wp\/v2\/posts\/5440","targetHints":{"allow":["GET"]}}],"collection":[{"href":"https:\/\/eikonos.com\/ca\/wp-json\/wp\/v2\/posts"}],"about":[{"href":"https:\/\/eikonos.com\/ca\/wp-json\/wp\/v2\/types\/post"}],"author":[{"embeddable":true,"href":"https:\/\/eikonos.com\/ca\/wp-json\/wp\/v2\/users\/6"}],"replies":[{"embeddable":true,"href":"https:\/\/eikonos.com\/ca\/wp-json\/wp\/v2\/comments?post=5440"}],"version-history":[{"count":0,"href":"https:\/\/eikonos.com\/ca\/wp-json\/wp\/v2\/posts\/5440\/revisions"}],"wp:featuredmedia":[{"embeddable":true,"href":"https:\/\/eikonos.com\/ca\/wp-json\/wp\/v2\/media\/5438"}],"wp:attachment":[{"href":"https:\/\/eikonos.com\/ca\/wp-json\/wp\/v2\/media?parent=5440"}],"wp:term":[{"taxonomy":"category","embeddable":true,"href":"https:\/\/eikonos.com\/ca\/wp-json\/wp\/v2\/categories?post=5440"},{"taxonomy":"post_tag","embeddable":true,"href":"https:\/\/eikonos.com\/ca\/wp-json\/wp\/v2\/tags?post=5440"}],"curies":[{"name":"wp","href":"https:\/\/api.w.org\/{rel}","templated":true}]}}