{"id":5390,"date":"2018-03-13T13:38:16","date_gmt":"2018-03-13T12:38:16","guid":{"rendered":"http:\/\/eikonos.com\/blog\/por-que-organizar-un-evento-corporativo-es-una-herramienta-de-gran-valor\/"},"modified":"2018-03-13T13:38:16","modified_gmt":"2018-03-13T12:38:16","slug":"per-que-organitzar-un-esdeveniment-corporatiu-es-una-eina-de-gran-valor","status":"publish","type":"post","link":"https:\/\/eikonos.com\/ca\/blog\/per-que-organitzar-un-esdeveniment-corporatiu-es-una-eina-de-gran-valor\/","title":{"rendered":"Per qu\u00e8 organitzar un esdeveniment corporatiu \u00e9s una eina de gran valor"},"content":{"rendered":"<p>Els esdeveniments corporatius s\u00f3n un moment especial per mostrar al m\u00f3n com \u00e9s la nostra empresa. Els enfocament que li podem donar s\u00f3n tan amplis com el que ens permeti la nostra imaginaci\u00f3&#8230; i pressupost. Poden anar dirigits a treballadors, socis, prove\u00efdors, distribu\u00efdors o clients.<\/p>\n<p><a href=\"https:\/\/eikonos.com\/ca\/serveis\/esdeveniments-audiovisuals\/\">Organitzar un esdeveniment corporatiu<\/a> no t\u00e9 res de senzill, per\u00f2 s\u00ed moltes oportunitats que hem de con\u00e8ixer si les volem aprofitar. Descobreix com la tecnologia ha impulsat en gran mesura a que les reunions d\u2019empreses hagin canviat per sempre.<\/p>\n<h2><span style=\"color: #ff0000;\">Com treure el m\u00e0xim partit a un esdeveniment corporatiu<\/span><\/h2>\n<ul>\n<li><span style=\"color: #ff0000;\"><strong>Presenta o treu al mercat un nou producte, servei, idea\u00a0<\/strong><\/span><\/li>\n<\/ul>\n<p>Els esdeveniments corporatius t\u2019ajuden a posicionar-te en el teu sector amb la millor cara, com un\u00a0<a href=\"https:\/\/eikonos.com\/ca\/portfolio_page\/stands\/\">gran stand en una fira<\/a>. No pensis en una cosa est\u00e0tica si no en com completar la teva imatge corporativa temporal en un esdeveniment amb solucions audiovisuals d\u2019\u00faltima generaci\u00f3 que realment impactin al visitant i captin l\u2019atenci\u00f3 del teu p\u00fablic. Sorpr\u00e8n i ofereix una imatge d\u2019innovaci\u00f3 que tan bon feeling genera. Les pantalles de LED, els videowalls i els espais destinats a demostracions de productes s\u00f3n algunes opcions.<\/p>\n<ul>\n<li><span style=\"color: #ff0000;\"><strong>Crea una millor experi\u00e8ncia de marca<\/strong><\/span><\/li>\n<\/ul>\n<p>La organitzaci\u00f3 d\u2019aquestes activitats tamb\u00e9 passa pel entreteniment i diversi\u00f3 aix\u00ed com la interacci\u00f3 directa amb els clients, que es sentiran m\u00e9s compromesos amb la nostra marca. La realitat augmentada \u00e9s una de les millors opcions en aquests casos. A m\u00e9s, moltes persones encara no l\u2019han pogut experimentar, pel que es trobaran en la teva empresa aquesta primera oportunitat per estar en contacte amb aquesta nova tecnologia.<\/p>\n<ul>\n<li><span style=\"color: #ff0000;\"><strong>Integra als assistents\u00a0<\/strong><\/span><\/li>\n<\/ul>\n<p>Un altre aspecte important \u00e9s el fet d\u2019integrar al nostre visitant o p\u00fablic fent que sigui part\u00edcip i c\u00f2mplice de la difusi\u00f3 de la nostra marca. Un clar exemple s\u00f3n els jocs interactius en els que els participants poden arribar a compartir els resultats o el premi que han aconseguit a trav\u00e9s de les xarxes socials, aconseguint d\u2019aquesta manera viralitzar l\u2019esdeveniment.<\/p>\n<ul>\n<li><span style=\"color: #ff0000;\"><strong>Multiplica la teva visibilitat<\/strong><\/span><\/li>\n<\/ul>\n<p>No limitis el teu esdeveniment a un recinte tancat. El streaming i les diferents opcions d\u2019emissi\u00f3 en directe fan que cada moment sigui universal. Pots aprofitar sinergies. Per exemple, acudir a un esdeveniment mundial com el <a href=\"https:\/\/eikonos.com\/ca\/blog\/eikonos-al-mobile-world-congress\/\"><em>Mobile World Congress<\/em>\u00a0i<\/a> aprofitar la ocasi\u00f3 per presentar les teves novetats i fer que la teva marca es converteixi en global, planificant-ho amb antelaci\u00f3.<\/p>\n<p>&nbsp;<\/p>\n<h2><span style=\"color: #ff0000;\">Planifica l&#8217;esdeveniment amb temps i compta amb els millors professionals<\/span><\/h2>\n<p>Darrere d\u2019un gran moment, hi ha un gran equip. No \u00e9s casualitat. De fet, desconfia de qui et \u201cvengui\u201d que tot \u00e9s f\u00e0cil, perqu\u00e8 no ho \u00e9s.<\/p>\n<p>Diposita la teva confian\u00e7a en aquella que comptin amb anys d\u2019experi\u00e8ncia en el sector audiovisual i s\u00e0piguen planificar i organitzar de manera personalitzada cada projecte audiovisual. Nom\u00e9s ells sabran explotar el m\u00e0xim potencial de l\u2019esdeveniment.<\/p>\n<p>T\u2019agradaria comptar amb el millor suport t\u00e8cnic audiovisual que t\u2019ajudi a organitzar un esdeveniment corporatiu i aconsegueixis una experi\u00e8ncia memorable? <strong><em>Parlem!<\/em><\/strong><\/p>\n<p><a href=\"https:\/\/eikonos.com\/ca\/serveis\/esdeveniments-audiovisuals\/\"><img loading=\"lazy\" decoding=\"async\" class=\"aligncenter wp-image-4120 size-full\" title=\"EIKONOS servicios audiovisuales para eventos\" src=\"https:\/\/eikonos.com\/wp-content\/uploads\/2017\/05\/eikonos-cta-organitzacio-esdeveniments-audiovisuals.png\" alt=\"EIKONOS serveis audiovisuals per a esdeveniments\" width=\"741\" height=\"250\" srcset=\"https:\/\/eikonos.com\/wp-content\/uploads\/2017\/05\/eikonos-cta-organitzacio-esdeveniments-audiovisuals.png 741w, https:\/\/eikonos.com\/wp-content\/uploads\/2017\/05\/eikonos-cta-organitzacio-esdeveniments-audiovisuals-300x101.png 300w\" sizes=\"auto, (max-width: 741px) 100vw, 741px\" \/><\/a><\/p>\n","protected":false},"excerpt":{"rendered":"<p>Els esdeveniments corporatius s\u00f3n un moment especial per mostrar al m\u00f3n com \u00e9s la nostra&#8230;<\/p>\n","protected":false},"author":6,"featured_media":5316,"comment_status":"open","ping_status":"open","sticky":false,"template":"","format":"standard","meta":{"_acf_changed":false,"footnotes":""},"categories":[260],"tags":[334],"class_list":["post-5390","post","type-post","status-publish","format-standard","has-post-thumbnail","hentry","category-esdeveniments-audiovisuals","tag-organitzacio-desdeveniments"],"acf":[],"yoast_head":"<!-- This site is optimized with the Yoast SEO plugin v26.3 - https:\/\/yoast.com\/wordpress\/plugins\/seo\/ -->\n<title>Organitzar un esdeveniment corporatiu: una eina de gran valor<\/title>\n<meta name=\"description\" content=\"Sabem que organitzar un esdeveniment corporatiu \u00e9s una tasca complexa que requereix una gran planificaci\u00f3 i organitzaci\u00f3. Avui t&#039;expliquem com treure el m\u00e0xim partit per assegurar l&#039;\u00e8xit.\" \/>\n<meta name=\"robots\" content=\"index, follow, max-snippet:-1, max-image-preview:large, max-video-preview:-1\" \/>\n<link rel=\"canonical\" href=\"https:\/\/eikonos.com\/ca\/blog\/per-que-organitzar-un-esdeveniment-corporatiu-es-una-eina-de-gran-valor\/\" \/>\n<meta property=\"og:locale\" content=\"ca_ES\" \/>\n<meta property=\"og:type\" content=\"article\" \/>\n<meta property=\"og:title\" content=\"Organitzar un esdeveniment corporatiu: una eina de gran valor\" \/>\n<meta property=\"og:description\" content=\"Sabem que organitzar un esdeveniment corporatiu \u00e9s una tasca complexa que requereix una gran planificaci\u00f3 i organitzaci\u00f3. Avui t&#039;expliquem com treure el m\u00e0xim partit per assegurar l&#039;\u00e8xit.\" \/>\n<meta property=\"og:url\" content=\"https:\/\/eikonos.com\/ca\/blog\/per-que-organitzar-un-esdeveniment-corporatiu-es-una-eina-de-gran-valor\/\" \/>\n<meta property=\"og:site_name\" content=\"EIKONOS\" \/>\n<meta property=\"article:publisher\" content=\"http:\/\/www.facebook.com\/pages\/Eikonos\/176324785746790\" \/>\n<meta property=\"article:published_time\" content=\"2018-03-13T12:38:16+00:00\" \/>\n<meta property=\"og:image\" content=\"https:\/\/eikonos.com\/wp-content\/uploads\/2018\/03\/Stand-Ooredoo-MWC18-Eikonos-Audiovisuales-PantallasLED-iluminacion-videowall-plasmas-8-1.png\" \/>\n\t<meta property=\"og:image:width\" content=\"713\" \/>\n\t<meta property=\"og:image:height\" content=\"401\" \/>\n\t<meta property=\"og:image:type\" content=\"image\/png\" \/>\n<meta name=\"author\" content=\"Xavi Eikonos\" \/>\n<meta name=\"twitter:card\" content=\"summary_large_image\" \/>\n<meta name=\"twitter:creator\" content=\"@eikonos_sa\" \/>\n<meta name=\"twitter:site\" content=\"@eikonos_sa\" \/>\n<meta name=\"twitter:label1\" content=\"Escrit per\" \/>\n\t<meta name=\"twitter:data1\" content=\"Xavi Eikonos\" \/>\n\t<meta name=\"twitter:label2\" content=\"Temps estimat de lectura\" \/>\n\t<meta name=\"twitter:data2\" content=\"3 minuts\" \/>\n<script type=\"application\/ld+json\" class=\"yoast-schema-graph\">{\"@context\":\"https:\/\/schema.org\",\"@graph\":[{\"@type\":\"Article\",\"@id\":\"https:\/\/eikonos.com\/ca\/blog\/per-que-organitzar-un-esdeveniment-corporatiu-es-una-eina-de-gran-valor\/#article\",\"isPartOf\":{\"@id\":\"https:\/\/eikonos.com\/ca\/blog\/per-que-organitzar-un-esdeveniment-corporatiu-es-una-eina-de-gran-valor\/\"},\"author\":{\"name\":\"Xavi Eikonos\",\"@id\":\"https:\/\/eikonos.com\/ca\/#\/schema\/person\/82032860cc314d826959b90595a5280a\"},\"headline\":\"Per qu\u00e8 organitzar un esdeveniment corporatiu \u00e9s una eina de gran valor\",\"datePublished\":\"2018-03-13T12:38:16+00:00\",\"mainEntityOfPage\":{\"@id\":\"https:\/\/eikonos.com\/ca\/blog\/per-que-organitzar-un-esdeveniment-corporatiu-es-una-eina-de-gran-valor\/\"},\"wordCount\":539,\"commentCount\":0,\"publisher\":{\"@id\":\"https:\/\/eikonos.com\/ca\/#organization\"},\"image\":{\"@id\":\"https:\/\/eikonos.com\/ca\/blog\/per-que-organitzar-un-esdeveniment-corporatiu-es-una-eina-de-gran-valor\/#primaryimage\"},\"thumbnailUrl\":\"https:\/\/eikonos.com\/wp-content\/uploads\/2018\/03\/Stand-Ooredoo-MWC18-Eikonos-Audiovisuales-PantallasLED-iluminacion-videowall-plasmas-8-1.png\",\"keywords\":[\"Organitzaci\u00f3 d'esdeveniments\"],\"articleSection\":[\"Esdeveniments audiovisuals\"],\"inLanguage\":\"ca\",\"potentialAction\":[{\"@type\":\"CommentAction\",\"name\":\"Comment\",\"target\":[\"https:\/\/eikonos.com\/ca\/blog\/per-que-organitzar-un-esdeveniment-corporatiu-es-una-eina-de-gran-valor\/#respond\"]}]},{\"@type\":\"WebPage\",\"@id\":\"https:\/\/eikonos.com\/ca\/blog\/per-que-organitzar-un-esdeveniment-corporatiu-es-una-eina-de-gran-valor\/\",\"url\":\"https:\/\/eikonos.com\/ca\/blog\/per-que-organitzar-un-esdeveniment-corporatiu-es-una-eina-de-gran-valor\/\",\"name\":\"Organitzar un esdeveniment corporatiu: una eina de gran valor\",\"isPartOf\":{\"@id\":\"https:\/\/eikonos.com\/ca\/#website\"},\"primaryImageOfPage\":{\"@id\":\"https:\/\/eikonos.com\/ca\/blog\/per-que-organitzar-un-esdeveniment-corporatiu-es-una-eina-de-gran-valor\/#primaryimage\"},\"image\":{\"@id\":\"https:\/\/eikonos.com\/ca\/blog\/per-que-organitzar-un-esdeveniment-corporatiu-es-una-eina-de-gran-valor\/#primaryimage\"},\"thumbnailUrl\":\"https:\/\/eikonos.com\/wp-content\/uploads\/2018\/03\/Stand-Ooredoo-MWC18-Eikonos-Audiovisuales-PantallasLED-iluminacion-videowall-plasmas-8-1.png\",\"datePublished\":\"2018-03-13T12:38:16+00:00\",\"description\":\"Sabem que organitzar un esdeveniment corporatiu \u00e9s una tasca complexa que requereix una gran planificaci\u00f3 i organitzaci\u00f3. Avui t'expliquem com treure el m\u00e0xim partit per assegurar l'\u00e8xit.\",\"breadcrumb\":{\"@id\":\"https:\/\/eikonos.com\/ca\/blog\/per-que-organitzar-un-esdeveniment-corporatiu-es-una-eina-de-gran-valor\/#breadcrumb\"},\"inLanguage\":\"ca\",\"potentialAction\":[{\"@type\":\"ReadAction\",\"target\":[\"https:\/\/eikonos.com\/ca\/blog\/per-que-organitzar-un-esdeveniment-corporatiu-es-una-eina-de-gran-valor\/\"]}]},{\"@type\":\"ImageObject\",\"inLanguage\":\"ca\",\"@id\":\"https:\/\/eikonos.com\/ca\/blog\/per-que-organitzar-un-esdeveniment-corporatiu-es-una-eina-de-gran-valor\/#primaryimage\",\"url\":\"https:\/\/eikonos.com\/wp-content\/uploads\/2018\/03\/Stand-Ooredoo-MWC18-Eikonos-Audiovisuales-PantallasLED-iluminacion-videowall-plasmas-8-1.png\",\"contentUrl\":\"https:\/\/eikonos.com\/wp-content\/uploads\/2018\/03\/Stand-Ooredoo-MWC18-Eikonos-Audiovisuales-PantallasLED-iluminacion-videowall-plasmas-8-1.png\",\"width\":713,\"height\":401},{\"@type\":\"BreadcrumbList\",\"@id\":\"https:\/\/eikonos.com\/ca\/blog\/per-que-organitzar-un-esdeveniment-corporatiu-es-una-eina-de-gran-valor\/#breadcrumb\",\"itemListElement\":[{\"@type\":\"ListItem\",\"position\":1,\"name\":\"EIKONOS\",\"item\":\"https:\/\/eikonos.com\/ca\/inici\/\"},{\"@type\":\"ListItem\",\"position\":2,\"name\":\"Per qu\u00e8 organitzar un esdeveniment corporatiu \u00e9s una eina de gran valor\"}]},{\"@type\":\"WebSite\",\"@id\":\"https:\/\/eikonos.com\/ca\/#website\",\"url\":\"https:\/\/eikonos.com\/ca\/\",\"name\":\"EIKONOS\",\"description\":\"EXPERIENCIA AUDIOVISUAL\",\"publisher\":{\"@id\":\"https:\/\/eikonos.com\/ca\/#organization\"},\"potentialAction\":[{\"@type\":\"SearchAction\",\"target\":{\"@type\":\"EntryPoint\",\"urlTemplate\":\"https:\/\/eikonos.com\/ca\/?s={search_term_string}\"},\"query-input\":{\"@type\":\"PropertyValueSpecification\",\"valueRequired\":true,\"valueName\":\"search_term_string\"}}],\"inLanguage\":\"ca\"},{\"@type\":\"Organization\",\"@id\":\"https:\/\/eikonos.com\/ca\/#organization\",\"name\":\"EIKONOS | Servicios Audiovisuales, eventos y alquiler de equipos\",\"url\":\"https:\/\/eikonos.com\/ca\/\",\"logo\":{\"@type\":\"ImageObject\",\"inLanguage\":\"ca\",\"@id\":\"https:\/\/eikonos.com\/ca\/#\/schema\/logo\/image\/\",\"url\":\"https:\/\/eikonos.com\/wp-content\/uploads\/2020\/08\/logo-color.png\",\"contentUrl\":\"https:\/\/eikonos.com\/wp-content\/uploads\/2020\/08\/logo-color.png\",\"width\":376,\"height\":122,\"caption\":\"EIKONOS | Servicios Audiovisuales, eventos y alquiler de equipos\"},\"image\":{\"@id\":\"https:\/\/eikonos.com\/ca\/#\/schema\/logo\/image\/\"},\"sameAs\":[\"http:\/\/www.facebook.com\/pages\/Eikonos\/176324785746790\",\"https:\/\/x.com\/eikonos_sa\",\"http:\/\/www.linkedin.com\/company\/eikonos\",\"http:\/\/www.youtube.com\/channel\/UC8wcizWaAYbfsuqVf9wIT6w\"]},{\"@type\":\"Person\",\"@id\":\"https:\/\/eikonos.com\/ca\/#\/schema\/person\/82032860cc314d826959b90595a5280a\",\"name\":\"Xavi Eikonos\",\"image\":{\"@type\":\"ImageObject\",\"inLanguage\":\"ca\",\"@id\":\"https:\/\/eikonos.com\/ca\/#\/schema\/person\/image\/\",\"url\":\"https:\/\/secure.gravatar.com\/avatar\/a6c6b51dd0ac6902701aab24a914f6febe1518f94a5ae06db08b3d6107248dfd?s=96&d=mm&r=g\",\"contentUrl\":\"https:\/\/secure.gravatar.com\/avatar\/a6c6b51dd0ac6902701aab24a914f6febe1518f94a5ae06db08b3d6107248dfd?s=96&d=mm&r=g\",\"caption\":\"Xavi Eikonos\"}}]}<\/script>\n<!-- \/ Yoast SEO plugin. -->","yoast_head_json":{"title":"Organitzar un esdeveniment corporatiu: una eina de gran valor","description":"Sabem que organitzar un esdeveniment corporatiu \u00e9s una tasca complexa que requereix una gran planificaci\u00f3 i organitzaci\u00f3. Avui t'expliquem com treure el m\u00e0xim partit per assegurar l'\u00e8xit.","robots":{"index":"index","follow":"follow","max-snippet":"max-snippet:-1","max-image-preview":"max-image-preview:large","max-video-preview":"max-video-preview:-1"},"canonical":"https:\/\/eikonos.com\/ca\/blog\/per-que-organitzar-un-esdeveniment-corporatiu-es-una-eina-de-gran-valor\/","og_locale":"ca_ES","og_type":"article","og_title":"Organitzar un esdeveniment corporatiu: una eina de gran valor","og_description":"Sabem que organitzar un esdeveniment corporatiu \u00e9s una tasca complexa que requereix una gran planificaci\u00f3 i organitzaci\u00f3. Avui t'expliquem com treure el m\u00e0xim partit per assegurar l'\u00e8xit.","og_url":"https:\/\/eikonos.com\/ca\/blog\/per-que-organitzar-un-esdeveniment-corporatiu-es-una-eina-de-gran-valor\/","og_site_name":"EIKONOS","article_publisher":"http:\/\/www.facebook.com\/pages\/Eikonos\/176324785746790","article_published_time":"2018-03-13T12:38:16+00:00","og_image":[{"width":713,"height":401,"url":"https:\/\/eikonos.com\/wp-content\/uploads\/2018\/03\/Stand-Ooredoo-MWC18-Eikonos-Audiovisuales-PantallasLED-iluminacion-videowall-plasmas-8-1.png","type":"image\/png"}],"author":"Xavi Eikonos","twitter_card":"summary_large_image","twitter_creator":"@eikonos_sa","twitter_site":"@eikonos_sa","twitter_misc":{"Escrit per":"Xavi Eikonos","Temps estimat de lectura":"3 minuts"},"schema":{"@context":"https:\/\/schema.org","@graph":[{"@type":"Article","@id":"https:\/\/eikonos.com\/ca\/blog\/per-que-organitzar-un-esdeveniment-corporatiu-es-una-eina-de-gran-valor\/#article","isPartOf":{"@id":"https:\/\/eikonos.com\/ca\/blog\/per-que-organitzar-un-esdeveniment-corporatiu-es-una-eina-de-gran-valor\/"},"author":{"name":"Xavi Eikonos","@id":"https:\/\/eikonos.com\/ca\/#\/schema\/person\/82032860cc314d826959b90595a5280a"},"headline":"Per qu\u00e8 organitzar un esdeveniment corporatiu \u00e9s una eina de gran valor","datePublished":"2018-03-13T12:38:16+00:00","mainEntityOfPage":{"@id":"https:\/\/eikonos.com\/ca\/blog\/per-que-organitzar-un-esdeveniment-corporatiu-es-una-eina-de-gran-valor\/"},"wordCount":539,"commentCount":0,"publisher":{"@id":"https:\/\/eikonos.com\/ca\/#organization"},"image":{"@id":"https:\/\/eikonos.com\/ca\/blog\/per-que-organitzar-un-esdeveniment-corporatiu-es-una-eina-de-gran-valor\/#primaryimage"},"thumbnailUrl":"https:\/\/eikonos.com\/wp-content\/uploads\/2018\/03\/Stand-Ooredoo-MWC18-Eikonos-Audiovisuales-PantallasLED-iluminacion-videowall-plasmas-8-1.png","keywords":["Organitzaci\u00f3 d'esdeveniments"],"articleSection":["Esdeveniments audiovisuals"],"inLanguage":"ca","potentialAction":[{"@type":"CommentAction","name":"Comment","target":["https:\/\/eikonos.com\/ca\/blog\/per-que-organitzar-un-esdeveniment-corporatiu-es-una-eina-de-gran-valor\/#respond"]}]},{"@type":"WebPage","@id":"https:\/\/eikonos.com\/ca\/blog\/per-que-organitzar-un-esdeveniment-corporatiu-es-una-eina-de-gran-valor\/","url":"https:\/\/eikonos.com\/ca\/blog\/per-que-organitzar-un-esdeveniment-corporatiu-es-una-eina-de-gran-valor\/","name":"Organitzar un esdeveniment corporatiu: una eina de gran valor","isPartOf":{"@id":"https:\/\/eikonos.com\/ca\/#website"},"primaryImageOfPage":{"@id":"https:\/\/eikonos.com\/ca\/blog\/per-que-organitzar-un-esdeveniment-corporatiu-es-una-eina-de-gran-valor\/#primaryimage"},"image":{"@id":"https:\/\/eikonos.com\/ca\/blog\/per-que-organitzar-un-esdeveniment-corporatiu-es-una-eina-de-gran-valor\/#primaryimage"},"thumbnailUrl":"https:\/\/eikonos.com\/wp-content\/uploads\/2018\/03\/Stand-Ooredoo-MWC18-Eikonos-Audiovisuales-PantallasLED-iluminacion-videowall-plasmas-8-1.png","datePublished":"2018-03-13T12:38:16+00:00","description":"Sabem que organitzar un esdeveniment corporatiu \u00e9s una tasca complexa que requereix una gran planificaci\u00f3 i organitzaci\u00f3. Avui t'expliquem com treure el m\u00e0xim partit per assegurar l'\u00e8xit.","breadcrumb":{"@id":"https:\/\/eikonos.com\/ca\/blog\/per-que-organitzar-un-esdeveniment-corporatiu-es-una-eina-de-gran-valor\/#breadcrumb"},"inLanguage":"ca","potentialAction":[{"@type":"ReadAction","target":["https:\/\/eikonos.com\/ca\/blog\/per-que-organitzar-un-esdeveniment-corporatiu-es-una-eina-de-gran-valor\/"]}]},{"@type":"ImageObject","inLanguage":"ca","@id":"https:\/\/eikonos.com\/ca\/blog\/per-que-organitzar-un-esdeveniment-corporatiu-es-una-eina-de-gran-valor\/#primaryimage","url":"https:\/\/eikonos.com\/wp-content\/uploads\/2018\/03\/Stand-Ooredoo-MWC18-Eikonos-Audiovisuales-PantallasLED-iluminacion-videowall-plasmas-8-1.png","contentUrl":"https:\/\/eikonos.com\/wp-content\/uploads\/2018\/03\/Stand-Ooredoo-MWC18-Eikonos-Audiovisuales-PantallasLED-iluminacion-videowall-plasmas-8-1.png","width":713,"height":401},{"@type":"BreadcrumbList","@id":"https:\/\/eikonos.com\/ca\/blog\/per-que-organitzar-un-esdeveniment-corporatiu-es-una-eina-de-gran-valor\/#breadcrumb","itemListElement":[{"@type":"ListItem","position":1,"name":"EIKONOS","item":"https:\/\/eikonos.com\/ca\/inici\/"},{"@type":"ListItem","position":2,"name":"Per qu\u00e8 organitzar un esdeveniment corporatiu \u00e9s una eina de gran valor"}]},{"@type":"WebSite","@id":"https:\/\/eikonos.com\/ca\/#website","url":"https:\/\/eikonos.com\/ca\/","name":"EIKONOS","description":"EXPERIENCIA AUDIOVISUAL","publisher":{"@id":"https:\/\/eikonos.com\/ca\/#organization"},"potentialAction":[{"@type":"SearchAction","target":{"@type":"EntryPoint","urlTemplate":"https:\/\/eikonos.com\/ca\/?s={search_term_string}"},"query-input":{"@type":"PropertyValueSpecification","valueRequired":true,"valueName":"search_term_string"}}],"inLanguage":"ca"},{"@type":"Organization","@id":"https:\/\/eikonos.com\/ca\/#organization","name":"EIKONOS | Servicios Audiovisuales, eventos y alquiler de equipos","url":"https:\/\/eikonos.com\/ca\/","logo":{"@type":"ImageObject","inLanguage":"ca","@id":"https:\/\/eikonos.com\/ca\/#\/schema\/logo\/image\/","url":"https:\/\/eikonos.com\/wp-content\/uploads\/2020\/08\/logo-color.png","contentUrl":"https:\/\/eikonos.com\/wp-content\/uploads\/2020\/08\/logo-color.png","width":376,"height":122,"caption":"EIKONOS | Servicios Audiovisuales, eventos y alquiler de equipos"},"image":{"@id":"https:\/\/eikonos.com\/ca\/#\/schema\/logo\/image\/"},"sameAs":["http:\/\/www.facebook.com\/pages\/Eikonos\/176324785746790","https:\/\/x.com\/eikonos_sa","http:\/\/www.linkedin.com\/company\/eikonos","http:\/\/www.youtube.com\/channel\/UC8wcizWaAYbfsuqVf9wIT6w"]},{"@type":"Person","@id":"https:\/\/eikonos.com\/ca\/#\/schema\/person\/82032860cc314d826959b90595a5280a","name":"Xavi Eikonos","image":{"@type":"ImageObject","inLanguage":"ca","@id":"https:\/\/eikonos.com\/ca\/#\/schema\/person\/image\/","url":"https:\/\/secure.gravatar.com\/avatar\/a6c6b51dd0ac6902701aab24a914f6febe1518f94a5ae06db08b3d6107248dfd?s=96&d=mm&r=g","contentUrl":"https:\/\/secure.gravatar.com\/avatar\/a6c6b51dd0ac6902701aab24a914f6febe1518f94a5ae06db08b3d6107248dfd?s=96&d=mm&r=g","caption":"Xavi Eikonos"}}]}},"_links":{"self":[{"href":"https:\/\/eikonos.com\/ca\/wp-json\/wp\/v2\/posts\/5390","targetHints":{"allow":["GET"]}}],"collection":[{"href":"https:\/\/eikonos.com\/ca\/wp-json\/wp\/v2\/posts"}],"about":[{"href":"https:\/\/eikonos.com\/ca\/wp-json\/wp\/v2\/types\/post"}],"author":[{"embeddable":true,"href":"https:\/\/eikonos.com\/ca\/wp-json\/wp\/v2\/users\/6"}],"replies":[{"embeddable":true,"href":"https:\/\/eikonos.com\/ca\/wp-json\/wp\/v2\/comments?post=5390"}],"version-history":[{"count":0,"href":"https:\/\/eikonos.com\/ca\/wp-json\/wp\/v2\/posts\/5390\/revisions"}],"wp:featuredmedia":[{"embeddable":true,"href":"https:\/\/eikonos.com\/ca\/wp-json\/wp\/v2\/media\/5316"}],"wp:attachment":[{"href":"https:\/\/eikonos.com\/ca\/wp-json\/wp\/v2\/media?parent=5390"}],"wp:term":[{"taxonomy":"category","embeddable":true,"href":"https:\/\/eikonos.com\/ca\/wp-json\/wp\/v2\/categories?post=5390"},{"taxonomy":"post_tag","embeddable":true,"href":"https:\/\/eikonos.com\/ca\/wp-json\/wp\/v2\/tags?post=5390"}],"curies":[{"name":"wp","href":"https:\/\/api.w.org\/{rel}","templated":true}]}}