{"id":5280,"date":"2018-03-06T10:53:42","date_gmt":"2018-03-06T09:53:42","guid":{"rendered":"http:\/\/eikonos.com\/?p=5280"},"modified":"2018-03-06T10:53:42","modified_gmt":"2018-03-06T09:53:42","slug":"instalacions-audiovisuals-per-oficines-i-seus-corporatives","status":"publish","type":"post","link":"https:\/\/eikonos.com\/ca\/blog\/instalacions-audiovisuals-per-oficines-i-seus-corporatives\/","title":{"rendered":"Instal\u2022lacions audiovisuals per oficines i seus corporatives"},"content":{"rendered":"<p>Les <strong>instal\u00b7lacions en seus corporatives <\/strong>no s\u00f3n nom\u00e9s un lloc en el que s\u2019acudeix a treballar o a mantenir reunions comercials o executives. Qui no ha llegit articles o ha vist v\u00eddeos en que es mostren els espectaculars espais de treball a Silicon Valley? O com les empreses m\u00e9s modernes dediquen grans esfor\u00e7os en tenir oficines c\u00f2modes i inspiradores pels treballadors?<\/p>\n<p>Sense dubte, les oficines s\u00f3n un canal m\u00e9s dins del branding i la imatge de marca.<\/p>\n<p>Les instal\u00b7lacions de les grans empreses reben una infinitat de visites cada dia i per aix\u00f2, es cuiden totes les zones p\u00fabliques i especialment les habilitades per reunions, presentacions de productes i serveis, etc. on es s\u2019han de tenir en compte aspectes com el disseny o les\u00a0<a href=\"https:\/\/eikonos.com\/ca\/blog\/munta-la-installaio-corporativa-a-la-teva-empresa\/\">instal\u00b7lacions audiovisuals corporatives per empreses<\/a>.<\/p>\n<p>Les oficines corporatives s\u2019han convertit en <strong>aparadors i vies de connexi\u00f3 amb empleats i clients. <\/strong>Per\u00f2, qu\u00e8 tenen aquests espais a nivell audiovisual que els converteix en un espai excel\u00b7lent? Avui en el blog d\u2019Eikonos parlem de la import\u00e0ncia de les <a href=\"https:\/\/eikonos.com\/\">instal\u00b7lacions audiovisuals corporatives<\/a> i quines consideracions hauries de tenir en compte a partir d\u2019ara.<\/p>\n<h2><span style=\"color: #ff0000;\">Instal\u00b7lacions en oficines<\/span><\/h2>\n<p><strong>Cuida el disseny, la il\u00b7luminaci\u00f3 i els recursos audiovisuals <\/strong>de les teves oficines amb pantalles o monitors t\u00e0ctils i interactius, \u00e9s de suma import\u00e0ncia. Aix\u00f2 s\u00ed, sempre buscant la integraci\u00f3 d\u2019aquests elements en l\u2019entorn.<\/p>\n<p>Wifi propi per convidats? Imprescindible. Cartellera digital amb continguts de qualitat? S\u00ed, si us plau. LED en recepci\u00f3? Per qu\u00e8 no. Pantalles interactives que serveixin de mapa, cercador, enquestes de satisfacci\u00f3, etc\u00e8tera? Aquestes s\u00f3n nom\u00e9s algunes idees que s\u2019han convertit en un <em>must.<\/em><\/p>\n<p>Tot i el gran ventall de possibilitats en quan a instal\u00b7lacions audiovisuals corporatives, hem de tenir en compte tan en els nostre recursos econ\u00f2mics, com l\u2019espai disponible i la selecci\u00f3 de \u2018equip adequat en funci\u00f3 de com volem transformar les nostres oficines.<\/p>\n<h2><span style=\"color: #ff0000;\">Solucions d&#8217;\u00e0udio i v\u00eddeo per seus corporatives<\/span><\/h2>\n<p>Els despatxos reservats a un escriptori amb un parell de cadires al voltant han passat a una millor vida. Les seus corporatives, tot i seguir sent espais m\u00e9s reservats, s\u00f3n testimonis cada dia de reunions, xerrades, negocis o visites a la vista de tots. Es porten les \u00e0rees di\u00e0fanes, els separadors de vidre i els equips units en taules que moltes vegades ni tan sols estan assignades a un treballador.<\/p>\n<p>Les antigues \u201coficines centrals\u201d s\u2019han sotm\u00e8s a una renovaci\u00f3 i evoluci\u00f3 on la comunicaci\u00f3 i les relacions s\u00f3n un suport de l\u2019\u00e8xit.<\/p>\n<p>El client rebr\u00e0 una imatge poderosa de tu que li generar\u00e0 confian\u00e7a i tranquil\u00b7litat. I el treballador percebr\u00e0 en la tecnologia un valor que ajudar\u00e0 a augmentar el vincle amb l\u2019empresa i t\u2019ajudar\u00e0 a retenir el talent.<\/p>\n<p>&nbsp;<\/p>\n<p>Preparat per transformar la teva oficina en un espai inspirador amb instal\u00b7lacions audiovisual corporatives? <strong><em>Parlem!<\/em><\/strong><\/p>\n<p><a href=\"https:\/\/eikonos.com\/ca\/serveis\/instal%c2%b7lacions-fixes\/\"><img loading=\"lazy\" decoding=\"async\" class=\"aligncenter wp-image-5268 size-full\" title=\"EIKONOS Servicios audiovisuales Instalaciones corporativas\" src=\"https:\/\/eikonos.com\/wp-content\/uploads\/2018\/03\/CTA_EIKONOS_instalaciones_corporativas-1.png\" alt=\"EIKONOS Servicios audiovisuales Instalaciones corporativas\" width=\"741\" height=\"250\" srcset=\"https:\/\/eikonos.com\/wp-content\/uploads\/2018\/03\/CTA_EIKONOS_instalaciones_corporativas-1.png 741w, https:\/\/eikonos.com\/wp-content\/uploads\/2018\/03\/CTA_EIKONOS_instalaciones_corporativas-1-300x101.png 300w\" sizes=\"auto, (max-width: 741px) 100vw, 741px\" \/><\/a><\/p>\n","protected":false},"excerpt":{"rendered":"<p>Les instal\u00b7lacions en seus corporatives no s\u00f3n nom\u00e9s un lloc en el que s\u2019acudeix a&#8230;<\/p>\n","protected":false},"author":6,"featured_media":5271,"comment_status":"open","ping_status":"open","sticky":false,"template":"","format":"standard","meta":{"_acf_changed":false,"footnotes":""},"categories":[255],"tags":[394],"class_list":["post-5280","post","type-post","status-publish","format-standard","has-post-thumbnail","hentry","category-installacions-fixes","tag-equips-audiovisuals"],"acf":[],"yoast_head":"<!-- This site is optimized with the Yoast SEO plugin v26.3 - https:\/\/yoast.com\/wordpress\/plugins\/seo\/ -->\n<title>Instalaciones audiovisuales para oficinas y sedes corporativas<\/title>\n<meta name=\"description\" content=\"\u00bfSab\u00edas que las oficinas y sedes corporativas se han convertido en un espacio excelente de comunicaci\u00f3n? Te explicamos las soluciones e instalaciones audiovisuales corporativas para empresas.\" \/>\n<meta name=\"robots\" content=\"index, follow, max-snippet:-1, max-image-preview:large, max-video-preview:-1\" \/>\n<link rel=\"canonical\" href=\"https:\/\/eikonos.com\/ca\/blog\/instalacions-audiovisuals-per-oficines-i-seus-corporatives\/\" \/>\n<meta property=\"og:locale\" content=\"ca_ES\" \/>\n<meta property=\"og:type\" content=\"article\" \/>\n<meta property=\"og:title\" content=\"Instalaciones audiovisuales para oficinas y sedes corporativas\" \/>\n<meta property=\"og:description\" content=\"\u00bfSab\u00edas que las oficinas y sedes corporativas se han convertido en un espacio excelente de comunicaci\u00f3n? Te explicamos las soluciones e instalaciones audiovisuales corporativas para empresas.\" \/>\n<meta property=\"og:url\" content=\"https:\/\/eikonos.com\/ca\/blog\/instalacions-audiovisuals-per-oficines-i-seus-corporatives\/\" \/>\n<meta property=\"og:site_name\" content=\"EIKONOS\" \/>\n<meta property=\"article:publisher\" content=\"http:\/\/www.facebook.com\/pages\/Eikonos\/176324785746790\" \/>\n<meta property=\"article:published_time\" content=\"2018-03-06T09:53:42+00:00\" \/>\n<meta property=\"og:image\" content=\"https:\/\/eikonos.com\/wp-content\/uploads\/2018\/03\/EIKONOS-165-1.jpg\" \/>\n\t<meta property=\"og:image:width\" content=\"724\" \/>\n\t<meta property=\"og:image:height\" content=\"432\" \/>\n\t<meta property=\"og:image:type\" content=\"image\/jpeg\" \/>\n<meta name=\"author\" content=\"Xavi Eikonos\" \/>\n<meta name=\"twitter:card\" content=\"summary_large_image\" \/>\n<meta name=\"twitter:creator\" content=\"@eikonos_sa\" \/>\n<meta name=\"twitter:site\" content=\"@eikonos_sa\" \/>\n<meta name=\"twitter:label1\" content=\"Escrit per\" \/>\n\t<meta name=\"twitter:data1\" content=\"Xavi Eikonos\" \/>\n\t<meta name=\"twitter:label2\" content=\"Temps estimat de lectura\" \/>\n\t<meta name=\"twitter:data2\" content=\"3 minuts\" \/>\n<script type=\"application\/ld+json\" class=\"yoast-schema-graph\">{\"@context\":\"https:\/\/schema.org\",\"@graph\":[{\"@type\":\"Article\",\"@id\":\"https:\/\/eikonos.com\/ca\/blog\/instalacions-audiovisuals-per-oficines-i-seus-corporatives\/#article\",\"isPartOf\":{\"@id\":\"https:\/\/eikonos.com\/ca\/blog\/instalacions-audiovisuals-per-oficines-i-seus-corporatives\/\"},\"author\":{\"name\":\"Xavi Eikonos\",\"@id\":\"https:\/\/eikonos.com\/ca\/#\/schema\/person\/82032860cc314d826959b90595a5280a\"},\"headline\":\"Instal\u2022lacions audiovisuals per oficines i seus corporatives\",\"datePublished\":\"2018-03-06T09:53:42+00:00\",\"mainEntityOfPage\":{\"@id\":\"https:\/\/eikonos.com\/ca\/blog\/instalacions-audiovisuals-per-oficines-i-seus-corporatives\/\"},\"wordCount\":513,\"commentCount\":0,\"publisher\":{\"@id\":\"https:\/\/eikonos.com\/ca\/#organization\"},\"image\":{\"@id\":\"https:\/\/eikonos.com\/ca\/blog\/instalacions-audiovisuals-per-oficines-i-seus-corporatives\/#primaryimage\"},\"thumbnailUrl\":\"https:\/\/eikonos.com\/wp-content\/uploads\/2018\/03\/EIKONOS-165-1.jpg\",\"keywords\":[\"Equips audiovisuals\"],\"articleSection\":[\"Instal\u00b7lacions fixes\"],\"inLanguage\":\"ca\",\"potentialAction\":[{\"@type\":\"CommentAction\",\"name\":\"Comment\",\"target\":[\"https:\/\/eikonos.com\/ca\/blog\/instalacions-audiovisuals-per-oficines-i-seus-corporatives\/#respond\"]}]},{\"@type\":\"WebPage\",\"@id\":\"https:\/\/eikonos.com\/ca\/blog\/instalacions-audiovisuals-per-oficines-i-seus-corporatives\/\",\"url\":\"https:\/\/eikonos.com\/ca\/blog\/instalacions-audiovisuals-per-oficines-i-seus-corporatives\/\",\"name\":\"Instalaciones audiovisuales para oficinas y sedes corporativas\",\"isPartOf\":{\"@id\":\"https:\/\/eikonos.com\/ca\/#website\"},\"primaryImageOfPage\":{\"@id\":\"https:\/\/eikonos.com\/ca\/blog\/instalacions-audiovisuals-per-oficines-i-seus-corporatives\/#primaryimage\"},\"image\":{\"@id\":\"https:\/\/eikonos.com\/ca\/blog\/instalacions-audiovisuals-per-oficines-i-seus-corporatives\/#primaryimage\"},\"thumbnailUrl\":\"https:\/\/eikonos.com\/wp-content\/uploads\/2018\/03\/EIKONOS-165-1.jpg\",\"datePublished\":\"2018-03-06T09:53:42+00:00\",\"description\":\"\u00bfSab\u00edas que las oficinas y sedes corporativas se han convertido en un espacio excelente de comunicaci\u00f3n? Te explicamos las soluciones e instalaciones audiovisuales corporativas para empresas.\",\"breadcrumb\":{\"@id\":\"https:\/\/eikonos.com\/ca\/blog\/instalacions-audiovisuals-per-oficines-i-seus-corporatives\/#breadcrumb\"},\"inLanguage\":\"ca\",\"potentialAction\":[{\"@type\":\"ReadAction\",\"target\":[\"https:\/\/eikonos.com\/ca\/blog\/instalacions-audiovisuals-per-oficines-i-seus-corporatives\/\"]}]},{\"@type\":\"ImageObject\",\"inLanguage\":\"ca\",\"@id\":\"https:\/\/eikonos.com\/ca\/blog\/instalacions-audiovisuals-per-oficines-i-seus-corporatives\/#primaryimage\",\"url\":\"https:\/\/eikonos.com\/wp-content\/uploads\/2018\/03\/EIKONOS-165-1.jpg\",\"contentUrl\":\"https:\/\/eikonos.com\/wp-content\/uploads\/2018\/03\/EIKONOS-165-1.jpg\",\"width\":724,\"height\":432,\"caption\":\"instalaciones audiovisuales corporativas\"},{\"@type\":\"BreadcrumbList\",\"@id\":\"https:\/\/eikonos.com\/ca\/blog\/instalacions-audiovisuals-per-oficines-i-seus-corporatives\/#breadcrumb\",\"itemListElement\":[{\"@type\":\"ListItem\",\"position\":1,\"name\":\"EIKONOS\",\"item\":\"https:\/\/eikonos.com\/ca\/inici\/\"},{\"@type\":\"ListItem\",\"position\":2,\"name\":\"Instal\u2022lacions audiovisuals per oficines i seus corporatives\"}]},{\"@type\":\"WebSite\",\"@id\":\"https:\/\/eikonos.com\/ca\/#website\",\"url\":\"https:\/\/eikonos.com\/ca\/\",\"name\":\"EIKONOS\",\"description\":\"EXPERIENCIA AUDIOVISUAL\",\"publisher\":{\"@id\":\"https:\/\/eikonos.com\/ca\/#organization\"},\"potentialAction\":[{\"@type\":\"SearchAction\",\"target\":{\"@type\":\"EntryPoint\",\"urlTemplate\":\"https:\/\/eikonos.com\/ca\/?s={search_term_string}\"},\"query-input\":{\"@type\":\"PropertyValueSpecification\",\"valueRequired\":true,\"valueName\":\"search_term_string\"}}],\"inLanguage\":\"ca\"},{\"@type\":\"Organization\",\"@id\":\"https:\/\/eikonos.com\/ca\/#organization\",\"name\":\"EIKONOS | Servicios Audiovisuales, eventos y alquiler de equipos\",\"url\":\"https:\/\/eikonos.com\/ca\/\",\"logo\":{\"@type\":\"ImageObject\",\"inLanguage\":\"ca\",\"@id\":\"https:\/\/eikonos.com\/ca\/#\/schema\/logo\/image\/\",\"url\":\"https:\/\/eikonos.com\/wp-content\/uploads\/2020\/08\/logo-color.png\",\"contentUrl\":\"https:\/\/eikonos.com\/wp-content\/uploads\/2020\/08\/logo-color.png\",\"width\":376,\"height\":122,\"caption\":\"EIKONOS | Servicios Audiovisuales, eventos y alquiler de equipos\"},\"image\":{\"@id\":\"https:\/\/eikonos.com\/ca\/#\/schema\/logo\/image\/\"},\"sameAs\":[\"http:\/\/www.facebook.com\/pages\/Eikonos\/176324785746790\",\"https:\/\/x.com\/eikonos_sa\",\"http:\/\/www.linkedin.com\/company\/eikonos\",\"http:\/\/www.youtube.com\/channel\/UC8wcizWaAYbfsuqVf9wIT6w\"]},{\"@type\":\"Person\",\"@id\":\"https:\/\/eikonos.com\/ca\/#\/schema\/person\/82032860cc314d826959b90595a5280a\",\"name\":\"Xavi Eikonos\",\"image\":{\"@type\":\"ImageObject\",\"inLanguage\":\"ca\",\"@id\":\"https:\/\/eikonos.com\/ca\/#\/schema\/person\/image\/\",\"url\":\"https:\/\/secure.gravatar.com\/avatar\/a6c6b51dd0ac6902701aab24a914f6febe1518f94a5ae06db08b3d6107248dfd?s=96&d=mm&r=g\",\"contentUrl\":\"https:\/\/secure.gravatar.com\/avatar\/a6c6b51dd0ac6902701aab24a914f6febe1518f94a5ae06db08b3d6107248dfd?s=96&d=mm&r=g\",\"caption\":\"Xavi Eikonos\"}}]}<\/script>\n<!-- \/ Yoast SEO plugin. -->","yoast_head_json":{"title":"Instalaciones audiovisuales para oficinas y sedes corporativas","description":"\u00bfSab\u00edas que las oficinas y sedes corporativas se han convertido en un espacio excelente de comunicaci\u00f3n? Te explicamos las soluciones e instalaciones audiovisuales corporativas para empresas.","robots":{"index":"index","follow":"follow","max-snippet":"max-snippet:-1","max-image-preview":"max-image-preview:large","max-video-preview":"max-video-preview:-1"},"canonical":"https:\/\/eikonos.com\/ca\/blog\/instalacions-audiovisuals-per-oficines-i-seus-corporatives\/","og_locale":"ca_ES","og_type":"article","og_title":"Instalaciones audiovisuales para oficinas y sedes corporativas","og_description":"\u00bfSab\u00edas que las oficinas y sedes corporativas se han convertido en un espacio excelente de comunicaci\u00f3n? Te explicamos las soluciones e instalaciones audiovisuales corporativas para empresas.","og_url":"https:\/\/eikonos.com\/ca\/blog\/instalacions-audiovisuals-per-oficines-i-seus-corporatives\/","og_site_name":"EIKONOS","article_publisher":"http:\/\/www.facebook.com\/pages\/Eikonos\/176324785746790","article_published_time":"2018-03-06T09:53:42+00:00","og_image":[{"width":724,"height":432,"url":"https:\/\/eikonos.com\/wp-content\/uploads\/2018\/03\/EIKONOS-165-1.jpg","type":"image\/jpeg"}],"author":"Xavi Eikonos","twitter_card":"summary_large_image","twitter_creator":"@eikonos_sa","twitter_site":"@eikonos_sa","twitter_misc":{"Escrit per":"Xavi Eikonos","Temps estimat de lectura":"3 minuts"},"schema":{"@context":"https:\/\/schema.org","@graph":[{"@type":"Article","@id":"https:\/\/eikonos.com\/ca\/blog\/instalacions-audiovisuals-per-oficines-i-seus-corporatives\/#article","isPartOf":{"@id":"https:\/\/eikonos.com\/ca\/blog\/instalacions-audiovisuals-per-oficines-i-seus-corporatives\/"},"author":{"name":"Xavi Eikonos","@id":"https:\/\/eikonos.com\/ca\/#\/schema\/person\/82032860cc314d826959b90595a5280a"},"headline":"Instal\u2022lacions audiovisuals per oficines i seus corporatives","datePublished":"2018-03-06T09:53:42+00:00","mainEntityOfPage":{"@id":"https:\/\/eikonos.com\/ca\/blog\/instalacions-audiovisuals-per-oficines-i-seus-corporatives\/"},"wordCount":513,"commentCount":0,"publisher":{"@id":"https:\/\/eikonos.com\/ca\/#organization"},"image":{"@id":"https:\/\/eikonos.com\/ca\/blog\/instalacions-audiovisuals-per-oficines-i-seus-corporatives\/#primaryimage"},"thumbnailUrl":"https:\/\/eikonos.com\/wp-content\/uploads\/2018\/03\/EIKONOS-165-1.jpg","keywords":["Equips audiovisuals"],"articleSection":["Instal\u00b7lacions fixes"],"inLanguage":"ca","potentialAction":[{"@type":"CommentAction","name":"Comment","target":["https:\/\/eikonos.com\/ca\/blog\/instalacions-audiovisuals-per-oficines-i-seus-corporatives\/#respond"]}]},{"@type":"WebPage","@id":"https:\/\/eikonos.com\/ca\/blog\/instalacions-audiovisuals-per-oficines-i-seus-corporatives\/","url":"https:\/\/eikonos.com\/ca\/blog\/instalacions-audiovisuals-per-oficines-i-seus-corporatives\/","name":"Instalaciones audiovisuales para oficinas y sedes corporativas","isPartOf":{"@id":"https:\/\/eikonos.com\/ca\/#website"},"primaryImageOfPage":{"@id":"https:\/\/eikonos.com\/ca\/blog\/instalacions-audiovisuals-per-oficines-i-seus-corporatives\/#primaryimage"},"image":{"@id":"https:\/\/eikonos.com\/ca\/blog\/instalacions-audiovisuals-per-oficines-i-seus-corporatives\/#primaryimage"},"thumbnailUrl":"https:\/\/eikonos.com\/wp-content\/uploads\/2018\/03\/EIKONOS-165-1.jpg","datePublished":"2018-03-06T09:53:42+00:00","description":"\u00bfSab\u00edas que las oficinas y sedes corporativas se han convertido en un espacio excelente de comunicaci\u00f3n? Te explicamos las soluciones e instalaciones audiovisuales corporativas para empresas.","breadcrumb":{"@id":"https:\/\/eikonos.com\/ca\/blog\/instalacions-audiovisuals-per-oficines-i-seus-corporatives\/#breadcrumb"},"inLanguage":"ca","potentialAction":[{"@type":"ReadAction","target":["https:\/\/eikonos.com\/ca\/blog\/instalacions-audiovisuals-per-oficines-i-seus-corporatives\/"]}]},{"@type":"ImageObject","inLanguage":"ca","@id":"https:\/\/eikonos.com\/ca\/blog\/instalacions-audiovisuals-per-oficines-i-seus-corporatives\/#primaryimage","url":"https:\/\/eikonos.com\/wp-content\/uploads\/2018\/03\/EIKONOS-165-1.jpg","contentUrl":"https:\/\/eikonos.com\/wp-content\/uploads\/2018\/03\/EIKONOS-165-1.jpg","width":724,"height":432,"caption":"instalaciones audiovisuales corporativas"},{"@type":"BreadcrumbList","@id":"https:\/\/eikonos.com\/ca\/blog\/instalacions-audiovisuals-per-oficines-i-seus-corporatives\/#breadcrumb","itemListElement":[{"@type":"ListItem","position":1,"name":"EIKONOS","item":"https:\/\/eikonos.com\/ca\/inici\/"},{"@type":"ListItem","position":2,"name":"Instal\u2022lacions audiovisuals per oficines i seus corporatives"}]},{"@type":"WebSite","@id":"https:\/\/eikonos.com\/ca\/#website","url":"https:\/\/eikonos.com\/ca\/","name":"EIKONOS","description":"EXPERIENCIA AUDIOVISUAL","publisher":{"@id":"https:\/\/eikonos.com\/ca\/#organization"},"potentialAction":[{"@type":"SearchAction","target":{"@type":"EntryPoint","urlTemplate":"https:\/\/eikonos.com\/ca\/?s={search_term_string}"},"query-input":{"@type":"PropertyValueSpecification","valueRequired":true,"valueName":"search_term_string"}}],"inLanguage":"ca"},{"@type":"Organization","@id":"https:\/\/eikonos.com\/ca\/#organization","name":"EIKONOS | Servicios Audiovisuales, eventos y alquiler de equipos","url":"https:\/\/eikonos.com\/ca\/","logo":{"@type":"ImageObject","inLanguage":"ca","@id":"https:\/\/eikonos.com\/ca\/#\/schema\/logo\/image\/","url":"https:\/\/eikonos.com\/wp-content\/uploads\/2020\/08\/logo-color.png","contentUrl":"https:\/\/eikonos.com\/wp-content\/uploads\/2020\/08\/logo-color.png","width":376,"height":122,"caption":"EIKONOS | Servicios Audiovisuales, eventos y alquiler de equipos"},"image":{"@id":"https:\/\/eikonos.com\/ca\/#\/schema\/logo\/image\/"},"sameAs":["http:\/\/www.facebook.com\/pages\/Eikonos\/176324785746790","https:\/\/x.com\/eikonos_sa","http:\/\/www.linkedin.com\/company\/eikonos","http:\/\/www.youtube.com\/channel\/UC8wcizWaAYbfsuqVf9wIT6w"]},{"@type":"Person","@id":"https:\/\/eikonos.com\/ca\/#\/schema\/person\/82032860cc314d826959b90595a5280a","name":"Xavi Eikonos","image":{"@type":"ImageObject","inLanguage":"ca","@id":"https:\/\/eikonos.com\/ca\/#\/schema\/person\/image\/","url":"https:\/\/secure.gravatar.com\/avatar\/a6c6b51dd0ac6902701aab24a914f6febe1518f94a5ae06db08b3d6107248dfd?s=96&d=mm&r=g","contentUrl":"https:\/\/secure.gravatar.com\/avatar\/a6c6b51dd0ac6902701aab24a914f6febe1518f94a5ae06db08b3d6107248dfd?s=96&d=mm&r=g","caption":"Xavi Eikonos"}}]}},"_links":{"self":[{"href":"https:\/\/eikonos.com\/ca\/wp-json\/wp\/v2\/posts\/5280","targetHints":{"allow":["GET"]}}],"collection":[{"href":"https:\/\/eikonos.com\/ca\/wp-json\/wp\/v2\/posts"}],"about":[{"href":"https:\/\/eikonos.com\/ca\/wp-json\/wp\/v2\/types\/post"}],"author":[{"embeddable":true,"href":"https:\/\/eikonos.com\/ca\/wp-json\/wp\/v2\/users\/6"}],"replies":[{"embeddable":true,"href":"https:\/\/eikonos.com\/ca\/wp-json\/wp\/v2\/comments?post=5280"}],"version-history":[{"count":0,"href":"https:\/\/eikonos.com\/ca\/wp-json\/wp\/v2\/posts\/5280\/revisions"}],"wp:featuredmedia":[{"embeddable":true,"href":"https:\/\/eikonos.com\/ca\/wp-json\/wp\/v2\/media\/5271"}],"wp:attachment":[{"href":"https:\/\/eikonos.com\/ca\/wp-json\/wp\/v2\/media?parent=5280"}],"wp:term":[{"taxonomy":"category","embeddable":true,"href":"https:\/\/eikonos.com\/ca\/wp-json\/wp\/v2\/categories?post=5280"},{"taxonomy":"post_tag","embeddable":true,"href":"https:\/\/eikonos.com\/ca\/wp-json\/wp\/v2\/tags?post=5280"}],"curies":[{"name":"wp","href":"https:\/\/api.w.org\/{rel}","templated":true}]}}