{"id":5219,"date":"2018-02-13T17:44:08","date_gmt":"2018-02-13T16:44:08","guid":{"rendered":"http:\/\/eikonos.com\/?p=5219"},"modified":"2018-02-13T17:44:08","modified_gmt":"2018-02-13T16:44:08","slug":"lloguer-dequips-audiovisuals-a-barcelona-la-solucio-per-a-esdeveniments","status":"publish","type":"post","link":"https:\/\/eikonos.com\/ca\/blog\/lloguer-dequips-audiovisuals-a-barcelona-la-solucio-per-a-esdeveniments\/","title":{"rendered":"Lloguer d\u2019equips audiovisuals a Barcelona, la soluci\u00f3 per a esdeveniments"},"content":{"rendered":"<p>Barcelona \u00e9s un punt neur\u00e0lgic de congressos i esdeveniments corporatius a escala mundial. Aix\u00ed es registra en el r\u00e0nquing que elabora anualment l\u2019Associaci\u00f3 de Congressos i Convencions Internacionals (ICCA), on Barcelona est\u00e0 al capdamunt, junt amb Par\u00eds i Viena. Nom\u00e9s en 2016, Barcelona va rebre 422 congressos internacionals, segons Barcelona Convention Bureau (BCB).<\/p>\n<p>Els motius? El seu clima, l\u2019aire cosmopolita, la bona connexi\u00f3 amb la resta d\u2019Europa. Aix\u00ed mateix, cal destacar que compta amb una immensa capacitat hotelera i multitud de llocs tur\u00edstics per conv\u00e8ncer als interessats en l\u2019esdeveniment a passar uns dies a la ciutat.<\/p>\n<p>No \u00e9s menys cert que Barcelona disposa actualment d\u2019un potent conglomerat d\u2019<strong>empreses de serveis audiovisuals capa\u00e7 de donar cobertura a alt\u00edssim nivell en els esdeveniments m\u00e9s complexes i rellevants. <\/strong><\/p>\n<p>Si est\u00e0s conven\u00e7ut de que la ciutat comtal \u00e9s clau, a Eikonos t\u2019ajudem a que la part t\u00e8cnica i el\u00a0<a href=\"https:\/\/eikonos.com\/ca\/serveis\/lloguer-equips\/\">lloguer audiovisual a Barcelona<\/a>\u00a0sigui f\u00e0cil i professional.<\/p>\n<h2><\/h2>\n<h2><span style=\"color: #ff0000;\">Els temps canvien en la organitzaci\u00f3 d&#8217;esdeveniments<\/span><\/h2>\n<p>Per a que el nostre esdeveniment acapari totes les atencions, hem de posar tots els nostres esfor\u00e7os en estar a la avantguarda en disseny i organitzaci\u00f3.<\/p>\n<p>No nom\u00e9s els nostres ponents han de ser els millors; el conjunt ha de ser de deu, des de que l\u2019assistent accedeix a la celebraci\u00f3 fins que surt despr\u00e9s de gaudir de la jornada que li hav\u00edem preparat.<\/p>\n<p>Cada element suma per a que aquella experi\u00e8ncia sigui memorable. Per suposat, l\u2019equip hum\u00e0 ha de comptar amb l\u2019experi\u00e8ncia per a que tots els detalls surtin com planifiquem, per\u00f2 tamb\u00e9 el so, la il\u00b7luminaci\u00f3, la distribuci\u00f3 d\u2019espais, el c\u00e0tering, etc\u00e8tera, han d\u2019estar a l\u2019altura.<\/p>\n<p>Com t\u2019imagines una xerrada amb un esperat speaker, al que li falli el micr\u00f2fon i aix\u00f2 ens impedeixi escoltar el seu missatge? Donem per fet que les solucions audiovisuals han de ser perfectes, per\u00f2 aix\u00f2 no \u00e9s fruit de la casualitat. Darrere hi ha un equip d\u2019experts que amb la millor tecnologia, cuiden que els resultats siguin els desitjats.<\/p>\n<p>&nbsp;<\/p>\n<h2><span style=\"color: #ff0000;\">Canvia la manera de comunicar en els teus esdeveniments\u00a0<\/span><\/h2>\n<p>Durant anys, fer \u00fas del Streaming i la\u00a0<a href=\"https:\/\/eikonos.com\/ca\/blog\/els-benefinis-dutilitzar-la-traduccio-simultanea-en-conferencies\/\">traducci\u00f3 simult\u00e0nea en confer\u00e8ncies i esdeveniments<\/a><\/p>\n<p>suposaven limitacions a nivell de complexitat i de cost. Tamb\u00e9, la qualitat resultant era m\u00e9s baixa, pel que s\u2019utilitzava en menor mesura.<\/p>\n<p>\u00c9s paradoxal, perqu\u00e8 actualment comptem amb aquestes dues tecnologies \u2013 i ens resulten pr\u00e0cticament imprescindibles \u2013 per\u00f2, tot i aix\u00ed, les hem infrautilitzat. Unes vegades per desconeixement, altres per por, altres per no comptar amb els mitjans necessaris per a la seva execuci\u00f3.<\/p>\n<p>Innovar no implica que el nostre pressupost es dispari. De fet, pot ajudar-nos a aconseguir una major rendibilitat en el nostre projecte. \u00c9s m\u00e9s, gr\u00e0cies al lloguer audiovisual a Barcelona, el teu esdeveniment est\u00e0 capacitat per estar al mateix nivell dels m\u00e9s grans.<\/p>\n<p>Confia en l\u2019experi\u00e8ncia d\u2019Eikonos i les d\u00e8cades de prestaci\u00f3 de serveis de les cites m\u00e9s importants de la ciutat. Fes que el teu esdeveniment brilli, com sempre vas somiar! <strong><em>Parlem!<\/em><\/strong><\/p>\n<p><img loading=\"lazy\" decoding=\"async\" class=\"aligncenter wp-image-4120 size-full\" title=\"Equipos Audiovisuales de alquiler con EIKONOS\" src=\"https:\/\/eikonos.com\/wp-content\/uploads\/2017\/05\/eikonos-cta-organitzacio-esdeveniments-audiovisuals.png\" alt=\"EIKONOS serveis audiovisuals per a esdeveniments\" width=\"741\" height=\"250\" srcset=\"https:\/\/eikonos.com\/wp-content\/uploads\/2017\/05\/eikonos-cta-organitzacio-esdeveniments-audiovisuals.png 741w, https:\/\/eikonos.com\/wp-content\/uploads\/2017\/05\/eikonos-cta-organitzacio-esdeveniments-audiovisuals-300x101.png 300w\" sizes=\"auto, (max-width: 741px) 100vw, 741px\" \/><\/p>\n","protected":false},"excerpt":{"rendered":"<p>Barcelona \u00e9s un punt neur\u00e0lgic de congressos i esdeveniments corporatius a escala mundial. Aix\u00ed es&#8230;<\/p>\n","protected":false},"author":6,"featured_media":5165,"comment_status":"open","ping_status":"open","sticky":false,"template":"","format":"standard","meta":{"_acf_changed":false,"footnotes":""},"categories":[260,262],"tags":[],"class_list":["post-5219","post","type-post","status-publish","format-standard","has-post-thumbnail","hentry","category-esdeveniments-audiovisuals","category-lloguer-dequips"],"acf":[],"yoast_head":"<!-- This site is optimized with the Yoast SEO plugin v26.3 - https:\/\/yoast.com\/wordpress\/plugins\/seo\/ -->\n<title>Alquiler audiovisual en Barcelona, la soluci\u00f3n para eventos<\/title>\n<meta name=\"description\" content=\"Si vols organitzar un esdeveniment en la ciutat comtal, no oblidis dels avantatges del lloguer audiovisual a Barcelona. Lloguer d&#039;equips per a esdeveniments.\" \/>\n<meta name=\"robots\" content=\"index, follow, max-snippet:-1, max-image-preview:large, max-video-preview:-1\" \/>\n<link rel=\"canonical\" href=\"https:\/\/eikonos.com\/ca\/blog\/lloguer-dequips-audiovisuals-a-barcelona-la-solucio-per-a-esdeveniments\/\" \/>\n<meta property=\"og:locale\" content=\"ca_ES\" \/>\n<meta property=\"og:type\" content=\"article\" \/>\n<meta property=\"og:title\" content=\"Alquiler audiovisual en Barcelona, la soluci\u00f3n para eventos\" \/>\n<meta property=\"og:description\" content=\"Si vols organitzar un esdeveniment en la ciutat comtal, no oblidis dels avantatges del lloguer audiovisual a Barcelona. Lloguer d&#039;equips per a esdeveniments.\" \/>\n<meta property=\"og:url\" content=\"https:\/\/eikonos.com\/ca\/blog\/lloguer-dequips-audiovisuals-a-barcelona-la-solucio-per-a-esdeveniments\/\" \/>\n<meta property=\"og:site_name\" content=\"EIKONOS\" \/>\n<meta property=\"article:publisher\" content=\"http:\/\/www.facebook.com\/pages\/Eikonos\/176324785746790\" \/>\n<meta property=\"article:published_time\" content=\"2018-02-13T16:44:08+00:00\" \/>\n<meta property=\"og:image\" content=\"https:\/\/eikonos.com\/wp-content\/uploads\/2018\/03\/EIKONOS-162-1.jpg\" \/>\n\t<meta property=\"og:image:width\" content=\"724\" \/>\n\t<meta property=\"og:image:height\" content=\"432\" \/>\n\t<meta property=\"og:image:type\" content=\"image\/jpeg\" \/>\n<meta name=\"author\" content=\"Xavi Eikonos\" \/>\n<meta name=\"twitter:card\" content=\"summary_large_image\" \/>\n<meta name=\"twitter:creator\" content=\"@eikonos_sa\" \/>\n<meta name=\"twitter:site\" content=\"@eikonos_sa\" \/>\n<meta name=\"twitter:label1\" content=\"Escrit per\" \/>\n\t<meta name=\"twitter:data1\" content=\"Xavi Eikonos\" \/>\n\t<meta name=\"twitter:label2\" content=\"Temps estimat de lectura\" \/>\n\t<meta name=\"twitter:data2\" content=\"3 minuts\" \/>\n<script type=\"application\/ld+json\" class=\"yoast-schema-graph\">{\"@context\":\"https:\/\/schema.org\",\"@graph\":[{\"@type\":\"Article\",\"@id\":\"https:\/\/eikonos.com\/ca\/blog\/lloguer-dequips-audiovisuals-a-barcelona-la-solucio-per-a-esdeveniments\/#article\",\"isPartOf\":{\"@id\":\"https:\/\/eikonos.com\/ca\/blog\/lloguer-dequips-audiovisuals-a-barcelona-la-solucio-per-a-esdeveniments\/\"},\"author\":{\"name\":\"Xavi Eikonos\",\"@id\":\"https:\/\/eikonos.com\/ca\/#\/schema\/person\/82032860cc314d826959b90595a5280a\"},\"headline\":\"Lloguer d\u2019equips audiovisuals a Barcelona, la soluci\u00f3 per a esdeveniments\",\"datePublished\":\"2018-02-13T16:44:08+00:00\",\"mainEntityOfPage\":{\"@id\":\"https:\/\/eikonos.com\/ca\/blog\/lloguer-dequips-audiovisuals-a-barcelona-la-solucio-per-a-esdeveniments\/\"},\"wordCount\":547,\"commentCount\":0,\"publisher\":{\"@id\":\"https:\/\/eikonos.com\/ca\/#organization\"},\"image\":{\"@id\":\"https:\/\/eikonos.com\/ca\/blog\/lloguer-dequips-audiovisuals-a-barcelona-la-solucio-per-a-esdeveniments\/#primaryimage\"},\"thumbnailUrl\":\"https:\/\/eikonos.com\/wp-content\/uploads\/2018\/03\/EIKONOS-162-1.jpg\",\"articleSection\":[\"Esdeveniments audiovisuals\",\"Lloguer d'equips\"],\"inLanguage\":\"ca\",\"potentialAction\":[{\"@type\":\"CommentAction\",\"name\":\"Comment\",\"target\":[\"https:\/\/eikonos.com\/ca\/blog\/lloguer-dequips-audiovisuals-a-barcelona-la-solucio-per-a-esdeveniments\/#respond\"]}]},{\"@type\":\"WebPage\",\"@id\":\"https:\/\/eikonos.com\/ca\/blog\/lloguer-dequips-audiovisuals-a-barcelona-la-solucio-per-a-esdeveniments\/\",\"url\":\"https:\/\/eikonos.com\/ca\/blog\/lloguer-dequips-audiovisuals-a-barcelona-la-solucio-per-a-esdeveniments\/\",\"name\":\"Alquiler audiovisual en Barcelona, la soluci\u00f3n para eventos\",\"isPartOf\":{\"@id\":\"https:\/\/eikonos.com\/ca\/#website\"},\"primaryImageOfPage\":{\"@id\":\"https:\/\/eikonos.com\/ca\/blog\/lloguer-dequips-audiovisuals-a-barcelona-la-solucio-per-a-esdeveniments\/#primaryimage\"},\"image\":{\"@id\":\"https:\/\/eikonos.com\/ca\/blog\/lloguer-dequips-audiovisuals-a-barcelona-la-solucio-per-a-esdeveniments\/#primaryimage\"},\"thumbnailUrl\":\"https:\/\/eikonos.com\/wp-content\/uploads\/2018\/03\/EIKONOS-162-1.jpg\",\"datePublished\":\"2018-02-13T16:44:08+00:00\",\"description\":\"Si vols organitzar un esdeveniment en la ciutat comtal, no oblidis dels avantatges del lloguer audiovisual a Barcelona. Lloguer d'equips per a esdeveniments.\",\"breadcrumb\":{\"@id\":\"https:\/\/eikonos.com\/ca\/blog\/lloguer-dequips-audiovisuals-a-barcelona-la-solucio-per-a-esdeveniments\/#breadcrumb\"},\"inLanguage\":\"ca\",\"potentialAction\":[{\"@type\":\"ReadAction\",\"target\":[\"https:\/\/eikonos.com\/ca\/blog\/lloguer-dequips-audiovisuals-a-barcelona-la-solucio-per-a-esdeveniments\/\"]}]},{\"@type\":\"ImageObject\",\"inLanguage\":\"ca\",\"@id\":\"https:\/\/eikonos.com\/ca\/blog\/lloguer-dequips-audiovisuals-a-barcelona-la-solucio-per-a-esdeveniments\/#primaryimage\",\"url\":\"https:\/\/eikonos.com\/wp-content\/uploads\/2018\/03\/EIKONOS-162-1.jpg\",\"contentUrl\":\"https:\/\/eikonos.com\/wp-content\/uploads\/2018\/03\/EIKONOS-162-1.jpg\",\"width\":724,\"height\":432,\"caption\":\"alquiler audiovisual en Barcelona\"},{\"@type\":\"BreadcrumbList\",\"@id\":\"https:\/\/eikonos.com\/ca\/blog\/lloguer-dequips-audiovisuals-a-barcelona-la-solucio-per-a-esdeveniments\/#breadcrumb\",\"itemListElement\":[{\"@type\":\"ListItem\",\"position\":1,\"name\":\"EIKONOS\",\"item\":\"https:\/\/eikonos.com\/ca\/inici\/\"},{\"@type\":\"ListItem\",\"position\":2,\"name\":\"Lloguer d\u2019equips audiovisuals a Barcelona, la soluci\u00f3 per a esdeveniments\"}]},{\"@type\":\"WebSite\",\"@id\":\"https:\/\/eikonos.com\/ca\/#website\",\"url\":\"https:\/\/eikonos.com\/ca\/\",\"name\":\"EIKONOS\",\"description\":\"EXPERIENCIA AUDIOVISUAL\",\"publisher\":{\"@id\":\"https:\/\/eikonos.com\/ca\/#organization\"},\"potentialAction\":[{\"@type\":\"SearchAction\",\"target\":{\"@type\":\"EntryPoint\",\"urlTemplate\":\"https:\/\/eikonos.com\/ca\/?s={search_term_string}\"},\"query-input\":{\"@type\":\"PropertyValueSpecification\",\"valueRequired\":true,\"valueName\":\"search_term_string\"}}],\"inLanguage\":\"ca\"},{\"@type\":\"Organization\",\"@id\":\"https:\/\/eikonos.com\/ca\/#organization\",\"name\":\"EIKONOS | Servicios Audiovisuales, eventos y alquiler de equipos\",\"url\":\"https:\/\/eikonos.com\/ca\/\",\"logo\":{\"@type\":\"ImageObject\",\"inLanguage\":\"ca\",\"@id\":\"https:\/\/eikonos.com\/ca\/#\/schema\/logo\/image\/\",\"url\":\"https:\/\/eikonos.com\/wp-content\/uploads\/2020\/08\/logo-color.png\",\"contentUrl\":\"https:\/\/eikonos.com\/wp-content\/uploads\/2020\/08\/logo-color.png\",\"width\":376,\"height\":122,\"caption\":\"EIKONOS | Servicios Audiovisuales, eventos y alquiler de equipos\"},\"image\":{\"@id\":\"https:\/\/eikonos.com\/ca\/#\/schema\/logo\/image\/\"},\"sameAs\":[\"http:\/\/www.facebook.com\/pages\/Eikonos\/176324785746790\",\"https:\/\/x.com\/eikonos_sa\",\"http:\/\/www.linkedin.com\/company\/eikonos\",\"http:\/\/www.youtube.com\/channel\/UC8wcizWaAYbfsuqVf9wIT6w\"]},{\"@type\":\"Person\",\"@id\":\"https:\/\/eikonos.com\/ca\/#\/schema\/person\/82032860cc314d826959b90595a5280a\",\"name\":\"Xavi Eikonos\",\"image\":{\"@type\":\"ImageObject\",\"inLanguage\":\"ca\",\"@id\":\"https:\/\/eikonos.com\/ca\/#\/schema\/person\/image\/\",\"url\":\"https:\/\/secure.gravatar.com\/avatar\/a6c6b51dd0ac6902701aab24a914f6febe1518f94a5ae06db08b3d6107248dfd?s=96&d=mm&r=g\",\"contentUrl\":\"https:\/\/secure.gravatar.com\/avatar\/a6c6b51dd0ac6902701aab24a914f6febe1518f94a5ae06db08b3d6107248dfd?s=96&d=mm&r=g\",\"caption\":\"Xavi Eikonos\"}}]}<\/script>\n<!-- \/ Yoast SEO plugin. -->","yoast_head_json":{"title":"Alquiler audiovisual en Barcelona, la soluci\u00f3n para eventos","description":"Si vols organitzar un esdeveniment en la ciutat comtal, no oblidis dels avantatges del lloguer audiovisual a Barcelona. Lloguer d'equips per a esdeveniments.","robots":{"index":"index","follow":"follow","max-snippet":"max-snippet:-1","max-image-preview":"max-image-preview:large","max-video-preview":"max-video-preview:-1"},"canonical":"https:\/\/eikonos.com\/ca\/blog\/lloguer-dequips-audiovisuals-a-barcelona-la-solucio-per-a-esdeveniments\/","og_locale":"ca_ES","og_type":"article","og_title":"Alquiler audiovisual en Barcelona, la soluci\u00f3n para eventos","og_description":"Si vols organitzar un esdeveniment en la ciutat comtal, no oblidis dels avantatges del lloguer audiovisual a Barcelona. Lloguer d'equips per a esdeveniments.","og_url":"https:\/\/eikonos.com\/ca\/blog\/lloguer-dequips-audiovisuals-a-barcelona-la-solucio-per-a-esdeveniments\/","og_site_name":"EIKONOS","article_publisher":"http:\/\/www.facebook.com\/pages\/Eikonos\/176324785746790","article_published_time":"2018-02-13T16:44:08+00:00","og_image":[{"width":724,"height":432,"url":"https:\/\/eikonos.com\/wp-content\/uploads\/2018\/03\/EIKONOS-162-1.jpg","type":"image\/jpeg"}],"author":"Xavi Eikonos","twitter_card":"summary_large_image","twitter_creator":"@eikonos_sa","twitter_site":"@eikonos_sa","twitter_misc":{"Escrit per":"Xavi Eikonos","Temps estimat de lectura":"3 minuts"},"schema":{"@context":"https:\/\/schema.org","@graph":[{"@type":"Article","@id":"https:\/\/eikonos.com\/ca\/blog\/lloguer-dequips-audiovisuals-a-barcelona-la-solucio-per-a-esdeveniments\/#article","isPartOf":{"@id":"https:\/\/eikonos.com\/ca\/blog\/lloguer-dequips-audiovisuals-a-barcelona-la-solucio-per-a-esdeveniments\/"},"author":{"name":"Xavi Eikonos","@id":"https:\/\/eikonos.com\/ca\/#\/schema\/person\/82032860cc314d826959b90595a5280a"},"headline":"Lloguer d\u2019equips audiovisuals a Barcelona, la soluci\u00f3 per a esdeveniments","datePublished":"2018-02-13T16:44:08+00:00","mainEntityOfPage":{"@id":"https:\/\/eikonos.com\/ca\/blog\/lloguer-dequips-audiovisuals-a-barcelona-la-solucio-per-a-esdeveniments\/"},"wordCount":547,"commentCount":0,"publisher":{"@id":"https:\/\/eikonos.com\/ca\/#organization"},"image":{"@id":"https:\/\/eikonos.com\/ca\/blog\/lloguer-dequips-audiovisuals-a-barcelona-la-solucio-per-a-esdeveniments\/#primaryimage"},"thumbnailUrl":"https:\/\/eikonos.com\/wp-content\/uploads\/2018\/03\/EIKONOS-162-1.jpg","articleSection":["Esdeveniments audiovisuals","Lloguer d'equips"],"inLanguage":"ca","potentialAction":[{"@type":"CommentAction","name":"Comment","target":["https:\/\/eikonos.com\/ca\/blog\/lloguer-dequips-audiovisuals-a-barcelona-la-solucio-per-a-esdeveniments\/#respond"]}]},{"@type":"WebPage","@id":"https:\/\/eikonos.com\/ca\/blog\/lloguer-dequips-audiovisuals-a-barcelona-la-solucio-per-a-esdeveniments\/","url":"https:\/\/eikonos.com\/ca\/blog\/lloguer-dequips-audiovisuals-a-barcelona-la-solucio-per-a-esdeveniments\/","name":"Alquiler audiovisual en Barcelona, la soluci\u00f3n para eventos","isPartOf":{"@id":"https:\/\/eikonos.com\/ca\/#website"},"primaryImageOfPage":{"@id":"https:\/\/eikonos.com\/ca\/blog\/lloguer-dequips-audiovisuals-a-barcelona-la-solucio-per-a-esdeveniments\/#primaryimage"},"image":{"@id":"https:\/\/eikonos.com\/ca\/blog\/lloguer-dequips-audiovisuals-a-barcelona-la-solucio-per-a-esdeveniments\/#primaryimage"},"thumbnailUrl":"https:\/\/eikonos.com\/wp-content\/uploads\/2018\/03\/EIKONOS-162-1.jpg","datePublished":"2018-02-13T16:44:08+00:00","description":"Si vols organitzar un esdeveniment en la ciutat comtal, no oblidis dels avantatges del lloguer audiovisual a Barcelona. Lloguer d'equips per a esdeveniments.","breadcrumb":{"@id":"https:\/\/eikonos.com\/ca\/blog\/lloguer-dequips-audiovisuals-a-barcelona-la-solucio-per-a-esdeveniments\/#breadcrumb"},"inLanguage":"ca","potentialAction":[{"@type":"ReadAction","target":["https:\/\/eikonos.com\/ca\/blog\/lloguer-dequips-audiovisuals-a-barcelona-la-solucio-per-a-esdeveniments\/"]}]},{"@type":"ImageObject","inLanguage":"ca","@id":"https:\/\/eikonos.com\/ca\/blog\/lloguer-dequips-audiovisuals-a-barcelona-la-solucio-per-a-esdeveniments\/#primaryimage","url":"https:\/\/eikonos.com\/wp-content\/uploads\/2018\/03\/EIKONOS-162-1.jpg","contentUrl":"https:\/\/eikonos.com\/wp-content\/uploads\/2018\/03\/EIKONOS-162-1.jpg","width":724,"height":432,"caption":"alquiler audiovisual en Barcelona"},{"@type":"BreadcrumbList","@id":"https:\/\/eikonos.com\/ca\/blog\/lloguer-dequips-audiovisuals-a-barcelona-la-solucio-per-a-esdeveniments\/#breadcrumb","itemListElement":[{"@type":"ListItem","position":1,"name":"EIKONOS","item":"https:\/\/eikonos.com\/ca\/inici\/"},{"@type":"ListItem","position":2,"name":"Lloguer d\u2019equips audiovisuals a Barcelona, la soluci\u00f3 per a esdeveniments"}]},{"@type":"WebSite","@id":"https:\/\/eikonos.com\/ca\/#website","url":"https:\/\/eikonos.com\/ca\/","name":"EIKONOS","description":"EXPERIENCIA AUDIOVISUAL","publisher":{"@id":"https:\/\/eikonos.com\/ca\/#organization"},"potentialAction":[{"@type":"SearchAction","target":{"@type":"EntryPoint","urlTemplate":"https:\/\/eikonos.com\/ca\/?s={search_term_string}"},"query-input":{"@type":"PropertyValueSpecification","valueRequired":true,"valueName":"search_term_string"}}],"inLanguage":"ca"},{"@type":"Organization","@id":"https:\/\/eikonos.com\/ca\/#organization","name":"EIKONOS | Servicios Audiovisuales, eventos y alquiler de equipos","url":"https:\/\/eikonos.com\/ca\/","logo":{"@type":"ImageObject","inLanguage":"ca","@id":"https:\/\/eikonos.com\/ca\/#\/schema\/logo\/image\/","url":"https:\/\/eikonos.com\/wp-content\/uploads\/2020\/08\/logo-color.png","contentUrl":"https:\/\/eikonos.com\/wp-content\/uploads\/2020\/08\/logo-color.png","width":376,"height":122,"caption":"EIKONOS | Servicios Audiovisuales, eventos y alquiler de equipos"},"image":{"@id":"https:\/\/eikonos.com\/ca\/#\/schema\/logo\/image\/"},"sameAs":["http:\/\/www.facebook.com\/pages\/Eikonos\/176324785746790","https:\/\/x.com\/eikonos_sa","http:\/\/www.linkedin.com\/company\/eikonos","http:\/\/www.youtube.com\/channel\/UC8wcizWaAYbfsuqVf9wIT6w"]},{"@type":"Person","@id":"https:\/\/eikonos.com\/ca\/#\/schema\/person\/82032860cc314d826959b90595a5280a","name":"Xavi Eikonos","image":{"@type":"ImageObject","inLanguage":"ca","@id":"https:\/\/eikonos.com\/ca\/#\/schema\/person\/image\/","url":"https:\/\/secure.gravatar.com\/avatar\/a6c6b51dd0ac6902701aab24a914f6febe1518f94a5ae06db08b3d6107248dfd?s=96&d=mm&r=g","contentUrl":"https:\/\/secure.gravatar.com\/avatar\/a6c6b51dd0ac6902701aab24a914f6febe1518f94a5ae06db08b3d6107248dfd?s=96&d=mm&r=g","caption":"Xavi Eikonos"}}]}},"_links":{"self":[{"href":"https:\/\/eikonos.com\/ca\/wp-json\/wp\/v2\/posts\/5219","targetHints":{"allow":["GET"]}}],"collection":[{"href":"https:\/\/eikonos.com\/ca\/wp-json\/wp\/v2\/posts"}],"about":[{"href":"https:\/\/eikonos.com\/ca\/wp-json\/wp\/v2\/types\/post"}],"author":[{"embeddable":true,"href":"https:\/\/eikonos.com\/ca\/wp-json\/wp\/v2\/users\/6"}],"replies":[{"embeddable":true,"href":"https:\/\/eikonos.com\/ca\/wp-json\/wp\/v2\/comments?post=5219"}],"version-history":[{"count":0,"href":"https:\/\/eikonos.com\/ca\/wp-json\/wp\/v2\/posts\/5219\/revisions"}],"wp:featuredmedia":[{"embeddable":true,"href":"https:\/\/eikonos.com\/ca\/wp-json\/wp\/v2\/media\/5165"}],"wp:attachment":[{"href":"https:\/\/eikonos.com\/ca\/wp-json\/wp\/v2\/media?parent=5219"}],"wp:term":[{"taxonomy":"category","embeddable":true,"href":"https:\/\/eikonos.com\/ca\/wp-json\/wp\/v2\/categories?post=5219"},{"taxonomy":"post_tag","embeddable":true,"href":"https:\/\/eikonos.com\/ca\/wp-json\/wp\/v2\/tags?post=5219"}],"curies":[{"name":"wp","href":"https:\/\/api.w.org\/{rel}","templated":true}]}}