{"id":5196,"date":"2018-03-08T17:11:03","date_gmt":"2018-03-08T16:11:03","guid":{"rendered":"http:\/\/eikonos.com\/?p=5196"},"modified":"2018-03-08T17:11:03","modified_gmt":"2018-03-08T16:11:03","slug":"eikonos-en-el-mobile-world-congress","status":"publish","type":"post","link":"https:\/\/eikonos.com\/ca\/blog\/eikonos-en-el-mobile-world-congress\/","title":{"rendered":"Eikonos en el Mobile World Congress, la feria del sector por excelencia"},"content":{"rendered":"<p>M\u00e1s de 107.000 personas han asistido a la \u00faltima edici\u00f3n del <a href=\"https:\/\/www.mobileworldcongress.com\/\" target=\"_blank\" rel=\"noopener noreferrer\">Mobile World Congress,<\/a> la feria m\u00e1s grande del mundo de la industria del m\u00f3vil y las tecnolog\u00edas digitales. En primera persona hemos vivido el proceso por el que toda feria est\u00e1 sometida: montaje de stands,\u00a0 apertura, multitud\u00a0 de personas, presentaci\u00f3n de las \u00faltimas novedades tecnol\u00f3gicas en stands, etc.<\/p>\n<p>Si quieres conocer cu\u00e1l ha sido nuestra participaci\u00f3n en el MWC 2018 te animamos a seguir leyendo este art\u00edculo.<\/p>\n<h2><\/h2>\n<h2><span style=\"color: #ff0000;\">Un a\u00f1o m\u00e1s en el stand de NEC<\/span><\/h2>\n<p>NEC es una empresa l\u00edder en la integraci\u00f3n de tecnolog\u00edas de vanguardia en inform\u00e1tica, redes y software. Desde hace m\u00e1s de 100 a\u00f1os, proporciona soluciones para \u00a0promover la seguridad, la eficiencia y la igualdad de la sociedad.<\/p>\n<p>Por cuarto a\u00f1o consecutivo, ha confiado en nosotros para <strong>cubrir todas las necesidades audiovisuales y de redes inform\u00e1ticas de su stand de 1.000 m2 en el MWC. <\/strong><\/p>\n<p>El stand estaba dividido en dos zonas. La primera de exposici\u00f3n, contaba con un <strong>equipo de sonido 5.1. a base de NEXO PS10 y LS500, una <a href=\"https:\/\/eikonos.com\/portfolio_page\/pantallas-de-leds\/\">pantalla LED<\/a> Unilumin 2.6mm de 4.5&#215;2.5 metros y 11 cabinas con 43 monitores NEC serie V<\/strong> para ampliar la informaci\u00f3n de los productos.<\/p>\n<p>En la segunda \u00e1rea hab\u00eda <strong>14 salas de reuni\u00f3n completamente equipadas con monitores NEC de 42\u201d y 65\u201d.<\/strong><\/p>\n<p>En total hab\u00eda <strong>300 puntos de conexi\u00f3n de red para los contenidos, internet, control de acceso al stand y reserva de salas, y 70 port\u00e1tiles<\/strong> distribuidos por todo el stand. Tambi\u00e9n contaban con <strong>cuatro t\u00e9cnicos de asistencia diaria<\/strong> para satisfacer las necesidades del cliente.<\/p>\n<h2><a href=\"https:\/\/eikonos.com\/wp-content\/uploads\/2018\/03\/EK-Eikonos-es-proveedor-exclusivo-de-NEC-en-el-Mobile-World-Congress-MWC-Pantallas-LED-sonido-monitores-6-1-1.png\" target=\"_blank\" rel=\"noopener noreferrer\"><img loading=\"lazy\" decoding=\"async\" class=\"wp-image-5227 size-medium alignnone\" src=\"https:\/\/eikonos.com\/wp-content\/uploads\/2018\/03\/EK-Eikonos-es-proveedor-exclusivo-de-NEC-en-el-Mobile-World-Congress-MWC-Pantallas-LED-sonido-monitores-6-1-1-300x169.png\" alt=\"\" width=\"300\" height=\"169\" srcset=\"https:\/\/eikonos.com\/wp-content\/uploads\/2018\/03\/EK-Eikonos-es-proveedor-exclusivo-de-NEC-en-el-Mobile-World-Congress-MWC-Pantallas-LED-sonido-monitores-6-1-1-300x169.png 300w, https:\/\/eikonos.com\/wp-content\/uploads\/2018\/03\/EK-Eikonos-es-proveedor-exclusivo-de-NEC-en-el-Mobile-World-Congress-MWC-Pantallas-LED-sonido-monitores-6-1-1.png 713w\" sizes=\"auto, (max-width: 300px) 100vw, 300px\" \/><\/a> <a href=\"https:\/\/eikonos.com\/wp-content\/uploads\/2018\/03\/Eikonos-es-proveedor-exclusivo-de-NEC-en-el-Mobile-World-Congress-MWC-Pantallas-LED-sonido-monitores-2-1.png\" target=\"_blank\" rel=\"noopener noreferrer\"><img loading=\"lazy\" decoding=\"async\" class=\"wp-image-5230 size-medium alignnone\" src=\"https:\/\/eikonos.com\/wp-content\/uploads\/2018\/03\/Eikonos-es-proveedor-exclusivo-de-NEC-en-el-Mobile-World-Congress-MWC-Pantallas-LED-sonido-monitores-2-1-300x169.png\" alt=\"\" width=\"300\" height=\"169\" srcset=\"https:\/\/eikonos.com\/wp-content\/uploads\/2018\/03\/Eikonos-es-proveedor-exclusivo-de-NEC-en-el-Mobile-World-Congress-MWC-Pantallas-LED-sonido-monitores-2-1-300x169.png 300w, https:\/\/eikonos.com\/wp-content\/uploads\/2018\/03\/Eikonos-es-proveedor-exclusivo-de-NEC-en-el-Mobile-World-Congress-MWC-Pantallas-LED-sonido-monitores-2-1.png 713w\" sizes=\"auto, (max-width: 300px) 100vw, 300px\" \/><\/a> <a href=\"https:\/\/eikonos.com\/wp-content\/uploads\/2018\/03\/Eikonos-es-proveedor-exclusivo-de-NEC-en-el-Mobile-World-Congress-MWC-Pantallas-LED-sonido-monitores-1-2.png\" target=\"_blank\" rel=\"noopener noreferrer\"><img loading=\"lazy\" decoding=\"async\" class=\"wp-image-5225 size-medium alignnone\" src=\"https:\/\/eikonos.com\/wp-content\/uploads\/2018\/03\/Eikonos-es-proveedor-exclusivo-de-NEC-en-el-Mobile-World-Congress-MWC-Pantallas-LED-sonido-monitores-1-2-300x169.png\" alt=\"\" width=\"300\" height=\"169\" srcset=\"https:\/\/eikonos.com\/wp-content\/uploads\/2018\/03\/Eikonos-es-proveedor-exclusivo-de-NEC-en-el-Mobile-World-Congress-MWC-Pantallas-LED-sonido-monitores-1-2-300x169.png 300w, https:\/\/eikonos.com\/wp-content\/uploads\/2018\/03\/Eikonos-es-proveedor-exclusivo-de-NEC-en-el-Mobile-World-Congress-MWC-Pantallas-LED-sonido-monitores-1-2.png 713w\" sizes=\"auto, (max-width: 300px) 100vw, 300px\" \/><\/a> <a href=\"https:\/\/eikonos.com\/wp-content\/uploads\/2018\/03\/Eikonos-es-proveedor-exclusivo-de-NEC-en-el-Mobile-World-Congress-MWC-Pantallas-LED-sonido-monitores-5-1.png\" target=\"_blank\" rel=\"noopener noreferrer\"><img loading=\"lazy\" decoding=\"async\" class=\"wp-image-5223 size-medium alignnone\" src=\"https:\/\/eikonos.com\/wp-content\/uploads\/2018\/03\/Eikonos-es-proveedor-exclusivo-de-NEC-en-el-Mobile-World-Congress-MWC-Pantallas-LED-sonido-monitores-5-1-300x169.png\" alt=\"\" width=\"300\" height=\"169\" srcset=\"https:\/\/eikonos.com\/wp-content\/uploads\/2018\/03\/Eikonos-es-proveedor-exclusivo-de-NEC-en-el-Mobile-World-Congress-MWC-Pantallas-LED-sonido-monitores-5-1-300x169.png 300w, https:\/\/eikonos.com\/wp-content\/uploads\/2018\/03\/Eikonos-es-proveedor-exclusivo-de-NEC-en-el-Mobile-World-Congress-MWC-Pantallas-LED-sonido-monitores-5-1.png 713w\" sizes=\"auto, (max-width: 300px) 100vw, 300px\" \/><\/a><\/h2>\n<h2><\/h2>\n<h2>\u00a0<span style=\"color: #ff0000;\">Dicom Events, una de las agencias que ha confiado en nosotros<\/span><\/h2>\n<p>Dicom Events, agencia de comunicaci\u00f3n, dise\u00f1o y eventos, ha confiado en nosotros para ser su proveedor en varios proyectos del Mobile World Congress.<\/p>\n<h4><u>Ooredoo<\/u><\/h4>\n<p>Compa\u00f1\u00eda internacional de comunicaciones que opera en m\u00e1s de 10 pa\u00edses de Oriente Medio, Norte de \u00c1frica y Sureste de Asia. Ofrece la experiencia l\u00edder de datos a trav\u00e9s de una amplia gama de contenidos y servicios mediante sus avanzadas redes de datos m\u00f3viles y fijas tipo data-centric.<\/p>\n<p>Hemos proporcionado dos <strong>pantallas LED, un videowall de 2&#215;2, kinetic balls, monitores, ordenadores, tablets, asistencia t\u00e9cnica, sonorizado<\/strong> el stand y las conferencias que se desarrollaban en el mismo.<\/p>\n<p><a href=\"https:\/\/eikonos.com\/wp-content\/uploads\/2018\/03\/EK-Stand-Ooredoo-MWC18-Eikonos-Audiovisuales-PantallasLED-iluminacion-videowall-plasmas-4.png\" target=\"_blank\" rel=\"noopener noreferrer\"><img loading=\"lazy\" decoding=\"async\" class=\"alignnone wp-image-5236 size-medium\" src=\"https:\/\/eikonos.com\/wp-content\/uploads\/2018\/03\/EK-Stand-Ooredoo-MWC18-Eikonos-Audiovisuales-PantallasLED-iluminacion-videowall-plasmas-4-300x169.png\" alt=\"\" width=\"300\" height=\"169\" srcset=\"https:\/\/eikonos.com\/wp-content\/uploads\/2018\/03\/EK-Stand-Ooredoo-MWC18-Eikonos-Audiovisuales-PantallasLED-iluminacion-videowall-plasmas-4-300x169.png 300w, https:\/\/eikonos.com\/wp-content\/uploads\/2018\/03\/EK-Stand-Ooredoo-MWC18-Eikonos-Audiovisuales-PantallasLED-iluminacion-videowall-plasmas-4.png 713w\" sizes=\"auto, (max-width: 300px) 100vw, 300px\" \/><\/a>\u00a0\u00a0<a href=\"https:\/\/eikonos.com\/wp-content\/uploads\/2018\/03\/Stand-Ooredoo-MWC18-Eikonos-Audiovisuales-PantallasLED-iluminacion-videowall-plasmas-8.png\" target=\"_blank\" rel=\"noopener noreferrer\"><img loading=\"lazy\" decoding=\"async\" class=\"alignnone wp-image-5238 size-medium\" src=\"https:\/\/eikonos.com\/wp-content\/uploads\/2018\/03\/Stand-Ooredoo-MWC18-Eikonos-Audiovisuales-PantallasLED-iluminacion-videowall-plasmas-8-300x169.png\" alt=\"\" width=\"300\" height=\"169\" srcset=\"https:\/\/eikonos.com\/wp-content\/uploads\/2018\/03\/Stand-Ooredoo-MWC18-Eikonos-Audiovisuales-PantallasLED-iluminacion-videowall-plasmas-8-300x169.png 300w, https:\/\/eikonos.com\/wp-content\/uploads\/2018\/03\/Stand-Ooredoo-MWC18-Eikonos-Audiovisuales-PantallasLED-iluminacion-videowall-plasmas-8.png 713w\" sizes=\"auto, (max-width: 300px) 100vw, 300px\" \/><\/a>\u00a0\u00a0<a href=\"https:\/\/eikonos.com\/wp-content\/uploads\/2018\/03\/Stand-Ooredoo-MWC18-Eikonos-Audiovisuales-PantallasLED-iluminacion-videowall-plasmas-8A.png\" target=\"_blank\" rel=\"noopener noreferrer\"><img loading=\"lazy\" decoding=\"async\" class=\"alignnone wp-image-5239 size-medium\" src=\"https:\/\/eikonos.com\/wp-content\/uploads\/2018\/03\/Stand-Ooredoo-MWC18-Eikonos-Audiovisuales-PantallasLED-iluminacion-videowall-plasmas-8A-300x169.png\" alt=\"\" width=\"300\" height=\"169\" srcset=\"https:\/\/eikonos.com\/wp-content\/uploads\/2018\/03\/Stand-Ooredoo-MWC18-Eikonos-Audiovisuales-PantallasLED-iluminacion-videowall-plasmas-8A-300x169.png 300w, https:\/\/eikonos.com\/wp-content\/uploads\/2018\/03\/Stand-Ooredoo-MWC18-Eikonos-Audiovisuales-PantallasLED-iluminacion-videowall-plasmas-8A.png 713w\" sizes=\"auto, (max-width: 300px) 100vw, 300px\" \/><\/a>\u00a0<a href=\"https:\/\/eikonos.com\/wp-content\/uploads\/2018\/03\/Stand-Ooredoo-MWC18-Eikonos-Audiovisuales-PantallasLED-iluminacion-videowall-plasmas-7.png\" target=\"_blank\" rel=\"noopener noreferrer\"><img loading=\"lazy\" decoding=\"async\" class=\"alignnone wp-image-5237 size-medium\" src=\"https:\/\/eikonos.com\/wp-content\/uploads\/2018\/03\/Stand-Ooredoo-MWC18-Eikonos-Audiovisuales-PantallasLED-iluminacion-videowall-plasmas-7-300x182.png\" alt=\"\" width=\"300\" height=\"182\" srcset=\"https:\/\/eikonos.com\/wp-content\/uploads\/2018\/03\/Stand-Ooredoo-MWC18-Eikonos-Audiovisuales-PantallasLED-iluminacion-videowall-plasmas-7-300x182.png 300w, https:\/\/eikonos.com\/wp-content\/uploads\/2018\/03\/Stand-Ooredoo-MWC18-Eikonos-Audiovisuales-PantallasLED-iluminacion-videowall-plasmas-7.png 662w\" sizes=\"auto, (max-width: 300px) 100vw, 300px\" \/><\/a><\/p>\n<h4><u>LoRa Alliance<\/u><\/h4>\n<p>Asociaci\u00f3n sin fines de lucro cuyos miembros colaboran estrechamente y comparten experiencias para promover el protocolo LoRa WAN.<\/p>\n<p>Hemos <strong>suministrado, instalado y asistido t\u00e9cnicamente los medios audiovisuales del stand.<\/strong><\/p>\n<p><a href=\"https:\/\/eikonos.com\/wp-content\/uploads\/2018\/03\/Eikonos-en-el-stand-de-Lora-Alliance-del-Mobile-World-Congress-MWC-monitores-plasmas-2-1.png\" target=\"_blank\" rel=\"noopener noreferrer\"><img loading=\"lazy\" decoding=\"async\" class=\"alignnone wp-image-5243 size-medium\" src=\"https:\/\/eikonos.com\/wp-content\/uploads\/2018\/03\/Eikonos-en-el-stand-de-Lora-Alliance-del-Mobile-World-Congress-MWC-monitores-plasmas-2-1-300x169.png\" alt=\"\" width=\"300\" height=\"169\" srcset=\"https:\/\/eikonos.com\/wp-content\/uploads\/2018\/03\/Eikonos-en-el-stand-de-Lora-Alliance-del-Mobile-World-Congress-MWC-monitores-plasmas-2-1-300x169.png 300w, https:\/\/eikonos.com\/wp-content\/uploads\/2018\/03\/Eikonos-en-el-stand-de-Lora-Alliance-del-Mobile-World-Congress-MWC-monitores-plasmas-2-1.png 713w\" sizes=\"auto, (max-width: 300px) 100vw, 300px\" \/><\/a>\u00a0\u00a0<a href=\"https:\/\/eikonos.com\/wp-content\/uploads\/2018\/03\/Eikonos-en-el-stand-de-Lora-Alliance-del-Mobile-World-Congress-MWC-monitores-plasmas-1-2.png\" target=\"_blank\" rel=\"noopener noreferrer\"><img loading=\"lazy\" decoding=\"async\" class=\"alignnone wp-image-5242 size-medium\" src=\"https:\/\/eikonos.com\/wp-content\/uploads\/2018\/03\/Eikonos-en-el-stand-de-Lora-Alliance-del-Mobile-World-Congress-MWC-monitores-plasmas-1-2-300x169.png\" alt=\"\" width=\"300\" height=\"169\" srcset=\"https:\/\/eikonos.com\/wp-content\/uploads\/2018\/03\/Eikonos-en-el-stand-de-Lora-Alliance-del-Mobile-World-Congress-MWC-monitores-plasmas-1-2-300x169.png 300w, https:\/\/eikonos.com\/wp-content\/uploads\/2018\/03\/Eikonos-en-el-stand-de-Lora-Alliance-del-Mobile-World-Congress-MWC-monitores-plasmas-1-2.png 713w\" sizes=\"auto, (max-width: 300px) 100vw, 300px\" \/><\/a>\u00a0\u00a0<a href=\"https:\/\/eikonos.com\/wp-content\/uploads\/2018\/03\/EK-ikonos-en-el-stand-de-Lora-Alliance-del-Mobile-World-Congress-MWC-monitores-plasmas-3-2.png\" target=\"_blank\" rel=\"noopener noreferrer\"><img loading=\"lazy\" decoding=\"async\" class=\"alignnone wp-image-5244 size-medium\" src=\"https:\/\/eikonos.com\/wp-content\/uploads\/2018\/03\/EK-ikonos-en-el-stand-de-Lora-Alliance-del-Mobile-World-Congress-MWC-monitores-plasmas-3-2-300x169.png\" alt=\"\" width=\"300\" height=\"169\" srcset=\"https:\/\/eikonos.com\/wp-content\/uploads\/2018\/03\/EK-ikonos-en-el-stand-de-Lora-Alliance-del-Mobile-World-Congress-MWC-monitores-plasmas-3-2-300x169.png 300w, https:\/\/eikonos.com\/wp-content\/uploads\/2018\/03\/EK-ikonos-en-el-stand-de-Lora-Alliance-del-Mobile-World-Congress-MWC-monitores-plasmas-3-2.png 713w\" sizes=\"auto, (max-width: 300px) 100vw, 300px\" \/><\/a><\/p>\n<h4><u>Mobile World Capital Barcelona<\/u><\/h4>\n<p>Iniciativa que impulsa la transformaci\u00f3n m\u00f3vil y digital de la sociedad, que acoge el Mobile World Congress y organiza el 4 Years From Now.<\/p>\n<p>Hemos suministrado, montado y asistido t\u00e9cnicamente el stand con la <strong>pantalla de LED central, un videowall interactivo y varios monitores<\/strong>\u00a0distribuidos por el stand.<\/p>\n<p><a href=\"https:\/\/eikonos.com\/wp-content\/uploads\/2018\/03\/Eikonos-en-el-stand-del-Mobile-World-Capital-Barcelona-Pantallas-LED-videowall-interactivo-plasmas-9-1.png\" target=\"_blank\" rel=\"noopener noreferrer\"><img loading=\"lazy\" decoding=\"async\" class=\"alignnone wp-image-5246 size-medium\" src=\"https:\/\/eikonos.com\/wp-content\/uploads\/2018\/03\/Eikonos-en-el-stand-del-Mobile-World-Capital-Barcelona-Pantallas-LED-videowall-interactivo-plasmas-9-1-300x169.png\" alt=\"\" width=\"300\" height=\"169\" srcset=\"https:\/\/eikonos.com\/wp-content\/uploads\/2018\/03\/Eikonos-en-el-stand-del-Mobile-World-Capital-Barcelona-Pantallas-LED-videowall-interactivo-plasmas-9-1-300x169.png 300w, https:\/\/eikonos.com\/wp-content\/uploads\/2018\/03\/Eikonos-en-el-stand-del-Mobile-World-Capital-Barcelona-Pantallas-LED-videowall-interactivo-plasmas-9-1.png 713w\" sizes=\"auto, (max-width: 300px) 100vw, 300px\" \/><\/a>\u00a0\u00a0<a href=\"https:\/\/eikonos.com\/wp-content\/uploads\/2018\/03\/EK-ikonos-en-el-stand-del-Mobile-World-Capital-Barcelona-Pantallas-LED-videowall-interactivo-plasmas-8-2.png\" target=\"_blank\" rel=\"noopener noreferrer\"><img loading=\"lazy\" decoding=\"async\" class=\"alignnone wp-image-5248 size-medium\" src=\"https:\/\/eikonos.com\/wp-content\/uploads\/2018\/03\/EK-ikonos-en-el-stand-del-Mobile-World-Capital-Barcelona-Pantallas-LED-videowall-interactivo-plasmas-8-2-300x169.png\" alt=\"\" width=\"300\" height=\"169\" srcset=\"https:\/\/eikonos.com\/wp-content\/uploads\/2018\/03\/EK-ikonos-en-el-stand-del-Mobile-World-Capital-Barcelona-Pantallas-LED-videowall-interactivo-plasmas-8-2-300x169.png 300w, https:\/\/eikonos.com\/wp-content\/uploads\/2018\/03\/EK-ikonos-en-el-stand-del-Mobile-World-Capital-Barcelona-Pantallas-LED-videowall-interactivo-plasmas-8-2.png 713w\" sizes=\"auto, (max-width: 300px) 100vw, 300px\" \/><\/a>\u00a0\u00a0<a href=\"https:\/\/eikonos.com\/wp-content\/uploads\/2018\/03\/Eikonos-en-el-stand-del-Mobile-World-Capital-Barcelona-Pantallas-LED-videowall-interactivo-plasmas-10-1.png\" target=\"_blank\" rel=\"noopener noreferrer\"><img loading=\"lazy\" decoding=\"async\" class=\"alignnone wp-image-5247 size-medium\" src=\"https:\/\/eikonos.com\/wp-content\/uploads\/2018\/03\/Eikonos-en-el-stand-del-Mobile-World-Capital-Barcelona-Pantallas-LED-videowall-interactivo-plasmas-10-1-300x169.png\" alt=\"\" width=\"300\" height=\"169\" srcset=\"https:\/\/eikonos.com\/wp-content\/uploads\/2018\/03\/Eikonos-en-el-stand-del-Mobile-World-Capital-Barcelona-Pantallas-LED-videowall-interactivo-plasmas-10-1-300x169.png 300w, https:\/\/eikonos.com\/wp-content\/uploads\/2018\/03\/Eikonos-en-el-stand-del-Mobile-World-Capital-Barcelona-Pantallas-LED-videowall-interactivo-plasmas-10-1.png 713w\" sizes=\"auto, (max-width: 300px) 100vw, 300px\" \/><\/a>\u00a0 \u00a0<a href=\"https:\/\/eikonos.com\/wp-content\/uploads\/2018\/03\/Eikonos-en-el-stand-del-Mobile-World-Capital-Barcelona-Pantallas-LED-videowall-interactivo-plasmas-2-1.png\" target=\"_blank\" rel=\"noopener noreferrer\"><img loading=\"lazy\" decoding=\"async\" class=\"alignnone wp-image-5245 size-medium\" src=\"https:\/\/eikonos.com\/wp-content\/uploads\/2018\/03\/Eikonos-en-el-stand-del-Mobile-World-Capital-Barcelona-Pantallas-LED-videowall-interactivo-plasmas-2-1-300x169.png\" alt=\"\" width=\"300\" height=\"169\" srcset=\"https:\/\/eikonos.com\/wp-content\/uploads\/2018\/03\/Eikonos-en-el-stand-del-Mobile-World-Capital-Barcelona-Pantallas-LED-videowall-interactivo-plasmas-2-1-300x169.png 300w, https:\/\/eikonos.com\/wp-content\/uploads\/2018\/03\/Eikonos-en-el-stand-del-Mobile-World-Capital-Barcelona-Pantallas-LED-videowall-interactivo-plasmas-2-1.png 713w\" sizes=\"auto, (max-width: 300px) 100vw, 300px\" \/><\/a><\/p>\n<h4><u>Gardens<\/u><\/h4>\n<p>GSMA habilita zonas de restauraci\u00f3n y networking al aire libre durante las ediciones del MWC llamadas Gardens.<\/p>\n<p>En este caso, hemos suministrado, instalado y asistido las <strong>pantallas LED y los monitores<\/strong>\u00a0para las zonas de los distintos sponsors.<\/p>\n<h2>\u00a0<a href=\"https:\/\/eikonos.com\/wp-content\/uploads\/2018\/03\/EK-ikonos-en-los-gardens-del-Mobile-World-Congress-MWC-PAntalla-LED-monitores-1-1.png\" target=\"_blank\" rel=\"noopener noreferrer\"><img loading=\"lazy\" decoding=\"async\" class=\"alignnone wp-image-5251 size-medium\" src=\"https:\/\/eikonos.com\/wp-content\/uploads\/2018\/03\/EK-ikonos-en-los-gardens-del-Mobile-World-Congress-MWC-PAntalla-LED-monitores-1-1-300x169.png\" alt=\"\" width=\"300\" height=\"169\" srcset=\"https:\/\/eikonos.com\/wp-content\/uploads\/2018\/03\/EK-ikonos-en-los-gardens-del-Mobile-World-Congress-MWC-PAntalla-LED-monitores-1-1-300x169.png 300w, https:\/\/eikonos.com\/wp-content\/uploads\/2018\/03\/EK-ikonos-en-los-gardens-del-Mobile-World-Congress-MWC-PAntalla-LED-monitores-1-1.png 713w\" sizes=\"auto, (max-width: 300px) 100vw, 300px\" \/><\/a>\u00a0\u00a0<a href=\"https:\/\/eikonos.com\/wp-content\/uploads\/2018\/03\/Eikonos-en-los-gardens-del-Mobile-World-Congress-MWC-PAntalla-LED-monitores-2-1.png\" target=\"_blank\" rel=\"noopener noreferrer\"><img loading=\"lazy\" decoding=\"async\" class=\"alignnone wp-image-5249 size-medium\" src=\"https:\/\/eikonos.com\/wp-content\/uploads\/2018\/03\/Eikonos-en-los-gardens-del-Mobile-World-Congress-MWC-PAntalla-LED-monitores-2-1-300x169.png\" alt=\"\" width=\"300\" height=\"169\" srcset=\"https:\/\/eikonos.com\/wp-content\/uploads\/2018\/03\/Eikonos-en-los-gardens-del-Mobile-World-Congress-MWC-PAntalla-LED-monitores-2-1-300x169.png 300w, https:\/\/eikonos.com\/wp-content\/uploads\/2018\/03\/Eikonos-en-los-gardens-del-Mobile-World-Congress-MWC-PAntalla-LED-monitores-2-1.png 713w\" sizes=\"auto, (max-width: 300px) 100vw, 300px\" \/><\/a>\u00a0\u00a0 <a href=\"https:\/\/eikonos.com\/wp-content\/uploads\/2018\/03\/Eikonos-en-los-gardens-del-Mobile-World-Congress-MWC-PAntalla-LED-monitores-3-1.png\" target=\"_blank\" rel=\"noopener noreferrer\"><img loading=\"lazy\" decoding=\"async\" class=\"alignnone wp-image-5250 size-medium\" src=\"https:\/\/eikonos.com\/wp-content\/uploads\/2018\/03\/Eikonos-en-los-gardens-del-Mobile-World-Congress-MWC-PAntalla-LED-monitores-3-1-300x169.png\" alt=\"\" width=\"300\" height=\"169\" srcset=\"https:\/\/eikonos.com\/wp-content\/uploads\/2018\/03\/Eikonos-en-los-gardens-del-Mobile-World-Congress-MWC-PAntalla-LED-monitores-3-1-300x169.png 300w, https:\/\/eikonos.com\/wp-content\/uploads\/2018\/03\/Eikonos-en-los-gardens-del-Mobile-World-Congress-MWC-PAntalla-LED-monitores-3-1.png 713w\" sizes=\"auto, (max-width: 300px) 100vw, 300px\" \/><\/a><\/h2>\n<h2><span style=\"color: #ff0000;\">Proveedores de equipos audiovisuales <\/span><\/h2>\n<p>Los stands de Fira Gran Via quer\u00edan destacar del resto y un recurso para conseguirlo eran los equipos audiovisuales. Por este motivo, hemos <a href=\"https:\/\/eikonos.com\/contacto\/\">recibido y servido varias peticiones de alquiler de material audiovisual<\/a> de clientes, que desafortunadamente no podemos revelar por temas de privacidad, como\u00a0<strong>pantallas LED, videowalls, pantallas t\u00e1ctiles, m\u00faltiples sistemas de reproducci\u00f3n como Watchout y equipos de sonido.\u00a0<\/strong><\/p>\n<h2><\/h2>\n<h2><span style=\"color: #ff0000;\">El personal t\u00e9cnico<\/span><\/h2>\n<p>Disponer de material audiovisual de \u00faltima generaci\u00f3n que ofrezca una experiencia \u00f3ptima es b\u00e1sico, pero contar con los mejores profesionales que sepan utilizar estos equipos y se impliquen en los proyectos es imprescindible.<\/p>\n<p>Tras meses de trabajo en los distintos stands para el Mobile World Congress, ha habido decenas de personas implicadas que han dado lo mejor de cada una ellas. Un equipo cohesionado y comprometido ha permitido conseguir unos resultados excelentes, quedando los clientes muy satisfechos con el resultado final de los stands y la implicaci\u00f3n de nuestro personal.<\/p>\n<p>&nbsp;<\/p>\n<p>En EIKONOS somos expertos en cumplir con las necesidades de nuestros clientes, especialmente cuando se trata del\u00a0<strong>alquiler de equipos y asistencia t\u00e9cnica para stands<\/strong>. \u00bfBuscas monitores, pantallas LED, videowalls&#8230; para tu pr\u00f3ximo evento o stand?\u00a0<strong><em>\u00a1Hablemos!<\/em><\/strong><\/p>\n<p><a href=\"https:\/\/eikonos.com\/contacto\/\"><img loading=\"lazy\" decoding=\"async\" class=\"aligncenter wp-image-3063 size-full\" src=\"https:\/\/eikonos.com\/wp-content\/uploads\/2016\/06\/eikonos-cta-instalaciones-fijas-stands.png\" alt=\"Stands audiovisuales para ferias\" width=\"741\" height=\"250\" srcset=\"https:\/\/eikonos.com\/wp-content\/uploads\/2016\/06\/eikonos-cta-instalaciones-fijas-stands.png 741w, https:\/\/eikonos.com\/wp-content\/uploads\/2016\/06\/eikonos-cta-instalaciones-fijas-stands-300x101.png 300w\" sizes=\"auto, (max-width: 741px) 100vw, 741px\" \/><\/a><\/p>\n<p>&nbsp;<\/p>\n<p>&nbsp;<\/p>\n","protected":false},"excerpt":{"rendered":"<p>M\u00e1s de 107.000 personas han asistido a la \u00faltima edici\u00f3n del Mobile World Congress, la&#8230;<\/p>\n","protected":false},"author":6,"featured_media":5203,"comment_status":"open","ping_status":"open","sticky":false,"template":"","format":"standard","meta":{"_acf_changed":false,"footnotes":""},"categories":[266],"tags":[306,282],"class_list":["post-5196","post","type-post","status-publish","format-standard","has-post-thumbnail","hentry","category-eikonos","tag-ferias-y-congresos","tag-pantallas-de-led"],"acf":[],"yoast_head":"<!-- This site is optimized with the Yoast SEO plugin v26.3 - https:\/\/yoast.com\/wordpress\/plugins\/seo\/ -->\n<title>Eikonos en el Mobile World Congress, la feria del sector por excelencia<\/title>\n<meta name=\"description\" content=\"Conoce la participaci\u00f3n de Eikonos en los distintos stands del Mobile World Congress, la feria m\u00e1s grande del mundo de la industria del m\u00f3vil y las tecnolog\u00edas digitales.\" \/>\n<meta name=\"robots\" content=\"index, follow, max-snippet:-1, max-image-preview:large, max-video-preview:-1\" \/>\n<link rel=\"canonical\" href=\"https:\/\/eikonos.com\/ca\/blog\/eikonos-en-el-mobile-world-congress\/\" \/>\n<meta property=\"og:locale\" content=\"ca_ES\" \/>\n<meta property=\"og:type\" content=\"article\" \/>\n<meta property=\"og:title\" content=\"Eikonos en el Mobile World Congress, la feria del sector por excelencia\" \/>\n<meta property=\"og:description\" content=\"Conoce la participaci\u00f3n de Eikonos en los distintos stands del Mobile World Congress, la feria m\u00e1s grande del mundo de la industria del m\u00f3vil y las tecnolog\u00edas digitales.\" \/>\n<meta property=\"og:url\" content=\"https:\/\/eikonos.com\/ca\/blog\/eikonos-en-el-mobile-world-congress\/\" \/>\n<meta property=\"og:site_name\" content=\"EIKONOS\" \/>\n<meta property=\"article:publisher\" content=\"http:\/\/www.facebook.com\/pages\/Eikonos\/176324785746790\" \/>\n<meta property=\"article:published_time\" content=\"2018-03-08T16:11:03+00:00\" \/>\n<meta property=\"og:image\" content=\"https:\/\/eikonos.com\/wp-content\/uploads\/2018\/03\/Stand-Ooredoo-MWC18-Eikonos-Audiovisuales-PantallasLED-iluminacion-videowall-plasmas-4-1024x576.png\" \/>\n\t<meta property=\"og:image:width\" content=\"1024\" \/>\n\t<meta property=\"og:image:height\" content=\"576\" \/>\n\t<meta property=\"og:image:type\" content=\"image\/png\" \/>\n<meta name=\"author\" content=\"Xavi Eikonos\" \/>\n<meta name=\"twitter:card\" content=\"summary_large_image\" \/>\n<meta name=\"twitter:creator\" content=\"@eikonos_sa\" \/>\n<meta name=\"twitter:site\" content=\"@eikonos_sa\" \/>\n<meta name=\"twitter:label1\" content=\"Escrit per\" \/>\n\t<meta name=\"twitter:data1\" content=\"Xavi Eikonos\" \/>\n\t<meta name=\"twitter:label2\" content=\"Temps estimat de lectura\" \/>\n\t<meta name=\"twitter:data2\" content=\"4 minuts\" \/>\n<script type=\"application\/ld+json\" class=\"yoast-schema-graph\">{\"@context\":\"https:\/\/schema.org\",\"@graph\":[{\"@type\":\"Article\",\"@id\":\"https:\/\/eikonos.com\/ca\/blog\/eikonos-en-el-mobile-world-congress\/#article\",\"isPartOf\":{\"@id\":\"https:\/\/eikonos.com\/ca\/blog\/eikonos-en-el-mobile-world-congress\/\"},\"author\":{\"name\":\"Xavi Eikonos\",\"@id\":\"https:\/\/eikonos.com\/ca\/#\/schema\/person\/82032860cc314d826959b90595a5280a\"},\"headline\":\"Eikonos en el Mobile World Congress, la feria del sector por excelencia\",\"datePublished\":\"2018-03-08T16:11:03+00:00\",\"mainEntityOfPage\":{\"@id\":\"https:\/\/eikonos.com\/ca\/blog\/eikonos-en-el-mobile-world-congress\/\"},\"wordCount\":743,\"commentCount\":0,\"publisher\":{\"@id\":\"https:\/\/eikonos.com\/ca\/#organization\"},\"image\":{\"@id\":\"https:\/\/eikonos.com\/ca\/blog\/eikonos-en-el-mobile-world-congress\/#primaryimage\"},\"thumbnailUrl\":\"https:\/\/eikonos.com\/wp-content\/uploads\/2018\/03\/Stand-Ooredoo-MWC18-Eikonos-Audiovisuales-PantallasLED-iluminacion-videowall-plasmas-4.png\",\"keywords\":[\"ferias y congresos\",\"pantallas de led\"],\"articleSection\":[\"Eikonos\"],\"inLanguage\":\"ca\",\"potentialAction\":[{\"@type\":\"CommentAction\",\"name\":\"Comment\",\"target\":[\"https:\/\/eikonos.com\/ca\/blog\/eikonos-en-el-mobile-world-congress\/#respond\"]}]},{\"@type\":\"WebPage\",\"@id\":\"https:\/\/eikonos.com\/ca\/blog\/eikonos-en-el-mobile-world-congress\/\",\"url\":\"https:\/\/eikonos.com\/ca\/blog\/eikonos-en-el-mobile-world-congress\/\",\"name\":\"Eikonos en el Mobile World Congress, la feria del sector por excelencia\",\"isPartOf\":{\"@id\":\"https:\/\/eikonos.com\/ca\/#website\"},\"primaryImageOfPage\":{\"@id\":\"https:\/\/eikonos.com\/ca\/blog\/eikonos-en-el-mobile-world-congress\/#primaryimage\"},\"image\":{\"@id\":\"https:\/\/eikonos.com\/ca\/blog\/eikonos-en-el-mobile-world-congress\/#primaryimage\"},\"thumbnailUrl\":\"https:\/\/eikonos.com\/wp-content\/uploads\/2018\/03\/Stand-Ooredoo-MWC18-Eikonos-Audiovisuales-PantallasLED-iluminacion-videowall-plasmas-4.png\",\"datePublished\":\"2018-03-08T16:11:03+00:00\",\"description\":\"Conoce la participaci\u00f3n de Eikonos en los distintos stands del Mobile World Congress, la feria m\u00e1s grande del mundo de la industria del m\u00f3vil y las tecnolog\u00edas digitales.\",\"breadcrumb\":{\"@id\":\"https:\/\/eikonos.com\/ca\/blog\/eikonos-en-el-mobile-world-congress\/#breadcrumb\"},\"inLanguage\":\"ca\",\"potentialAction\":[{\"@type\":\"ReadAction\",\"target\":[\"https:\/\/eikonos.com\/ca\/blog\/eikonos-en-el-mobile-world-congress\/\"]}]},{\"@type\":\"ImageObject\",\"inLanguage\":\"ca\",\"@id\":\"https:\/\/eikonos.com\/ca\/blog\/eikonos-en-el-mobile-world-congress\/#primaryimage\",\"url\":\"https:\/\/eikonos.com\/wp-content\/uploads\/2018\/03\/Stand-Ooredoo-MWC18-Eikonos-Audiovisuales-PantallasLED-iluminacion-videowall-plasmas-4.png\",\"contentUrl\":\"https:\/\/eikonos.com\/wp-content\/uploads\/2018\/03\/Stand-Ooredoo-MWC18-Eikonos-Audiovisuales-PantallasLED-iluminacion-videowall-plasmas-4.png\",\"width\":1920,\"height\":1080},{\"@type\":\"BreadcrumbList\",\"@id\":\"https:\/\/eikonos.com\/ca\/blog\/eikonos-en-el-mobile-world-congress\/#breadcrumb\",\"itemListElement\":[{\"@type\":\"ListItem\",\"position\":1,\"name\":\"EIKONOS\",\"item\":\"https:\/\/eikonos.com\/ca\/inici\/\"},{\"@type\":\"ListItem\",\"position\":2,\"name\":\"Eikonos en el Mobile World Congress, la feria del sector por excelencia\"}]},{\"@type\":\"WebSite\",\"@id\":\"https:\/\/eikonos.com\/ca\/#website\",\"url\":\"https:\/\/eikonos.com\/ca\/\",\"name\":\"EIKONOS\",\"description\":\"EXPERIENCIA AUDIOVISUAL\",\"publisher\":{\"@id\":\"https:\/\/eikonos.com\/ca\/#organization\"},\"potentialAction\":[{\"@type\":\"SearchAction\",\"target\":{\"@type\":\"EntryPoint\",\"urlTemplate\":\"https:\/\/eikonos.com\/ca\/?s={search_term_string}\"},\"query-input\":{\"@type\":\"PropertyValueSpecification\",\"valueRequired\":true,\"valueName\":\"search_term_string\"}}],\"inLanguage\":\"ca\"},{\"@type\":\"Organization\",\"@id\":\"https:\/\/eikonos.com\/ca\/#organization\",\"name\":\"EIKONOS | Servicios Audiovisuales, eventos y alquiler de equipos\",\"url\":\"https:\/\/eikonos.com\/ca\/\",\"logo\":{\"@type\":\"ImageObject\",\"inLanguage\":\"ca\",\"@id\":\"https:\/\/eikonos.com\/ca\/#\/schema\/logo\/image\/\",\"url\":\"https:\/\/eikonos.com\/wp-content\/uploads\/2020\/08\/logo-color.png\",\"contentUrl\":\"https:\/\/eikonos.com\/wp-content\/uploads\/2020\/08\/logo-color.png\",\"width\":376,\"height\":122,\"caption\":\"EIKONOS | Servicios Audiovisuales, eventos y alquiler de equipos\"},\"image\":{\"@id\":\"https:\/\/eikonos.com\/ca\/#\/schema\/logo\/image\/\"},\"sameAs\":[\"http:\/\/www.facebook.com\/pages\/Eikonos\/176324785746790\",\"https:\/\/x.com\/eikonos_sa\",\"http:\/\/www.linkedin.com\/company\/eikonos\",\"http:\/\/www.youtube.com\/channel\/UC8wcizWaAYbfsuqVf9wIT6w\"]},{\"@type\":\"Person\",\"@id\":\"https:\/\/eikonos.com\/ca\/#\/schema\/person\/82032860cc314d826959b90595a5280a\",\"name\":\"Xavi Eikonos\",\"image\":{\"@type\":\"ImageObject\",\"inLanguage\":\"ca\",\"@id\":\"https:\/\/eikonos.com\/ca\/#\/schema\/person\/image\/\",\"url\":\"https:\/\/secure.gravatar.com\/avatar\/a6c6b51dd0ac6902701aab24a914f6febe1518f94a5ae06db08b3d6107248dfd?s=96&d=mm&r=g\",\"contentUrl\":\"https:\/\/secure.gravatar.com\/avatar\/a6c6b51dd0ac6902701aab24a914f6febe1518f94a5ae06db08b3d6107248dfd?s=96&d=mm&r=g\",\"caption\":\"Xavi Eikonos\"}}]}<\/script>\n<!-- \/ Yoast SEO plugin. -->","yoast_head_json":{"title":"Eikonos en el Mobile World Congress, la feria del sector por excelencia","description":"Conoce la participaci\u00f3n de Eikonos en los distintos stands del Mobile World Congress, la feria m\u00e1s grande del mundo de la industria del m\u00f3vil y las tecnolog\u00edas digitales.","robots":{"index":"index","follow":"follow","max-snippet":"max-snippet:-1","max-image-preview":"max-image-preview:large","max-video-preview":"max-video-preview:-1"},"canonical":"https:\/\/eikonos.com\/ca\/blog\/eikonos-en-el-mobile-world-congress\/","og_locale":"ca_ES","og_type":"article","og_title":"Eikonos en el Mobile World Congress, la feria del sector por excelencia","og_description":"Conoce la participaci\u00f3n de Eikonos en los distintos stands del Mobile World Congress, la feria m\u00e1s grande del mundo de la industria del m\u00f3vil y las tecnolog\u00edas digitales.","og_url":"https:\/\/eikonos.com\/ca\/blog\/eikonos-en-el-mobile-world-congress\/","og_site_name":"EIKONOS","article_publisher":"http:\/\/www.facebook.com\/pages\/Eikonos\/176324785746790","article_published_time":"2018-03-08T16:11:03+00:00","og_image":[{"width":1024,"height":576,"url":"https:\/\/eikonos.com\/wp-content\/uploads\/2018\/03\/Stand-Ooredoo-MWC18-Eikonos-Audiovisuales-PantallasLED-iluminacion-videowall-plasmas-4-1024x576.png","type":"image\/png"}],"author":"Xavi Eikonos","twitter_card":"summary_large_image","twitter_creator":"@eikonos_sa","twitter_site":"@eikonos_sa","twitter_misc":{"Escrit per":"Xavi Eikonos","Temps estimat de lectura":"4 minuts"},"schema":{"@context":"https:\/\/schema.org","@graph":[{"@type":"Article","@id":"https:\/\/eikonos.com\/ca\/blog\/eikonos-en-el-mobile-world-congress\/#article","isPartOf":{"@id":"https:\/\/eikonos.com\/ca\/blog\/eikonos-en-el-mobile-world-congress\/"},"author":{"name":"Xavi Eikonos","@id":"https:\/\/eikonos.com\/ca\/#\/schema\/person\/82032860cc314d826959b90595a5280a"},"headline":"Eikonos en el Mobile World Congress, la feria del sector por excelencia","datePublished":"2018-03-08T16:11:03+00:00","mainEntityOfPage":{"@id":"https:\/\/eikonos.com\/ca\/blog\/eikonos-en-el-mobile-world-congress\/"},"wordCount":743,"commentCount":0,"publisher":{"@id":"https:\/\/eikonos.com\/ca\/#organization"},"image":{"@id":"https:\/\/eikonos.com\/ca\/blog\/eikonos-en-el-mobile-world-congress\/#primaryimage"},"thumbnailUrl":"https:\/\/eikonos.com\/wp-content\/uploads\/2018\/03\/Stand-Ooredoo-MWC18-Eikonos-Audiovisuales-PantallasLED-iluminacion-videowall-plasmas-4.png","keywords":["ferias y congresos","pantallas de led"],"articleSection":["Eikonos"],"inLanguage":"ca","potentialAction":[{"@type":"CommentAction","name":"Comment","target":["https:\/\/eikonos.com\/ca\/blog\/eikonos-en-el-mobile-world-congress\/#respond"]}]},{"@type":"WebPage","@id":"https:\/\/eikonos.com\/ca\/blog\/eikonos-en-el-mobile-world-congress\/","url":"https:\/\/eikonos.com\/ca\/blog\/eikonos-en-el-mobile-world-congress\/","name":"Eikonos en el Mobile World Congress, la feria del sector por excelencia","isPartOf":{"@id":"https:\/\/eikonos.com\/ca\/#website"},"primaryImageOfPage":{"@id":"https:\/\/eikonos.com\/ca\/blog\/eikonos-en-el-mobile-world-congress\/#primaryimage"},"image":{"@id":"https:\/\/eikonos.com\/ca\/blog\/eikonos-en-el-mobile-world-congress\/#primaryimage"},"thumbnailUrl":"https:\/\/eikonos.com\/wp-content\/uploads\/2018\/03\/Stand-Ooredoo-MWC18-Eikonos-Audiovisuales-PantallasLED-iluminacion-videowall-plasmas-4.png","datePublished":"2018-03-08T16:11:03+00:00","description":"Conoce la participaci\u00f3n de Eikonos en los distintos stands del Mobile World Congress, la feria m\u00e1s grande del mundo de la industria del m\u00f3vil y las tecnolog\u00edas digitales.","breadcrumb":{"@id":"https:\/\/eikonos.com\/ca\/blog\/eikonos-en-el-mobile-world-congress\/#breadcrumb"},"inLanguage":"ca","potentialAction":[{"@type":"ReadAction","target":["https:\/\/eikonos.com\/ca\/blog\/eikonos-en-el-mobile-world-congress\/"]}]},{"@type":"ImageObject","inLanguage":"ca","@id":"https:\/\/eikonos.com\/ca\/blog\/eikonos-en-el-mobile-world-congress\/#primaryimage","url":"https:\/\/eikonos.com\/wp-content\/uploads\/2018\/03\/Stand-Ooredoo-MWC18-Eikonos-Audiovisuales-PantallasLED-iluminacion-videowall-plasmas-4.png","contentUrl":"https:\/\/eikonos.com\/wp-content\/uploads\/2018\/03\/Stand-Ooredoo-MWC18-Eikonos-Audiovisuales-PantallasLED-iluminacion-videowall-plasmas-4.png","width":1920,"height":1080},{"@type":"BreadcrumbList","@id":"https:\/\/eikonos.com\/ca\/blog\/eikonos-en-el-mobile-world-congress\/#breadcrumb","itemListElement":[{"@type":"ListItem","position":1,"name":"EIKONOS","item":"https:\/\/eikonos.com\/ca\/inici\/"},{"@type":"ListItem","position":2,"name":"Eikonos en el Mobile World Congress, la feria del sector por excelencia"}]},{"@type":"WebSite","@id":"https:\/\/eikonos.com\/ca\/#website","url":"https:\/\/eikonos.com\/ca\/","name":"EIKONOS","description":"EXPERIENCIA AUDIOVISUAL","publisher":{"@id":"https:\/\/eikonos.com\/ca\/#organization"},"potentialAction":[{"@type":"SearchAction","target":{"@type":"EntryPoint","urlTemplate":"https:\/\/eikonos.com\/ca\/?s={search_term_string}"},"query-input":{"@type":"PropertyValueSpecification","valueRequired":true,"valueName":"search_term_string"}}],"inLanguage":"ca"},{"@type":"Organization","@id":"https:\/\/eikonos.com\/ca\/#organization","name":"EIKONOS | Servicios Audiovisuales, eventos y alquiler de equipos","url":"https:\/\/eikonos.com\/ca\/","logo":{"@type":"ImageObject","inLanguage":"ca","@id":"https:\/\/eikonos.com\/ca\/#\/schema\/logo\/image\/","url":"https:\/\/eikonos.com\/wp-content\/uploads\/2020\/08\/logo-color.png","contentUrl":"https:\/\/eikonos.com\/wp-content\/uploads\/2020\/08\/logo-color.png","width":376,"height":122,"caption":"EIKONOS | Servicios Audiovisuales, eventos y alquiler de equipos"},"image":{"@id":"https:\/\/eikonos.com\/ca\/#\/schema\/logo\/image\/"},"sameAs":["http:\/\/www.facebook.com\/pages\/Eikonos\/176324785746790","https:\/\/x.com\/eikonos_sa","http:\/\/www.linkedin.com\/company\/eikonos","http:\/\/www.youtube.com\/channel\/UC8wcizWaAYbfsuqVf9wIT6w"]},{"@type":"Person","@id":"https:\/\/eikonos.com\/ca\/#\/schema\/person\/82032860cc314d826959b90595a5280a","name":"Xavi Eikonos","image":{"@type":"ImageObject","inLanguage":"ca","@id":"https:\/\/eikonos.com\/ca\/#\/schema\/person\/image\/","url":"https:\/\/secure.gravatar.com\/avatar\/a6c6b51dd0ac6902701aab24a914f6febe1518f94a5ae06db08b3d6107248dfd?s=96&d=mm&r=g","contentUrl":"https:\/\/secure.gravatar.com\/avatar\/a6c6b51dd0ac6902701aab24a914f6febe1518f94a5ae06db08b3d6107248dfd?s=96&d=mm&r=g","caption":"Xavi Eikonos"}}]}},"_links":{"self":[{"href":"https:\/\/eikonos.com\/ca\/wp-json\/wp\/v2\/posts\/5196","targetHints":{"allow":["GET"]}}],"collection":[{"href":"https:\/\/eikonos.com\/ca\/wp-json\/wp\/v2\/posts"}],"about":[{"href":"https:\/\/eikonos.com\/ca\/wp-json\/wp\/v2\/types\/post"}],"author":[{"embeddable":true,"href":"https:\/\/eikonos.com\/ca\/wp-json\/wp\/v2\/users\/6"}],"replies":[{"embeddable":true,"href":"https:\/\/eikonos.com\/ca\/wp-json\/wp\/v2\/comments?post=5196"}],"version-history":[{"count":0,"href":"https:\/\/eikonos.com\/ca\/wp-json\/wp\/v2\/posts\/5196\/revisions"}],"wp:featuredmedia":[{"embeddable":true,"href":"https:\/\/eikonos.com\/ca\/wp-json\/wp\/v2\/media\/5203"}],"wp:attachment":[{"href":"https:\/\/eikonos.com\/ca\/wp-json\/wp\/v2\/media?parent=5196"}],"wp:term":[{"taxonomy":"category","embeddable":true,"href":"https:\/\/eikonos.com\/ca\/wp-json\/wp\/v2\/categories?post=5196"},{"taxonomy":"post_tag","embeddable":true,"href":"https:\/\/eikonos.com\/ca\/wp-json\/wp\/v2\/tags?post=5196"}],"curies":[{"name":"wp","href":"https:\/\/api.w.org\/{rel}","templated":true}]}}