{"id":5141,"date":"2018-02-06T10:54:25","date_gmt":"2018-02-06T09:54:25","guid":{"rendered":"http:\/\/eikonos.com\/?p=5141"},"modified":"2018-02-06T10:54:25","modified_gmt":"2018-02-06T09:54:25","slug":"importancia-comunicacio-corporativa-en-stands-per-fires","status":"publish","type":"post","link":"https:\/\/eikonos.com\/ca\/blog\/importancia-comunicacio-corporativa-en-stands-per-fires\/","title":{"rendered":"La import\u00e0ncia de la comunicaci\u00f3 corporativa en stands per fires"},"content":{"rendered":"<p>Acudir a una fira o congr\u00e9s segueix sent una de les millors vies per donar a con\u00e8ixer una empresa. Una manera tradicional d\u2019arribar a distribu\u00efdors, partners, atreure a mitjans de comunicaci\u00f3 i, en alguns casos, tamb\u00e9 connectar amb el cliente final.<\/p>\n<p>Sigui quin sigui l\u2019objectiu a aconseguir, \u00e9s cert que es tracta d\u2019una important inversi\u00f3 que requereix que posem tots els nostres esfor\u00e7os per a que mereixi la pena l\u2019estar presents com a expositor.<\/p>\n<p>Hem d\u2019aconseguir <strong>captar el inter\u00e8s dels visitants i, per aix\u00f2, cal fer \u00fas de les millors campanyes de marketing i comunicaci\u00f3 <\/strong>que ens ajudin a transmetre la nostra proposta de valor.<\/p>\n<p>No obstant, si has acudit a aquest tipus d\u2019esdeveniments, tamb\u00e9 sabr\u00e0s que les fires s\u00f3n, en ocasions, llocs hostils on cada expositor buscar captar l\u2019atenci\u00f3 de l\u2019espectador i, entre tants stands, un m\u00ednim detall pot ser la clau per a que el client s\u2019interessi per un o per altra.<\/p>\n<p>Com encertar?<\/p>\n<h2><span style=\"color: #ff0000;\">Com crear un pla de comunicaci\u00f3 que funcioni si participem en una fira amb el nostre stand<\/span><\/h2>\n<p><span lang=\"CA\">Tota empresa amb ambici\u00f3 ha de ser conscient de\u00a0<\/span><a href=\"https:\/\/eikonos.com\/blog\/como-llegar-a-mas-audiencia-en-tu-stand-o-instalacion-corporativa-en-ferias-2\/\">la import\u00e0ncia de la comunicaci\u00f3 corporativa en stands per a fires<\/a>\u00a0<span lang=\"CA\">i intentar complir amb aquests tres objectius:<\/span><\/p>\n<ol>\n<li><b><span lang=\"CA\">Impressionar al p\u00fablic amb la imatge corporativa: <\/span><\/b><span lang=\"CA\">els colors, logos i esl\u00f2gans, han d\u2019estar presents. Quina millor manera d\u2019aconseguir visibilitat que amb el recolzament de\u00a0<\/span><a href=\"https:\/\/eikonos.com\/portfolio_page\/pantallas-de-leds\/\">grans pantalles de LED<\/a>,\u00a0<span lang=\"CA\">amb les que aconseguir una il\u00b7luminaci\u00f3 potent i una difusi\u00f3 del contingut multim\u00e8dia de gran qualitat d\u2019imatge. A EIKONOS t\u2019ajudem amb solucions que arriben a una definici\u00f3 de fins a 1 p\u00edxel cada 2,6mm.\u00a0<\/span><\/li>\n<\/ol>\n<p>&nbsp;<\/p>\n<ol start=\"2\">\n<li><strong>Dotar als visitants de tota la informaci\u00f3 i documentaci\u00f3 corporativa: <\/strong>no caiguis en l\u2019avorriment a l\u2019hora de comunicar el que fas. Aporta un to am\u00e8 als teus missatges i afegeix la tecnologia audiovisual que servir\u00e0 per a que la mirada del visitant es dirigeixi al teu stand. Pots aconseguir-ho amb projectors, equips de so o inc\u00fas tenir el teu espai per presentacions amb traducci\u00f3 simult\u00e0nia per a esdeveniments i confer\u00e8ncies internacionals. Aix\u00ed assegurar\u00e0s que ning\u00fa es quedi sense interactuar amb tu i que el idioma es converteixi en una barrera.<\/li>\n<\/ol>\n<p>&nbsp;<\/p>\n<ol start=\"3\">\n<li><strong><b><span lang=\"CA\">Deixem impremta en els clients: <\/span><\/b><\/strong><span lang=\"CA\">quan hi ha tantes empreses que promocionen en un espai tan redu\u00eft, no queda una altra opci\u00f3 que buscar la diferenciaci\u00f3. \u00c9s imprescindible. \u00c9s la nostra obligaci\u00f3 comptar amb els recursos per impactar al client i aconseguir que aquest ens recordi a l\u2019acabar la fira. Hi ha diferents opci\u00f3 que t\u2019aplanaran aquest cam\u00ed com s\u00f3n els videowalls, dotar d\u2019una il\u00b7luminaci\u00f3 atractiva al nostra stand, fer \u00fas dels sempre espectaculars resultats del mapping o les projeccions 3D o incl\u00fas difondre la nostra marca corporativa amb l\u2019ajuda de la\u00a0<\/span>la <a href=\"https:\/\/eikonos.com\/portfolio_page\/realidad-aumentada\/\">realitat augmentada<\/a>.<\/li>\n<\/ol>\n<p>Busques el millor assessorament per al teu pr\u00f2xim stand en fires? Confia en l\u2019equip d\u2019EIKONOS i els seus m\u00e9s de 30 anys d\u2019experi\u00e8ncia en el sector. <strong><em>Parlem!<\/em><\/strong><\/p>\n<p><img loading=\"lazy\" decoding=\"async\" class=\"aligncenter wp-image-4118 size-full\" title=\"EIKONOS servicios audiovisuales para eventos\" src=\"https:\/\/eikonos.com\/wp-content\/uploads\/2017\/05\/eikonos-cta-audiovisuals-per-stands.png\" alt=\"\" width=\"741\" height=\"250\" srcset=\"https:\/\/eikonos.com\/wp-content\/uploads\/2017\/05\/eikonos-cta-audiovisuals-per-stands.png 741w, https:\/\/eikonos.com\/wp-content\/uploads\/2017\/05\/eikonos-cta-audiovisuals-per-stands-300x101.png 300w\" sizes=\"auto, (max-width: 741px) 100vw, 741px\" \/><\/p>\n","protected":false},"excerpt":{"rendered":"<p>Acudir a una fira o congr\u00e9s segueix sent una de les millors vies per donar&#8230;<\/p>\n","protected":false},"author":6,"featured_media":5130,"comment_status":"open","ping_status":"open","sticky":false,"template":"","format":"standard","meta":{"_acf_changed":false,"footnotes":""},"categories":[260],"tags":[392],"class_list":["post-5141","post","type-post","status-publish","format-standard","has-post-thumbnail","hentry","category-esdeveniments-audiovisuals","tag-audiovisuals-per-a-stands"],"acf":[],"yoast_head":"<!-- This site is optimized with the Yoast SEO plugin v26.3 - https:\/\/yoast.com\/wordpress\/plugins\/seo\/ -->\n<title>La import\u00e0ncia de la comunicaci\u00f3 corporativa en stands<\/title>\n<meta name=\"description\" content=\"Si comptes amb una empresa conscient de la import\u00e0ncia de la comunicaci\u00f3 corporativa en stands per a fires haur\u00e0s de complir amb aquests objectius.\" \/>\n<meta name=\"robots\" content=\"index, follow, max-snippet:-1, max-image-preview:large, max-video-preview:-1\" \/>\n<link rel=\"canonical\" href=\"https:\/\/eikonos.com\/ca\/blog\/importancia-comunicacio-corporativa-en-stands-per-fires\/\" \/>\n<meta property=\"og:locale\" content=\"ca_ES\" \/>\n<meta property=\"og:type\" content=\"article\" \/>\n<meta property=\"og:title\" content=\"La import\u00e0ncia de la comunicaci\u00f3 corporativa en stands\" \/>\n<meta property=\"og:description\" content=\"Si comptes amb una empresa conscient de la import\u00e0ncia de la comunicaci\u00f3 corporativa en stands per a fires haur\u00e0s de complir amb aquests objectius.\" \/>\n<meta property=\"og:url\" content=\"https:\/\/eikonos.com\/ca\/blog\/importancia-comunicacio-corporativa-en-stands-per-fires\/\" \/>\n<meta property=\"og:site_name\" content=\"EIKONOS\" \/>\n<meta property=\"article:publisher\" content=\"http:\/\/www.facebook.com\/pages\/Eikonos\/176324785746790\" \/>\n<meta property=\"article:published_time\" content=\"2018-02-06T09:54:25+00:00\" \/>\n<meta property=\"og:image\" content=\"https:\/\/eikonos.com\/wp-content\/uploads\/2018\/02\/EIKONOS-161-1.jpg\" \/>\n\t<meta property=\"og:image:width\" content=\"724\" \/>\n\t<meta property=\"og:image:height\" content=\"432\" \/>\n\t<meta property=\"og:image:type\" content=\"image\/jpeg\" \/>\n<meta name=\"author\" content=\"Xavi Eikonos\" \/>\n<meta name=\"twitter:card\" content=\"summary_large_image\" \/>\n<meta name=\"twitter:creator\" content=\"@eikonos_sa\" \/>\n<meta name=\"twitter:site\" content=\"@eikonos_sa\" \/>\n<meta name=\"twitter:label1\" content=\"Escrit per\" \/>\n\t<meta name=\"twitter:data1\" content=\"Xavi Eikonos\" \/>\n\t<meta name=\"twitter:label2\" content=\"Temps estimat de lectura\" \/>\n\t<meta name=\"twitter:data2\" content=\"3 minuts\" \/>\n<script type=\"application\/ld+json\" class=\"yoast-schema-graph\">{\"@context\":\"https:\/\/schema.org\",\"@graph\":[{\"@type\":\"Article\",\"@id\":\"https:\/\/eikonos.com\/ca\/blog\/importancia-comunicacio-corporativa-en-stands-per-fires\/#article\",\"isPartOf\":{\"@id\":\"https:\/\/eikonos.com\/ca\/blog\/importancia-comunicacio-corporativa-en-stands-per-fires\/\"},\"author\":{\"name\":\"Xavi Eikonos\",\"@id\":\"https:\/\/eikonos.com\/ca\/#\/schema\/person\/82032860cc314d826959b90595a5280a\"},\"headline\":\"La import\u00e0ncia de la comunicaci\u00f3 corporativa en stands per fires\",\"datePublished\":\"2018-02-06T09:54:25+00:00\",\"mainEntityOfPage\":{\"@id\":\"https:\/\/eikonos.com\/ca\/blog\/importancia-comunicacio-corporativa-en-stands-per-fires\/\"},\"wordCount\":533,\"commentCount\":0,\"publisher\":{\"@id\":\"https:\/\/eikonos.com\/ca\/#organization\"},\"image\":{\"@id\":\"https:\/\/eikonos.com\/ca\/blog\/importancia-comunicacio-corporativa-en-stands-per-fires\/#primaryimage\"},\"thumbnailUrl\":\"https:\/\/eikonos.com\/wp-content\/uploads\/2018\/02\/EIKONOS-161-1.jpg\",\"keywords\":[\"audiovisuals per a stands\"],\"articleSection\":[\"Esdeveniments audiovisuals\"],\"inLanguage\":\"ca\",\"potentialAction\":[{\"@type\":\"CommentAction\",\"name\":\"Comment\",\"target\":[\"https:\/\/eikonos.com\/ca\/blog\/importancia-comunicacio-corporativa-en-stands-per-fires\/#respond\"]}]},{\"@type\":\"WebPage\",\"@id\":\"https:\/\/eikonos.com\/ca\/blog\/importancia-comunicacio-corporativa-en-stands-per-fires\/\",\"url\":\"https:\/\/eikonos.com\/ca\/blog\/importancia-comunicacio-corporativa-en-stands-per-fires\/\",\"name\":\"La import\u00e0ncia de la comunicaci\u00f3 corporativa en stands\",\"isPartOf\":{\"@id\":\"https:\/\/eikonos.com\/ca\/#website\"},\"primaryImageOfPage\":{\"@id\":\"https:\/\/eikonos.com\/ca\/blog\/importancia-comunicacio-corporativa-en-stands-per-fires\/#primaryimage\"},\"image\":{\"@id\":\"https:\/\/eikonos.com\/ca\/blog\/importancia-comunicacio-corporativa-en-stands-per-fires\/#primaryimage\"},\"thumbnailUrl\":\"https:\/\/eikonos.com\/wp-content\/uploads\/2018\/02\/EIKONOS-161-1.jpg\",\"datePublished\":\"2018-02-06T09:54:25+00:00\",\"description\":\"Si comptes amb una empresa conscient de la import\u00e0ncia de la comunicaci\u00f3 corporativa en stands per a fires haur\u00e0s de complir amb aquests objectius.\",\"breadcrumb\":{\"@id\":\"https:\/\/eikonos.com\/ca\/blog\/importancia-comunicacio-corporativa-en-stands-per-fires\/#breadcrumb\"},\"inLanguage\":\"ca\",\"potentialAction\":[{\"@type\":\"ReadAction\",\"target\":[\"https:\/\/eikonos.com\/ca\/blog\/importancia-comunicacio-corporativa-en-stands-per-fires\/\"]}]},{\"@type\":\"ImageObject\",\"inLanguage\":\"ca\",\"@id\":\"https:\/\/eikonos.com\/ca\/blog\/importancia-comunicacio-corporativa-en-stands-per-fires\/#primaryimage\",\"url\":\"https:\/\/eikonos.com\/wp-content\/uploads\/2018\/02\/EIKONOS-161-1.jpg\",\"contentUrl\":\"https:\/\/eikonos.com\/wp-content\/uploads\/2018\/02\/EIKONOS-161-1.jpg\",\"width\":724,\"height\":432,\"caption\":\"EIKONOS Creaci\u00f3n de contenidos\"},{\"@type\":\"BreadcrumbList\",\"@id\":\"https:\/\/eikonos.com\/ca\/blog\/importancia-comunicacio-corporativa-en-stands-per-fires\/#breadcrumb\",\"itemListElement\":[{\"@type\":\"ListItem\",\"position\":1,\"name\":\"EIKONOS\",\"item\":\"https:\/\/eikonos.com\/ca\/inici\/\"},{\"@type\":\"ListItem\",\"position\":2,\"name\":\"La import\u00e0ncia de la comunicaci\u00f3 corporativa en stands per fires\"}]},{\"@type\":\"WebSite\",\"@id\":\"https:\/\/eikonos.com\/ca\/#website\",\"url\":\"https:\/\/eikonos.com\/ca\/\",\"name\":\"EIKONOS\",\"description\":\"EXPERIENCIA AUDIOVISUAL\",\"publisher\":{\"@id\":\"https:\/\/eikonos.com\/ca\/#organization\"},\"potentialAction\":[{\"@type\":\"SearchAction\",\"target\":{\"@type\":\"EntryPoint\",\"urlTemplate\":\"https:\/\/eikonos.com\/ca\/?s={search_term_string}\"},\"query-input\":{\"@type\":\"PropertyValueSpecification\",\"valueRequired\":true,\"valueName\":\"search_term_string\"}}],\"inLanguage\":\"ca\"},{\"@type\":\"Organization\",\"@id\":\"https:\/\/eikonos.com\/ca\/#organization\",\"name\":\"EIKONOS | Servicios Audiovisuales, eventos y alquiler de equipos\",\"url\":\"https:\/\/eikonos.com\/ca\/\",\"logo\":{\"@type\":\"ImageObject\",\"inLanguage\":\"ca\",\"@id\":\"https:\/\/eikonos.com\/ca\/#\/schema\/logo\/image\/\",\"url\":\"https:\/\/eikonos.com\/wp-content\/uploads\/2020\/08\/logo-color.png\",\"contentUrl\":\"https:\/\/eikonos.com\/wp-content\/uploads\/2020\/08\/logo-color.png\",\"width\":376,\"height\":122,\"caption\":\"EIKONOS | Servicios Audiovisuales, eventos y alquiler de equipos\"},\"image\":{\"@id\":\"https:\/\/eikonos.com\/ca\/#\/schema\/logo\/image\/\"},\"sameAs\":[\"http:\/\/www.facebook.com\/pages\/Eikonos\/176324785746790\",\"https:\/\/x.com\/eikonos_sa\",\"http:\/\/www.linkedin.com\/company\/eikonos\",\"http:\/\/www.youtube.com\/channel\/UC8wcizWaAYbfsuqVf9wIT6w\"]},{\"@type\":\"Person\",\"@id\":\"https:\/\/eikonos.com\/ca\/#\/schema\/person\/82032860cc314d826959b90595a5280a\",\"name\":\"Xavi Eikonos\",\"image\":{\"@type\":\"ImageObject\",\"inLanguage\":\"ca\",\"@id\":\"https:\/\/eikonos.com\/ca\/#\/schema\/person\/image\/\",\"url\":\"https:\/\/secure.gravatar.com\/avatar\/a6c6b51dd0ac6902701aab24a914f6febe1518f94a5ae06db08b3d6107248dfd?s=96&d=mm&r=g\",\"contentUrl\":\"https:\/\/secure.gravatar.com\/avatar\/a6c6b51dd0ac6902701aab24a914f6febe1518f94a5ae06db08b3d6107248dfd?s=96&d=mm&r=g\",\"caption\":\"Xavi Eikonos\"}}]}<\/script>\n<!-- \/ Yoast SEO plugin. -->","yoast_head_json":{"title":"La import\u00e0ncia de la comunicaci\u00f3 corporativa en stands","description":"Si comptes amb una empresa conscient de la import\u00e0ncia de la comunicaci\u00f3 corporativa en stands per a fires haur\u00e0s de complir amb aquests objectius.","robots":{"index":"index","follow":"follow","max-snippet":"max-snippet:-1","max-image-preview":"max-image-preview:large","max-video-preview":"max-video-preview:-1"},"canonical":"https:\/\/eikonos.com\/ca\/blog\/importancia-comunicacio-corporativa-en-stands-per-fires\/","og_locale":"ca_ES","og_type":"article","og_title":"La import\u00e0ncia de la comunicaci\u00f3 corporativa en stands","og_description":"Si comptes amb una empresa conscient de la import\u00e0ncia de la comunicaci\u00f3 corporativa en stands per a fires haur\u00e0s de complir amb aquests objectius.","og_url":"https:\/\/eikonos.com\/ca\/blog\/importancia-comunicacio-corporativa-en-stands-per-fires\/","og_site_name":"EIKONOS","article_publisher":"http:\/\/www.facebook.com\/pages\/Eikonos\/176324785746790","article_published_time":"2018-02-06T09:54:25+00:00","og_image":[{"width":724,"height":432,"url":"https:\/\/eikonos.com\/wp-content\/uploads\/2018\/02\/EIKONOS-161-1.jpg","type":"image\/jpeg"}],"author":"Xavi Eikonos","twitter_card":"summary_large_image","twitter_creator":"@eikonos_sa","twitter_site":"@eikonos_sa","twitter_misc":{"Escrit per":"Xavi Eikonos","Temps estimat de lectura":"3 minuts"},"schema":{"@context":"https:\/\/schema.org","@graph":[{"@type":"Article","@id":"https:\/\/eikonos.com\/ca\/blog\/importancia-comunicacio-corporativa-en-stands-per-fires\/#article","isPartOf":{"@id":"https:\/\/eikonos.com\/ca\/blog\/importancia-comunicacio-corporativa-en-stands-per-fires\/"},"author":{"name":"Xavi Eikonos","@id":"https:\/\/eikonos.com\/ca\/#\/schema\/person\/82032860cc314d826959b90595a5280a"},"headline":"La import\u00e0ncia de la comunicaci\u00f3 corporativa en stands per fires","datePublished":"2018-02-06T09:54:25+00:00","mainEntityOfPage":{"@id":"https:\/\/eikonos.com\/ca\/blog\/importancia-comunicacio-corporativa-en-stands-per-fires\/"},"wordCount":533,"commentCount":0,"publisher":{"@id":"https:\/\/eikonos.com\/ca\/#organization"},"image":{"@id":"https:\/\/eikonos.com\/ca\/blog\/importancia-comunicacio-corporativa-en-stands-per-fires\/#primaryimage"},"thumbnailUrl":"https:\/\/eikonos.com\/wp-content\/uploads\/2018\/02\/EIKONOS-161-1.jpg","keywords":["audiovisuals per a stands"],"articleSection":["Esdeveniments audiovisuals"],"inLanguage":"ca","potentialAction":[{"@type":"CommentAction","name":"Comment","target":["https:\/\/eikonos.com\/ca\/blog\/importancia-comunicacio-corporativa-en-stands-per-fires\/#respond"]}]},{"@type":"WebPage","@id":"https:\/\/eikonos.com\/ca\/blog\/importancia-comunicacio-corporativa-en-stands-per-fires\/","url":"https:\/\/eikonos.com\/ca\/blog\/importancia-comunicacio-corporativa-en-stands-per-fires\/","name":"La import\u00e0ncia de la comunicaci\u00f3 corporativa en stands","isPartOf":{"@id":"https:\/\/eikonos.com\/ca\/#website"},"primaryImageOfPage":{"@id":"https:\/\/eikonos.com\/ca\/blog\/importancia-comunicacio-corporativa-en-stands-per-fires\/#primaryimage"},"image":{"@id":"https:\/\/eikonos.com\/ca\/blog\/importancia-comunicacio-corporativa-en-stands-per-fires\/#primaryimage"},"thumbnailUrl":"https:\/\/eikonos.com\/wp-content\/uploads\/2018\/02\/EIKONOS-161-1.jpg","datePublished":"2018-02-06T09:54:25+00:00","description":"Si comptes amb una empresa conscient de la import\u00e0ncia de la comunicaci\u00f3 corporativa en stands per a fires haur\u00e0s de complir amb aquests objectius.","breadcrumb":{"@id":"https:\/\/eikonos.com\/ca\/blog\/importancia-comunicacio-corporativa-en-stands-per-fires\/#breadcrumb"},"inLanguage":"ca","potentialAction":[{"@type":"ReadAction","target":["https:\/\/eikonos.com\/ca\/blog\/importancia-comunicacio-corporativa-en-stands-per-fires\/"]}]},{"@type":"ImageObject","inLanguage":"ca","@id":"https:\/\/eikonos.com\/ca\/blog\/importancia-comunicacio-corporativa-en-stands-per-fires\/#primaryimage","url":"https:\/\/eikonos.com\/wp-content\/uploads\/2018\/02\/EIKONOS-161-1.jpg","contentUrl":"https:\/\/eikonos.com\/wp-content\/uploads\/2018\/02\/EIKONOS-161-1.jpg","width":724,"height":432,"caption":"EIKONOS Creaci\u00f3n de contenidos"},{"@type":"BreadcrumbList","@id":"https:\/\/eikonos.com\/ca\/blog\/importancia-comunicacio-corporativa-en-stands-per-fires\/#breadcrumb","itemListElement":[{"@type":"ListItem","position":1,"name":"EIKONOS","item":"https:\/\/eikonos.com\/ca\/inici\/"},{"@type":"ListItem","position":2,"name":"La import\u00e0ncia de la comunicaci\u00f3 corporativa en stands per fires"}]},{"@type":"WebSite","@id":"https:\/\/eikonos.com\/ca\/#website","url":"https:\/\/eikonos.com\/ca\/","name":"EIKONOS","description":"EXPERIENCIA AUDIOVISUAL","publisher":{"@id":"https:\/\/eikonos.com\/ca\/#organization"},"potentialAction":[{"@type":"SearchAction","target":{"@type":"EntryPoint","urlTemplate":"https:\/\/eikonos.com\/ca\/?s={search_term_string}"},"query-input":{"@type":"PropertyValueSpecification","valueRequired":true,"valueName":"search_term_string"}}],"inLanguage":"ca"},{"@type":"Organization","@id":"https:\/\/eikonos.com\/ca\/#organization","name":"EIKONOS | Servicios Audiovisuales, eventos y alquiler de equipos","url":"https:\/\/eikonos.com\/ca\/","logo":{"@type":"ImageObject","inLanguage":"ca","@id":"https:\/\/eikonos.com\/ca\/#\/schema\/logo\/image\/","url":"https:\/\/eikonos.com\/wp-content\/uploads\/2020\/08\/logo-color.png","contentUrl":"https:\/\/eikonos.com\/wp-content\/uploads\/2020\/08\/logo-color.png","width":376,"height":122,"caption":"EIKONOS | Servicios Audiovisuales, eventos y alquiler de equipos"},"image":{"@id":"https:\/\/eikonos.com\/ca\/#\/schema\/logo\/image\/"},"sameAs":["http:\/\/www.facebook.com\/pages\/Eikonos\/176324785746790","https:\/\/x.com\/eikonos_sa","http:\/\/www.linkedin.com\/company\/eikonos","http:\/\/www.youtube.com\/channel\/UC8wcizWaAYbfsuqVf9wIT6w"]},{"@type":"Person","@id":"https:\/\/eikonos.com\/ca\/#\/schema\/person\/82032860cc314d826959b90595a5280a","name":"Xavi Eikonos","image":{"@type":"ImageObject","inLanguage":"ca","@id":"https:\/\/eikonos.com\/ca\/#\/schema\/person\/image\/","url":"https:\/\/secure.gravatar.com\/avatar\/a6c6b51dd0ac6902701aab24a914f6febe1518f94a5ae06db08b3d6107248dfd?s=96&d=mm&r=g","contentUrl":"https:\/\/secure.gravatar.com\/avatar\/a6c6b51dd0ac6902701aab24a914f6febe1518f94a5ae06db08b3d6107248dfd?s=96&d=mm&r=g","caption":"Xavi Eikonos"}}]}},"_links":{"self":[{"href":"https:\/\/eikonos.com\/ca\/wp-json\/wp\/v2\/posts\/5141","targetHints":{"allow":["GET"]}}],"collection":[{"href":"https:\/\/eikonos.com\/ca\/wp-json\/wp\/v2\/posts"}],"about":[{"href":"https:\/\/eikonos.com\/ca\/wp-json\/wp\/v2\/types\/post"}],"author":[{"embeddable":true,"href":"https:\/\/eikonos.com\/ca\/wp-json\/wp\/v2\/users\/6"}],"replies":[{"embeddable":true,"href":"https:\/\/eikonos.com\/ca\/wp-json\/wp\/v2\/comments?post=5141"}],"version-history":[{"count":0,"href":"https:\/\/eikonos.com\/ca\/wp-json\/wp\/v2\/posts\/5141\/revisions"}],"wp:featuredmedia":[{"embeddable":true,"href":"https:\/\/eikonos.com\/ca\/wp-json\/wp\/v2\/media\/5130"}],"wp:attachment":[{"href":"https:\/\/eikonos.com\/ca\/wp-json\/wp\/v2\/media?parent=5141"}],"wp:term":[{"taxonomy":"category","embeddable":true,"href":"https:\/\/eikonos.com\/ca\/wp-json\/wp\/v2\/categories?post=5141"},{"taxonomy":"post_tag","embeddable":true,"href":"https:\/\/eikonos.com\/ca\/wp-json\/wp\/v2\/tags?post=5141"}],"curies":[{"name":"wp","href":"https:\/\/api.w.org\/{rel}","templated":true}]}}