{"id":5123,"date":"2018-01-16T13:45:48","date_gmt":"2018-01-16T12:45:48","guid":{"rendered":"http:\/\/eikonos.com\/?p=5123"},"modified":"2018-01-16T13:45:48","modified_gmt":"2018-01-16T12:45:48","slug":"tendenies-dequips-audiovisuals-per-a-sales-de-reunions","status":"publish","type":"post","link":"https:\/\/eikonos.com\/ca\/blog\/tendenies-dequips-audiovisuals-per-a-sales-de-reunions\/","title":{"rendered":"Tend\u00e8ncies d\u2019equips audiovisuals per a sales de reunions"},"content":{"rendered":"<p>Quan parlem de marques i empreses grans, o al menys amb una identitat corporativa molt treballada, solen tenir seus corporatives on mostrar la seva filosofia i marca empresarial: logotip, dissenys, lemes, fites, productes o serveis reconeguts&#8230;<\/p>\n<p>Per\u00f2 no sempre saben transmetre adequadament de portes cap a fora tot el aconseguit. De fet, s\u00f3n necessaris diferents tons i missatges si volem comunicar a clients, prove\u00efdors, inversors, empleats&#8230;<\/p>\n<p>En tota aquesta comunicaci\u00f3, la qualitat del missatge tant en el que diu com en la seva execuci\u00f3 t\u00e8cnica determinar\u00e0, tamb\u00e9, la visi\u00f3 que el tercer es faci de nosaltres. Per exemple, un bon <em>claim <\/em>en un disseny pobre pot perdre part del seu valor.<\/p>\n<p>Si vols que les teves oficines centrals comptin amb la\u00a0<a href=\"https:\/\/eikonos.com\/ca\/serveis\/lloguer-equips\/\">tecnologia audiovisual d&#8217;\u00faltima generaci\u00f3<\/a>\u00a0<span lang=\"CA\">que t\u2019ajudi a comunicar tot els seus valors i a mostrar el seu cat\u00e0leg de productes o serveis, segueix aquests consells que avui et donem a EIKONOS.\u00a0<\/span><\/p>\n<p>&nbsp;<\/p>\n<h2><span style=\"color: #ff0000;\">Com distribuir la imatge corporativa por la seu?<\/span><\/h2>\n<p><span lang=\"CA\">Comencem per la recepci\u00f3, primer espai que veuran els clients o qualsevol empresari que vulgui col\u00b7laborar o negociar amb l\u2019empresa. Ha d\u2019incloure el logo, per\u00f2 aix\u00f2 \u00e9s nom\u00e9s una de les moltes coses que podem fer. L\u2019\u00fas de pantalles de grans dimensions o\u00a0<\/span><a href=\"https:\/\/eikonos.com\/ca\/portfolio_page\/pantalles-de-leds\/\">pantalles LED<\/a>\u00a0ens permetr\u00e0 mostrar en alta qualitat video-presentaci\u00f3 o spots que parlin de l\u2019empresa, la seva activitat o funci\u00f3 o els seus valors.<\/p>\n<p><strong>Al ser una zona de pas, la imatge ha de prevaler sobre el so, <\/strong>ja que aquest no ha de ser ni invasiu ni estar a un gran volum. De la mateixa manera, \u00e9s el primer nivell de l\u2019empresa, no cal mostrar en la seva totalitat la imatge corporativa, simplement mostrar els lemes i imatges concretes i elegants.<\/p>\n<p>&nbsp;<\/p>\n<h2><span style=\"color: #ff0000;\">Sales de reunions<\/span><\/h2>\n<p>\u00c9s un espai en el que es solen presentar productes y negociar sobre diferents aspectes. Cal oferir una imatge innovadora i <strong>disposar d\u2019equips audiovisuals que permetin presentacions din\u00e0miques, personalitzades per cada client. <\/strong>No nom\u00e9s cal tenir els millors equips, cal tenir els adequats per a cada moment.<\/p>\n<p>Quines s\u00f3n les millors opcions audiovisuals per personalitzar les reunions i mostrar el millor de cada empresa? El idoni \u00e9s tenir al nostre abast equips polivalents que permetin ajustar el contingut i treballar a la vegada amb monitors de gran format, pissarres interactives o tabletes t\u00e0ctils. No fa falta tenir tot el material propi. <strong>Poder fer \u00fas d\u2019un servei de lloguer o r\u00e8nting d\u2019equips <\/strong>i aix\u00ed nom\u00e9s per ells quan realment li donem \u00fas.<\/p>\n<p>&nbsp;<\/p>\n<h2><span style=\"color: #ff0000;\">Sales per l&#8217;\u00fas intern de l&#8217;empresa<\/span><\/h2>\n<p>Moltes empreses realitzen de manera habitual reunions internes. Podem mantenir aquestes reunions en sales amb equips audiovisuals amb els que poder treballar i mostrar qualsevol tipus d\u2019informaci\u00f3 o dada que necessiti recolzament audiovisual.<\/p>\n<p>Algun suggeriment d&#8217;<a href=\"https:\/\/eikonos.com\/ca\/portfolio_page\/convencions-esdeveniments-i-comunicacio-corporativa\/\">equips audiovisuals per a sales de reunions<\/a>\u00a0passen per disposar de <strong>monitors interactius de gran format <\/strong>(85 polzades i qualitat 4K), <strong>projectors o pantalles LED d\u2019alta resoluci\u00f3 <\/strong>(1,2mm) <strong>o sistemes de monitors integrats en taules nobles <\/strong>(ocults fins que es necessitin) per a que cada treballador presenti els seus projectes.<\/p>\n<p>I la teva empresa, quins equips audiovisuals per a sales de reunions necessita? <strong><em>Parlem!<\/em><\/strong><\/p>\n<p>&nbsp;<\/p>\n<p><img loading=\"lazy\" decoding=\"async\" class=\"aligncenter wp-image-4119 size-full\" title=\"Equipos Audiovisuales de alquiler con EIKONOS\" src=\"https:\/\/eikonos.com\/wp-content\/uploads\/2017\/05\/eikonos-cta-equips-audiovisuals-de-lloguer.png\" alt=\"\" width=\"741\" height=\"250\" srcset=\"https:\/\/eikonos.com\/wp-content\/uploads\/2017\/05\/eikonos-cta-equips-audiovisuals-de-lloguer.png 741w, https:\/\/eikonos.com\/wp-content\/uploads\/2017\/05\/eikonos-cta-equips-audiovisuals-de-lloguer-300x101.png 300w\" sizes=\"auto, (max-width: 741px) 100vw, 741px\" \/><\/p>\n<p>&nbsp;<\/p>\n","protected":false},"excerpt":{"rendered":"<p>Quan parlem de marques i empreses grans, o al menys amb una identitat corporativa molt&#8230;<\/p>\n","protected":false},"author":6,"featured_media":5115,"comment_status":"open","ping_status":"open","sticky":false,"template":"","format":"standard","meta":{"_acf_changed":false,"footnotes":""},"categories":[255],"tags":[],"class_list":["post-5123","post","type-post","status-publish","format-standard","has-post-thumbnail","hentry","category-installacions-fixes"],"acf":[],"yoast_head":"<!-- This site is optimized with the Yoast SEO plugin v26.3 - https:\/\/yoast.com\/wordpress\/plugins\/seo\/ -->\n<title>Tend\u00e8ncies d\u2019equips audiovisuals per a sales de reunions<\/title>\n<meta name=\"description\" content=\"Descobreix les tend\u00e8ncies en equips audiovisuals per a sales de reunions si vols que les teves oficines comptin amb tecnologia audiovisual d&#039;\u00faltima generaci\u00f3.\" \/>\n<meta name=\"robots\" content=\"index, follow, max-snippet:-1, max-image-preview:large, max-video-preview:-1\" \/>\n<link rel=\"canonical\" href=\"https:\/\/eikonos.com\/ca\/blog\/tendenies-dequips-audiovisuals-per-a-sales-de-reunions\/\" \/>\n<meta property=\"og:locale\" content=\"ca_ES\" \/>\n<meta property=\"og:type\" content=\"article\" \/>\n<meta property=\"og:title\" content=\"Tend\u00e8ncies d\u2019equips audiovisuals per a sales de reunions\" \/>\n<meta property=\"og:description\" content=\"Descobreix les tend\u00e8ncies en equips audiovisuals per a sales de reunions si vols que les teves oficines comptin amb tecnologia audiovisual d&#039;\u00faltima generaci\u00f3.\" \/>\n<meta property=\"og:url\" content=\"https:\/\/eikonos.com\/ca\/blog\/tendenies-dequips-audiovisuals-per-a-sales-de-reunions\/\" \/>\n<meta property=\"og:site_name\" content=\"EIKONOS\" \/>\n<meta property=\"article:publisher\" content=\"http:\/\/www.facebook.com\/pages\/Eikonos\/176324785746790\" \/>\n<meta property=\"article:published_time\" content=\"2018-01-16T12:45:48+00:00\" \/>\n<meta property=\"og:image\" content=\"https:\/\/eikonos.com\/wp-content\/uploads\/2018\/02\/equipos-audiovisuales-para-salas-de-reuniones-1.jpg\" \/>\n\t<meta property=\"og:image:width\" content=\"724\" \/>\n\t<meta property=\"og:image:height\" content=\"432\" \/>\n\t<meta property=\"og:image:type\" content=\"image\/jpeg\" \/>\n<meta name=\"author\" content=\"Xavi Eikonos\" \/>\n<meta name=\"twitter:card\" content=\"summary_large_image\" \/>\n<meta name=\"twitter:creator\" content=\"@eikonos_sa\" \/>\n<meta name=\"twitter:site\" content=\"@eikonos_sa\" \/>\n<meta name=\"twitter:label1\" content=\"Escrit per\" \/>\n\t<meta name=\"twitter:data1\" content=\"Xavi Eikonos\" \/>\n\t<meta name=\"twitter:label2\" content=\"Temps estimat de lectura\" \/>\n\t<meta name=\"twitter:data2\" content=\"3 minuts\" \/>\n<script type=\"application\/ld+json\" class=\"yoast-schema-graph\">{\"@context\":\"https:\/\/schema.org\",\"@graph\":[{\"@type\":\"Article\",\"@id\":\"https:\/\/eikonos.com\/ca\/blog\/tendenies-dequips-audiovisuals-per-a-sales-de-reunions\/#article\",\"isPartOf\":{\"@id\":\"https:\/\/eikonos.com\/ca\/blog\/tendenies-dequips-audiovisuals-per-a-sales-de-reunions\/\"},\"author\":{\"name\":\"Xavi Eikonos\",\"@id\":\"https:\/\/eikonos.com\/ca\/#\/schema\/person\/82032860cc314d826959b90595a5280a\"},\"headline\":\"Tend\u00e8ncies d\u2019equips audiovisuals per a sales de reunions\",\"datePublished\":\"2018-01-16T12:45:48+00:00\",\"mainEntityOfPage\":{\"@id\":\"https:\/\/eikonos.com\/ca\/blog\/tendenies-dequips-audiovisuals-per-a-sales-de-reunions\/\"},\"wordCount\":555,\"commentCount\":0,\"publisher\":{\"@id\":\"https:\/\/eikonos.com\/ca\/#organization\"},\"image\":{\"@id\":\"https:\/\/eikonos.com\/ca\/blog\/tendenies-dequips-audiovisuals-per-a-sales-de-reunions\/#primaryimage\"},\"thumbnailUrl\":\"https:\/\/eikonos.com\/wp-content\/uploads\/2018\/02\/equipos-audiovisuales-para-salas-de-reuniones-1.jpg\",\"articleSection\":[\"Instal\u00b7lacions fixes\"],\"inLanguage\":\"ca\",\"potentialAction\":[{\"@type\":\"CommentAction\",\"name\":\"Comment\",\"target\":[\"https:\/\/eikonos.com\/ca\/blog\/tendenies-dequips-audiovisuals-per-a-sales-de-reunions\/#respond\"]}]},{\"@type\":\"WebPage\",\"@id\":\"https:\/\/eikonos.com\/ca\/blog\/tendenies-dequips-audiovisuals-per-a-sales-de-reunions\/\",\"url\":\"https:\/\/eikonos.com\/ca\/blog\/tendenies-dequips-audiovisuals-per-a-sales-de-reunions\/\",\"name\":\"Tend\u00e8ncies d\u2019equips audiovisuals per a sales de reunions\",\"isPartOf\":{\"@id\":\"https:\/\/eikonos.com\/ca\/#website\"},\"primaryImageOfPage\":{\"@id\":\"https:\/\/eikonos.com\/ca\/blog\/tendenies-dequips-audiovisuals-per-a-sales-de-reunions\/#primaryimage\"},\"image\":{\"@id\":\"https:\/\/eikonos.com\/ca\/blog\/tendenies-dequips-audiovisuals-per-a-sales-de-reunions\/#primaryimage\"},\"thumbnailUrl\":\"https:\/\/eikonos.com\/wp-content\/uploads\/2018\/02\/equipos-audiovisuales-para-salas-de-reuniones-1.jpg\",\"datePublished\":\"2018-01-16T12:45:48+00:00\",\"description\":\"Descobreix les tend\u00e8ncies en equips audiovisuals per a sales de reunions si vols que les teves oficines comptin amb tecnologia audiovisual d'\u00faltima generaci\u00f3.\",\"breadcrumb\":{\"@id\":\"https:\/\/eikonos.com\/ca\/blog\/tendenies-dequips-audiovisuals-per-a-sales-de-reunions\/#breadcrumb\"},\"inLanguage\":\"ca\",\"potentialAction\":[{\"@type\":\"ReadAction\",\"target\":[\"https:\/\/eikonos.com\/ca\/blog\/tendenies-dequips-audiovisuals-per-a-sales-de-reunions\/\"]}]},{\"@type\":\"ImageObject\",\"inLanguage\":\"ca\",\"@id\":\"https:\/\/eikonos.com\/ca\/blog\/tendenies-dequips-audiovisuals-per-a-sales-de-reunions\/#primaryimage\",\"url\":\"https:\/\/eikonos.com\/wp-content\/uploads\/2018\/02\/equipos-audiovisuales-para-salas-de-reuniones-1.jpg\",\"contentUrl\":\"https:\/\/eikonos.com\/wp-content\/uploads\/2018\/02\/equipos-audiovisuales-para-salas-de-reuniones-1.jpg\",\"width\":724,\"height\":432,\"caption\":\"Equipos audiovisuales para salas de reuniones\"},{\"@type\":\"BreadcrumbList\",\"@id\":\"https:\/\/eikonos.com\/ca\/blog\/tendenies-dequips-audiovisuals-per-a-sales-de-reunions\/#breadcrumb\",\"itemListElement\":[{\"@type\":\"ListItem\",\"position\":1,\"name\":\"EIKONOS\",\"item\":\"https:\/\/eikonos.com\/ca\/inici\/\"},{\"@type\":\"ListItem\",\"position\":2,\"name\":\"Tend\u00e8ncies d\u2019equips audiovisuals per a sales de reunions\"}]},{\"@type\":\"WebSite\",\"@id\":\"https:\/\/eikonos.com\/ca\/#website\",\"url\":\"https:\/\/eikonos.com\/ca\/\",\"name\":\"EIKONOS\",\"description\":\"EXPERIENCIA AUDIOVISUAL\",\"publisher\":{\"@id\":\"https:\/\/eikonos.com\/ca\/#organization\"},\"potentialAction\":[{\"@type\":\"SearchAction\",\"target\":{\"@type\":\"EntryPoint\",\"urlTemplate\":\"https:\/\/eikonos.com\/ca\/?s={search_term_string}\"},\"query-input\":{\"@type\":\"PropertyValueSpecification\",\"valueRequired\":true,\"valueName\":\"search_term_string\"}}],\"inLanguage\":\"ca\"},{\"@type\":\"Organization\",\"@id\":\"https:\/\/eikonos.com\/ca\/#organization\",\"name\":\"EIKONOS | Servicios Audiovisuales, eventos y alquiler de equipos\",\"url\":\"https:\/\/eikonos.com\/ca\/\",\"logo\":{\"@type\":\"ImageObject\",\"inLanguage\":\"ca\",\"@id\":\"https:\/\/eikonos.com\/ca\/#\/schema\/logo\/image\/\",\"url\":\"https:\/\/eikonos.com\/wp-content\/uploads\/2020\/08\/logo-color.png\",\"contentUrl\":\"https:\/\/eikonos.com\/wp-content\/uploads\/2020\/08\/logo-color.png\",\"width\":376,\"height\":122,\"caption\":\"EIKONOS | Servicios Audiovisuales, eventos y alquiler de equipos\"},\"image\":{\"@id\":\"https:\/\/eikonos.com\/ca\/#\/schema\/logo\/image\/\"},\"sameAs\":[\"http:\/\/www.facebook.com\/pages\/Eikonos\/176324785746790\",\"https:\/\/x.com\/eikonos_sa\",\"http:\/\/www.linkedin.com\/company\/eikonos\",\"http:\/\/www.youtube.com\/channel\/UC8wcizWaAYbfsuqVf9wIT6w\"]},{\"@type\":\"Person\",\"@id\":\"https:\/\/eikonos.com\/ca\/#\/schema\/person\/82032860cc314d826959b90595a5280a\",\"name\":\"Xavi Eikonos\",\"image\":{\"@type\":\"ImageObject\",\"inLanguage\":\"ca\",\"@id\":\"https:\/\/eikonos.com\/ca\/#\/schema\/person\/image\/\",\"url\":\"https:\/\/secure.gravatar.com\/avatar\/a6c6b51dd0ac6902701aab24a914f6febe1518f94a5ae06db08b3d6107248dfd?s=96&d=mm&r=g\",\"contentUrl\":\"https:\/\/secure.gravatar.com\/avatar\/a6c6b51dd0ac6902701aab24a914f6febe1518f94a5ae06db08b3d6107248dfd?s=96&d=mm&r=g\",\"caption\":\"Xavi Eikonos\"}}]}<\/script>\n<!-- \/ Yoast SEO plugin. -->","yoast_head_json":{"title":"Tend\u00e8ncies d\u2019equips audiovisuals per a sales de reunions","description":"Descobreix les tend\u00e8ncies en equips audiovisuals per a sales de reunions si vols que les teves oficines comptin amb tecnologia audiovisual d'\u00faltima generaci\u00f3.","robots":{"index":"index","follow":"follow","max-snippet":"max-snippet:-1","max-image-preview":"max-image-preview:large","max-video-preview":"max-video-preview:-1"},"canonical":"https:\/\/eikonos.com\/ca\/blog\/tendenies-dequips-audiovisuals-per-a-sales-de-reunions\/","og_locale":"ca_ES","og_type":"article","og_title":"Tend\u00e8ncies d\u2019equips audiovisuals per a sales de reunions","og_description":"Descobreix les tend\u00e8ncies en equips audiovisuals per a sales de reunions si vols que les teves oficines comptin amb tecnologia audiovisual d'\u00faltima generaci\u00f3.","og_url":"https:\/\/eikonos.com\/ca\/blog\/tendenies-dequips-audiovisuals-per-a-sales-de-reunions\/","og_site_name":"EIKONOS","article_publisher":"http:\/\/www.facebook.com\/pages\/Eikonos\/176324785746790","article_published_time":"2018-01-16T12:45:48+00:00","og_image":[{"width":724,"height":432,"url":"https:\/\/eikonos.com\/wp-content\/uploads\/2018\/02\/equipos-audiovisuales-para-salas-de-reuniones-1.jpg","type":"image\/jpeg"}],"author":"Xavi Eikonos","twitter_card":"summary_large_image","twitter_creator":"@eikonos_sa","twitter_site":"@eikonos_sa","twitter_misc":{"Escrit per":"Xavi Eikonos","Temps estimat de lectura":"3 minuts"},"schema":{"@context":"https:\/\/schema.org","@graph":[{"@type":"Article","@id":"https:\/\/eikonos.com\/ca\/blog\/tendenies-dequips-audiovisuals-per-a-sales-de-reunions\/#article","isPartOf":{"@id":"https:\/\/eikonos.com\/ca\/blog\/tendenies-dequips-audiovisuals-per-a-sales-de-reunions\/"},"author":{"name":"Xavi Eikonos","@id":"https:\/\/eikonos.com\/ca\/#\/schema\/person\/82032860cc314d826959b90595a5280a"},"headline":"Tend\u00e8ncies d\u2019equips audiovisuals per a sales de reunions","datePublished":"2018-01-16T12:45:48+00:00","mainEntityOfPage":{"@id":"https:\/\/eikonos.com\/ca\/blog\/tendenies-dequips-audiovisuals-per-a-sales-de-reunions\/"},"wordCount":555,"commentCount":0,"publisher":{"@id":"https:\/\/eikonos.com\/ca\/#organization"},"image":{"@id":"https:\/\/eikonos.com\/ca\/blog\/tendenies-dequips-audiovisuals-per-a-sales-de-reunions\/#primaryimage"},"thumbnailUrl":"https:\/\/eikonos.com\/wp-content\/uploads\/2018\/02\/equipos-audiovisuales-para-salas-de-reuniones-1.jpg","articleSection":["Instal\u00b7lacions fixes"],"inLanguage":"ca","potentialAction":[{"@type":"CommentAction","name":"Comment","target":["https:\/\/eikonos.com\/ca\/blog\/tendenies-dequips-audiovisuals-per-a-sales-de-reunions\/#respond"]}]},{"@type":"WebPage","@id":"https:\/\/eikonos.com\/ca\/blog\/tendenies-dequips-audiovisuals-per-a-sales-de-reunions\/","url":"https:\/\/eikonos.com\/ca\/blog\/tendenies-dequips-audiovisuals-per-a-sales-de-reunions\/","name":"Tend\u00e8ncies d\u2019equips audiovisuals per a sales de reunions","isPartOf":{"@id":"https:\/\/eikonos.com\/ca\/#website"},"primaryImageOfPage":{"@id":"https:\/\/eikonos.com\/ca\/blog\/tendenies-dequips-audiovisuals-per-a-sales-de-reunions\/#primaryimage"},"image":{"@id":"https:\/\/eikonos.com\/ca\/blog\/tendenies-dequips-audiovisuals-per-a-sales-de-reunions\/#primaryimage"},"thumbnailUrl":"https:\/\/eikonos.com\/wp-content\/uploads\/2018\/02\/equipos-audiovisuales-para-salas-de-reuniones-1.jpg","datePublished":"2018-01-16T12:45:48+00:00","description":"Descobreix les tend\u00e8ncies en equips audiovisuals per a sales de reunions si vols que les teves oficines comptin amb tecnologia audiovisual d'\u00faltima generaci\u00f3.","breadcrumb":{"@id":"https:\/\/eikonos.com\/ca\/blog\/tendenies-dequips-audiovisuals-per-a-sales-de-reunions\/#breadcrumb"},"inLanguage":"ca","potentialAction":[{"@type":"ReadAction","target":["https:\/\/eikonos.com\/ca\/blog\/tendenies-dequips-audiovisuals-per-a-sales-de-reunions\/"]}]},{"@type":"ImageObject","inLanguage":"ca","@id":"https:\/\/eikonos.com\/ca\/blog\/tendenies-dequips-audiovisuals-per-a-sales-de-reunions\/#primaryimage","url":"https:\/\/eikonos.com\/wp-content\/uploads\/2018\/02\/equipos-audiovisuales-para-salas-de-reuniones-1.jpg","contentUrl":"https:\/\/eikonos.com\/wp-content\/uploads\/2018\/02\/equipos-audiovisuales-para-salas-de-reuniones-1.jpg","width":724,"height":432,"caption":"Equipos audiovisuales para salas de reuniones"},{"@type":"BreadcrumbList","@id":"https:\/\/eikonos.com\/ca\/blog\/tendenies-dequips-audiovisuals-per-a-sales-de-reunions\/#breadcrumb","itemListElement":[{"@type":"ListItem","position":1,"name":"EIKONOS","item":"https:\/\/eikonos.com\/ca\/inici\/"},{"@type":"ListItem","position":2,"name":"Tend\u00e8ncies d\u2019equips audiovisuals per a sales de reunions"}]},{"@type":"WebSite","@id":"https:\/\/eikonos.com\/ca\/#website","url":"https:\/\/eikonos.com\/ca\/","name":"EIKONOS","description":"EXPERIENCIA AUDIOVISUAL","publisher":{"@id":"https:\/\/eikonos.com\/ca\/#organization"},"potentialAction":[{"@type":"SearchAction","target":{"@type":"EntryPoint","urlTemplate":"https:\/\/eikonos.com\/ca\/?s={search_term_string}"},"query-input":{"@type":"PropertyValueSpecification","valueRequired":true,"valueName":"search_term_string"}}],"inLanguage":"ca"},{"@type":"Organization","@id":"https:\/\/eikonos.com\/ca\/#organization","name":"EIKONOS | Servicios Audiovisuales, eventos y alquiler de equipos","url":"https:\/\/eikonos.com\/ca\/","logo":{"@type":"ImageObject","inLanguage":"ca","@id":"https:\/\/eikonos.com\/ca\/#\/schema\/logo\/image\/","url":"https:\/\/eikonos.com\/wp-content\/uploads\/2020\/08\/logo-color.png","contentUrl":"https:\/\/eikonos.com\/wp-content\/uploads\/2020\/08\/logo-color.png","width":376,"height":122,"caption":"EIKONOS | Servicios Audiovisuales, eventos y alquiler de equipos"},"image":{"@id":"https:\/\/eikonos.com\/ca\/#\/schema\/logo\/image\/"},"sameAs":["http:\/\/www.facebook.com\/pages\/Eikonos\/176324785746790","https:\/\/x.com\/eikonos_sa","http:\/\/www.linkedin.com\/company\/eikonos","http:\/\/www.youtube.com\/channel\/UC8wcizWaAYbfsuqVf9wIT6w"]},{"@type":"Person","@id":"https:\/\/eikonos.com\/ca\/#\/schema\/person\/82032860cc314d826959b90595a5280a","name":"Xavi Eikonos","image":{"@type":"ImageObject","inLanguage":"ca","@id":"https:\/\/eikonos.com\/ca\/#\/schema\/person\/image\/","url":"https:\/\/secure.gravatar.com\/avatar\/a6c6b51dd0ac6902701aab24a914f6febe1518f94a5ae06db08b3d6107248dfd?s=96&d=mm&r=g","contentUrl":"https:\/\/secure.gravatar.com\/avatar\/a6c6b51dd0ac6902701aab24a914f6febe1518f94a5ae06db08b3d6107248dfd?s=96&d=mm&r=g","caption":"Xavi Eikonos"}}]}},"_links":{"self":[{"href":"https:\/\/eikonos.com\/ca\/wp-json\/wp\/v2\/posts\/5123","targetHints":{"allow":["GET"]}}],"collection":[{"href":"https:\/\/eikonos.com\/ca\/wp-json\/wp\/v2\/posts"}],"about":[{"href":"https:\/\/eikonos.com\/ca\/wp-json\/wp\/v2\/types\/post"}],"author":[{"embeddable":true,"href":"https:\/\/eikonos.com\/ca\/wp-json\/wp\/v2\/users\/6"}],"replies":[{"embeddable":true,"href":"https:\/\/eikonos.com\/ca\/wp-json\/wp\/v2\/comments?post=5123"}],"version-history":[{"count":0,"href":"https:\/\/eikonos.com\/ca\/wp-json\/wp\/v2\/posts\/5123\/revisions"}],"wp:featuredmedia":[{"embeddable":true,"href":"https:\/\/eikonos.com\/ca\/wp-json\/wp\/v2\/media\/5115"}],"wp:attachment":[{"href":"https:\/\/eikonos.com\/ca\/wp-json\/wp\/v2\/media?parent=5123"}],"wp:term":[{"taxonomy":"category","embeddable":true,"href":"https:\/\/eikonos.com\/ca\/wp-json\/wp\/v2\/categories?post=5123"},{"taxonomy":"post_tag","embeddable":true,"href":"https:\/\/eikonos.com\/ca\/wp-json\/wp\/v2\/tags?post=5123"}],"curies":[{"name":"wp","href":"https:\/\/api.w.org\/{rel}","templated":true}]}}