{"id":5119,"date":"2018-01-09T15:49:21","date_gmt":"2018-01-09T14:49:21","guid":{"rendered":"http:\/\/eikonos.com\/?p=5119"},"modified":"2018-01-09T15:49:21","modified_gmt":"2018-01-09T14:49:21","slug":"equips-de-so-per-completar-una-bona-experiencia-en-esdeveniments","status":"publish","type":"post","link":"https:\/\/eikonos.com\/ca\/blog\/equips-de-so-per-completar-una-bona-experiencia-en-esdeveniments\/","title":{"rendered":"Equips de so per completar una bona experi\u00e8ncia en esdeveniments"},"content":{"rendered":"<p>No hi ha sensaci\u00f3 m\u00e9s plaent que la de comprovar que tot el nostre esdeveniment ha sortit a la perfecci\u00f3. Darrere hi ha mesos de treball i l\u2019esfor\u00e7 d\u2019un<a href=\"https:\/\/eikonos.com\/ca\/nosaltres\/\"> equip multidisciplinar<\/a>\u00a0<span lang=\"CA\">que asseguri l\u2019\u00e8xit. <\/span><\/p>\n<p><span lang=\"CA\">Moltes vegades no ho tenim internament, b\u00e9 perqu\u00e8 no tenim personal que s\u00e0piga utilitzar-ho o simplement perqu\u00e8 el necessitem de manera puntual. I \u00e9s normal. En aquestes situacions hi ha una alternativa que indiscutiblement \u00e9s la m\u00e9s adequada: el\u00a0<\/span><a href=\"https:\/\/eikonos.com\/ca\/portfolio_page\/equips-de-so\/\">lloguer d&#8217;equips de so<\/a>.\u00a0<span lang=\"CA\">No nom\u00e9s assegurarem tenir la millor tecnologia pel nostres esdeveniment si no tamb\u00e9 als t\u00e8cnics que s\u00e0piguen treure-li el rendiment que ofereix. \u00a0<\/span><\/p>\n<p>&nbsp;<\/p>\n<h2><span style=\"color: #ff0000;\">Qu\u00e8 cal analitzar a nivell d&#8217;equips de so davant d&#8217;un esdeveniment?\u00a0<\/span><\/h2>\n<p>Tot esdeveniment, sigui de la naturalesa que sigui, exigeix que la transmissi\u00f3 del missatge sonor sigui de qualitat i <strong>assegurar la bona comprensi\u00f3 i intel\u00b7ligibilitat. <\/strong>\u00c9s a dir, no es tracte de que no soni alt; ha de sonar b\u00e9. No \u00e9s \u00fanicament una q\u00fcesti\u00f3 de pressi\u00f3 sonora, encara que sigui el que la majoria cregui.<\/p>\n<p>Per aix\u00f2, abans de l\u2019esdeveniment el ideal \u00e9s <strong>que els professionals de l\u2019empresa de so analitzin correctament l\u2019espai, <\/strong>com s\u2019han de col\u00b7locar els equips de so, on han d\u2019anar els ponents i aix\u00ed, avan\u00e7ar-nos a les possibles dificultats ac\u00fastiques amb les que ens puguem trobar.<\/p>\n<p>A la vegada, <strong>el que serveix per un esdeveniment o espai no t\u00e9 per qu\u00e8 servir per a un altra. Treballarem <\/strong>en sales completament diferents i d\u2019aqu\u00ed que cada ocasi\u00f3 necessiti un an\u00e0lisis de les condicions necess\u00e0ries en funci\u00f3 de les seves caracter\u00edstiques: n\u00famero d\u2019assistents, tipologia de l\u2019acte, caracter\u00edstiques ac\u00fastiques del recinte, tipus de recinte o espai en el que es situa l\u2019acte, equip audiovisual que s\u2019utilitzar\u00e0&#8230; L\u2019objectiu sempre \u00e9s el mateix: assegurar un so clar, n\u00edtid i de qualitat per aconseguir una bona experi\u00e8ncia per part dels assistents.<\/p>\n<p>Aix\u00ed mateix, hem de pensar en la trobada com a una cosa global. No nom\u00e9s s\u2019ha de pensar en la presentaci\u00f3 o les pon\u00e8ncies de l\u2019esdeveniment, l\u2019equip de so tamb\u00e9 ha d\u2019estar present en <strong>la m\u00fasica dels moments previs, dels descansos i de l\u2019acomiadament; <\/strong>\u00e9s fonamental crear una experi\u00e8ncia sensorial detallada i precisa per a cada moment, crear una atmosfera que es centri en l\u2019estat d\u2019\u00e0nim que ha de tenir el p\u00fablic en cada instant.<\/p>\n<p>&nbsp;<\/p>\n<h2><span style=\"color: #ff0000;\">Les proves de so no poden faltar\u00a0<\/span><\/h2>\n<p>I com fer que tot el que expliquem surti b\u00e9? <strong>Les probes de so ens ajudaran a verificar que tot funcionar\u00e0 tal i com hem planejat.<\/strong><\/p>\n<p>\u00c9s fonamental que els ponents, artistes o professionals que hagin de parlar o comunicar qualsevol informaci\u00f3 en l\u2019esdeveniment coneguin la tecnologia al seu abans i com aquesta s\u2019utilitza, on s\u2019han de col\u00b7locar, han d\u2019aprendre a no interferir en l\u2019emissi\u00f3 (saber com parlar davant del micr\u00f2fon, no trepitjar els cables, cap a on parlar i mirar&#8230;).<\/p>\n<p>&nbsp;<\/p>\n<h2><span style=\"color: #ff0000;\">Realitzar un assaig de la presentaci\u00f3<\/span><\/h2>\n<p>Per \u00faltim, recordar que cada assaig que fem ha de ser el m\u00e9s ajustat a l\u2019esdeveniment real.<\/p>\n<p>D\u2019aquesta manera, t\u00e8cnics i participants en l\u2019esdeveniment poden comprovar de la manera m\u00e9s fidel que tot est\u00e0 ajustat per a l\u2019acte amb p\u00fablic.<\/p>\n<p>Preparat per brillar? T\u2019ajudem a Eikonos. <strong><em>Parlem!<\/em><\/strong><\/p>\n<p><img loading=\"lazy\" decoding=\"async\" class=\"aligncenter wp-image-4119 size-full\" title=\"Equipos Audiovisuales de alquiler con EIKONOS\" src=\"https:\/\/eikonos.com\/wp-content\/uploads\/2017\/05\/eikonos-cta-equips-audiovisuals-de-lloguer.png\" alt=\"\" width=\"741\" height=\"250\" srcset=\"https:\/\/eikonos.com\/wp-content\/uploads\/2017\/05\/eikonos-cta-equips-audiovisuals-de-lloguer.png 741w, https:\/\/eikonos.com\/wp-content\/uploads\/2017\/05\/eikonos-cta-equips-audiovisuals-de-lloguer-300x101.png 300w\" sizes=\"auto, (max-width: 741px) 100vw, 741px\" \/><\/p>\n","protected":false},"excerpt":{"rendered":"<p>No hi ha sensaci\u00f3 m\u00e9s plaent que la de comprovar que tot el nostre esdeveniment&#8230;<\/p>\n","protected":false},"author":6,"featured_media":5111,"comment_status":"open","ping_status":"open","sticky":false,"template":"","format":"standard","meta":{"_acf_changed":false,"footnotes":""},"categories":[262],"tags":[],"class_list":["post-5119","post","type-post","status-publish","format-standard","has-post-thumbnail","hentry","category-lloguer-dequips"],"acf":[],"yoast_head":"<!-- This site is optimized with the Yoast SEO plugin v26.3 - https:\/\/yoast.com\/wordpress\/plugins\/seo\/ -->\n<title>Lloguer d&#039;equips de so per completar una bona experi\u00e8ncia en esdeveniments<\/title>\n<meta name=\"description\" content=\"Una de les millors solucions audiovisuals per aconseguir una bona experi\u00e8ncia en esdeveniments \u00e9s el lloguer d&#039;equips de so. Segueix llegint!\" \/>\n<meta name=\"robots\" content=\"index, follow, max-snippet:-1, max-image-preview:large, max-video-preview:-1\" \/>\n<link rel=\"canonical\" href=\"https:\/\/eikonos.com\/ca\/blog\/equips-de-so-per-completar-una-bona-experiencia-en-esdeveniments\/\" \/>\n<meta property=\"og:locale\" content=\"ca_ES\" \/>\n<meta property=\"og:type\" content=\"article\" \/>\n<meta property=\"og:title\" content=\"Lloguer d&#039;equips de so per completar una bona experi\u00e8ncia en esdeveniments\" \/>\n<meta property=\"og:description\" content=\"Una de les millors solucions audiovisuals per aconseguir una bona experi\u00e8ncia en esdeveniments \u00e9s el lloguer d&#039;equips de so. Segueix llegint!\" \/>\n<meta property=\"og:url\" content=\"https:\/\/eikonos.com\/ca\/blog\/equips-de-so-per-completar-una-bona-experiencia-en-esdeveniments\/\" \/>\n<meta property=\"og:site_name\" content=\"EIKONOS\" \/>\n<meta property=\"article:publisher\" content=\"http:\/\/www.facebook.com\/pages\/Eikonos\/176324785746790\" \/>\n<meta property=\"article:published_time\" content=\"2018-01-09T14:49:21+00:00\" \/>\n<meta property=\"og:image\" content=\"https:\/\/eikonos.com\/wp-content\/uploads\/2018\/02\/EIKONOS-159-1.jpg\" \/>\n\t<meta property=\"og:image:width\" content=\"724\" \/>\n\t<meta property=\"og:image:height\" content=\"432\" \/>\n\t<meta property=\"og:image:type\" content=\"image\/jpeg\" \/>\n<meta name=\"author\" content=\"Xavi Eikonos\" \/>\n<meta name=\"twitter:card\" content=\"summary_large_image\" \/>\n<meta name=\"twitter:creator\" content=\"@eikonos_sa\" \/>\n<meta name=\"twitter:site\" content=\"@eikonos_sa\" \/>\n<meta name=\"twitter:label1\" content=\"Escrit per\" \/>\n\t<meta name=\"twitter:data1\" content=\"Xavi Eikonos\" \/>\n\t<meta name=\"twitter:label2\" content=\"Temps estimat de lectura\" \/>\n\t<meta name=\"twitter:data2\" content=\"3 minuts\" \/>\n<script type=\"application\/ld+json\" class=\"yoast-schema-graph\">{\"@context\":\"https:\/\/schema.org\",\"@graph\":[{\"@type\":\"Article\",\"@id\":\"https:\/\/eikonos.com\/ca\/blog\/equips-de-so-per-completar-una-bona-experiencia-en-esdeveniments\/#article\",\"isPartOf\":{\"@id\":\"https:\/\/eikonos.com\/ca\/blog\/equips-de-so-per-completar-una-bona-experiencia-en-esdeveniments\/\"},\"author\":{\"name\":\"Xavi Eikonos\",\"@id\":\"https:\/\/eikonos.com\/ca\/#\/schema\/person\/82032860cc314d826959b90595a5280a\"},\"headline\":\"Equips de so per completar una bona experi\u00e8ncia en esdeveniments\",\"datePublished\":\"2018-01-09T14:49:21+00:00\",\"mainEntityOfPage\":{\"@id\":\"https:\/\/eikonos.com\/ca\/blog\/equips-de-so-per-completar-una-bona-experiencia-en-esdeveniments\/\"},\"wordCount\":594,\"commentCount\":0,\"publisher\":{\"@id\":\"https:\/\/eikonos.com\/ca\/#organization\"},\"image\":{\"@id\":\"https:\/\/eikonos.com\/ca\/blog\/equips-de-so-per-completar-una-bona-experiencia-en-esdeveniments\/#primaryimage\"},\"thumbnailUrl\":\"https:\/\/eikonos.com\/wp-content\/uploads\/2018\/02\/EIKONOS-159-1.jpg\",\"articleSection\":[\"Lloguer d'equips\"],\"inLanguage\":\"ca\",\"potentialAction\":[{\"@type\":\"CommentAction\",\"name\":\"Comment\",\"target\":[\"https:\/\/eikonos.com\/ca\/blog\/equips-de-so-per-completar-una-bona-experiencia-en-esdeveniments\/#respond\"]}]},{\"@type\":\"WebPage\",\"@id\":\"https:\/\/eikonos.com\/ca\/blog\/equips-de-so-per-completar-una-bona-experiencia-en-esdeveniments\/\",\"url\":\"https:\/\/eikonos.com\/ca\/blog\/equips-de-so-per-completar-una-bona-experiencia-en-esdeveniments\/\",\"name\":\"Lloguer d'equips de so per completar una bona experi\u00e8ncia en esdeveniments\",\"isPartOf\":{\"@id\":\"https:\/\/eikonos.com\/ca\/#website\"},\"primaryImageOfPage\":{\"@id\":\"https:\/\/eikonos.com\/ca\/blog\/equips-de-so-per-completar-una-bona-experiencia-en-esdeveniments\/#primaryimage\"},\"image\":{\"@id\":\"https:\/\/eikonos.com\/ca\/blog\/equips-de-so-per-completar-una-bona-experiencia-en-esdeveniments\/#primaryimage\"},\"thumbnailUrl\":\"https:\/\/eikonos.com\/wp-content\/uploads\/2018\/02\/EIKONOS-159-1.jpg\",\"datePublished\":\"2018-01-09T14:49:21+00:00\",\"description\":\"Una de les millors solucions audiovisuals per aconseguir una bona experi\u00e8ncia en esdeveniments \u00e9s el lloguer d'equips de so. Segueix llegint!\",\"breadcrumb\":{\"@id\":\"https:\/\/eikonos.com\/ca\/blog\/equips-de-so-per-completar-una-bona-experiencia-en-esdeveniments\/#breadcrumb\"},\"inLanguage\":\"ca\",\"potentialAction\":[{\"@type\":\"ReadAction\",\"target\":[\"https:\/\/eikonos.com\/ca\/blog\/equips-de-so-per-completar-una-bona-experiencia-en-esdeveniments\/\"]}]},{\"@type\":\"ImageObject\",\"inLanguage\":\"ca\",\"@id\":\"https:\/\/eikonos.com\/ca\/blog\/equips-de-so-per-completar-una-bona-experiencia-en-esdeveniments\/#primaryimage\",\"url\":\"https:\/\/eikonos.com\/wp-content\/uploads\/2018\/02\/EIKONOS-159-1.jpg\",\"contentUrl\":\"https:\/\/eikonos.com\/wp-content\/uploads\/2018\/02\/EIKONOS-159-1.jpg\",\"width\":724,\"height\":432,\"caption\":\"alquiler de equipos de sonido\"},{\"@type\":\"BreadcrumbList\",\"@id\":\"https:\/\/eikonos.com\/ca\/blog\/equips-de-so-per-completar-una-bona-experiencia-en-esdeveniments\/#breadcrumb\",\"itemListElement\":[{\"@type\":\"ListItem\",\"position\":1,\"name\":\"EIKONOS\",\"item\":\"https:\/\/eikonos.com\/ca\/inici\/\"},{\"@type\":\"ListItem\",\"position\":2,\"name\":\"Equips de so per completar una bona experi\u00e8ncia en esdeveniments\"}]},{\"@type\":\"WebSite\",\"@id\":\"https:\/\/eikonos.com\/ca\/#website\",\"url\":\"https:\/\/eikonos.com\/ca\/\",\"name\":\"EIKONOS\",\"description\":\"EXPERIENCIA AUDIOVISUAL\",\"publisher\":{\"@id\":\"https:\/\/eikonos.com\/ca\/#organization\"},\"potentialAction\":[{\"@type\":\"SearchAction\",\"target\":{\"@type\":\"EntryPoint\",\"urlTemplate\":\"https:\/\/eikonos.com\/ca\/?s={search_term_string}\"},\"query-input\":{\"@type\":\"PropertyValueSpecification\",\"valueRequired\":true,\"valueName\":\"search_term_string\"}}],\"inLanguage\":\"ca\"},{\"@type\":\"Organization\",\"@id\":\"https:\/\/eikonos.com\/ca\/#organization\",\"name\":\"EIKONOS | Servicios Audiovisuales, eventos y alquiler de equipos\",\"url\":\"https:\/\/eikonos.com\/ca\/\",\"logo\":{\"@type\":\"ImageObject\",\"inLanguage\":\"ca\",\"@id\":\"https:\/\/eikonos.com\/ca\/#\/schema\/logo\/image\/\",\"url\":\"https:\/\/eikonos.com\/wp-content\/uploads\/2020\/08\/logo-color.png\",\"contentUrl\":\"https:\/\/eikonos.com\/wp-content\/uploads\/2020\/08\/logo-color.png\",\"width\":376,\"height\":122,\"caption\":\"EIKONOS | Servicios Audiovisuales, eventos y alquiler de equipos\"},\"image\":{\"@id\":\"https:\/\/eikonos.com\/ca\/#\/schema\/logo\/image\/\"},\"sameAs\":[\"http:\/\/www.facebook.com\/pages\/Eikonos\/176324785746790\",\"https:\/\/x.com\/eikonos_sa\",\"http:\/\/www.linkedin.com\/company\/eikonos\",\"http:\/\/www.youtube.com\/channel\/UC8wcizWaAYbfsuqVf9wIT6w\"]},{\"@type\":\"Person\",\"@id\":\"https:\/\/eikonos.com\/ca\/#\/schema\/person\/82032860cc314d826959b90595a5280a\",\"name\":\"Xavi Eikonos\",\"image\":{\"@type\":\"ImageObject\",\"inLanguage\":\"ca\",\"@id\":\"https:\/\/eikonos.com\/ca\/#\/schema\/person\/image\/\",\"url\":\"https:\/\/secure.gravatar.com\/avatar\/a6c6b51dd0ac6902701aab24a914f6febe1518f94a5ae06db08b3d6107248dfd?s=96&d=mm&r=g\",\"contentUrl\":\"https:\/\/secure.gravatar.com\/avatar\/a6c6b51dd0ac6902701aab24a914f6febe1518f94a5ae06db08b3d6107248dfd?s=96&d=mm&r=g\",\"caption\":\"Xavi Eikonos\"}}]}<\/script>\n<!-- \/ Yoast SEO plugin. -->","yoast_head_json":{"title":"Lloguer d'equips de so per completar una bona experi\u00e8ncia en esdeveniments","description":"Una de les millors solucions audiovisuals per aconseguir una bona experi\u00e8ncia en esdeveniments \u00e9s el lloguer d'equips de so. Segueix llegint!","robots":{"index":"index","follow":"follow","max-snippet":"max-snippet:-1","max-image-preview":"max-image-preview:large","max-video-preview":"max-video-preview:-1"},"canonical":"https:\/\/eikonos.com\/ca\/blog\/equips-de-so-per-completar-una-bona-experiencia-en-esdeveniments\/","og_locale":"ca_ES","og_type":"article","og_title":"Lloguer d'equips de so per completar una bona experi\u00e8ncia en esdeveniments","og_description":"Una de les millors solucions audiovisuals per aconseguir una bona experi\u00e8ncia en esdeveniments \u00e9s el lloguer d'equips de so. Segueix llegint!","og_url":"https:\/\/eikonos.com\/ca\/blog\/equips-de-so-per-completar-una-bona-experiencia-en-esdeveniments\/","og_site_name":"EIKONOS","article_publisher":"http:\/\/www.facebook.com\/pages\/Eikonos\/176324785746790","article_published_time":"2018-01-09T14:49:21+00:00","og_image":[{"width":724,"height":432,"url":"https:\/\/eikonos.com\/wp-content\/uploads\/2018\/02\/EIKONOS-159-1.jpg","type":"image\/jpeg"}],"author":"Xavi Eikonos","twitter_card":"summary_large_image","twitter_creator":"@eikonos_sa","twitter_site":"@eikonos_sa","twitter_misc":{"Escrit per":"Xavi Eikonos","Temps estimat de lectura":"3 minuts"},"schema":{"@context":"https:\/\/schema.org","@graph":[{"@type":"Article","@id":"https:\/\/eikonos.com\/ca\/blog\/equips-de-so-per-completar-una-bona-experiencia-en-esdeveniments\/#article","isPartOf":{"@id":"https:\/\/eikonos.com\/ca\/blog\/equips-de-so-per-completar-una-bona-experiencia-en-esdeveniments\/"},"author":{"name":"Xavi Eikonos","@id":"https:\/\/eikonos.com\/ca\/#\/schema\/person\/82032860cc314d826959b90595a5280a"},"headline":"Equips de so per completar una bona experi\u00e8ncia en esdeveniments","datePublished":"2018-01-09T14:49:21+00:00","mainEntityOfPage":{"@id":"https:\/\/eikonos.com\/ca\/blog\/equips-de-so-per-completar-una-bona-experiencia-en-esdeveniments\/"},"wordCount":594,"commentCount":0,"publisher":{"@id":"https:\/\/eikonos.com\/ca\/#organization"},"image":{"@id":"https:\/\/eikonos.com\/ca\/blog\/equips-de-so-per-completar-una-bona-experiencia-en-esdeveniments\/#primaryimage"},"thumbnailUrl":"https:\/\/eikonos.com\/wp-content\/uploads\/2018\/02\/EIKONOS-159-1.jpg","articleSection":["Lloguer d'equips"],"inLanguage":"ca","potentialAction":[{"@type":"CommentAction","name":"Comment","target":["https:\/\/eikonos.com\/ca\/blog\/equips-de-so-per-completar-una-bona-experiencia-en-esdeveniments\/#respond"]}]},{"@type":"WebPage","@id":"https:\/\/eikonos.com\/ca\/blog\/equips-de-so-per-completar-una-bona-experiencia-en-esdeveniments\/","url":"https:\/\/eikonos.com\/ca\/blog\/equips-de-so-per-completar-una-bona-experiencia-en-esdeveniments\/","name":"Lloguer d'equips de so per completar una bona experi\u00e8ncia en esdeveniments","isPartOf":{"@id":"https:\/\/eikonos.com\/ca\/#website"},"primaryImageOfPage":{"@id":"https:\/\/eikonos.com\/ca\/blog\/equips-de-so-per-completar-una-bona-experiencia-en-esdeveniments\/#primaryimage"},"image":{"@id":"https:\/\/eikonos.com\/ca\/blog\/equips-de-so-per-completar-una-bona-experiencia-en-esdeveniments\/#primaryimage"},"thumbnailUrl":"https:\/\/eikonos.com\/wp-content\/uploads\/2018\/02\/EIKONOS-159-1.jpg","datePublished":"2018-01-09T14:49:21+00:00","description":"Una de les millors solucions audiovisuals per aconseguir una bona experi\u00e8ncia en esdeveniments \u00e9s el lloguer d'equips de so. Segueix llegint!","breadcrumb":{"@id":"https:\/\/eikonos.com\/ca\/blog\/equips-de-so-per-completar-una-bona-experiencia-en-esdeveniments\/#breadcrumb"},"inLanguage":"ca","potentialAction":[{"@type":"ReadAction","target":["https:\/\/eikonos.com\/ca\/blog\/equips-de-so-per-completar-una-bona-experiencia-en-esdeveniments\/"]}]},{"@type":"ImageObject","inLanguage":"ca","@id":"https:\/\/eikonos.com\/ca\/blog\/equips-de-so-per-completar-una-bona-experiencia-en-esdeveniments\/#primaryimage","url":"https:\/\/eikonos.com\/wp-content\/uploads\/2018\/02\/EIKONOS-159-1.jpg","contentUrl":"https:\/\/eikonos.com\/wp-content\/uploads\/2018\/02\/EIKONOS-159-1.jpg","width":724,"height":432,"caption":"alquiler de equipos de sonido"},{"@type":"BreadcrumbList","@id":"https:\/\/eikonos.com\/ca\/blog\/equips-de-so-per-completar-una-bona-experiencia-en-esdeveniments\/#breadcrumb","itemListElement":[{"@type":"ListItem","position":1,"name":"EIKONOS","item":"https:\/\/eikonos.com\/ca\/inici\/"},{"@type":"ListItem","position":2,"name":"Equips de so per completar una bona experi\u00e8ncia en esdeveniments"}]},{"@type":"WebSite","@id":"https:\/\/eikonos.com\/ca\/#website","url":"https:\/\/eikonos.com\/ca\/","name":"EIKONOS","description":"EXPERIENCIA AUDIOVISUAL","publisher":{"@id":"https:\/\/eikonos.com\/ca\/#organization"},"potentialAction":[{"@type":"SearchAction","target":{"@type":"EntryPoint","urlTemplate":"https:\/\/eikonos.com\/ca\/?s={search_term_string}"},"query-input":{"@type":"PropertyValueSpecification","valueRequired":true,"valueName":"search_term_string"}}],"inLanguage":"ca"},{"@type":"Organization","@id":"https:\/\/eikonos.com\/ca\/#organization","name":"EIKONOS | Servicios Audiovisuales, eventos y alquiler de equipos","url":"https:\/\/eikonos.com\/ca\/","logo":{"@type":"ImageObject","inLanguage":"ca","@id":"https:\/\/eikonos.com\/ca\/#\/schema\/logo\/image\/","url":"https:\/\/eikonos.com\/wp-content\/uploads\/2020\/08\/logo-color.png","contentUrl":"https:\/\/eikonos.com\/wp-content\/uploads\/2020\/08\/logo-color.png","width":376,"height":122,"caption":"EIKONOS | Servicios Audiovisuales, eventos y alquiler de equipos"},"image":{"@id":"https:\/\/eikonos.com\/ca\/#\/schema\/logo\/image\/"},"sameAs":["http:\/\/www.facebook.com\/pages\/Eikonos\/176324785746790","https:\/\/x.com\/eikonos_sa","http:\/\/www.linkedin.com\/company\/eikonos","http:\/\/www.youtube.com\/channel\/UC8wcizWaAYbfsuqVf9wIT6w"]},{"@type":"Person","@id":"https:\/\/eikonos.com\/ca\/#\/schema\/person\/82032860cc314d826959b90595a5280a","name":"Xavi Eikonos","image":{"@type":"ImageObject","inLanguage":"ca","@id":"https:\/\/eikonos.com\/ca\/#\/schema\/person\/image\/","url":"https:\/\/secure.gravatar.com\/avatar\/a6c6b51dd0ac6902701aab24a914f6febe1518f94a5ae06db08b3d6107248dfd?s=96&d=mm&r=g","contentUrl":"https:\/\/secure.gravatar.com\/avatar\/a6c6b51dd0ac6902701aab24a914f6febe1518f94a5ae06db08b3d6107248dfd?s=96&d=mm&r=g","caption":"Xavi Eikonos"}}]}},"_links":{"self":[{"href":"https:\/\/eikonos.com\/ca\/wp-json\/wp\/v2\/posts\/5119","targetHints":{"allow":["GET"]}}],"collection":[{"href":"https:\/\/eikonos.com\/ca\/wp-json\/wp\/v2\/posts"}],"about":[{"href":"https:\/\/eikonos.com\/ca\/wp-json\/wp\/v2\/types\/post"}],"author":[{"embeddable":true,"href":"https:\/\/eikonos.com\/ca\/wp-json\/wp\/v2\/users\/6"}],"replies":[{"embeddable":true,"href":"https:\/\/eikonos.com\/ca\/wp-json\/wp\/v2\/comments?post=5119"}],"version-history":[{"count":0,"href":"https:\/\/eikonos.com\/ca\/wp-json\/wp\/v2\/posts\/5119\/revisions"}],"wp:featuredmedia":[{"embeddable":true,"href":"https:\/\/eikonos.com\/ca\/wp-json\/wp\/v2\/media\/5111"}],"wp:attachment":[{"href":"https:\/\/eikonos.com\/ca\/wp-json\/wp\/v2\/media?parent=5119"}],"wp:term":[{"taxonomy":"category","embeddable":true,"href":"https:\/\/eikonos.com\/ca\/wp-json\/wp\/v2\/categories?post=5119"},{"taxonomy":"post_tag","embeddable":true,"href":"https:\/\/eikonos.com\/ca\/wp-json\/wp\/v2\/tags?post=5119"}],"curies":[{"name":"wp","href":"https:\/\/api.w.org\/{rel}","templated":true}]}}