{"id":5002,"date":"2018-01-02T10:31:18","date_gmt":"2018-01-02T09:31:18","guid":{"rendered":"http:\/\/eikonos.com\/?p=5002"},"modified":"2018-01-02T10:31:18","modified_gmt":"2018-01-02T09:31:18","slug":"els-millors-esdeveniments-audiovisuals-deikonos-en-2017","status":"publish","type":"post","link":"https:\/\/eikonos.com\/ca\/blog\/els-millors-esdeveniments-audiovisuals-deikonos-en-2017\/","title":{"rendered":"Els millors esdeveniments audiovisuals d&#8217;EIKONOS en 2017"},"content":{"rendered":"<p>Comen\u00e7a el 2018 i deixem un any espectacular del que mereix fer un rep\u00e0s. Uns mesos intensos que ens han deixat molts moments, innovaci\u00f3 i afany de superaci\u00f3 cada dia.<\/p>\n<p>Per\u00f2, quins han sigut alguns dels millors\u00a0<a href=\"https:\/\/eikonos.com\/ca\/serveis\/esdeveniments-audiovisuals\/\">esdeveniments audiovisuals<\/a>\u00a0<span lang=\"CA\">d\u2019EIKONOS en aquest \u00faltim any\u00a0 en el que hem participat com a experts en el sector audiovisual? T\u2019ho expliquem!<\/span><\/p>\n<h2><\/h2>\n<h2><span style=\"color: #ff0000;\">El nostre resum de 2017<\/span><\/h2>\n<p>Un any en el que les grans cites han sigut protagonistes. En l\u2019\u00e0rea esportiva ho vam passar en gran en l\u2019<strong>Ironman de Barcelona. <\/strong>Els espectadors van tenir l\u2019oportunitat de viure-ho en primera persona gr\u00e0cies a les dos pantalles LED de 5.9mm d\u2019EIKONOS. Una d\u2019elles es va situar a l\u2019exterior per poder visualitzar la competici\u00f3 des de fora i l\u2019altra a l\u2019interior de la carpa per poder oferir un suport total i un briefing als participants.<\/p>\n<p>Tamb\u00e9 en la mateixa ciutat, en el <strong>Sal\u00f3 de l\u2019autom\u00f2bil de Barcelona 2018, <\/strong>vam participar en diferents stands i vam donar cobertura a la part audiovisual gr\u00e0cies als nostres equips t\u00e8cnics.<\/p>\n<p>Junt a Dorna Sports, en vam ficar de ple al m\u00f3n del motociclisme, ajudant a que la <strong>Gala FIM Awards MotoGP <\/strong>fos encara m\u00e9s espectacular, si es podia.<\/p>\n<p>2017 tamb\u00e9 ha sigut un any de commemoracions. A EIKONOS ens hem encarregat de l\u2019enginyeria t\u00e8cnica audiovisual del <strong>30 aniversari de la inauguraci\u00f3 del Centre d\u2019Alt Rendiment de Sant Cugat. <\/strong>No vam ser menys els <strong>25 anys dels Jocs Ol\u00edmpics i Paral\u00edmpics de Barcelona 92. <\/strong><\/p>\n<p>Tamb\u00e9 vam tenir el nostre lloc durant el Congr\u00e9s m\u00e9s internacional de la ciutat comtal, el <strong>Mobile World Congress de 2018 <\/strong>a Barcelona. L\u2019espai per als nous emprenedors anomenat <strong>4 Year From Now (4YFN) <\/strong>i organitzat pel <strong>Mobile World Capital Barcelona Foundation. <\/strong>Vam ser partners audiovisuals i aix\u00ed vam permetre a startups, inversors, institucions p\u00fabliques i espectadors de l\u2019esdeveniment, descobrir, crear i llen\u00e7ar nous negocis i col\u00b7laboracions en el din\u00e0mic m\u00f3n de les noves tecnologies.<\/p>\n<p>Al 2017 ens vam encarregar, aix\u00ed mateix, de la presentaci\u00f3 de la nova <strong>novel\u00b7la de Dan Brown, <\/strong>Origen. Busquem sorprendre amb la producci\u00f3 superpanor\u00e0mica formada per 7 projectors Full HD sincronitzats. Podeu veure\u00a0<a href=\"https:\/\/vimeo.com\/239085953\">aqu\u00ed<\/a> la simulaci\u00f3.<\/p>\n<p><span lang=\"CA\">Ha sigut un any intens que esperem superar al 2018. Tamb\u00e9, paral\u00b7lelament als nostres treballs i reptes,<\/span><a href=\"https:\/\/eikonos.com\/ca\/blog\/eikonos-canvi-doficina\/\"><span lang=\"CA\">\u00a0el\u00a0<\/span>nostre canvi d&#8217;oficines<\/a>\u00a0ha suposat un salt significatiu en l\u2019empresa, permetent-nos disposar de m\u00e9s espai i millor servei per a futurs projectes, aix\u00ed com seguir sent un referent en el sector audiovisual.<\/p>\n<p>Gr\u00e0cies a tots els que heu comptat amb nosaltres i benvinguts als projectes d\u2019aquest nou any! Ens encantar\u00e0 tenir-vos a prop al llarg dels mesos que estan per arribar i entusiasmar-nos, com sempre, amb les vostres propostes i necessitats&#8230; per ajudar-vos a fer realitat els vostres esdeveniments. <strong><em>Parlem!<\/em><\/strong><\/p>\n<p><img loading=\"lazy\" decoding=\"async\" class=\"aligncenter wp-image-4120 size-full\" title=\"EIKONOS servicios audiovisuales para eventos\" src=\"https:\/\/eikonos.com\/wp-content\/uploads\/2017\/05\/eikonos-cta-organitzacio-esdeveniments-audiovisuals.png\" alt=\"EIKONOS serveis audiovisuals per a esdeveniments\" width=\"741\" height=\"250\" srcset=\"https:\/\/eikonos.com\/wp-content\/uploads\/2017\/05\/eikonos-cta-organitzacio-esdeveniments-audiovisuals.png 741w, https:\/\/eikonos.com\/wp-content\/uploads\/2017\/05\/eikonos-cta-organitzacio-esdeveniments-audiovisuals-300x101.png 300w\" sizes=\"auto, (max-width: 741px) 100vw, 741px\" \/><\/p>\n<p>&nbsp;<\/p>\n","protected":false},"excerpt":{"rendered":"<p>Comen\u00e7a el 2018 i deixem un any espectacular del que mereix fer un rep\u00e0s. Uns&#8230;<\/p>\n","protected":false},"author":6,"featured_media":4989,"comment_status":"open","ping_status":"open","sticky":false,"template":"","format":"standard","meta":{"_acf_changed":false,"footnotes":""},"categories":[268,260],"tags":[358],"class_list":["post-5002","post","type-post","status-publish","format-standard","has-post-thumbnail","hentry","category-eikonos-ca","category-esdeveniments-audiovisuals","tag-esdeveniments-audiovisuals"],"acf":[],"yoast_head":"<!-- This site is optimized with the Yoast SEO plugin v26.3 - https:\/\/yoast.com\/wordpress\/plugins\/seo\/ -->\n<title>Els millors esdeveniments audiovisuals d&#039;EIKONOS en 2017<\/title>\n<meta name=\"description\" content=\"T&#039;expliquem els millors esdeveniments audiovisuals d&#039;EIKONOS del 2017. Hem col\u00b7laborat en projectes com el MWC i el Sal\u00f3 de l&#039;Autom\u00f2bil.\" \/>\n<meta name=\"robots\" content=\"index, follow, max-snippet:-1, max-image-preview:large, max-video-preview:-1\" \/>\n<link rel=\"canonical\" href=\"https:\/\/eikonos.com\/ca\/blog\/els-millors-esdeveniments-audiovisuals-deikonos-en-2017\/\" \/>\n<meta property=\"og:locale\" content=\"ca_ES\" \/>\n<meta property=\"og:type\" content=\"article\" \/>\n<meta property=\"og:title\" content=\"Els millors esdeveniments audiovisuals d&#039;EIKONOS en 2017\" \/>\n<meta property=\"og:description\" content=\"T&#039;expliquem els millors esdeveniments audiovisuals d&#039;EIKONOS del 2017. Hem col\u00b7laborat en projectes com el MWC i el Sal\u00f3 de l&#039;Autom\u00f2bil.\" \/>\n<meta property=\"og:url\" content=\"https:\/\/eikonos.com\/ca\/blog\/els-millors-esdeveniments-audiovisuals-deikonos-en-2017\/\" \/>\n<meta property=\"og:site_name\" content=\"EIKONOS\" \/>\n<meta property=\"article:publisher\" content=\"http:\/\/www.facebook.com\/pages\/Eikonos\/176324785746790\" \/>\n<meta property=\"article:published_time\" content=\"2018-01-02T09:31:18+00:00\" \/>\n<meta property=\"og:image\" content=\"https:\/\/eikonos.com\/wp-content\/uploads\/2018\/01\/EIKONOS-157-1.jpg\" \/>\n\t<meta property=\"og:image:width\" content=\"724\" \/>\n\t<meta property=\"og:image:height\" content=\"432\" \/>\n\t<meta property=\"og:image:type\" content=\"image\/jpeg\" \/>\n<meta name=\"author\" content=\"Xavi Eikonos\" \/>\n<meta name=\"twitter:card\" content=\"summary_large_image\" \/>\n<meta name=\"twitter:creator\" content=\"@eikonos_sa\" \/>\n<meta name=\"twitter:site\" content=\"@eikonos_sa\" \/>\n<meta name=\"twitter:label1\" content=\"Escrit per\" \/>\n\t<meta name=\"twitter:data1\" content=\"Xavi Eikonos\" \/>\n\t<meta name=\"twitter:label2\" content=\"Temps estimat de lectura\" \/>\n\t<meta name=\"twitter:data2\" content=\"2 minuts\" \/>\n<script type=\"application\/ld+json\" class=\"yoast-schema-graph\">{\"@context\":\"https:\/\/schema.org\",\"@graph\":[{\"@type\":\"Article\",\"@id\":\"https:\/\/eikonos.com\/ca\/blog\/els-millors-esdeveniments-audiovisuals-deikonos-en-2017\/#article\",\"isPartOf\":{\"@id\":\"https:\/\/eikonos.com\/ca\/blog\/els-millors-esdeveniments-audiovisuals-deikonos-en-2017\/\"},\"author\":{\"name\":\"Xavi Eikonos\",\"@id\":\"https:\/\/eikonos.com\/ca\/#\/schema\/person\/82032860cc314d826959b90595a5280a\"},\"headline\":\"Els millors esdeveniments audiovisuals d&#8217;EIKONOS en 2017\",\"datePublished\":\"2018-01-02T09:31:18+00:00\",\"mainEntityOfPage\":{\"@id\":\"https:\/\/eikonos.com\/ca\/blog\/els-millors-esdeveniments-audiovisuals-deikonos-en-2017\/\"},\"wordCount\":488,\"commentCount\":0,\"publisher\":{\"@id\":\"https:\/\/eikonos.com\/ca\/#organization\"},\"image\":{\"@id\":\"https:\/\/eikonos.com\/ca\/blog\/els-millors-esdeveniments-audiovisuals-deikonos-en-2017\/#primaryimage\"},\"thumbnailUrl\":\"https:\/\/eikonos.com\/wp-content\/uploads\/2018\/01\/EIKONOS-157-1.jpg\",\"keywords\":[\"Esdeveniments audiovisuals\"],\"articleSection\":[\"Eikonos\",\"Esdeveniments audiovisuals\"],\"inLanguage\":\"ca\",\"potentialAction\":[{\"@type\":\"CommentAction\",\"name\":\"Comment\",\"target\":[\"https:\/\/eikonos.com\/ca\/blog\/els-millors-esdeveniments-audiovisuals-deikonos-en-2017\/#respond\"]}]},{\"@type\":\"WebPage\",\"@id\":\"https:\/\/eikonos.com\/ca\/blog\/els-millors-esdeveniments-audiovisuals-deikonos-en-2017\/\",\"url\":\"https:\/\/eikonos.com\/ca\/blog\/els-millors-esdeveniments-audiovisuals-deikonos-en-2017\/\",\"name\":\"Els millors esdeveniments audiovisuals d'EIKONOS en 2017\",\"isPartOf\":{\"@id\":\"https:\/\/eikonos.com\/ca\/#website\"},\"primaryImageOfPage\":{\"@id\":\"https:\/\/eikonos.com\/ca\/blog\/els-millors-esdeveniments-audiovisuals-deikonos-en-2017\/#primaryimage\"},\"image\":{\"@id\":\"https:\/\/eikonos.com\/ca\/blog\/els-millors-esdeveniments-audiovisuals-deikonos-en-2017\/#primaryimage\"},\"thumbnailUrl\":\"https:\/\/eikonos.com\/wp-content\/uploads\/2018\/01\/EIKONOS-157-1.jpg\",\"datePublished\":\"2018-01-02T09:31:18+00:00\",\"description\":\"T'expliquem els millors esdeveniments audiovisuals d'EIKONOS del 2017. Hem col\u00b7laborat en projectes com el MWC i el Sal\u00f3 de l'Autom\u00f2bil.\",\"breadcrumb\":{\"@id\":\"https:\/\/eikonos.com\/ca\/blog\/els-millors-esdeveniments-audiovisuals-deikonos-en-2017\/#breadcrumb\"},\"inLanguage\":\"ca\",\"potentialAction\":[{\"@type\":\"ReadAction\",\"target\":[\"https:\/\/eikonos.com\/ca\/blog\/els-millors-esdeveniments-audiovisuals-deikonos-en-2017\/\"]}]},{\"@type\":\"ImageObject\",\"inLanguage\":\"ca\",\"@id\":\"https:\/\/eikonos.com\/ca\/blog\/els-millors-esdeveniments-audiovisuals-deikonos-en-2017\/#primaryimage\",\"url\":\"https:\/\/eikonos.com\/wp-content\/uploads\/2018\/01\/EIKONOS-157-1.jpg\",\"contentUrl\":\"https:\/\/eikonos.com\/wp-content\/uploads\/2018\/01\/EIKONOS-157-1.jpg\",\"width\":724,\"height\":432},{\"@type\":\"BreadcrumbList\",\"@id\":\"https:\/\/eikonos.com\/ca\/blog\/els-millors-esdeveniments-audiovisuals-deikonos-en-2017\/#breadcrumb\",\"itemListElement\":[{\"@type\":\"ListItem\",\"position\":1,\"name\":\"EIKONOS\",\"item\":\"https:\/\/eikonos.com\/ca\/inici\/\"},{\"@type\":\"ListItem\",\"position\":2,\"name\":\"Els millors esdeveniments audiovisuals d&#8217;EIKONOS en 2017\"}]},{\"@type\":\"WebSite\",\"@id\":\"https:\/\/eikonos.com\/ca\/#website\",\"url\":\"https:\/\/eikonos.com\/ca\/\",\"name\":\"EIKONOS\",\"description\":\"EXPERIENCIA AUDIOVISUAL\",\"publisher\":{\"@id\":\"https:\/\/eikonos.com\/ca\/#organization\"},\"potentialAction\":[{\"@type\":\"SearchAction\",\"target\":{\"@type\":\"EntryPoint\",\"urlTemplate\":\"https:\/\/eikonos.com\/ca\/?s={search_term_string}\"},\"query-input\":{\"@type\":\"PropertyValueSpecification\",\"valueRequired\":true,\"valueName\":\"search_term_string\"}}],\"inLanguage\":\"ca\"},{\"@type\":\"Organization\",\"@id\":\"https:\/\/eikonos.com\/ca\/#organization\",\"name\":\"EIKONOS | Servicios Audiovisuales, eventos y alquiler de equipos\",\"url\":\"https:\/\/eikonos.com\/ca\/\",\"logo\":{\"@type\":\"ImageObject\",\"inLanguage\":\"ca\",\"@id\":\"https:\/\/eikonos.com\/ca\/#\/schema\/logo\/image\/\",\"url\":\"https:\/\/eikonos.com\/wp-content\/uploads\/2020\/08\/logo-color.png\",\"contentUrl\":\"https:\/\/eikonos.com\/wp-content\/uploads\/2020\/08\/logo-color.png\",\"width\":376,\"height\":122,\"caption\":\"EIKONOS | Servicios Audiovisuales, eventos y alquiler de equipos\"},\"image\":{\"@id\":\"https:\/\/eikonos.com\/ca\/#\/schema\/logo\/image\/\"},\"sameAs\":[\"http:\/\/www.facebook.com\/pages\/Eikonos\/176324785746790\",\"https:\/\/x.com\/eikonos_sa\",\"http:\/\/www.linkedin.com\/company\/eikonos\",\"http:\/\/www.youtube.com\/channel\/UC8wcizWaAYbfsuqVf9wIT6w\"]},{\"@type\":\"Person\",\"@id\":\"https:\/\/eikonos.com\/ca\/#\/schema\/person\/82032860cc314d826959b90595a5280a\",\"name\":\"Xavi Eikonos\",\"image\":{\"@type\":\"ImageObject\",\"inLanguage\":\"ca\",\"@id\":\"https:\/\/eikonos.com\/ca\/#\/schema\/person\/image\/\",\"url\":\"https:\/\/secure.gravatar.com\/avatar\/a6c6b51dd0ac6902701aab24a914f6febe1518f94a5ae06db08b3d6107248dfd?s=96&d=mm&r=g\",\"contentUrl\":\"https:\/\/secure.gravatar.com\/avatar\/a6c6b51dd0ac6902701aab24a914f6febe1518f94a5ae06db08b3d6107248dfd?s=96&d=mm&r=g\",\"caption\":\"Xavi Eikonos\"}}]}<\/script>\n<!-- \/ Yoast SEO plugin. -->","yoast_head_json":{"title":"Els millors esdeveniments audiovisuals d'EIKONOS en 2017","description":"T'expliquem els millors esdeveniments audiovisuals d'EIKONOS del 2017. Hem col\u00b7laborat en projectes com el MWC i el Sal\u00f3 de l'Autom\u00f2bil.","robots":{"index":"index","follow":"follow","max-snippet":"max-snippet:-1","max-image-preview":"max-image-preview:large","max-video-preview":"max-video-preview:-1"},"canonical":"https:\/\/eikonos.com\/ca\/blog\/els-millors-esdeveniments-audiovisuals-deikonos-en-2017\/","og_locale":"ca_ES","og_type":"article","og_title":"Els millors esdeveniments audiovisuals d'EIKONOS en 2017","og_description":"T'expliquem els millors esdeveniments audiovisuals d'EIKONOS del 2017. Hem col\u00b7laborat en projectes com el MWC i el Sal\u00f3 de l'Autom\u00f2bil.","og_url":"https:\/\/eikonos.com\/ca\/blog\/els-millors-esdeveniments-audiovisuals-deikonos-en-2017\/","og_site_name":"EIKONOS","article_publisher":"http:\/\/www.facebook.com\/pages\/Eikonos\/176324785746790","article_published_time":"2018-01-02T09:31:18+00:00","og_image":[{"width":724,"height":432,"url":"https:\/\/eikonos.com\/wp-content\/uploads\/2018\/01\/EIKONOS-157-1.jpg","type":"image\/jpeg"}],"author":"Xavi Eikonos","twitter_card":"summary_large_image","twitter_creator":"@eikonos_sa","twitter_site":"@eikonos_sa","twitter_misc":{"Escrit per":"Xavi Eikonos","Temps estimat de lectura":"2 minuts"},"schema":{"@context":"https:\/\/schema.org","@graph":[{"@type":"Article","@id":"https:\/\/eikonos.com\/ca\/blog\/els-millors-esdeveniments-audiovisuals-deikonos-en-2017\/#article","isPartOf":{"@id":"https:\/\/eikonos.com\/ca\/blog\/els-millors-esdeveniments-audiovisuals-deikonos-en-2017\/"},"author":{"name":"Xavi Eikonos","@id":"https:\/\/eikonos.com\/ca\/#\/schema\/person\/82032860cc314d826959b90595a5280a"},"headline":"Els millors esdeveniments audiovisuals d&#8217;EIKONOS en 2017","datePublished":"2018-01-02T09:31:18+00:00","mainEntityOfPage":{"@id":"https:\/\/eikonos.com\/ca\/blog\/els-millors-esdeveniments-audiovisuals-deikonos-en-2017\/"},"wordCount":488,"commentCount":0,"publisher":{"@id":"https:\/\/eikonos.com\/ca\/#organization"},"image":{"@id":"https:\/\/eikonos.com\/ca\/blog\/els-millors-esdeveniments-audiovisuals-deikonos-en-2017\/#primaryimage"},"thumbnailUrl":"https:\/\/eikonos.com\/wp-content\/uploads\/2018\/01\/EIKONOS-157-1.jpg","keywords":["Esdeveniments audiovisuals"],"articleSection":["Eikonos","Esdeveniments audiovisuals"],"inLanguage":"ca","potentialAction":[{"@type":"CommentAction","name":"Comment","target":["https:\/\/eikonos.com\/ca\/blog\/els-millors-esdeveniments-audiovisuals-deikonos-en-2017\/#respond"]}]},{"@type":"WebPage","@id":"https:\/\/eikonos.com\/ca\/blog\/els-millors-esdeveniments-audiovisuals-deikonos-en-2017\/","url":"https:\/\/eikonos.com\/ca\/blog\/els-millors-esdeveniments-audiovisuals-deikonos-en-2017\/","name":"Els millors esdeveniments audiovisuals d'EIKONOS en 2017","isPartOf":{"@id":"https:\/\/eikonos.com\/ca\/#website"},"primaryImageOfPage":{"@id":"https:\/\/eikonos.com\/ca\/blog\/els-millors-esdeveniments-audiovisuals-deikonos-en-2017\/#primaryimage"},"image":{"@id":"https:\/\/eikonos.com\/ca\/blog\/els-millors-esdeveniments-audiovisuals-deikonos-en-2017\/#primaryimage"},"thumbnailUrl":"https:\/\/eikonos.com\/wp-content\/uploads\/2018\/01\/EIKONOS-157-1.jpg","datePublished":"2018-01-02T09:31:18+00:00","description":"T'expliquem els millors esdeveniments audiovisuals d'EIKONOS del 2017. Hem col\u00b7laborat en projectes com el MWC i el Sal\u00f3 de l'Autom\u00f2bil.","breadcrumb":{"@id":"https:\/\/eikonos.com\/ca\/blog\/els-millors-esdeveniments-audiovisuals-deikonos-en-2017\/#breadcrumb"},"inLanguage":"ca","potentialAction":[{"@type":"ReadAction","target":["https:\/\/eikonos.com\/ca\/blog\/els-millors-esdeveniments-audiovisuals-deikonos-en-2017\/"]}]},{"@type":"ImageObject","inLanguage":"ca","@id":"https:\/\/eikonos.com\/ca\/blog\/els-millors-esdeveniments-audiovisuals-deikonos-en-2017\/#primaryimage","url":"https:\/\/eikonos.com\/wp-content\/uploads\/2018\/01\/EIKONOS-157-1.jpg","contentUrl":"https:\/\/eikonos.com\/wp-content\/uploads\/2018\/01\/EIKONOS-157-1.jpg","width":724,"height":432},{"@type":"BreadcrumbList","@id":"https:\/\/eikonos.com\/ca\/blog\/els-millors-esdeveniments-audiovisuals-deikonos-en-2017\/#breadcrumb","itemListElement":[{"@type":"ListItem","position":1,"name":"EIKONOS","item":"https:\/\/eikonos.com\/ca\/inici\/"},{"@type":"ListItem","position":2,"name":"Els millors esdeveniments audiovisuals d&#8217;EIKONOS en 2017"}]},{"@type":"WebSite","@id":"https:\/\/eikonos.com\/ca\/#website","url":"https:\/\/eikonos.com\/ca\/","name":"EIKONOS","description":"EXPERIENCIA AUDIOVISUAL","publisher":{"@id":"https:\/\/eikonos.com\/ca\/#organization"},"potentialAction":[{"@type":"SearchAction","target":{"@type":"EntryPoint","urlTemplate":"https:\/\/eikonos.com\/ca\/?s={search_term_string}"},"query-input":{"@type":"PropertyValueSpecification","valueRequired":true,"valueName":"search_term_string"}}],"inLanguage":"ca"},{"@type":"Organization","@id":"https:\/\/eikonos.com\/ca\/#organization","name":"EIKONOS | Servicios Audiovisuales, eventos y alquiler de equipos","url":"https:\/\/eikonos.com\/ca\/","logo":{"@type":"ImageObject","inLanguage":"ca","@id":"https:\/\/eikonos.com\/ca\/#\/schema\/logo\/image\/","url":"https:\/\/eikonos.com\/wp-content\/uploads\/2020\/08\/logo-color.png","contentUrl":"https:\/\/eikonos.com\/wp-content\/uploads\/2020\/08\/logo-color.png","width":376,"height":122,"caption":"EIKONOS | Servicios Audiovisuales, eventos y alquiler de equipos"},"image":{"@id":"https:\/\/eikonos.com\/ca\/#\/schema\/logo\/image\/"},"sameAs":["http:\/\/www.facebook.com\/pages\/Eikonos\/176324785746790","https:\/\/x.com\/eikonos_sa","http:\/\/www.linkedin.com\/company\/eikonos","http:\/\/www.youtube.com\/channel\/UC8wcizWaAYbfsuqVf9wIT6w"]},{"@type":"Person","@id":"https:\/\/eikonos.com\/ca\/#\/schema\/person\/82032860cc314d826959b90595a5280a","name":"Xavi Eikonos","image":{"@type":"ImageObject","inLanguage":"ca","@id":"https:\/\/eikonos.com\/ca\/#\/schema\/person\/image\/","url":"https:\/\/secure.gravatar.com\/avatar\/a6c6b51dd0ac6902701aab24a914f6febe1518f94a5ae06db08b3d6107248dfd?s=96&d=mm&r=g","contentUrl":"https:\/\/secure.gravatar.com\/avatar\/a6c6b51dd0ac6902701aab24a914f6febe1518f94a5ae06db08b3d6107248dfd?s=96&d=mm&r=g","caption":"Xavi Eikonos"}}]}},"_links":{"self":[{"href":"https:\/\/eikonos.com\/ca\/wp-json\/wp\/v2\/posts\/5002","targetHints":{"allow":["GET"]}}],"collection":[{"href":"https:\/\/eikonos.com\/ca\/wp-json\/wp\/v2\/posts"}],"about":[{"href":"https:\/\/eikonos.com\/ca\/wp-json\/wp\/v2\/types\/post"}],"author":[{"embeddable":true,"href":"https:\/\/eikonos.com\/ca\/wp-json\/wp\/v2\/users\/6"}],"replies":[{"embeddable":true,"href":"https:\/\/eikonos.com\/ca\/wp-json\/wp\/v2\/comments?post=5002"}],"version-history":[{"count":0,"href":"https:\/\/eikonos.com\/ca\/wp-json\/wp\/v2\/posts\/5002\/revisions"}],"wp:featuredmedia":[{"embeddable":true,"href":"https:\/\/eikonos.com\/ca\/wp-json\/wp\/v2\/media\/4989"}],"wp:attachment":[{"href":"https:\/\/eikonos.com\/ca\/wp-json\/wp\/v2\/media?parent=5002"}],"wp:term":[{"taxonomy":"category","embeddable":true,"href":"https:\/\/eikonos.com\/ca\/wp-json\/wp\/v2\/categories?post=5002"},{"taxonomy":"post_tag","embeddable":true,"href":"https:\/\/eikonos.com\/ca\/wp-json\/wp\/v2\/tags?post=5002"}],"curies":[{"name":"wp","href":"https:\/\/api.w.org\/{rel}","templated":true}]}}