{"id":4973,"date":"2017-12-19T16:46:37","date_gmt":"2017-12-19T15:46:37","guid":{"rendered":"http:\/\/eikonos.com\/blog\/quien-forma-parte-del-equipo-tecnico-de-un-evento-2\/"},"modified":"2017-12-19T16:46:37","modified_gmt":"2017-12-19T15:46:37","slug":"qui-forma-part-de-lequip-tecnic-dun-esdeveniment","status":"publish","type":"post","link":"https:\/\/eikonos.com\/ca\/blog\/qui-forma-part-de-lequip-tecnic-dun-esdeveniment\/","title":{"rendered":"Qui forma part de l&#8217;equip t\u00e8cnic d&#8217;un esdeveniment?"},"content":{"rendered":"<p>La <strong>plantilla de t\u00e8cnics <\/strong>\u00e9s una de les parts m\u00e9s importants per aconseguir la qualitat absoluta en el nostre esdeveniment. Els t\u00e8cnics tenen l\u2019enorme responsabilitat de que tot surti a la perfecci\u00f3, que tot funcioni adequadament, en el moment prec\u00eds i han d\u2019estar preparat per solucionar qualsevol conflicte o problema que es pugui ocasionar en directe amb la major brevetat.<\/p>\n<p>L&#8217;<a href=\"https:\/\/eikonos.com\/servicios\/eventos-audiovisuales\/\">equip t\u00e8cnic d&#8217;un esdeveniment<\/a>\u00a0<span lang=\"CA\">\u00e9s essencial per a que aquest tingui \u00e8xit, i ha d\u2019estar format per professionals de garantia provada que, junt amb els millors equips i continguts audiovisuals, acaben creant un triada excel\u00b7lent. Per\u00f2, com \u00e9s la plantilla t\u00e8cnica que realment necessites? Quins perfils professionals han de formar-la?<\/span><\/p>\n<h2><\/h2>\n<h2><span style=\"color: #ff0000;\">Tasques de l&#8217;equip t\u00e8cnic ideal per gestionar un esdeveniment audiovisual<\/span><\/h2>\n<p>Per poder definir l\u2019equip t\u00e8cnic, atendrem a la funci\u00f3 o tasques a realitzar per cada membre del staff, segons la l\u00ednia de temps \u2013 \u00e9s a dir, des de la concepci\u00f3 de l\u2019esdeveniment fins a la seva finalitzaci\u00f3-.<\/p>\n<ul>\n<li><strong>PRODUCTOR I DIRECTOR T\u00c8CNIC: <\/strong>en un primer estadi, quan l\u2019idea de l\u2019esdeveniment nom\u00e9s existent en la ment del client, el productor i el director t\u00e8cnic han de materialitzar les seves expectatives. Aquests s\u00f3n els <strong>encarregats de suggerir els equips i mitjans t\u00e8cnics necessaris <\/strong>per dur a terme el projecte amb \u00e8xit, per aix\u00ed tamb\u00e9 poder-lo valorar de forma econ\u00f2mica. La seva pres\u00e8ncia no nom\u00e9s es limita a aix\u00f2, si no que tamb\u00e9 acompanyen el projecte en totes les fases.<\/li>\n<\/ul>\n<ul>\n<li><strong>REALITZADORS DE V\u00cdDEO, T\u00c8CNICS EN ANIMACI\u00d3, GRAFISTES, GUIONISTES, DISSENYADORS D\u2019ESCENOGRAFIA, ETC:<\/strong>\u00a0La seg\u00fcent fase consisteix en la <strong>creaci\u00f3 del contingut. <\/strong>Coherentment amb la mida i import\u00e0ncia del nostre esdeveniment, haurem de definir l\u2019espai on succeir\u00e0 la trobada, crear la imatge gr\u00e0fica, aix\u00ed com les presentacions i v\u00eddeos necessaris&#8230; En el cas d\u2019utilitzar recursos com el mapping o la realitat virtual en la nostra presentaci\u00f3, \u00e9s el moment de concretar-ho.<\/li>\n<\/ul>\n<ul>\n<li><strong>T\u00c9CNICOS:<\/strong><\/li>\n<\/ul>\n<p>&nbsp;<\/p>\n<ol>\n<li><strong>CONSTRUCCI\u00d3 DE DECORATS:\u00a0<\/strong>Construeixen o redefineixen un espai per adaptar-lo a la imatge corporativa i al missatge buscat en l\u2019esdeveniment. Podem incloure a <strong>enginyers, ferreters, fusters, pintors&#8230; <\/strong><\/li>\n<li>\u00a0<strong>IL\u00b7LUMINADORS:<\/strong>\u00a0Encarregats del muntatge i control dels sistemes d\u2019il\u00b7luminaci\u00f3 o altres efectes escenogr\u00e0fics. Podem incloure <strong>dissenyadors d\u2019il\u00b7luminaci\u00f3, operadors de taula de control, riggers&#8230;<\/strong><\/li>\n<li><strong>T\u00c8CNICS DE SO:<\/strong>\u00a0Encarregats de la sonoritzaci\u00f3 correcta de l\u2019espai i el control dels equips de so durant l\u2019esdeveniment. Podem incloure <strong>microfonistes, operador de la taula de so&#8230;<\/strong><\/li>\n<li><strong>T\u00c8CNICS DE V\u00cdDEO:<\/strong>\u00a0Encarregats de mostrar mitjan\u00e7ant pantalles de LED o projeccions els continguts pr\u00e8viament creats o la realitzaci\u00f3 en directe. Podem incloure <strong>t\u00e8cnics de control de gr\u00e0fics, operadors de c\u00e0mera, realitzadors&#8230;<\/strong><\/li>\n<li><strong>DIRECCI\u00d3 I COORDINACI\u00d3:<\/strong>\u00a0Encarregats de coordinar el muntatge, l\u2019execuci\u00f3 i el desmuntatge, procurant els recursos log\u00edstics i la bona comunicaci\u00f3 entre \u00e0rees i el client per l\u2019\u00e8xit de l\u2019esdeveniment. Podem incloure al <strong>productor, director t\u00e8cnic i regidor d\u2019escenari.<\/strong><\/li>\n<\/ol>\n<p>\u00c9s imprescindible que tot el personal implicat, incl\u00f2s personal auxiliar, siguin professionals amb experi\u00e8ncia en el sector.<\/p>\n<p>A Eikonos complim amb totes les premisses per tenir \u00e8xit en el teu esdeveniment. Professionals amb un gran comprom\u00eds que treballen amb el millor equip t\u00e8cnic i serveis t\u00e8cnics. A m\u00e9s, <a href=\"https:\/\/eikonos.com\/blog\/cinco-pasos-para-organizar-un-evento-audiovisual-en-barcelona\/\">la nostra experi\u00e8ncia en esdeveniments audiovisuals\u00a0<\/a>est\u00e0 m\u00e9s que provada.<\/p>\n<p>&nbsp;<\/p>\n<p>Comptem amb 30 anys d\u2019experi\u00e8ncia, m\u00e9s de 7500 esdeveniment realitzats i 4620 clients al llarg d\u2019aquests anys que confirmen la nostra professionalitat en la consecuci\u00f3 d\u2019objectius en un esdeveniment corporatiu que necessiti un equip t\u00e8cnic i un producte audiovisual a l\u2019altura. <strong><em>Parlem!<\/em><\/strong><\/p>\n<p>&nbsp;<\/p>\n<p><img loading=\"lazy\" decoding=\"async\" class=\"aligncenter wp-image-4120 size-full\" title=\"EIKONOS servicios audiovisuales para eventos\" src=\"https:\/\/eikonos.com\/wp-content\/uploads\/2017\/05\/eikonos-cta-organitzacio-esdeveniments-audiovisuals.png\" alt=\"EIKONOS serveis audiovisuals per a esdeveniments\" width=\"741\" height=\"250\" srcset=\"https:\/\/eikonos.com\/wp-content\/uploads\/2017\/05\/eikonos-cta-organitzacio-esdeveniments-audiovisuals.png 741w, https:\/\/eikonos.com\/wp-content\/uploads\/2017\/05\/eikonos-cta-organitzacio-esdeveniments-audiovisuals-300x101.png 300w\" sizes=\"auto, (max-width: 741px) 100vw, 741px\" \/><\/p>\n","protected":false},"excerpt":{"rendered":"<p>La plantilla de t\u00e8cnics \u00e9s una de les parts m\u00e9s importants per aconseguir la qualitat&#8230;<\/p>\n","protected":false},"author":6,"featured_media":4794,"comment_status":"open","ping_status":"open","sticky":false,"template":"","format":"standard","meta":{"_acf_changed":false,"footnotes":""},"categories":[260],"tags":[],"class_list":["post-4973","post","type-post","status-publish","format-standard","has-post-thumbnail","hentry","category-esdeveniments-audiovisuals"],"acf":[],"yoast_head":"<!-- This site is optimized with the Yoast SEO plugin v26.3 - https:\/\/yoast.com\/wordpress\/plugins\/seo\/ -->\n<title>Qui forma part de l&#039;equip t\u00e8cnic d&#039;un esdeveniment?<\/title>\n<meta name=\"description\" content=\"T&#039;expliquem quins s\u00f3n els memnres que formen l&#039;equip t\u00e8cnic d&#039;un esdeveniment i les seves funcions.\" \/>\n<meta name=\"robots\" content=\"index, follow, max-snippet:-1, max-image-preview:large, max-video-preview:-1\" \/>\n<link rel=\"canonical\" href=\"https:\/\/eikonos.com\/ca\/blog\/qui-forma-part-de-lequip-tecnic-dun-esdeveniment\/\" \/>\n<meta property=\"og:locale\" content=\"ca_ES\" \/>\n<meta property=\"og:type\" content=\"article\" \/>\n<meta property=\"og:title\" content=\"Qui forma part de l&#039;equip t\u00e8cnic d&#039;un esdeveniment?\" \/>\n<meta property=\"og:description\" content=\"T&#039;expliquem quins s\u00f3n els memnres que formen l&#039;equip t\u00e8cnic d&#039;un esdeveniment i les seves funcions.\" \/>\n<meta property=\"og:url\" content=\"https:\/\/eikonos.com\/ca\/blog\/qui-forma-part-de-lequip-tecnic-dun-esdeveniment\/\" \/>\n<meta property=\"og:site_name\" content=\"EIKONOS\" \/>\n<meta property=\"article:publisher\" content=\"http:\/\/www.facebook.com\/pages\/Eikonos\/176324785746790\" \/>\n<meta property=\"article:published_time\" content=\"2017-12-19T15:46:37+00:00\" \/>\n<meta property=\"og:image\" content=\"https:\/\/eikonos.com\/wp-content\/uploads\/2017\/12\/equipo-tecnico-eventos.jpg\" \/>\n\t<meta property=\"og:image:width\" content=\"674\" \/>\n\t<meta property=\"og:image:height\" content=\"426\" \/>\n\t<meta property=\"og:image:type\" content=\"image\/jpeg\" \/>\n<meta name=\"author\" content=\"Xavi Eikonos\" \/>\n<meta name=\"twitter:card\" content=\"summary_large_image\" \/>\n<meta name=\"twitter:creator\" content=\"@eikonos_sa\" \/>\n<meta name=\"twitter:site\" content=\"@eikonos_sa\" \/>\n<meta name=\"twitter:label1\" content=\"Escrit per\" \/>\n\t<meta name=\"twitter:data1\" content=\"Xavi Eikonos\" \/>\n\t<meta name=\"twitter:label2\" content=\"Temps estimat de lectura\" \/>\n\t<meta name=\"twitter:data2\" content=\"3 minuts\" \/>\n<script type=\"application\/ld+json\" class=\"yoast-schema-graph\">{\"@context\":\"https:\/\/schema.org\",\"@graph\":[{\"@type\":\"Article\",\"@id\":\"https:\/\/eikonos.com\/ca\/blog\/qui-forma-part-de-lequip-tecnic-dun-esdeveniment\/#article\",\"isPartOf\":{\"@id\":\"https:\/\/eikonos.com\/ca\/blog\/qui-forma-part-de-lequip-tecnic-dun-esdeveniment\/\"},\"author\":{\"name\":\"Xavi Eikonos\",\"@id\":\"https:\/\/eikonos.com\/ca\/#\/schema\/person\/82032860cc314d826959b90595a5280a\"},\"headline\":\"Qui forma part de l&#8217;equip t\u00e8cnic d&#8217;un esdeveniment?\",\"datePublished\":\"2017-12-19T15:46:37+00:00\",\"mainEntityOfPage\":{\"@id\":\"https:\/\/eikonos.com\/ca\/blog\/qui-forma-part-de-lequip-tecnic-dun-esdeveniment\/\"},\"wordCount\":642,\"commentCount\":0,\"publisher\":{\"@id\":\"https:\/\/eikonos.com\/ca\/#organization\"},\"image\":{\"@id\":\"https:\/\/eikonos.com\/ca\/blog\/qui-forma-part-de-lequip-tecnic-dun-esdeveniment\/#primaryimage\"},\"thumbnailUrl\":\"https:\/\/eikonos.com\/wp-content\/uploads\/2017\/12\/equipo-tecnico-eventos.jpg\",\"articleSection\":[\"Esdeveniments audiovisuals\"],\"inLanguage\":\"ca\",\"potentialAction\":[{\"@type\":\"CommentAction\",\"name\":\"Comment\",\"target\":[\"https:\/\/eikonos.com\/ca\/blog\/qui-forma-part-de-lequip-tecnic-dun-esdeveniment\/#respond\"]}]},{\"@type\":\"WebPage\",\"@id\":\"https:\/\/eikonos.com\/ca\/blog\/qui-forma-part-de-lequip-tecnic-dun-esdeveniment\/\",\"url\":\"https:\/\/eikonos.com\/ca\/blog\/qui-forma-part-de-lequip-tecnic-dun-esdeveniment\/\",\"name\":\"Qui forma part de l'equip t\u00e8cnic d'un esdeveniment?\",\"isPartOf\":{\"@id\":\"https:\/\/eikonos.com\/ca\/#website\"},\"primaryImageOfPage\":{\"@id\":\"https:\/\/eikonos.com\/ca\/blog\/qui-forma-part-de-lequip-tecnic-dun-esdeveniment\/#primaryimage\"},\"image\":{\"@id\":\"https:\/\/eikonos.com\/ca\/blog\/qui-forma-part-de-lequip-tecnic-dun-esdeveniment\/#primaryimage\"},\"thumbnailUrl\":\"https:\/\/eikonos.com\/wp-content\/uploads\/2017\/12\/equipo-tecnico-eventos.jpg\",\"datePublished\":\"2017-12-19T15:46:37+00:00\",\"description\":\"T'expliquem quins s\u00f3n els memnres que formen l'equip t\u00e8cnic d'un esdeveniment i les seves funcions.\",\"breadcrumb\":{\"@id\":\"https:\/\/eikonos.com\/ca\/blog\/qui-forma-part-de-lequip-tecnic-dun-esdeveniment\/#breadcrumb\"},\"inLanguage\":\"ca\",\"potentialAction\":[{\"@type\":\"ReadAction\",\"target\":[\"https:\/\/eikonos.com\/ca\/blog\/qui-forma-part-de-lequip-tecnic-dun-esdeveniment\/\"]}]},{\"@type\":\"ImageObject\",\"inLanguage\":\"ca\",\"@id\":\"https:\/\/eikonos.com\/ca\/blog\/qui-forma-part-de-lequip-tecnic-dun-esdeveniment\/#primaryimage\",\"url\":\"https:\/\/eikonos.com\/wp-content\/uploads\/2017\/12\/equipo-tecnico-eventos.jpg\",\"contentUrl\":\"https:\/\/eikonos.com\/wp-content\/uploads\/2017\/12\/equipo-tecnico-eventos.jpg\",\"width\":674,\"height\":426,\"caption\":\"Equipo t\u00e9cnico para un evento\"},{\"@type\":\"BreadcrumbList\",\"@id\":\"https:\/\/eikonos.com\/ca\/blog\/qui-forma-part-de-lequip-tecnic-dun-esdeveniment\/#breadcrumb\",\"itemListElement\":[{\"@type\":\"ListItem\",\"position\":1,\"name\":\"EIKONOS\",\"item\":\"https:\/\/eikonos.com\/ca\/inici\/\"},{\"@type\":\"ListItem\",\"position\":2,\"name\":\"Qui forma part de l&#8217;equip t\u00e8cnic d&#8217;un esdeveniment?\"}]},{\"@type\":\"WebSite\",\"@id\":\"https:\/\/eikonos.com\/ca\/#website\",\"url\":\"https:\/\/eikonos.com\/ca\/\",\"name\":\"EIKONOS\",\"description\":\"EXPERIENCIA AUDIOVISUAL\",\"publisher\":{\"@id\":\"https:\/\/eikonos.com\/ca\/#organization\"},\"potentialAction\":[{\"@type\":\"SearchAction\",\"target\":{\"@type\":\"EntryPoint\",\"urlTemplate\":\"https:\/\/eikonos.com\/ca\/?s={search_term_string}\"},\"query-input\":{\"@type\":\"PropertyValueSpecification\",\"valueRequired\":true,\"valueName\":\"search_term_string\"}}],\"inLanguage\":\"ca\"},{\"@type\":\"Organization\",\"@id\":\"https:\/\/eikonos.com\/ca\/#organization\",\"name\":\"EIKONOS | Servicios Audiovisuales, eventos y alquiler de equipos\",\"url\":\"https:\/\/eikonos.com\/ca\/\",\"logo\":{\"@type\":\"ImageObject\",\"inLanguage\":\"ca\",\"@id\":\"https:\/\/eikonos.com\/ca\/#\/schema\/logo\/image\/\",\"url\":\"https:\/\/eikonos.com\/wp-content\/uploads\/2020\/08\/logo-color.png\",\"contentUrl\":\"https:\/\/eikonos.com\/wp-content\/uploads\/2020\/08\/logo-color.png\",\"width\":376,\"height\":122,\"caption\":\"EIKONOS | Servicios Audiovisuales, eventos y alquiler de equipos\"},\"image\":{\"@id\":\"https:\/\/eikonos.com\/ca\/#\/schema\/logo\/image\/\"},\"sameAs\":[\"http:\/\/www.facebook.com\/pages\/Eikonos\/176324785746790\",\"https:\/\/x.com\/eikonos_sa\",\"http:\/\/www.linkedin.com\/company\/eikonos\",\"http:\/\/www.youtube.com\/channel\/UC8wcizWaAYbfsuqVf9wIT6w\"]},{\"@type\":\"Person\",\"@id\":\"https:\/\/eikonos.com\/ca\/#\/schema\/person\/82032860cc314d826959b90595a5280a\",\"name\":\"Xavi Eikonos\",\"image\":{\"@type\":\"ImageObject\",\"inLanguage\":\"ca\",\"@id\":\"https:\/\/eikonos.com\/ca\/#\/schema\/person\/image\/\",\"url\":\"https:\/\/secure.gravatar.com\/avatar\/a6c6b51dd0ac6902701aab24a914f6febe1518f94a5ae06db08b3d6107248dfd?s=96&d=mm&r=g\",\"contentUrl\":\"https:\/\/secure.gravatar.com\/avatar\/a6c6b51dd0ac6902701aab24a914f6febe1518f94a5ae06db08b3d6107248dfd?s=96&d=mm&r=g\",\"caption\":\"Xavi Eikonos\"}}]}<\/script>\n<!-- \/ Yoast SEO plugin. -->","yoast_head_json":{"title":"Qui forma part de l'equip t\u00e8cnic d'un esdeveniment?","description":"T'expliquem quins s\u00f3n els memnres que formen l'equip t\u00e8cnic d'un esdeveniment i les seves funcions.","robots":{"index":"index","follow":"follow","max-snippet":"max-snippet:-1","max-image-preview":"max-image-preview:large","max-video-preview":"max-video-preview:-1"},"canonical":"https:\/\/eikonos.com\/ca\/blog\/qui-forma-part-de-lequip-tecnic-dun-esdeveniment\/","og_locale":"ca_ES","og_type":"article","og_title":"Qui forma part de l'equip t\u00e8cnic d'un esdeveniment?","og_description":"T'expliquem quins s\u00f3n els memnres que formen l'equip t\u00e8cnic d'un esdeveniment i les seves funcions.","og_url":"https:\/\/eikonos.com\/ca\/blog\/qui-forma-part-de-lequip-tecnic-dun-esdeveniment\/","og_site_name":"EIKONOS","article_publisher":"http:\/\/www.facebook.com\/pages\/Eikonos\/176324785746790","article_published_time":"2017-12-19T15:46:37+00:00","og_image":[{"width":674,"height":426,"url":"https:\/\/eikonos.com\/wp-content\/uploads\/2017\/12\/equipo-tecnico-eventos.jpg","type":"image\/jpeg"}],"author":"Xavi Eikonos","twitter_card":"summary_large_image","twitter_creator":"@eikonos_sa","twitter_site":"@eikonos_sa","twitter_misc":{"Escrit per":"Xavi Eikonos","Temps estimat de lectura":"3 minuts"},"schema":{"@context":"https:\/\/schema.org","@graph":[{"@type":"Article","@id":"https:\/\/eikonos.com\/ca\/blog\/qui-forma-part-de-lequip-tecnic-dun-esdeveniment\/#article","isPartOf":{"@id":"https:\/\/eikonos.com\/ca\/blog\/qui-forma-part-de-lequip-tecnic-dun-esdeveniment\/"},"author":{"name":"Xavi Eikonos","@id":"https:\/\/eikonos.com\/ca\/#\/schema\/person\/82032860cc314d826959b90595a5280a"},"headline":"Qui forma part de l&#8217;equip t\u00e8cnic d&#8217;un esdeveniment?","datePublished":"2017-12-19T15:46:37+00:00","mainEntityOfPage":{"@id":"https:\/\/eikonos.com\/ca\/blog\/qui-forma-part-de-lequip-tecnic-dun-esdeveniment\/"},"wordCount":642,"commentCount":0,"publisher":{"@id":"https:\/\/eikonos.com\/ca\/#organization"},"image":{"@id":"https:\/\/eikonos.com\/ca\/blog\/qui-forma-part-de-lequip-tecnic-dun-esdeveniment\/#primaryimage"},"thumbnailUrl":"https:\/\/eikonos.com\/wp-content\/uploads\/2017\/12\/equipo-tecnico-eventos.jpg","articleSection":["Esdeveniments audiovisuals"],"inLanguage":"ca","potentialAction":[{"@type":"CommentAction","name":"Comment","target":["https:\/\/eikonos.com\/ca\/blog\/qui-forma-part-de-lequip-tecnic-dun-esdeveniment\/#respond"]}]},{"@type":"WebPage","@id":"https:\/\/eikonos.com\/ca\/blog\/qui-forma-part-de-lequip-tecnic-dun-esdeveniment\/","url":"https:\/\/eikonos.com\/ca\/blog\/qui-forma-part-de-lequip-tecnic-dun-esdeveniment\/","name":"Qui forma part de l'equip t\u00e8cnic d'un esdeveniment?","isPartOf":{"@id":"https:\/\/eikonos.com\/ca\/#website"},"primaryImageOfPage":{"@id":"https:\/\/eikonos.com\/ca\/blog\/qui-forma-part-de-lequip-tecnic-dun-esdeveniment\/#primaryimage"},"image":{"@id":"https:\/\/eikonos.com\/ca\/blog\/qui-forma-part-de-lequip-tecnic-dun-esdeveniment\/#primaryimage"},"thumbnailUrl":"https:\/\/eikonos.com\/wp-content\/uploads\/2017\/12\/equipo-tecnico-eventos.jpg","datePublished":"2017-12-19T15:46:37+00:00","description":"T'expliquem quins s\u00f3n els memnres que formen l'equip t\u00e8cnic d'un esdeveniment i les seves funcions.","breadcrumb":{"@id":"https:\/\/eikonos.com\/ca\/blog\/qui-forma-part-de-lequip-tecnic-dun-esdeveniment\/#breadcrumb"},"inLanguage":"ca","potentialAction":[{"@type":"ReadAction","target":["https:\/\/eikonos.com\/ca\/blog\/qui-forma-part-de-lequip-tecnic-dun-esdeveniment\/"]}]},{"@type":"ImageObject","inLanguage":"ca","@id":"https:\/\/eikonos.com\/ca\/blog\/qui-forma-part-de-lequip-tecnic-dun-esdeveniment\/#primaryimage","url":"https:\/\/eikonos.com\/wp-content\/uploads\/2017\/12\/equipo-tecnico-eventos.jpg","contentUrl":"https:\/\/eikonos.com\/wp-content\/uploads\/2017\/12\/equipo-tecnico-eventos.jpg","width":674,"height":426,"caption":"Equipo t\u00e9cnico para un evento"},{"@type":"BreadcrumbList","@id":"https:\/\/eikonos.com\/ca\/blog\/qui-forma-part-de-lequip-tecnic-dun-esdeveniment\/#breadcrumb","itemListElement":[{"@type":"ListItem","position":1,"name":"EIKONOS","item":"https:\/\/eikonos.com\/ca\/inici\/"},{"@type":"ListItem","position":2,"name":"Qui forma part de l&#8217;equip t\u00e8cnic d&#8217;un esdeveniment?"}]},{"@type":"WebSite","@id":"https:\/\/eikonos.com\/ca\/#website","url":"https:\/\/eikonos.com\/ca\/","name":"EIKONOS","description":"EXPERIENCIA AUDIOVISUAL","publisher":{"@id":"https:\/\/eikonos.com\/ca\/#organization"},"potentialAction":[{"@type":"SearchAction","target":{"@type":"EntryPoint","urlTemplate":"https:\/\/eikonos.com\/ca\/?s={search_term_string}"},"query-input":{"@type":"PropertyValueSpecification","valueRequired":true,"valueName":"search_term_string"}}],"inLanguage":"ca"},{"@type":"Organization","@id":"https:\/\/eikonos.com\/ca\/#organization","name":"EIKONOS | Servicios Audiovisuales, eventos y alquiler de equipos","url":"https:\/\/eikonos.com\/ca\/","logo":{"@type":"ImageObject","inLanguage":"ca","@id":"https:\/\/eikonos.com\/ca\/#\/schema\/logo\/image\/","url":"https:\/\/eikonos.com\/wp-content\/uploads\/2020\/08\/logo-color.png","contentUrl":"https:\/\/eikonos.com\/wp-content\/uploads\/2020\/08\/logo-color.png","width":376,"height":122,"caption":"EIKONOS | Servicios Audiovisuales, eventos y alquiler de equipos"},"image":{"@id":"https:\/\/eikonos.com\/ca\/#\/schema\/logo\/image\/"},"sameAs":["http:\/\/www.facebook.com\/pages\/Eikonos\/176324785746790","https:\/\/x.com\/eikonos_sa","http:\/\/www.linkedin.com\/company\/eikonos","http:\/\/www.youtube.com\/channel\/UC8wcizWaAYbfsuqVf9wIT6w"]},{"@type":"Person","@id":"https:\/\/eikonos.com\/ca\/#\/schema\/person\/82032860cc314d826959b90595a5280a","name":"Xavi Eikonos","image":{"@type":"ImageObject","inLanguage":"ca","@id":"https:\/\/eikonos.com\/ca\/#\/schema\/person\/image\/","url":"https:\/\/secure.gravatar.com\/avatar\/a6c6b51dd0ac6902701aab24a914f6febe1518f94a5ae06db08b3d6107248dfd?s=96&d=mm&r=g","contentUrl":"https:\/\/secure.gravatar.com\/avatar\/a6c6b51dd0ac6902701aab24a914f6febe1518f94a5ae06db08b3d6107248dfd?s=96&d=mm&r=g","caption":"Xavi Eikonos"}}]}},"_links":{"self":[{"href":"https:\/\/eikonos.com\/ca\/wp-json\/wp\/v2\/posts\/4973","targetHints":{"allow":["GET"]}}],"collection":[{"href":"https:\/\/eikonos.com\/ca\/wp-json\/wp\/v2\/posts"}],"about":[{"href":"https:\/\/eikonos.com\/ca\/wp-json\/wp\/v2\/types\/post"}],"author":[{"embeddable":true,"href":"https:\/\/eikonos.com\/ca\/wp-json\/wp\/v2\/users\/6"}],"replies":[{"embeddable":true,"href":"https:\/\/eikonos.com\/ca\/wp-json\/wp\/v2\/comments?post=4973"}],"version-history":[{"count":0,"href":"https:\/\/eikonos.com\/ca\/wp-json\/wp\/v2\/posts\/4973\/revisions"}],"wp:featuredmedia":[{"embeddable":true,"href":"https:\/\/eikonos.com\/ca\/wp-json\/wp\/v2\/media\/4794"}],"wp:attachment":[{"href":"https:\/\/eikonos.com\/ca\/wp-json\/wp\/v2\/media?parent=4973"}],"wp:term":[{"taxonomy":"category","embeddable":true,"href":"https:\/\/eikonos.com\/ca\/wp-json\/wp\/v2\/categories?post=4973"},{"taxonomy":"post_tag","embeddable":true,"href":"https:\/\/eikonos.com\/ca\/wp-json\/wp\/v2\/tags?post=4973"}],"curies":[{"name":"wp","href":"https:\/\/api.w.org\/{rel}","templated":true}]}}