{"id":4801,"date":"2017-12-12T16:36:44","date_gmt":"2017-12-12T15:36:44","guid":{"rendered":"http:\/\/eikonos.com\/?p=4801"},"modified":"2017-12-12T16:36:44","modified_gmt":"2017-12-12T15:36:44","slug":"el-valor-de-realitzar-presentacions-corporatives-en-les-teves-sales-de-reunions","status":"publish","type":"post","link":"https:\/\/eikonos.com\/ca\/blog\/el-valor-de-realitzar-presentacions-corporatives-en-les-teves-sales-de-reunions\/","title":{"rendered":"El valor de realitzar presentacions corporatives en les teves sales de reunions"},"content":{"rendered":"<p><span lang=\"CA\">Les presentacions corporatives s\u00f3n una eina de comunicaci\u00f3 i de m\u00e0rqueting fonamental per a qualsevol empresa. Les organitzacions haurien de comptar amb sales ben equipades amb equips i instal\u00b7lacions audiovisuals en les que presentar els seus productes o serveis o realitzar acords comercials. D\u2019aqu\u00ed que les<\/span><a href=\"https:\/\/eikonos.com\/servicios\/alquiler-de-equipos\/\"><span lang=\"CA\">\u00a0<\/span>presentacions en sales de reunions<\/a>\u00a0s\u2019hagin convertit en un recurs de gran valor per les empreses.<\/p>\n<p>Saps treure tot el partit? A EIKONOS et mostrem com fer-ho.<\/p>\n<p>&nbsp;<\/p>\n<h2><span style=\"color: #ff0000;\">Tipus de presentacions corporatives<\/span><\/h2>\n<p>Les podr\u00edem diferenciar en dos grans tipus:<\/p>\n<ul>\n<li>Presentacions amb un marcat <strong>car\u00e0cter comercial, <\/strong>cap a l\u2019exterior, \u00e9s a dir, amb focus en mostrar la nostra empresa productes i serveis a altres empreses.<\/li>\n<li>Presentacions a <strong>nivell intern, <\/strong>\u00e9s a dir, exposicions a altres membres de l\u2019equip, altres departaments o a superiors. Poden ser nous productes, noves estrat\u00e8gies de mercat, publicit\u00e0ries o comunicatives, presentaci\u00f3 de resultats o balan\u00e7os.<\/li>\n<\/ul>\n<p>&nbsp;<\/p>\n<h2><span style=\"color: #ff0000;\">Qu\u00e8 ha de tenir una presentaci\u00f3 corporativa?\u00a0<\/span><\/h2>\n<p>Els tres principis que tota presentaci\u00f3 han de tenir s\u00f3n:<\/p>\n<ul>\n<li>Elecci\u00f3 del principal <strong>missatge que volem comunicar <\/strong>sobre els productes\/serveis o sobre l\u2019entitat. Han de comunicar-se de manera senzilla i concisa.<\/li>\n<li>Comptar amb un <strong>disseny adaptat al missatge, la tem\u00e0tica de l\u2019empresa i el p\u00fablic. <\/strong>Amb aix\u00f2, aconseguirem que el missatge arribi m\u00e9s f\u00e0cilment.<\/li>\n<li>Utilitzar <strong>recursos i equips audiovisuals <\/strong>que aconsegueixin mantenir l\u2019atenci\u00f3 i que aconsegueixin focalitzar just el que volem destacar. S\u00f3n indispensable a l\u2019hora de realitzar una presentaci\u00f3 posat que s\u00f3n un gran material de recolzament per mostrar el contingut i reforcin el nostre discurs.<\/li>\n<\/ul>\n<p>&nbsp;<\/p>\n<h2><span style=\"color: #ff0000;\">Quins aspectes ha de contenir una presentaci\u00f3?\u00a0<\/span><\/h2>\n<p>Per a que una presentaci\u00f3 corporativa sigui efica\u00e7 han d\u2019entrar en joc diferents valors:<\/p>\n<ul>\n<li><strong>La creativitat i el disseny <\/strong>se3mpre han d\u2019estar presents. El primer que observaran els que visualitzin la presentaci\u00f3 \u00e9s l\u2019aspecte de la presentaci\u00f3, ha d\u2019impactar des del principi. No cal comentar la import\u00e0ncia de l\u2019\u00fas d\u2019una correcta ortografia i gram\u00e0tica.<\/li>\n<li><strong>El to. <\/strong>Pot oc\u00f3rrer que sigui una presentaci\u00f3 en la que no encaixa un aspecte m\u00e9s creatiu, per\u00f2 almenys ha de tenir un to que encaixi amb el tema de la presentaci\u00f3. Per exemple, si l\u2019exposici\u00f3 tracta temes m\u00e9s seriosos o delicats, la sobretot hauria de ser el to principal.<\/li>\n<li><strong>El ponent. <\/strong>Junt amb la presentaci\u00f3 en la que apareixen els conceptes principals a comunicar, ser\u00e0 en l\u2019exposici\u00f3 oral en la que es desenvolupi els termes. \u00c9s imprescindible saber quina \u00e9s la filosofia corporativa i els valors de l\u2019empresa per encaminar el discurs de manera segura.<\/li>\n<li><strong>Orde i claredat. <\/strong>De la mateixa manera, cal marcar de manera precisa i ordenada quines s\u00f3n els punts fonamentals del servei o producte que haguem de presentar i el client ha de sortir conven\u00e7ut sobre aquests aspectes, ha de fixar-se especialment en aquestes caracter\u00edstiques i han de ser recordats al finalitzar la presentaci\u00f3.<\/li>\n<li><strong>Impacte.<\/strong> No s\u2019ha d\u2019abusar dels efectes visuals i de so, per\u00f2 segons la tem\u00e0tica del producte o del sector de l\u2019empresa <strong>poden ser molt enriquidor mantenir viva l\u2019atenci\u00f3 de l\u2019espectador amb recursos o efectes audiovisuals. <\/strong>La realitat \u00e9s que cal diferenciar-se, demostrar que anem alineats amb les actualitzacions tecnol\u00f2giques i que som una empresa que aposta per la transformaci\u00f3 digital.<\/li>\n<\/ul>\n<p><span lang=\"CA\">A <b>Eikonos <\/b>oferim diferents <b>instal\u00b7lacions d\u2019equips audiovisuals <\/b>amb les que garantir l\u2019\u00e8xit de les presentacions corporatives. Ja sigui qualsevol tipus de\u00a0<\/span><a href=\"https:\/\/eikonos.com\/portfolio_page\/pantallas-de-leds\/\">pantalla<\/a> en la que difondre el contingut,\u00a0<a href=\"https:\/\/eikonos.com\/portfolio_page\/proyectores\/\">projectors<\/a>\u00a0<span lang=\"CA\">per fer possible la presentaci\u00f3 a gran escala<\/span>\u00a0o <span lang=\"CA\">\u00a0v\u00eddeo confer\u00e8ncia que permeti involucrar en la prestaci\u00f3 a alg\u00fa que no es trobi en la mateixa sala. <\/span><\/p>\n<p><span lang=\"CA\">Tot \u00e9s possible amb un bon equip de professionals.\u00a0<\/span>permita involucrar en la presentaci\u00f3n a alguien que no se encuentra en la misma sala. Todo es posible con un buen equipo de profesionales. <strong><em>\u00a1Hablemos!<\/em><\/strong><\/p>\n<p><img loading=\"lazy\" decoding=\"async\" class=\"aligncenter wp-image-4120 size-full\" title=\"Equipos Audiovisuales de alquiler con EIKONOS\" src=\"https:\/\/eikonos.com\/wp-content\/uploads\/2017\/05\/eikonos-cta-organitzacio-esdeveniments-audiovisuals.png\" alt=\"EIKONOS serveis audiovisuals per a esdeveniments\" width=\"741\" height=\"250\" srcset=\"https:\/\/eikonos.com\/wp-content\/uploads\/2017\/05\/eikonos-cta-organitzacio-esdeveniments-audiovisuals.png 741w, https:\/\/eikonos.com\/wp-content\/uploads\/2017\/05\/eikonos-cta-organitzacio-esdeveniments-audiovisuals-300x101.png 300w\" sizes=\"auto, (max-width: 741px) 100vw, 741px\" \/><\/p>\n","protected":false},"excerpt":{"rendered":"<p>Les presentacions corporatives s\u00f3n una eina de comunicaci\u00f3 i de m\u00e0rqueting fonamental per a qualsevol&#8230;<\/p>\n","protected":false},"author":6,"featured_media":4790,"comment_status":"open","ping_status":"open","sticky":false,"template":"","format":"standard","meta":{"_acf_changed":false,"footnotes":""},"categories":[255],"tags":[386,364],"class_list":["post-4801","post","type-post","status-publish","format-standard","has-post-thumbnail","hentry","category-installacions-fixes","tag-audiovisuals-per-a-presentacions","tag-installacions-audiovisuals"],"acf":[],"yoast_head":"<!-- This site is optimized with the Yoast SEO plugin v26.3 - https:\/\/yoast.com\/wordpress\/plugins\/seo\/ -->\n<title>El valor de realitzar presentacions en sales de reunions<\/title>\n<meta name=\"description\" content=\"Coneixes els aspectes que han d&#039;apar\u00e8ixer per realitzar presentacions en sales de reunions amb \u00e8xit? Instal\u00b7lacions d&#039;equips audiovisuals.\" \/>\n<meta name=\"robots\" content=\"index, follow, max-snippet:-1, max-image-preview:large, max-video-preview:-1\" \/>\n<link rel=\"canonical\" href=\"https:\/\/eikonos.com\/ca\/blog\/el-valor-de-realitzar-presentacions-corporatives-en-les-teves-sales-de-reunions\/\" \/>\n<meta property=\"og:locale\" content=\"ca_ES\" \/>\n<meta property=\"og:type\" content=\"article\" \/>\n<meta property=\"og:title\" content=\"El valor de realitzar presentacions en sales de reunions\" \/>\n<meta property=\"og:description\" content=\"Coneixes els aspectes que han d&#039;apar\u00e8ixer per realitzar presentacions en sales de reunions amb \u00e8xit? Instal\u00b7lacions d&#039;equips audiovisuals.\" \/>\n<meta property=\"og:url\" content=\"https:\/\/eikonos.com\/ca\/blog\/el-valor-de-realitzar-presentacions-corporatives-en-les-teves-sales-de-reunions\/\" \/>\n<meta property=\"og:site_name\" content=\"EIKONOS\" \/>\n<meta property=\"article:publisher\" content=\"http:\/\/www.facebook.com\/pages\/Eikonos\/176324785746790\" \/>\n<meta property=\"article:published_time\" content=\"2017-12-12T15:36:44+00:00\" \/>\n<meta property=\"og:image\" content=\"https:\/\/eikonos.com\/wp-content\/uploads\/2017\/12\/presentaciones-en-salas-de-reuniones.jpg\" \/>\n\t<meta property=\"og:image:width\" content=\"674\" \/>\n\t<meta property=\"og:image:height\" content=\"426\" \/>\n\t<meta property=\"og:image:type\" content=\"image\/jpeg\" \/>\n<meta name=\"author\" content=\"Xavi Eikonos\" \/>\n<meta name=\"twitter:card\" content=\"summary_large_image\" \/>\n<meta name=\"twitter:creator\" content=\"@eikonos_sa\" \/>\n<meta name=\"twitter:site\" content=\"@eikonos_sa\" \/>\n<meta name=\"twitter:label1\" content=\"Escrit per\" \/>\n\t<meta name=\"twitter:data1\" content=\"Xavi Eikonos\" \/>\n\t<meta name=\"twitter:label2\" content=\"Temps estimat de lectura\" \/>\n\t<meta name=\"twitter:data2\" content=\"3 minuts\" \/>\n<script type=\"application\/ld+json\" class=\"yoast-schema-graph\">{\"@context\":\"https:\/\/schema.org\",\"@graph\":[{\"@type\":\"Article\",\"@id\":\"https:\/\/eikonos.com\/ca\/blog\/el-valor-de-realitzar-presentacions-corporatives-en-les-teves-sales-de-reunions\/#article\",\"isPartOf\":{\"@id\":\"https:\/\/eikonos.com\/ca\/blog\/el-valor-de-realitzar-presentacions-corporatives-en-les-teves-sales-de-reunions\/\"},\"author\":{\"name\":\"Xavi Eikonos\",\"@id\":\"https:\/\/eikonos.com\/ca\/#\/schema\/person\/82032860cc314d826959b90595a5280a\"},\"headline\":\"El valor de realitzar presentacions corporatives en les teves sales de reunions\",\"datePublished\":\"2017-12-12T15:36:44+00:00\",\"mainEntityOfPage\":{\"@id\":\"https:\/\/eikonos.com\/ca\/blog\/el-valor-de-realitzar-presentacions-corporatives-en-les-teves-sales-de-reunions\/\"},\"wordCount\":677,\"commentCount\":0,\"publisher\":{\"@id\":\"https:\/\/eikonos.com\/ca\/#organization\"},\"image\":{\"@id\":\"https:\/\/eikonos.com\/ca\/blog\/el-valor-de-realitzar-presentacions-corporatives-en-les-teves-sales-de-reunions\/#primaryimage\"},\"thumbnailUrl\":\"https:\/\/eikonos.com\/wp-content\/uploads\/2017\/12\/presentaciones-en-salas-de-reuniones.jpg\",\"keywords\":[\"audiovisuals per a presentacions\",\"Instal\u00b7lacions audiovisuals\"],\"articleSection\":[\"Instal\u00b7lacions fixes\"],\"inLanguage\":\"ca\",\"potentialAction\":[{\"@type\":\"CommentAction\",\"name\":\"Comment\",\"target\":[\"https:\/\/eikonos.com\/ca\/blog\/el-valor-de-realitzar-presentacions-corporatives-en-les-teves-sales-de-reunions\/#respond\"]}]},{\"@type\":\"WebPage\",\"@id\":\"https:\/\/eikonos.com\/ca\/blog\/el-valor-de-realitzar-presentacions-corporatives-en-les-teves-sales-de-reunions\/\",\"url\":\"https:\/\/eikonos.com\/ca\/blog\/el-valor-de-realitzar-presentacions-corporatives-en-les-teves-sales-de-reunions\/\",\"name\":\"El valor de realitzar presentacions en sales de reunions\",\"isPartOf\":{\"@id\":\"https:\/\/eikonos.com\/ca\/#website\"},\"primaryImageOfPage\":{\"@id\":\"https:\/\/eikonos.com\/ca\/blog\/el-valor-de-realitzar-presentacions-corporatives-en-les-teves-sales-de-reunions\/#primaryimage\"},\"image\":{\"@id\":\"https:\/\/eikonos.com\/ca\/blog\/el-valor-de-realitzar-presentacions-corporatives-en-les-teves-sales-de-reunions\/#primaryimage\"},\"thumbnailUrl\":\"https:\/\/eikonos.com\/wp-content\/uploads\/2017\/12\/presentaciones-en-salas-de-reuniones.jpg\",\"datePublished\":\"2017-12-12T15:36:44+00:00\",\"description\":\"Coneixes els aspectes que han d'apar\u00e8ixer per realitzar presentacions en sales de reunions amb \u00e8xit? Instal\u00b7lacions d'equips audiovisuals.\",\"breadcrumb\":{\"@id\":\"https:\/\/eikonos.com\/ca\/blog\/el-valor-de-realitzar-presentacions-corporatives-en-les-teves-sales-de-reunions\/#breadcrumb\"},\"inLanguage\":\"ca\",\"potentialAction\":[{\"@type\":\"ReadAction\",\"target\":[\"https:\/\/eikonos.com\/ca\/blog\/el-valor-de-realitzar-presentacions-corporatives-en-les-teves-sales-de-reunions\/\"]}]},{\"@type\":\"ImageObject\",\"inLanguage\":\"ca\",\"@id\":\"https:\/\/eikonos.com\/ca\/blog\/el-valor-de-realitzar-presentacions-corporatives-en-les-teves-sales-de-reunions\/#primaryimage\",\"url\":\"https:\/\/eikonos.com\/wp-content\/uploads\/2017\/12\/presentaciones-en-salas-de-reuniones.jpg\",\"contentUrl\":\"https:\/\/eikonos.com\/wp-content\/uploads\/2017\/12\/presentaciones-en-salas-de-reuniones.jpg\",\"width\":674,\"height\":426},{\"@type\":\"BreadcrumbList\",\"@id\":\"https:\/\/eikonos.com\/ca\/blog\/el-valor-de-realitzar-presentacions-corporatives-en-les-teves-sales-de-reunions\/#breadcrumb\",\"itemListElement\":[{\"@type\":\"ListItem\",\"position\":1,\"name\":\"EIKONOS\",\"item\":\"https:\/\/eikonos.com\/ca\/inici\/\"},{\"@type\":\"ListItem\",\"position\":2,\"name\":\"El valor de realitzar presentacions corporatives en les teves sales de reunions\"}]},{\"@type\":\"WebSite\",\"@id\":\"https:\/\/eikonos.com\/ca\/#website\",\"url\":\"https:\/\/eikonos.com\/ca\/\",\"name\":\"EIKONOS\",\"description\":\"EXPERIENCIA AUDIOVISUAL\",\"publisher\":{\"@id\":\"https:\/\/eikonos.com\/ca\/#organization\"},\"potentialAction\":[{\"@type\":\"SearchAction\",\"target\":{\"@type\":\"EntryPoint\",\"urlTemplate\":\"https:\/\/eikonos.com\/ca\/?s={search_term_string}\"},\"query-input\":{\"@type\":\"PropertyValueSpecification\",\"valueRequired\":true,\"valueName\":\"search_term_string\"}}],\"inLanguage\":\"ca\"},{\"@type\":\"Organization\",\"@id\":\"https:\/\/eikonos.com\/ca\/#organization\",\"name\":\"EIKONOS | Servicios Audiovisuales, eventos y alquiler de equipos\",\"url\":\"https:\/\/eikonos.com\/ca\/\",\"logo\":{\"@type\":\"ImageObject\",\"inLanguage\":\"ca\",\"@id\":\"https:\/\/eikonos.com\/ca\/#\/schema\/logo\/image\/\",\"url\":\"https:\/\/eikonos.com\/wp-content\/uploads\/2020\/08\/logo-color.png\",\"contentUrl\":\"https:\/\/eikonos.com\/wp-content\/uploads\/2020\/08\/logo-color.png\",\"width\":376,\"height\":122,\"caption\":\"EIKONOS | Servicios Audiovisuales, eventos y alquiler de equipos\"},\"image\":{\"@id\":\"https:\/\/eikonos.com\/ca\/#\/schema\/logo\/image\/\"},\"sameAs\":[\"http:\/\/www.facebook.com\/pages\/Eikonos\/176324785746790\",\"https:\/\/x.com\/eikonos_sa\",\"http:\/\/www.linkedin.com\/company\/eikonos\",\"http:\/\/www.youtube.com\/channel\/UC8wcizWaAYbfsuqVf9wIT6w\"]},{\"@type\":\"Person\",\"@id\":\"https:\/\/eikonos.com\/ca\/#\/schema\/person\/82032860cc314d826959b90595a5280a\",\"name\":\"Xavi Eikonos\",\"image\":{\"@type\":\"ImageObject\",\"inLanguage\":\"ca\",\"@id\":\"https:\/\/eikonos.com\/ca\/#\/schema\/person\/image\/\",\"url\":\"https:\/\/secure.gravatar.com\/avatar\/a6c6b51dd0ac6902701aab24a914f6febe1518f94a5ae06db08b3d6107248dfd?s=96&d=mm&r=g\",\"contentUrl\":\"https:\/\/secure.gravatar.com\/avatar\/a6c6b51dd0ac6902701aab24a914f6febe1518f94a5ae06db08b3d6107248dfd?s=96&d=mm&r=g\",\"caption\":\"Xavi Eikonos\"}}]}<\/script>\n<!-- \/ Yoast SEO plugin. -->","yoast_head_json":{"title":"El valor de realitzar presentacions en sales de reunions","description":"Coneixes els aspectes que han d'apar\u00e8ixer per realitzar presentacions en sales de reunions amb \u00e8xit? Instal\u00b7lacions d'equips audiovisuals.","robots":{"index":"index","follow":"follow","max-snippet":"max-snippet:-1","max-image-preview":"max-image-preview:large","max-video-preview":"max-video-preview:-1"},"canonical":"https:\/\/eikonos.com\/ca\/blog\/el-valor-de-realitzar-presentacions-corporatives-en-les-teves-sales-de-reunions\/","og_locale":"ca_ES","og_type":"article","og_title":"El valor de realitzar presentacions en sales de reunions","og_description":"Coneixes els aspectes que han d'apar\u00e8ixer per realitzar presentacions en sales de reunions amb \u00e8xit? Instal\u00b7lacions d'equips audiovisuals.","og_url":"https:\/\/eikonos.com\/ca\/blog\/el-valor-de-realitzar-presentacions-corporatives-en-les-teves-sales-de-reunions\/","og_site_name":"EIKONOS","article_publisher":"http:\/\/www.facebook.com\/pages\/Eikonos\/176324785746790","article_published_time":"2017-12-12T15:36:44+00:00","og_image":[{"width":674,"height":426,"url":"https:\/\/eikonos.com\/wp-content\/uploads\/2017\/12\/presentaciones-en-salas-de-reuniones.jpg","type":"image\/jpeg"}],"author":"Xavi Eikonos","twitter_card":"summary_large_image","twitter_creator":"@eikonos_sa","twitter_site":"@eikonos_sa","twitter_misc":{"Escrit per":"Xavi Eikonos","Temps estimat de lectura":"3 minuts"},"schema":{"@context":"https:\/\/schema.org","@graph":[{"@type":"Article","@id":"https:\/\/eikonos.com\/ca\/blog\/el-valor-de-realitzar-presentacions-corporatives-en-les-teves-sales-de-reunions\/#article","isPartOf":{"@id":"https:\/\/eikonos.com\/ca\/blog\/el-valor-de-realitzar-presentacions-corporatives-en-les-teves-sales-de-reunions\/"},"author":{"name":"Xavi Eikonos","@id":"https:\/\/eikonos.com\/ca\/#\/schema\/person\/82032860cc314d826959b90595a5280a"},"headline":"El valor de realitzar presentacions corporatives en les teves sales de reunions","datePublished":"2017-12-12T15:36:44+00:00","mainEntityOfPage":{"@id":"https:\/\/eikonos.com\/ca\/blog\/el-valor-de-realitzar-presentacions-corporatives-en-les-teves-sales-de-reunions\/"},"wordCount":677,"commentCount":0,"publisher":{"@id":"https:\/\/eikonos.com\/ca\/#organization"},"image":{"@id":"https:\/\/eikonos.com\/ca\/blog\/el-valor-de-realitzar-presentacions-corporatives-en-les-teves-sales-de-reunions\/#primaryimage"},"thumbnailUrl":"https:\/\/eikonos.com\/wp-content\/uploads\/2017\/12\/presentaciones-en-salas-de-reuniones.jpg","keywords":["audiovisuals per a presentacions","Instal\u00b7lacions audiovisuals"],"articleSection":["Instal\u00b7lacions fixes"],"inLanguage":"ca","potentialAction":[{"@type":"CommentAction","name":"Comment","target":["https:\/\/eikonos.com\/ca\/blog\/el-valor-de-realitzar-presentacions-corporatives-en-les-teves-sales-de-reunions\/#respond"]}]},{"@type":"WebPage","@id":"https:\/\/eikonos.com\/ca\/blog\/el-valor-de-realitzar-presentacions-corporatives-en-les-teves-sales-de-reunions\/","url":"https:\/\/eikonos.com\/ca\/blog\/el-valor-de-realitzar-presentacions-corporatives-en-les-teves-sales-de-reunions\/","name":"El valor de realitzar presentacions en sales de reunions","isPartOf":{"@id":"https:\/\/eikonos.com\/ca\/#website"},"primaryImageOfPage":{"@id":"https:\/\/eikonos.com\/ca\/blog\/el-valor-de-realitzar-presentacions-corporatives-en-les-teves-sales-de-reunions\/#primaryimage"},"image":{"@id":"https:\/\/eikonos.com\/ca\/blog\/el-valor-de-realitzar-presentacions-corporatives-en-les-teves-sales-de-reunions\/#primaryimage"},"thumbnailUrl":"https:\/\/eikonos.com\/wp-content\/uploads\/2017\/12\/presentaciones-en-salas-de-reuniones.jpg","datePublished":"2017-12-12T15:36:44+00:00","description":"Coneixes els aspectes que han d'apar\u00e8ixer per realitzar presentacions en sales de reunions amb \u00e8xit? Instal\u00b7lacions d'equips audiovisuals.","breadcrumb":{"@id":"https:\/\/eikonos.com\/ca\/blog\/el-valor-de-realitzar-presentacions-corporatives-en-les-teves-sales-de-reunions\/#breadcrumb"},"inLanguage":"ca","potentialAction":[{"@type":"ReadAction","target":["https:\/\/eikonos.com\/ca\/blog\/el-valor-de-realitzar-presentacions-corporatives-en-les-teves-sales-de-reunions\/"]}]},{"@type":"ImageObject","inLanguage":"ca","@id":"https:\/\/eikonos.com\/ca\/blog\/el-valor-de-realitzar-presentacions-corporatives-en-les-teves-sales-de-reunions\/#primaryimage","url":"https:\/\/eikonos.com\/wp-content\/uploads\/2017\/12\/presentaciones-en-salas-de-reuniones.jpg","contentUrl":"https:\/\/eikonos.com\/wp-content\/uploads\/2017\/12\/presentaciones-en-salas-de-reuniones.jpg","width":674,"height":426},{"@type":"BreadcrumbList","@id":"https:\/\/eikonos.com\/ca\/blog\/el-valor-de-realitzar-presentacions-corporatives-en-les-teves-sales-de-reunions\/#breadcrumb","itemListElement":[{"@type":"ListItem","position":1,"name":"EIKONOS","item":"https:\/\/eikonos.com\/ca\/inici\/"},{"@type":"ListItem","position":2,"name":"El valor de realitzar presentacions corporatives en les teves sales de reunions"}]},{"@type":"WebSite","@id":"https:\/\/eikonos.com\/ca\/#website","url":"https:\/\/eikonos.com\/ca\/","name":"EIKONOS","description":"EXPERIENCIA AUDIOVISUAL","publisher":{"@id":"https:\/\/eikonos.com\/ca\/#organization"},"potentialAction":[{"@type":"SearchAction","target":{"@type":"EntryPoint","urlTemplate":"https:\/\/eikonos.com\/ca\/?s={search_term_string}"},"query-input":{"@type":"PropertyValueSpecification","valueRequired":true,"valueName":"search_term_string"}}],"inLanguage":"ca"},{"@type":"Organization","@id":"https:\/\/eikonos.com\/ca\/#organization","name":"EIKONOS | Servicios Audiovisuales, eventos y alquiler de equipos","url":"https:\/\/eikonos.com\/ca\/","logo":{"@type":"ImageObject","inLanguage":"ca","@id":"https:\/\/eikonos.com\/ca\/#\/schema\/logo\/image\/","url":"https:\/\/eikonos.com\/wp-content\/uploads\/2020\/08\/logo-color.png","contentUrl":"https:\/\/eikonos.com\/wp-content\/uploads\/2020\/08\/logo-color.png","width":376,"height":122,"caption":"EIKONOS | Servicios Audiovisuales, eventos y alquiler de equipos"},"image":{"@id":"https:\/\/eikonos.com\/ca\/#\/schema\/logo\/image\/"},"sameAs":["http:\/\/www.facebook.com\/pages\/Eikonos\/176324785746790","https:\/\/x.com\/eikonos_sa","http:\/\/www.linkedin.com\/company\/eikonos","http:\/\/www.youtube.com\/channel\/UC8wcizWaAYbfsuqVf9wIT6w"]},{"@type":"Person","@id":"https:\/\/eikonos.com\/ca\/#\/schema\/person\/82032860cc314d826959b90595a5280a","name":"Xavi Eikonos","image":{"@type":"ImageObject","inLanguage":"ca","@id":"https:\/\/eikonos.com\/ca\/#\/schema\/person\/image\/","url":"https:\/\/secure.gravatar.com\/avatar\/a6c6b51dd0ac6902701aab24a914f6febe1518f94a5ae06db08b3d6107248dfd?s=96&d=mm&r=g","contentUrl":"https:\/\/secure.gravatar.com\/avatar\/a6c6b51dd0ac6902701aab24a914f6febe1518f94a5ae06db08b3d6107248dfd?s=96&d=mm&r=g","caption":"Xavi Eikonos"}}]}},"_links":{"self":[{"href":"https:\/\/eikonos.com\/ca\/wp-json\/wp\/v2\/posts\/4801","targetHints":{"allow":["GET"]}}],"collection":[{"href":"https:\/\/eikonos.com\/ca\/wp-json\/wp\/v2\/posts"}],"about":[{"href":"https:\/\/eikonos.com\/ca\/wp-json\/wp\/v2\/types\/post"}],"author":[{"embeddable":true,"href":"https:\/\/eikonos.com\/ca\/wp-json\/wp\/v2\/users\/6"}],"replies":[{"embeddable":true,"href":"https:\/\/eikonos.com\/ca\/wp-json\/wp\/v2\/comments?post=4801"}],"version-history":[{"count":0,"href":"https:\/\/eikonos.com\/ca\/wp-json\/wp\/v2\/posts\/4801\/revisions"}],"wp:featuredmedia":[{"embeddable":true,"href":"https:\/\/eikonos.com\/ca\/wp-json\/wp\/v2\/media\/4790"}],"wp:attachment":[{"href":"https:\/\/eikonos.com\/ca\/wp-json\/wp\/v2\/media?parent=4801"}],"wp:term":[{"taxonomy":"category","embeddable":true,"href":"https:\/\/eikonos.com\/ca\/wp-json\/wp\/v2\/categories?post=4801"},{"taxonomy":"post_tag","embeddable":true,"href":"https:\/\/eikonos.com\/ca\/wp-json\/wp\/v2\/tags?post=4801"}],"curies":[{"name":"wp","href":"https:\/\/api.w.org\/{rel}","templated":true}]}}