{"id":4780,"date":"2017-12-05T15:30:14","date_gmt":"2017-12-05T14:30:14","guid":{"rendered":"http:\/\/eikonos.com\/?p=4780"},"modified":"2017-12-05T15:30:14","modified_gmt":"2017-12-05T14:30:14","slug":"repassem-les-tendecies-del-sector-audiovisua-de-2017","status":"publish","type":"post","link":"https:\/\/eikonos.com\/ca\/blog\/repassem-les-tendecies-del-sector-audiovisua-de-2017\/","title":{"rendered":"Repassem les tend\u00e8ncies del sector audiovisual de 2017"},"content":{"rendered":"<p>S\u2019acaba l\u2019any i toca fer rep\u00e0s dels temes m\u00e9s emocionants que ens he trobat en 2017 en el camp audiovisual. La tecnologia creix a un ritme vertigin\u00f3s i, per impactar, mereix la pena invertir en nous formats audiovisuals que ens ajudin a resoldre les nostres necessitats i aconseguir l\u2019efecte que busquem en la nostra audi\u00e8ncia. Per\u00f2 quines han sigut les\u00a0<a href=\"https:\/\/eikonos.com\/\">tend\u00e8ncies del sector audiovisual de 2017<\/a> que has de con\u00e8ixer? Les repassem!<\/p>\n<h2><span style=\"color: #ff0000;\">Qu\u00e8 ha triomfat en tecnologia audiovisual en 2017?\u00a0<\/span><\/h2>\n<p><strong><span lang=\"CA\">Consolidaci\u00f3 de las pantalles LED<\/span><\/strong><span lang=\"CA\">. El LED es consolida com\u00a0<\/span><a href=\"https:\/\/eikonos.com\/blog\/pantallas-led-un-equipo-indispensable-en-platos-de-television\/\">un recurs indispensable en esdeveniments i plat\u00f3s de televisi\u00f3<\/a>\u00a0<span lang=\"CA\">i millora les seves prestacions a la vegada que \u00e9s m\u00e9s assequible. Encara no les has incorporat a les teves cites m\u00e9s importants?\u00a0<\/span><\/p>\n<p><strong><span lang=\"CA\">El l\u00e0ser segueix guanyat terreny com alternativa al LED. <\/span><\/strong><strong><span lang=\"CA\" style=\"font-weight: normal;\">Els fabricants de projectors segueixen apostant pel l\u00e0ser. Hi ha una normativa europea que prohibir\u00e0 l\u2019\u00fas de les l\u00e0mpades de mercuri. Aquesta normativa ha fet que les empreses busquin noves solucions. Veiem com els l\u00e0sers van resolent els seus handicaps inicials de colorimetria i com s\u00f3n una alternativa m\u00e9s que interessants per la seva durabilitat i baix consum. <\/span><\/strong><\/p>\n<p><strong><span lang=\"CA\">Quin ser\u00e0 el r\u00e8cord de l\u00famens en projectes l\u00e0sers? <\/span><\/strong><strong><span lang=\"CA\" style=\"font-weight: normal;\">El projector de v\u00eddeo m\u00e9s potent amb l\u00e0ser \u00e9s de 30.000 l\u00famens, encara que tamb\u00e9 es treballa amb pot\u00e8ncia m\u00e9s petites. <\/span><\/strong><\/p>\n<p><strong><span lang=\"CA\">Pantalles extraplanes. <\/span><\/strong><strong><span lang=\"CA\" style=\"font-weight: normal;\">Pantalles minimalistes, que pesen poc, f\u00e0cils de traslladar, qualitat d\u2019imatge d\u2019alt\u00edssim nivell&#8230; de que parlem? Dels nous monitors OLED o QLED. \u00c9s a dir, monitors extraplans (de 4 a 5 mil\u00b7l\u00edmetres), alt\u00edssim contrast i molt baix consum. S\u00f3n barats? No. S\u00f3n espectaculars? S\u00ed. Mereixen la pena? Totalment.<\/span><\/strong><\/p>\n<p><strong><span lang=\"CA\">Video 4K. <\/span><\/strong><strong><span lang=\"CA\" style=\"font-weight: normal;\">El v\u00eddeo 4K supera en 4 vegades la resoluci\u00f3 del format Full HD (1080p). 2017 ens va deixar algunes bones noves en aquest sentit. A nivell de monitors a partir de 65\u201d, el mercat ja ens els ofereix pr\u00e0cticament tots en aquesta tecnologia cada cop a preus m\u00e9s raonable. A nivell de continguts, hi ha moltes situacions en les que la creaci\u00f3 de continguts en 4K es converteix en imprescindible per oferir una major experi\u00e8ncia a l\u2019usuari. <\/span><\/strong><\/p>\n<p><strong><span lang=\"CA\">El triomf de l\u2019experi\u00e8ncia omnicanal i bidireccional. <\/span><\/strong><strong><span lang=\"CA\" style=\"font-weight: normal;\">Fa anys que vam donar la benvinguda a la comunicaci\u00f3 a trav\u00e9s de m\u00faltiples vies que no nom\u00e9s ens permeten arribar a la nostra audi\u00e8ncia, si no que a m\u00e9s podem interactuar amb ella. Ja veiem com la comunicaci\u00f3 en esdeveniments i actes corporatius cada cop es recolza m\u00e9s en els diferents suports audiovisuals i en les xarxes per fomentar la massificaci\u00f3 i participaci\u00f3 de l\u2019audi\u00e8ncia. <\/span><\/strong><\/p>\n<p><strong><span lang=\"CA\">Produccions audiovisuals en directe. <\/span><\/strong><strong><span lang=\"CA\" style=\"font-weight: normal;\">El <\/span><\/strong><a href=\"https:\/\/eikonos.com\/portfolio_page\/streaming\/\">streaming<\/a>\u00a0<strong><span lang=\"CA\" style=\"font-weight: normal;\">ha arribat per quedar-se. Hi ha esdeveniments per tots els gustos per\u00f2 cada cop \u00e9s m\u00e9s com\u00fa la retransmissi\u00f3 d\u2019actes a trav\u00e9s de xarxes socials i emissions digitals. Els Live s\u00f3n tend\u00e8ncia i haur\u00edem d\u2019incloure\u2019ls en les previsions de 2018 si encara no ho has fet. Quedar\u00e0s encantat amb l\u2019experi\u00e8ncia!<\/span><\/strong><\/p>\n<p><strong><span lang=\"CA\" style=\"font-weight: normal;\">Treu el m\u00e0xim partit als teus esdeveniments, de la m\u00e0 d\u2019experts amb m\u00e9s de 30 anys d\u2019experi\u00e8ncia i recorregut en el sectors dels esdeveniments audiovisuals, l\u2019equip d\u2019EIKONOS. <\/span><\/strong><strong><i><span lang=\"CA\">Parlem!<\/span><\/i><\/strong><\/p>\n<p><img loading=\"lazy\" decoding=\"async\" class=\"aligncenter wp-image-4120 size-full\" title=\"EIKONOS servicios audiovisuales para eventos\" src=\"https:\/\/eikonos.com\/wp-content\/uploads\/2017\/05\/eikonos-cta-organitzacio-esdeveniments-audiovisuals.png\" alt=\"EIKONOS serveis audiovisuals per a esdeveniments\" width=\"741\" height=\"250\" srcset=\"https:\/\/eikonos.com\/wp-content\/uploads\/2017\/05\/eikonos-cta-organitzacio-esdeveniments-audiovisuals.png 741w, https:\/\/eikonos.com\/wp-content\/uploads\/2017\/05\/eikonos-cta-organitzacio-esdeveniments-audiovisuals-300x101.png 300w\" sizes=\"auto, (max-width: 741px) 100vw, 741px\" \/><\/p>\n","protected":false},"excerpt":{"rendered":"<p>S\u2019acaba l\u2019any i toca fer rep\u00e0s dels temes m\u00e9s emocionants que ens he trobat en&#8230;<\/p>\n","protected":false},"author":6,"featured_media":4785,"comment_status":"open","ping_status":"open","sticky":false,"template":"","format":"standard","meta":{"_acf_changed":false,"footnotes":""},"categories":[344,257],"tags":[],"class_list":["post-4780","post","type-post","status-publish","format-standard","has-post-thumbnail","hentry","category-actualitat","category-creacio-de-continguts"],"acf":[],"yoast_head":"<!-- This site is optimized with the Yoast SEO plugin v26.3 - https:\/\/yoast.com\/wordpress\/plugins\/seo\/ -->\n<title>tend\u00e8ncies del sector audiovisual de 2017<\/title>\n<meta name=\"description\" content=\"En el blog d&#039;Eikonos repassem les tend\u00e8ncies del sector audiovisual de 2017 que has de con\u00e8ixer.\" \/>\n<meta name=\"robots\" content=\"index, follow, max-snippet:-1, max-image-preview:large, max-video-preview:-1\" \/>\n<link rel=\"canonical\" href=\"https:\/\/eikonos.com\/ca\/blog\/repassem-les-tendecies-del-sector-audiovisua-de-2017\/\" \/>\n<meta property=\"og:locale\" content=\"ca_ES\" \/>\n<meta property=\"og:type\" content=\"article\" \/>\n<meta property=\"og:title\" content=\"tend\u00e8ncies del sector audiovisual de 2017\" \/>\n<meta property=\"og:description\" content=\"En el blog d&#039;Eikonos repassem les tend\u00e8ncies del sector audiovisual de 2017 que has de con\u00e8ixer.\" \/>\n<meta property=\"og:url\" content=\"https:\/\/eikonos.com\/ca\/blog\/repassem-les-tendecies-del-sector-audiovisua-de-2017\/\" \/>\n<meta property=\"og:site_name\" content=\"EIKONOS\" \/>\n<meta property=\"article:publisher\" content=\"http:\/\/www.facebook.com\/pages\/Eikonos\/176324785746790\" \/>\n<meta property=\"article:published_time\" content=\"2017-12-05T14:30:14+00:00\" \/>\n<meta property=\"og:image\" content=\"https:\/\/eikonos.com\/wp-content\/uploads\/2017\/12\/Eikonos153.-CATjpg.jpg\" \/>\n\t<meta property=\"og:image:width\" content=\"674\" \/>\n\t<meta property=\"og:image:height\" content=\"426\" \/>\n\t<meta property=\"og:image:type\" content=\"image\/jpeg\" \/>\n<meta name=\"author\" content=\"Xavi Eikonos\" \/>\n<meta name=\"twitter:card\" content=\"summary_large_image\" \/>\n<meta name=\"twitter:creator\" content=\"@eikonos_sa\" \/>\n<meta name=\"twitter:site\" content=\"@eikonos_sa\" \/>\n<meta name=\"twitter:label1\" content=\"Escrit per\" \/>\n\t<meta name=\"twitter:data1\" content=\"Xavi Eikonos\" \/>\n\t<meta name=\"twitter:label2\" content=\"Temps estimat de lectura\" \/>\n\t<meta name=\"twitter:data2\" content=\"3 minuts\" \/>\n<script type=\"application\/ld+json\" class=\"yoast-schema-graph\">{\"@context\":\"https:\/\/schema.org\",\"@graph\":[{\"@type\":\"Article\",\"@id\":\"https:\/\/eikonos.com\/ca\/blog\/repassem-les-tendecies-del-sector-audiovisua-de-2017\/#article\",\"isPartOf\":{\"@id\":\"https:\/\/eikonos.com\/ca\/blog\/repassem-les-tendecies-del-sector-audiovisua-de-2017\/\"},\"author\":{\"name\":\"Xavi Eikonos\",\"@id\":\"https:\/\/eikonos.com\/ca\/#\/schema\/person\/82032860cc314d826959b90595a5280a\"},\"headline\":\"Repassem les tend\u00e8ncies del sector audiovisual de 2017\",\"datePublished\":\"2017-12-05T14:30:14+00:00\",\"mainEntityOfPage\":{\"@id\":\"https:\/\/eikonos.com\/ca\/blog\/repassem-les-tendecies-del-sector-audiovisua-de-2017\/\"},\"wordCount\":571,\"commentCount\":0,\"publisher\":{\"@id\":\"https:\/\/eikonos.com\/ca\/#organization\"},\"image\":{\"@id\":\"https:\/\/eikonos.com\/ca\/blog\/repassem-les-tendecies-del-sector-audiovisua-de-2017\/#primaryimage\"},\"thumbnailUrl\":\"https:\/\/eikonos.com\/wp-content\/uploads\/2017\/12\/Eikonos153.-CATjpg.jpg\",\"articleSection\":[\"Actualitat\",\"Creaci\u00f3 de continguts\"],\"inLanguage\":\"ca\",\"potentialAction\":[{\"@type\":\"CommentAction\",\"name\":\"Comment\",\"target\":[\"https:\/\/eikonos.com\/ca\/blog\/repassem-les-tendecies-del-sector-audiovisua-de-2017\/#respond\"]}]},{\"@type\":\"WebPage\",\"@id\":\"https:\/\/eikonos.com\/ca\/blog\/repassem-les-tendecies-del-sector-audiovisua-de-2017\/\",\"url\":\"https:\/\/eikonos.com\/ca\/blog\/repassem-les-tendecies-del-sector-audiovisua-de-2017\/\",\"name\":\"tend\u00e8ncies del sector audiovisual de 2017\",\"isPartOf\":{\"@id\":\"https:\/\/eikonos.com\/ca\/#website\"},\"primaryImageOfPage\":{\"@id\":\"https:\/\/eikonos.com\/ca\/blog\/repassem-les-tendecies-del-sector-audiovisua-de-2017\/#primaryimage\"},\"image\":{\"@id\":\"https:\/\/eikonos.com\/ca\/blog\/repassem-les-tendecies-del-sector-audiovisua-de-2017\/#primaryimage\"},\"thumbnailUrl\":\"https:\/\/eikonos.com\/wp-content\/uploads\/2017\/12\/Eikonos153.-CATjpg.jpg\",\"datePublished\":\"2017-12-05T14:30:14+00:00\",\"description\":\"En el blog d'Eikonos repassem les tend\u00e8ncies del sector audiovisual de 2017 que has de con\u00e8ixer.\",\"breadcrumb\":{\"@id\":\"https:\/\/eikonos.com\/ca\/blog\/repassem-les-tendecies-del-sector-audiovisua-de-2017\/#breadcrumb\"},\"inLanguage\":\"ca\",\"potentialAction\":[{\"@type\":\"ReadAction\",\"target\":[\"https:\/\/eikonos.com\/ca\/blog\/repassem-les-tendecies-del-sector-audiovisua-de-2017\/\"]}]},{\"@type\":\"ImageObject\",\"inLanguage\":\"ca\",\"@id\":\"https:\/\/eikonos.com\/ca\/blog\/repassem-les-tendecies-del-sector-audiovisua-de-2017\/#primaryimage\",\"url\":\"https:\/\/eikonos.com\/wp-content\/uploads\/2017\/12\/Eikonos153.-CATjpg.jpg\",\"contentUrl\":\"https:\/\/eikonos.com\/wp-content\/uploads\/2017\/12\/Eikonos153.-CATjpg.jpg\",\"width\":674,\"height\":426},{\"@type\":\"BreadcrumbList\",\"@id\":\"https:\/\/eikonos.com\/ca\/blog\/repassem-les-tendecies-del-sector-audiovisua-de-2017\/#breadcrumb\",\"itemListElement\":[{\"@type\":\"ListItem\",\"position\":1,\"name\":\"EIKONOS\",\"item\":\"https:\/\/eikonos.com\/ca\/inici\/\"},{\"@type\":\"ListItem\",\"position\":2,\"name\":\"Repassem les tend\u00e8ncies del sector audiovisual de 2017\"}]},{\"@type\":\"WebSite\",\"@id\":\"https:\/\/eikonos.com\/ca\/#website\",\"url\":\"https:\/\/eikonos.com\/ca\/\",\"name\":\"EIKONOS\",\"description\":\"EXPERIENCIA AUDIOVISUAL\",\"publisher\":{\"@id\":\"https:\/\/eikonos.com\/ca\/#organization\"},\"potentialAction\":[{\"@type\":\"SearchAction\",\"target\":{\"@type\":\"EntryPoint\",\"urlTemplate\":\"https:\/\/eikonos.com\/ca\/?s={search_term_string}\"},\"query-input\":{\"@type\":\"PropertyValueSpecification\",\"valueRequired\":true,\"valueName\":\"search_term_string\"}}],\"inLanguage\":\"ca\"},{\"@type\":\"Organization\",\"@id\":\"https:\/\/eikonos.com\/ca\/#organization\",\"name\":\"EIKONOS | Servicios Audiovisuales, eventos y alquiler de equipos\",\"url\":\"https:\/\/eikonos.com\/ca\/\",\"logo\":{\"@type\":\"ImageObject\",\"inLanguage\":\"ca\",\"@id\":\"https:\/\/eikonos.com\/ca\/#\/schema\/logo\/image\/\",\"url\":\"https:\/\/eikonos.com\/wp-content\/uploads\/2020\/08\/logo-color.png\",\"contentUrl\":\"https:\/\/eikonos.com\/wp-content\/uploads\/2020\/08\/logo-color.png\",\"width\":376,\"height\":122,\"caption\":\"EIKONOS | Servicios Audiovisuales, eventos y alquiler de equipos\"},\"image\":{\"@id\":\"https:\/\/eikonos.com\/ca\/#\/schema\/logo\/image\/\"},\"sameAs\":[\"http:\/\/www.facebook.com\/pages\/Eikonos\/176324785746790\",\"https:\/\/x.com\/eikonos_sa\",\"http:\/\/www.linkedin.com\/company\/eikonos\",\"http:\/\/www.youtube.com\/channel\/UC8wcizWaAYbfsuqVf9wIT6w\"]},{\"@type\":\"Person\",\"@id\":\"https:\/\/eikonos.com\/ca\/#\/schema\/person\/82032860cc314d826959b90595a5280a\",\"name\":\"Xavi Eikonos\",\"image\":{\"@type\":\"ImageObject\",\"inLanguage\":\"ca\",\"@id\":\"https:\/\/eikonos.com\/ca\/#\/schema\/person\/image\/\",\"url\":\"https:\/\/secure.gravatar.com\/avatar\/a6c6b51dd0ac6902701aab24a914f6febe1518f94a5ae06db08b3d6107248dfd?s=96&d=mm&r=g\",\"contentUrl\":\"https:\/\/secure.gravatar.com\/avatar\/a6c6b51dd0ac6902701aab24a914f6febe1518f94a5ae06db08b3d6107248dfd?s=96&d=mm&r=g\",\"caption\":\"Xavi Eikonos\"}}]}<\/script>\n<!-- \/ Yoast SEO plugin. -->","yoast_head_json":{"title":"tend\u00e8ncies del sector audiovisual de 2017","description":"En el blog d'Eikonos repassem les tend\u00e8ncies del sector audiovisual de 2017 que has de con\u00e8ixer.","robots":{"index":"index","follow":"follow","max-snippet":"max-snippet:-1","max-image-preview":"max-image-preview:large","max-video-preview":"max-video-preview:-1"},"canonical":"https:\/\/eikonos.com\/ca\/blog\/repassem-les-tendecies-del-sector-audiovisua-de-2017\/","og_locale":"ca_ES","og_type":"article","og_title":"tend\u00e8ncies del sector audiovisual de 2017","og_description":"En el blog d'Eikonos repassem les tend\u00e8ncies del sector audiovisual de 2017 que has de con\u00e8ixer.","og_url":"https:\/\/eikonos.com\/ca\/blog\/repassem-les-tendecies-del-sector-audiovisua-de-2017\/","og_site_name":"EIKONOS","article_publisher":"http:\/\/www.facebook.com\/pages\/Eikonos\/176324785746790","article_published_time":"2017-12-05T14:30:14+00:00","og_image":[{"width":674,"height":426,"url":"https:\/\/eikonos.com\/wp-content\/uploads\/2017\/12\/Eikonos153.-CATjpg.jpg","type":"image\/jpeg"}],"author":"Xavi Eikonos","twitter_card":"summary_large_image","twitter_creator":"@eikonos_sa","twitter_site":"@eikonos_sa","twitter_misc":{"Escrit per":"Xavi Eikonos","Temps estimat de lectura":"3 minuts"},"schema":{"@context":"https:\/\/schema.org","@graph":[{"@type":"Article","@id":"https:\/\/eikonos.com\/ca\/blog\/repassem-les-tendecies-del-sector-audiovisua-de-2017\/#article","isPartOf":{"@id":"https:\/\/eikonos.com\/ca\/blog\/repassem-les-tendecies-del-sector-audiovisua-de-2017\/"},"author":{"name":"Xavi Eikonos","@id":"https:\/\/eikonos.com\/ca\/#\/schema\/person\/82032860cc314d826959b90595a5280a"},"headline":"Repassem les tend\u00e8ncies del sector audiovisual de 2017","datePublished":"2017-12-05T14:30:14+00:00","mainEntityOfPage":{"@id":"https:\/\/eikonos.com\/ca\/blog\/repassem-les-tendecies-del-sector-audiovisua-de-2017\/"},"wordCount":571,"commentCount":0,"publisher":{"@id":"https:\/\/eikonos.com\/ca\/#organization"},"image":{"@id":"https:\/\/eikonos.com\/ca\/blog\/repassem-les-tendecies-del-sector-audiovisua-de-2017\/#primaryimage"},"thumbnailUrl":"https:\/\/eikonos.com\/wp-content\/uploads\/2017\/12\/Eikonos153.-CATjpg.jpg","articleSection":["Actualitat","Creaci\u00f3 de continguts"],"inLanguage":"ca","potentialAction":[{"@type":"CommentAction","name":"Comment","target":["https:\/\/eikonos.com\/ca\/blog\/repassem-les-tendecies-del-sector-audiovisua-de-2017\/#respond"]}]},{"@type":"WebPage","@id":"https:\/\/eikonos.com\/ca\/blog\/repassem-les-tendecies-del-sector-audiovisua-de-2017\/","url":"https:\/\/eikonos.com\/ca\/blog\/repassem-les-tendecies-del-sector-audiovisua-de-2017\/","name":"tend\u00e8ncies del sector audiovisual de 2017","isPartOf":{"@id":"https:\/\/eikonos.com\/ca\/#website"},"primaryImageOfPage":{"@id":"https:\/\/eikonos.com\/ca\/blog\/repassem-les-tendecies-del-sector-audiovisua-de-2017\/#primaryimage"},"image":{"@id":"https:\/\/eikonos.com\/ca\/blog\/repassem-les-tendecies-del-sector-audiovisua-de-2017\/#primaryimage"},"thumbnailUrl":"https:\/\/eikonos.com\/wp-content\/uploads\/2017\/12\/Eikonos153.-CATjpg.jpg","datePublished":"2017-12-05T14:30:14+00:00","description":"En el blog d'Eikonos repassem les tend\u00e8ncies del sector audiovisual de 2017 que has de con\u00e8ixer.","breadcrumb":{"@id":"https:\/\/eikonos.com\/ca\/blog\/repassem-les-tendecies-del-sector-audiovisua-de-2017\/#breadcrumb"},"inLanguage":"ca","potentialAction":[{"@type":"ReadAction","target":["https:\/\/eikonos.com\/ca\/blog\/repassem-les-tendecies-del-sector-audiovisua-de-2017\/"]}]},{"@type":"ImageObject","inLanguage":"ca","@id":"https:\/\/eikonos.com\/ca\/blog\/repassem-les-tendecies-del-sector-audiovisua-de-2017\/#primaryimage","url":"https:\/\/eikonos.com\/wp-content\/uploads\/2017\/12\/Eikonos153.-CATjpg.jpg","contentUrl":"https:\/\/eikonos.com\/wp-content\/uploads\/2017\/12\/Eikonos153.-CATjpg.jpg","width":674,"height":426},{"@type":"BreadcrumbList","@id":"https:\/\/eikonos.com\/ca\/blog\/repassem-les-tendecies-del-sector-audiovisua-de-2017\/#breadcrumb","itemListElement":[{"@type":"ListItem","position":1,"name":"EIKONOS","item":"https:\/\/eikonos.com\/ca\/inici\/"},{"@type":"ListItem","position":2,"name":"Repassem les tend\u00e8ncies del sector audiovisual de 2017"}]},{"@type":"WebSite","@id":"https:\/\/eikonos.com\/ca\/#website","url":"https:\/\/eikonos.com\/ca\/","name":"EIKONOS","description":"EXPERIENCIA AUDIOVISUAL","publisher":{"@id":"https:\/\/eikonos.com\/ca\/#organization"},"potentialAction":[{"@type":"SearchAction","target":{"@type":"EntryPoint","urlTemplate":"https:\/\/eikonos.com\/ca\/?s={search_term_string}"},"query-input":{"@type":"PropertyValueSpecification","valueRequired":true,"valueName":"search_term_string"}}],"inLanguage":"ca"},{"@type":"Organization","@id":"https:\/\/eikonos.com\/ca\/#organization","name":"EIKONOS | Servicios Audiovisuales, eventos y alquiler de equipos","url":"https:\/\/eikonos.com\/ca\/","logo":{"@type":"ImageObject","inLanguage":"ca","@id":"https:\/\/eikonos.com\/ca\/#\/schema\/logo\/image\/","url":"https:\/\/eikonos.com\/wp-content\/uploads\/2020\/08\/logo-color.png","contentUrl":"https:\/\/eikonos.com\/wp-content\/uploads\/2020\/08\/logo-color.png","width":376,"height":122,"caption":"EIKONOS | Servicios Audiovisuales, eventos y alquiler de equipos"},"image":{"@id":"https:\/\/eikonos.com\/ca\/#\/schema\/logo\/image\/"},"sameAs":["http:\/\/www.facebook.com\/pages\/Eikonos\/176324785746790","https:\/\/x.com\/eikonos_sa","http:\/\/www.linkedin.com\/company\/eikonos","http:\/\/www.youtube.com\/channel\/UC8wcizWaAYbfsuqVf9wIT6w"]},{"@type":"Person","@id":"https:\/\/eikonos.com\/ca\/#\/schema\/person\/82032860cc314d826959b90595a5280a","name":"Xavi Eikonos","image":{"@type":"ImageObject","inLanguage":"ca","@id":"https:\/\/eikonos.com\/ca\/#\/schema\/person\/image\/","url":"https:\/\/secure.gravatar.com\/avatar\/a6c6b51dd0ac6902701aab24a914f6febe1518f94a5ae06db08b3d6107248dfd?s=96&d=mm&r=g","contentUrl":"https:\/\/secure.gravatar.com\/avatar\/a6c6b51dd0ac6902701aab24a914f6febe1518f94a5ae06db08b3d6107248dfd?s=96&d=mm&r=g","caption":"Xavi Eikonos"}}]}},"_links":{"self":[{"href":"https:\/\/eikonos.com\/ca\/wp-json\/wp\/v2\/posts\/4780","targetHints":{"allow":["GET"]}}],"collection":[{"href":"https:\/\/eikonos.com\/ca\/wp-json\/wp\/v2\/posts"}],"about":[{"href":"https:\/\/eikonos.com\/ca\/wp-json\/wp\/v2\/types\/post"}],"author":[{"embeddable":true,"href":"https:\/\/eikonos.com\/ca\/wp-json\/wp\/v2\/users\/6"}],"replies":[{"embeddable":true,"href":"https:\/\/eikonos.com\/ca\/wp-json\/wp\/v2\/comments?post=4780"}],"version-history":[{"count":0,"href":"https:\/\/eikonos.com\/ca\/wp-json\/wp\/v2\/posts\/4780\/revisions"}],"wp:featuredmedia":[{"embeddable":true,"href":"https:\/\/eikonos.com\/ca\/wp-json\/wp\/v2\/media\/4785"}],"wp:attachment":[{"href":"https:\/\/eikonos.com\/ca\/wp-json\/wp\/v2\/media?parent=4780"}],"wp:term":[{"taxonomy":"category","embeddable":true,"href":"https:\/\/eikonos.com\/ca\/wp-json\/wp\/v2\/categories?post=4780"},{"taxonomy":"post_tag","embeddable":true,"href":"https:\/\/eikonos.com\/ca\/wp-json\/wp\/v2\/tags?post=4780"}],"curies":[{"name":"wp","href":"https:\/\/api.w.org\/{rel}","templated":true}]}}