{"id":4774,"date":"2017-10-17T11:57:01","date_gmt":"2017-10-17T09:57:01","guid":{"rendered":"http:\/\/eikonos.com\/?p=4774"},"modified":"2017-10-17T11:57:01","modified_gmt":"2017-10-17T09:57:01","slug":"quines-instalacions-audiovisuals-has-de-tenir-en-compte-en-un-recinte-esportiu","status":"publish","type":"post","link":"https:\/\/eikonos.com\/ca\/blog\/quines-instalacions-audiovisuals-has-de-tenir-en-compte-en-un-recinte-esportiu\/","title":{"rendered":"Quines instal\u2022lacions audiovisuals has de tenir en compte en un recinte esportiu"},"content":{"rendered":"<p>Els\u00a0<a href=\"https:\/\/eikonos.com\/portfolio_page\/eventos-deportivos\/\">esdeveniments esportius<\/a>\u00a0copen el calendari de grans actes massius. Futbol, basquet, tennis, F\u00f3rmula 1, ciclisme, triatl\u00f3&#8230; atrauen cada setmana a milers de persones que s\u2019apropen a estadis i recintes no nom\u00e9s per gaudir del seu esport preferit, si no tamb\u00e9 per viure tota l\u2019experi\u00e8ncia que rodeja a l\u2019esdeveniment.<\/p>\n<p>La instal\u00b7laci\u00f3 o disposici\u00f3 d\u2019equips audiovisuals ajuden a multiplicar les emocions percebudes per l\u2019audi\u00e8ncia. Disposar d\u2019uns bons sistemes d\u2019il\u00b7luminaci\u00f3, so i v\u00eddeo proveeixen a l\u2019espectador d\u2019una viv\u00e8ncia molt m\u00e9s intensa de l\u2019espectacle o competici\u00f3 esportiva. T\u2019imagines als actuals fans de la F\u00f3rmula 1 sense pantalles LED gegants amb les que poder seguir la carrera, avan\u00e7ament en detall o els canvis en la classificaci\u00f3 en temps real?<\/p>\n<p><strong>Els responsables d\u2019organitzaci\u00f3 saben molt b\u00e9 la import\u00e0ncia de comptar amb els millors prove\u00efdors i professionals capa\u00e7os de crear les instal\u00b7lacions m\u00e9s espectaculars <\/strong>per a que tot surti perfecte.<\/p>\n<p>Sense dubte les\u00a0<a href=\"https:\/\/eikonos.com\/\">instal\u00b7lacions audiovisuals en un esdeveniment esportiu<\/a>\u00a0<span lang=\"CA\">marquen un abans i un despr\u00e9s en les sensacions dels assistents. <\/span><\/p>\n<p><span lang=\"CA\">Per\u00f2, com aconseguir aquest impacte buscat?<\/span><\/p>\n<p>&nbsp;<\/p>\n<h2><span style=\"color: #ff0000;\">Checklist per aconseguir unes instal\u00b7lacions audiovisuals de 10<\/span><\/h2>\n<p>&nbsp;<\/p>\n<ul>\n<li><strong>Il\u00b7luminaci\u00f3<\/strong>:\u00a0<span lang=\"CA\">molts esdeveniments esportius necessiten d\u2019una determinada il\u00b7luminaci\u00f3 espec\u00edfica per a la seva celebraci\u00f3, especialment si han de ser retransmesos per televisi\u00f3. Compta amb expert en tot tipus de sistemes amb experi\u00e8ncia en l\u2019activitat esportiva que organitzes. No deixis espai per a la improvisaci\u00f3.\u00a0<\/span><\/li>\n<li><strong>V\u00eddeo marcadors<\/strong>.\u00a0<span lang=\"CA\">Ofereix el millor servei amb pantalles LED amb opci\u00f3 d\u2019incloure publicitat i missatges de patrocinadors. Aconseguir\u00e0s que aquest element est\u00e0tic aporti dinamisme durant l\u2019esdeveniment, a m\u00e9s de sumar un altre suport per recolzar a les marques o augmentar els ingressos per la cessi\u00f3 d\u2019espais per a publicitat.\u00a0<\/span><\/li>\n<li><strong>Pantalles LED outdoor<\/strong>.\u00a0<span lang=\"CA\">Garanteix la millor imatge amb pantalles LED exteriors d\u2019alta resoluci\u00f3. La seva capacitat lum\u00ednica i la seva versatilitat les ha convertit en un <i>must <\/i>en qualsevol esdeveniment esportiu de calat.\u00a0<\/span><\/li>\n<li><strong>Stands audiovisuals<\/strong>: <span lang=\"CA\">proporciona al sponsor un espai en el que patrocinar la seva marca. Ajuda als sponsors a comptar amb els millors stands, que cre\u00efn passions entre els seguidors. Incorpora\u00a0<\/span><a href=\"https:\/\/eikonos.com\/blog\/alquiler-de-pantallas-led-es-una-buena-opcion-para-eventos\/\">pantalles<\/a>,\u00a0<span lang=\"CA\">projectors, il\u00b7luminaci\u00f3 LED, mobiliari, retro-il\u00b7luminat,&#8230; sempre traient el m\u00e0xim partit a la imatge corporativa de la marca. Aprofita l\u2019esdeveniment esportiu per donar a con\u00e8ixer la teva marca a tots els assistents.\u00a0<\/span><\/li>\n<li><strong>Equip de so<\/strong>:\u00a0<span lang=\"CA\">la qualitat del so \u00e9s tan important com la qualitat de l\u2019imatge que ens arriba. Si ens falla qualsevol dels dos, aix\u00f2 pot afectar negativament a l\u2019experi\u00e8ncia del p\u00fablic. Una m\u00fasica que convidi a gaudir de la competici\u00f3, un bo speaker amb dots de fer aixecar a tothom del seient&#8230; tot ha d\u2019estar pensat per causar la millor sensaci\u00f3. Confia en Eikonos, on el nostre equip t\u00e8cnic t\u2019assessor\u00e0 sobre la normativa a seguir en mat\u00e8ria de sonoritzaci\u00f3.\u00a0<\/span><\/li>\n<\/ul>\n<p>&nbsp;<\/p>\n<p>Si b\u00e9 aquests cinc punts ens asseguren estar m\u00e9s a prop de l\u2019\u00e8xit audiovisual d\u2019un esdeveniment esportiu, hem de <strong>detectar quines necessitats concretes i oportunitats ens pot oferir un esdeveniment respecte a un altre. <\/strong>Tamb\u00e9 el tipus d\u2019esdeveniment pot determinar el grau de llibertat en l\u2019\u00fas de material audiovisuals, incl\u00fas els requisits dels patrocinadors.<\/p>\n<p>A Eikonos disposem de tot l\u2019equip t\u00e8cnic i hum\u00e0 per aconseguir que un esdeveniment esportiu generi un gran impacte positiu. Vols comptar amb les millors solucions audiovisuals pel teu esdeveniment? <strong><em>Parlem!<\/em><\/strong><\/p>\n<p>&nbsp;<\/p>\n<p><img loading=\"lazy\" decoding=\"async\" class=\"aligncenter wp-image-4119 size-full\" title=\"Equipos Audiovisuales de alquiler con EIKONOS\" src=\"https:\/\/eikonos.com\/wp-content\/uploads\/2017\/05\/eikonos-cta-equips-audiovisuals-de-lloguer.png\" alt=\"\" width=\"741\" height=\"250\" srcset=\"https:\/\/eikonos.com\/wp-content\/uploads\/2017\/05\/eikonos-cta-equips-audiovisuals-de-lloguer.png 741w, https:\/\/eikonos.com\/wp-content\/uploads\/2017\/05\/eikonos-cta-equips-audiovisuals-de-lloguer-300x101.png 300w\" sizes=\"auto, (max-width: 741px) 100vw, 741px\" \/><\/p>\n<p>&nbsp;<\/p>\n","protected":false},"excerpt":{"rendered":"<p>Els\u00a0esdeveniments esportius\u00a0copen el calendari de grans actes massius. Futbol, basquet, tennis, F\u00f3rmula 1, ciclisme, triatl\u00f3&#8230;&#8230;<\/p>\n","protected":false},"author":6,"featured_media":4763,"comment_status":"open","ping_status":"open","sticky":false,"template":"","format":"standard","meta":{"_acf_changed":false,"footnotes":""},"categories":[260],"tags":[],"class_list":["post-4774","post","type-post","status-publish","format-standard","has-post-thumbnail","hentry","category-esdeveniments-audiovisuals"],"acf":[],"yoast_head":"<!-- This site is optimized with the Yoast SEO plugin v26.3 - https:\/\/yoast.com\/wordpress\/plugins\/seo\/ -->\n<title>Instal\u00b7acions audiovisuals en un esdeveniment esportiu | EIKONOS<\/title>\n<meta name=\"description\" content=\"T&#039;expliquem quines s\u00f3n les instal\u00b7lacions audiovisuals en un recinte esportiu que marquen un abans i un despr\u00e9s en les sensacions del p\u00fablic.\" \/>\n<meta name=\"robots\" content=\"index, follow, max-snippet:-1, max-image-preview:large, max-video-preview:-1\" \/>\n<link rel=\"canonical\" href=\"https:\/\/eikonos.com\/ca\/blog\/quines-instalacions-audiovisuals-has-de-tenir-en-compte-en-un-recinte-esportiu\/\" \/>\n<meta property=\"og:locale\" content=\"ca_ES\" \/>\n<meta property=\"og:type\" content=\"article\" \/>\n<meta property=\"og:title\" content=\"Instal\u00b7acions audiovisuals en un esdeveniment esportiu | EIKONOS\" \/>\n<meta property=\"og:description\" content=\"T&#039;expliquem quines s\u00f3n les instal\u00b7lacions audiovisuals en un recinte esportiu que marquen un abans i un despr\u00e9s en les sensacions del p\u00fablic.\" \/>\n<meta property=\"og:url\" content=\"https:\/\/eikonos.com\/ca\/blog\/quines-instalacions-audiovisuals-has-de-tenir-en-compte-en-un-recinte-esportiu\/\" \/>\n<meta property=\"og:site_name\" content=\"EIKONOS\" \/>\n<meta property=\"article:publisher\" content=\"http:\/\/www.facebook.com\/pages\/Eikonos\/176324785746790\" \/>\n<meta property=\"article:published_time\" content=\"2017-10-17T09:57:01+00:00\" \/>\n<meta property=\"og:image\" content=\"https:\/\/eikonos.com\/wp-content\/uploads\/2017\/12\/Eikonos147.jpg\" \/>\n\t<meta property=\"og:image:width\" content=\"674\" \/>\n\t<meta property=\"og:image:height\" content=\"426\" \/>\n\t<meta property=\"og:image:type\" content=\"image\/jpeg\" \/>\n<meta name=\"author\" content=\"Xavi Eikonos\" \/>\n<meta name=\"twitter:card\" content=\"summary_large_image\" \/>\n<meta name=\"twitter:creator\" content=\"@eikonos_sa\" \/>\n<meta name=\"twitter:site\" content=\"@eikonos_sa\" \/>\n<meta name=\"twitter:label1\" content=\"Escrit per\" \/>\n\t<meta name=\"twitter:data1\" content=\"Xavi Eikonos\" \/>\n\t<meta name=\"twitter:label2\" content=\"Temps estimat de lectura\" \/>\n\t<meta name=\"twitter:data2\" content=\"3 minuts\" \/>\n<script type=\"application\/ld+json\" class=\"yoast-schema-graph\">{\"@context\":\"https:\/\/schema.org\",\"@graph\":[{\"@type\":\"Article\",\"@id\":\"https:\/\/eikonos.com\/ca\/blog\/quines-instalacions-audiovisuals-has-de-tenir-en-compte-en-un-recinte-esportiu\/#article\",\"isPartOf\":{\"@id\":\"https:\/\/eikonos.com\/ca\/blog\/quines-instalacions-audiovisuals-has-de-tenir-en-compte-en-un-recinte-esportiu\/\"},\"author\":{\"name\":\"Xavi Eikonos\",\"@id\":\"https:\/\/eikonos.com\/ca\/#\/schema\/person\/82032860cc314d826959b90595a5280a\"},\"headline\":\"Quines instal\u2022lacions audiovisuals has de tenir en compte en un recinte esportiu\",\"datePublished\":\"2017-10-17T09:57:01+00:00\",\"mainEntityOfPage\":{\"@id\":\"https:\/\/eikonos.com\/ca\/blog\/quines-instalacions-audiovisuals-has-de-tenir-en-compte-en-un-recinte-esportiu\/\"},\"wordCount\":615,\"commentCount\":0,\"publisher\":{\"@id\":\"https:\/\/eikonos.com\/ca\/#organization\"},\"image\":{\"@id\":\"https:\/\/eikonos.com\/ca\/blog\/quines-instalacions-audiovisuals-has-de-tenir-en-compte-en-un-recinte-esportiu\/#primaryimage\"},\"thumbnailUrl\":\"https:\/\/eikonos.com\/wp-content\/uploads\/2017\/12\/Eikonos147.jpg\",\"articleSection\":[\"Esdeveniments audiovisuals\"],\"inLanguage\":\"ca\",\"potentialAction\":[{\"@type\":\"CommentAction\",\"name\":\"Comment\",\"target\":[\"https:\/\/eikonos.com\/ca\/blog\/quines-instalacions-audiovisuals-has-de-tenir-en-compte-en-un-recinte-esportiu\/#respond\"]}]},{\"@type\":\"WebPage\",\"@id\":\"https:\/\/eikonos.com\/ca\/blog\/quines-instalacions-audiovisuals-has-de-tenir-en-compte-en-un-recinte-esportiu\/\",\"url\":\"https:\/\/eikonos.com\/ca\/blog\/quines-instalacions-audiovisuals-has-de-tenir-en-compte-en-un-recinte-esportiu\/\",\"name\":\"Instal\u00b7acions audiovisuals en un esdeveniment esportiu | EIKONOS\",\"isPartOf\":{\"@id\":\"https:\/\/eikonos.com\/ca\/#website\"},\"primaryImageOfPage\":{\"@id\":\"https:\/\/eikonos.com\/ca\/blog\/quines-instalacions-audiovisuals-has-de-tenir-en-compte-en-un-recinte-esportiu\/#primaryimage\"},\"image\":{\"@id\":\"https:\/\/eikonos.com\/ca\/blog\/quines-instalacions-audiovisuals-has-de-tenir-en-compte-en-un-recinte-esportiu\/#primaryimage\"},\"thumbnailUrl\":\"https:\/\/eikonos.com\/wp-content\/uploads\/2017\/12\/Eikonos147.jpg\",\"datePublished\":\"2017-10-17T09:57:01+00:00\",\"description\":\"T'expliquem quines s\u00f3n les instal\u00b7lacions audiovisuals en un recinte esportiu que marquen un abans i un despr\u00e9s en les sensacions del p\u00fablic.\",\"breadcrumb\":{\"@id\":\"https:\/\/eikonos.com\/ca\/blog\/quines-instalacions-audiovisuals-has-de-tenir-en-compte-en-un-recinte-esportiu\/#breadcrumb\"},\"inLanguage\":\"ca\",\"potentialAction\":[{\"@type\":\"ReadAction\",\"target\":[\"https:\/\/eikonos.com\/ca\/blog\/quines-instalacions-audiovisuals-has-de-tenir-en-compte-en-un-recinte-esportiu\/\"]}]},{\"@type\":\"ImageObject\",\"inLanguage\":\"ca\",\"@id\":\"https:\/\/eikonos.com\/ca\/blog\/quines-instalacions-audiovisuals-has-de-tenir-en-compte-en-un-recinte-esportiu\/#primaryimage\",\"url\":\"https:\/\/eikonos.com\/wp-content\/uploads\/2017\/12\/Eikonos147.jpg\",\"contentUrl\":\"https:\/\/eikonos.com\/wp-content\/uploads\/2017\/12\/Eikonos147.jpg\",\"width\":674,\"height\":426},{\"@type\":\"BreadcrumbList\",\"@id\":\"https:\/\/eikonos.com\/ca\/blog\/quines-instalacions-audiovisuals-has-de-tenir-en-compte-en-un-recinte-esportiu\/#breadcrumb\",\"itemListElement\":[{\"@type\":\"ListItem\",\"position\":1,\"name\":\"EIKONOS\",\"item\":\"https:\/\/eikonos.com\/ca\/inici\/\"},{\"@type\":\"ListItem\",\"position\":2,\"name\":\"Quines instal\u2022lacions audiovisuals has de tenir en compte en un recinte esportiu\"}]},{\"@type\":\"WebSite\",\"@id\":\"https:\/\/eikonos.com\/ca\/#website\",\"url\":\"https:\/\/eikonos.com\/ca\/\",\"name\":\"EIKONOS\",\"description\":\"EXPERIENCIA AUDIOVISUAL\",\"publisher\":{\"@id\":\"https:\/\/eikonos.com\/ca\/#organization\"},\"potentialAction\":[{\"@type\":\"SearchAction\",\"target\":{\"@type\":\"EntryPoint\",\"urlTemplate\":\"https:\/\/eikonos.com\/ca\/?s={search_term_string}\"},\"query-input\":{\"@type\":\"PropertyValueSpecification\",\"valueRequired\":true,\"valueName\":\"search_term_string\"}}],\"inLanguage\":\"ca\"},{\"@type\":\"Organization\",\"@id\":\"https:\/\/eikonos.com\/ca\/#organization\",\"name\":\"EIKONOS | Servicios Audiovisuales, eventos y alquiler de equipos\",\"url\":\"https:\/\/eikonos.com\/ca\/\",\"logo\":{\"@type\":\"ImageObject\",\"inLanguage\":\"ca\",\"@id\":\"https:\/\/eikonos.com\/ca\/#\/schema\/logo\/image\/\",\"url\":\"https:\/\/eikonos.com\/wp-content\/uploads\/2020\/08\/logo-color.png\",\"contentUrl\":\"https:\/\/eikonos.com\/wp-content\/uploads\/2020\/08\/logo-color.png\",\"width\":376,\"height\":122,\"caption\":\"EIKONOS | Servicios Audiovisuales, eventos y alquiler de equipos\"},\"image\":{\"@id\":\"https:\/\/eikonos.com\/ca\/#\/schema\/logo\/image\/\"},\"sameAs\":[\"http:\/\/www.facebook.com\/pages\/Eikonos\/176324785746790\",\"https:\/\/x.com\/eikonos_sa\",\"http:\/\/www.linkedin.com\/company\/eikonos\",\"http:\/\/www.youtube.com\/channel\/UC8wcizWaAYbfsuqVf9wIT6w\"]},{\"@type\":\"Person\",\"@id\":\"https:\/\/eikonos.com\/ca\/#\/schema\/person\/82032860cc314d826959b90595a5280a\",\"name\":\"Xavi Eikonos\",\"image\":{\"@type\":\"ImageObject\",\"inLanguage\":\"ca\",\"@id\":\"https:\/\/eikonos.com\/ca\/#\/schema\/person\/image\/\",\"url\":\"https:\/\/secure.gravatar.com\/avatar\/a6c6b51dd0ac6902701aab24a914f6febe1518f94a5ae06db08b3d6107248dfd?s=96&d=mm&r=g\",\"contentUrl\":\"https:\/\/secure.gravatar.com\/avatar\/a6c6b51dd0ac6902701aab24a914f6febe1518f94a5ae06db08b3d6107248dfd?s=96&d=mm&r=g\",\"caption\":\"Xavi Eikonos\"}}]}<\/script>\n<!-- \/ Yoast SEO plugin. -->","yoast_head_json":{"title":"Instal\u00b7acions audiovisuals en un esdeveniment esportiu | EIKONOS","description":"T'expliquem quines s\u00f3n les instal\u00b7lacions audiovisuals en un recinte esportiu que marquen un abans i un despr\u00e9s en les sensacions del p\u00fablic.","robots":{"index":"index","follow":"follow","max-snippet":"max-snippet:-1","max-image-preview":"max-image-preview:large","max-video-preview":"max-video-preview:-1"},"canonical":"https:\/\/eikonos.com\/ca\/blog\/quines-instalacions-audiovisuals-has-de-tenir-en-compte-en-un-recinte-esportiu\/","og_locale":"ca_ES","og_type":"article","og_title":"Instal\u00b7acions audiovisuals en un esdeveniment esportiu | EIKONOS","og_description":"T'expliquem quines s\u00f3n les instal\u00b7lacions audiovisuals en un recinte esportiu que marquen un abans i un despr\u00e9s en les sensacions del p\u00fablic.","og_url":"https:\/\/eikonos.com\/ca\/blog\/quines-instalacions-audiovisuals-has-de-tenir-en-compte-en-un-recinte-esportiu\/","og_site_name":"EIKONOS","article_publisher":"http:\/\/www.facebook.com\/pages\/Eikonos\/176324785746790","article_published_time":"2017-10-17T09:57:01+00:00","og_image":[{"width":674,"height":426,"url":"https:\/\/eikonos.com\/wp-content\/uploads\/2017\/12\/Eikonos147.jpg","type":"image\/jpeg"}],"author":"Xavi Eikonos","twitter_card":"summary_large_image","twitter_creator":"@eikonos_sa","twitter_site":"@eikonos_sa","twitter_misc":{"Escrit per":"Xavi Eikonos","Temps estimat de lectura":"3 minuts"},"schema":{"@context":"https:\/\/schema.org","@graph":[{"@type":"Article","@id":"https:\/\/eikonos.com\/ca\/blog\/quines-instalacions-audiovisuals-has-de-tenir-en-compte-en-un-recinte-esportiu\/#article","isPartOf":{"@id":"https:\/\/eikonos.com\/ca\/blog\/quines-instalacions-audiovisuals-has-de-tenir-en-compte-en-un-recinte-esportiu\/"},"author":{"name":"Xavi Eikonos","@id":"https:\/\/eikonos.com\/ca\/#\/schema\/person\/82032860cc314d826959b90595a5280a"},"headline":"Quines instal\u2022lacions audiovisuals has de tenir en compte en un recinte esportiu","datePublished":"2017-10-17T09:57:01+00:00","mainEntityOfPage":{"@id":"https:\/\/eikonos.com\/ca\/blog\/quines-instalacions-audiovisuals-has-de-tenir-en-compte-en-un-recinte-esportiu\/"},"wordCount":615,"commentCount":0,"publisher":{"@id":"https:\/\/eikonos.com\/ca\/#organization"},"image":{"@id":"https:\/\/eikonos.com\/ca\/blog\/quines-instalacions-audiovisuals-has-de-tenir-en-compte-en-un-recinte-esportiu\/#primaryimage"},"thumbnailUrl":"https:\/\/eikonos.com\/wp-content\/uploads\/2017\/12\/Eikonos147.jpg","articleSection":["Esdeveniments audiovisuals"],"inLanguage":"ca","potentialAction":[{"@type":"CommentAction","name":"Comment","target":["https:\/\/eikonos.com\/ca\/blog\/quines-instalacions-audiovisuals-has-de-tenir-en-compte-en-un-recinte-esportiu\/#respond"]}]},{"@type":"WebPage","@id":"https:\/\/eikonos.com\/ca\/blog\/quines-instalacions-audiovisuals-has-de-tenir-en-compte-en-un-recinte-esportiu\/","url":"https:\/\/eikonos.com\/ca\/blog\/quines-instalacions-audiovisuals-has-de-tenir-en-compte-en-un-recinte-esportiu\/","name":"Instal\u00b7acions audiovisuals en un esdeveniment esportiu | EIKONOS","isPartOf":{"@id":"https:\/\/eikonos.com\/ca\/#website"},"primaryImageOfPage":{"@id":"https:\/\/eikonos.com\/ca\/blog\/quines-instalacions-audiovisuals-has-de-tenir-en-compte-en-un-recinte-esportiu\/#primaryimage"},"image":{"@id":"https:\/\/eikonos.com\/ca\/blog\/quines-instalacions-audiovisuals-has-de-tenir-en-compte-en-un-recinte-esportiu\/#primaryimage"},"thumbnailUrl":"https:\/\/eikonos.com\/wp-content\/uploads\/2017\/12\/Eikonos147.jpg","datePublished":"2017-10-17T09:57:01+00:00","description":"T'expliquem quines s\u00f3n les instal\u00b7lacions audiovisuals en un recinte esportiu que marquen un abans i un despr\u00e9s en les sensacions del p\u00fablic.","breadcrumb":{"@id":"https:\/\/eikonos.com\/ca\/blog\/quines-instalacions-audiovisuals-has-de-tenir-en-compte-en-un-recinte-esportiu\/#breadcrumb"},"inLanguage":"ca","potentialAction":[{"@type":"ReadAction","target":["https:\/\/eikonos.com\/ca\/blog\/quines-instalacions-audiovisuals-has-de-tenir-en-compte-en-un-recinte-esportiu\/"]}]},{"@type":"ImageObject","inLanguage":"ca","@id":"https:\/\/eikonos.com\/ca\/blog\/quines-instalacions-audiovisuals-has-de-tenir-en-compte-en-un-recinte-esportiu\/#primaryimage","url":"https:\/\/eikonos.com\/wp-content\/uploads\/2017\/12\/Eikonos147.jpg","contentUrl":"https:\/\/eikonos.com\/wp-content\/uploads\/2017\/12\/Eikonos147.jpg","width":674,"height":426},{"@type":"BreadcrumbList","@id":"https:\/\/eikonos.com\/ca\/blog\/quines-instalacions-audiovisuals-has-de-tenir-en-compte-en-un-recinte-esportiu\/#breadcrumb","itemListElement":[{"@type":"ListItem","position":1,"name":"EIKONOS","item":"https:\/\/eikonos.com\/ca\/inici\/"},{"@type":"ListItem","position":2,"name":"Quines instal\u2022lacions audiovisuals has de tenir en compte en un recinte esportiu"}]},{"@type":"WebSite","@id":"https:\/\/eikonos.com\/ca\/#website","url":"https:\/\/eikonos.com\/ca\/","name":"EIKONOS","description":"EXPERIENCIA AUDIOVISUAL","publisher":{"@id":"https:\/\/eikonos.com\/ca\/#organization"},"potentialAction":[{"@type":"SearchAction","target":{"@type":"EntryPoint","urlTemplate":"https:\/\/eikonos.com\/ca\/?s={search_term_string}"},"query-input":{"@type":"PropertyValueSpecification","valueRequired":true,"valueName":"search_term_string"}}],"inLanguage":"ca"},{"@type":"Organization","@id":"https:\/\/eikonos.com\/ca\/#organization","name":"EIKONOS | Servicios Audiovisuales, eventos y alquiler de equipos","url":"https:\/\/eikonos.com\/ca\/","logo":{"@type":"ImageObject","inLanguage":"ca","@id":"https:\/\/eikonos.com\/ca\/#\/schema\/logo\/image\/","url":"https:\/\/eikonos.com\/wp-content\/uploads\/2020\/08\/logo-color.png","contentUrl":"https:\/\/eikonos.com\/wp-content\/uploads\/2020\/08\/logo-color.png","width":376,"height":122,"caption":"EIKONOS | Servicios Audiovisuales, eventos y alquiler de equipos"},"image":{"@id":"https:\/\/eikonos.com\/ca\/#\/schema\/logo\/image\/"},"sameAs":["http:\/\/www.facebook.com\/pages\/Eikonos\/176324785746790","https:\/\/x.com\/eikonos_sa","http:\/\/www.linkedin.com\/company\/eikonos","http:\/\/www.youtube.com\/channel\/UC8wcizWaAYbfsuqVf9wIT6w"]},{"@type":"Person","@id":"https:\/\/eikonos.com\/ca\/#\/schema\/person\/82032860cc314d826959b90595a5280a","name":"Xavi Eikonos","image":{"@type":"ImageObject","inLanguage":"ca","@id":"https:\/\/eikonos.com\/ca\/#\/schema\/person\/image\/","url":"https:\/\/secure.gravatar.com\/avatar\/a6c6b51dd0ac6902701aab24a914f6febe1518f94a5ae06db08b3d6107248dfd?s=96&d=mm&r=g","contentUrl":"https:\/\/secure.gravatar.com\/avatar\/a6c6b51dd0ac6902701aab24a914f6febe1518f94a5ae06db08b3d6107248dfd?s=96&d=mm&r=g","caption":"Xavi Eikonos"}}]}},"_links":{"self":[{"href":"https:\/\/eikonos.com\/ca\/wp-json\/wp\/v2\/posts\/4774","targetHints":{"allow":["GET"]}}],"collection":[{"href":"https:\/\/eikonos.com\/ca\/wp-json\/wp\/v2\/posts"}],"about":[{"href":"https:\/\/eikonos.com\/ca\/wp-json\/wp\/v2\/types\/post"}],"author":[{"embeddable":true,"href":"https:\/\/eikonos.com\/ca\/wp-json\/wp\/v2\/users\/6"}],"replies":[{"embeddable":true,"href":"https:\/\/eikonos.com\/ca\/wp-json\/wp\/v2\/comments?post=4774"}],"version-history":[{"count":0,"href":"https:\/\/eikonos.com\/ca\/wp-json\/wp\/v2\/posts\/4774\/revisions"}],"wp:featuredmedia":[{"embeddable":true,"href":"https:\/\/eikonos.com\/ca\/wp-json\/wp\/v2\/media\/4763"}],"wp:attachment":[{"href":"https:\/\/eikonos.com\/ca\/wp-json\/wp\/v2\/media?parent=4774"}],"wp:term":[{"taxonomy":"category","embeddable":true,"href":"https:\/\/eikonos.com\/ca\/wp-json\/wp\/v2\/categories?post=4774"},{"taxonomy":"post_tag","embeddable":true,"href":"https:\/\/eikonos.com\/ca\/wp-json\/wp\/v2\/tags?post=4774"}],"curies":[{"name":"wp","href":"https:\/\/api.w.org\/{rel}","templated":true}]}}