{"id":4740,"date":"2017-11-07T14:15:21","date_gmt":"2017-11-07T13:15:21","guid":{"rendered":"http:\/\/eikonos.com\/?p=4740"},"modified":"2023-01-30T18:49:41","modified_gmt":"2023-01-30T18:49:41","slug":"el-disseny-grafic-un-suport-per-transmetre-la-nostra-identitat-en-esdeveniments-corporatius","status":"publish","type":"post","link":"https:\/\/eikonos.com\/ca\/blog\/el-disseny-grafic-un-suport-per-transmetre-la-nostra-identitat-en-esdeveniments-corporatius\/","title":{"rendered":"El disseny gr\u00e0fic, un suport per transmetre la nostra identitat en esdeveniments corporatius"},"content":{"rendered":"<p>Una imatge val m\u00e9s que mil paraules. La teva imatge corporativa parla de tu, dels teus valors, dels teus objectius, de la teva empresa.<\/p>\n<p>La identitat corporativa comen\u00e7a en el logotip i despr\u00e9s arriba la tipografia, els colors escollits, les seves aplicacions, com s\u2019utilitza en diferents materials com paper, cartellera, packaging, merchandising, v\u00eddeos, contingut audiovisual.<\/p>\n<p>Cada un d\u2019ells ha de generar confian\u00e7a, seguretat i l\u2019empatia necess\u00e0ria per a que el client contacti amb tu. D\u2019aqu\u00ed que sigui tan important el\u00a0<a href=\"https:\/\/eikonos.com\/servicios\/eventos-audiovisuales\/\">disseny gr\u00e0fic en els esdeveniments corporatius.\u00a0<\/a><\/p>\n<p>&nbsp;<\/p>\n<h2><span style=\"color: #ff0000;\">El concepte gr\u00e0fic i el seu paper en els esdeveniments d&#8217;empresa\u00a0<\/span><\/h2>\n<p><span lang=\"CA\">\u00c9s indubtable que la imatge hagi de ser cuidada de manera escrupolosa. No hi ha excepci\u00f3 quan el nostre objectiu \u00e9s\u00a0<\/span>organitzar un esdeveniment.<\/p>\n<p>Es recomana <strong>confiar en una empresa experta en el disseny d\u2019esdeveniments <\/strong>per a que ens ajudi a crear un concepte i fer-lo extensible a tots els elements que conformen l\u2019acci\u00f3 corporativa que programem. Hem d\u2019entendre aquest projecte com un tot integrat amb el que puguem crear el nostre propi univers corporatiu, una <strong>homogene\u00eftat gr\u00e0fica <\/strong>entre la imatge corporativa preexistent i la identitat singular de l\u2019esdeveniment.<\/p>\n<h2><\/h2>\n<p>&nbsp;<\/p>\n<h2><span style=\"color: #ff0000;\">Quins elements tenir en compte a nivell gr\u00e0fic<\/span><\/h2>\n<p><strong>Auditoria de disseny. <\/strong>Tots som capa\u00e7os d\u2019identificar quan un disseny \u00e9s bonic i quan no ho \u00e9s. De fet, acostumem valorar molt positivament aquelles creacions que entenem com a belles per\u00f2 no sabr\u00edem dir exactament per qu\u00e8. Darrere els encert no est\u00e0 la casualitat. Es troba el treball d\u2019una ag\u00e8ncia amb experi\u00e8ncia i que \u00e9s capa\u00e7 d\u2019entendre i transmetre el que la teva empresa necessita.<\/p>\n<p>&nbsp;<\/p>\n<p><strong>Naming<\/strong>. La creativitat \u00e9s important i ja hem d\u2019aplicar-la correctament (i amb criteri) a l\u2019hora d\u2019escollir el nom per la nostra cita corporativa, potser no canvies cada any la seva denominaci\u00f3, per\u00f2 s\u00ed el <em>claim. <\/em>En qualsevol cas, \u00e9s moment de pensar i dibuixar mentalment abans qu\u00e8 volem transmetre per plasmar-ho en dos o tres paraules amb impacte.<\/p>\n<p><strong>\u00a0<\/strong><\/p>\n<p><strong>Disseny de logo espec\u00edfic per a l\u2019esdeveniment. <\/strong>Si celebreu un aniversari o una convenci\u00f3 anual, \u00e9s com\u00fa realitzar un logo propi pel moment. Perqu\u00e8 hi ha molt a celebrar, per a que els convidats es sentin especials, per aportar exclusivitat al moment&#8230; cada detall compte.<\/p>\n<p><strong>\u00a0<\/strong><\/p>\n<p><strong>Ressoluci\u00f3 del material gr\u00e0fic. <\/strong>\u00c9s imprescindible que tot el contingut gr\u00e0fic (imatges, v\u00eddeos, il\u00b7lustracions&#8230;) compti amb la m\u00e0xima qualitat i ressoluci\u00f3, especialment en les impressions de gran format. Mostrar en la gran pantalla un element pixelat perjudica la professional del nostre esdeveniment. M\u00e9s val no utilitzar aquesta imatge que tenim en ment, si no compleix amb els m\u00ednims de qualitat.<\/p>\n<p>&nbsp;<\/p>\n<p><strong>Difusi\u00f3 d\u2019informaci\u00f3 corporativa. <\/strong>S pot entregar als assistents en format digital a trav\u00e9s d\u2019un pendrive o facilitar aquesta informaci\u00f3 a trav\u00e9s de iCloud. Pensa que un document escrit dens, potser, mai s\u2019arribi a llegir.<\/p>\n<p>&nbsp;<\/p>\n<p><strong>Material audiovisual ad hoc per a l\u2019esdeveniment.<\/strong> Ja has pensat en tot l\u2019equip necessari? Tingues en compte el tipus d\u2019esdeveniment, l\u2019espai i els recursos disponibles per contractar el servei de lloguer de material audiovisual de forma efectiva. Ser\u00e0 necess\u00e0ria una pantalla gegant o v\u00e0ries? Qu\u00e8 tal si \u00e9s LED? Quin ser\u00e0 el nostre equip d\u2019il\u00b7luminaci\u00f3? I de so?<\/p>\n<p>&nbsp;<\/p>\n<p><strong>A EIKONOS t\u2019oferim un servei integral <\/strong>per a que deixis en mans d\u2019experts la complexitat que suposa la tasca d\u2019escollir l\u2019equip audiovisual complet m\u00e9s \u00f2ptim.<\/p>\n<p><strong><em>Parlem!<\/em><\/strong><\/p>\n<p><img loading=\"lazy\" decoding=\"async\" class=\"aligncenter wp-image-4120 size-full\" title=\"EIKONOS servicios audiovisuales para eventos\" src=\"https:\/\/eikonos.com\/wp-content\/uploads\/2017\/05\/eikonos-cta-organitzacio-esdeveniments-audiovisuals.png\" alt=\"EIKONOS serveis audiovisuals per a esdeveniments\" width=\"741\" height=\"250\" srcset=\"https:\/\/eikonos.com\/wp-content\/uploads\/2017\/05\/eikonos-cta-organitzacio-esdeveniments-audiovisuals.png 741w, https:\/\/eikonos.com\/wp-content\/uploads\/2017\/05\/eikonos-cta-organitzacio-esdeveniments-audiovisuals-300x101.png 300w\" sizes=\"auto, (max-width: 741px) 100vw, 741px\" \/><\/p>\n<p>&nbsp;<\/p>\n","protected":false},"excerpt":{"rendered":"<p>Una imatge val m\u00e9s que mil paraules. La teva imatge corporativa parla de tu, dels&#8230;<\/p>\n","protected":false},"author":6,"featured_media":4698,"comment_status":"open","ping_status":"open","sticky":false,"template":"","format":"standard","meta":{"_acf_changed":false,"footnotes":""},"categories":[1],"tags":[],"class_list":["post-4740","post","type-post","status-publish","format-standard","has-post-thumbnail","hentry","category-sin-categorizar"],"acf":[],"yoast_head":"<!-- This site is optimized with the Yoast SEO plugin v26.3 - https:\/\/yoast.com\/wordpress\/plugins\/seo\/ -->\n<title>El paper del disseny gr\u00e0fic en esdeveniments corporatius | EIKONOS<\/title>\n<meta name=\"description\" content=\"El disseny gr\u00e0fic en esdeveniments corporatius \u00e9s una eina essencial de comunicaci\u00f3. t&#039;expliquem quins elements hem de tenir en comtpe a nivell gr\u00e0fic.\" \/>\n<meta name=\"robots\" content=\"index, follow, max-snippet:-1, max-image-preview:large, max-video-preview:-1\" \/>\n<link rel=\"canonical\" href=\"https:\/\/eikonos.com\/ca\/blog\/el-disseny-grafic-un-suport-per-transmetre-la-nostra-identitat-en-esdeveniments-corporatius\/\" \/>\n<meta property=\"og:locale\" content=\"ca_ES\" \/>\n<meta property=\"og:type\" content=\"article\" \/>\n<meta property=\"og:title\" content=\"El paper del disseny gr\u00e0fic en esdeveniments corporatius | EIKONOS\" \/>\n<meta property=\"og:description\" content=\"El disseny gr\u00e0fic en esdeveniments corporatius \u00e9s una eina essencial de comunicaci\u00f3. t&#039;expliquem quins elements hem de tenir en comtpe a nivell gr\u00e0fic.\" \/>\n<meta property=\"og:url\" content=\"https:\/\/eikonos.com\/ca\/blog\/el-disseny-grafic-un-suport-per-transmetre-la-nostra-identitat-en-esdeveniments-corporatius\/\" \/>\n<meta property=\"og:site_name\" content=\"EIKONOS\" \/>\n<meta property=\"article:publisher\" content=\"http:\/\/www.facebook.com\/pages\/Eikonos\/176324785746790\" \/>\n<meta property=\"article:published_time\" content=\"2017-11-07T13:15:21+00:00\" \/>\n<meta property=\"article:modified_time\" content=\"2023-01-30T18:49:41+00:00\" \/>\n<meta property=\"og:image\" content=\"https:\/\/eikonos.com\/wp-content\/uploads\/2017\/11\/EIKONOS-149.jpg\" \/>\n\t<meta property=\"og:image:width\" content=\"1980\" \/>\n\t<meta property=\"og:image:height\" content=\"1183\" \/>\n\t<meta property=\"og:image:type\" content=\"image\/jpeg\" \/>\n<meta name=\"author\" content=\"Xavi Eikonos\" \/>\n<meta name=\"twitter:card\" content=\"summary_large_image\" \/>\n<meta name=\"twitter:creator\" content=\"@eikonos_sa\" \/>\n<meta name=\"twitter:site\" content=\"@eikonos_sa\" \/>\n<meta name=\"twitter:label1\" content=\"Escrit per\" \/>\n\t<meta name=\"twitter:data1\" content=\"Xavi Eikonos\" \/>\n\t<meta name=\"twitter:label2\" content=\"Temps estimat de lectura\" \/>\n\t<meta name=\"twitter:data2\" content=\"3 minuts\" \/>\n<script type=\"application\/ld+json\" class=\"yoast-schema-graph\">{\"@context\":\"https:\/\/schema.org\",\"@graph\":[{\"@type\":\"Article\",\"@id\":\"https:\/\/eikonos.com\/ca\/blog\/el-disseny-grafic-un-suport-per-transmetre-la-nostra-identitat-en-esdeveniments-corporatius\/#article\",\"isPartOf\":{\"@id\":\"https:\/\/eikonos.com\/ca\/blog\/el-disseny-grafic-un-suport-per-transmetre-la-nostra-identitat-en-esdeveniments-corporatius\/\"},\"author\":{\"name\":\"Xavi Eikonos\",\"@id\":\"https:\/\/eikonos.com\/ca\/#\/schema\/person\/82032860cc314d826959b90595a5280a\"},\"headline\":\"El disseny gr\u00e0fic, un suport per transmetre la nostra identitat en esdeveniments corporatius\",\"datePublished\":\"2017-11-07T13:15:21+00:00\",\"dateModified\":\"2023-01-30T18:49:41+00:00\",\"mainEntityOfPage\":{\"@id\":\"https:\/\/eikonos.com\/ca\/blog\/el-disseny-grafic-un-suport-per-transmetre-la-nostra-identitat-en-esdeveniments-corporatius\/\"},\"wordCount\":618,\"commentCount\":0,\"publisher\":{\"@id\":\"https:\/\/eikonos.com\/ca\/#organization\"},\"image\":{\"@id\":\"https:\/\/eikonos.com\/ca\/blog\/el-disseny-grafic-un-suport-per-transmetre-la-nostra-identitat-en-esdeveniments-corporatius\/#primaryimage\"},\"thumbnailUrl\":\"https:\/\/eikonos.com\/wp-content\/uploads\/2017\/11\/EIKONOS-149.jpg\",\"articleSection\":[\"Sin categorizar\"],\"inLanguage\":\"ca\",\"potentialAction\":[{\"@type\":\"CommentAction\",\"name\":\"Comment\",\"target\":[\"https:\/\/eikonos.com\/ca\/blog\/el-disseny-grafic-un-suport-per-transmetre-la-nostra-identitat-en-esdeveniments-corporatius\/#respond\"]}]},{\"@type\":\"WebPage\",\"@id\":\"https:\/\/eikonos.com\/ca\/blog\/el-disseny-grafic-un-suport-per-transmetre-la-nostra-identitat-en-esdeveniments-corporatius\/\",\"url\":\"https:\/\/eikonos.com\/ca\/blog\/el-disseny-grafic-un-suport-per-transmetre-la-nostra-identitat-en-esdeveniments-corporatius\/\",\"name\":\"El paper del disseny gr\u00e0fic en esdeveniments corporatius | EIKONOS\",\"isPartOf\":{\"@id\":\"https:\/\/eikonos.com\/ca\/#website\"},\"primaryImageOfPage\":{\"@id\":\"https:\/\/eikonos.com\/ca\/blog\/el-disseny-grafic-un-suport-per-transmetre-la-nostra-identitat-en-esdeveniments-corporatius\/#primaryimage\"},\"image\":{\"@id\":\"https:\/\/eikonos.com\/ca\/blog\/el-disseny-grafic-un-suport-per-transmetre-la-nostra-identitat-en-esdeveniments-corporatius\/#primaryimage\"},\"thumbnailUrl\":\"https:\/\/eikonos.com\/wp-content\/uploads\/2017\/11\/EIKONOS-149.jpg\",\"datePublished\":\"2017-11-07T13:15:21+00:00\",\"dateModified\":\"2023-01-30T18:49:41+00:00\",\"description\":\"El disseny gr\u00e0fic en esdeveniments corporatius \u00e9s una eina essencial de comunicaci\u00f3. t'expliquem quins elements hem de tenir en comtpe a nivell gr\u00e0fic.\",\"breadcrumb\":{\"@id\":\"https:\/\/eikonos.com\/ca\/blog\/el-disseny-grafic-un-suport-per-transmetre-la-nostra-identitat-en-esdeveniments-corporatius\/#breadcrumb\"},\"inLanguage\":\"ca\",\"potentialAction\":[{\"@type\":\"ReadAction\",\"target\":[\"https:\/\/eikonos.com\/ca\/blog\/el-disseny-grafic-un-suport-per-transmetre-la-nostra-identitat-en-esdeveniments-corporatius\/\"]}]},{\"@type\":\"ImageObject\",\"inLanguage\":\"ca\",\"@id\":\"https:\/\/eikonos.com\/ca\/blog\/el-disseny-grafic-un-suport-per-transmetre-la-nostra-identitat-en-esdeveniments-corporatius\/#primaryimage\",\"url\":\"https:\/\/eikonos.com\/wp-content\/uploads\/2017\/11\/EIKONOS-149.jpg\",\"contentUrl\":\"https:\/\/eikonos.com\/wp-content\/uploads\/2017\/11\/EIKONOS-149.jpg\",\"width\":1980,\"height\":1183,\"caption\":\"Dise\u00f1o gr\u00e1fico en eventos corporativos\"},{\"@type\":\"BreadcrumbList\",\"@id\":\"https:\/\/eikonos.com\/ca\/blog\/el-disseny-grafic-un-suport-per-transmetre-la-nostra-identitat-en-esdeveniments-corporatius\/#breadcrumb\",\"itemListElement\":[{\"@type\":\"ListItem\",\"position\":1,\"name\":\"EIKONOS\",\"item\":\"https:\/\/eikonos.com\/ca\/inici\/\"},{\"@type\":\"ListItem\",\"position\":2,\"name\":\"El disseny gr\u00e0fic, un suport per transmetre la nostra identitat en esdeveniments corporatius\"}]},{\"@type\":\"WebSite\",\"@id\":\"https:\/\/eikonos.com\/ca\/#website\",\"url\":\"https:\/\/eikonos.com\/ca\/\",\"name\":\"EIKONOS\",\"description\":\"EXPERIENCIA AUDIOVISUAL\",\"publisher\":{\"@id\":\"https:\/\/eikonos.com\/ca\/#organization\"},\"potentialAction\":[{\"@type\":\"SearchAction\",\"target\":{\"@type\":\"EntryPoint\",\"urlTemplate\":\"https:\/\/eikonos.com\/ca\/?s={search_term_string}\"},\"query-input\":{\"@type\":\"PropertyValueSpecification\",\"valueRequired\":true,\"valueName\":\"search_term_string\"}}],\"inLanguage\":\"ca\"},{\"@type\":\"Organization\",\"@id\":\"https:\/\/eikonos.com\/ca\/#organization\",\"name\":\"EIKONOS | Servicios Audiovisuales, eventos y alquiler de equipos\",\"url\":\"https:\/\/eikonos.com\/ca\/\",\"logo\":{\"@type\":\"ImageObject\",\"inLanguage\":\"ca\",\"@id\":\"https:\/\/eikonos.com\/ca\/#\/schema\/logo\/image\/\",\"url\":\"https:\/\/eikonos.com\/wp-content\/uploads\/2020\/08\/logo-color.png\",\"contentUrl\":\"https:\/\/eikonos.com\/wp-content\/uploads\/2020\/08\/logo-color.png\",\"width\":376,\"height\":122,\"caption\":\"EIKONOS | Servicios Audiovisuales, eventos y alquiler de equipos\"},\"image\":{\"@id\":\"https:\/\/eikonos.com\/ca\/#\/schema\/logo\/image\/\"},\"sameAs\":[\"http:\/\/www.facebook.com\/pages\/Eikonos\/176324785746790\",\"https:\/\/x.com\/eikonos_sa\",\"http:\/\/www.linkedin.com\/company\/eikonos\",\"http:\/\/www.youtube.com\/channel\/UC8wcizWaAYbfsuqVf9wIT6w\"]},{\"@type\":\"Person\",\"@id\":\"https:\/\/eikonos.com\/ca\/#\/schema\/person\/82032860cc314d826959b90595a5280a\",\"name\":\"Xavi Eikonos\",\"image\":{\"@type\":\"ImageObject\",\"inLanguage\":\"ca\",\"@id\":\"https:\/\/eikonos.com\/ca\/#\/schema\/person\/image\/\",\"url\":\"https:\/\/secure.gravatar.com\/avatar\/a6c6b51dd0ac6902701aab24a914f6febe1518f94a5ae06db08b3d6107248dfd?s=96&d=mm&r=g\",\"contentUrl\":\"https:\/\/secure.gravatar.com\/avatar\/a6c6b51dd0ac6902701aab24a914f6febe1518f94a5ae06db08b3d6107248dfd?s=96&d=mm&r=g\",\"caption\":\"Xavi Eikonos\"}}]}<\/script>\n<!-- \/ Yoast SEO plugin. -->","yoast_head_json":{"title":"El paper del disseny gr\u00e0fic en esdeveniments corporatius | EIKONOS","description":"El disseny gr\u00e0fic en esdeveniments corporatius \u00e9s una eina essencial de comunicaci\u00f3. t'expliquem quins elements hem de tenir en comtpe a nivell gr\u00e0fic.","robots":{"index":"index","follow":"follow","max-snippet":"max-snippet:-1","max-image-preview":"max-image-preview:large","max-video-preview":"max-video-preview:-1"},"canonical":"https:\/\/eikonos.com\/ca\/blog\/el-disseny-grafic-un-suport-per-transmetre-la-nostra-identitat-en-esdeveniments-corporatius\/","og_locale":"ca_ES","og_type":"article","og_title":"El paper del disseny gr\u00e0fic en esdeveniments corporatius | EIKONOS","og_description":"El disseny gr\u00e0fic en esdeveniments corporatius \u00e9s una eina essencial de comunicaci\u00f3. t'expliquem quins elements hem de tenir en comtpe a nivell gr\u00e0fic.","og_url":"https:\/\/eikonos.com\/ca\/blog\/el-disseny-grafic-un-suport-per-transmetre-la-nostra-identitat-en-esdeveniments-corporatius\/","og_site_name":"EIKONOS","article_publisher":"http:\/\/www.facebook.com\/pages\/Eikonos\/176324785746790","article_published_time":"2017-11-07T13:15:21+00:00","article_modified_time":"2023-01-30T18:49:41+00:00","og_image":[{"width":1980,"height":1183,"url":"https:\/\/eikonos.com\/wp-content\/uploads\/2017\/11\/EIKONOS-149.jpg","type":"image\/jpeg"}],"author":"Xavi Eikonos","twitter_card":"summary_large_image","twitter_creator":"@eikonos_sa","twitter_site":"@eikonos_sa","twitter_misc":{"Escrit per":"Xavi Eikonos","Temps estimat de lectura":"3 minuts"},"schema":{"@context":"https:\/\/schema.org","@graph":[{"@type":"Article","@id":"https:\/\/eikonos.com\/ca\/blog\/el-disseny-grafic-un-suport-per-transmetre-la-nostra-identitat-en-esdeveniments-corporatius\/#article","isPartOf":{"@id":"https:\/\/eikonos.com\/ca\/blog\/el-disseny-grafic-un-suport-per-transmetre-la-nostra-identitat-en-esdeveniments-corporatius\/"},"author":{"name":"Xavi Eikonos","@id":"https:\/\/eikonos.com\/ca\/#\/schema\/person\/82032860cc314d826959b90595a5280a"},"headline":"El disseny gr\u00e0fic, un suport per transmetre la nostra identitat en esdeveniments corporatius","datePublished":"2017-11-07T13:15:21+00:00","dateModified":"2023-01-30T18:49:41+00:00","mainEntityOfPage":{"@id":"https:\/\/eikonos.com\/ca\/blog\/el-disseny-grafic-un-suport-per-transmetre-la-nostra-identitat-en-esdeveniments-corporatius\/"},"wordCount":618,"commentCount":0,"publisher":{"@id":"https:\/\/eikonos.com\/ca\/#organization"},"image":{"@id":"https:\/\/eikonos.com\/ca\/blog\/el-disseny-grafic-un-suport-per-transmetre-la-nostra-identitat-en-esdeveniments-corporatius\/#primaryimage"},"thumbnailUrl":"https:\/\/eikonos.com\/wp-content\/uploads\/2017\/11\/EIKONOS-149.jpg","articleSection":["Sin categorizar"],"inLanguage":"ca","potentialAction":[{"@type":"CommentAction","name":"Comment","target":["https:\/\/eikonos.com\/ca\/blog\/el-disseny-grafic-un-suport-per-transmetre-la-nostra-identitat-en-esdeveniments-corporatius\/#respond"]}]},{"@type":"WebPage","@id":"https:\/\/eikonos.com\/ca\/blog\/el-disseny-grafic-un-suport-per-transmetre-la-nostra-identitat-en-esdeveniments-corporatius\/","url":"https:\/\/eikonos.com\/ca\/blog\/el-disseny-grafic-un-suport-per-transmetre-la-nostra-identitat-en-esdeveniments-corporatius\/","name":"El paper del disseny gr\u00e0fic en esdeveniments corporatius | EIKONOS","isPartOf":{"@id":"https:\/\/eikonos.com\/ca\/#website"},"primaryImageOfPage":{"@id":"https:\/\/eikonos.com\/ca\/blog\/el-disseny-grafic-un-suport-per-transmetre-la-nostra-identitat-en-esdeveniments-corporatius\/#primaryimage"},"image":{"@id":"https:\/\/eikonos.com\/ca\/blog\/el-disseny-grafic-un-suport-per-transmetre-la-nostra-identitat-en-esdeveniments-corporatius\/#primaryimage"},"thumbnailUrl":"https:\/\/eikonos.com\/wp-content\/uploads\/2017\/11\/EIKONOS-149.jpg","datePublished":"2017-11-07T13:15:21+00:00","dateModified":"2023-01-30T18:49:41+00:00","description":"El disseny gr\u00e0fic en esdeveniments corporatius \u00e9s una eina essencial de comunicaci\u00f3. t'expliquem quins elements hem de tenir en comtpe a nivell gr\u00e0fic.","breadcrumb":{"@id":"https:\/\/eikonos.com\/ca\/blog\/el-disseny-grafic-un-suport-per-transmetre-la-nostra-identitat-en-esdeveniments-corporatius\/#breadcrumb"},"inLanguage":"ca","potentialAction":[{"@type":"ReadAction","target":["https:\/\/eikonos.com\/ca\/blog\/el-disseny-grafic-un-suport-per-transmetre-la-nostra-identitat-en-esdeveniments-corporatius\/"]}]},{"@type":"ImageObject","inLanguage":"ca","@id":"https:\/\/eikonos.com\/ca\/blog\/el-disseny-grafic-un-suport-per-transmetre-la-nostra-identitat-en-esdeveniments-corporatius\/#primaryimage","url":"https:\/\/eikonos.com\/wp-content\/uploads\/2017\/11\/EIKONOS-149.jpg","contentUrl":"https:\/\/eikonos.com\/wp-content\/uploads\/2017\/11\/EIKONOS-149.jpg","width":1980,"height":1183,"caption":"Dise\u00f1o gr\u00e1fico en eventos corporativos"},{"@type":"BreadcrumbList","@id":"https:\/\/eikonos.com\/ca\/blog\/el-disseny-grafic-un-suport-per-transmetre-la-nostra-identitat-en-esdeveniments-corporatius\/#breadcrumb","itemListElement":[{"@type":"ListItem","position":1,"name":"EIKONOS","item":"https:\/\/eikonos.com\/ca\/inici\/"},{"@type":"ListItem","position":2,"name":"El disseny gr\u00e0fic, un suport per transmetre la nostra identitat en esdeveniments corporatius"}]},{"@type":"WebSite","@id":"https:\/\/eikonos.com\/ca\/#website","url":"https:\/\/eikonos.com\/ca\/","name":"EIKONOS","description":"EXPERIENCIA AUDIOVISUAL","publisher":{"@id":"https:\/\/eikonos.com\/ca\/#organization"},"potentialAction":[{"@type":"SearchAction","target":{"@type":"EntryPoint","urlTemplate":"https:\/\/eikonos.com\/ca\/?s={search_term_string}"},"query-input":{"@type":"PropertyValueSpecification","valueRequired":true,"valueName":"search_term_string"}}],"inLanguage":"ca"},{"@type":"Organization","@id":"https:\/\/eikonos.com\/ca\/#organization","name":"EIKONOS | Servicios Audiovisuales, eventos y alquiler de equipos","url":"https:\/\/eikonos.com\/ca\/","logo":{"@type":"ImageObject","inLanguage":"ca","@id":"https:\/\/eikonos.com\/ca\/#\/schema\/logo\/image\/","url":"https:\/\/eikonos.com\/wp-content\/uploads\/2020\/08\/logo-color.png","contentUrl":"https:\/\/eikonos.com\/wp-content\/uploads\/2020\/08\/logo-color.png","width":376,"height":122,"caption":"EIKONOS | Servicios Audiovisuales, eventos y alquiler de equipos"},"image":{"@id":"https:\/\/eikonos.com\/ca\/#\/schema\/logo\/image\/"},"sameAs":["http:\/\/www.facebook.com\/pages\/Eikonos\/176324785746790","https:\/\/x.com\/eikonos_sa","http:\/\/www.linkedin.com\/company\/eikonos","http:\/\/www.youtube.com\/channel\/UC8wcizWaAYbfsuqVf9wIT6w"]},{"@type":"Person","@id":"https:\/\/eikonos.com\/ca\/#\/schema\/person\/82032860cc314d826959b90595a5280a","name":"Xavi Eikonos","image":{"@type":"ImageObject","inLanguage":"ca","@id":"https:\/\/eikonos.com\/ca\/#\/schema\/person\/image\/","url":"https:\/\/secure.gravatar.com\/avatar\/a6c6b51dd0ac6902701aab24a914f6febe1518f94a5ae06db08b3d6107248dfd?s=96&d=mm&r=g","contentUrl":"https:\/\/secure.gravatar.com\/avatar\/a6c6b51dd0ac6902701aab24a914f6febe1518f94a5ae06db08b3d6107248dfd?s=96&d=mm&r=g","caption":"Xavi Eikonos"}}]}},"_links":{"self":[{"href":"https:\/\/eikonos.com\/ca\/wp-json\/wp\/v2\/posts\/4740","targetHints":{"allow":["GET"]}}],"collection":[{"href":"https:\/\/eikonos.com\/ca\/wp-json\/wp\/v2\/posts"}],"about":[{"href":"https:\/\/eikonos.com\/ca\/wp-json\/wp\/v2\/types\/post"}],"author":[{"embeddable":true,"href":"https:\/\/eikonos.com\/ca\/wp-json\/wp\/v2\/users\/6"}],"replies":[{"embeddable":true,"href":"https:\/\/eikonos.com\/ca\/wp-json\/wp\/v2\/comments?post=4740"}],"version-history":[{"count":1,"href":"https:\/\/eikonos.com\/ca\/wp-json\/wp\/v2\/posts\/4740\/revisions"}],"predecessor-version":[{"id":9779,"href":"https:\/\/eikonos.com\/ca\/wp-json\/wp\/v2\/posts\/4740\/revisions\/9779"}],"wp:featuredmedia":[{"embeddable":true,"href":"https:\/\/eikonos.com\/ca\/wp-json\/wp\/v2\/media\/4698"}],"wp:attachment":[{"href":"https:\/\/eikonos.com\/ca\/wp-json\/wp\/v2\/media?parent=4740"}],"wp:term":[{"taxonomy":"category","embeddable":true,"href":"https:\/\/eikonos.com\/ca\/wp-json\/wp\/v2\/categories?post=4740"},{"taxonomy":"post_tag","embeddable":true,"href":"https:\/\/eikonos.com\/ca\/wp-json\/wp\/v2\/tags?post=4740"}],"curies":[{"name":"wp","href":"https:\/\/api.w.org\/{rel}","templated":true}]}}