{"id":4688,"date":"2017-10-10T10:15:37","date_gmt":"2017-10-10T08:15:37","guid":{"rendered":"http:\/\/eikonos.com\/?p=4688"},"modified":"2017-10-10T10:15:37","modified_gmt":"2017-10-10T08:15:37","slug":"la-versatilidad-de-las-pantalles-de-videowall-per-mostrar-contingut","status":"publish","type":"post","link":"https:\/\/eikonos.com\/ca\/blog\/la-versatilidad-de-las-pantalles-de-videowall-per-mostrar-contingut\/","title":{"rendered":"La versatilitat de les pantalles de videowall per mostrar contingut"},"content":{"rendered":"<p><span lang=\"CA\">En l\u2019era digital, el contingut \u00e9s el rei i no tenim cap dubte. Ens hem convertit en consumidors insaciables d\u2019informaci\u00f3 i no nom\u00e9s de manera escrita, si no en tots els formats, amb <b>gran prevalen\u00e7a del contingut audiovisual <\/b>des de l\u2019arribada de Internet i els nous canals de v\u00eddeo.<\/span><\/p>\n<p><span lang=\"CA\">Creem i compartim contingut com mai ho hav\u00edem fet. Tamb\u00e9 els espectacles i els esdeveniments s\u2019han tornat m\u00e9s sofisticats per atendre les necessitats d\u2019un publicada cop m\u00e9s exigent. <\/span><\/p>\n<p><span lang=\"CA\">Com sorprendre visualment a un usuari que cada dia rep milions d\u2019impactes en diferents suports? Quina capacitat d\u2019innovar queda encara en el camp de les presentacions audiovisuals. Avui a Eikonos et mostrem les <\/span><a href=\"https:\/\/eikonos.com\/portfolio_page\/videowalls\/\">pantalles de videowall desestructurat<\/a><strong>\u00a0c<b><span lang=\"CA\">om una gran finestra que s\u2019obre per mostrar-nos el contingut audiovisual de manera atractiva.\u00a0<\/span><\/b><\/strong><\/p>\n<h2><span style=\"color: #ff0000;\">Videowall desestructurat, de qu\u00e8 estem parlant?<\/span><\/h2>\n<p><span lang=\"CA\">Quan parlem de <b>videowall desestructurat <\/b>fem refer\u00e8ncia a la tecnologia que trenca amb les estructures de composici\u00f3 d\u2019aquests tipus de pantalles com les que hav\u00edem vist fins al moment. <\/span><\/p>\n<p><span lang=\"CA\">Les pantalles videowall ja no es presenten de 2&#215;2 o 3&#215;3 si no que es <b>col\u00b7loquen de manera aleat\u00f2ria i es desordena per crear un efecte visual molt m\u00e9s impactant <\/b>i que genera sensacions diferents al p\u00fablic.<\/span><\/p>\n<p><span lang=\"CA\">El seu impacte les converteix en m\u00e9s atractives que les pantalles standard i, a llarg termini, s\u00f3n m\u00e9s vers\u00e0tils a m\u00e9s d\u2019oferir majors opcions que les presentacions audiovisuals tradicionals.\u00a0<\/span><\/p>\n<h2><span style=\"color: #ff0000;\">Propagaci\u00f3 de continguts sota control<\/span><\/h2>\n<p><span lang=\"CA\">El <b>videowall desestructurat <\/b>permet la\u00a0<\/span><a href=\"https:\/\/eikonos.com\/ca\/blog\/category\/creacio-de-continguts\/\">creaci\u00f3 i programaci\u00f3 de contingut<\/a>\u00a0a trav\u00e9s d\u2019un <b>software de gesti\u00f3 que ens permet \u00a0controlar la informaci\u00f3 mostrada en cada font de contingut audiovisual. <\/b>En el cas d\u2019Eikonos treballem amb el software <i>Watchout <\/i>de la firma Dataton, el qual aporta major facilitat d\u2019\u00fas en el complexa m\u00f3n dels sistemes de control.<\/p>\n<p><span lang=\"CA\">Les funcionalitats s\u00f3n tan vers\u00e0tils que es poden programar imatge i v\u00eddeos de forma aleat\u00f2ria en cada caixa, crear jocs de formes, capes de texts, imatges, flash, html din\u00e0mic&#8230;<\/span><\/p>\n<h2><span style=\"color: #ff0000;\">Qui pot aprofitar la versatilitat d&#8217;un videowall?<\/span><\/h2>\n<p><strong><span lang=\"CA\">Qualsevol empresa que busqui crear un gran impacte al p\u00fablic <\/span><\/strong><span lang=\"CA\">al seu espai corporatiu (ja sigui una exposici\u00f3, un stand o un esdeveniment=.<\/span><\/p>\n<p><span lang=\"CA\">Especialment en els stands, el videowall \u2013 tan en format standard com un desestructurat \u2013 no passar\u00e0 desapercebut i podem aprofitar per presentar-nos de manera creativa davant de possibles futurs clients.<\/span><\/p>\n<p><span lang=\"CA\">Desitges participar amb la teva empresa en una fira o congr\u00e9s i vols sorprendre amb un visionat diferent tant en el contingut com en la seva forma? Consulta a l\u2019equip d\u2019Eikonos. T\u2019assessoraran sobre les millors solucions per a cada ocasi\u00f3, amb la finalitat d\u2019aconseguir els teus amb la millor resposta t\u00e8cnica i sense preocupacions. <\/span><strong><i><span lang=\"CA\">Parlem!<\/span><\/i><\/strong><\/p>\n<p><img loading=\"lazy\" decoding=\"async\" class=\"aligncenter wp-image-4119 size-full\" title=\"Equipos Audiovisuales de alquiler con EIKONOS\" src=\"https:\/\/eikonos.com\/wp-content\/uploads\/2017\/05\/eikonos-cta-equips-audiovisuals-de-lloguer.png\" alt=\"\" width=\"741\" height=\"250\" srcset=\"https:\/\/eikonos.com\/wp-content\/uploads\/2017\/05\/eikonos-cta-equips-audiovisuals-de-lloguer.png 741w, https:\/\/eikonos.com\/wp-content\/uploads\/2017\/05\/eikonos-cta-equips-audiovisuals-de-lloguer-300x101.png 300w\" sizes=\"auto, (max-width: 741px) 100vw, 741px\" \/><\/p>\n<p>&nbsp;<\/p>\n","protected":false},"excerpt":{"rendered":"<p>En l\u2019era digital, el contingut \u00e9s el rei i no tenim cap dubte. Ens hem&#8230;<\/p>\n","protected":false},"author":6,"featured_media":4673,"comment_status":"open","ping_status":"open","sticky":false,"template":"","format":"standard","meta":{"_acf_changed":false,"footnotes":""},"categories":[262],"tags":[264],"class_list":["post-4688","post","type-post","status-publish","format-standard","has-post-thumbnail","hentry","category-lloguer-dequips","tag-videowall-ca"],"acf":[],"yoast_head":"<!-- This site is optimized with the Yoast SEO plugin v26.3 - https:\/\/yoast.com\/wordpress\/plugins\/seo\/ -->\n<title>Pantalles de videowall per mostrar contingut - Eikonos<\/title>\n<meta name=\"description\" content=\"Les pantalles de videowall desestructurat \u00f3n vers\u00e0tils i crean un efecto visual m\u00e9s impactant que altres presentacions audiovisuals tradicionals.\" \/>\n<meta name=\"robots\" content=\"index, follow, max-snippet:-1, max-image-preview:large, max-video-preview:-1\" \/>\n<link rel=\"canonical\" href=\"https:\/\/eikonos.com\/ca\/blog\/la-versatilidad-de-las-pantalles-de-videowall-per-mostrar-contingut\/\" \/>\n<meta property=\"og:locale\" content=\"ca_ES\" \/>\n<meta property=\"og:type\" content=\"article\" \/>\n<meta property=\"og:title\" content=\"Pantalles de videowall per mostrar contingut - Eikonos\" \/>\n<meta property=\"og:description\" content=\"Les pantalles de videowall desestructurat \u00f3n vers\u00e0tils i crean un efecto visual m\u00e9s impactant que altres presentacions audiovisuals tradicionals.\" \/>\n<meta property=\"og:url\" content=\"https:\/\/eikonos.com\/ca\/blog\/la-versatilidad-de-las-pantalles-de-videowall-per-mostrar-contingut\/\" \/>\n<meta property=\"og:site_name\" content=\"EIKONOS\" \/>\n<meta property=\"article:publisher\" content=\"http:\/\/www.facebook.com\/pages\/Eikonos\/176324785746790\" \/>\n<meta property=\"article:published_time\" content=\"2017-10-10T08:15:37+00:00\" \/>\n<meta property=\"og:image\" content=\"https:\/\/eikonos.com\/wp-content\/uploads\/2017\/10\/Eikonos146.jpg\" \/>\n\t<meta property=\"og:image:width\" content=\"674\" \/>\n\t<meta property=\"og:image:height\" content=\"426\" \/>\n\t<meta property=\"og:image:type\" content=\"image\/jpeg\" \/>\n<meta name=\"author\" content=\"Xavi Eikonos\" \/>\n<meta name=\"twitter:card\" content=\"summary_large_image\" \/>\n<meta name=\"twitter:creator\" content=\"@eikonos_sa\" \/>\n<meta name=\"twitter:site\" content=\"@eikonos_sa\" \/>\n<meta name=\"twitter:label1\" content=\"Escrit per\" \/>\n\t<meta name=\"twitter:data1\" content=\"Xavi Eikonos\" \/>\n\t<meta name=\"twitter:label2\" content=\"Temps estimat de lectura\" \/>\n\t<meta name=\"twitter:data2\" content=\"2 minuts\" \/>\n<script type=\"application\/ld+json\" class=\"yoast-schema-graph\">{\"@context\":\"https:\/\/schema.org\",\"@graph\":[{\"@type\":\"Article\",\"@id\":\"https:\/\/eikonos.com\/ca\/blog\/la-versatilidad-de-las-pantalles-de-videowall-per-mostrar-contingut\/#article\",\"isPartOf\":{\"@id\":\"https:\/\/eikonos.com\/ca\/blog\/la-versatilidad-de-las-pantalles-de-videowall-per-mostrar-contingut\/\"},\"author\":{\"name\":\"Xavi Eikonos\",\"@id\":\"https:\/\/eikonos.com\/ca\/#\/schema\/person\/82032860cc314d826959b90595a5280a\"},\"headline\":\"La versatilitat de les pantalles de videowall per mostrar contingut\",\"datePublished\":\"2017-10-10T08:15:37+00:00\",\"mainEntityOfPage\":{\"@id\":\"https:\/\/eikonos.com\/ca\/blog\/la-versatilidad-de-las-pantalles-de-videowall-per-mostrar-contingut\/\"},\"wordCount\":490,\"commentCount\":0,\"publisher\":{\"@id\":\"https:\/\/eikonos.com\/ca\/#organization\"},\"image\":{\"@id\":\"https:\/\/eikonos.com\/ca\/blog\/la-versatilidad-de-las-pantalles-de-videowall-per-mostrar-contingut\/#primaryimage\"},\"thumbnailUrl\":\"https:\/\/eikonos.com\/wp-content\/uploads\/2017\/10\/Eikonos146.jpg\",\"keywords\":[\"videowall\"],\"articleSection\":[\"Lloguer d'equips\"],\"inLanguage\":\"ca\",\"potentialAction\":[{\"@type\":\"CommentAction\",\"name\":\"Comment\",\"target\":[\"https:\/\/eikonos.com\/ca\/blog\/la-versatilidad-de-las-pantalles-de-videowall-per-mostrar-contingut\/#respond\"]}]},{\"@type\":\"WebPage\",\"@id\":\"https:\/\/eikonos.com\/ca\/blog\/la-versatilidad-de-las-pantalles-de-videowall-per-mostrar-contingut\/\",\"url\":\"https:\/\/eikonos.com\/ca\/blog\/la-versatilidad-de-las-pantalles-de-videowall-per-mostrar-contingut\/\",\"name\":\"Pantalles de videowall per mostrar contingut - Eikonos\",\"isPartOf\":{\"@id\":\"https:\/\/eikonos.com\/ca\/#website\"},\"primaryImageOfPage\":{\"@id\":\"https:\/\/eikonos.com\/ca\/blog\/la-versatilidad-de-las-pantalles-de-videowall-per-mostrar-contingut\/#primaryimage\"},\"image\":{\"@id\":\"https:\/\/eikonos.com\/ca\/blog\/la-versatilidad-de-las-pantalles-de-videowall-per-mostrar-contingut\/#primaryimage\"},\"thumbnailUrl\":\"https:\/\/eikonos.com\/wp-content\/uploads\/2017\/10\/Eikonos146.jpg\",\"datePublished\":\"2017-10-10T08:15:37+00:00\",\"description\":\"Les pantalles de videowall desestructurat \u00f3n vers\u00e0tils i crean un efecto visual m\u00e9s impactant que altres presentacions audiovisuals tradicionals.\",\"breadcrumb\":{\"@id\":\"https:\/\/eikonos.com\/ca\/blog\/la-versatilidad-de-las-pantalles-de-videowall-per-mostrar-contingut\/#breadcrumb\"},\"inLanguage\":\"ca\",\"potentialAction\":[{\"@type\":\"ReadAction\",\"target\":[\"https:\/\/eikonos.com\/ca\/blog\/la-versatilidad-de-las-pantalles-de-videowall-per-mostrar-contingut\/\"]}]},{\"@type\":\"ImageObject\",\"inLanguage\":\"ca\",\"@id\":\"https:\/\/eikonos.com\/ca\/blog\/la-versatilidad-de-las-pantalles-de-videowall-per-mostrar-contingut\/#primaryimage\",\"url\":\"https:\/\/eikonos.com\/wp-content\/uploads\/2017\/10\/Eikonos146.jpg\",\"contentUrl\":\"https:\/\/eikonos.com\/wp-content\/uploads\/2017\/10\/Eikonos146.jpg\",\"width\":674,\"height\":426},{\"@type\":\"BreadcrumbList\",\"@id\":\"https:\/\/eikonos.com\/ca\/blog\/la-versatilidad-de-las-pantalles-de-videowall-per-mostrar-contingut\/#breadcrumb\",\"itemListElement\":[{\"@type\":\"ListItem\",\"position\":1,\"name\":\"EIKONOS\",\"item\":\"https:\/\/eikonos.com\/ca\/inici\/\"},{\"@type\":\"ListItem\",\"position\":2,\"name\":\"La versatilitat de les pantalles de videowall per mostrar contingut\"}]},{\"@type\":\"WebSite\",\"@id\":\"https:\/\/eikonos.com\/ca\/#website\",\"url\":\"https:\/\/eikonos.com\/ca\/\",\"name\":\"EIKONOS\",\"description\":\"EXPERIENCIA AUDIOVISUAL\",\"publisher\":{\"@id\":\"https:\/\/eikonos.com\/ca\/#organization\"},\"potentialAction\":[{\"@type\":\"SearchAction\",\"target\":{\"@type\":\"EntryPoint\",\"urlTemplate\":\"https:\/\/eikonos.com\/ca\/?s={search_term_string}\"},\"query-input\":{\"@type\":\"PropertyValueSpecification\",\"valueRequired\":true,\"valueName\":\"search_term_string\"}}],\"inLanguage\":\"ca\"},{\"@type\":\"Organization\",\"@id\":\"https:\/\/eikonos.com\/ca\/#organization\",\"name\":\"EIKONOS | Servicios Audiovisuales, eventos y alquiler de equipos\",\"url\":\"https:\/\/eikonos.com\/ca\/\",\"logo\":{\"@type\":\"ImageObject\",\"inLanguage\":\"ca\",\"@id\":\"https:\/\/eikonos.com\/ca\/#\/schema\/logo\/image\/\",\"url\":\"https:\/\/eikonos.com\/wp-content\/uploads\/2020\/08\/logo-color.png\",\"contentUrl\":\"https:\/\/eikonos.com\/wp-content\/uploads\/2020\/08\/logo-color.png\",\"width\":376,\"height\":122,\"caption\":\"EIKONOS | Servicios Audiovisuales, eventos y alquiler de equipos\"},\"image\":{\"@id\":\"https:\/\/eikonos.com\/ca\/#\/schema\/logo\/image\/\"},\"sameAs\":[\"http:\/\/www.facebook.com\/pages\/Eikonos\/176324785746790\",\"https:\/\/x.com\/eikonos_sa\",\"http:\/\/www.linkedin.com\/company\/eikonos\",\"http:\/\/www.youtube.com\/channel\/UC8wcizWaAYbfsuqVf9wIT6w\"]},{\"@type\":\"Person\",\"@id\":\"https:\/\/eikonos.com\/ca\/#\/schema\/person\/82032860cc314d826959b90595a5280a\",\"name\":\"Xavi Eikonos\",\"image\":{\"@type\":\"ImageObject\",\"inLanguage\":\"ca\",\"@id\":\"https:\/\/eikonos.com\/ca\/#\/schema\/person\/image\/\",\"url\":\"https:\/\/secure.gravatar.com\/avatar\/a6c6b51dd0ac6902701aab24a914f6febe1518f94a5ae06db08b3d6107248dfd?s=96&d=mm&r=g\",\"contentUrl\":\"https:\/\/secure.gravatar.com\/avatar\/a6c6b51dd0ac6902701aab24a914f6febe1518f94a5ae06db08b3d6107248dfd?s=96&d=mm&r=g\",\"caption\":\"Xavi Eikonos\"}}]}<\/script>\n<!-- \/ Yoast SEO plugin. -->","yoast_head_json":{"title":"Pantalles de videowall per mostrar contingut - Eikonos","description":"Les pantalles de videowall desestructurat \u00f3n vers\u00e0tils i crean un efecto visual m\u00e9s impactant que altres presentacions audiovisuals tradicionals.","robots":{"index":"index","follow":"follow","max-snippet":"max-snippet:-1","max-image-preview":"max-image-preview:large","max-video-preview":"max-video-preview:-1"},"canonical":"https:\/\/eikonos.com\/ca\/blog\/la-versatilidad-de-las-pantalles-de-videowall-per-mostrar-contingut\/","og_locale":"ca_ES","og_type":"article","og_title":"Pantalles de videowall per mostrar contingut - Eikonos","og_description":"Les pantalles de videowall desestructurat \u00f3n vers\u00e0tils i crean un efecto visual m\u00e9s impactant que altres presentacions audiovisuals tradicionals.","og_url":"https:\/\/eikonos.com\/ca\/blog\/la-versatilidad-de-las-pantalles-de-videowall-per-mostrar-contingut\/","og_site_name":"EIKONOS","article_publisher":"http:\/\/www.facebook.com\/pages\/Eikonos\/176324785746790","article_published_time":"2017-10-10T08:15:37+00:00","og_image":[{"width":674,"height":426,"url":"https:\/\/eikonos.com\/wp-content\/uploads\/2017\/10\/Eikonos146.jpg","type":"image\/jpeg"}],"author":"Xavi Eikonos","twitter_card":"summary_large_image","twitter_creator":"@eikonos_sa","twitter_site":"@eikonos_sa","twitter_misc":{"Escrit per":"Xavi Eikonos","Temps estimat de lectura":"2 minuts"},"schema":{"@context":"https:\/\/schema.org","@graph":[{"@type":"Article","@id":"https:\/\/eikonos.com\/ca\/blog\/la-versatilidad-de-las-pantalles-de-videowall-per-mostrar-contingut\/#article","isPartOf":{"@id":"https:\/\/eikonos.com\/ca\/blog\/la-versatilidad-de-las-pantalles-de-videowall-per-mostrar-contingut\/"},"author":{"name":"Xavi Eikonos","@id":"https:\/\/eikonos.com\/ca\/#\/schema\/person\/82032860cc314d826959b90595a5280a"},"headline":"La versatilitat de les pantalles de videowall per mostrar contingut","datePublished":"2017-10-10T08:15:37+00:00","mainEntityOfPage":{"@id":"https:\/\/eikonos.com\/ca\/blog\/la-versatilidad-de-las-pantalles-de-videowall-per-mostrar-contingut\/"},"wordCount":490,"commentCount":0,"publisher":{"@id":"https:\/\/eikonos.com\/ca\/#organization"},"image":{"@id":"https:\/\/eikonos.com\/ca\/blog\/la-versatilidad-de-las-pantalles-de-videowall-per-mostrar-contingut\/#primaryimage"},"thumbnailUrl":"https:\/\/eikonos.com\/wp-content\/uploads\/2017\/10\/Eikonos146.jpg","keywords":["videowall"],"articleSection":["Lloguer d'equips"],"inLanguage":"ca","potentialAction":[{"@type":"CommentAction","name":"Comment","target":["https:\/\/eikonos.com\/ca\/blog\/la-versatilidad-de-las-pantalles-de-videowall-per-mostrar-contingut\/#respond"]}]},{"@type":"WebPage","@id":"https:\/\/eikonos.com\/ca\/blog\/la-versatilidad-de-las-pantalles-de-videowall-per-mostrar-contingut\/","url":"https:\/\/eikonos.com\/ca\/blog\/la-versatilidad-de-las-pantalles-de-videowall-per-mostrar-contingut\/","name":"Pantalles de videowall per mostrar contingut - Eikonos","isPartOf":{"@id":"https:\/\/eikonos.com\/ca\/#website"},"primaryImageOfPage":{"@id":"https:\/\/eikonos.com\/ca\/blog\/la-versatilidad-de-las-pantalles-de-videowall-per-mostrar-contingut\/#primaryimage"},"image":{"@id":"https:\/\/eikonos.com\/ca\/blog\/la-versatilidad-de-las-pantalles-de-videowall-per-mostrar-contingut\/#primaryimage"},"thumbnailUrl":"https:\/\/eikonos.com\/wp-content\/uploads\/2017\/10\/Eikonos146.jpg","datePublished":"2017-10-10T08:15:37+00:00","description":"Les pantalles de videowall desestructurat \u00f3n vers\u00e0tils i crean un efecto visual m\u00e9s impactant que altres presentacions audiovisuals tradicionals.","breadcrumb":{"@id":"https:\/\/eikonos.com\/ca\/blog\/la-versatilidad-de-las-pantalles-de-videowall-per-mostrar-contingut\/#breadcrumb"},"inLanguage":"ca","potentialAction":[{"@type":"ReadAction","target":["https:\/\/eikonos.com\/ca\/blog\/la-versatilidad-de-las-pantalles-de-videowall-per-mostrar-contingut\/"]}]},{"@type":"ImageObject","inLanguage":"ca","@id":"https:\/\/eikonos.com\/ca\/blog\/la-versatilidad-de-las-pantalles-de-videowall-per-mostrar-contingut\/#primaryimage","url":"https:\/\/eikonos.com\/wp-content\/uploads\/2017\/10\/Eikonos146.jpg","contentUrl":"https:\/\/eikonos.com\/wp-content\/uploads\/2017\/10\/Eikonos146.jpg","width":674,"height":426},{"@type":"BreadcrumbList","@id":"https:\/\/eikonos.com\/ca\/blog\/la-versatilidad-de-las-pantalles-de-videowall-per-mostrar-contingut\/#breadcrumb","itemListElement":[{"@type":"ListItem","position":1,"name":"EIKONOS","item":"https:\/\/eikonos.com\/ca\/inici\/"},{"@type":"ListItem","position":2,"name":"La versatilitat de les pantalles de videowall per mostrar contingut"}]},{"@type":"WebSite","@id":"https:\/\/eikonos.com\/ca\/#website","url":"https:\/\/eikonos.com\/ca\/","name":"EIKONOS","description":"EXPERIENCIA AUDIOVISUAL","publisher":{"@id":"https:\/\/eikonos.com\/ca\/#organization"},"potentialAction":[{"@type":"SearchAction","target":{"@type":"EntryPoint","urlTemplate":"https:\/\/eikonos.com\/ca\/?s={search_term_string}"},"query-input":{"@type":"PropertyValueSpecification","valueRequired":true,"valueName":"search_term_string"}}],"inLanguage":"ca"},{"@type":"Organization","@id":"https:\/\/eikonos.com\/ca\/#organization","name":"EIKONOS | Servicios Audiovisuales, eventos y alquiler de equipos","url":"https:\/\/eikonos.com\/ca\/","logo":{"@type":"ImageObject","inLanguage":"ca","@id":"https:\/\/eikonos.com\/ca\/#\/schema\/logo\/image\/","url":"https:\/\/eikonos.com\/wp-content\/uploads\/2020\/08\/logo-color.png","contentUrl":"https:\/\/eikonos.com\/wp-content\/uploads\/2020\/08\/logo-color.png","width":376,"height":122,"caption":"EIKONOS | Servicios Audiovisuales, eventos y alquiler de equipos"},"image":{"@id":"https:\/\/eikonos.com\/ca\/#\/schema\/logo\/image\/"},"sameAs":["http:\/\/www.facebook.com\/pages\/Eikonos\/176324785746790","https:\/\/x.com\/eikonos_sa","http:\/\/www.linkedin.com\/company\/eikonos","http:\/\/www.youtube.com\/channel\/UC8wcizWaAYbfsuqVf9wIT6w"]},{"@type":"Person","@id":"https:\/\/eikonos.com\/ca\/#\/schema\/person\/82032860cc314d826959b90595a5280a","name":"Xavi Eikonos","image":{"@type":"ImageObject","inLanguage":"ca","@id":"https:\/\/eikonos.com\/ca\/#\/schema\/person\/image\/","url":"https:\/\/secure.gravatar.com\/avatar\/a6c6b51dd0ac6902701aab24a914f6febe1518f94a5ae06db08b3d6107248dfd?s=96&d=mm&r=g","contentUrl":"https:\/\/secure.gravatar.com\/avatar\/a6c6b51dd0ac6902701aab24a914f6febe1518f94a5ae06db08b3d6107248dfd?s=96&d=mm&r=g","caption":"Xavi Eikonos"}}]}},"_links":{"self":[{"href":"https:\/\/eikonos.com\/ca\/wp-json\/wp\/v2\/posts\/4688","targetHints":{"allow":["GET"]}}],"collection":[{"href":"https:\/\/eikonos.com\/ca\/wp-json\/wp\/v2\/posts"}],"about":[{"href":"https:\/\/eikonos.com\/ca\/wp-json\/wp\/v2\/types\/post"}],"author":[{"embeddable":true,"href":"https:\/\/eikonos.com\/ca\/wp-json\/wp\/v2\/users\/6"}],"replies":[{"embeddable":true,"href":"https:\/\/eikonos.com\/ca\/wp-json\/wp\/v2\/comments?post=4688"}],"version-history":[{"count":0,"href":"https:\/\/eikonos.com\/ca\/wp-json\/wp\/v2\/posts\/4688\/revisions"}],"wp:featuredmedia":[{"embeddable":true,"href":"https:\/\/eikonos.com\/ca\/wp-json\/wp\/v2\/media\/4673"}],"wp:attachment":[{"href":"https:\/\/eikonos.com\/ca\/wp-json\/wp\/v2\/media?parent=4688"}],"wp:term":[{"taxonomy":"category","embeddable":true,"href":"https:\/\/eikonos.com\/ca\/wp-json\/wp\/v2\/categories?post=4688"},{"taxonomy":"post_tag","embeddable":true,"href":"https:\/\/eikonos.com\/ca\/wp-json\/wp\/v2\/tags?post=4688"}],"curies":[{"name":"wp","href":"https:\/\/api.w.org\/{rel}","templated":true}]}}