{"id":4685,"date":"2017-10-03T10:12:35","date_gmt":"2017-10-03T08:12:35","guid":{"rendered":"http:\/\/eikonos.com\/?p=4685"},"modified":"2017-10-03T10:12:35","modified_gmt":"2017-10-03T08:12:35","slug":"es-devlin-lexperta-en-escenografia-i-espectacles-audiovisuales-2","status":"publish","type":"post","link":"https:\/\/eikonos.com\/ca\/blog\/es-devlin-lexperta-en-escenografia-i-espectacles-audiovisuales-2\/","title":{"rendered":"Es Devlin, l\u2019experta en escenografia i espectacles audiovisuals"},"content":{"rendered":"<p><span lang=\"CA\">Parlar de <b>Es Devlin <\/b>\u00e9s parlar d\u2019escultura, llum i arts esc\u00e8niques en el seu m\u00e9s sentit contemporani. Aquesta dissenyadora angles que <b>dona vida als espais fent \u00fas dels recursos audiovisuals de forma creativa, <\/b>s\u2019ha convertit en un <i>must <\/i>en els principals esdeveniments que es celebren al llarg del m\u00f3n, per la seva escenografia i\u00a0<\/span><a href=\"https:\/\/eikonos.com\/\">espectacles audiovisuals<\/a>.<\/p>\n<p><span lang=\"CA\">Les seves propostes espectaculars plenes de lluminositat i\u00a0<\/span><a href=\"https:\/\/eikonos.com\/blog\/contenido-audiovisual-atractivo-mezclando-lo-real-con-lo-virtual\/\">mescles entre el m\u00f3n real amb el digital<\/a>\u00a0<span lang=\"CA\">amb la finalitat de crear un nou univers tem\u00e0tic ha sigut protagonista de grans esdeveniments com la Cerim\u00f2nia de Clausura dels Jocs Ol\u00edmpics de Londres, l\u2019obertura del Jocs de Rio i el seu art s\u2019expandeix per <b>escenaris dels millors m\u00fasics com U2, Beyonc\u00e9, Kanye West, Jay Z i Adele<\/b>, entre d\u2019altres.<\/span><\/p>\n<h2><span style=\"color: #ff0000;\">Despertar les emocions<\/span><\/h2>\n<p>Es Devlin es considera una de les artistes m\u00e9s prol\u00edfiques en les <strong>arts esc\u00e8niques <\/strong>de la seva generaci\u00f3. Tant la seva professi\u00f3 com la seva vocaci\u00f3 la defineixen com un <strong>Stage Designer <\/strong>(dissenyadora d\u2019escenaris), una figura en la que \u00e9s <strong>necessari tenir una alta capacitat creativa i a la vegada grans coneixements t\u00e8cnics sobre els equips audiovisuals i les possibles que aquests ofereixen <\/strong>per aconseguir uns resultats escenogr\u00e0fics concrets, sempre amb l\u2019objectiu de captivar a l\u2019audi\u00e8ncia.<\/p>\n<p>Devlin ha sigut capa\u00e7 d\u2019intervenir en tot tipus d\u2019esdeveniments i escenaris, sense trencar la seva ess\u00e8ncia: \u00f2pera, dansa, musicals, teatre, moda&#8230; \u00c9s f\u00e0cil trobar exemples de la seva obra all\u00e0 on mirem i recon\u00e8ixer que un escenari ha passat per les seves mans.<\/p>\n<p>Podr\u00edem dir que la clau de la seva metodologia es troba en entendre els efectes i sensacions que pot generar l\u2019\u00fas d\u2019una tecnologia o una altra: una projecci\u00f3 inesperada, ubicar un videowall amb centenars d\u2019est\u00edmuls per a l\u2019espectador&#8230; Sense dubte, el seu treball reflexa clarament com <strong>els recursos audiovisuals poden despertar les nostres emocions. <\/strong><\/p>\n<h2><span style=\"color: #ff0000;\">Projectes destacats com a Stage Designer<\/span><\/h2>\n<p>A<\/p>\n<p>Tot i que la seva vinculaci\u00f3 al teatre i l\u2019\u00f2pera s\u00f3n indubtables, va ser la seva posada de llarg amb Kanye West la que va convertir en enfocament mundial l\u2019any 2005. I no va ser f\u00e0cil. L\u2019artista nord-americ\u00e0 va con\u00e8ixer per casualitat els escenaris que Es Devlin havien creat per a la banda post punk Wire. Es va enamorar i li va encarregar l\u2019escenografia de Touch the Sky World Arena Tour deu dies abans del seu inici. Des de llavors, no ha parat.<\/p>\n<p>Una de les seves obres m\u00e9s reconegudes va ser donar vida a l\u2019escenari del <strong>Formation World Tour de Beyonc\u00e9 el 2016. <\/strong>Per a que l\u2019escenari estigu\u00e9s a l\u2019altura de la gran diva del R&amp;B, Es Devlin i el seu equip no es va conformar amb un equip audiovisual convencional per acompanyar l\u2019espectacle, si no que van explotar les possibilitats de cada un dels materials.<\/p>\n<p>L\u2019obra mestra va ser el <strong>cub gegant de 60 peus d\u2019altura (18\u20192 metres) formats per pantalles de LED d\u2019alta definici\u00f3 que firaven sobre el seu eix <\/strong>i mostraven moments de la vida de la cantant, aix\u00ed com v\u00eddeos i animacions que ajudaven a donar-li valor a la tem\u00e0tica del tour i animar al p\u00fablic. La versatilitat del cub permetia que la cantant i els seus ballarins poguessin entrar i sortir de la construcci\u00f3 geom\u00e8trica a qual va tenir tanta import\u00e0ncia que ho van nombrar \u201cmanolito\u201d.<\/p>\n<p>Es Devlin tamb\u00e9 va fer de les seves en l\u2019escenografia de Miley Cyrus. Veure sortir a la cantant per una pantalla de la seva pr\u00f2pia llengua era una cosa m\u00e9s que atrevida. Retor\u00e7at, surrealista i, a la vegada, \u00a0enlluernador. Per aconseguir l\u2019emoci\u00f3, Devlin juga com ning\u00fa amb l\u2019espai, la llum, la foscor, el buit i les formes en els seus\u00a0<a href=\"https:\/\/eikonos.com\/servicios\/eventos-audiovisuales\/\">esdeveniments audiovisuals.<\/a><\/p>\n<p>Des d\u2019EIKONOS ens encanta veure com els artistes juguen amb la creativitat, la tecnologia i els recursos audiovisuals per crear grans espectacles, aconseguint una escenografia que captivi als assistents. T\u2019agradaria crear escenaris que despertin les emocions al p\u00fablic? Explica\u2019ns el teu projecte i el nostre equip t\u2019assessor\u00e0 per generar una experi\u00e8ncia audiovisual memorable. <strong><em>Parlem!<\/em><\/strong><\/p>\n<p><img loading=\"lazy\" decoding=\"async\" class=\"aligncenter wp-image-4120 size-full\" title=\"EIKONOS servicios audiovisuales para eventos\" src=\"https:\/\/eikonos.com\/wp-content\/uploads\/2017\/05\/eikonos-cta-organitzacio-esdeveniments-audiovisuals.png\" alt=\"EIKONOS serveis audiovisuals per a esdeveniments\" width=\"741\" height=\"250\" srcset=\"https:\/\/eikonos.com\/wp-content\/uploads\/2017\/05\/eikonos-cta-organitzacio-esdeveniments-audiovisuals.png 741w, https:\/\/eikonos.com\/wp-content\/uploads\/2017\/05\/eikonos-cta-organitzacio-esdeveniments-audiovisuals-300x101.png 300w\" sizes=\"auto, (max-width: 741px) 100vw, 741px\" \/><\/p>\n<p>&nbsp;<\/p>\n<p>\u00a9 Imatge &#8211; <a href=\"https:\/\/esdevlin.com\/\">Es Devlin<\/a><\/p>\n<p>&nbsp;<\/p>\n<p>&nbsp;<\/p>\n","protected":false},"excerpt":{"rendered":"<p>Parlar de Es Devlin \u00e9s parlar d\u2019escultura, llum i arts esc\u00e8niques en el seu m\u00e9s&#8230;<\/p>\n","protected":false},"author":6,"featured_media":4668,"comment_status":"open","ping_status":"open","sticky":false,"template":"","format":"standard","meta":{"_acf_changed":false,"footnotes":""},"categories":[260],"tags":[],"class_list":["post-4685","post","type-post","status-publish","format-standard","has-post-thumbnail","hentry","category-esdeveniments-audiovisuals"],"acf":[],"yoast_head":"<!-- This site is optimized with the Yoast SEO plugin v26.3 - https:\/\/yoast.com\/wordpress\/plugins\/seo\/ -->\n<title>Es Devlin: escenografia i espectacles audiovisuals<\/title>\n<meta name=\"description\" content=\"Et presentem a Es Devlin, una de les millors dissenyadores d&#039;escenografia i espectacles audiovisuals del sector.\" \/>\n<meta name=\"robots\" content=\"index, follow, max-snippet:-1, max-image-preview:large, max-video-preview:-1\" \/>\n<link rel=\"canonical\" href=\"https:\/\/eikonos.com\/ca\/blog\/es-devlin-lexperta-en-escenografia-i-espectacles-audiovisuales-2\/\" \/>\n<meta property=\"og:locale\" content=\"ca_ES\" \/>\n<meta property=\"og:type\" content=\"article\" \/>\n<meta property=\"og:title\" content=\"Es Devlin: escenografia i espectacles audiovisuals\" \/>\n<meta property=\"og:description\" content=\"Et presentem a Es Devlin, una de les millors dissenyadores d&#039;escenografia i espectacles audiovisuals del sector.\" \/>\n<meta property=\"og:url\" content=\"https:\/\/eikonos.com\/ca\/blog\/es-devlin-lexperta-en-escenografia-i-espectacles-audiovisuales-2\/\" \/>\n<meta property=\"og:site_name\" content=\"EIKONOS\" \/>\n<meta property=\"article:publisher\" content=\"http:\/\/www.facebook.com\/pages\/Eikonos\/176324785746790\" \/>\n<meta property=\"article:published_time\" content=\"2017-10-03T08:12:35+00:00\" \/>\n<meta property=\"og:image\" content=\"https:\/\/eikonos.com\/wp-content\/uploads\/2017\/10\/Eikonos145.jpg\" \/>\n\t<meta property=\"og:image:width\" content=\"674\" \/>\n\t<meta property=\"og:image:height\" content=\"426\" \/>\n\t<meta property=\"og:image:type\" content=\"image\/jpeg\" \/>\n<meta name=\"author\" content=\"Xavi Eikonos\" \/>\n<meta name=\"twitter:card\" content=\"summary_large_image\" \/>\n<meta name=\"twitter:creator\" content=\"@eikonos_sa\" \/>\n<meta name=\"twitter:site\" content=\"@eikonos_sa\" \/>\n<meta name=\"twitter:label1\" content=\"Escrit per\" \/>\n\t<meta name=\"twitter:data1\" content=\"Xavi Eikonos\" \/>\n\t<meta name=\"twitter:label2\" content=\"Temps estimat de lectura\" \/>\n\t<meta name=\"twitter:data2\" content=\"4 minuts\" \/>\n<script type=\"application\/ld+json\" class=\"yoast-schema-graph\">{\"@context\":\"https:\/\/schema.org\",\"@graph\":[{\"@type\":\"Article\",\"@id\":\"https:\/\/eikonos.com\/ca\/blog\/es-devlin-lexperta-en-escenografia-i-espectacles-audiovisuales-2\/#article\",\"isPartOf\":{\"@id\":\"https:\/\/eikonos.com\/ca\/blog\/es-devlin-lexperta-en-escenografia-i-espectacles-audiovisuales-2\/\"},\"author\":{\"name\":\"Xavi Eikonos\",\"@id\":\"https:\/\/eikonos.com\/ca\/#\/schema\/person\/82032860cc314d826959b90595a5280a\"},\"headline\":\"Es Devlin, l\u2019experta en escenografia i espectacles audiovisuals\",\"datePublished\":\"2017-10-03T08:12:35+00:00\",\"mainEntityOfPage\":{\"@id\":\"https:\/\/eikonos.com\/ca\/blog\/es-devlin-lexperta-en-escenografia-i-espectacles-audiovisuales-2\/\"},\"wordCount\":734,\"commentCount\":0,\"publisher\":{\"@id\":\"https:\/\/eikonos.com\/ca\/#organization\"},\"image\":{\"@id\":\"https:\/\/eikonos.com\/ca\/blog\/es-devlin-lexperta-en-escenografia-i-espectacles-audiovisuales-2\/#primaryimage\"},\"thumbnailUrl\":\"https:\/\/eikonos.com\/wp-content\/uploads\/2017\/10\/Eikonos145.jpg\",\"articleSection\":[\"Esdeveniments audiovisuals\"],\"inLanguage\":\"ca\",\"potentialAction\":[{\"@type\":\"CommentAction\",\"name\":\"Comment\",\"target\":[\"https:\/\/eikonos.com\/ca\/blog\/es-devlin-lexperta-en-escenografia-i-espectacles-audiovisuales-2\/#respond\"]}]},{\"@type\":\"WebPage\",\"@id\":\"https:\/\/eikonos.com\/ca\/blog\/es-devlin-lexperta-en-escenografia-i-espectacles-audiovisuales-2\/\",\"url\":\"https:\/\/eikonos.com\/ca\/blog\/es-devlin-lexperta-en-escenografia-i-espectacles-audiovisuales-2\/\",\"name\":\"Es Devlin: escenografia i espectacles audiovisuals\",\"isPartOf\":{\"@id\":\"https:\/\/eikonos.com\/ca\/#website\"},\"primaryImageOfPage\":{\"@id\":\"https:\/\/eikonos.com\/ca\/blog\/es-devlin-lexperta-en-escenografia-i-espectacles-audiovisuales-2\/#primaryimage\"},\"image\":{\"@id\":\"https:\/\/eikonos.com\/ca\/blog\/es-devlin-lexperta-en-escenografia-i-espectacles-audiovisuales-2\/#primaryimage\"},\"thumbnailUrl\":\"https:\/\/eikonos.com\/wp-content\/uploads\/2017\/10\/Eikonos145.jpg\",\"datePublished\":\"2017-10-03T08:12:35+00:00\",\"description\":\"Et presentem a Es Devlin, una de les millors dissenyadores d'escenografia i espectacles audiovisuals del sector.\",\"breadcrumb\":{\"@id\":\"https:\/\/eikonos.com\/ca\/blog\/es-devlin-lexperta-en-escenografia-i-espectacles-audiovisuales-2\/#breadcrumb\"},\"inLanguage\":\"ca\",\"potentialAction\":[{\"@type\":\"ReadAction\",\"target\":[\"https:\/\/eikonos.com\/ca\/blog\/es-devlin-lexperta-en-escenografia-i-espectacles-audiovisuales-2\/\"]}]},{\"@type\":\"ImageObject\",\"inLanguage\":\"ca\",\"@id\":\"https:\/\/eikonos.com\/ca\/blog\/es-devlin-lexperta-en-escenografia-i-espectacles-audiovisuales-2\/#primaryimage\",\"url\":\"https:\/\/eikonos.com\/wp-content\/uploads\/2017\/10\/Eikonos145.jpg\",\"contentUrl\":\"https:\/\/eikonos.com\/wp-content\/uploads\/2017\/10\/Eikonos145.jpg\",\"width\":674,\"height\":426,\"caption\":\"\u00a9 Es Devlin\"},{\"@type\":\"BreadcrumbList\",\"@id\":\"https:\/\/eikonos.com\/ca\/blog\/es-devlin-lexperta-en-escenografia-i-espectacles-audiovisuales-2\/#breadcrumb\",\"itemListElement\":[{\"@type\":\"ListItem\",\"position\":1,\"name\":\"EIKONOS\",\"item\":\"https:\/\/eikonos.com\/ca\/inici\/\"},{\"@type\":\"ListItem\",\"position\":2,\"name\":\"Es Devlin, l\u2019experta en escenografia i espectacles audiovisuals\"}]},{\"@type\":\"WebSite\",\"@id\":\"https:\/\/eikonos.com\/ca\/#website\",\"url\":\"https:\/\/eikonos.com\/ca\/\",\"name\":\"EIKONOS\",\"description\":\"EXPERIENCIA AUDIOVISUAL\",\"publisher\":{\"@id\":\"https:\/\/eikonos.com\/ca\/#organization\"},\"potentialAction\":[{\"@type\":\"SearchAction\",\"target\":{\"@type\":\"EntryPoint\",\"urlTemplate\":\"https:\/\/eikonos.com\/ca\/?s={search_term_string}\"},\"query-input\":{\"@type\":\"PropertyValueSpecification\",\"valueRequired\":true,\"valueName\":\"search_term_string\"}}],\"inLanguage\":\"ca\"},{\"@type\":\"Organization\",\"@id\":\"https:\/\/eikonos.com\/ca\/#organization\",\"name\":\"EIKONOS | Servicios Audiovisuales, eventos y alquiler de equipos\",\"url\":\"https:\/\/eikonos.com\/ca\/\",\"logo\":{\"@type\":\"ImageObject\",\"inLanguage\":\"ca\",\"@id\":\"https:\/\/eikonos.com\/ca\/#\/schema\/logo\/image\/\",\"url\":\"https:\/\/eikonos.com\/wp-content\/uploads\/2020\/08\/logo-color.png\",\"contentUrl\":\"https:\/\/eikonos.com\/wp-content\/uploads\/2020\/08\/logo-color.png\",\"width\":376,\"height\":122,\"caption\":\"EIKONOS | Servicios Audiovisuales, eventos y alquiler de equipos\"},\"image\":{\"@id\":\"https:\/\/eikonos.com\/ca\/#\/schema\/logo\/image\/\"},\"sameAs\":[\"http:\/\/www.facebook.com\/pages\/Eikonos\/176324785746790\",\"https:\/\/x.com\/eikonos_sa\",\"http:\/\/www.linkedin.com\/company\/eikonos\",\"http:\/\/www.youtube.com\/channel\/UC8wcizWaAYbfsuqVf9wIT6w\"]},{\"@type\":\"Person\",\"@id\":\"https:\/\/eikonos.com\/ca\/#\/schema\/person\/82032860cc314d826959b90595a5280a\",\"name\":\"Xavi Eikonos\",\"image\":{\"@type\":\"ImageObject\",\"inLanguage\":\"ca\",\"@id\":\"https:\/\/eikonos.com\/ca\/#\/schema\/person\/image\/\",\"url\":\"https:\/\/secure.gravatar.com\/avatar\/a6c6b51dd0ac6902701aab24a914f6febe1518f94a5ae06db08b3d6107248dfd?s=96&d=mm&r=g\",\"contentUrl\":\"https:\/\/secure.gravatar.com\/avatar\/a6c6b51dd0ac6902701aab24a914f6febe1518f94a5ae06db08b3d6107248dfd?s=96&d=mm&r=g\",\"caption\":\"Xavi Eikonos\"}}]}<\/script>\n<!-- \/ Yoast SEO plugin. -->","yoast_head_json":{"title":"Es Devlin: escenografia i espectacles audiovisuals","description":"Et presentem a Es Devlin, una de les millors dissenyadores d'escenografia i espectacles audiovisuals del sector.","robots":{"index":"index","follow":"follow","max-snippet":"max-snippet:-1","max-image-preview":"max-image-preview:large","max-video-preview":"max-video-preview:-1"},"canonical":"https:\/\/eikonos.com\/ca\/blog\/es-devlin-lexperta-en-escenografia-i-espectacles-audiovisuales-2\/","og_locale":"ca_ES","og_type":"article","og_title":"Es Devlin: escenografia i espectacles audiovisuals","og_description":"Et presentem a Es Devlin, una de les millors dissenyadores d'escenografia i espectacles audiovisuals del sector.","og_url":"https:\/\/eikonos.com\/ca\/blog\/es-devlin-lexperta-en-escenografia-i-espectacles-audiovisuales-2\/","og_site_name":"EIKONOS","article_publisher":"http:\/\/www.facebook.com\/pages\/Eikonos\/176324785746790","article_published_time":"2017-10-03T08:12:35+00:00","og_image":[{"width":674,"height":426,"url":"https:\/\/eikonos.com\/wp-content\/uploads\/2017\/10\/Eikonos145.jpg","type":"image\/jpeg"}],"author":"Xavi Eikonos","twitter_card":"summary_large_image","twitter_creator":"@eikonos_sa","twitter_site":"@eikonos_sa","twitter_misc":{"Escrit per":"Xavi Eikonos","Temps estimat de lectura":"4 minuts"},"schema":{"@context":"https:\/\/schema.org","@graph":[{"@type":"Article","@id":"https:\/\/eikonos.com\/ca\/blog\/es-devlin-lexperta-en-escenografia-i-espectacles-audiovisuales-2\/#article","isPartOf":{"@id":"https:\/\/eikonos.com\/ca\/blog\/es-devlin-lexperta-en-escenografia-i-espectacles-audiovisuales-2\/"},"author":{"name":"Xavi Eikonos","@id":"https:\/\/eikonos.com\/ca\/#\/schema\/person\/82032860cc314d826959b90595a5280a"},"headline":"Es Devlin, l\u2019experta en escenografia i espectacles audiovisuals","datePublished":"2017-10-03T08:12:35+00:00","mainEntityOfPage":{"@id":"https:\/\/eikonos.com\/ca\/blog\/es-devlin-lexperta-en-escenografia-i-espectacles-audiovisuales-2\/"},"wordCount":734,"commentCount":0,"publisher":{"@id":"https:\/\/eikonos.com\/ca\/#organization"},"image":{"@id":"https:\/\/eikonos.com\/ca\/blog\/es-devlin-lexperta-en-escenografia-i-espectacles-audiovisuales-2\/#primaryimage"},"thumbnailUrl":"https:\/\/eikonos.com\/wp-content\/uploads\/2017\/10\/Eikonos145.jpg","articleSection":["Esdeveniments audiovisuals"],"inLanguage":"ca","potentialAction":[{"@type":"CommentAction","name":"Comment","target":["https:\/\/eikonos.com\/ca\/blog\/es-devlin-lexperta-en-escenografia-i-espectacles-audiovisuales-2\/#respond"]}]},{"@type":"WebPage","@id":"https:\/\/eikonos.com\/ca\/blog\/es-devlin-lexperta-en-escenografia-i-espectacles-audiovisuales-2\/","url":"https:\/\/eikonos.com\/ca\/blog\/es-devlin-lexperta-en-escenografia-i-espectacles-audiovisuales-2\/","name":"Es Devlin: escenografia i espectacles audiovisuals","isPartOf":{"@id":"https:\/\/eikonos.com\/ca\/#website"},"primaryImageOfPage":{"@id":"https:\/\/eikonos.com\/ca\/blog\/es-devlin-lexperta-en-escenografia-i-espectacles-audiovisuales-2\/#primaryimage"},"image":{"@id":"https:\/\/eikonos.com\/ca\/blog\/es-devlin-lexperta-en-escenografia-i-espectacles-audiovisuales-2\/#primaryimage"},"thumbnailUrl":"https:\/\/eikonos.com\/wp-content\/uploads\/2017\/10\/Eikonos145.jpg","datePublished":"2017-10-03T08:12:35+00:00","description":"Et presentem a Es Devlin, una de les millors dissenyadores d'escenografia i espectacles audiovisuals del sector.","breadcrumb":{"@id":"https:\/\/eikonos.com\/ca\/blog\/es-devlin-lexperta-en-escenografia-i-espectacles-audiovisuales-2\/#breadcrumb"},"inLanguage":"ca","potentialAction":[{"@type":"ReadAction","target":["https:\/\/eikonos.com\/ca\/blog\/es-devlin-lexperta-en-escenografia-i-espectacles-audiovisuales-2\/"]}]},{"@type":"ImageObject","inLanguage":"ca","@id":"https:\/\/eikonos.com\/ca\/blog\/es-devlin-lexperta-en-escenografia-i-espectacles-audiovisuales-2\/#primaryimage","url":"https:\/\/eikonos.com\/wp-content\/uploads\/2017\/10\/Eikonos145.jpg","contentUrl":"https:\/\/eikonos.com\/wp-content\/uploads\/2017\/10\/Eikonos145.jpg","width":674,"height":426,"caption":"\u00a9 Es Devlin"},{"@type":"BreadcrumbList","@id":"https:\/\/eikonos.com\/ca\/blog\/es-devlin-lexperta-en-escenografia-i-espectacles-audiovisuales-2\/#breadcrumb","itemListElement":[{"@type":"ListItem","position":1,"name":"EIKONOS","item":"https:\/\/eikonos.com\/ca\/inici\/"},{"@type":"ListItem","position":2,"name":"Es Devlin, l\u2019experta en escenografia i espectacles audiovisuals"}]},{"@type":"WebSite","@id":"https:\/\/eikonos.com\/ca\/#website","url":"https:\/\/eikonos.com\/ca\/","name":"EIKONOS","description":"EXPERIENCIA AUDIOVISUAL","publisher":{"@id":"https:\/\/eikonos.com\/ca\/#organization"},"potentialAction":[{"@type":"SearchAction","target":{"@type":"EntryPoint","urlTemplate":"https:\/\/eikonos.com\/ca\/?s={search_term_string}"},"query-input":{"@type":"PropertyValueSpecification","valueRequired":true,"valueName":"search_term_string"}}],"inLanguage":"ca"},{"@type":"Organization","@id":"https:\/\/eikonos.com\/ca\/#organization","name":"EIKONOS | Servicios Audiovisuales, eventos y alquiler de equipos","url":"https:\/\/eikonos.com\/ca\/","logo":{"@type":"ImageObject","inLanguage":"ca","@id":"https:\/\/eikonos.com\/ca\/#\/schema\/logo\/image\/","url":"https:\/\/eikonos.com\/wp-content\/uploads\/2020\/08\/logo-color.png","contentUrl":"https:\/\/eikonos.com\/wp-content\/uploads\/2020\/08\/logo-color.png","width":376,"height":122,"caption":"EIKONOS | Servicios Audiovisuales, eventos y alquiler de equipos"},"image":{"@id":"https:\/\/eikonos.com\/ca\/#\/schema\/logo\/image\/"},"sameAs":["http:\/\/www.facebook.com\/pages\/Eikonos\/176324785746790","https:\/\/x.com\/eikonos_sa","http:\/\/www.linkedin.com\/company\/eikonos","http:\/\/www.youtube.com\/channel\/UC8wcizWaAYbfsuqVf9wIT6w"]},{"@type":"Person","@id":"https:\/\/eikonos.com\/ca\/#\/schema\/person\/82032860cc314d826959b90595a5280a","name":"Xavi Eikonos","image":{"@type":"ImageObject","inLanguage":"ca","@id":"https:\/\/eikonos.com\/ca\/#\/schema\/person\/image\/","url":"https:\/\/secure.gravatar.com\/avatar\/a6c6b51dd0ac6902701aab24a914f6febe1518f94a5ae06db08b3d6107248dfd?s=96&d=mm&r=g","contentUrl":"https:\/\/secure.gravatar.com\/avatar\/a6c6b51dd0ac6902701aab24a914f6febe1518f94a5ae06db08b3d6107248dfd?s=96&d=mm&r=g","caption":"Xavi Eikonos"}}]}},"_links":{"self":[{"href":"https:\/\/eikonos.com\/ca\/wp-json\/wp\/v2\/posts\/4685","targetHints":{"allow":["GET"]}}],"collection":[{"href":"https:\/\/eikonos.com\/ca\/wp-json\/wp\/v2\/posts"}],"about":[{"href":"https:\/\/eikonos.com\/ca\/wp-json\/wp\/v2\/types\/post"}],"author":[{"embeddable":true,"href":"https:\/\/eikonos.com\/ca\/wp-json\/wp\/v2\/users\/6"}],"replies":[{"embeddable":true,"href":"https:\/\/eikonos.com\/ca\/wp-json\/wp\/v2\/comments?post=4685"}],"version-history":[{"count":0,"href":"https:\/\/eikonos.com\/ca\/wp-json\/wp\/v2\/posts\/4685\/revisions"}],"wp:featuredmedia":[{"embeddable":true,"href":"https:\/\/eikonos.com\/ca\/wp-json\/wp\/v2\/media\/4668"}],"wp:attachment":[{"href":"https:\/\/eikonos.com\/ca\/wp-json\/wp\/v2\/media?parent=4685"}],"wp:term":[{"taxonomy":"category","embeddable":true,"href":"https:\/\/eikonos.com\/ca\/wp-json\/wp\/v2\/categories?post=4685"},{"taxonomy":"post_tag","embeddable":true,"href":"https:\/\/eikonos.com\/ca\/wp-json\/wp\/v2\/tags?post=4685"}],"curies":[{"name":"wp","href":"https:\/\/api.w.org\/{rel}","templated":true}]}}