{"id":4455,"date":"2017-09-05T16:47:19","date_gmt":"2017-09-05T14:47:19","guid":{"rendered":"http:\/\/eikonos.com\/?p=4455"},"modified":"2017-09-05T16:47:19","modified_gmt":"2017-09-05T14:47:19","slug":"eikonos-canvi-doficina","status":"publish","type":"post","link":"https:\/\/eikonos.com\/ca\/blog\/eikonos-canvi-doficina\/","title":{"rendered":"Ens hem mudat! A EIKONOS hem canviat d\u2019oficina"},"content":{"rendered":"<p>Despr\u00e9s de quasi 20 anys localitzats en el barri de Les Corts de Barcelona, ens alegra comunicar que <strong>hem traslladat tot el nostre equip audiovisual, personal i instal\u00b7lacions a Cornell\u00e0 de Llobregat al Carrer Marina 20-22 <\/strong>amb m\u00e9s projectes i amb les mateixes ganes de continuar oferint el millor de la tecnologia audiovisual als nostres clients.<\/p>\n<h2><span style=\"color: #ff0000;\">M\u00e9s espai i millor servei<\/span><\/h2>\n<p>En aquest nou espai de la localitat de Cornell\u00e0 de Llobregat (Baix Llobregat), <strong>hem habilitat m\u00e9s de 3.000 metres quadrats de superf\u00edcie per emmagatzemar tot l\u2019equip audiovisual <\/strong>amb el que treballem, junt amb espais d\u2019\u00fas espec\u00edfic amb <strong>tallers, show-rooms, magatzems i flotes de transport.<\/strong><\/p>\n<p>Amb tot aix\u00f2, aconseguim tenir un millor servei que beneficiar\u00e0 tan a EIKONOS com als nostres clients. <strong>La disponibilitat de stocks i la rapidesa en el servei <\/strong>ser\u00e0 ara una tasca molt m\u00e9s f\u00e0cil. Sense dubte, comptar amb un major espai ens permetr\u00e0 oferir un servei molt m\u00e9s eficient i reflectir\u00e0 la dedicaci\u00f3 que fem di\u00e0riament per ser els millors en el nostre sector.<\/p>\n<p>&nbsp;<\/p>\n<h2><span style=\"color: #ff0000;\">Ubicaci\u00f3 estrat\u00e8gica<\/span><\/h2>\n<p>La nostra nova seu, en la que tamb\u00e9 es troben les oficines, <strong>est\u00e0 perfectament comunicada en transport p\u00fablic, <\/strong>a tan sols dos minuts a peu tant dels Ferrocarrils de la Generalitat de Catalunya com del Metro.<\/p>\n<p>Aix\u00ed mateix, <strong>tamb\u00e9 compta amb una bona connexi\u00f3 a Ronda de Dalt, Gran Via, Cintur\u00ed del Litoral, <\/strong>l\u2019autopista A2, la C31 i la E90.<\/p>\n<p>&nbsp;<\/p>\n<h2><span style=\"color: #ff0000;\">Seguim a l&#8217;avantguarda de la tecnologia audiovisual<\/span><\/h2>\n<p><span lang=\"CA\">Amb m\u00e9s de tres d\u00e8cades d\u2019experi\u00e8ncia,\u00a0<\/span><a href=\"https:\/\/eikonos.com\/nosotros\/\">EIKONOS va n\u00e9ixer amb l&#8217;objectiu de ser un referent en els serveis audiovisuals integrals.<\/a><br \/>\n<span lang=\"CA\">Des de llavors, incorporem noves tecnologies i ens actualitzem per oferir les millors solucions avan\u00e7ades. Des de sempre, hem prioritzat <b>respondre a les necessitats i desitjos dels clients, oferint serveis i propostes adequades segons el tipus de projecte o esdeveniment a desenvolupar. <\/b>Amb aix\u00f2, la confian\u00e7a dipositada en la nostra metodologia de treball i coneixements ens ha permet formar part de\u00a0<\/span><a href=\"https:\/\/eikonos.com\/servicios\/eventos-audiovisuales\/\">grans projectes audiovisuals<\/a><\/p>\n<p>que ens han fet guanyar experi\u00e8ncia i cr\u00e9ixer com a empresa.<\/p>\n<p>Aquest canvi d\u2019ubicaci\u00f3 demostra una vegada m\u00e9s el nostre posicionament a la avantguarda de la tecnologia i la innovaci\u00f3 en el sector audiovisual, aix\u00ed com la nostra aposta per mirar al futur i crear valor.<\/p>\n<p>El nostre equip hum\u00e0 suposa una de les peces claus en l\u2019\u00e8xit de la nostra empresa, amb <strong>m\u00e9s de 30 professionals experts en la seva mat\u00e8ria, apassionats pel m\u00f3n de la imatge i el so i amb una llarga traject\u00f2ria i dedicaci\u00f3. <\/strong><\/p>\n<p>Des d\u2019EIKONOS volem donar-vos la benvinguda al nostre nou espai i donar les gr\u00e0cies a tot l\u2019equip que ha fet possible aquest gran salt com a empresa. Tamb\u00e9 agrair a tots els nostres clients que confien amb nosaltres. Seguirem oferint les millors solucions audiovisual i ajudant a convertir grans idees en projectes reals. <strong><em>Gr\u00e0cies!<\/em><\/strong><\/p>\n<p><img loading=\"lazy\" decoding=\"async\" class=\"aligncenter wp-image-4120 size-full\" title=\"EIKONOS servicios audiovisuales para eventos\" src=\"https:\/\/eikonos.com\/wp-content\/uploads\/2017\/05\/eikonos-cta-organitzacio-esdeveniments-audiovisuals.png\" alt=\"EIKONOS serveis audiovisuals per a esdeveniments\" width=\"741\" height=\"250\" srcset=\"https:\/\/eikonos.com\/wp-content\/uploads\/2017\/05\/eikonos-cta-organitzacio-esdeveniments-audiovisuals.png 741w, https:\/\/eikonos.com\/wp-content\/uploads\/2017\/05\/eikonos-cta-organitzacio-esdeveniments-audiovisuals-300x101.png 300w\" sizes=\"auto, (max-width: 741px) 100vw, 741px\" \/><\/p>\n<p>&nbsp;<\/p>\n","protected":false},"excerpt":{"rendered":"<p>Despr\u00e9s de quasi 20 anys localitzats en el barri de Les Corts de Barcelona, ens&#8230;<\/p>\n","protected":false},"author":6,"featured_media":4450,"comment_status":"open","ping_status":"open","sticky":false,"template":"","format":"standard","meta":{"_acf_changed":false,"footnotes":""},"categories":[268],"tags":[],"class_list":["post-4455","post","type-post","status-publish","format-standard","has-post-thumbnail","hentry","category-eikonos-ca"],"acf":[],"yoast_head":"<!-- This site is optimized with the Yoast SEO plugin v26.3 - https:\/\/yoast.com\/wordpress\/plugins\/seo\/ -->\n<title>Ens hem mudat! A EIKONOS hem canviat d\u2019oficina<\/title>\n<meta name=\"description\" content=\"A EIKONOS realitzem un canvi d&#039;oficina i traslladem tot el nostre equip audiovisual a Cornell\u00e0 de Llobregat a C\/ Marina 20 - 22.\" \/>\n<meta name=\"robots\" content=\"index, follow, max-snippet:-1, max-image-preview:large, max-video-preview:-1\" \/>\n<link rel=\"canonical\" href=\"https:\/\/eikonos.com\/ca\/blog\/eikonos-canvi-doficina\/\" \/>\n<meta property=\"og:locale\" content=\"ca_ES\" \/>\n<meta property=\"og:type\" content=\"article\" \/>\n<meta property=\"og:title\" content=\"Ens hem mudat! A EIKONOS hem canviat d\u2019oficina\" \/>\n<meta property=\"og:description\" content=\"A EIKONOS realitzem un canvi d&#039;oficina i traslladem tot el nostre equip audiovisual a Cornell\u00e0 de Llobregat a C\/ Marina 20 - 22.\" \/>\n<meta property=\"og:url\" content=\"https:\/\/eikonos.com\/ca\/blog\/eikonos-canvi-doficina\/\" \/>\n<meta property=\"og:site_name\" content=\"EIKONOS\" \/>\n<meta property=\"article:publisher\" content=\"http:\/\/www.facebook.com\/pages\/Eikonos\/176324785746790\" \/>\n<meta property=\"article:published_time\" content=\"2017-09-05T14:47:19+00:00\" \/>\n<meta property=\"og:image\" content=\"https:\/\/eikonos.com\/wp-content\/uploads\/2017\/09\/Eikonos141.jpg\" \/>\n\t<meta property=\"og:image:width\" content=\"674\" \/>\n\t<meta property=\"og:image:height\" content=\"426\" \/>\n\t<meta property=\"og:image:type\" content=\"image\/jpeg\" \/>\n<meta name=\"author\" content=\"Xavi Eikonos\" \/>\n<meta name=\"twitter:card\" content=\"summary_large_image\" \/>\n<meta name=\"twitter:creator\" content=\"@eikonos_sa\" \/>\n<meta name=\"twitter:site\" content=\"@eikonos_sa\" \/>\n<meta name=\"twitter:label1\" content=\"Escrit per\" \/>\n\t<meta name=\"twitter:data1\" content=\"Xavi Eikonos\" \/>\n\t<meta name=\"twitter:label2\" content=\"Temps estimat de lectura\" \/>\n\t<meta name=\"twitter:data2\" content=\"3 minuts\" \/>\n<script type=\"application\/ld+json\" class=\"yoast-schema-graph\">{\"@context\":\"https:\/\/schema.org\",\"@graph\":[{\"@type\":\"Article\",\"@id\":\"https:\/\/eikonos.com\/ca\/blog\/eikonos-canvi-doficina\/#article\",\"isPartOf\":{\"@id\":\"https:\/\/eikonos.com\/ca\/blog\/eikonos-canvi-doficina\/\"},\"author\":{\"name\":\"Xavi Eikonos\",\"@id\":\"https:\/\/eikonos.com\/ca\/#\/schema\/person\/82032860cc314d826959b90595a5280a\"},\"headline\":\"Ens hem mudat! A EIKONOS hem canviat d\u2019oficina\",\"datePublished\":\"2017-09-05T14:47:19+00:00\",\"mainEntityOfPage\":{\"@id\":\"https:\/\/eikonos.com\/ca\/blog\/eikonos-canvi-doficina\/\"},\"wordCount\":511,\"commentCount\":0,\"publisher\":{\"@id\":\"https:\/\/eikonos.com\/ca\/#organization\"},\"image\":{\"@id\":\"https:\/\/eikonos.com\/ca\/blog\/eikonos-canvi-doficina\/#primaryimage\"},\"thumbnailUrl\":\"https:\/\/eikonos.com\/wp-content\/uploads\/2017\/09\/Eikonos141.jpg\",\"articleSection\":[\"Eikonos\"],\"inLanguage\":\"ca\",\"potentialAction\":[{\"@type\":\"CommentAction\",\"name\":\"Comment\",\"target\":[\"https:\/\/eikonos.com\/ca\/blog\/eikonos-canvi-doficina\/#respond\"]}]},{\"@type\":\"WebPage\",\"@id\":\"https:\/\/eikonos.com\/ca\/blog\/eikonos-canvi-doficina\/\",\"url\":\"https:\/\/eikonos.com\/ca\/blog\/eikonos-canvi-doficina\/\",\"name\":\"Ens hem mudat! A EIKONOS hem canviat d\u2019oficina\",\"isPartOf\":{\"@id\":\"https:\/\/eikonos.com\/ca\/#website\"},\"primaryImageOfPage\":{\"@id\":\"https:\/\/eikonos.com\/ca\/blog\/eikonos-canvi-doficina\/#primaryimage\"},\"image\":{\"@id\":\"https:\/\/eikonos.com\/ca\/blog\/eikonos-canvi-doficina\/#primaryimage\"},\"thumbnailUrl\":\"https:\/\/eikonos.com\/wp-content\/uploads\/2017\/09\/Eikonos141.jpg\",\"datePublished\":\"2017-09-05T14:47:19+00:00\",\"description\":\"A EIKONOS realitzem un canvi d'oficina i traslladem tot el nostre equip audiovisual a Cornell\u00e0 de Llobregat a C\/ Marina 20 - 22.\",\"breadcrumb\":{\"@id\":\"https:\/\/eikonos.com\/ca\/blog\/eikonos-canvi-doficina\/#breadcrumb\"},\"inLanguage\":\"ca\",\"potentialAction\":[{\"@type\":\"ReadAction\",\"target\":[\"https:\/\/eikonos.com\/ca\/blog\/eikonos-canvi-doficina\/\"]}]},{\"@type\":\"ImageObject\",\"inLanguage\":\"ca\",\"@id\":\"https:\/\/eikonos.com\/ca\/blog\/eikonos-canvi-doficina\/#primaryimage\",\"url\":\"https:\/\/eikonos.com\/wp-content\/uploads\/2017\/09\/Eikonos141.jpg\",\"contentUrl\":\"https:\/\/eikonos.com\/wp-content\/uploads\/2017\/09\/Eikonos141.jpg\",\"width\":674,\"height\":426,\"caption\":\"Eikonos cambio de oficina\"},{\"@type\":\"BreadcrumbList\",\"@id\":\"https:\/\/eikonos.com\/ca\/blog\/eikonos-canvi-doficina\/#breadcrumb\",\"itemListElement\":[{\"@type\":\"ListItem\",\"position\":1,\"name\":\"EIKONOS\",\"item\":\"https:\/\/eikonos.com\/ca\/inici\/\"},{\"@type\":\"ListItem\",\"position\":2,\"name\":\"Ens hem mudat! A EIKONOS hem canviat d\u2019oficina\"}]},{\"@type\":\"WebSite\",\"@id\":\"https:\/\/eikonos.com\/ca\/#website\",\"url\":\"https:\/\/eikonos.com\/ca\/\",\"name\":\"EIKONOS\",\"description\":\"EXPERIENCIA AUDIOVISUAL\",\"publisher\":{\"@id\":\"https:\/\/eikonos.com\/ca\/#organization\"},\"potentialAction\":[{\"@type\":\"SearchAction\",\"target\":{\"@type\":\"EntryPoint\",\"urlTemplate\":\"https:\/\/eikonos.com\/ca\/?s={search_term_string}\"},\"query-input\":{\"@type\":\"PropertyValueSpecification\",\"valueRequired\":true,\"valueName\":\"search_term_string\"}}],\"inLanguage\":\"ca\"},{\"@type\":\"Organization\",\"@id\":\"https:\/\/eikonos.com\/ca\/#organization\",\"name\":\"EIKONOS | Servicios Audiovisuales, eventos y alquiler de equipos\",\"url\":\"https:\/\/eikonos.com\/ca\/\",\"logo\":{\"@type\":\"ImageObject\",\"inLanguage\":\"ca\",\"@id\":\"https:\/\/eikonos.com\/ca\/#\/schema\/logo\/image\/\",\"url\":\"https:\/\/eikonos.com\/wp-content\/uploads\/2020\/08\/logo-color.png\",\"contentUrl\":\"https:\/\/eikonos.com\/wp-content\/uploads\/2020\/08\/logo-color.png\",\"width\":376,\"height\":122,\"caption\":\"EIKONOS | Servicios Audiovisuales, eventos y alquiler de equipos\"},\"image\":{\"@id\":\"https:\/\/eikonos.com\/ca\/#\/schema\/logo\/image\/\"},\"sameAs\":[\"http:\/\/www.facebook.com\/pages\/Eikonos\/176324785746790\",\"https:\/\/x.com\/eikonos_sa\",\"http:\/\/www.linkedin.com\/company\/eikonos\",\"http:\/\/www.youtube.com\/channel\/UC8wcizWaAYbfsuqVf9wIT6w\"]},{\"@type\":\"Person\",\"@id\":\"https:\/\/eikonos.com\/ca\/#\/schema\/person\/82032860cc314d826959b90595a5280a\",\"name\":\"Xavi Eikonos\",\"image\":{\"@type\":\"ImageObject\",\"inLanguage\":\"ca\",\"@id\":\"https:\/\/eikonos.com\/ca\/#\/schema\/person\/image\/\",\"url\":\"https:\/\/secure.gravatar.com\/avatar\/a6c6b51dd0ac6902701aab24a914f6febe1518f94a5ae06db08b3d6107248dfd?s=96&d=mm&r=g\",\"contentUrl\":\"https:\/\/secure.gravatar.com\/avatar\/a6c6b51dd0ac6902701aab24a914f6febe1518f94a5ae06db08b3d6107248dfd?s=96&d=mm&r=g\",\"caption\":\"Xavi Eikonos\"}}]}<\/script>\n<!-- \/ Yoast SEO plugin. -->","yoast_head_json":{"title":"Ens hem mudat! A EIKONOS hem canviat d\u2019oficina","description":"A EIKONOS realitzem un canvi d'oficina i traslladem tot el nostre equip audiovisual a Cornell\u00e0 de Llobregat a C\/ Marina 20 - 22.","robots":{"index":"index","follow":"follow","max-snippet":"max-snippet:-1","max-image-preview":"max-image-preview:large","max-video-preview":"max-video-preview:-1"},"canonical":"https:\/\/eikonos.com\/ca\/blog\/eikonos-canvi-doficina\/","og_locale":"ca_ES","og_type":"article","og_title":"Ens hem mudat! A EIKONOS hem canviat d\u2019oficina","og_description":"A EIKONOS realitzem un canvi d'oficina i traslladem tot el nostre equip audiovisual a Cornell\u00e0 de Llobregat a C\/ Marina 20 - 22.","og_url":"https:\/\/eikonos.com\/ca\/blog\/eikonos-canvi-doficina\/","og_site_name":"EIKONOS","article_publisher":"http:\/\/www.facebook.com\/pages\/Eikonos\/176324785746790","article_published_time":"2017-09-05T14:47:19+00:00","og_image":[{"width":674,"height":426,"url":"https:\/\/eikonos.com\/wp-content\/uploads\/2017\/09\/Eikonos141.jpg","type":"image\/jpeg"}],"author":"Xavi Eikonos","twitter_card":"summary_large_image","twitter_creator":"@eikonos_sa","twitter_site":"@eikonos_sa","twitter_misc":{"Escrit per":"Xavi Eikonos","Temps estimat de lectura":"3 minuts"},"schema":{"@context":"https:\/\/schema.org","@graph":[{"@type":"Article","@id":"https:\/\/eikonos.com\/ca\/blog\/eikonos-canvi-doficina\/#article","isPartOf":{"@id":"https:\/\/eikonos.com\/ca\/blog\/eikonos-canvi-doficina\/"},"author":{"name":"Xavi Eikonos","@id":"https:\/\/eikonos.com\/ca\/#\/schema\/person\/82032860cc314d826959b90595a5280a"},"headline":"Ens hem mudat! A EIKONOS hem canviat d\u2019oficina","datePublished":"2017-09-05T14:47:19+00:00","mainEntityOfPage":{"@id":"https:\/\/eikonos.com\/ca\/blog\/eikonos-canvi-doficina\/"},"wordCount":511,"commentCount":0,"publisher":{"@id":"https:\/\/eikonos.com\/ca\/#organization"},"image":{"@id":"https:\/\/eikonos.com\/ca\/blog\/eikonos-canvi-doficina\/#primaryimage"},"thumbnailUrl":"https:\/\/eikonos.com\/wp-content\/uploads\/2017\/09\/Eikonos141.jpg","articleSection":["Eikonos"],"inLanguage":"ca","potentialAction":[{"@type":"CommentAction","name":"Comment","target":["https:\/\/eikonos.com\/ca\/blog\/eikonos-canvi-doficina\/#respond"]}]},{"@type":"WebPage","@id":"https:\/\/eikonos.com\/ca\/blog\/eikonos-canvi-doficina\/","url":"https:\/\/eikonos.com\/ca\/blog\/eikonos-canvi-doficina\/","name":"Ens hem mudat! A EIKONOS hem canviat d\u2019oficina","isPartOf":{"@id":"https:\/\/eikonos.com\/ca\/#website"},"primaryImageOfPage":{"@id":"https:\/\/eikonos.com\/ca\/blog\/eikonos-canvi-doficina\/#primaryimage"},"image":{"@id":"https:\/\/eikonos.com\/ca\/blog\/eikonos-canvi-doficina\/#primaryimage"},"thumbnailUrl":"https:\/\/eikonos.com\/wp-content\/uploads\/2017\/09\/Eikonos141.jpg","datePublished":"2017-09-05T14:47:19+00:00","description":"A EIKONOS realitzem un canvi d'oficina i traslladem tot el nostre equip audiovisual a Cornell\u00e0 de Llobregat a C\/ Marina 20 - 22.","breadcrumb":{"@id":"https:\/\/eikonos.com\/ca\/blog\/eikonos-canvi-doficina\/#breadcrumb"},"inLanguage":"ca","potentialAction":[{"@type":"ReadAction","target":["https:\/\/eikonos.com\/ca\/blog\/eikonos-canvi-doficina\/"]}]},{"@type":"ImageObject","inLanguage":"ca","@id":"https:\/\/eikonos.com\/ca\/blog\/eikonos-canvi-doficina\/#primaryimage","url":"https:\/\/eikonos.com\/wp-content\/uploads\/2017\/09\/Eikonos141.jpg","contentUrl":"https:\/\/eikonos.com\/wp-content\/uploads\/2017\/09\/Eikonos141.jpg","width":674,"height":426,"caption":"Eikonos cambio de oficina"},{"@type":"BreadcrumbList","@id":"https:\/\/eikonos.com\/ca\/blog\/eikonos-canvi-doficina\/#breadcrumb","itemListElement":[{"@type":"ListItem","position":1,"name":"EIKONOS","item":"https:\/\/eikonos.com\/ca\/inici\/"},{"@type":"ListItem","position":2,"name":"Ens hem mudat! A EIKONOS hem canviat d\u2019oficina"}]},{"@type":"WebSite","@id":"https:\/\/eikonos.com\/ca\/#website","url":"https:\/\/eikonos.com\/ca\/","name":"EIKONOS","description":"EXPERIENCIA AUDIOVISUAL","publisher":{"@id":"https:\/\/eikonos.com\/ca\/#organization"},"potentialAction":[{"@type":"SearchAction","target":{"@type":"EntryPoint","urlTemplate":"https:\/\/eikonos.com\/ca\/?s={search_term_string}"},"query-input":{"@type":"PropertyValueSpecification","valueRequired":true,"valueName":"search_term_string"}}],"inLanguage":"ca"},{"@type":"Organization","@id":"https:\/\/eikonos.com\/ca\/#organization","name":"EIKONOS | Servicios Audiovisuales, eventos y alquiler de equipos","url":"https:\/\/eikonos.com\/ca\/","logo":{"@type":"ImageObject","inLanguage":"ca","@id":"https:\/\/eikonos.com\/ca\/#\/schema\/logo\/image\/","url":"https:\/\/eikonos.com\/wp-content\/uploads\/2020\/08\/logo-color.png","contentUrl":"https:\/\/eikonos.com\/wp-content\/uploads\/2020\/08\/logo-color.png","width":376,"height":122,"caption":"EIKONOS | Servicios Audiovisuales, eventos y alquiler de equipos"},"image":{"@id":"https:\/\/eikonos.com\/ca\/#\/schema\/logo\/image\/"},"sameAs":["http:\/\/www.facebook.com\/pages\/Eikonos\/176324785746790","https:\/\/x.com\/eikonos_sa","http:\/\/www.linkedin.com\/company\/eikonos","http:\/\/www.youtube.com\/channel\/UC8wcizWaAYbfsuqVf9wIT6w"]},{"@type":"Person","@id":"https:\/\/eikonos.com\/ca\/#\/schema\/person\/82032860cc314d826959b90595a5280a","name":"Xavi Eikonos","image":{"@type":"ImageObject","inLanguage":"ca","@id":"https:\/\/eikonos.com\/ca\/#\/schema\/person\/image\/","url":"https:\/\/secure.gravatar.com\/avatar\/a6c6b51dd0ac6902701aab24a914f6febe1518f94a5ae06db08b3d6107248dfd?s=96&d=mm&r=g","contentUrl":"https:\/\/secure.gravatar.com\/avatar\/a6c6b51dd0ac6902701aab24a914f6febe1518f94a5ae06db08b3d6107248dfd?s=96&d=mm&r=g","caption":"Xavi Eikonos"}}]}},"_links":{"self":[{"href":"https:\/\/eikonos.com\/ca\/wp-json\/wp\/v2\/posts\/4455","targetHints":{"allow":["GET"]}}],"collection":[{"href":"https:\/\/eikonos.com\/ca\/wp-json\/wp\/v2\/posts"}],"about":[{"href":"https:\/\/eikonos.com\/ca\/wp-json\/wp\/v2\/types\/post"}],"author":[{"embeddable":true,"href":"https:\/\/eikonos.com\/ca\/wp-json\/wp\/v2\/users\/6"}],"replies":[{"embeddable":true,"href":"https:\/\/eikonos.com\/ca\/wp-json\/wp\/v2\/comments?post=4455"}],"version-history":[{"count":0,"href":"https:\/\/eikonos.com\/ca\/wp-json\/wp\/v2\/posts\/4455\/revisions"}],"wp:featuredmedia":[{"embeddable":true,"href":"https:\/\/eikonos.com\/ca\/wp-json\/wp\/v2\/media\/4450"}],"wp:attachment":[{"href":"https:\/\/eikonos.com\/ca\/wp-json\/wp\/v2\/media?parent=4455"}],"wp:term":[{"taxonomy":"category","embeddable":true,"href":"https:\/\/eikonos.com\/ca\/wp-json\/wp\/v2\/categories?post=4455"},{"taxonomy":"post_tag","embeddable":true,"href":"https:\/\/eikonos.com\/ca\/wp-json\/wp\/v2\/tags?post=4455"}],"curies":[{"name":"wp","href":"https:\/\/api.w.org\/{rel}","templated":true}]}}