{"id":4435,"date":"2017-08-29T16:28:33","date_gmt":"2017-08-29T14:28:33","guid":{"rendered":"http:\/\/eikonos.com\/?p=4435"},"modified":"2017-08-29T16:28:33","modified_gmt":"2017-08-29T14:28:33","slug":"quan-el-lloguer-de-pantalles-led-es-una-bona-opcio-per-esdeveniments","status":"publish","type":"post","link":"https:\/\/eikonos.com\/ca\/blog\/quan-el-lloguer-de-pantalles-led-es-una-bona-opcio-per-esdeveniments\/","title":{"rendered":"Quan el lloguer de pantalles LED \u00e9s una bona opci\u00f3 per esdeveniments"},"content":{"rendered":"<p><span lang=\"CA\">Si la teva empresa o instituci\u00f3 est\u00e0 organitzant un esdeveniment, una de les q\u00fcestions que es caldr\u00e0 plantejar \u2013 o que probablement ja s\u2019estigui gestionant \u2013 \u00e9s el\u00a0<\/span><a href=\"https:\/\/eikonos.com\/ca\/serveis\/lloguer-equips\/\">lloguer d&#8217;equips audiovisuals<\/a>, una opci\u00f3 rentable que <a href=\"https:\/\/eikonos.com\/ca\/blog\/llogar-o-comprar-amortitzar-un-muntatge-audiovisual\/\">ajuda a amortitzar el muntatge<\/a>\u00a0i els costs, especialment en els projectes de curta durada.<\/p>\n<p><strong>El lloguer de pantalles LED per esdeveniments \u00e9s un clar exemple que demostra com \u00e9s possible comptar amb material professional de gran format sense necessitat de comprar-lo. <\/strong>Per\u00f2, per qu\u00e8 \u00e9s un recurs audiovisual tan efica\u00e7? Quines possibilitats ens ofereix?<\/p>\n<h2><span style=\"color: #ff0000;\">Gran capacitat lum\u00ednica<\/span><\/h2>\n<p><strong><span lang=\"CA\">Sense dubte, un dels grans avantatges de les pantalles LED \u00e9s la seva <b>adaptaci\u00f3 a l\u2019entorn, sigui\u00a0<\/b><\/span><\/strong><a href=\"https:\/\/eikonos.com\/ca\/blog\/les-pantalles-led-solucio-per-interiors-i-exteriors\/\"><strong>en interiors o en exteriors<\/strong><\/a><strong>.\u00a0 <\/strong><\/p>\n<p>Podem afirmar la necessitat de <strong>disposar de pantalles LED quan estem en una localitzaci\u00f3 en exterior en horari de llum solar i no podem enfosquir la zona de treball, <\/strong>i la llum natural pot anar a la nostra contra si fem \u00fas d\u2019un altre tipus de solucions audiovisuals, com pot ser la projecci\u00f3.<\/p>\n<p>De la mateixa manera, <strong>en un espai tancat <\/strong>com pot ser en un teatre o un auditori, les pantalles LED tamb\u00e9 s\u00f3n una bona soluci\u00f3 audiovisual, ja que probablement l\u2019equip d\u2019il\u00b7luminaci\u00f3 de la sala influiria en la seva visualitzaci\u00f3 correcta del contingut mostrant en la pantalla de projecci\u00f3. D\u2019aquesta manera ens assegurem de que els assistents gaudeixin d\u2019una bona visibilitat.<\/p>\n<h2><span style=\"color: #ff0000;\">Resoldre el dif\u00edcil posicionament dels projectors\u00a0<\/span><\/h2>\n<p>En el cas dels projectors, la instal\u00b7laci\u00f3 i posicionament en l\u2019espai de la pantalla, el projector i l\u2019espectador pot arribar a resultar un malson. \u00a0Si l\u2019assistent es situa entre la pantalla i el projector, la imatge es veure projectada en el seu cos i veure la seva silueta a mode de ombra a la pantalla. A vegades, <strong>la posici\u00f3 ideal del projector queda un camp de visi\u00f3 del p\u00fablic i pot afectar negativament a la seva experi\u00e8ncia. <\/strong>Tamb\u00e9, en funci\u00f3 de la mida de la pantalla desitjada, <strong>\u00e9s possible que no tinguem la dist\u00e0ncia de projecci\u00f3 suficient <\/strong>i haguem de combinar varis projectors amb la complicaci\u00f3 t\u00e8cnica i pressupost\u00e0ria que aix\u00f2 suposa.<\/p>\n<p>No obstant, amb les pantalles LED no passen aquestes limitacions: <strong>la pantalla LED emet per s\u00ed mateixa la imatge. <\/strong><\/p>\n<p>A EIKONOS sempre recordem la import\u00e0ncia de comptar amb un professional amb coneixements t\u00e8cnics que ens ajudi a la instal\u00b7laci\u00f3 i muntatge, i ens aporti seguretat per a que tot estigui en marxa el dia de l\u2019esdeveniment. Compta amb ell per a que t\u2019aconselli sobre la millor manera de disposar els diferents materials audiovisuals en l\u2019espai.<\/p>\n<h2><span style=\"color: #ff0000;\">Flexibilitat LED<\/span><\/h2>\n<p>Un altre dels seus avantatges \u00e9s l\u2019<strong>escalabilitat<\/strong>, \u00e9s a dir, la possibilitat de muntar pantalles de les mides que sigui necessari amb un material standard de lloguer i sense haver de comprar material addicional. Tamb\u00e9, la <strong>possibilitat de crear formes personalitzades, gr\u00e0cies als seus panels modulars <\/strong>que permeten crear formes diferents i que incl\u00fas es poden posar en moviment per mostrar el contingut, tan en diverses pantalles separats com units per formar una gran superf\u00edcie de v\u00eddeo.<\/p>\n<p>Amb aquestes caracter\u00edstiques, a m\u00e9s de convidar-nos a ser m\u00e9s creatius, podrem adaptar la pantalla segons en quins espais.<\/p>\n<h2><span style=\"color: #ff0000;\">L&#8217;atractiu del propi format<\/span><\/h2>\n<p>Als espectadors els hi agrada disposar d\u2019un gran espai de visualitzaci\u00f3, sense limitacions i amb la garantia de que podran veure el contingut audiovisual correctament. Aquests requisits fan que el lloguer de pantalles LED sigui un dels preferits en esdeveniments. A m\u00e9s, aquest tipus de <strong>pantalles juguen un paper important en l\u2019ambientaci\u00f3, ja que poden arribar a adquirir el rol d\u2019element arquitect\u00f2nic en s\u00ed mateix.<\/strong><\/p>\n<p>Vols comptar amb el <strong>servei de lloguer de pantalla LED d\u2019EIKONOS <\/strong>pel teu pr\u00f2xim esdeveniment corporatiu i assegurar-te de treballar amb els millors professionals? Fes que el teu esdeveniment es converteixi en una experi\u00e8ncia audiovisual. <strong><em>Parlem!<\/em><\/strong><\/p>\n<p><img loading=\"lazy\" decoding=\"async\" class=\"aligncenter wp-image-4119 size-full\" src=\"https:\/\/eikonos.com\/wp-content\/uploads\/2017\/05\/eikonos-cta-equips-audiovisuals-de-lloguer.png\" alt=\"\" width=\"741\" height=\"250\" srcset=\"https:\/\/eikonos.com\/wp-content\/uploads\/2017\/05\/eikonos-cta-equips-audiovisuals-de-lloguer.png 741w, https:\/\/eikonos.com\/wp-content\/uploads\/2017\/05\/eikonos-cta-equips-audiovisuals-de-lloguer-300x101.png 300w\" sizes=\"auto, (max-width: 741px) 100vw, 741px\" \/><\/p>\n","protected":false},"excerpt":{"rendered":"<p>Si la teva empresa o instituci\u00f3 est\u00e0 organitzant un esdeveniment, una de les q\u00fcestions que&#8230;<\/p>\n","protected":false},"author":6,"featured_media":4428,"comment_status":"open","ping_status":"open","sticky":false,"template":"","format":"standard","meta":{"_acf_changed":false,"footnotes":""},"categories":[262],"tags":[],"class_list":["post-4435","post","type-post","status-publish","format-standard","has-post-thumbnail","hentry","category-lloguer-dequips"],"acf":[],"yoast_head":"<!-- This site is optimized with the Yoast SEO plugin v26.3 - https:\/\/yoast.com\/wordpress\/plugins\/seo\/ -->\n<title>Lloguer de pantalles LED per esdeveniments: una bona opci\u00f3<\/title>\n<meta name=\"description\" content=\"El lloguer de pantalles LED per esdeveniments \u00e9s un recurs audiovisual eficaz cada vegada m\u00e9s utilitzat. T&#039;expliquem les possibilitats que ofereix.\" \/>\n<meta name=\"robots\" content=\"index, follow, max-snippet:-1, max-image-preview:large, max-video-preview:-1\" \/>\n<link rel=\"canonical\" href=\"https:\/\/eikonos.com\/ca\/blog\/quan-el-lloguer-de-pantalles-led-es-una-bona-opcio-per-esdeveniments\/\" \/>\n<meta property=\"og:locale\" content=\"ca_ES\" \/>\n<meta property=\"og:type\" content=\"article\" \/>\n<meta property=\"og:title\" content=\"Lloguer de pantalles LED per esdeveniments: una bona opci\u00f3\" \/>\n<meta property=\"og:description\" content=\"El lloguer de pantalles LED per esdeveniments \u00e9s un recurs audiovisual eficaz cada vegada m\u00e9s utilitzat. T&#039;expliquem les possibilitats que ofereix.\" \/>\n<meta property=\"og:url\" content=\"https:\/\/eikonos.com\/ca\/blog\/quan-el-lloguer-de-pantalles-led-es-una-bona-opcio-per-esdeveniments\/\" \/>\n<meta property=\"og:site_name\" content=\"EIKONOS\" \/>\n<meta property=\"article:publisher\" content=\"http:\/\/www.facebook.com\/pages\/Eikonos\/176324785746790\" \/>\n<meta property=\"article:published_time\" content=\"2017-08-29T14:28:33+00:00\" \/>\n<meta property=\"og:image\" content=\"https:\/\/eikonos.com\/wp-content\/uploads\/2017\/08\/Eikonos140.jpg\" \/>\n\t<meta property=\"og:image:width\" content=\"674\" \/>\n\t<meta property=\"og:image:height\" content=\"426\" \/>\n\t<meta property=\"og:image:type\" content=\"image\/jpeg\" \/>\n<meta name=\"author\" content=\"Xavi Eikonos\" \/>\n<meta name=\"twitter:card\" content=\"summary_large_image\" \/>\n<meta name=\"twitter:creator\" content=\"@eikonos_sa\" \/>\n<meta name=\"twitter:site\" content=\"@eikonos_sa\" \/>\n<meta name=\"twitter:label1\" content=\"Escrit per\" \/>\n\t<meta name=\"twitter:data1\" content=\"Xavi Eikonos\" \/>\n\t<meta name=\"twitter:label2\" content=\"Temps estimat de lectura\" \/>\n\t<meta name=\"twitter:data2\" content=\"3 minuts\" \/>\n<script type=\"application\/ld+json\" class=\"yoast-schema-graph\">{\"@context\":\"https:\/\/schema.org\",\"@graph\":[{\"@type\":\"Article\",\"@id\":\"https:\/\/eikonos.com\/ca\/blog\/quan-el-lloguer-de-pantalles-led-es-una-bona-opcio-per-esdeveniments\/#article\",\"isPartOf\":{\"@id\":\"https:\/\/eikonos.com\/ca\/blog\/quan-el-lloguer-de-pantalles-led-es-una-bona-opcio-per-esdeveniments\/\"},\"author\":{\"name\":\"Xavi Eikonos\",\"@id\":\"https:\/\/eikonos.com\/ca\/#\/schema\/person\/82032860cc314d826959b90595a5280a\"},\"headline\":\"Quan el lloguer de pantalles LED \u00e9s una bona opci\u00f3 per esdeveniments\",\"datePublished\":\"2017-08-29T14:28:33+00:00\",\"mainEntityOfPage\":{\"@id\":\"https:\/\/eikonos.com\/ca\/blog\/quan-el-lloguer-de-pantalles-led-es-una-bona-opcio-per-esdeveniments\/\"},\"wordCount\":679,\"commentCount\":0,\"publisher\":{\"@id\":\"https:\/\/eikonos.com\/ca\/#organization\"},\"image\":{\"@id\":\"https:\/\/eikonos.com\/ca\/blog\/quan-el-lloguer-de-pantalles-led-es-una-bona-opcio-per-esdeveniments\/#primaryimage\"},\"thumbnailUrl\":\"https:\/\/eikonos.com\/wp-content\/uploads\/2017\/08\/Eikonos140.jpg\",\"articleSection\":[\"Lloguer d'equips\"],\"inLanguage\":\"ca\",\"potentialAction\":[{\"@type\":\"CommentAction\",\"name\":\"Comment\",\"target\":[\"https:\/\/eikonos.com\/ca\/blog\/quan-el-lloguer-de-pantalles-led-es-una-bona-opcio-per-esdeveniments\/#respond\"]}]},{\"@type\":\"WebPage\",\"@id\":\"https:\/\/eikonos.com\/ca\/blog\/quan-el-lloguer-de-pantalles-led-es-una-bona-opcio-per-esdeveniments\/\",\"url\":\"https:\/\/eikonos.com\/ca\/blog\/quan-el-lloguer-de-pantalles-led-es-una-bona-opcio-per-esdeveniments\/\",\"name\":\"Lloguer de pantalles LED per esdeveniments: una bona opci\u00f3\",\"isPartOf\":{\"@id\":\"https:\/\/eikonos.com\/ca\/#website\"},\"primaryImageOfPage\":{\"@id\":\"https:\/\/eikonos.com\/ca\/blog\/quan-el-lloguer-de-pantalles-led-es-una-bona-opcio-per-esdeveniments\/#primaryimage\"},\"image\":{\"@id\":\"https:\/\/eikonos.com\/ca\/blog\/quan-el-lloguer-de-pantalles-led-es-una-bona-opcio-per-esdeveniments\/#primaryimage\"},\"thumbnailUrl\":\"https:\/\/eikonos.com\/wp-content\/uploads\/2017\/08\/Eikonos140.jpg\",\"datePublished\":\"2017-08-29T14:28:33+00:00\",\"description\":\"El lloguer de pantalles LED per esdeveniments \u00e9s un recurs audiovisual eficaz cada vegada m\u00e9s utilitzat. T'expliquem les possibilitats que ofereix.\",\"breadcrumb\":{\"@id\":\"https:\/\/eikonos.com\/ca\/blog\/quan-el-lloguer-de-pantalles-led-es-una-bona-opcio-per-esdeveniments\/#breadcrumb\"},\"inLanguage\":\"ca\",\"potentialAction\":[{\"@type\":\"ReadAction\",\"target\":[\"https:\/\/eikonos.com\/ca\/blog\/quan-el-lloguer-de-pantalles-led-es-una-bona-opcio-per-esdeveniments\/\"]}]},{\"@type\":\"ImageObject\",\"inLanguage\":\"ca\",\"@id\":\"https:\/\/eikonos.com\/ca\/blog\/quan-el-lloguer-de-pantalles-led-es-una-bona-opcio-per-esdeveniments\/#primaryimage\",\"url\":\"https:\/\/eikonos.com\/wp-content\/uploads\/2017\/08\/Eikonos140.jpg\",\"contentUrl\":\"https:\/\/eikonos.com\/wp-content\/uploads\/2017\/08\/Eikonos140.jpg\",\"width\":674,\"height\":426,\"caption\":\"pantalla led flexible\"},{\"@type\":\"BreadcrumbList\",\"@id\":\"https:\/\/eikonos.com\/ca\/blog\/quan-el-lloguer-de-pantalles-led-es-una-bona-opcio-per-esdeveniments\/#breadcrumb\",\"itemListElement\":[{\"@type\":\"ListItem\",\"position\":1,\"name\":\"EIKONOS\",\"item\":\"https:\/\/eikonos.com\/ca\/inici\/\"},{\"@type\":\"ListItem\",\"position\":2,\"name\":\"Quan el lloguer de pantalles LED \u00e9s una bona opci\u00f3 per esdeveniments\"}]},{\"@type\":\"WebSite\",\"@id\":\"https:\/\/eikonos.com\/ca\/#website\",\"url\":\"https:\/\/eikonos.com\/ca\/\",\"name\":\"EIKONOS\",\"description\":\"EXPERIENCIA AUDIOVISUAL\",\"publisher\":{\"@id\":\"https:\/\/eikonos.com\/ca\/#organization\"},\"potentialAction\":[{\"@type\":\"SearchAction\",\"target\":{\"@type\":\"EntryPoint\",\"urlTemplate\":\"https:\/\/eikonos.com\/ca\/?s={search_term_string}\"},\"query-input\":{\"@type\":\"PropertyValueSpecification\",\"valueRequired\":true,\"valueName\":\"search_term_string\"}}],\"inLanguage\":\"ca\"},{\"@type\":\"Organization\",\"@id\":\"https:\/\/eikonos.com\/ca\/#organization\",\"name\":\"EIKONOS | Servicios Audiovisuales, eventos y alquiler de equipos\",\"url\":\"https:\/\/eikonos.com\/ca\/\",\"logo\":{\"@type\":\"ImageObject\",\"inLanguage\":\"ca\",\"@id\":\"https:\/\/eikonos.com\/ca\/#\/schema\/logo\/image\/\",\"url\":\"https:\/\/eikonos.com\/wp-content\/uploads\/2020\/08\/logo-color.png\",\"contentUrl\":\"https:\/\/eikonos.com\/wp-content\/uploads\/2020\/08\/logo-color.png\",\"width\":376,\"height\":122,\"caption\":\"EIKONOS | Servicios Audiovisuales, eventos y alquiler de equipos\"},\"image\":{\"@id\":\"https:\/\/eikonos.com\/ca\/#\/schema\/logo\/image\/\"},\"sameAs\":[\"http:\/\/www.facebook.com\/pages\/Eikonos\/176324785746790\",\"https:\/\/x.com\/eikonos_sa\",\"http:\/\/www.linkedin.com\/company\/eikonos\",\"http:\/\/www.youtube.com\/channel\/UC8wcizWaAYbfsuqVf9wIT6w\"]},{\"@type\":\"Person\",\"@id\":\"https:\/\/eikonos.com\/ca\/#\/schema\/person\/82032860cc314d826959b90595a5280a\",\"name\":\"Xavi Eikonos\",\"image\":{\"@type\":\"ImageObject\",\"inLanguage\":\"ca\",\"@id\":\"https:\/\/eikonos.com\/ca\/#\/schema\/person\/image\/\",\"url\":\"https:\/\/secure.gravatar.com\/avatar\/a6c6b51dd0ac6902701aab24a914f6febe1518f94a5ae06db08b3d6107248dfd?s=96&d=mm&r=g\",\"contentUrl\":\"https:\/\/secure.gravatar.com\/avatar\/a6c6b51dd0ac6902701aab24a914f6febe1518f94a5ae06db08b3d6107248dfd?s=96&d=mm&r=g\",\"caption\":\"Xavi Eikonos\"}}]}<\/script>\n<!-- \/ Yoast SEO plugin. -->","yoast_head_json":{"title":"Lloguer de pantalles LED per esdeveniments: una bona opci\u00f3","description":"El lloguer de pantalles LED per esdeveniments \u00e9s un recurs audiovisual eficaz cada vegada m\u00e9s utilitzat. T'expliquem les possibilitats que ofereix.","robots":{"index":"index","follow":"follow","max-snippet":"max-snippet:-1","max-image-preview":"max-image-preview:large","max-video-preview":"max-video-preview:-1"},"canonical":"https:\/\/eikonos.com\/ca\/blog\/quan-el-lloguer-de-pantalles-led-es-una-bona-opcio-per-esdeveniments\/","og_locale":"ca_ES","og_type":"article","og_title":"Lloguer de pantalles LED per esdeveniments: una bona opci\u00f3","og_description":"El lloguer de pantalles LED per esdeveniments \u00e9s un recurs audiovisual eficaz cada vegada m\u00e9s utilitzat. T'expliquem les possibilitats que ofereix.","og_url":"https:\/\/eikonos.com\/ca\/blog\/quan-el-lloguer-de-pantalles-led-es-una-bona-opcio-per-esdeveniments\/","og_site_name":"EIKONOS","article_publisher":"http:\/\/www.facebook.com\/pages\/Eikonos\/176324785746790","article_published_time":"2017-08-29T14:28:33+00:00","og_image":[{"width":674,"height":426,"url":"https:\/\/eikonos.com\/wp-content\/uploads\/2017\/08\/Eikonos140.jpg","type":"image\/jpeg"}],"author":"Xavi Eikonos","twitter_card":"summary_large_image","twitter_creator":"@eikonos_sa","twitter_site":"@eikonos_sa","twitter_misc":{"Escrit per":"Xavi Eikonos","Temps estimat de lectura":"3 minuts"},"schema":{"@context":"https:\/\/schema.org","@graph":[{"@type":"Article","@id":"https:\/\/eikonos.com\/ca\/blog\/quan-el-lloguer-de-pantalles-led-es-una-bona-opcio-per-esdeveniments\/#article","isPartOf":{"@id":"https:\/\/eikonos.com\/ca\/blog\/quan-el-lloguer-de-pantalles-led-es-una-bona-opcio-per-esdeveniments\/"},"author":{"name":"Xavi Eikonos","@id":"https:\/\/eikonos.com\/ca\/#\/schema\/person\/82032860cc314d826959b90595a5280a"},"headline":"Quan el lloguer de pantalles LED \u00e9s una bona opci\u00f3 per esdeveniments","datePublished":"2017-08-29T14:28:33+00:00","mainEntityOfPage":{"@id":"https:\/\/eikonos.com\/ca\/blog\/quan-el-lloguer-de-pantalles-led-es-una-bona-opcio-per-esdeveniments\/"},"wordCount":679,"commentCount":0,"publisher":{"@id":"https:\/\/eikonos.com\/ca\/#organization"},"image":{"@id":"https:\/\/eikonos.com\/ca\/blog\/quan-el-lloguer-de-pantalles-led-es-una-bona-opcio-per-esdeveniments\/#primaryimage"},"thumbnailUrl":"https:\/\/eikonos.com\/wp-content\/uploads\/2017\/08\/Eikonos140.jpg","articleSection":["Lloguer d'equips"],"inLanguage":"ca","potentialAction":[{"@type":"CommentAction","name":"Comment","target":["https:\/\/eikonos.com\/ca\/blog\/quan-el-lloguer-de-pantalles-led-es-una-bona-opcio-per-esdeveniments\/#respond"]}]},{"@type":"WebPage","@id":"https:\/\/eikonos.com\/ca\/blog\/quan-el-lloguer-de-pantalles-led-es-una-bona-opcio-per-esdeveniments\/","url":"https:\/\/eikonos.com\/ca\/blog\/quan-el-lloguer-de-pantalles-led-es-una-bona-opcio-per-esdeveniments\/","name":"Lloguer de pantalles LED per esdeveniments: una bona opci\u00f3","isPartOf":{"@id":"https:\/\/eikonos.com\/ca\/#website"},"primaryImageOfPage":{"@id":"https:\/\/eikonos.com\/ca\/blog\/quan-el-lloguer-de-pantalles-led-es-una-bona-opcio-per-esdeveniments\/#primaryimage"},"image":{"@id":"https:\/\/eikonos.com\/ca\/blog\/quan-el-lloguer-de-pantalles-led-es-una-bona-opcio-per-esdeveniments\/#primaryimage"},"thumbnailUrl":"https:\/\/eikonos.com\/wp-content\/uploads\/2017\/08\/Eikonos140.jpg","datePublished":"2017-08-29T14:28:33+00:00","description":"El lloguer de pantalles LED per esdeveniments \u00e9s un recurs audiovisual eficaz cada vegada m\u00e9s utilitzat. T'expliquem les possibilitats que ofereix.","breadcrumb":{"@id":"https:\/\/eikonos.com\/ca\/blog\/quan-el-lloguer-de-pantalles-led-es-una-bona-opcio-per-esdeveniments\/#breadcrumb"},"inLanguage":"ca","potentialAction":[{"@type":"ReadAction","target":["https:\/\/eikonos.com\/ca\/blog\/quan-el-lloguer-de-pantalles-led-es-una-bona-opcio-per-esdeveniments\/"]}]},{"@type":"ImageObject","inLanguage":"ca","@id":"https:\/\/eikonos.com\/ca\/blog\/quan-el-lloguer-de-pantalles-led-es-una-bona-opcio-per-esdeveniments\/#primaryimage","url":"https:\/\/eikonos.com\/wp-content\/uploads\/2017\/08\/Eikonos140.jpg","contentUrl":"https:\/\/eikonos.com\/wp-content\/uploads\/2017\/08\/Eikonos140.jpg","width":674,"height":426,"caption":"pantalla led flexible"},{"@type":"BreadcrumbList","@id":"https:\/\/eikonos.com\/ca\/blog\/quan-el-lloguer-de-pantalles-led-es-una-bona-opcio-per-esdeveniments\/#breadcrumb","itemListElement":[{"@type":"ListItem","position":1,"name":"EIKONOS","item":"https:\/\/eikonos.com\/ca\/inici\/"},{"@type":"ListItem","position":2,"name":"Quan el lloguer de pantalles LED \u00e9s una bona opci\u00f3 per esdeveniments"}]},{"@type":"WebSite","@id":"https:\/\/eikonos.com\/ca\/#website","url":"https:\/\/eikonos.com\/ca\/","name":"EIKONOS","description":"EXPERIENCIA AUDIOVISUAL","publisher":{"@id":"https:\/\/eikonos.com\/ca\/#organization"},"potentialAction":[{"@type":"SearchAction","target":{"@type":"EntryPoint","urlTemplate":"https:\/\/eikonos.com\/ca\/?s={search_term_string}"},"query-input":{"@type":"PropertyValueSpecification","valueRequired":true,"valueName":"search_term_string"}}],"inLanguage":"ca"},{"@type":"Organization","@id":"https:\/\/eikonos.com\/ca\/#organization","name":"EIKONOS | Servicios Audiovisuales, eventos y alquiler de equipos","url":"https:\/\/eikonos.com\/ca\/","logo":{"@type":"ImageObject","inLanguage":"ca","@id":"https:\/\/eikonos.com\/ca\/#\/schema\/logo\/image\/","url":"https:\/\/eikonos.com\/wp-content\/uploads\/2020\/08\/logo-color.png","contentUrl":"https:\/\/eikonos.com\/wp-content\/uploads\/2020\/08\/logo-color.png","width":376,"height":122,"caption":"EIKONOS | Servicios Audiovisuales, eventos y alquiler de equipos"},"image":{"@id":"https:\/\/eikonos.com\/ca\/#\/schema\/logo\/image\/"},"sameAs":["http:\/\/www.facebook.com\/pages\/Eikonos\/176324785746790","https:\/\/x.com\/eikonos_sa","http:\/\/www.linkedin.com\/company\/eikonos","http:\/\/www.youtube.com\/channel\/UC8wcizWaAYbfsuqVf9wIT6w"]},{"@type":"Person","@id":"https:\/\/eikonos.com\/ca\/#\/schema\/person\/82032860cc314d826959b90595a5280a","name":"Xavi Eikonos","image":{"@type":"ImageObject","inLanguage":"ca","@id":"https:\/\/eikonos.com\/ca\/#\/schema\/person\/image\/","url":"https:\/\/secure.gravatar.com\/avatar\/a6c6b51dd0ac6902701aab24a914f6febe1518f94a5ae06db08b3d6107248dfd?s=96&d=mm&r=g","contentUrl":"https:\/\/secure.gravatar.com\/avatar\/a6c6b51dd0ac6902701aab24a914f6febe1518f94a5ae06db08b3d6107248dfd?s=96&d=mm&r=g","caption":"Xavi Eikonos"}}]}},"_links":{"self":[{"href":"https:\/\/eikonos.com\/ca\/wp-json\/wp\/v2\/posts\/4435","targetHints":{"allow":["GET"]}}],"collection":[{"href":"https:\/\/eikonos.com\/ca\/wp-json\/wp\/v2\/posts"}],"about":[{"href":"https:\/\/eikonos.com\/ca\/wp-json\/wp\/v2\/types\/post"}],"author":[{"embeddable":true,"href":"https:\/\/eikonos.com\/ca\/wp-json\/wp\/v2\/users\/6"}],"replies":[{"embeddable":true,"href":"https:\/\/eikonos.com\/ca\/wp-json\/wp\/v2\/comments?post=4435"}],"version-history":[{"count":0,"href":"https:\/\/eikonos.com\/ca\/wp-json\/wp\/v2\/posts\/4435\/revisions"}],"wp:featuredmedia":[{"embeddable":true,"href":"https:\/\/eikonos.com\/ca\/wp-json\/wp\/v2\/media\/4428"}],"wp:attachment":[{"href":"https:\/\/eikonos.com\/ca\/wp-json\/wp\/v2\/media?parent=4435"}],"wp:term":[{"taxonomy":"category","embeddable":true,"href":"https:\/\/eikonos.com\/ca\/wp-json\/wp\/v2\/categories?post=4435"},{"taxonomy":"post_tag","embeddable":true,"href":"https:\/\/eikonos.com\/ca\/wp-json\/wp\/v2\/tags?post=4435"}],"curies":[{"name":"wp","href":"https:\/\/api.w.org\/{rel}","templated":true}]}}