{"id":4389,"date":"2017-07-25T15:15:34","date_gmt":"2017-07-25T13:15:34","guid":{"rendered":"http:\/\/eikonos.com\/?p=4389"},"modified":"2017-07-25T15:15:34","modified_gmt":"2017-07-25T13:15:34","slug":"sales-de-reunions-colaboratives-un-nou-espai-audiovisual","status":"publish","type":"post","link":"https:\/\/eikonos.com\/ca\/blog\/sales-de-reunions-colaboratives-un-nou-espai-audiovisual\/","title":{"rendered":"Sales de reunions col\u2022laboratives, un nou espai audiovisual"},"content":{"rendered":"<p>Els recursos audiovisuals ja formen part, i cada cop m\u00e9s, de les sales de reunions i espais de negocis com a suort que ajuden a transmetre molt millor les nostres idees, optimitzar el temps i facilitar la creaci\u00f3 d\u2019un entorn col\u00b7laboratiu \u00f2ptim.<\/p>\n<p>D\u2019aquesta manera, ha anat creixent el concepte de <strong>sales de reunions col\u00b7laboratives, <\/strong>en el que les empreses aposten per incorporar\u00a0<a href=\"https:\/\/eikonos.com\/servicios\/alquiler-de-equipos\/\">el millor equip audiovisual<\/a>\u00a0<span lang=\"CA\">que millor que s\u2019adapti a les teves necessitats.\u00a0<\/span><\/p>\n<h2><span style=\"color: #ff0000;\">Un entorn que convida al treball en equip<\/span><\/h2>\n<p>En el m\u00f3n audiovisual i la tecnologia, renovar-se \u00e9s una pr\u00e0ctica constant per resoldre les necessitats dels assistents i seguir sorprenent-los amb nous formats, noves maneres d\u2019abast les presentacions i noves propostes d\u2019interactivitat.<\/p>\n<p>En una sala de reuni\u00f3, <strong>la participaci\u00f3 i col\u00b7laboraci\u00f3 s\u00f3n essencials per a que el flux de treball i les idees acabin derivant en un conjunt de conclusions \u00fatils i efectives pel negoci. <\/strong>El concepte d\u2019organitzacions transversals amb relacions en forma de xarxa s\u2019est\u00e0 imposant a les tradicionals estructures piramidals i d\u2019una sola direcci\u00f3 de fluc d\u2019informaci\u00f3 de dalt cap a baix. Per aquesta ra\u00f3 en els nostres espais de reuni\u00f3, disposar de sistemes que permetin la comunicaci\u00f3 no nom\u00e9s verbal dels assistents, augmenta de manera exponencials els resultats de qualsevol reuni\u00f3 interna, presentaci\u00f3 a clients, formaci\u00f3&#8230;<\/p>\n<p>Els equips ens han de permetre diferents usos. Des de Monitors T\u00e0ctils que poden ser utilitzats com a pissarres interactives o taules pel treball en equips de petits grups, a la possibilitat de connectar multitud de dispositius personals com port\u00e0tils o tablets al sistema general de la sala de manera que tot el m\u00f3n pugui visualitzar les aportacions de qualsevol assistents com projectors, monitors o pantalles LED.<\/p>\n<p>\u00c9s important que el disseny de la instal\u00b7laci\u00f3 faciliti un \u00fas intu\u00eftiu per part dels participats de la reuni\u00f3, a difer\u00e8ncia de sistemes massa complexes que necessiten l\u2019assist\u00e8ncia imprescindible de personal t\u00e8cnics especialitzat o d\u2019una formaci\u00f3 pr\u00e8via costosa. Per aquest prop\u00f2sit els dispositius t\u00e0ctils s\u00f3n perfectes per a una relaci\u00f3 home-m\u00e0quina \u00e0gil i amistosa.<\/p>\n<p>&nbsp;<\/p>\n<h2><span style=\"color: #ff0000;\">Recursos audiovisuals per a sales de reunions interactives<\/span><\/h2>\n<p>Ara ja sabem la import\u00e0ncia d\u2019aquesta equips audiovisuals en el nostre espai de debat. Per\u00f2, amb quins equips hem de comptar per tenir una instal\u00b7laci\u00f3 vers\u00e0til i rentable?<\/p>\n<p>Per una banda, estan els elements b\u00e0sics:<\/p>\n<ul>\n<li>\u00a0<strong style=\"color: #ff0000;\">Projectors de v\u00eddeo<\/strong><\/li>\n<\/ul>\n<p><a href=\"https:\/\/eikonos.com\/blog\/proyector-video-reuniones\/\">Els projectors de v\u00eddeo<\/a>, les quals segueixen sent una de les millors maneres de mostrar en gran format informaci\u00f3 de tot tipus. La nostra costum d\u2019exposar mitjan\u00e7ant un set de diapositives que fa que el projector sigui el recurs m\u00e9s utilitzat.<\/p>\n<p>No obstant, un altre tipus de solucions audiovisuals tamb\u00e9 poden servir com a suport per aquest tipus d\u2019ocasions, que poden complementar el desplegament audiovisual de la reuni\u00f3, com els monitors de v\u00eddeo de gran format o pantalles modulars LED.<\/p>\n<ul>\n<li>\u00a0<strong style=\"color: #ff0000;\">Sistemes d&#8217;\u00e0udio<\/strong><\/li>\n<\/ul>\n<p>Aquest recurs audiovisual \u00e9s avui en dia absolutament imprescindible. <strong>Un bon equip d\u2019\u00e0udio millorar\u00e0 indiscutiblement la comunicaci\u00f3, i completar\u00e0 la experi\u00e8ncia d\u2019usuari que busquem. <\/strong>Necessitem poder transmetre amb claredat qualsevol \u00e0udio necessari, ja sigui provinent de un v\u00eddeo conferencia, d\u2019una v\u00eddeotrucada, d\u2019un tel\u00e8fon, d\u2019un ordinador, etc.<\/p>\n<p>En els casos necessaris haurem d\u2019integrar, com no, la microfonia adequada per a que els assistents puguin comunicar-se.<\/p>\n<p>Per altra, els que els permeten evolucionar cap a una major interacci\u00f3 entre els assistents ja sigui f\u00edsicament a la sala o a dist\u00e0ncia.<\/p>\n<p>La instal\u00b7laci\u00f3 d\u2019estacions individuals fixes a una taula de reunions \u00e9s una de les tend\u00e8ncies, tot i que tamb\u00e9 es pugui integrar dispositius eventuals (tablets, port\u00e0tils) gr\u00e0cies a la tecnologia wifi, i els equips que permetin aquest treball col\u00b7laboratiu tant en l\u2019empresa com en l\u2019escola.<\/p>\n<p>Pissarres interactives o taules t\u00e0ctils s\u00f3n avui en dia elements que milloren incre\u00efblement el nostre rendiment grupal al permetre una major naturalitat en la interacci\u00f3 amb dades, gr\u00e0fics o altres tipus d\u2019informaci\u00f3 que vulguem compartir.<\/p>\n<p>Per \u00faltim, una connexi\u00f3 de dades potent \u00e9s una exig\u00e8ncia m\u00ednima en aquest tipus d\u2019instal\u00b7lacions. La nostra relaci\u00f3 amb la xarxa i la quantitat d\u2019informaci\u00f3 que obtindrem d\u2019aquesta ens determinen que la velocitat de dades contractades sigui l\u2019adequada.<\/p>\n<p>Vols organitzar una reuni\u00f3 amb un equip audiovisual de qualitat per a que sigui m\u00e9s interactiva i aconseguir un major feedback dels assistents? <strong><em>Parlem!<\/em><\/strong><\/p>\n<p><img loading=\"lazy\" decoding=\"async\" class=\"aligncenter wp-image-4119 size-full\" src=\"https:\/\/eikonos.com\/wp-content\/uploads\/2017\/05\/eikonos-cta-equips-audiovisuals-de-lloguer.png\" alt=\"\" width=\"741\" height=\"250\" srcset=\"https:\/\/eikonos.com\/wp-content\/uploads\/2017\/05\/eikonos-cta-equips-audiovisuals-de-lloguer.png 741w, https:\/\/eikonos.com\/wp-content\/uploads\/2017\/05\/eikonos-cta-equips-audiovisuals-de-lloguer-300x101.png 300w\" sizes=\"auto, (max-width: 741px) 100vw, 741px\" \/><\/p>\n","protected":false},"excerpt":{"rendered":"<p>Els recursos audiovisuals ja formen part, i cada cop m\u00e9s, de les sales de reunions&#8230;<\/p>\n","protected":false},"author":6,"featured_media":4390,"comment_status":"open","ping_status":"open","sticky":false,"template":"","format":"standard","meta":{"_acf_changed":false,"footnotes":""},"categories":[255],"tags":[],"class_list":["post-4389","post","type-post","status-publish","format-standard","has-post-thumbnail","hentry","category-installacions-fixes"],"acf":[],"yoast_head":"<!-- This site is optimized with the Yoast SEO plugin v26.3 - https:\/\/yoast.com\/wordpress\/plugins\/seo\/ -->\n<title>Sales de reunions col\u2022laboratives, un nou espai audiovisual<\/title>\n<meta name=\"description\" content=\"Els recursos audiovisuals formen part de les sales de reunions i espais de negoci com un suport que ens ajuda a transmetre el missatge.\" \/>\n<meta name=\"robots\" content=\"index, follow, max-snippet:-1, max-image-preview:large, max-video-preview:-1\" \/>\n<link rel=\"canonical\" href=\"https:\/\/eikonos.com\/ca\/blog\/sales-de-reunions-colaboratives-un-nou-espai-audiovisual\/\" \/>\n<meta property=\"og:locale\" content=\"ca_ES\" \/>\n<meta property=\"og:type\" content=\"article\" \/>\n<meta property=\"og:title\" content=\"Sales de reunions col\u2022laboratives, un nou espai audiovisual\" \/>\n<meta property=\"og:description\" content=\"Els recursos audiovisuals formen part de les sales de reunions i espais de negoci com un suport que ens ajuda a transmetre el missatge.\" \/>\n<meta property=\"og:url\" content=\"https:\/\/eikonos.com\/ca\/blog\/sales-de-reunions-colaboratives-un-nou-espai-audiovisual\/\" \/>\n<meta property=\"og:site_name\" content=\"EIKONOS\" \/>\n<meta property=\"article:publisher\" content=\"http:\/\/www.facebook.com\/pages\/Eikonos\/176324785746790\" \/>\n<meta property=\"article:published_time\" content=\"2017-07-25T13:15:34+00:00\" \/>\n<meta property=\"og:image\" content=\"https:\/\/eikonos.com\/wp-content\/uploads\/2017\/08\/Eikonos136.jpg\" \/>\n\t<meta property=\"og:image:width\" content=\"674\" \/>\n\t<meta property=\"og:image:height\" content=\"426\" \/>\n\t<meta property=\"og:image:type\" content=\"image\/jpeg\" \/>\n<meta name=\"author\" content=\"Xavi Eikonos\" \/>\n<meta name=\"twitter:card\" content=\"summary_large_image\" \/>\n<meta name=\"twitter:creator\" content=\"@eikonos_sa\" \/>\n<meta name=\"twitter:site\" content=\"@eikonos_sa\" \/>\n<meta name=\"twitter:label1\" content=\"Escrit per\" \/>\n\t<meta name=\"twitter:data1\" content=\"Xavi Eikonos\" \/>\n\t<meta name=\"twitter:label2\" content=\"Temps estimat de lectura\" \/>\n\t<meta name=\"twitter:data2\" content=\"4 minuts\" \/>\n<script type=\"application\/ld+json\" class=\"yoast-schema-graph\">{\"@context\":\"https:\/\/schema.org\",\"@graph\":[{\"@type\":\"Article\",\"@id\":\"https:\/\/eikonos.com\/ca\/blog\/sales-de-reunions-colaboratives-un-nou-espai-audiovisual\/#article\",\"isPartOf\":{\"@id\":\"https:\/\/eikonos.com\/ca\/blog\/sales-de-reunions-colaboratives-un-nou-espai-audiovisual\/\"},\"author\":{\"name\":\"Xavi Eikonos\",\"@id\":\"https:\/\/eikonos.com\/ca\/#\/schema\/person\/82032860cc314d826959b90595a5280a\"},\"headline\":\"Sales de reunions col\u2022laboratives, un nou espai audiovisual\",\"datePublished\":\"2017-07-25T13:15:34+00:00\",\"mainEntityOfPage\":{\"@id\":\"https:\/\/eikonos.com\/ca\/blog\/sales-de-reunions-colaboratives-un-nou-espai-audiovisual\/\"},\"wordCount\":779,\"commentCount\":0,\"publisher\":{\"@id\":\"https:\/\/eikonos.com\/ca\/#organization\"},\"image\":{\"@id\":\"https:\/\/eikonos.com\/ca\/blog\/sales-de-reunions-colaboratives-un-nou-espai-audiovisual\/#primaryimage\"},\"thumbnailUrl\":\"https:\/\/eikonos.com\/wp-content\/uploads\/2017\/08\/Eikonos136.jpg\",\"articleSection\":[\"Instal\u00b7lacions fixes\"],\"inLanguage\":\"ca\",\"potentialAction\":[{\"@type\":\"CommentAction\",\"name\":\"Comment\",\"target\":[\"https:\/\/eikonos.com\/ca\/blog\/sales-de-reunions-colaboratives-un-nou-espai-audiovisual\/#respond\"]}]},{\"@type\":\"WebPage\",\"@id\":\"https:\/\/eikonos.com\/ca\/blog\/sales-de-reunions-colaboratives-un-nou-espai-audiovisual\/\",\"url\":\"https:\/\/eikonos.com\/ca\/blog\/sales-de-reunions-colaboratives-un-nou-espai-audiovisual\/\",\"name\":\"Sales de reunions col\u2022laboratives, un nou espai audiovisual\",\"isPartOf\":{\"@id\":\"https:\/\/eikonos.com\/ca\/#website\"},\"primaryImageOfPage\":{\"@id\":\"https:\/\/eikonos.com\/ca\/blog\/sales-de-reunions-colaboratives-un-nou-espai-audiovisual\/#primaryimage\"},\"image\":{\"@id\":\"https:\/\/eikonos.com\/ca\/blog\/sales-de-reunions-colaboratives-un-nou-espai-audiovisual\/#primaryimage\"},\"thumbnailUrl\":\"https:\/\/eikonos.com\/wp-content\/uploads\/2017\/08\/Eikonos136.jpg\",\"datePublished\":\"2017-07-25T13:15:34+00:00\",\"description\":\"Els recursos audiovisuals formen part de les sales de reunions i espais de negoci com un suport que ens ajuda a transmetre el missatge.\",\"breadcrumb\":{\"@id\":\"https:\/\/eikonos.com\/ca\/blog\/sales-de-reunions-colaboratives-un-nou-espai-audiovisual\/#breadcrumb\"},\"inLanguage\":\"ca\",\"potentialAction\":[{\"@type\":\"ReadAction\",\"target\":[\"https:\/\/eikonos.com\/ca\/blog\/sales-de-reunions-colaboratives-un-nou-espai-audiovisual\/\"]}]},{\"@type\":\"ImageObject\",\"inLanguage\":\"ca\",\"@id\":\"https:\/\/eikonos.com\/ca\/blog\/sales-de-reunions-colaboratives-un-nou-espai-audiovisual\/#primaryimage\",\"url\":\"https:\/\/eikonos.com\/wp-content\/uploads\/2017\/08\/Eikonos136.jpg\",\"contentUrl\":\"https:\/\/eikonos.com\/wp-content\/uploads\/2017\/08\/Eikonos136.jpg\",\"width\":674,\"height\":426,\"caption\":\"Salas de reuniones colaborativas\"},{\"@type\":\"BreadcrumbList\",\"@id\":\"https:\/\/eikonos.com\/ca\/blog\/sales-de-reunions-colaboratives-un-nou-espai-audiovisual\/#breadcrumb\",\"itemListElement\":[{\"@type\":\"ListItem\",\"position\":1,\"name\":\"EIKONOS\",\"item\":\"https:\/\/eikonos.com\/ca\/inici\/\"},{\"@type\":\"ListItem\",\"position\":2,\"name\":\"Sales de reunions col\u2022laboratives, un nou espai audiovisual\"}]},{\"@type\":\"WebSite\",\"@id\":\"https:\/\/eikonos.com\/ca\/#website\",\"url\":\"https:\/\/eikonos.com\/ca\/\",\"name\":\"EIKONOS\",\"description\":\"EXPERIENCIA AUDIOVISUAL\",\"publisher\":{\"@id\":\"https:\/\/eikonos.com\/ca\/#organization\"},\"potentialAction\":[{\"@type\":\"SearchAction\",\"target\":{\"@type\":\"EntryPoint\",\"urlTemplate\":\"https:\/\/eikonos.com\/ca\/?s={search_term_string}\"},\"query-input\":{\"@type\":\"PropertyValueSpecification\",\"valueRequired\":true,\"valueName\":\"search_term_string\"}}],\"inLanguage\":\"ca\"},{\"@type\":\"Organization\",\"@id\":\"https:\/\/eikonos.com\/ca\/#organization\",\"name\":\"EIKONOS | Servicios Audiovisuales, eventos y alquiler de equipos\",\"url\":\"https:\/\/eikonos.com\/ca\/\",\"logo\":{\"@type\":\"ImageObject\",\"inLanguage\":\"ca\",\"@id\":\"https:\/\/eikonos.com\/ca\/#\/schema\/logo\/image\/\",\"url\":\"https:\/\/eikonos.com\/wp-content\/uploads\/2020\/08\/logo-color.png\",\"contentUrl\":\"https:\/\/eikonos.com\/wp-content\/uploads\/2020\/08\/logo-color.png\",\"width\":376,\"height\":122,\"caption\":\"EIKONOS | Servicios Audiovisuales, eventos y alquiler de equipos\"},\"image\":{\"@id\":\"https:\/\/eikonos.com\/ca\/#\/schema\/logo\/image\/\"},\"sameAs\":[\"http:\/\/www.facebook.com\/pages\/Eikonos\/176324785746790\",\"https:\/\/x.com\/eikonos_sa\",\"http:\/\/www.linkedin.com\/company\/eikonos\",\"http:\/\/www.youtube.com\/channel\/UC8wcizWaAYbfsuqVf9wIT6w\"]},{\"@type\":\"Person\",\"@id\":\"https:\/\/eikonos.com\/ca\/#\/schema\/person\/82032860cc314d826959b90595a5280a\",\"name\":\"Xavi Eikonos\",\"image\":{\"@type\":\"ImageObject\",\"inLanguage\":\"ca\",\"@id\":\"https:\/\/eikonos.com\/ca\/#\/schema\/person\/image\/\",\"url\":\"https:\/\/secure.gravatar.com\/avatar\/a6c6b51dd0ac6902701aab24a914f6febe1518f94a5ae06db08b3d6107248dfd?s=96&d=mm&r=g\",\"contentUrl\":\"https:\/\/secure.gravatar.com\/avatar\/a6c6b51dd0ac6902701aab24a914f6febe1518f94a5ae06db08b3d6107248dfd?s=96&d=mm&r=g\",\"caption\":\"Xavi Eikonos\"}}]}<\/script>\n<!-- \/ Yoast SEO plugin. -->","yoast_head_json":{"title":"Sales de reunions col\u2022laboratives, un nou espai audiovisual","description":"Els recursos audiovisuals formen part de les sales de reunions i espais de negoci com un suport que ens ajuda a transmetre el missatge.","robots":{"index":"index","follow":"follow","max-snippet":"max-snippet:-1","max-image-preview":"max-image-preview:large","max-video-preview":"max-video-preview:-1"},"canonical":"https:\/\/eikonos.com\/ca\/blog\/sales-de-reunions-colaboratives-un-nou-espai-audiovisual\/","og_locale":"ca_ES","og_type":"article","og_title":"Sales de reunions col\u2022laboratives, un nou espai audiovisual","og_description":"Els recursos audiovisuals formen part de les sales de reunions i espais de negoci com un suport que ens ajuda a transmetre el missatge.","og_url":"https:\/\/eikonos.com\/ca\/blog\/sales-de-reunions-colaboratives-un-nou-espai-audiovisual\/","og_site_name":"EIKONOS","article_publisher":"http:\/\/www.facebook.com\/pages\/Eikonos\/176324785746790","article_published_time":"2017-07-25T13:15:34+00:00","og_image":[{"width":674,"height":426,"url":"https:\/\/eikonos.com\/wp-content\/uploads\/2017\/08\/Eikonos136.jpg","type":"image\/jpeg"}],"author":"Xavi Eikonos","twitter_card":"summary_large_image","twitter_creator":"@eikonos_sa","twitter_site":"@eikonos_sa","twitter_misc":{"Escrit per":"Xavi Eikonos","Temps estimat de lectura":"4 minuts"},"schema":{"@context":"https:\/\/schema.org","@graph":[{"@type":"Article","@id":"https:\/\/eikonos.com\/ca\/blog\/sales-de-reunions-colaboratives-un-nou-espai-audiovisual\/#article","isPartOf":{"@id":"https:\/\/eikonos.com\/ca\/blog\/sales-de-reunions-colaboratives-un-nou-espai-audiovisual\/"},"author":{"name":"Xavi Eikonos","@id":"https:\/\/eikonos.com\/ca\/#\/schema\/person\/82032860cc314d826959b90595a5280a"},"headline":"Sales de reunions col\u2022laboratives, un nou espai audiovisual","datePublished":"2017-07-25T13:15:34+00:00","mainEntityOfPage":{"@id":"https:\/\/eikonos.com\/ca\/blog\/sales-de-reunions-colaboratives-un-nou-espai-audiovisual\/"},"wordCount":779,"commentCount":0,"publisher":{"@id":"https:\/\/eikonos.com\/ca\/#organization"},"image":{"@id":"https:\/\/eikonos.com\/ca\/blog\/sales-de-reunions-colaboratives-un-nou-espai-audiovisual\/#primaryimage"},"thumbnailUrl":"https:\/\/eikonos.com\/wp-content\/uploads\/2017\/08\/Eikonos136.jpg","articleSection":["Instal\u00b7lacions fixes"],"inLanguage":"ca","potentialAction":[{"@type":"CommentAction","name":"Comment","target":["https:\/\/eikonos.com\/ca\/blog\/sales-de-reunions-colaboratives-un-nou-espai-audiovisual\/#respond"]}]},{"@type":"WebPage","@id":"https:\/\/eikonos.com\/ca\/blog\/sales-de-reunions-colaboratives-un-nou-espai-audiovisual\/","url":"https:\/\/eikonos.com\/ca\/blog\/sales-de-reunions-colaboratives-un-nou-espai-audiovisual\/","name":"Sales de reunions col\u2022laboratives, un nou espai audiovisual","isPartOf":{"@id":"https:\/\/eikonos.com\/ca\/#website"},"primaryImageOfPage":{"@id":"https:\/\/eikonos.com\/ca\/blog\/sales-de-reunions-colaboratives-un-nou-espai-audiovisual\/#primaryimage"},"image":{"@id":"https:\/\/eikonos.com\/ca\/blog\/sales-de-reunions-colaboratives-un-nou-espai-audiovisual\/#primaryimage"},"thumbnailUrl":"https:\/\/eikonos.com\/wp-content\/uploads\/2017\/08\/Eikonos136.jpg","datePublished":"2017-07-25T13:15:34+00:00","description":"Els recursos audiovisuals formen part de les sales de reunions i espais de negoci com un suport que ens ajuda a transmetre el missatge.","breadcrumb":{"@id":"https:\/\/eikonos.com\/ca\/blog\/sales-de-reunions-colaboratives-un-nou-espai-audiovisual\/#breadcrumb"},"inLanguage":"ca","potentialAction":[{"@type":"ReadAction","target":["https:\/\/eikonos.com\/ca\/blog\/sales-de-reunions-colaboratives-un-nou-espai-audiovisual\/"]}]},{"@type":"ImageObject","inLanguage":"ca","@id":"https:\/\/eikonos.com\/ca\/blog\/sales-de-reunions-colaboratives-un-nou-espai-audiovisual\/#primaryimage","url":"https:\/\/eikonos.com\/wp-content\/uploads\/2017\/08\/Eikonos136.jpg","contentUrl":"https:\/\/eikonos.com\/wp-content\/uploads\/2017\/08\/Eikonos136.jpg","width":674,"height":426,"caption":"Salas de reuniones colaborativas"},{"@type":"BreadcrumbList","@id":"https:\/\/eikonos.com\/ca\/blog\/sales-de-reunions-colaboratives-un-nou-espai-audiovisual\/#breadcrumb","itemListElement":[{"@type":"ListItem","position":1,"name":"EIKONOS","item":"https:\/\/eikonos.com\/ca\/inici\/"},{"@type":"ListItem","position":2,"name":"Sales de reunions col\u2022laboratives, un nou espai audiovisual"}]},{"@type":"WebSite","@id":"https:\/\/eikonos.com\/ca\/#website","url":"https:\/\/eikonos.com\/ca\/","name":"EIKONOS","description":"EXPERIENCIA AUDIOVISUAL","publisher":{"@id":"https:\/\/eikonos.com\/ca\/#organization"},"potentialAction":[{"@type":"SearchAction","target":{"@type":"EntryPoint","urlTemplate":"https:\/\/eikonos.com\/ca\/?s={search_term_string}"},"query-input":{"@type":"PropertyValueSpecification","valueRequired":true,"valueName":"search_term_string"}}],"inLanguage":"ca"},{"@type":"Organization","@id":"https:\/\/eikonos.com\/ca\/#organization","name":"EIKONOS | Servicios Audiovisuales, eventos y alquiler de equipos","url":"https:\/\/eikonos.com\/ca\/","logo":{"@type":"ImageObject","inLanguage":"ca","@id":"https:\/\/eikonos.com\/ca\/#\/schema\/logo\/image\/","url":"https:\/\/eikonos.com\/wp-content\/uploads\/2020\/08\/logo-color.png","contentUrl":"https:\/\/eikonos.com\/wp-content\/uploads\/2020\/08\/logo-color.png","width":376,"height":122,"caption":"EIKONOS | Servicios Audiovisuales, eventos y alquiler de equipos"},"image":{"@id":"https:\/\/eikonos.com\/ca\/#\/schema\/logo\/image\/"},"sameAs":["http:\/\/www.facebook.com\/pages\/Eikonos\/176324785746790","https:\/\/x.com\/eikonos_sa","http:\/\/www.linkedin.com\/company\/eikonos","http:\/\/www.youtube.com\/channel\/UC8wcizWaAYbfsuqVf9wIT6w"]},{"@type":"Person","@id":"https:\/\/eikonos.com\/ca\/#\/schema\/person\/82032860cc314d826959b90595a5280a","name":"Xavi Eikonos","image":{"@type":"ImageObject","inLanguage":"ca","@id":"https:\/\/eikonos.com\/ca\/#\/schema\/person\/image\/","url":"https:\/\/secure.gravatar.com\/avatar\/a6c6b51dd0ac6902701aab24a914f6febe1518f94a5ae06db08b3d6107248dfd?s=96&d=mm&r=g","contentUrl":"https:\/\/secure.gravatar.com\/avatar\/a6c6b51dd0ac6902701aab24a914f6febe1518f94a5ae06db08b3d6107248dfd?s=96&d=mm&r=g","caption":"Xavi Eikonos"}}]}},"_links":{"self":[{"href":"https:\/\/eikonos.com\/ca\/wp-json\/wp\/v2\/posts\/4389","targetHints":{"allow":["GET"]}}],"collection":[{"href":"https:\/\/eikonos.com\/ca\/wp-json\/wp\/v2\/posts"}],"about":[{"href":"https:\/\/eikonos.com\/ca\/wp-json\/wp\/v2\/types\/post"}],"author":[{"embeddable":true,"href":"https:\/\/eikonos.com\/ca\/wp-json\/wp\/v2\/users\/6"}],"replies":[{"embeddable":true,"href":"https:\/\/eikonos.com\/ca\/wp-json\/wp\/v2\/comments?post=4389"}],"version-history":[{"count":0,"href":"https:\/\/eikonos.com\/ca\/wp-json\/wp\/v2\/posts\/4389\/revisions"}],"wp:featuredmedia":[{"embeddable":true,"href":"https:\/\/eikonos.com\/ca\/wp-json\/wp\/v2\/media\/4390"}],"wp:attachment":[{"href":"https:\/\/eikonos.com\/ca\/wp-json\/wp\/v2\/media?parent=4389"}],"wp:term":[{"taxonomy":"category","embeddable":true,"href":"https:\/\/eikonos.com\/ca\/wp-json\/wp\/v2\/categories?post=4389"},{"taxonomy":"post_tag","embeddable":true,"href":"https:\/\/eikonos.com\/ca\/wp-json\/wp\/v2\/tags?post=4389"}],"curies":[{"name":"wp","href":"https:\/\/api.w.org\/{rel}","templated":true}]}}