{"id":4380,"date":"2017-07-18T14:24:20","date_gmt":"2017-07-18T12:24:20","guid":{"rendered":"http:\/\/eikonos.com\/?p=4380"},"modified":"2017-07-18T14:24:20","modified_gmt":"2017-07-18T12:24:20","slug":"monitors-lcd-led-per-stands-en-fires-o-salons","status":"publish","type":"post","link":"https:\/\/eikonos.com\/ca\/blog\/monitors-lcd-led-per-stands-en-fires-o-salons\/","title":{"rendered":"Monitors LCD LED per stands en fires o salons"},"content":{"rendered":"<p><span lang=\"CA\">Has decidit apostar per la pres\u00e8ncia de la teva marca en una fira o sal\u00f3 amb un stand que reflecteixi clarament la identitat corporativa i valors de la teva empresa? Segurament hagis comen\u00e7at a investigar i sabr\u00e0s la\u00a0<\/span><a href=\"https:\/\/eikonos.com\/blog\/como-llegar-a-mas-audiencia-en-tu-stand-o-instalacion-corporativa-en-ferias-2\/\">import\u00e0ncia de comptar amb un bon equip audiovisual<\/a>\u00a0<span lang=\"CA\">ja sigui com un refor\u00e7 o com display principal.\u00a0<\/span><\/p>\n<p><strong>Els\u00a0<\/strong><a href=\"https:\/\/eikonos.com\/portfolio_page\/plasmas-y-tft\/\"><strong>monitors LCD LED per stands<\/strong><\/a><strong>\u00a0<b><span lang=\"CA\">s\u00f3n un d\u2019aquests recursos audiovisuals que t\u2019ajudaran a captar el inter\u00e8s d\u2019un major n\u00famero d\u2019assistents, a m\u00e9s de transmetre el teu stand com un espai m\u00e9s innovador respecte a altres competidors i mostrar contingut audiovisual amb una excel\u00b7lent qualitat d\u2019imatge.<\/span><\/b><\/strong><\/p>\n<p>&nbsp;<\/p>\n<h2><span style=\"color: #ff0000;\">Alt rendiment dels monitors LCD LED<\/span><\/h2>\n<p>Cada vegada m\u00e9s, ens preocupem per entendre les m\u00faltiples utilitats que els recursos audiovisuals ens ofereixen i aix\u00ed saber escollir el millor format que s\u2019adapti a les nostres necessitats. Entendre com funciona el material audiovisual que utilitzarem en el nostre stand per optimitzar-lo de la millor manera possible no \u00e9s tasca f\u00e0cil i en la majoria dels cassos \u00e9s <strong>recomanable comptar amb l\u2019assessoria de t\u00e8cnics audiovisuals professionals.<\/strong><\/p>\n<p>Per aix\u00f2, profunditzarem per con\u00e8ixer m\u00e9s de prop aquests monitors.<\/p>\n<p style=\"text-align: center;\"><span style=\"color: #ff0000;\"><em>Podem diferenciar dos tipus de monitors LCD en funci\u00f3 de la il\u00b7luminaci\u00f3: fluorescent (monitors LCD tradicionals) o LED (els m\u00e9s actuals).\u00a0<\/em><\/span><\/p>\n<p>&nbsp;<\/p>\n<p>Un dels aspectes clau pel que els monitors LCD LED s\u00f3n l\u2019aposta guanyadora \u00e9s la <strong>millora de rendiment <\/strong>respecte als que utilitzen una il\u00b7luminaci\u00f3 fluorescent, a m\u00e9s de <strong>permetre\u2019ns estalviar en el consum energ\u00e8tic i ser una tecnologia m\u00e9s respectuosa amb el medi ambient \u2013<\/strong> no requereix de mercuri o vapor de mercuri per ser produ\u00eft.<\/p>\n<p><strong>\u00a0<\/strong><\/p>\n<h2><span style=\"color: #ff0000;\">Una soluci\u00f3 audiovisual pel teu espai corporatiu<\/span><\/h2>\n<p>Els monitors LCD LED compten amb diferents dimensions i resulten molt funcionals ja que podem integrar-los en diferents ubicacions del nostre espai i donar varis usos als equips.<\/p>\n<p>Per exemple, <strong>integrar-los en la part d\u2019exterior del stand per atreure als assistents, col\u00b7locar-los com a display principal en un espai de demostraci\u00f3 de producte o deixar-los com a suport que reforci tota la identitat del stand <\/strong>mitjan\u00e7ant animacions corporatives.<\/p>\n<p>Pensa en les necessitats del teu negoci per mostrar al p\u00fablic de la millor manera el teu producte o servei i veur\u00e0s de quina manera podr\u00e0s aplicar un monitor.<\/p>\n<p>&nbsp;<\/p>\n<h2><span style=\"color: #ff0000;\">El futur dels monitors de v\u00eddeo<\/span><\/h2>\n<p>La velocitat d\u2019innovaci\u00f3 en la tecnologia de monitors de v\u00eddeo \u00e9s molt alta. El fet que siguin tamb\u00e9 un producte de gran consum <strong>provoca novetats constants com el QLED y OLED.<\/strong><\/p>\n<p>En el sector professional, necessitem que les tecnologies es consolidin per assegurar <strong>productes duradors i de gran fiabilitat pel seu \u00fas intensiu. <\/strong>Veurem quines tecnologies seran les que es quedin.<\/p>\n<p>A EIKONOS som experts en complir amb les necessitats dels nostres clients, especialment quan es tracta del <strong>lloguer d\u2019equips per a stands. <\/strong>Tenim a la vostra disposici\u00f3 un bon equip de monitors LCD LED per aconseguir que el vostre espai corporatiu en fires i salons comptin amb la tecnologia adequada i transmeti el missatge i valors que desitgis. Busques monitors pel teu pr\u00f2xim esdeveniment o stand? <strong><em>Parlem!<\/em><\/strong><\/p>\n<p><img loading=\"lazy\" decoding=\"async\" class=\"aligncenter wp-image-4118 size-full\" src=\"https:\/\/eikonos.com\/wp-content\/uploads\/2017\/05\/eikonos-cta-audiovisuals-per-stands.png\" alt=\"\" width=\"741\" height=\"250\" srcset=\"https:\/\/eikonos.com\/wp-content\/uploads\/2017\/05\/eikonos-cta-audiovisuals-per-stands.png 741w, https:\/\/eikonos.com\/wp-content\/uploads\/2017\/05\/eikonos-cta-audiovisuals-per-stands-300x101.png 300w\" sizes=\"auto, (max-width: 741px) 100vw, 741px\" \/><\/p>\n<p>&nbsp;<\/p>\n","protected":false},"excerpt":{"rendered":"<p>Has decidit apostar per la pres\u00e8ncia de la teva marca en una fira o sal\u00f3&#8230;<\/p>\n","protected":false},"author":6,"featured_media":4377,"comment_status":"open","ping_status":"open","sticky":false,"template":"","format":"standard","meta":{"_acf_changed":false,"footnotes":""},"categories":[262],"tags":[264],"class_list":["post-4380","post","type-post","status-publish","format-standard","has-post-thumbnail","hentry","category-lloguer-dequips","tag-videowall-ca"],"acf":[],"yoast_head":"<!-- This site is optimized with the Yoast SEO plugin v26.3 - https:\/\/yoast.com\/wordpress\/plugins\/seo\/ -->\n<title>Monitors LCD LED per stands en fires o salons<\/title>\n<meta name=\"description\" content=\"Els monitors LCD LED per stands s\u00f3n una aposta perfecta a l&#039;hora d&#039;escollir un equip audiovisual que afavoreixi la pres\u00e8ncia en fires i salons.\" \/>\n<meta name=\"robots\" content=\"index, follow, max-snippet:-1, max-image-preview:large, max-video-preview:-1\" \/>\n<link rel=\"canonical\" href=\"https:\/\/eikonos.com\/ca\/blog\/monitors-lcd-led-per-stands-en-fires-o-salons\/\" \/>\n<meta property=\"og:locale\" content=\"ca_ES\" \/>\n<meta property=\"og:type\" content=\"article\" \/>\n<meta property=\"og:title\" content=\"Monitors LCD LED per stands en fires o salons\" \/>\n<meta property=\"og:description\" content=\"Els monitors LCD LED per stands s\u00f3n una aposta perfecta a l&#039;hora d&#039;escollir un equip audiovisual que afavoreixi la pres\u00e8ncia en fires i salons.\" \/>\n<meta property=\"og:url\" content=\"https:\/\/eikonos.com\/ca\/blog\/monitors-lcd-led-per-stands-en-fires-o-salons\/\" \/>\n<meta property=\"og:site_name\" content=\"EIKONOS\" \/>\n<meta property=\"article:publisher\" content=\"http:\/\/www.facebook.com\/pages\/Eikonos\/176324785746790\" \/>\n<meta property=\"article:published_time\" content=\"2017-07-18T12:24:20+00:00\" \/>\n<meta property=\"og:image\" content=\"https:\/\/eikonos.com\/wp-content\/uploads\/2017\/08\/Eikonos135.jpg\" \/>\n\t<meta property=\"og:image:width\" content=\"674\" \/>\n\t<meta property=\"og:image:height\" content=\"426\" \/>\n\t<meta property=\"og:image:type\" content=\"image\/jpeg\" \/>\n<meta name=\"author\" content=\"Xavi Eikonos\" \/>\n<meta name=\"twitter:card\" content=\"summary_large_image\" \/>\n<meta name=\"twitter:creator\" content=\"@eikonos_sa\" \/>\n<meta name=\"twitter:site\" content=\"@eikonos_sa\" \/>\n<meta name=\"twitter:label1\" content=\"Escrit per\" \/>\n\t<meta name=\"twitter:data1\" content=\"Xavi Eikonos\" \/>\n\t<meta name=\"twitter:label2\" content=\"Temps estimat de lectura\" \/>\n\t<meta name=\"twitter:data2\" content=\"3 minuts\" \/>\n<script type=\"application\/ld+json\" class=\"yoast-schema-graph\">{\"@context\":\"https:\/\/schema.org\",\"@graph\":[{\"@type\":\"Article\",\"@id\":\"https:\/\/eikonos.com\/ca\/blog\/monitors-lcd-led-per-stands-en-fires-o-salons\/#article\",\"isPartOf\":{\"@id\":\"https:\/\/eikonos.com\/ca\/blog\/monitors-lcd-led-per-stands-en-fires-o-salons\/\"},\"author\":{\"name\":\"Xavi Eikonos\",\"@id\":\"https:\/\/eikonos.com\/ca\/#\/schema\/person\/82032860cc314d826959b90595a5280a\"},\"headline\":\"Monitors LCD LED per stands en fires o salons\",\"datePublished\":\"2017-07-18T12:24:20+00:00\",\"mainEntityOfPage\":{\"@id\":\"https:\/\/eikonos.com\/ca\/blog\/monitors-lcd-led-per-stands-en-fires-o-salons\/\"},\"wordCount\":555,\"commentCount\":0,\"publisher\":{\"@id\":\"https:\/\/eikonos.com\/ca\/#organization\"},\"image\":{\"@id\":\"https:\/\/eikonos.com\/ca\/blog\/monitors-lcd-led-per-stands-en-fires-o-salons\/#primaryimage\"},\"thumbnailUrl\":\"https:\/\/eikonos.com\/wp-content\/uploads\/2017\/08\/Eikonos135.jpg\",\"keywords\":[\"videowall\"],\"articleSection\":[\"Lloguer d'equips\"],\"inLanguage\":\"ca\",\"potentialAction\":[{\"@type\":\"CommentAction\",\"name\":\"Comment\",\"target\":[\"https:\/\/eikonos.com\/ca\/blog\/monitors-lcd-led-per-stands-en-fires-o-salons\/#respond\"]}]},{\"@type\":\"WebPage\",\"@id\":\"https:\/\/eikonos.com\/ca\/blog\/monitors-lcd-led-per-stands-en-fires-o-salons\/\",\"url\":\"https:\/\/eikonos.com\/ca\/blog\/monitors-lcd-led-per-stands-en-fires-o-salons\/\",\"name\":\"Monitors LCD LED per stands en fires o salons\",\"isPartOf\":{\"@id\":\"https:\/\/eikonos.com\/ca\/#website\"},\"primaryImageOfPage\":{\"@id\":\"https:\/\/eikonos.com\/ca\/blog\/monitors-lcd-led-per-stands-en-fires-o-salons\/#primaryimage\"},\"image\":{\"@id\":\"https:\/\/eikonos.com\/ca\/blog\/monitors-lcd-led-per-stands-en-fires-o-salons\/#primaryimage\"},\"thumbnailUrl\":\"https:\/\/eikonos.com\/wp-content\/uploads\/2017\/08\/Eikonos135.jpg\",\"datePublished\":\"2017-07-18T12:24:20+00:00\",\"description\":\"Els monitors LCD LED per stands s\u00f3n una aposta perfecta a l'hora d'escollir un equip audiovisual que afavoreixi la pres\u00e8ncia en fires i salons.\",\"breadcrumb\":{\"@id\":\"https:\/\/eikonos.com\/ca\/blog\/monitors-lcd-led-per-stands-en-fires-o-salons\/#breadcrumb\"},\"inLanguage\":\"ca\",\"potentialAction\":[{\"@type\":\"ReadAction\",\"target\":[\"https:\/\/eikonos.com\/ca\/blog\/monitors-lcd-led-per-stands-en-fires-o-salons\/\"]}]},{\"@type\":\"ImageObject\",\"inLanguage\":\"ca\",\"@id\":\"https:\/\/eikonos.com\/ca\/blog\/monitors-lcd-led-per-stands-en-fires-o-salons\/#primaryimage\",\"url\":\"https:\/\/eikonos.com\/wp-content\/uploads\/2017\/08\/Eikonos135.jpg\",\"contentUrl\":\"https:\/\/eikonos.com\/wp-content\/uploads\/2017\/08\/Eikonos135.jpg\",\"width\":674,\"height\":426},{\"@type\":\"BreadcrumbList\",\"@id\":\"https:\/\/eikonos.com\/ca\/blog\/monitors-lcd-led-per-stands-en-fires-o-salons\/#breadcrumb\",\"itemListElement\":[{\"@type\":\"ListItem\",\"position\":1,\"name\":\"EIKONOS\",\"item\":\"https:\/\/eikonos.com\/ca\/inici\/\"},{\"@type\":\"ListItem\",\"position\":2,\"name\":\"Monitors LCD LED per stands en fires o salons\"}]},{\"@type\":\"WebSite\",\"@id\":\"https:\/\/eikonos.com\/ca\/#website\",\"url\":\"https:\/\/eikonos.com\/ca\/\",\"name\":\"EIKONOS\",\"description\":\"EXPERIENCIA AUDIOVISUAL\",\"publisher\":{\"@id\":\"https:\/\/eikonos.com\/ca\/#organization\"},\"potentialAction\":[{\"@type\":\"SearchAction\",\"target\":{\"@type\":\"EntryPoint\",\"urlTemplate\":\"https:\/\/eikonos.com\/ca\/?s={search_term_string}\"},\"query-input\":{\"@type\":\"PropertyValueSpecification\",\"valueRequired\":true,\"valueName\":\"search_term_string\"}}],\"inLanguage\":\"ca\"},{\"@type\":\"Organization\",\"@id\":\"https:\/\/eikonos.com\/ca\/#organization\",\"name\":\"EIKONOS | Servicios Audiovisuales, eventos y alquiler de equipos\",\"url\":\"https:\/\/eikonos.com\/ca\/\",\"logo\":{\"@type\":\"ImageObject\",\"inLanguage\":\"ca\",\"@id\":\"https:\/\/eikonos.com\/ca\/#\/schema\/logo\/image\/\",\"url\":\"https:\/\/eikonos.com\/wp-content\/uploads\/2020\/08\/logo-color.png\",\"contentUrl\":\"https:\/\/eikonos.com\/wp-content\/uploads\/2020\/08\/logo-color.png\",\"width\":376,\"height\":122,\"caption\":\"EIKONOS | Servicios Audiovisuales, eventos y alquiler de equipos\"},\"image\":{\"@id\":\"https:\/\/eikonos.com\/ca\/#\/schema\/logo\/image\/\"},\"sameAs\":[\"http:\/\/www.facebook.com\/pages\/Eikonos\/176324785746790\",\"https:\/\/x.com\/eikonos_sa\",\"http:\/\/www.linkedin.com\/company\/eikonos\",\"http:\/\/www.youtube.com\/channel\/UC8wcizWaAYbfsuqVf9wIT6w\"]},{\"@type\":\"Person\",\"@id\":\"https:\/\/eikonos.com\/ca\/#\/schema\/person\/82032860cc314d826959b90595a5280a\",\"name\":\"Xavi Eikonos\",\"image\":{\"@type\":\"ImageObject\",\"inLanguage\":\"ca\",\"@id\":\"https:\/\/eikonos.com\/ca\/#\/schema\/person\/image\/\",\"url\":\"https:\/\/secure.gravatar.com\/avatar\/a6c6b51dd0ac6902701aab24a914f6febe1518f94a5ae06db08b3d6107248dfd?s=96&d=mm&r=g\",\"contentUrl\":\"https:\/\/secure.gravatar.com\/avatar\/a6c6b51dd0ac6902701aab24a914f6febe1518f94a5ae06db08b3d6107248dfd?s=96&d=mm&r=g\",\"caption\":\"Xavi Eikonos\"}}]}<\/script>\n<!-- \/ Yoast SEO plugin. -->","yoast_head_json":{"title":"Monitors LCD LED per stands en fires o salons","description":"Els monitors LCD LED per stands s\u00f3n una aposta perfecta a l'hora d'escollir un equip audiovisual que afavoreixi la pres\u00e8ncia en fires i salons.","robots":{"index":"index","follow":"follow","max-snippet":"max-snippet:-1","max-image-preview":"max-image-preview:large","max-video-preview":"max-video-preview:-1"},"canonical":"https:\/\/eikonos.com\/ca\/blog\/monitors-lcd-led-per-stands-en-fires-o-salons\/","og_locale":"ca_ES","og_type":"article","og_title":"Monitors LCD LED per stands en fires o salons","og_description":"Els monitors LCD LED per stands s\u00f3n una aposta perfecta a l'hora d'escollir un equip audiovisual que afavoreixi la pres\u00e8ncia en fires i salons.","og_url":"https:\/\/eikonos.com\/ca\/blog\/monitors-lcd-led-per-stands-en-fires-o-salons\/","og_site_name":"EIKONOS","article_publisher":"http:\/\/www.facebook.com\/pages\/Eikonos\/176324785746790","article_published_time":"2017-07-18T12:24:20+00:00","og_image":[{"width":674,"height":426,"url":"https:\/\/eikonos.com\/wp-content\/uploads\/2017\/08\/Eikonos135.jpg","type":"image\/jpeg"}],"author":"Xavi Eikonos","twitter_card":"summary_large_image","twitter_creator":"@eikonos_sa","twitter_site":"@eikonos_sa","twitter_misc":{"Escrit per":"Xavi Eikonos","Temps estimat de lectura":"3 minuts"},"schema":{"@context":"https:\/\/schema.org","@graph":[{"@type":"Article","@id":"https:\/\/eikonos.com\/ca\/blog\/monitors-lcd-led-per-stands-en-fires-o-salons\/#article","isPartOf":{"@id":"https:\/\/eikonos.com\/ca\/blog\/monitors-lcd-led-per-stands-en-fires-o-salons\/"},"author":{"name":"Xavi Eikonos","@id":"https:\/\/eikonos.com\/ca\/#\/schema\/person\/82032860cc314d826959b90595a5280a"},"headline":"Monitors LCD LED per stands en fires o salons","datePublished":"2017-07-18T12:24:20+00:00","mainEntityOfPage":{"@id":"https:\/\/eikonos.com\/ca\/blog\/monitors-lcd-led-per-stands-en-fires-o-salons\/"},"wordCount":555,"commentCount":0,"publisher":{"@id":"https:\/\/eikonos.com\/ca\/#organization"},"image":{"@id":"https:\/\/eikonos.com\/ca\/blog\/monitors-lcd-led-per-stands-en-fires-o-salons\/#primaryimage"},"thumbnailUrl":"https:\/\/eikonos.com\/wp-content\/uploads\/2017\/08\/Eikonos135.jpg","keywords":["videowall"],"articleSection":["Lloguer d'equips"],"inLanguage":"ca","potentialAction":[{"@type":"CommentAction","name":"Comment","target":["https:\/\/eikonos.com\/ca\/blog\/monitors-lcd-led-per-stands-en-fires-o-salons\/#respond"]}]},{"@type":"WebPage","@id":"https:\/\/eikonos.com\/ca\/blog\/monitors-lcd-led-per-stands-en-fires-o-salons\/","url":"https:\/\/eikonos.com\/ca\/blog\/monitors-lcd-led-per-stands-en-fires-o-salons\/","name":"Monitors LCD LED per stands en fires o salons","isPartOf":{"@id":"https:\/\/eikonos.com\/ca\/#website"},"primaryImageOfPage":{"@id":"https:\/\/eikonos.com\/ca\/blog\/monitors-lcd-led-per-stands-en-fires-o-salons\/#primaryimage"},"image":{"@id":"https:\/\/eikonos.com\/ca\/blog\/monitors-lcd-led-per-stands-en-fires-o-salons\/#primaryimage"},"thumbnailUrl":"https:\/\/eikonos.com\/wp-content\/uploads\/2017\/08\/Eikonos135.jpg","datePublished":"2017-07-18T12:24:20+00:00","description":"Els monitors LCD LED per stands s\u00f3n una aposta perfecta a l'hora d'escollir un equip audiovisual que afavoreixi la pres\u00e8ncia en fires i salons.","breadcrumb":{"@id":"https:\/\/eikonos.com\/ca\/blog\/monitors-lcd-led-per-stands-en-fires-o-salons\/#breadcrumb"},"inLanguage":"ca","potentialAction":[{"@type":"ReadAction","target":["https:\/\/eikonos.com\/ca\/blog\/monitors-lcd-led-per-stands-en-fires-o-salons\/"]}]},{"@type":"ImageObject","inLanguage":"ca","@id":"https:\/\/eikonos.com\/ca\/blog\/monitors-lcd-led-per-stands-en-fires-o-salons\/#primaryimage","url":"https:\/\/eikonos.com\/wp-content\/uploads\/2017\/08\/Eikonos135.jpg","contentUrl":"https:\/\/eikonos.com\/wp-content\/uploads\/2017\/08\/Eikonos135.jpg","width":674,"height":426},{"@type":"BreadcrumbList","@id":"https:\/\/eikonos.com\/ca\/blog\/monitors-lcd-led-per-stands-en-fires-o-salons\/#breadcrumb","itemListElement":[{"@type":"ListItem","position":1,"name":"EIKONOS","item":"https:\/\/eikonos.com\/ca\/inici\/"},{"@type":"ListItem","position":2,"name":"Monitors LCD LED per stands en fires o salons"}]},{"@type":"WebSite","@id":"https:\/\/eikonos.com\/ca\/#website","url":"https:\/\/eikonos.com\/ca\/","name":"EIKONOS","description":"EXPERIENCIA AUDIOVISUAL","publisher":{"@id":"https:\/\/eikonos.com\/ca\/#organization"},"potentialAction":[{"@type":"SearchAction","target":{"@type":"EntryPoint","urlTemplate":"https:\/\/eikonos.com\/ca\/?s={search_term_string}"},"query-input":{"@type":"PropertyValueSpecification","valueRequired":true,"valueName":"search_term_string"}}],"inLanguage":"ca"},{"@type":"Organization","@id":"https:\/\/eikonos.com\/ca\/#organization","name":"EIKONOS | Servicios Audiovisuales, eventos y alquiler de equipos","url":"https:\/\/eikonos.com\/ca\/","logo":{"@type":"ImageObject","inLanguage":"ca","@id":"https:\/\/eikonos.com\/ca\/#\/schema\/logo\/image\/","url":"https:\/\/eikonos.com\/wp-content\/uploads\/2020\/08\/logo-color.png","contentUrl":"https:\/\/eikonos.com\/wp-content\/uploads\/2020\/08\/logo-color.png","width":376,"height":122,"caption":"EIKONOS | Servicios Audiovisuales, eventos y alquiler de equipos"},"image":{"@id":"https:\/\/eikonos.com\/ca\/#\/schema\/logo\/image\/"},"sameAs":["http:\/\/www.facebook.com\/pages\/Eikonos\/176324785746790","https:\/\/x.com\/eikonos_sa","http:\/\/www.linkedin.com\/company\/eikonos","http:\/\/www.youtube.com\/channel\/UC8wcizWaAYbfsuqVf9wIT6w"]},{"@type":"Person","@id":"https:\/\/eikonos.com\/ca\/#\/schema\/person\/82032860cc314d826959b90595a5280a","name":"Xavi Eikonos","image":{"@type":"ImageObject","inLanguage":"ca","@id":"https:\/\/eikonos.com\/ca\/#\/schema\/person\/image\/","url":"https:\/\/secure.gravatar.com\/avatar\/a6c6b51dd0ac6902701aab24a914f6febe1518f94a5ae06db08b3d6107248dfd?s=96&d=mm&r=g","contentUrl":"https:\/\/secure.gravatar.com\/avatar\/a6c6b51dd0ac6902701aab24a914f6febe1518f94a5ae06db08b3d6107248dfd?s=96&d=mm&r=g","caption":"Xavi Eikonos"}}]}},"_links":{"self":[{"href":"https:\/\/eikonos.com\/ca\/wp-json\/wp\/v2\/posts\/4380","targetHints":{"allow":["GET"]}}],"collection":[{"href":"https:\/\/eikonos.com\/ca\/wp-json\/wp\/v2\/posts"}],"about":[{"href":"https:\/\/eikonos.com\/ca\/wp-json\/wp\/v2\/types\/post"}],"author":[{"embeddable":true,"href":"https:\/\/eikonos.com\/ca\/wp-json\/wp\/v2\/users\/6"}],"replies":[{"embeddable":true,"href":"https:\/\/eikonos.com\/ca\/wp-json\/wp\/v2\/comments?post=4380"}],"version-history":[{"count":0,"href":"https:\/\/eikonos.com\/ca\/wp-json\/wp\/v2\/posts\/4380\/revisions"}],"wp:featuredmedia":[{"embeddable":true,"href":"https:\/\/eikonos.com\/ca\/wp-json\/wp\/v2\/media\/4377"}],"wp:attachment":[{"href":"https:\/\/eikonos.com\/ca\/wp-json\/wp\/v2\/media?parent=4380"}],"wp:term":[{"taxonomy":"category","embeddable":true,"href":"https:\/\/eikonos.com\/ca\/wp-json\/wp\/v2\/categories?post=4380"},{"taxonomy":"post_tag","embeddable":true,"href":"https:\/\/eikonos.com\/ca\/wp-json\/wp\/v2\/tags?post=4380"}],"curies":[{"name":"wp","href":"https:\/\/api.w.org\/{rel}","templated":true}]}}