{"id":4373,"date":"2017-07-11T17:36:08","date_gmt":"2017-07-11T15:36:08","guid":{"rendered":"http:\/\/eikonos.com\/?p=4373"},"modified":"2017-07-11T17:36:08","modified_gmt":"2017-07-11T15:36:08","slug":"historia-del-projector-de-video-de-lanalogic-al-digital","status":"publish","type":"post","link":"https:\/\/eikonos.com\/ca\/blog\/historia-del-projector-de-video-de-lanalogic-al-digital\/","title":{"rendered":"Hist\u00f2ria del projector de v\u00eddeo: de l&#8217;anal\u00f2gic al digital"},"content":{"rendered":"<p>El ritme vertigin\u00f3s de la revoluci\u00f3 tecnol\u00f2gica fa que considerem els diferents dispositius i materials audiovisuals com un elements m\u00e9s de la nostra rutina, sense parar-nos a pensar en tota la hist\u00f2ria, canvis i millores que han anat resolvent al llarg dels anys per respondre a les nostres necessitats.<\/p>\n<p>Avui expliquem la hist\u00f2ria del\u00a0<a href=\"https:\/\/eikonos.com\/portfolio_page\/proyectores\/\">projector de v\u00eddeo<\/a>,\u00a0<span lang=\"CA\">un dels dispositius tecnol\u00f2gics m\u00e9s comuns en el nostre dia a dia, especialment en el m\u00f3n corporatiu, les fires, confer\u00e8ncies i esdeveniments. \u00a0<\/span><\/p>\n<h2><span style=\"color: #ff0000;\">Evoluci\u00f3 hist\u00f2rica<\/span><\/h2>\n<ol>\n<li><span style=\"color: #ff0000;\"><strong>Tot va comen\u00e7ar al cinema<\/strong><\/span><\/li>\n<\/ol>\n<p>Sense dubte, la ind\u00fastria cinematogr\u00e0fica va ser la gran impulsora d\u2019aquest aparell que, avui en dia, utilitzem incl\u00fas a les nostres cases o escoles. <strong>Al voltant del 1880, el fot\u00f2graf Eadweard Muybridge va inventar el primer projector <\/strong><strong>(<em>Zoopraxiscope<\/em>), mitjan\u00e7ant la projecci\u00f3 d\u2019imatges fotogr\u00e0fiques en blanc i negre o de granats a color des de discos de vidre que giraven a certa velocitat per donar la sensaci\u00f3 de moviment <\/strong>\u2013 un dels inicis, tamb\u00e9, del m\u00f3n de l\u2019animaci\u00f3.<\/p>\n<p>M\u00e9s tard, els germans Lumi\u00e8re, van evolucionar aquesta tecnologia per crear amb\u00a0 \u00e8xit el primer projector cinematogr\u00e0fic.<\/p>\n<ol start=\"2\">\n<li><span style=\"color: #ff0000;\"><strong>Les influ\u00e8ncies del televisor<\/strong><\/span><\/li>\n<\/ol>\n<p>Amb la invenci\u00f3 de la televisi\u00f3, en els anys 1940 i 1950, el projector va experimentar un canvi en la seva tecnologia, en particular el tipus de funcionament basat en CRT (Tubs de Rajos Cat\u00f2dics). <strong>En un Projector a CRT la imatge que es genera \u00e9s la mateixa que en un televisor convencional, mitjan\u00e7ant tres tubs de color vermell, verd i blau respectivament que, en superposici\u00f3, generaven una imatge a color <\/strong>(el fam\u00f3s model RGB) de manera anal\u00f2gica.<\/p>\n<p>Aquest tipus de projector es van utilitzar durant molts anys, pr\u00e0cticament fins la d\u00e8cada de 1990.<\/p>\n<ol start=\"3\">\n<li><span style=\"color: #ff0000;\"><strong>Tecnologia LCD i DLP<\/strong><\/span><\/li>\n<\/ol>\n<p>Amb l\u2019arribada del nou mil\u00b7lenni i la febre social per seguir evolucionant digitalment, a l\u2019any 2000, es va realitzar la priemra projecci\u00f3 en p\u00fablic de cinema digital, amb la tecnologia dLP desenvolupada per l\u2019empresa Texas Instruments.<\/p>\n<p><strong>En els projectors DLP, la imatge es crea a partir de diminuts miralls col\u00b7locats en un xip semiconductor i en el que cada mirall representa un p\u00edxel de la imatge que despr\u00e9s es projecta. <\/strong>La quantitat de miralls correspon amb la resoluci\u00f3 de la imatge. A difer\u00e8ncia dels anteriors, el contrast i la profunditat milloren notablement.<\/p>\n<p>En l\u2019actualitat, s\u00f3n els m\u00e9s utilitzats en el mercat, juntament amb la seva principal rival: la tecnologia LCD.<\/p>\n<h2><span style=\"color: #ff0000;\">V\u00e0ries tecnologies a la nostra disposici\u00f3<\/span><\/h2>\n<p>Gr\u00e0cies a aquesta evoluci\u00f3, avui en dia podem escollir entre un ampli n\u00famero de models i tecnologies.<\/p>\n<p><strong>El LCD, per exemple, destaca per la naturalitat i bona lluminositat en els seus colors, mentre que els seus negres no s\u00f3n tan profunds, a difer\u00e8ncia de la tecnologia DLP que, a la seva vegada presenta una majora qualitat en la nitidesa i contrast.<\/strong><\/p>\n<p>No existeix un projector perfecte per a tot, si no que haurem de trobar\u00a0<a href=\"https:\/\/eikonos.com\/blog\/como-elegir-el-mejor-proyector-para-tu-evento-audiovisual\/\">quin \u00e9s el millor projector segons les nostres necessitats.\u00a0<\/a><\/p>\n<p>Si necessites un projector pel teu pr\u00f2xim esdeveniment o confer\u00e8ncia, deixa que el nostre equip de professionals t\u2019assessori per escollir el dispositiu que m\u00e9s encaixi al teu contingut. <strong><em>Parlem!<\/em><\/strong><\/p>\n<p><img loading=\"lazy\" decoding=\"async\" class=\"aligncenter wp-image-4119 size-full\" src=\"https:\/\/eikonos.com\/wp-content\/uploads\/2017\/05\/eikonos-cta-equips-audiovisuals-de-lloguer.png\" alt=\"\" width=\"741\" height=\"250\" srcset=\"https:\/\/eikonos.com\/wp-content\/uploads\/2017\/05\/eikonos-cta-equips-audiovisuals-de-lloguer.png 741w, https:\/\/eikonos.com\/wp-content\/uploads\/2017\/05\/eikonos-cta-equips-audiovisuals-de-lloguer-300x101.png 300w\" sizes=\"auto, (max-width: 741px) 100vw, 741px\" \/><\/p>\n","protected":false},"excerpt":{"rendered":"<p>El ritme vertigin\u00f3s de la revoluci\u00f3 tecnol\u00f2gica fa que considerem els diferents dispositius i materials&#8230;<\/p>\n","protected":false},"author":6,"featured_media":4275,"comment_status":"open","ping_status":"open","sticky":false,"template":"","format":"standard","meta":{"_acf_changed":false,"footnotes":""},"categories":[262],"tags":[],"class_list":["post-4373","post","type-post","status-publish","format-standard","has-post-thumbnail","hentry","category-lloguer-dequips"],"acf":[],"yoast_head":"<!-- This site is optimized with the Yoast SEO plugin v26.3 - https:\/\/yoast.com\/wordpress\/plugins\/seo\/ -->\n<title>Historia del proyector de v\u00eddeo: de lo anal\u00f3gico a lo digital<\/title>\n<meta name=\"description\" content=\"Hoy explicamos la historia del proyector de v\u00eddeo, uno de los dispositivos tecnol\u00f3gicos m\u00e1s comunes en el mundo corporativo, ferias y gran mayor\u00eda de eventos.\" \/>\n<meta name=\"robots\" content=\"index, follow, max-snippet:-1, max-image-preview:large, max-video-preview:-1\" \/>\n<link rel=\"canonical\" href=\"https:\/\/eikonos.com\/ca\/blog\/historia-del-projector-de-video-de-lanalogic-al-digital\/\" \/>\n<meta property=\"og:locale\" content=\"ca_ES\" \/>\n<meta property=\"og:type\" content=\"article\" \/>\n<meta property=\"og:title\" content=\"Historia del proyector de v\u00eddeo: de lo anal\u00f3gico a lo digital\" \/>\n<meta property=\"og:description\" content=\"Hoy explicamos la historia del proyector de v\u00eddeo, uno de los dispositivos tecnol\u00f3gicos m\u00e1s comunes en el mundo corporativo, ferias y gran mayor\u00eda de eventos.\" \/>\n<meta property=\"og:url\" content=\"https:\/\/eikonos.com\/ca\/blog\/historia-del-projector-de-video-de-lanalogic-al-digital\/\" \/>\n<meta property=\"og:site_name\" content=\"EIKONOS\" \/>\n<meta property=\"article:publisher\" content=\"http:\/\/www.facebook.com\/pages\/Eikonos\/176324785746790\" \/>\n<meta property=\"article:published_time\" content=\"2017-07-11T15:36:08+00:00\" \/>\n<meta property=\"og:image\" content=\"https:\/\/eikonos.com\/wp-content\/uploads\/2017\/07\/Eikonos134.jpg\" \/>\n\t<meta property=\"og:image:width\" content=\"674\" \/>\n\t<meta property=\"og:image:height\" content=\"426\" \/>\n\t<meta property=\"og:image:type\" content=\"image\/jpeg\" \/>\n<meta name=\"author\" content=\"Xavi Eikonos\" \/>\n<meta name=\"twitter:card\" content=\"summary_large_image\" \/>\n<meta name=\"twitter:creator\" content=\"@eikonos_sa\" \/>\n<meta name=\"twitter:site\" content=\"@eikonos_sa\" \/>\n<meta name=\"twitter:label1\" content=\"Escrit per\" \/>\n\t<meta name=\"twitter:data1\" content=\"Xavi Eikonos\" \/>\n\t<meta name=\"twitter:label2\" content=\"Temps estimat de lectura\" \/>\n\t<meta name=\"twitter:data2\" content=\"3 minuts\" \/>\n<script type=\"application\/ld+json\" class=\"yoast-schema-graph\">{\"@context\":\"https:\/\/schema.org\",\"@graph\":[{\"@type\":\"Article\",\"@id\":\"https:\/\/eikonos.com\/ca\/blog\/historia-del-projector-de-video-de-lanalogic-al-digital\/#article\",\"isPartOf\":{\"@id\":\"https:\/\/eikonos.com\/ca\/blog\/historia-del-projector-de-video-de-lanalogic-al-digital\/\"},\"author\":{\"name\":\"Xavi Eikonos\",\"@id\":\"https:\/\/eikonos.com\/ca\/#\/schema\/person\/82032860cc314d826959b90595a5280a\"},\"headline\":\"Hist\u00f2ria del projector de v\u00eddeo: de l&#8217;anal\u00f2gic al digital\",\"datePublished\":\"2017-07-11T15:36:08+00:00\",\"mainEntityOfPage\":{\"@id\":\"https:\/\/eikonos.com\/ca\/blog\/historia-del-projector-de-video-de-lanalogic-al-digital\/\"},\"wordCount\":571,\"commentCount\":0,\"publisher\":{\"@id\":\"https:\/\/eikonos.com\/ca\/#organization\"},\"image\":{\"@id\":\"https:\/\/eikonos.com\/ca\/blog\/historia-del-projector-de-video-de-lanalogic-al-digital\/#primaryimage\"},\"thumbnailUrl\":\"https:\/\/eikonos.com\/wp-content\/uploads\/2017\/07\/Eikonos134.jpg\",\"articleSection\":[\"Lloguer d'equips\"],\"inLanguage\":\"ca\",\"potentialAction\":[{\"@type\":\"CommentAction\",\"name\":\"Comment\",\"target\":[\"https:\/\/eikonos.com\/ca\/blog\/historia-del-projector-de-video-de-lanalogic-al-digital\/#respond\"]}]},{\"@type\":\"WebPage\",\"@id\":\"https:\/\/eikonos.com\/ca\/blog\/historia-del-projector-de-video-de-lanalogic-al-digital\/\",\"url\":\"https:\/\/eikonos.com\/ca\/blog\/historia-del-projector-de-video-de-lanalogic-al-digital\/\",\"name\":\"Historia del proyector de v\u00eddeo: de lo anal\u00f3gico a lo digital\",\"isPartOf\":{\"@id\":\"https:\/\/eikonos.com\/ca\/#website\"},\"primaryImageOfPage\":{\"@id\":\"https:\/\/eikonos.com\/ca\/blog\/historia-del-projector-de-video-de-lanalogic-al-digital\/#primaryimage\"},\"image\":{\"@id\":\"https:\/\/eikonos.com\/ca\/blog\/historia-del-projector-de-video-de-lanalogic-al-digital\/#primaryimage\"},\"thumbnailUrl\":\"https:\/\/eikonos.com\/wp-content\/uploads\/2017\/07\/Eikonos134.jpg\",\"datePublished\":\"2017-07-11T15:36:08+00:00\",\"description\":\"Hoy explicamos la historia del proyector de v\u00eddeo, uno de los dispositivos tecnol\u00f3gicos m\u00e1s comunes en el mundo corporativo, ferias y gran mayor\u00eda de eventos.\",\"breadcrumb\":{\"@id\":\"https:\/\/eikonos.com\/ca\/blog\/historia-del-projector-de-video-de-lanalogic-al-digital\/#breadcrumb\"},\"inLanguage\":\"ca\",\"potentialAction\":[{\"@type\":\"ReadAction\",\"target\":[\"https:\/\/eikonos.com\/ca\/blog\/historia-del-projector-de-video-de-lanalogic-al-digital\/\"]}]},{\"@type\":\"ImageObject\",\"inLanguage\":\"ca\",\"@id\":\"https:\/\/eikonos.com\/ca\/blog\/historia-del-projector-de-video-de-lanalogic-al-digital\/#primaryimage\",\"url\":\"https:\/\/eikonos.com\/wp-content\/uploads\/2017\/07\/Eikonos134.jpg\",\"contentUrl\":\"https:\/\/eikonos.com\/wp-content\/uploads\/2017\/07\/Eikonos134.jpg\",\"width\":674,\"height\":426,\"caption\":\"EIKONOS historia del proyector de v\u00eddeo\"},{\"@type\":\"BreadcrumbList\",\"@id\":\"https:\/\/eikonos.com\/ca\/blog\/historia-del-projector-de-video-de-lanalogic-al-digital\/#breadcrumb\",\"itemListElement\":[{\"@type\":\"ListItem\",\"position\":1,\"name\":\"EIKONOS\",\"item\":\"https:\/\/eikonos.com\/ca\/inici\/\"},{\"@type\":\"ListItem\",\"position\":2,\"name\":\"Hist\u00f2ria del projector de v\u00eddeo: de l&#8217;anal\u00f2gic al digital\"}]},{\"@type\":\"WebSite\",\"@id\":\"https:\/\/eikonos.com\/ca\/#website\",\"url\":\"https:\/\/eikonos.com\/ca\/\",\"name\":\"EIKONOS\",\"description\":\"EXPERIENCIA AUDIOVISUAL\",\"publisher\":{\"@id\":\"https:\/\/eikonos.com\/ca\/#organization\"},\"potentialAction\":[{\"@type\":\"SearchAction\",\"target\":{\"@type\":\"EntryPoint\",\"urlTemplate\":\"https:\/\/eikonos.com\/ca\/?s={search_term_string}\"},\"query-input\":{\"@type\":\"PropertyValueSpecification\",\"valueRequired\":true,\"valueName\":\"search_term_string\"}}],\"inLanguage\":\"ca\"},{\"@type\":\"Organization\",\"@id\":\"https:\/\/eikonos.com\/ca\/#organization\",\"name\":\"EIKONOS | Servicios Audiovisuales, eventos y alquiler de equipos\",\"url\":\"https:\/\/eikonos.com\/ca\/\",\"logo\":{\"@type\":\"ImageObject\",\"inLanguage\":\"ca\",\"@id\":\"https:\/\/eikonos.com\/ca\/#\/schema\/logo\/image\/\",\"url\":\"https:\/\/eikonos.com\/wp-content\/uploads\/2020\/08\/logo-color.png\",\"contentUrl\":\"https:\/\/eikonos.com\/wp-content\/uploads\/2020\/08\/logo-color.png\",\"width\":376,\"height\":122,\"caption\":\"EIKONOS | Servicios Audiovisuales, eventos y alquiler de equipos\"},\"image\":{\"@id\":\"https:\/\/eikonos.com\/ca\/#\/schema\/logo\/image\/\"},\"sameAs\":[\"http:\/\/www.facebook.com\/pages\/Eikonos\/176324785746790\",\"https:\/\/x.com\/eikonos_sa\",\"http:\/\/www.linkedin.com\/company\/eikonos\",\"http:\/\/www.youtube.com\/channel\/UC8wcizWaAYbfsuqVf9wIT6w\"]},{\"@type\":\"Person\",\"@id\":\"https:\/\/eikonos.com\/ca\/#\/schema\/person\/82032860cc314d826959b90595a5280a\",\"name\":\"Xavi Eikonos\",\"image\":{\"@type\":\"ImageObject\",\"inLanguage\":\"ca\",\"@id\":\"https:\/\/eikonos.com\/ca\/#\/schema\/person\/image\/\",\"url\":\"https:\/\/secure.gravatar.com\/avatar\/a6c6b51dd0ac6902701aab24a914f6febe1518f94a5ae06db08b3d6107248dfd?s=96&d=mm&r=g\",\"contentUrl\":\"https:\/\/secure.gravatar.com\/avatar\/a6c6b51dd0ac6902701aab24a914f6febe1518f94a5ae06db08b3d6107248dfd?s=96&d=mm&r=g\",\"caption\":\"Xavi Eikonos\"}}]}<\/script>\n<!-- \/ Yoast SEO plugin. -->","yoast_head_json":{"title":"Historia del proyector de v\u00eddeo: de lo anal\u00f3gico a lo digital","description":"Hoy explicamos la historia del proyector de v\u00eddeo, uno de los dispositivos tecnol\u00f3gicos m\u00e1s comunes en el mundo corporativo, ferias y gran mayor\u00eda de eventos.","robots":{"index":"index","follow":"follow","max-snippet":"max-snippet:-1","max-image-preview":"max-image-preview:large","max-video-preview":"max-video-preview:-1"},"canonical":"https:\/\/eikonos.com\/ca\/blog\/historia-del-projector-de-video-de-lanalogic-al-digital\/","og_locale":"ca_ES","og_type":"article","og_title":"Historia del proyector de v\u00eddeo: de lo anal\u00f3gico a lo digital","og_description":"Hoy explicamos la historia del proyector de v\u00eddeo, uno de los dispositivos tecnol\u00f3gicos m\u00e1s comunes en el mundo corporativo, ferias y gran mayor\u00eda de eventos.","og_url":"https:\/\/eikonos.com\/ca\/blog\/historia-del-projector-de-video-de-lanalogic-al-digital\/","og_site_name":"EIKONOS","article_publisher":"http:\/\/www.facebook.com\/pages\/Eikonos\/176324785746790","article_published_time":"2017-07-11T15:36:08+00:00","og_image":[{"width":674,"height":426,"url":"https:\/\/eikonos.com\/wp-content\/uploads\/2017\/07\/Eikonos134.jpg","type":"image\/jpeg"}],"author":"Xavi Eikonos","twitter_card":"summary_large_image","twitter_creator":"@eikonos_sa","twitter_site":"@eikonos_sa","twitter_misc":{"Escrit per":"Xavi Eikonos","Temps estimat de lectura":"3 minuts"},"schema":{"@context":"https:\/\/schema.org","@graph":[{"@type":"Article","@id":"https:\/\/eikonos.com\/ca\/blog\/historia-del-projector-de-video-de-lanalogic-al-digital\/#article","isPartOf":{"@id":"https:\/\/eikonos.com\/ca\/blog\/historia-del-projector-de-video-de-lanalogic-al-digital\/"},"author":{"name":"Xavi Eikonos","@id":"https:\/\/eikonos.com\/ca\/#\/schema\/person\/82032860cc314d826959b90595a5280a"},"headline":"Hist\u00f2ria del projector de v\u00eddeo: de l&#8217;anal\u00f2gic al digital","datePublished":"2017-07-11T15:36:08+00:00","mainEntityOfPage":{"@id":"https:\/\/eikonos.com\/ca\/blog\/historia-del-projector-de-video-de-lanalogic-al-digital\/"},"wordCount":571,"commentCount":0,"publisher":{"@id":"https:\/\/eikonos.com\/ca\/#organization"},"image":{"@id":"https:\/\/eikonos.com\/ca\/blog\/historia-del-projector-de-video-de-lanalogic-al-digital\/#primaryimage"},"thumbnailUrl":"https:\/\/eikonos.com\/wp-content\/uploads\/2017\/07\/Eikonos134.jpg","articleSection":["Lloguer d'equips"],"inLanguage":"ca","potentialAction":[{"@type":"CommentAction","name":"Comment","target":["https:\/\/eikonos.com\/ca\/blog\/historia-del-projector-de-video-de-lanalogic-al-digital\/#respond"]}]},{"@type":"WebPage","@id":"https:\/\/eikonos.com\/ca\/blog\/historia-del-projector-de-video-de-lanalogic-al-digital\/","url":"https:\/\/eikonos.com\/ca\/blog\/historia-del-projector-de-video-de-lanalogic-al-digital\/","name":"Historia del proyector de v\u00eddeo: de lo anal\u00f3gico a lo digital","isPartOf":{"@id":"https:\/\/eikonos.com\/ca\/#website"},"primaryImageOfPage":{"@id":"https:\/\/eikonos.com\/ca\/blog\/historia-del-projector-de-video-de-lanalogic-al-digital\/#primaryimage"},"image":{"@id":"https:\/\/eikonos.com\/ca\/blog\/historia-del-projector-de-video-de-lanalogic-al-digital\/#primaryimage"},"thumbnailUrl":"https:\/\/eikonos.com\/wp-content\/uploads\/2017\/07\/Eikonos134.jpg","datePublished":"2017-07-11T15:36:08+00:00","description":"Hoy explicamos la historia del proyector de v\u00eddeo, uno de los dispositivos tecnol\u00f3gicos m\u00e1s comunes en el mundo corporativo, ferias y gran mayor\u00eda de eventos.","breadcrumb":{"@id":"https:\/\/eikonos.com\/ca\/blog\/historia-del-projector-de-video-de-lanalogic-al-digital\/#breadcrumb"},"inLanguage":"ca","potentialAction":[{"@type":"ReadAction","target":["https:\/\/eikonos.com\/ca\/blog\/historia-del-projector-de-video-de-lanalogic-al-digital\/"]}]},{"@type":"ImageObject","inLanguage":"ca","@id":"https:\/\/eikonos.com\/ca\/blog\/historia-del-projector-de-video-de-lanalogic-al-digital\/#primaryimage","url":"https:\/\/eikonos.com\/wp-content\/uploads\/2017\/07\/Eikonos134.jpg","contentUrl":"https:\/\/eikonos.com\/wp-content\/uploads\/2017\/07\/Eikonos134.jpg","width":674,"height":426,"caption":"EIKONOS historia del proyector de v\u00eddeo"},{"@type":"BreadcrumbList","@id":"https:\/\/eikonos.com\/ca\/blog\/historia-del-projector-de-video-de-lanalogic-al-digital\/#breadcrumb","itemListElement":[{"@type":"ListItem","position":1,"name":"EIKONOS","item":"https:\/\/eikonos.com\/ca\/inici\/"},{"@type":"ListItem","position":2,"name":"Hist\u00f2ria del projector de v\u00eddeo: de l&#8217;anal\u00f2gic al digital"}]},{"@type":"WebSite","@id":"https:\/\/eikonos.com\/ca\/#website","url":"https:\/\/eikonos.com\/ca\/","name":"EIKONOS","description":"EXPERIENCIA AUDIOVISUAL","publisher":{"@id":"https:\/\/eikonos.com\/ca\/#organization"},"potentialAction":[{"@type":"SearchAction","target":{"@type":"EntryPoint","urlTemplate":"https:\/\/eikonos.com\/ca\/?s={search_term_string}"},"query-input":{"@type":"PropertyValueSpecification","valueRequired":true,"valueName":"search_term_string"}}],"inLanguage":"ca"},{"@type":"Organization","@id":"https:\/\/eikonos.com\/ca\/#organization","name":"EIKONOS | Servicios Audiovisuales, eventos y alquiler de equipos","url":"https:\/\/eikonos.com\/ca\/","logo":{"@type":"ImageObject","inLanguage":"ca","@id":"https:\/\/eikonos.com\/ca\/#\/schema\/logo\/image\/","url":"https:\/\/eikonos.com\/wp-content\/uploads\/2020\/08\/logo-color.png","contentUrl":"https:\/\/eikonos.com\/wp-content\/uploads\/2020\/08\/logo-color.png","width":376,"height":122,"caption":"EIKONOS | Servicios Audiovisuales, eventos y alquiler de equipos"},"image":{"@id":"https:\/\/eikonos.com\/ca\/#\/schema\/logo\/image\/"},"sameAs":["http:\/\/www.facebook.com\/pages\/Eikonos\/176324785746790","https:\/\/x.com\/eikonos_sa","http:\/\/www.linkedin.com\/company\/eikonos","http:\/\/www.youtube.com\/channel\/UC8wcizWaAYbfsuqVf9wIT6w"]},{"@type":"Person","@id":"https:\/\/eikonos.com\/ca\/#\/schema\/person\/82032860cc314d826959b90595a5280a","name":"Xavi Eikonos","image":{"@type":"ImageObject","inLanguage":"ca","@id":"https:\/\/eikonos.com\/ca\/#\/schema\/person\/image\/","url":"https:\/\/secure.gravatar.com\/avatar\/a6c6b51dd0ac6902701aab24a914f6febe1518f94a5ae06db08b3d6107248dfd?s=96&d=mm&r=g","contentUrl":"https:\/\/secure.gravatar.com\/avatar\/a6c6b51dd0ac6902701aab24a914f6febe1518f94a5ae06db08b3d6107248dfd?s=96&d=mm&r=g","caption":"Xavi Eikonos"}}]}},"_links":{"self":[{"href":"https:\/\/eikonos.com\/ca\/wp-json\/wp\/v2\/posts\/4373","targetHints":{"allow":["GET"]}}],"collection":[{"href":"https:\/\/eikonos.com\/ca\/wp-json\/wp\/v2\/posts"}],"about":[{"href":"https:\/\/eikonos.com\/ca\/wp-json\/wp\/v2\/types\/post"}],"author":[{"embeddable":true,"href":"https:\/\/eikonos.com\/ca\/wp-json\/wp\/v2\/users\/6"}],"replies":[{"embeddable":true,"href":"https:\/\/eikonos.com\/ca\/wp-json\/wp\/v2\/comments?post=4373"}],"version-history":[{"count":0,"href":"https:\/\/eikonos.com\/ca\/wp-json\/wp\/v2\/posts\/4373\/revisions"}],"wp:featuredmedia":[{"embeddable":true,"href":"https:\/\/eikonos.com\/ca\/wp-json\/wp\/v2\/media\/4275"}],"wp:attachment":[{"href":"https:\/\/eikonos.com\/ca\/wp-json\/wp\/v2\/media?parent=4373"}],"wp:term":[{"taxonomy":"category","embeddable":true,"href":"https:\/\/eikonos.com\/ca\/wp-json\/wp\/v2\/categories?post=4373"},{"taxonomy":"post_tag","embeddable":true,"href":"https:\/\/eikonos.com\/ca\/wp-json\/wp\/v2\/tags?post=4373"}],"curies":[{"name":"wp","href":"https:\/\/api.w.org\/{rel}","templated":true}]}}