{"id":4258,"date":"2017-07-04T10:41:44","date_gmt":"2017-07-04T08:41:44","guid":{"rendered":"http:\/\/eikonos.com\/?p=4258"},"modified":"2017-07-04T10:41:44","modified_gmt":"2017-07-04T08:41:44","slug":"espais-singulars-per-organitzar-un-esdeveniment-corporatiu-exclusiu","status":"publish","type":"post","link":"https:\/\/eikonos.com\/ca\/blog\/espais-singulars-per-organitzar-un-esdeveniment-corporatiu-exclusiu\/","title":{"rendered":"Espais singulars per organitzar un esdeveniment corporatiu exclusiu"},"content":{"rendered":"<p><span lang=\"CA\">Quan la nostra empresa vol donar a con\u00e8ixer al seu p\u00fablic un nou producte o marca, ha de buscar un format innovador amb el que presentar-lo per deixar un impacte emocional a l\u2019audi\u00e8ncia.\u00a0<\/span><br \/>\n<a href=\"https:\/\/eikonos.com\/servicios\/eventos-audiovisuales\/\">Organitzar un esdeveniment corporatiu<\/a>\u00a0<span lang=\"CA\">ha de realitzar-se en base una planificaci\u00f3 i metodologia clara per aconseguir realment l\u2019objectiu empresarial que busquem.\u00a0<\/span><\/p>\n<p>&nbsp;<\/p>\n<h2><span style=\"color: #ff0000;\">La import\u00e0ncia de trobar un vincle entre l&#8217;espai i el producte<\/span><\/h2>\n<p>A la vegada que definim els objectius, el concepte, el pressupost disponible i l\u2019escaleta, un dels passos m\u00e9s importants, i a vegades de major dificultat, \u00e9s la de trobar l\u2019espai idoni per al producte que anem a presentar. Pot sembla irrellevant, <strong>per\u00f2 l\u2019entorn tamb\u00e9 aporta valors de manera indirecta, potencia els que ja formen art del producte i fan que tingui sentit.<\/strong><\/p>\n<p>Aix\u00ed, si la nostra marca s\u2019identifica amb una est\u00e8tica m\u00e9s cosmopolita i urbana, un espai d\u2019inspiraci\u00f3 industrial com <strong>Hidden Factory <\/strong>o una f\u00e0brica com l\u2019Antiga <strong>F\u00e0brica Moritz de Barcelona <\/strong>poden ser una bona opci\u00f3.<\/p>\n<p>Fes una llista d\u2019aquells valors pels que destaca el teu producte o servei i fes-los coincidir amb els valors que transmeten els\u00a0 espais que m\u00e9s creguis que s\u2019ajusten a la teva filosofia empresarial per a finalment escollir el que tingui un major vincle. Despr\u00e9s, la log\u00edstica i el pressupost segurament t\u2019ajudaran a escollir.<\/p>\n<p>&nbsp;<\/p>\n<h2><span style=\"color: #ff0000;\">Cas EIKONOS: Gala de les Estrelles del Futbol Catal\u00e0 a la F\u00e0brica Damm<\/span><\/h2>\n<p><span lang=\"CA\">La Federaci\u00f3 Catalana de Futbol va confiar en l\u2019experi\u00e8ncia d\u2019EIKONOS en el m\u00f3n dels esdeveniments audiovisuals, col\u00b7laborant aix\u00ed una vegada m\u00e9s en les \u00faltimes edicions<\/span><strong><span lang=\"CA\">\u00a0<\/span>de la <\/strong><a href=\"https:\/\/eikonos.com\/blog\/tres-de-los-eventos-audiovisuales-realizados-en-noviembre\/\"><strong>Gala de les Estrelles del Futbol Catal\u00e0<\/strong><\/a>,<\/p>\n<p><strong>organitzat per Estrella Damm en la seva reformada Antiga F\u00e0brica Damm, <\/strong>actualment espai dedicat a esdeveniment corporatius, mercats de disseny i art, i tot all\u00f2 que correspongui als valors de la nova cultura jove barcelonina.<\/p>\n<p>Durant aquella nit es van entregar els premis de les diferents categories de futbol i futbol sala (tan mascul\u00ed com femen\u00ed), a m\u00e9s dels especials premis als millors jugadors, entrenadors i \u00e0rbitres.<\/p>\n<p>El nostre rol en l\u2019esdeveniment va ser el lloguer i el muntatge d\u2019una pantalla LED <strong>d\u2019unes dimensions de 5&#215;3 metres, formada a partir de 60 m\u00f2duls LED de 2.6mm de resoluci\u00f3, creant aix\u00ed un suport audiovisual perfecte <\/strong>per a que els assistents poguessin veure en alta definici\u00f3 els v\u00eddeos dels premiats, aix\u00ed com el contingut gr\u00e0fic que acompanyava la cerim\u00f2nia. Aquest suport va ser <strong>coordinat amb el processador d\u2019imatge Folsom <\/strong>i vam aconseguir gestionar la composici\u00f3 final de tot el desplegament audiovisual amb \u00e8xit mitjan\u00e7ant l\u2019emissi\u00f3 de v\u00eddeos, imatges i diferents presentacions.<\/p>\n<p><strong>Tan l\u2019espai, com les solucions audiovisual van respondre a la perfecci\u00f3 al concepte principal de l\u2019esdeveniment corporatiu, <\/strong>creant un escenari estel\u00b7lar per les icones del F\u00fatbol actual.<\/p>\n<p>Els nostres m\u00e9s de 30 anys d\u2019experi\u00e8ncia en el sector audiovisual ens permet col\u00b7laborar en l\u2019organitzaci\u00f3 d\u2019esdeveniments corporatius com aquest i demostrar que el nostre equip t\u00e8cnics i material audiovisual est\u00e0 totalment preparat per a que puguis realitzar un dels millors esdeveniments o presentacions de producte o servei.<\/p>\n<p>Necessites ajuda per tronar un espai singular amb encant i una tecnologia innovadora que respongui i presenti a la teva marca tal i com es mereix? <strong><em>Parlem!<\/em><\/strong><\/p>\n<p><a href=\"https:\/\/eikonos.com\/ca\/serveis\/lloguer-equips\/\"><img loading=\"lazy\" decoding=\"async\" class=\"aligncenter wp-image-4119 size-full\" src=\"https:\/\/eikonos.com\/wp-content\/uploads\/2017\/05\/eikonos-cta-equips-audiovisuals-de-lloguer.png\" alt=\"Eikonos lloguer d'equips audiovisuals per a esdeveniments\" width=\"741\" height=\"250\" srcset=\"https:\/\/eikonos.com\/wp-content\/uploads\/2017\/05\/eikonos-cta-equips-audiovisuals-de-lloguer.png 741w, https:\/\/eikonos.com\/wp-content\/uploads\/2017\/05\/eikonos-cta-equips-audiovisuals-de-lloguer-300x101.png 300w\" sizes=\"auto, (max-width: 741px) 100vw, 741px\" \/><\/a><\/p>\n","protected":false},"excerpt":{"rendered":"<p>Quan la nostra empresa vol donar a con\u00e8ixer al seu p\u00fablic un nou producte o&#8230;<\/p>\n","protected":false},"author":6,"featured_media":4249,"comment_status":"open","ping_status":"open","sticky":false,"template":"","format":"standard","meta":{"_acf_changed":false,"footnotes":""},"categories":[268,260,262,310],"tags":[],"class_list":["post-4258","post","type-post","status-publish","format-standard","has-post-thumbnail","hentry","category-eikonos-ca","category-esdeveniments-audiovisuals","category-lloguer-dequips","category-projectes"],"acf":[],"yoast_head":"<!-- This site is optimized with the Yoast SEO plugin v26.3 - https:\/\/yoast.com\/wordpress\/plugins\/seo\/ -->\n<title>Espais singular per organitzar un esdeveniment corporatiu<\/title>\n<meta name=\"description\" content=\"A EIKONOS t&#039;expliquem la import\u00e0ncia d&#039;organitzar un esdeveniment corporatiu en un espai acord a la teva marca.\" \/>\n<meta name=\"robots\" content=\"index, follow, max-snippet:-1, max-image-preview:large, max-video-preview:-1\" \/>\n<link rel=\"canonical\" href=\"https:\/\/eikonos.com\/ca\/blog\/espais-singulars-per-organitzar-un-esdeveniment-corporatiu-exclusiu\/\" \/>\n<meta property=\"og:locale\" content=\"ca_ES\" \/>\n<meta property=\"og:type\" content=\"article\" \/>\n<meta property=\"og:title\" content=\"Espais singular per organitzar un esdeveniment corporatiu\" \/>\n<meta property=\"og:description\" content=\"A EIKONOS t&#039;expliquem la import\u00e0ncia d&#039;organitzar un esdeveniment corporatiu en un espai acord a la teva marca.\" \/>\n<meta property=\"og:url\" content=\"https:\/\/eikonos.com\/ca\/blog\/espais-singulars-per-organitzar-un-esdeveniment-corporatiu-exclusiu\/\" \/>\n<meta property=\"og:site_name\" content=\"EIKONOS\" \/>\n<meta property=\"article:publisher\" content=\"http:\/\/www.facebook.com\/pages\/Eikonos\/176324785746790\" \/>\n<meta property=\"article:published_time\" content=\"2017-07-04T08:41:44+00:00\" \/>\n<meta property=\"og:image\" content=\"https:\/\/eikonos.com\/wp-content\/uploads\/2017\/06\/eikonos-estrelladamm.jpg\" \/>\n\t<meta property=\"og:image:width\" content=\"860\" \/>\n\t<meta property=\"og:image:height\" content=\"551\" \/>\n\t<meta property=\"og:image:type\" content=\"image\/jpeg\" \/>\n<meta name=\"author\" content=\"Xavi Eikonos\" \/>\n<meta name=\"twitter:card\" content=\"summary_large_image\" \/>\n<meta name=\"twitter:creator\" content=\"@eikonos_sa\" \/>\n<meta name=\"twitter:site\" content=\"@eikonos_sa\" \/>\n<meta name=\"twitter:label1\" content=\"Escrit per\" \/>\n\t<meta name=\"twitter:data1\" content=\"Xavi Eikonos\" \/>\n\t<meta name=\"twitter:label2\" content=\"Temps estimat de lectura\" \/>\n\t<meta name=\"twitter:data2\" content=\"3 minuts\" \/>\n<script type=\"application\/ld+json\" class=\"yoast-schema-graph\">{\"@context\":\"https:\/\/schema.org\",\"@graph\":[{\"@type\":\"Article\",\"@id\":\"https:\/\/eikonos.com\/ca\/blog\/espais-singulars-per-organitzar-un-esdeveniment-corporatiu-exclusiu\/#article\",\"isPartOf\":{\"@id\":\"https:\/\/eikonos.com\/ca\/blog\/espais-singulars-per-organitzar-un-esdeveniment-corporatiu-exclusiu\/\"},\"author\":{\"name\":\"Xavi Eikonos\",\"@id\":\"https:\/\/eikonos.com\/ca\/#\/schema\/person\/82032860cc314d826959b90595a5280a\"},\"headline\":\"Espais singulars per organitzar un esdeveniment corporatiu exclusiu\",\"datePublished\":\"2017-07-04T08:41:44+00:00\",\"mainEntityOfPage\":{\"@id\":\"https:\/\/eikonos.com\/ca\/blog\/espais-singulars-per-organitzar-un-esdeveniment-corporatiu-exclusiu\/\"},\"wordCount\":585,\"commentCount\":0,\"publisher\":{\"@id\":\"https:\/\/eikonos.com\/ca\/#organization\"},\"image\":{\"@id\":\"https:\/\/eikonos.com\/ca\/blog\/espais-singulars-per-organitzar-un-esdeveniment-corporatiu-exclusiu\/#primaryimage\"},\"thumbnailUrl\":\"https:\/\/eikonos.com\/wp-content\/uploads\/2017\/06\/eikonos-estrelladamm.jpg\",\"articleSection\":[\"Eikonos\",\"Esdeveniments audiovisuals\",\"Lloguer d'equips\",\"Projectes\"],\"inLanguage\":\"ca\",\"potentialAction\":[{\"@type\":\"CommentAction\",\"name\":\"Comment\",\"target\":[\"https:\/\/eikonos.com\/ca\/blog\/espais-singulars-per-organitzar-un-esdeveniment-corporatiu-exclusiu\/#respond\"]}]},{\"@type\":\"WebPage\",\"@id\":\"https:\/\/eikonos.com\/ca\/blog\/espais-singulars-per-organitzar-un-esdeveniment-corporatiu-exclusiu\/\",\"url\":\"https:\/\/eikonos.com\/ca\/blog\/espais-singulars-per-organitzar-un-esdeveniment-corporatiu-exclusiu\/\",\"name\":\"Espais singular per organitzar un esdeveniment corporatiu\",\"isPartOf\":{\"@id\":\"https:\/\/eikonos.com\/ca\/#website\"},\"primaryImageOfPage\":{\"@id\":\"https:\/\/eikonos.com\/ca\/blog\/espais-singulars-per-organitzar-un-esdeveniment-corporatiu-exclusiu\/#primaryimage\"},\"image\":{\"@id\":\"https:\/\/eikonos.com\/ca\/blog\/espais-singulars-per-organitzar-un-esdeveniment-corporatiu-exclusiu\/#primaryimage\"},\"thumbnailUrl\":\"https:\/\/eikonos.com\/wp-content\/uploads\/2017\/06\/eikonos-estrelladamm.jpg\",\"datePublished\":\"2017-07-04T08:41:44+00:00\",\"description\":\"A EIKONOS t'expliquem la import\u00e0ncia d'organitzar un esdeveniment corporatiu en un espai acord a la teva marca.\",\"breadcrumb\":{\"@id\":\"https:\/\/eikonos.com\/ca\/blog\/espais-singulars-per-organitzar-un-esdeveniment-corporatiu-exclusiu\/#breadcrumb\"},\"inLanguage\":\"ca\",\"potentialAction\":[{\"@type\":\"ReadAction\",\"target\":[\"https:\/\/eikonos.com\/ca\/blog\/espais-singulars-per-organitzar-un-esdeveniment-corporatiu-exclusiu\/\"]}]},{\"@type\":\"ImageObject\",\"inLanguage\":\"ca\",\"@id\":\"https:\/\/eikonos.com\/ca\/blog\/espais-singulars-per-organitzar-un-esdeveniment-corporatiu-exclusiu\/#primaryimage\",\"url\":\"https:\/\/eikonos.com\/wp-content\/uploads\/2017\/06\/eikonos-estrelladamm.jpg\",\"contentUrl\":\"https:\/\/eikonos.com\/wp-content\/uploads\/2017\/06\/eikonos-estrelladamm.jpg\",\"width\":860,\"height\":551},{\"@type\":\"BreadcrumbList\",\"@id\":\"https:\/\/eikonos.com\/ca\/blog\/espais-singulars-per-organitzar-un-esdeveniment-corporatiu-exclusiu\/#breadcrumb\",\"itemListElement\":[{\"@type\":\"ListItem\",\"position\":1,\"name\":\"EIKONOS\",\"item\":\"https:\/\/eikonos.com\/ca\/inici\/\"},{\"@type\":\"ListItem\",\"position\":2,\"name\":\"Espais singulars per organitzar un esdeveniment corporatiu exclusiu\"}]},{\"@type\":\"WebSite\",\"@id\":\"https:\/\/eikonos.com\/ca\/#website\",\"url\":\"https:\/\/eikonos.com\/ca\/\",\"name\":\"EIKONOS\",\"description\":\"EXPERIENCIA AUDIOVISUAL\",\"publisher\":{\"@id\":\"https:\/\/eikonos.com\/ca\/#organization\"},\"potentialAction\":[{\"@type\":\"SearchAction\",\"target\":{\"@type\":\"EntryPoint\",\"urlTemplate\":\"https:\/\/eikonos.com\/ca\/?s={search_term_string}\"},\"query-input\":{\"@type\":\"PropertyValueSpecification\",\"valueRequired\":true,\"valueName\":\"search_term_string\"}}],\"inLanguage\":\"ca\"},{\"@type\":\"Organization\",\"@id\":\"https:\/\/eikonos.com\/ca\/#organization\",\"name\":\"EIKONOS | Servicios Audiovisuales, eventos y alquiler de equipos\",\"url\":\"https:\/\/eikonos.com\/ca\/\",\"logo\":{\"@type\":\"ImageObject\",\"inLanguage\":\"ca\",\"@id\":\"https:\/\/eikonos.com\/ca\/#\/schema\/logo\/image\/\",\"url\":\"https:\/\/eikonos.com\/wp-content\/uploads\/2020\/08\/logo-color.png\",\"contentUrl\":\"https:\/\/eikonos.com\/wp-content\/uploads\/2020\/08\/logo-color.png\",\"width\":376,\"height\":122,\"caption\":\"EIKONOS | Servicios Audiovisuales, eventos y alquiler de equipos\"},\"image\":{\"@id\":\"https:\/\/eikonos.com\/ca\/#\/schema\/logo\/image\/\"},\"sameAs\":[\"http:\/\/www.facebook.com\/pages\/Eikonos\/176324785746790\",\"https:\/\/x.com\/eikonos_sa\",\"http:\/\/www.linkedin.com\/company\/eikonos\",\"http:\/\/www.youtube.com\/channel\/UC8wcizWaAYbfsuqVf9wIT6w\"]},{\"@type\":\"Person\",\"@id\":\"https:\/\/eikonos.com\/ca\/#\/schema\/person\/82032860cc314d826959b90595a5280a\",\"name\":\"Xavi Eikonos\",\"image\":{\"@type\":\"ImageObject\",\"inLanguage\":\"ca\",\"@id\":\"https:\/\/eikonos.com\/ca\/#\/schema\/person\/image\/\",\"url\":\"https:\/\/secure.gravatar.com\/avatar\/a6c6b51dd0ac6902701aab24a914f6febe1518f94a5ae06db08b3d6107248dfd?s=96&d=mm&r=g\",\"contentUrl\":\"https:\/\/secure.gravatar.com\/avatar\/a6c6b51dd0ac6902701aab24a914f6febe1518f94a5ae06db08b3d6107248dfd?s=96&d=mm&r=g\",\"caption\":\"Xavi Eikonos\"}}]}<\/script>\n<!-- \/ Yoast SEO plugin. -->","yoast_head_json":{"title":"Espais singular per organitzar un esdeveniment corporatiu","description":"A EIKONOS t'expliquem la import\u00e0ncia d'organitzar un esdeveniment corporatiu en un espai acord a la teva marca.","robots":{"index":"index","follow":"follow","max-snippet":"max-snippet:-1","max-image-preview":"max-image-preview:large","max-video-preview":"max-video-preview:-1"},"canonical":"https:\/\/eikonos.com\/ca\/blog\/espais-singulars-per-organitzar-un-esdeveniment-corporatiu-exclusiu\/","og_locale":"ca_ES","og_type":"article","og_title":"Espais singular per organitzar un esdeveniment corporatiu","og_description":"A EIKONOS t'expliquem la import\u00e0ncia d'organitzar un esdeveniment corporatiu en un espai acord a la teva marca.","og_url":"https:\/\/eikonos.com\/ca\/blog\/espais-singulars-per-organitzar-un-esdeveniment-corporatiu-exclusiu\/","og_site_name":"EIKONOS","article_publisher":"http:\/\/www.facebook.com\/pages\/Eikonos\/176324785746790","article_published_time":"2017-07-04T08:41:44+00:00","og_image":[{"width":860,"height":551,"url":"https:\/\/eikonos.com\/wp-content\/uploads\/2017\/06\/eikonos-estrelladamm.jpg","type":"image\/jpeg"}],"author":"Xavi Eikonos","twitter_card":"summary_large_image","twitter_creator":"@eikonos_sa","twitter_site":"@eikonos_sa","twitter_misc":{"Escrit per":"Xavi Eikonos","Temps estimat de lectura":"3 minuts"},"schema":{"@context":"https:\/\/schema.org","@graph":[{"@type":"Article","@id":"https:\/\/eikonos.com\/ca\/blog\/espais-singulars-per-organitzar-un-esdeveniment-corporatiu-exclusiu\/#article","isPartOf":{"@id":"https:\/\/eikonos.com\/ca\/blog\/espais-singulars-per-organitzar-un-esdeveniment-corporatiu-exclusiu\/"},"author":{"name":"Xavi Eikonos","@id":"https:\/\/eikonos.com\/ca\/#\/schema\/person\/82032860cc314d826959b90595a5280a"},"headline":"Espais singulars per organitzar un esdeveniment corporatiu exclusiu","datePublished":"2017-07-04T08:41:44+00:00","mainEntityOfPage":{"@id":"https:\/\/eikonos.com\/ca\/blog\/espais-singulars-per-organitzar-un-esdeveniment-corporatiu-exclusiu\/"},"wordCount":585,"commentCount":0,"publisher":{"@id":"https:\/\/eikonos.com\/ca\/#organization"},"image":{"@id":"https:\/\/eikonos.com\/ca\/blog\/espais-singulars-per-organitzar-un-esdeveniment-corporatiu-exclusiu\/#primaryimage"},"thumbnailUrl":"https:\/\/eikonos.com\/wp-content\/uploads\/2017\/06\/eikonos-estrelladamm.jpg","articleSection":["Eikonos","Esdeveniments audiovisuals","Lloguer d'equips","Projectes"],"inLanguage":"ca","potentialAction":[{"@type":"CommentAction","name":"Comment","target":["https:\/\/eikonos.com\/ca\/blog\/espais-singulars-per-organitzar-un-esdeveniment-corporatiu-exclusiu\/#respond"]}]},{"@type":"WebPage","@id":"https:\/\/eikonos.com\/ca\/blog\/espais-singulars-per-organitzar-un-esdeveniment-corporatiu-exclusiu\/","url":"https:\/\/eikonos.com\/ca\/blog\/espais-singulars-per-organitzar-un-esdeveniment-corporatiu-exclusiu\/","name":"Espais singular per organitzar un esdeveniment corporatiu","isPartOf":{"@id":"https:\/\/eikonos.com\/ca\/#website"},"primaryImageOfPage":{"@id":"https:\/\/eikonos.com\/ca\/blog\/espais-singulars-per-organitzar-un-esdeveniment-corporatiu-exclusiu\/#primaryimage"},"image":{"@id":"https:\/\/eikonos.com\/ca\/blog\/espais-singulars-per-organitzar-un-esdeveniment-corporatiu-exclusiu\/#primaryimage"},"thumbnailUrl":"https:\/\/eikonos.com\/wp-content\/uploads\/2017\/06\/eikonos-estrelladamm.jpg","datePublished":"2017-07-04T08:41:44+00:00","description":"A EIKONOS t'expliquem la import\u00e0ncia d'organitzar un esdeveniment corporatiu en un espai acord a la teva marca.","breadcrumb":{"@id":"https:\/\/eikonos.com\/ca\/blog\/espais-singulars-per-organitzar-un-esdeveniment-corporatiu-exclusiu\/#breadcrumb"},"inLanguage":"ca","potentialAction":[{"@type":"ReadAction","target":["https:\/\/eikonos.com\/ca\/blog\/espais-singulars-per-organitzar-un-esdeveniment-corporatiu-exclusiu\/"]}]},{"@type":"ImageObject","inLanguage":"ca","@id":"https:\/\/eikonos.com\/ca\/blog\/espais-singulars-per-organitzar-un-esdeveniment-corporatiu-exclusiu\/#primaryimage","url":"https:\/\/eikonos.com\/wp-content\/uploads\/2017\/06\/eikonos-estrelladamm.jpg","contentUrl":"https:\/\/eikonos.com\/wp-content\/uploads\/2017\/06\/eikonos-estrelladamm.jpg","width":860,"height":551},{"@type":"BreadcrumbList","@id":"https:\/\/eikonos.com\/ca\/blog\/espais-singulars-per-organitzar-un-esdeveniment-corporatiu-exclusiu\/#breadcrumb","itemListElement":[{"@type":"ListItem","position":1,"name":"EIKONOS","item":"https:\/\/eikonos.com\/ca\/inici\/"},{"@type":"ListItem","position":2,"name":"Espais singulars per organitzar un esdeveniment corporatiu exclusiu"}]},{"@type":"WebSite","@id":"https:\/\/eikonos.com\/ca\/#website","url":"https:\/\/eikonos.com\/ca\/","name":"EIKONOS","description":"EXPERIENCIA AUDIOVISUAL","publisher":{"@id":"https:\/\/eikonos.com\/ca\/#organization"},"potentialAction":[{"@type":"SearchAction","target":{"@type":"EntryPoint","urlTemplate":"https:\/\/eikonos.com\/ca\/?s={search_term_string}"},"query-input":{"@type":"PropertyValueSpecification","valueRequired":true,"valueName":"search_term_string"}}],"inLanguage":"ca"},{"@type":"Organization","@id":"https:\/\/eikonos.com\/ca\/#organization","name":"EIKONOS | Servicios Audiovisuales, eventos y alquiler de equipos","url":"https:\/\/eikonos.com\/ca\/","logo":{"@type":"ImageObject","inLanguage":"ca","@id":"https:\/\/eikonos.com\/ca\/#\/schema\/logo\/image\/","url":"https:\/\/eikonos.com\/wp-content\/uploads\/2020\/08\/logo-color.png","contentUrl":"https:\/\/eikonos.com\/wp-content\/uploads\/2020\/08\/logo-color.png","width":376,"height":122,"caption":"EIKONOS | Servicios Audiovisuales, eventos y alquiler de equipos"},"image":{"@id":"https:\/\/eikonos.com\/ca\/#\/schema\/logo\/image\/"},"sameAs":["http:\/\/www.facebook.com\/pages\/Eikonos\/176324785746790","https:\/\/x.com\/eikonos_sa","http:\/\/www.linkedin.com\/company\/eikonos","http:\/\/www.youtube.com\/channel\/UC8wcizWaAYbfsuqVf9wIT6w"]},{"@type":"Person","@id":"https:\/\/eikonos.com\/ca\/#\/schema\/person\/82032860cc314d826959b90595a5280a","name":"Xavi Eikonos","image":{"@type":"ImageObject","inLanguage":"ca","@id":"https:\/\/eikonos.com\/ca\/#\/schema\/person\/image\/","url":"https:\/\/secure.gravatar.com\/avatar\/a6c6b51dd0ac6902701aab24a914f6febe1518f94a5ae06db08b3d6107248dfd?s=96&d=mm&r=g","contentUrl":"https:\/\/secure.gravatar.com\/avatar\/a6c6b51dd0ac6902701aab24a914f6febe1518f94a5ae06db08b3d6107248dfd?s=96&d=mm&r=g","caption":"Xavi Eikonos"}}]}},"_links":{"self":[{"href":"https:\/\/eikonos.com\/ca\/wp-json\/wp\/v2\/posts\/4258","targetHints":{"allow":["GET"]}}],"collection":[{"href":"https:\/\/eikonos.com\/ca\/wp-json\/wp\/v2\/posts"}],"about":[{"href":"https:\/\/eikonos.com\/ca\/wp-json\/wp\/v2\/types\/post"}],"author":[{"embeddable":true,"href":"https:\/\/eikonos.com\/ca\/wp-json\/wp\/v2\/users\/6"}],"replies":[{"embeddable":true,"href":"https:\/\/eikonos.com\/ca\/wp-json\/wp\/v2\/comments?post=4258"}],"version-history":[{"count":0,"href":"https:\/\/eikonos.com\/ca\/wp-json\/wp\/v2\/posts\/4258\/revisions"}],"wp:featuredmedia":[{"embeddable":true,"href":"https:\/\/eikonos.com\/ca\/wp-json\/wp\/v2\/media\/4249"}],"wp:attachment":[{"href":"https:\/\/eikonos.com\/ca\/wp-json\/wp\/v2\/media?parent=4258"}],"wp:term":[{"taxonomy":"category","embeddable":true,"href":"https:\/\/eikonos.com\/ca\/wp-json\/wp\/v2\/categories?post=4258"},{"taxonomy":"post_tag","embeddable":true,"href":"https:\/\/eikonos.com\/ca\/wp-json\/wp\/v2\/tags?post=4258"}],"curies":[{"name":"wp","href":"https:\/\/api.w.org\/{rel}","templated":true}]}}