{"id":4241,"date":"2017-06-06T11:07:13","date_gmt":"2017-06-06T09:07:13","guid":{"rendered":"http:\/\/eikonos.com\/?p=4241"},"modified":"2017-06-06T11:07:13","modified_gmt":"2017-06-06T09:07:13","slug":"els-avantatges-del-lloguer-dequips-audiovisuals-en-una-convencio","status":"publish","type":"post","link":"https:\/\/eikonos.com\/ca\/blog\/els-avantatges-del-lloguer-dequips-audiovisuals-en-una-convencio\/","title":{"rendered":"Els avantatges del lloguer d\u2019equips audiovisuals en una convenci\u00f3"},"content":{"rendered":"<p>Finalment has decidit participar en l\u2019organitzaci\u00f3 d\u2019una convenci\u00f3 o trobada important? Sigui quin sigui el teu grup professional, gremi o professi\u00f3, hem de seguir una s\u00e8rie de pautes que ens assegurin realitzar l\u2019acte de forma correcta i sota un entorn i una din\u00e0mica favorable per a tots els assistents.<\/p>\n<p>Seguin els\u00a0<a href=\"https:\/\/eikonos.com\/blog\/8-pasos-para-organizar-una-convencion-corporativa-de-exito\/\">8 passos per organitzar una convenci\u00f3 corporativa d&#8217;\u00e8xit<\/a>, alguns dels factors claus s\u00f3n aconseguir un bon equip de professionals t\u00e8cnics i preparar un bon material audiovisual acord amb l\u2019aforament, el tipus de p\u00fablic i a la tem\u00e0tica de l\u2019esdeveniment.<\/p>\n<p>En aquest sentit\u00a0<a href=\"https:\/\/eikonos.com\/servicios\/alquiler-de-equipos\/\">alquiler de equipos audiovisuales<\/a> ser\u00e1 una decisi\u00f3n a tener en cuenta ya que queremos amortizar la convenci\u00f3n lo mejor posible y asegurando a la vez un material de calidad.<\/p>\n<h2><span style=\"color: #ff0000;\">Rentable i fiable<\/span><\/h2>\n<p>A vegades, creient que ens sortir\u00e0 molt m\u00e9s econ\u00f2mic, ens aprovisionament del propi material audiovisual que disposem a la nostra casa o oficina. Sense anar m\u00e9s lluny de la veritat: el que realment estem aconseguint \u00e9s <strong>for\u00e7ar un material d\u2019\u00fas dom\u00e8stic per a un \u00fas molt m\u00e9s exigent, quan en realitat, hem d\u2019utilitzar equips professionals de major rendiment, pot\u00e8ncia, resoluci\u00f3 i preparats per a un \u00fas intensiu. <\/strong>En definitiva, tenim molts punts per a que el televisor o el projector de casa s\u2019avari\u00efn i haguem de pagar finalment el manteniment o arreglar-ho o, incl\u00fas, la substituci\u00f3 del nostra aparell el\u00e8ctric.<\/p>\n<p>Davant d\u2019aquesta problem\u00e0tica, <strong>existeix una alternativa molt m\u00e9s fiable, c\u00f2mode i segura: llogar el material. Amb aquesta soluci\u00f3, comptarem amb un material d\u2019\u00faltima tecnologia, especialment creat per a un \u00fas freq\u00fcent i per a tots els actes tals com les convencions, <\/strong>confer\u00e8ncies, fires i altres tipus d\u2019esdeveniments.<\/p>\n<h2><span style=\"color: #ff0000;\">Comoditat en la instal\u00b7laci\u00f3 i despla\u00e7ament<\/span><\/h2>\n<p>Un altre dels avantatges del lloguer d\u2019equips audiovisuals \u00e9s la tranquil\u00b7litat que tenim en el moment del seu muntatge.<\/p>\n<p><strong>A EIKONOS comptem amb un servei d\u2019instal\u00b7laci\u00f3 i muntatge. A art del propi lloguer del material, comptem amb un equip de professionals formats per a la seva instal\u00b7laci\u00f3 i \u00fas. \u00c9s el que anomenem lloguer clau en m\u00e0, <\/strong>\u00e9s a dir, tot llest per a que gaudeixis del servei que et podem oferir i que l\u2019esfor\u00e7 dedicat a la preparaci\u00f3 de la convenci\u00f3 es converteixi en tot un \u00e8xit.<\/p>\n<p>A la vegada, el fet de llogar material suposa <strong>no tenir que preocupar-te pel trasllat o despla\u00e7ament fins al llocs de l\u2019esdeveniment: <\/strong>l\u2019equip de professionals simplement vindr\u00e0 amb el teu material llogat, l\u2019instal\u00b7lar\u00e0, t\u2019ajudar\u00e0 a tenir-ho tot llest i, una vegada hagi acabat la jornada, se\u2019l endur\u00e0 per a que puguis ocupar-te del que realment \u00e9s important, els teus clients.<\/p>\n<h2><span style=\"color: #ff0000;\">Totes les facilitats al nostre servei\u00a0<\/span><\/h2>\n<p>A m\u00e9s a m\u00e9s de les avantatges t\u00e8cniques que ofereixen les solucions audiovisuals, existeix una altra virtut associada al servei de lloguer: <strong>comptar amb l\u2019assist\u00e8ncia i el treball dels t\u00e8cnics experimentats <\/strong>que ens ajudin a tenir tot lles per comunicar el nostre missatge a la nostra audi\u00e8ncia.<\/p>\n<p>Aquest tipus de professionals s\u00f3n <strong>experts en solucionar imprevistos, proposar solucions r\u00e0pides i eficaces, aix\u00ed com evitar que apareixien errors en l\u2019\u00faltim moment <\/strong>que no sapiguem arreglar pel nostre propi compte. Qu\u00e8 passaria si se\u2019ns fa mal b\u00e9 el projector de l\u2019oficina al mig d\u2019una presentaci\u00f3?<\/p>\n<p>L\u2019objectiu \u00e9s oferir totes les facilitats possibles i no haver de preocupar-nos per saber com interactuar o com gestionar el desplegament audiovisual de l\u2019esdeveniment.<\/p>\n<p>En definitiva, el lloguer d\u2019equips audiovisuals en una convenci\u00f3 suposa una avantatge clara i molt m\u00e9s rentable que utilitzar el nostre propi material dom\u00e8stic i for\u00e7ar e seu \u00fas fins avariar-los.<\/p>\n<p><strong>A EIKONOS comptem amb un servei complet de lloguer d\u2019equips per diferents necessitats, <\/strong>des de pantalles LEDS, videowalls i projectors, fins a sistemes de control, equips d\u2019il\u00b7luminaci\u00f3 i de so. <strong><em>Parlem!<\/em><\/strong><\/p>\n<p><a href=\"https:\/\/eikonos.com\/ca\/serveis\/lloguer-equips\/\"><img loading=\"lazy\" decoding=\"async\" class=\"aligncenter wp-image-4119 size-full\" src=\"https:\/\/eikonos.com\/wp-content\/uploads\/2017\/05\/eikonos-cta-equips-audiovisuals-de-lloguer.png\" alt=\"Eikonos lloguer d'equips audiovisuals per a esdeveniments\" width=\"741\" height=\"250\" srcset=\"https:\/\/eikonos.com\/wp-content\/uploads\/2017\/05\/eikonos-cta-equips-audiovisuals-de-lloguer.png 741w, https:\/\/eikonos.com\/wp-content\/uploads\/2017\/05\/eikonos-cta-equips-audiovisuals-de-lloguer-300x101.png 300w\" sizes=\"auto, (max-width: 741px) 100vw, 741px\" \/><\/a><\/p>\n<p>&nbsp;<\/p>\n","protected":false},"excerpt":{"rendered":"<p>Finalment has decidit participar en l\u2019organitzaci\u00f3 d\u2019una convenci\u00f3 o trobada important? Sigui quin sigui el&#8230;<\/p>\n","protected":false},"author":6,"featured_media":4219,"comment_status":"open","ping_status":"open","sticky":false,"template":"","format":"standard","meta":{"_acf_changed":false,"footnotes":""},"categories":[260,262],"tags":[],"class_list":["post-4241","post","type-post","status-publish","format-standard","has-post-thumbnail","hentry","category-esdeveniments-audiovisuals","category-lloguer-dequips"],"acf":[],"yoast_head":"<!-- This site is optimized with the Yoast SEO plugin v26.3 - https:\/\/yoast.com\/wordpress\/plugins\/seo\/ -->\n<title>Els avantatges del lloguer d\u2019equips audiovisuals en una convenci\u00f3<\/title>\n<meta name=\"description\" content=\"El llooguer d&#039;equips audiovisuals \u00e9s una bona soluci\u00f3 per les convencions, asegurant a la vegada un material de qualitat.\" \/>\n<meta name=\"robots\" content=\"index, follow, max-snippet:-1, max-image-preview:large, max-video-preview:-1\" \/>\n<link rel=\"canonical\" href=\"https:\/\/eikonos.com\/ca\/blog\/els-avantatges-del-lloguer-dequips-audiovisuals-en-una-convencio\/\" \/>\n<meta property=\"og:locale\" content=\"ca_ES\" \/>\n<meta property=\"og:type\" content=\"article\" \/>\n<meta property=\"og:title\" content=\"Els avantatges del lloguer d\u2019equips audiovisuals en una convenci\u00f3\" \/>\n<meta property=\"og:description\" content=\"El llooguer d&#039;equips audiovisuals \u00e9s una bona soluci\u00f3 per les convencions, asegurant a la vegada un material de qualitat.\" \/>\n<meta property=\"og:url\" content=\"https:\/\/eikonos.com\/ca\/blog\/els-avantatges-del-lloguer-dequips-audiovisuals-en-una-convencio\/\" \/>\n<meta property=\"og:site_name\" content=\"EIKONOS\" \/>\n<meta property=\"article:publisher\" content=\"http:\/\/www.facebook.com\/pages\/Eikonos\/176324785746790\" \/>\n<meta property=\"article:published_time\" content=\"2017-06-06T09:07:13+00:00\" \/>\n<meta property=\"og:image\" content=\"https:\/\/eikonos.com\/wp-content\/uploads\/2017\/06\/EIKONOS-equipo-audiovisual.jpg\" \/>\n\t<meta property=\"og:image:width\" content=\"674\" \/>\n\t<meta property=\"og:image:height\" content=\"426\" \/>\n\t<meta property=\"og:image:type\" content=\"image\/jpeg\" \/>\n<meta name=\"author\" content=\"Xavi Eikonos\" \/>\n<meta name=\"twitter:card\" content=\"summary_large_image\" \/>\n<meta name=\"twitter:creator\" content=\"@eikonos_sa\" \/>\n<meta name=\"twitter:site\" content=\"@eikonos_sa\" \/>\n<meta name=\"twitter:label1\" content=\"Escrit per\" \/>\n\t<meta name=\"twitter:data1\" content=\"Xavi Eikonos\" \/>\n\t<meta name=\"twitter:label2\" content=\"Temps estimat de lectura\" \/>\n\t<meta name=\"twitter:data2\" content=\"3 minuts\" \/>\n<script type=\"application\/ld+json\" class=\"yoast-schema-graph\">{\"@context\":\"https:\/\/schema.org\",\"@graph\":[{\"@type\":\"Article\",\"@id\":\"https:\/\/eikonos.com\/ca\/blog\/els-avantatges-del-lloguer-dequips-audiovisuals-en-una-convencio\/#article\",\"isPartOf\":{\"@id\":\"https:\/\/eikonos.com\/ca\/blog\/els-avantatges-del-lloguer-dequips-audiovisuals-en-una-convencio\/\"},\"author\":{\"name\":\"Xavi Eikonos\",\"@id\":\"https:\/\/eikonos.com\/ca\/#\/schema\/person\/82032860cc314d826959b90595a5280a\"},\"headline\":\"Els avantatges del lloguer d\u2019equips audiovisuals en una convenci\u00f3\",\"datePublished\":\"2017-06-06T09:07:13+00:00\",\"mainEntityOfPage\":{\"@id\":\"https:\/\/eikonos.com\/ca\/blog\/els-avantatges-del-lloguer-dequips-audiovisuals-en-una-convencio\/\"},\"wordCount\":693,\"commentCount\":0,\"publisher\":{\"@id\":\"https:\/\/eikonos.com\/ca\/#organization\"},\"image\":{\"@id\":\"https:\/\/eikonos.com\/ca\/blog\/els-avantatges-del-lloguer-dequips-audiovisuals-en-una-convencio\/#primaryimage\"},\"thumbnailUrl\":\"https:\/\/eikonos.com\/wp-content\/uploads\/2017\/06\/EIKONOS-equipo-audiovisual.jpg\",\"articleSection\":[\"Esdeveniments audiovisuals\",\"Lloguer d'equips\"],\"inLanguage\":\"ca\",\"potentialAction\":[{\"@type\":\"CommentAction\",\"name\":\"Comment\",\"target\":[\"https:\/\/eikonos.com\/ca\/blog\/els-avantatges-del-lloguer-dequips-audiovisuals-en-una-convencio\/#respond\"]}]},{\"@type\":\"WebPage\",\"@id\":\"https:\/\/eikonos.com\/ca\/blog\/els-avantatges-del-lloguer-dequips-audiovisuals-en-una-convencio\/\",\"url\":\"https:\/\/eikonos.com\/ca\/blog\/els-avantatges-del-lloguer-dequips-audiovisuals-en-una-convencio\/\",\"name\":\"Els avantatges del lloguer d\u2019equips audiovisuals en una convenci\u00f3\",\"isPartOf\":{\"@id\":\"https:\/\/eikonos.com\/ca\/#website\"},\"primaryImageOfPage\":{\"@id\":\"https:\/\/eikonos.com\/ca\/blog\/els-avantatges-del-lloguer-dequips-audiovisuals-en-una-convencio\/#primaryimage\"},\"image\":{\"@id\":\"https:\/\/eikonos.com\/ca\/blog\/els-avantatges-del-lloguer-dequips-audiovisuals-en-una-convencio\/#primaryimage\"},\"thumbnailUrl\":\"https:\/\/eikonos.com\/wp-content\/uploads\/2017\/06\/EIKONOS-equipo-audiovisual.jpg\",\"datePublished\":\"2017-06-06T09:07:13+00:00\",\"description\":\"El llooguer d'equips audiovisuals \u00e9s una bona soluci\u00f3 per les convencions, asegurant a la vegada un material de qualitat.\",\"breadcrumb\":{\"@id\":\"https:\/\/eikonos.com\/ca\/blog\/els-avantatges-del-lloguer-dequips-audiovisuals-en-una-convencio\/#breadcrumb\"},\"inLanguage\":\"ca\",\"potentialAction\":[{\"@type\":\"ReadAction\",\"target\":[\"https:\/\/eikonos.com\/ca\/blog\/els-avantatges-del-lloguer-dequips-audiovisuals-en-una-convencio\/\"]}]},{\"@type\":\"ImageObject\",\"inLanguage\":\"ca\",\"@id\":\"https:\/\/eikonos.com\/ca\/blog\/els-avantatges-del-lloguer-dequips-audiovisuals-en-una-convencio\/#primaryimage\",\"url\":\"https:\/\/eikonos.com\/wp-content\/uploads\/2017\/06\/EIKONOS-equipo-audiovisual.jpg\",\"contentUrl\":\"https:\/\/eikonos.com\/wp-content\/uploads\/2017\/06\/EIKONOS-equipo-audiovisual.jpg\",\"width\":674,\"height\":426},{\"@type\":\"BreadcrumbList\",\"@id\":\"https:\/\/eikonos.com\/ca\/blog\/els-avantatges-del-lloguer-dequips-audiovisuals-en-una-convencio\/#breadcrumb\",\"itemListElement\":[{\"@type\":\"ListItem\",\"position\":1,\"name\":\"EIKONOS\",\"item\":\"https:\/\/eikonos.com\/ca\/inici\/\"},{\"@type\":\"ListItem\",\"position\":2,\"name\":\"Els avantatges del lloguer d\u2019equips audiovisuals en una convenci\u00f3\"}]},{\"@type\":\"WebSite\",\"@id\":\"https:\/\/eikonos.com\/ca\/#website\",\"url\":\"https:\/\/eikonos.com\/ca\/\",\"name\":\"EIKONOS\",\"description\":\"EXPERIENCIA AUDIOVISUAL\",\"publisher\":{\"@id\":\"https:\/\/eikonos.com\/ca\/#organization\"},\"potentialAction\":[{\"@type\":\"SearchAction\",\"target\":{\"@type\":\"EntryPoint\",\"urlTemplate\":\"https:\/\/eikonos.com\/ca\/?s={search_term_string}\"},\"query-input\":{\"@type\":\"PropertyValueSpecification\",\"valueRequired\":true,\"valueName\":\"search_term_string\"}}],\"inLanguage\":\"ca\"},{\"@type\":\"Organization\",\"@id\":\"https:\/\/eikonos.com\/ca\/#organization\",\"name\":\"EIKONOS | Servicios Audiovisuales, eventos y alquiler de equipos\",\"url\":\"https:\/\/eikonos.com\/ca\/\",\"logo\":{\"@type\":\"ImageObject\",\"inLanguage\":\"ca\",\"@id\":\"https:\/\/eikonos.com\/ca\/#\/schema\/logo\/image\/\",\"url\":\"https:\/\/eikonos.com\/wp-content\/uploads\/2020\/08\/logo-color.png\",\"contentUrl\":\"https:\/\/eikonos.com\/wp-content\/uploads\/2020\/08\/logo-color.png\",\"width\":376,\"height\":122,\"caption\":\"EIKONOS | Servicios Audiovisuales, eventos y alquiler de equipos\"},\"image\":{\"@id\":\"https:\/\/eikonos.com\/ca\/#\/schema\/logo\/image\/\"},\"sameAs\":[\"http:\/\/www.facebook.com\/pages\/Eikonos\/176324785746790\",\"https:\/\/x.com\/eikonos_sa\",\"http:\/\/www.linkedin.com\/company\/eikonos\",\"http:\/\/www.youtube.com\/channel\/UC8wcizWaAYbfsuqVf9wIT6w\"]},{\"@type\":\"Person\",\"@id\":\"https:\/\/eikonos.com\/ca\/#\/schema\/person\/82032860cc314d826959b90595a5280a\",\"name\":\"Xavi Eikonos\",\"image\":{\"@type\":\"ImageObject\",\"inLanguage\":\"ca\",\"@id\":\"https:\/\/eikonos.com\/ca\/#\/schema\/person\/image\/\",\"url\":\"https:\/\/secure.gravatar.com\/avatar\/a6c6b51dd0ac6902701aab24a914f6febe1518f94a5ae06db08b3d6107248dfd?s=96&d=mm&r=g\",\"contentUrl\":\"https:\/\/secure.gravatar.com\/avatar\/a6c6b51dd0ac6902701aab24a914f6febe1518f94a5ae06db08b3d6107248dfd?s=96&d=mm&r=g\",\"caption\":\"Xavi Eikonos\"}}]}<\/script>\n<!-- \/ Yoast SEO plugin. -->","yoast_head_json":{"title":"Els avantatges del lloguer d\u2019equips audiovisuals en una convenci\u00f3","description":"El llooguer d'equips audiovisuals \u00e9s una bona soluci\u00f3 per les convencions, asegurant a la vegada un material de qualitat.","robots":{"index":"index","follow":"follow","max-snippet":"max-snippet:-1","max-image-preview":"max-image-preview:large","max-video-preview":"max-video-preview:-1"},"canonical":"https:\/\/eikonos.com\/ca\/blog\/els-avantatges-del-lloguer-dequips-audiovisuals-en-una-convencio\/","og_locale":"ca_ES","og_type":"article","og_title":"Els avantatges del lloguer d\u2019equips audiovisuals en una convenci\u00f3","og_description":"El llooguer d'equips audiovisuals \u00e9s una bona soluci\u00f3 per les convencions, asegurant a la vegada un material de qualitat.","og_url":"https:\/\/eikonos.com\/ca\/blog\/els-avantatges-del-lloguer-dequips-audiovisuals-en-una-convencio\/","og_site_name":"EIKONOS","article_publisher":"http:\/\/www.facebook.com\/pages\/Eikonos\/176324785746790","article_published_time":"2017-06-06T09:07:13+00:00","og_image":[{"width":674,"height":426,"url":"https:\/\/eikonos.com\/wp-content\/uploads\/2017\/06\/EIKONOS-equipo-audiovisual.jpg","type":"image\/jpeg"}],"author":"Xavi Eikonos","twitter_card":"summary_large_image","twitter_creator":"@eikonos_sa","twitter_site":"@eikonos_sa","twitter_misc":{"Escrit per":"Xavi Eikonos","Temps estimat de lectura":"3 minuts"},"schema":{"@context":"https:\/\/schema.org","@graph":[{"@type":"Article","@id":"https:\/\/eikonos.com\/ca\/blog\/els-avantatges-del-lloguer-dequips-audiovisuals-en-una-convencio\/#article","isPartOf":{"@id":"https:\/\/eikonos.com\/ca\/blog\/els-avantatges-del-lloguer-dequips-audiovisuals-en-una-convencio\/"},"author":{"name":"Xavi Eikonos","@id":"https:\/\/eikonos.com\/ca\/#\/schema\/person\/82032860cc314d826959b90595a5280a"},"headline":"Els avantatges del lloguer d\u2019equips audiovisuals en una convenci\u00f3","datePublished":"2017-06-06T09:07:13+00:00","mainEntityOfPage":{"@id":"https:\/\/eikonos.com\/ca\/blog\/els-avantatges-del-lloguer-dequips-audiovisuals-en-una-convencio\/"},"wordCount":693,"commentCount":0,"publisher":{"@id":"https:\/\/eikonos.com\/ca\/#organization"},"image":{"@id":"https:\/\/eikonos.com\/ca\/blog\/els-avantatges-del-lloguer-dequips-audiovisuals-en-una-convencio\/#primaryimage"},"thumbnailUrl":"https:\/\/eikonos.com\/wp-content\/uploads\/2017\/06\/EIKONOS-equipo-audiovisual.jpg","articleSection":["Esdeveniments audiovisuals","Lloguer d'equips"],"inLanguage":"ca","potentialAction":[{"@type":"CommentAction","name":"Comment","target":["https:\/\/eikonos.com\/ca\/blog\/els-avantatges-del-lloguer-dequips-audiovisuals-en-una-convencio\/#respond"]}]},{"@type":"WebPage","@id":"https:\/\/eikonos.com\/ca\/blog\/els-avantatges-del-lloguer-dequips-audiovisuals-en-una-convencio\/","url":"https:\/\/eikonos.com\/ca\/blog\/els-avantatges-del-lloguer-dequips-audiovisuals-en-una-convencio\/","name":"Els avantatges del lloguer d\u2019equips audiovisuals en una convenci\u00f3","isPartOf":{"@id":"https:\/\/eikonos.com\/ca\/#website"},"primaryImageOfPage":{"@id":"https:\/\/eikonos.com\/ca\/blog\/els-avantatges-del-lloguer-dequips-audiovisuals-en-una-convencio\/#primaryimage"},"image":{"@id":"https:\/\/eikonos.com\/ca\/blog\/els-avantatges-del-lloguer-dequips-audiovisuals-en-una-convencio\/#primaryimage"},"thumbnailUrl":"https:\/\/eikonos.com\/wp-content\/uploads\/2017\/06\/EIKONOS-equipo-audiovisual.jpg","datePublished":"2017-06-06T09:07:13+00:00","description":"El llooguer d'equips audiovisuals \u00e9s una bona soluci\u00f3 per les convencions, asegurant a la vegada un material de qualitat.","breadcrumb":{"@id":"https:\/\/eikonos.com\/ca\/blog\/els-avantatges-del-lloguer-dequips-audiovisuals-en-una-convencio\/#breadcrumb"},"inLanguage":"ca","potentialAction":[{"@type":"ReadAction","target":["https:\/\/eikonos.com\/ca\/blog\/els-avantatges-del-lloguer-dequips-audiovisuals-en-una-convencio\/"]}]},{"@type":"ImageObject","inLanguage":"ca","@id":"https:\/\/eikonos.com\/ca\/blog\/els-avantatges-del-lloguer-dequips-audiovisuals-en-una-convencio\/#primaryimage","url":"https:\/\/eikonos.com\/wp-content\/uploads\/2017\/06\/EIKONOS-equipo-audiovisual.jpg","contentUrl":"https:\/\/eikonos.com\/wp-content\/uploads\/2017\/06\/EIKONOS-equipo-audiovisual.jpg","width":674,"height":426},{"@type":"BreadcrumbList","@id":"https:\/\/eikonos.com\/ca\/blog\/els-avantatges-del-lloguer-dequips-audiovisuals-en-una-convencio\/#breadcrumb","itemListElement":[{"@type":"ListItem","position":1,"name":"EIKONOS","item":"https:\/\/eikonos.com\/ca\/inici\/"},{"@type":"ListItem","position":2,"name":"Els avantatges del lloguer d\u2019equips audiovisuals en una convenci\u00f3"}]},{"@type":"WebSite","@id":"https:\/\/eikonos.com\/ca\/#website","url":"https:\/\/eikonos.com\/ca\/","name":"EIKONOS","description":"EXPERIENCIA AUDIOVISUAL","publisher":{"@id":"https:\/\/eikonos.com\/ca\/#organization"},"potentialAction":[{"@type":"SearchAction","target":{"@type":"EntryPoint","urlTemplate":"https:\/\/eikonos.com\/ca\/?s={search_term_string}"},"query-input":{"@type":"PropertyValueSpecification","valueRequired":true,"valueName":"search_term_string"}}],"inLanguage":"ca"},{"@type":"Organization","@id":"https:\/\/eikonos.com\/ca\/#organization","name":"EIKONOS | Servicios Audiovisuales, eventos y alquiler de equipos","url":"https:\/\/eikonos.com\/ca\/","logo":{"@type":"ImageObject","inLanguage":"ca","@id":"https:\/\/eikonos.com\/ca\/#\/schema\/logo\/image\/","url":"https:\/\/eikonos.com\/wp-content\/uploads\/2020\/08\/logo-color.png","contentUrl":"https:\/\/eikonos.com\/wp-content\/uploads\/2020\/08\/logo-color.png","width":376,"height":122,"caption":"EIKONOS | Servicios Audiovisuales, eventos y alquiler de equipos"},"image":{"@id":"https:\/\/eikonos.com\/ca\/#\/schema\/logo\/image\/"},"sameAs":["http:\/\/www.facebook.com\/pages\/Eikonos\/176324785746790","https:\/\/x.com\/eikonos_sa","http:\/\/www.linkedin.com\/company\/eikonos","http:\/\/www.youtube.com\/channel\/UC8wcizWaAYbfsuqVf9wIT6w"]},{"@type":"Person","@id":"https:\/\/eikonos.com\/ca\/#\/schema\/person\/82032860cc314d826959b90595a5280a","name":"Xavi Eikonos","image":{"@type":"ImageObject","inLanguage":"ca","@id":"https:\/\/eikonos.com\/ca\/#\/schema\/person\/image\/","url":"https:\/\/secure.gravatar.com\/avatar\/a6c6b51dd0ac6902701aab24a914f6febe1518f94a5ae06db08b3d6107248dfd?s=96&d=mm&r=g","contentUrl":"https:\/\/secure.gravatar.com\/avatar\/a6c6b51dd0ac6902701aab24a914f6febe1518f94a5ae06db08b3d6107248dfd?s=96&d=mm&r=g","caption":"Xavi Eikonos"}}]}},"_links":{"self":[{"href":"https:\/\/eikonos.com\/ca\/wp-json\/wp\/v2\/posts\/4241","targetHints":{"allow":["GET"]}}],"collection":[{"href":"https:\/\/eikonos.com\/ca\/wp-json\/wp\/v2\/posts"}],"about":[{"href":"https:\/\/eikonos.com\/ca\/wp-json\/wp\/v2\/types\/post"}],"author":[{"embeddable":true,"href":"https:\/\/eikonos.com\/ca\/wp-json\/wp\/v2\/users\/6"}],"replies":[{"embeddable":true,"href":"https:\/\/eikonos.com\/ca\/wp-json\/wp\/v2\/comments?post=4241"}],"version-history":[{"count":0,"href":"https:\/\/eikonos.com\/ca\/wp-json\/wp\/v2\/posts\/4241\/revisions"}],"wp:featuredmedia":[{"embeddable":true,"href":"https:\/\/eikonos.com\/ca\/wp-json\/wp\/v2\/media\/4219"}],"wp:attachment":[{"href":"https:\/\/eikonos.com\/ca\/wp-json\/wp\/v2\/media?parent=4241"}],"wp:term":[{"taxonomy":"category","embeddable":true,"href":"https:\/\/eikonos.com\/ca\/wp-json\/wp\/v2\/categories?post=4241"},{"taxonomy":"post_tag","embeddable":true,"href":"https:\/\/eikonos.com\/ca\/wp-json\/wp\/v2\/tags?post=4241"}],"curies":[{"name":"wp","href":"https:\/\/api.w.org\/{rel}","templated":true}]}}