{"id":4210,"date":"2017-05-23T12:25:34","date_gmt":"2017-05-23T10:25:34","guid":{"rendered":"http:\/\/eikonos.com\/?p=4210"},"modified":"2017-05-23T12:25:34","modified_gmt":"2017-05-23T10:25:34","slug":"aspectes-a-tenir-en-compte-en-la-realitzacio-de-projectes-audiovisuals","status":"publish","type":"post","link":"https:\/\/eikonos.com\/ca\/blog\/aspectes-a-tenir-en-compte-en-la-realitzacio-de-projectes-audiovisuals\/","title":{"rendered":"Aspectes a tenir en compte en la realitzaci\u00f3 de projectes audiovisuals"},"content":{"rendered":"<p><span lang=\"CA\">Quan iniciem un nou projecte, especialment si parlem de la\u00a0<\/span><a href=\"https:\/\/eikonos.com\/servicios\/instalaciones-fijas\/\">realitzaci\u00f3 de projectes audiovisuals<\/a>, la primera pregunta que ens plantegem \u00e9s: <strong>Com puc fer-ho i quins aspectes he de tenir en compte per a que la proposta sigui la m\u00e9s eficient possible? <\/strong>No podem deixar passar per alt cap punt, ja que l\u2019\u00e8xit del projecte depen en gran part de la nostra organitzaci\u00f3 i la presa de decisions.<\/p>\n<p>Com bons comunicadors, el primer que hem de tenir definit \u00e9s una idea general del que volem transmetre, quina \u00e9s la nostra meta i quins objectius volem arribar a complir amb el pla.<\/p>\n<p>Per aix\u00f2, tamb\u00e9 haurem de <strong>buscar la millor manera de comunicar aquest missatge i pensar en quins recursos audiovisuals necessitarem. <\/strong>Tan si els necessitem com a canal principal per difondre la nostra idea, mitjan\u00e7ant un v\u00eddeo o una pel\u00b7l\u00edcula, com si ho utilitzarem com material de recolzament a trav\u00e9s de presentacions o efectes visuals en un espai concret, <strong>determinar quin material audiovisual necessitarem ser\u00e0 clau. <\/strong>Quins factors considerar per a que aquesta elecci\u00f3 sigui la m\u00e9s \u00f2ptima?<\/p>\n<p>Cal mencionar que, <strong>quan parlem de<\/strong><strong><a href=\"https:\/\/eikonos.com\/blog\/como-ayuda-el-alquiler-de-equipos-audiovisuales-en-los-proyectos\/\">\u00a0projectos audiovisuals<\/a>\u00a0<b><span lang=\"CA\">en l\u2019entorn de les instal\u00b7lacions, fem refer\u00e8ncia a llocs com museus, sus corporatives, auditoris, sales de reunions&#8230; <\/span><\/b><\/strong><span lang=\"CA\">\u00c9s a dir, qualsevol instal\u00b7laci\u00f3 que comporti l\u2019\u00fas d\u2019un equip d\u2019\u00e0udio o v\u00eddeo per poder interactuar o comunicar a l\u2019usuari.<\/span><\/p>\n<h2><span style=\"color: #ff0000;\"><br \/>\nFiabilitat<\/span><\/h2>\n<p>Per a que un equip audiovisual ens asseguri uns resultats notables, l\u2019<strong>alta fiabilitat i qualitat de funcionament han de ser dos ingredients b\u00e0sics. <\/strong><\/p>\n<p>No podem dependre d\u2019un equip que falli en moments puntuals i necessiti reparaci\u00f3 constantment, si no un equip amb el comptar sempre que el necessitem i aquest estigui llest per ser executat.<\/p>\n<p>Aix\u00ed mateix, la fiabilitat hauria de ser un concepte transversal en cada un dels punts que conformen el resultat final: des del disseny de la instal\u00b7laci\u00f3 amb una idea fiable, duradora i ergon\u00f2mica que ens faciliti el treball, fins als elements t\u00e8cniques que al formen, aix\u00ed com el personal professional que fa possible que tot entri en funcionament.<\/p>\n<p style=\"text-align: center;\"><span style=\"color: #ff0000;\"><em>Els equips professionals estan dissenyats per un \u00fas intensiu i les seves caracter\u00edstiques ens permeten utilitzar-los de manera exhaustiva, assegurant la qualitat i la durabilitat.<\/em><\/span><\/p>\n<h2><span style=\"color: #ff0000;\"> Facilitat d&#8217;\u00fas i manteniment<\/span><\/h2>\n<p>En relaci\u00f3 al punt anterior, tenir un equip fiable repercutir\u00e0 positivament al fet de tenir un sistema sempre operatiu amb les m\u00ednimes incid\u00e8ncies i, per tant, un sistema rentable. Aix\u00f2 no significa que puguem oblidar-nos per complet del manteniment, doncs qualsevol tecnologia necessita un m\u00ednim preventiu. Nom\u00e9s aix\u00ed, evitarem el manteniment correctiu que sol ser el que m\u00e9s inversi\u00f3 econ\u00f2mica requereix. Per aix\u00f2, \u00e9s interessant l\u2019<strong>accessibilitat de manteniment, \u00e9s a dir, que disposi d\u2019un sistema r\u00e0pid i intu\u00eftiu de canvi d\u2019equip <\/strong>i que la seva gesti\u00f3 ens ocupi \u00fanicament uns minuts.<\/p>\n<p>De la mateixa manera, <strong>la seva facilitat d\u2019\u00fas ens estalviar\u00e0 temps i preocupacions. <\/strong>Poder utilitzar-los sense complicacions ens ajudar\u00e0 a reduir el risc d\u2019errors, aix\u00ed com ser m\u00e9s productius, ja que es necessitar\u00e0 menys esfor\u00e7 de treball personal per realitzar les mateixes tasques.<\/p>\n<h2><span style=\"color: #ff0000;\"><br \/>\nEscalabilitat, el ingredient per seguir avan\u00e7ant\u00a0<\/span><\/h2>\n<p>En l\u2019actualitat, aquest concepte s\u2019ha posat a la boca de tots, sobretot en el m\u00f3n de la innovaci\u00f3 i la tecnologia en empreses. <strong>L\u2019escalabilitat \u00e9s la capacitat d\u2019un projecte en millorar i seguir creixent per a que la qualitat i la proposta de valor oferta ens permeti avan\u00e7ar i mantenir-nos actualitzats.<\/strong><\/p>\n<p>Per saber si un projecte t\u00e9 escalabilitat o no, hem de veure si t\u00e9 la possibilitat d\u2019evolucionar, de ampliar-se, modificar-se&#8230;, sempre amb l\u2019objectiu d\u2019avan\u00e7ar.<\/p>\n<p>En el cas de la realitzaci\u00f3 de projectes audiovisuals, podem transmetre el mateix missatge, per\u00f2 canviant els canals i formats, innovant aix\u00ed el impacte visual que rep l\u2019audi\u00e8ncia. \u00c9s una manera de que un projecte de grans dimensions es pugui realitzar en diferents fases. Al dissenyar la instal\u00b7laci\u00f3 i la manera en que la plateges, et permetr\u00e0 construir-la en fases fent-la cr\u00e9ixer en el temps.<\/p>\n<p>Ka tens tot el que necessites per a que la realitzaci\u00f3 del teu projecte audiovisual sigui tal i com esperes? Explica\u2019ns els teus dubtes i el nostre equip de t\u00e8cnics professionals t\u2019ajudaran a explotar el potencial de la teva idea. <strong><em>Parlem!<\/em><\/strong><\/p>\n<p><a href=\"https:\/\/eikonos.com\/ca\/serveis\/lloguer-equips\/\"><img loading=\"lazy\" decoding=\"async\" class=\"aligncenter wp-image-4119 size-full\" src=\"https:\/\/eikonos.com\/wp-content\/uploads\/2017\/05\/eikonos-cta-equips-audiovisuals-de-lloguer.png\" alt=\"Eikonos lloguer d'equips audiovisuals per a esdeveniments\" width=\"741\" height=\"250\" srcset=\"https:\/\/eikonos.com\/wp-content\/uploads\/2017\/05\/eikonos-cta-equips-audiovisuals-de-lloguer.png 741w, https:\/\/eikonos.com\/wp-content\/uploads\/2017\/05\/eikonos-cta-equips-audiovisuals-de-lloguer-300x101.png 300w\" sizes=\"auto, (max-width: 741px) 100vw, 741px\" \/><\/a><\/p>\n","protected":false},"excerpt":{"rendered":"<p>Quan iniciem un nou projecte, especialment si parlem de la\u00a0realitzaci\u00f3 de projectes audiovisuals, la primera&#8230;<\/p>\n","protected":false},"author":6,"featured_media":4187,"comment_status":"open","ping_status":"open","sticky":false,"template":"","format":"standard","meta":{"_acf_changed":false,"footnotes":""},"categories":[255],"tags":[],"class_list":["post-4210","post","type-post","status-publish","format-standard","has-post-thumbnail","hentry","category-installacions-fixes"],"acf":[],"yoast_head":"<!-- This site is optimized with the Yoast SEO plugin v26.3 - https:\/\/yoast.com\/wordpress\/plugins\/seo\/ -->\n<title>Consejos sobre la realizaci\u00f3n de proyectos audiovisuales<\/title>\n<meta name=\"description\" content=\"Cuando nos embarcamos en nuevo proyecto de realizaci\u00f3n de proyectos audiovisuales, nos planteamos: \u00bfQu\u00e9 debo tener en cuenta para una propuesta eficiente ?\" \/>\n<meta name=\"robots\" content=\"index, follow, max-snippet:-1, max-image-preview:large, max-video-preview:-1\" \/>\n<link rel=\"canonical\" href=\"https:\/\/eikonos.com\/ca\/blog\/aspectes-a-tenir-en-compte-en-la-realitzacio-de-projectes-audiovisuals\/\" \/>\n<meta property=\"og:locale\" content=\"ca_ES\" \/>\n<meta property=\"og:type\" content=\"article\" \/>\n<meta property=\"og:title\" content=\"Consejos sobre la realizaci\u00f3n de proyectos audiovisuales\" \/>\n<meta property=\"og:description\" content=\"Cuando nos embarcamos en nuevo proyecto de realizaci\u00f3n de proyectos audiovisuales, nos planteamos: \u00bfQu\u00e9 debo tener en cuenta para una propuesta eficiente ?\" \/>\n<meta property=\"og:url\" content=\"https:\/\/eikonos.com\/ca\/blog\/aspectes-a-tenir-en-compte-en-la-realitzacio-de-projectes-audiovisuals\/\" \/>\n<meta property=\"og:site_name\" content=\"EIKONOS\" \/>\n<meta property=\"article:publisher\" content=\"http:\/\/www.facebook.com\/pages\/Eikonos\/176324785746790\" \/>\n<meta property=\"article:published_time\" content=\"2017-05-23T10:25:34+00:00\" \/>\n<meta property=\"og:image\" content=\"https:\/\/eikonos.com\/wp-content\/uploads\/2017\/06\/Eikonos128.jpg\" \/>\n\t<meta property=\"og:image:width\" content=\"674\" \/>\n\t<meta property=\"og:image:height\" content=\"426\" \/>\n\t<meta property=\"og:image:type\" content=\"image\/jpeg\" \/>\n<meta name=\"author\" content=\"Xavi Eikonos\" \/>\n<meta name=\"twitter:card\" content=\"summary_large_image\" \/>\n<meta name=\"twitter:creator\" content=\"@eikonos_sa\" \/>\n<meta name=\"twitter:site\" content=\"@eikonos_sa\" \/>\n<meta name=\"twitter:label1\" content=\"Escrit per\" \/>\n\t<meta name=\"twitter:data1\" content=\"Xavi Eikonos\" \/>\n\t<meta name=\"twitter:label2\" content=\"Temps estimat de lectura\" \/>\n\t<meta name=\"twitter:data2\" content=\"4 minuts\" \/>\n<script type=\"application\/ld+json\" class=\"yoast-schema-graph\">{\"@context\":\"https:\/\/schema.org\",\"@graph\":[{\"@type\":\"Article\",\"@id\":\"https:\/\/eikonos.com\/ca\/blog\/aspectes-a-tenir-en-compte-en-la-realitzacio-de-projectes-audiovisuals\/#article\",\"isPartOf\":{\"@id\":\"https:\/\/eikonos.com\/ca\/blog\/aspectes-a-tenir-en-compte-en-la-realitzacio-de-projectes-audiovisuals\/\"},\"author\":{\"name\":\"Xavi Eikonos\",\"@id\":\"https:\/\/eikonos.com\/ca\/#\/schema\/person\/82032860cc314d826959b90595a5280a\"},\"headline\":\"Aspectes a tenir en compte en la realitzaci\u00f3 de projectes audiovisuals\",\"datePublished\":\"2017-05-23T10:25:34+00:00\",\"mainEntityOfPage\":{\"@id\":\"https:\/\/eikonos.com\/ca\/blog\/aspectes-a-tenir-en-compte-en-la-realitzacio-de-projectes-audiovisuals\/\"},\"wordCount\":755,\"commentCount\":0,\"publisher\":{\"@id\":\"https:\/\/eikonos.com\/ca\/#organization\"},\"image\":{\"@id\":\"https:\/\/eikonos.com\/ca\/blog\/aspectes-a-tenir-en-compte-en-la-realitzacio-de-projectes-audiovisuals\/#primaryimage\"},\"thumbnailUrl\":\"https:\/\/eikonos.com\/wp-content\/uploads\/2017\/06\/Eikonos128.jpg\",\"articleSection\":[\"Instal\u00b7lacions fixes\"],\"inLanguage\":\"ca\",\"potentialAction\":[{\"@type\":\"CommentAction\",\"name\":\"Comment\",\"target\":[\"https:\/\/eikonos.com\/ca\/blog\/aspectes-a-tenir-en-compte-en-la-realitzacio-de-projectes-audiovisuals\/#respond\"]}]},{\"@type\":\"WebPage\",\"@id\":\"https:\/\/eikonos.com\/ca\/blog\/aspectes-a-tenir-en-compte-en-la-realitzacio-de-projectes-audiovisuals\/\",\"url\":\"https:\/\/eikonos.com\/ca\/blog\/aspectes-a-tenir-en-compte-en-la-realitzacio-de-projectes-audiovisuals\/\",\"name\":\"Consejos sobre la realizaci\u00f3n de proyectos audiovisuales\",\"isPartOf\":{\"@id\":\"https:\/\/eikonos.com\/ca\/#website\"},\"primaryImageOfPage\":{\"@id\":\"https:\/\/eikonos.com\/ca\/blog\/aspectes-a-tenir-en-compte-en-la-realitzacio-de-projectes-audiovisuals\/#primaryimage\"},\"image\":{\"@id\":\"https:\/\/eikonos.com\/ca\/blog\/aspectes-a-tenir-en-compte-en-la-realitzacio-de-projectes-audiovisuals\/#primaryimage\"},\"thumbnailUrl\":\"https:\/\/eikonos.com\/wp-content\/uploads\/2017\/06\/Eikonos128.jpg\",\"datePublished\":\"2017-05-23T10:25:34+00:00\",\"description\":\"Cuando nos embarcamos en nuevo proyecto de realizaci\u00f3n de proyectos audiovisuales, nos planteamos: \u00bfQu\u00e9 debo tener en cuenta para una propuesta eficiente ?\",\"breadcrumb\":{\"@id\":\"https:\/\/eikonos.com\/ca\/blog\/aspectes-a-tenir-en-compte-en-la-realitzacio-de-projectes-audiovisuals\/#breadcrumb\"},\"inLanguage\":\"ca\",\"potentialAction\":[{\"@type\":\"ReadAction\",\"target\":[\"https:\/\/eikonos.com\/ca\/blog\/aspectes-a-tenir-en-compte-en-la-realitzacio-de-projectes-audiovisuals\/\"]}]},{\"@type\":\"ImageObject\",\"inLanguage\":\"ca\",\"@id\":\"https:\/\/eikonos.com\/ca\/blog\/aspectes-a-tenir-en-compte-en-la-realitzacio-de-projectes-audiovisuals\/#primaryimage\",\"url\":\"https:\/\/eikonos.com\/wp-content\/uploads\/2017\/06\/Eikonos128.jpg\",\"contentUrl\":\"https:\/\/eikonos.com\/wp-content\/uploads\/2017\/06\/Eikonos128.jpg\",\"width\":674,\"height\":426,\"caption\":\"EIKONOS Realizaci\u00f3n de proyectos audiovisuales\"},{\"@type\":\"BreadcrumbList\",\"@id\":\"https:\/\/eikonos.com\/ca\/blog\/aspectes-a-tenir-en-compte-en-la-realitzacio-de-projectes-audiovisuals\/#breadcrumb\",\"itemListElement\":[{\"@type\":\"ListItem\",\"position\":1,\"name\":\"EIKONOS\",\"item\":\"https:\/\/eikonos.com\/ca\/inici\/\"},{\"@type\":\"ListItem\",\"position\":2,\"name\":\"Aspectes a tenir en compte en la realitzaci\u00f3 de projectes audiovisuals\"}]},{\"@type\":\"WebSite\",\"@id\":\"https:\/\/eikonos.com\/ca\/#website\",\"url\":\"https:\/\/eikonos.com\/ca\/\",\"name\":\"EIKONOS\",\"description\":\"EXPERIENCIA AUDIOVISUAL\",\"publisher\":{\"@id\":\"https:\/\/eikonos.com\/ca\/#organization\"},\"potentialAction\":[{\"@type\":\"SearchAction\",\"target\":{\"@type\":\"EntryPoint\",\"urlTemplate\":\"https:\/\/eikonos.com\/ca\/?s={search_term_string}\"},\"query-input\":{\"@type\":\"PropertyValueSpecification\",\"valueRequired\":true,\"valueName\":\"search_term_string\"}}],\"inLanguage\":\"ca\"},{\"@type\":\"Organization\",\"@id\":\"https:\/\/eikonos.com\/ca\/#organization\",\"name\":\"EIKONOS | Servicios Audiovisuales, eventos y alquiler de equipos\",\"url\":\"https:\/\/eikonos.com\/ca\/\",\"logo\":{\"@type\":\"ImageObject\",\"inLanguage\":\"ca\",\"@id\":\"https:\/\/eikonos.com\/ca\/#\/schema\/logo\/image\/\",\"url\":\"https:\/\/eikonos.com\/wp-content\/uploads\/2020\/08\/logo-color.png\",\"contentUrl\":\"https:\/\/eikonos.com\/wp-content\/uploads\/2020\/08\/logo-color.png\",\"width\":376,\"height\":122,\"caption\":\"EIKONOS | Servicios Audiovisuales, eventos y alquiler de equipos\"},\"image\":{\"@id\":\"https:\/\/eikonos.com\/ca\/#\/schema\/logo\/image\/\"},\"sameAs\":[\"http:\/\/www.facebook.com\/pages\/Eikonos\/176324785746790\",\"https:\/\/x.com\/eikonos_sa\",\"http:\/\/www.linkedin.com\/company\/eikonos\",\"http:\/\/www.youtube.com\/channel\/UC8wcizWaAYbfsuqVf9wIT6w\"]},{\"@type\":\"Person\",\"@id\":\"https:\/\/eikonos.com\/ca\/#\/schema\/person\/82032860cc314d826959b90595a5280a\",\"name\":\"Xavi Eikonos\",\"image\":{\"@type\":\"ImageObject\",\"inLanguage\":\"ca\",\"@id\":\"https:\/\/eikonos.com\/ca\/#\/schema\/person\/image\/\",\"url\":\"https:\/\/secure.gravatar.com\/avatar\/a6c6b51dd0ac6902701aab24a914f6febe1518f94a5ae06db08b3d6107248dfd?s=96&d=mm&r=g\",\"contentUrl\":\"https:\/\/secure.gravatar.com\/avatar\/a6c6b51dd0ac6902701aab24a914f6febe1518f94a5ae06db08b3d6107248dfd?s=96&d=mm&r=g\",\"caption\":\"Xavi Eikonos\"}}]}<\/script>\n<!-- \/ Yoast SEO plugin. -->","yoast_head_json":{"title":"Consejos sobre la realizaci\u00f3n de proyectos audiovisuales","description":"Cuando nos embarcamos en nuevo proyecto de realizaci\u00f3n de proyectos audiovisuales, nos planteamos: \u00bfQu\u00e9 debo tener en cuenta para una propuesta eficiente ?","robots":{"index":"index","follow":"follow","max-snippet":"max-snippet:-1","max-image-preview":"max-image-preview:large","max-video-preview":"max-video-preview:-1"},"canonical":"https:\/\/eikonos.com\/ca\/blog\/aspectes-a-tenir-en-compte-en-la-realitzacio-de-projectes-audiovisuals\/","og_locale":"ca_ES","og_type":"article","og_title":"Consejos sobre la realizaci\u00f3n de proyectos audiovisuales","og_description":"Cuando nos embarcamos en nuevo proyecto de realizaci\u00f3n de proyectos audiovisuales, nos planteamos: \u00bfQu\u00e9 debo tener en cuenta para una propuesta eficiente ?","og_url":"https:\/\/eikonos.com\/ca\/blog\/aspectes-a-tenir-en-compte-en-la-realitzacio-de-projectes-audiovisuals\/","og_site_name":"EIKONOS","article_publisher":"http:\/\/www.facebook.com\/pages\/Eikonos\/176324785746790","article_published_time":"2017-05-23T10:25:34+00:00","og_image":[{"width":674,"height":426,"url":"https:\/\/eikonos.com\/wp-content\/uploads\/2017\/06\/Eikonos128.jpg","type":"image\/jpeg"}],"author":"Xavi Eikonos","twitter_card":"summary_large_image","twitter_creator":"@eikonos_sa","twitter_site":"@eikonos_sa","twitter_misc":{"Escrit per":"Xavi Eikonos","Temps estimat de lectura":"4 minuts"},"schema":{"@context":"https:\/\/schema.org","@graph":[{"@type":"Article","@id":"https:\/\/eikonos.com\/ca\/blog\/aspectes-a-tenir-en-compte-en-la-realitzacio-de-projectes-audiovisuals\/#article","isPartOf":{"@id":"https:\/\/eikonos.com\/ca\/blog\/aspectes-a-tenir-en-compte-en-la-realitzacio-de-projectes-audiovisuals\/"},"author":{"name":"Xavi Eikonos","@id":"https:\/\/eikonos.com\/ca\/#\/schema\/person\/82032860cc314d826959b90595a5280a"},"headline":"Aspectes a tenir en compte en la realitzaci\u00f3 de projectes audiovisuals","datePublished":"2017-05-23T10:25:34+00:00","mainEntityOfPage":{"@id":"https:\/\/eikonos.com\/ca\/blog\/aspectes-a-tenir-en-compte-en-la-realitzacio-de-projectes-audiovisuals\/"},"wordCount":755,"commentCount":0,"publisher":{"@id":"https:\/\/eikonos.com\/ca\/#organization"},"image":{"@id":"https:\/\/eikonos.com\/ca\/blog\/aspectes-a-tenir-en-compte-en-la-realitzacio-de-projectes-audiovisuals\/#primaryimage"},"thumbnailUrl":"https:\/\/eikonos.com\/wp-content\/uploads\/2017\/06\/Eikonos128.jpg","articleSection":["Instal\u00b7lacions fixes"],"inLanguage":"ca","potentialAction":[{"@type":"CommentAction","name":"Comment","target":["https:\/\/eikonos.com\/ca\/blog\/aspectes-a-tenir-en-compte-en-la-realitzacio-de-projectes-audiovisuals\/#respond"]}]},{"@type":"WebPage","@id":"https:\/\/eikonos.com\/ca\/blog\/aspectes-a-tenir-en-compte-en-la-realitzacio-de-projectes-audiovisuals\/","url":"https:\/\/eikonos.com\/ca\/blog\/aspectes-a-tenir-en-compte-en-la-realitzacio-de-projectes-audiovisuals\/","name":"Consejos sobre la realizaci\u00f3n de proyectos audiovisuales","isPartOf":{"@id":"https:\/\/eikonos.com\/ca\/#website"},"primaryImageOfPage":{"@id":"https:\/\/eikonos.com\/ca\/blog\/aspectes-a-tenir-en-compte-en-la-realitzacio-de-projectes-audiovisuals\/#primaryimage"},"image":{"@id":"https:\/\/eikonos.com\/ca\/blog\/aspectes-a-tenir-en-compte-en-la-realitzacio-de-projectes-audiovisuals\/#primaryimage"},"thumbnailUrl":"https:\/\/eikonos.com\/wp-content\/uploads\/2017\/06\/Eikonos128.jpg","datePublished":"2017-05-23T10:25:34+00:00","description":"Cuando nos embarcamos en nuevo proyecto de realizaci\u00f3n de proyectos audiovisuales, nos planteamos: \u00bfQu\u00e9 debo tener en cuenta para una propuesta eficiente ?","breadcrumb":{"@id":"https:\/\/eikonos.com\/ca\/blog\/aspectes-a-tenir-en-compte-en-la-realitzacio-de-projectes-audiovisuals\/#breadcrumb"},"inLanguage":"ca","potentialAction":[{"@type":"ReadAction","target":["https:\/\/eikonos.com\/ca\/blog\/aspectes-a-tenir-en-compte-en-la-realitzacio-de-projectes-audiovisuals\/"]}]},{"@type":"ImageObject","inLanguage":"ca","@id":"https:\/\/eikonos.com\/ca\/blog\/aspectes-a-tenir-en-compte-en-la-realitzacio-de-projectes-audiovisuals\/#primaryimage","url":"https:\/\/eikonos.com\/wp-content\/uploads\/2017\/06\/Eikonos128.jpg","contentUrl":"https:\/\/eikonos.com\/wp-content\/uploads\/2017\/06\/Eikonos128.jpg","width":674,"height":426,"caption":"EIKONOS Realizaci\u00f3n de proyectos audiovisuales"},{"@type":"BreadcrumbList","@id":"https:\/\/eikonos.com\/ca\/blog\/aspectes-a-tenir-en-compte-en-la-realitzacio-de-projectes-audiovisuals\/#breadcrumb","itemListElement":[{"@type":"ListItem","position":1,"name":"EIKONOS","item":"https:\/\/eikonos.com\/ca\/inici\/"},{"@type":"ListItem","position":2,"name":"Aspectes a tenir en compte en la realitzaci\u00f3 de projectes audiovisuals"}]},{"@type":"WebSite","@id":"https:\/\/eikonos.com\/ca\/#website","url":"https:\/\/eikonos.com\/ca\/","name":"EIKONOS","description":"EXPERIENCIA AUDIOVISUAL","publisher":{"@id":"https:\/\/eikonos.com\/ca\/#organization"},"potentialAction":[{"@type":"SearchAction","target":{"@type":"EntryPoint","urlTemplate":"https:\/\/eikonos.com\/ca\/?s={search_term_string}"},"query-input":{"@type":"PropertyValueSpecification","valueRequired":true,"valueName":"search_term_string"}}],"inLanguage":"ca"},{"@type":"Organization","@id":"https:\/\/eikonos.com\/ca\/#organization","name":"EIKONOS | Servicios Audiovisuales, eventos y alquiler de equipos","url":"https:\/\/eikonos.com\/ca\/","logo":{"@type":"ImageObject","inLanguage":"ca","@id":"https:\/\/eikonos.com\/ca\/#\/schema\/logo\/image\/","url":"https:\/\/eikonos.com\/wp-content\/uploads\/2020\/08\/logo-color.png","contentUrl":"https:\/\/eikonos.com\/wp-content\/uploads\/2020\/08\/logo-color.png","width":376,"height":122,"caption":"EIKONOS | Servicios Audiovisuales, eventos y alquiler de equipos"},"image":{"@id":"https:\/\/eikonos.com\/ca\/#\/schema\/logo\/image\/"},"sameAs":["http:\/\/www.facebook.com\/pages\/Eikonos\/176324785746790","https:\/\/x.com\/eikonos_sa","http:\/\/www.linkedin.com\/company\/eikonos","http:\/\/www.youtube.com\/channel\/UC8wcizWaAYbfsuqVf9wIT6w"]},{"@type":"Person","@id":"https:\/\/eikonos.com\/ca\/#\/schema\/person\/82032860cc314d826959b90595a5280a","name":"Xavi Eikonos","image":{"@type":"ImageObject","inLanguage":"ca","@id":"https:\/\/eikonos.com\/ca\/#\/schema\/person\/image\/","url":"https:\/\/secure.gravatar.com\/avatar\/a6c6b51dd0ac6902701aab24a914f6febe1518f94a5ae06db08b3d6107248dfd?s=96&d=mm&r=g","contentUrl":"https:\/\/secure.gravatar.com\/avatar\/a6c6b51dd0ac6902701aab24a914f6febe1518f94a5ae06db08b3d6107248dfd?s=96&d=mm&r=g","caption":"Xavi Eikonos"}}]}},"_links":{"self":[{"href":"https:\/\/eikonos.com\/ca\/wp-json\/wp\/v2\/posts\/4210","targetHints":{"allow":["GET"]}}],"collection":[{"href":"https:\/\/eikonos.com\/ca\/wp-json\/wp\/v2\/posts"}],"about":[{"href":"https:\/\/eikonos.com\/ca\/wp-json\/wp\/v2\/types\/post"}],"author":[{"embeddable":true,"href":"https:\/\/eikonos.com\/ca\/wp-json\/wp\/v2\/users\/6"}],"replies":[{"embeddable":true,"href":"https:\/\/eikonos.com\/ca\/wp-json\/wp\/v2\/comments?post=4210"}],"version-history":[{"count":0,"href":"https:\/\/eikonos.com\/ca\/wp-json\/wp\/v2\/posts\/4210\/revisions"}],"wp:featuredmedia":[{"embeddable":true,"href":"https:\/\/eikonos.com\/ca\/wp-json\/wp\/v2\/media\/4187"}],"wp:attachment":[{"href":"https:\/\/eikonos.com\/ca\/wp-json\/wp\/v2\/media?parent=4210"}],"wp:term":[{"taxonomy":"category","embeddable":true,"href":"https:\/\/eikonos.com\/ca\/wp-json\/wp\/v2\/categories?post=4210"},{"taxonomy":"post_tag","embeddable":true,"href":"https:\/\/eikonos.com\/ca\/wp-json\/wp\/v2\/tags?post=4210"}],"curies":[{"name":"wp","href":"https:\/\/api.w.org\/{rel}","templated":true}]}}