{"id":4202,"date":"2017-06-13T10:35:03","date_gmt":"2017-06-13T08:35:03","guid":{"rendered":"http:\/\/eikonos.com\/?p=4202"},"modified":"2017-06-13T10:35:03","modified_gmt":"2017-06-13T08:35:03","slug":"lespectacle-audiovisual-de-la-final-de-la-champions-league-2017","status":"publish","type":"post","link":"https:\/\/eikonos.com\/ca\/blog\/lespectacle-audiovisual-de-la-final-de-la-champions-league-2017\/","title":{"rendered":"L\u2019espectacle audiovisual de la final de la Champions League 2017"},"content":{"rendered":"<p>El passat dissabte 3 de juny va tenir lloc una de les trobades televisives de m\u00e9s audi\u00e8ncia i afici\u00f3 de tot l\u2019any: <strong>la celebraci\u00f3 de la final de la Champions League 2017 en el Millennium Stadium de Cardiff, <\/strong>en el que es disputaven el premi l\u2019equip Juventus de Tur\u00edn contra el Real Madrid. L\u2019esperit competitiu i l\u2019esperit feien ja d\u2019aquesta cerim\u00f2nia tot un show, a m\u00e9s de l\u2019afici\u00f3 i les seves ganes d\u2019animar al seu propi equip.<\/p>\n<p>M\u00e9s enll\u00e0 dels ingredients essencials que requereix un partit d\u2019aquest nivel,\u00a0<a href=\"https:\/\/eikonos.com\/servicios\/creacion-de-contenidos\/\">el contingut audiovisual<\/a>\u00a0<span lang=\"CA\">no va poder faltar per impactar a l\u2019audi\u00e8ncia i va ajudar en gran part a equiparar la final a un s\u00faper esdeveniment com el de la Super Bowl.<\/span><\/p>\n<h2><span style=\"color: #ff0000;\">La cerem\u00f2nia inaugural<\/span><\/h2>\n<p>De la Opening Ceremony va ser responsable\u00a0 l\u2019actuaci\u00f3 del grup Black Eyed Peas. Acompanyats de m\u00e9s de 100 ballarins, focs artificials, llums i efectes especials, el inici del show ja donava a entendre la import\u00e0ncia d\u2019aquesta trobada.<\/p>\n<p>Tot aix\u00f2 en menys de 15 minuts de duraci\u00f3, per\u00f2 suficients com per sorprendre a l\u2019audi\u00e8ncia i a convidar-los a gaudir de la final.<\/p>\n<p><strong>Nom\u00e9s amb aquest inici ja ens vam adonar <strong>de tot l\u2019equip de professionals t\u00e8cnics que hi havia darrere per fer possible aquesta realitat, a m\u00e9s de l&#8217;<\/strong><\/strong><a href=\"https:\/\/eikonos.com\/portfolio_page\/equipos-de-sonido\/\">equip de so<\/a><strong>\u00a0<\/strong><strong>i de la il\u00b7luminaci\u00f3, <\/strong>llestos per oferir a una audi\u00e8ncia multitudin\u00e0ria tot el show. <strong>Les c\u00e0meres mostraven en les pantalles gegants primers plans dels artistes, aix\u00ed com perspectives de tot l\u2019estadi per a que tots els assistents no es perdessin detall. <\/strong>Quan temps havia fet falta per a que aquesta sincronitzaci\u00f3 fos tal i com nosaltres esper\u00e0vem?<\/p>\n<p>Just quan va finalitzar aquest acte previ, un altre grup de professional ja es preparaven per recollir tot l\u2019espai i convertir el que abans era en un escenari perfecte per un concert, en el camp de joc en el qual es disputaria la final de la Champions League d\u2019aquest any.<\/p>\n<p>&nbsp;<\/p>\n<h2><span style=\"color: #ff0000;\">Un equip audiovisual complet i centrat en que l&#8217;audi\u00e8ncia gaudeixi\u00a0<\/span><\/h2>\n<p>Una de les caracter\u00edstiques d\u2019aquest tipus de trobades televisives \u00e9s com la tecnologia es volca totalment per aconseguir que l\u2019audi\u00e8ncia gaudeixi al m\u00e0xim i visqui una experi\u00e8ncia \u00edntegra.<\/p>\n<p>Per aix\u00f2, <strong>la UEFA va utilitzar 47 c\u00e0meres ubicades en llocs estrat\u00e8gics <\/strong>per tot el camp i l\u2019estadi, per poder oferir cada un dels detalls, moviments i accions dels jugadors des de tots els angles. Entre aquestes 47, s\u2019inclo\u00efa una <strong>spidercam i un helic\u00f2pter que retransmetia en 4K. <\/strong><\/p>\n<p>L\u2019objectiu? Transmetre totes aquestes imatges a m\u00e9s de 200 pa\u00efsos i a una audi\u00e8ncia aproximada de 350 milions d\u2019espectadors.<\/p>\n<p>Entre les grades, <strong>dos pantalles gegants LED permetien donar suport a l\u2019acte, <\/strong>mitjan\u00e7ant frases motivadores (com el lema <em>\u201cThe time is now\u201d) <\/em>, la alineaci\u00f3 dels jugadors, el marcador, aix\u00ed com repeticions de les jugades.<\/p>\n<p>Sense dubte, tot estava llest per a que els jugadors sortissin al camp, donessin el millor de s\u00ed mateixos i tot el m\u00f3n \u2013 tan els assistents en l\u2019estadi com els espectadors de pr\u00e0cticament tot el planeta \u2013 poguessin veure a la perfecci\u00f3 les jugades que determinarien qui seria finalment el campi\u00f3.<\/p>\n<p><strong>Des de EIKONOS, felicitem <\/strong>a l\u2019equip guanyador i, especialment, <strong>a tots els t\u00e8cnics professionals que van demostrar la perfecta coordinaci\u00f3, planificaci\u00f3 i coneixements que es requereix <\/strong>per poder formar part de l\u2019organitzaci\u00f3 d\u2019un esdeveniment audiovisual com aquest.<\/p>\n<p>\u00a9 Imatges de Wikimedia<\/p>\n<p><a href=\"https:\/\/eikonos.com\/ca\/serveis\/lloguer-equips\/\"><img loading=\"lazy\" decoding=\"async\" class=\"aligncenter wp-image-4119 size-full\" src=\"https:\/\/eikonos.com\/wp-content\/uploads\/2017\/05\/eikonos-cta-equips-audiovisuals-de-lloguer.png\" alt=\"Eikonos lloguer d'equips audiovisuals per a esdeveniments\" width=\"741\" height=\"250\" srcset=\"https:\/\/eikonos.com\/wp-content\/uploads\/2017\/05\/eikonos-cta-equips-audiovisuals-de-lloguer.png 741w, https:\/\/eikonos.com\/wp-content\/uploads\/2017\/05\/eikonos-cta-equips-audiovisuals-de-lloguer-300x101.png 300w\" sizes=\"auto, (max-width: 741px) 100vw, 741px\" \/><\/a><\/p>\n","protected":false},"excerpt":{"rendered":"<p>El passat dissabte 3 de juny va tenir lloc una de les trobades televisives de&#8230;<\/p>\n","protected":false},"author":6,"featured_media":4284,"comment_status":"open","ping_status":"open","sticky":false,"template":"","format":"standard","meta":{"_acf_changed":false,"footnotes":""},"categories":[260],"tags":[],"class_list":["post-4202","post","type-post","status-publish","format-standard","has-post-thumbnail","hentry","category-esdeveniments-audiovisuals"],"acf":[],"yoast_head":"<!-- This site is optimized with the Yoast SEO plugin v26.3 - https:\/\/yoast.com\/wordpress\/plugins\/seo\/ -->\n<title>Espect\u00e1culo audiovisual en la final de la Champions League<\/title>\n<meta name=\"description\" content=\"M\u00e1s all\u00e1 de los ingredientes esenciales que requiere el Final de la Champions League 2017 como evento deportivo, el contenido audiovisual no pudo faltar\" \/>\n<meta name=\"robots\" content=\"index, follow, max-snippet:-1, max-image-preview:large, max-video-preview:-1\" \/>\n<link rel=\"canonical\" href=\"https:\/\/eikonos.com\/ca\/blog\/lespectacle-audiovisual-de-la-final-de-la-champions-league-2017\/\" \/>\n<meta property=\"og:locale\" content=\"ca_ES\" \/>\n<meta property=\"og:type\" content=\"article\" \/>\n<meta property=\"og:title\" content=\"Espect\u00e1culo audiovisual en la final de la Champions League\" \/>\n<meta property=\"og:description\" content=\"M\u00e1s all\u00e1 de los ingredientes esenciales que requiere el Final de la Champions League 2017 como evento deportivo, el contenido audiovisual no pudo faltar\" \/>\n<meta property=\"og:url\" content=\"https:\/\/eikonos.com\/ca\/blog\/lespectacle-audiovisual-de-la-final-de-la-champions-league-2017\/\" \/>\n<meta property=\"og:site_name\" content=\"EIKONOS\" \/>\n<meta property=\"article:publisher\" content=\"http:\/\/www.facebook.com\/pages\/Eikonos\/176324785746790\" \/>\n<meta property=\"article:published_time\" content=\"2017-06-13T08:35:03+00:00\" \/>\n<meta property=\"og:image\" content=\"https:\/\/eikonos.com\/wp-content\/uploads\/2017\/06\/champions.jpg\" \/>\n\t<meta property=\"og:image:width\" content=\"800\" \/>\n\t<meta property=\"og:image:height\" content=\"550\" \/>\n\t<meta property=\"og:image:type\" content=\"image\/jpeg\" \/>\n<meta name=\"author\" content=\"Xavi Eikonos\" \/>\n<meta name=\"twitter:card\" content=\"summary_large_image\" \/>\n<meta name=\"twitter:creator\" content=\"@eikonos_sa\" \/>\n<meta name=\"twitter:site\" content=\"@eikonos_sa\" \/>\n<meta name=\"twitter:label1\" content=\"Escrit per\" \/>\n\t<meta name=\"twitter:data1\" content=\"Xavi Eikonos\" \/>\n\t<meta name=\"twitter:label2\" content=\"Temps estimat de lectura\" \/>\n\t<meta name=\"twitter:data2\" content=\"3 minuts\" \/>\n<script type=\"application\/ld+json\" class=\"yoast-schema-graph\">{\"@context\":\"https:\/\/schema.org\",\"@graph\":[{\"@type\":\"Article\",\"@id\":\"https:\/\/eikonos.com\/ca\/blog\/lespectacle-audiovisual-de-la-final-de-la-champions-league-2017\/#article\",\"isPartOf\":{\"@id\":\"https:\/\/eikonos.com\/ca\/blog\/lespectacle-audiovisual-de-la-final-de-la-champions-league-2017\/\"},\"author\":{\"name\":\"Xavi Eikonos\",\"@id\":\"https:\/\/eikonos.com\/ca\/#\/schema\/person\/82032860cc314d826959b90595a5280a\"},\"headline\":\"L\u2019espectacle audiovisual de la final de la Champions League 2017\",\"datePublished\":\"2017-06-13T08:35:03+00:00\",\"mainEntityOfPage\":{\"@id\":\"https:\/\/eikonos.com\/ca\/blog\/lespectacle-audiovisual-de-la-final-de-la-champions-league-2017\/\"},\"wordCount\":616,\"commentCount\":0,\"publisher\":{\"@id\":\"https:\/\/eikonos.com\/ca\/#organization\"},\"image\":{\"@id\":\"https:\/\/eikonos.com\/ca\/blog\/lespectacle-audiovisual-de-la-final-de-la-champions-league-2017\/#primaryimage\"},\"thumbnailUrl\":\"https:\/\/eikonos.com\/wp-content\/uploads\/2017\/06\/champions.jpg\",\"articleSection\":[\"Esdeveniments audiovisuals\"],\"inLanguage\":\"ca\",\"potentialAction\":[{\"@type\":\"CommentAction\",\"name\":\"Comment\",\"target\":[\"https:\/\/eikonos.com\/ca\/blog\/lespectacle-audiovisual-de-la-final-de-la-champions-league-2017\/#respond\"]}]},{\"@type\":\"WebPage\",\"@id\":\"https:\/\/eikonos.com\/ca\/blog\/lespectacle-audiovisual-de-la-final-de-la-champions-league-2017\/\",\"url\":\"https:\/\/eikonos.com\/ca\/blog\/lespectacle-audiovisual-de-la-final-de-la-champions-league-2017\/\",\"name\":\"Espect\u00e1culo audiovisual en la final de la Champions League\",\"isPartOf\":{\"@id\":\"https:\/\/eikonos.com\/ca\/#website\"},\"primaryImageOfPage\":{\"@id\":\"https:\/\/eikonos.com\/ca\/blog\/lespectacle-audiovisual-de-la-final-de-la-champions-league-2017\/#primaryimage\"},\"image\":{\"@id\":\"https:\/\/eikonos.com\/ca\/blog\/lespectacle-audiovisual-de-la-final-de-la-champions-league-2017\/#primaryimage\"},\"thumbnailUrl\":\"https:\/\/eikonos.com\/wp-content\/uploads\/2017\/06\/champions.jpg\",\"datePublished\":\"2017-06-13T08:35:03+00:00\",\"description\":\"M\u00e1s all\u00e1 de los ingredientes esenciales que requiere el Final de la Champions League 2017 como evento deportivo, el contenido audiovisual no pudo faltar\",\"breadcrumb\":{\"@id\":\"https:\/\/eikonos.com\/ca\/blog\/lespectacle-audiovisual-de-la-final-de-la-champions-league-2017\/#breadcrumb\"},\"inLanguage\":\"ca\",\"potentialAction\":[{\"@type\":\"ReadAction\",\"target\":[\"https:\/\/eikonos.com\/ca\/blog\/lespectacle-audiovisual-de-la-final-de-la-champions-league-2017\/\"]}]},{\"@type\":\"ImageObject\",\"inLanguage\":\"ca\",\"@id\":\"https:\/\/eikonos.com\/ca\/blog\/lespectacle-audiovisual-de-la-final-de-la-champions-league-2017\/#primaryimage\",\"url\":\"https:\/\/eikonos.com\/wp-content\/uploads\/2017\/06\/champions.jpg\",\"contentUrl\":\"https:\/\/eikonos.com\/wp-content\/uploads\/2017\/06\/champions.jpg\",\"width\":800,\"height\":550,\"caption\":\"Eikonos Champions League 2017\"},{\"@type\":\"BreadcrumbList\",\"@id\":\"https:\/\/eikonos.com\/ca\/blog\/lespectacle-audiovisual-de-la-final-de-la-champions-league-2017\/#breadcrumb\",\"itemListElement\":[{\"@type\":\"ListItem\",\"position\":1,\"name\":\"EIKONOS\",\"item\":\"https:\/\/eikonos.com\/ca\/inici\/\"},{\"@type\":\"ListItem\",\"position\":2,\"name\":\"L\u2019espectacle audiovisual de la final de la Champions League 2017\"}]},{\"@type\":\"WebSite\",\"@id\":\"https:\/\/eikonos.com\/ca\/#website\",\"url\":\"https:\/\/eikonos.com\/ca\/\",\"name\":\"EIKONOS\",\"description\":\"EXPERIENCIA AUDIOVISUAL\",\"publisher\":{\"@id\":\"https:\/\/eikonos.com\/ca\/#organization\"},\"potentialAction\":[{\"@type\":\"SearchAction\",\"target\":{\"@type\":\"EntryPoint\",\"urlTemplate\":\"https:\/\/eikonos.com\/ca\/?s={search_term_string}\"},\"query-input\":{\"@type\":\"PropertyValueSpecification\",\"valueRequired\":true,\"valueName\":\"search_term_string\"}}],\"inLanguage\":\"ca\"},{\"@type\":\"Organization\",\"@id\":\"https:\/\/eikonos.com\/ca\/#organization\",\"name\":\"EIKONOS | Servicios Audiovisuales, eventos y alquiler de equipos\",\"url\":\"https:\/\/eikonos.com\/ca\/\",\"logo\":{\"@type\":\"ImageObject\",\"inLanguage\":\"ca\",\"@id\":\"https:\/\/eikonos.com\/ca\/#\/schema\/logo\/image\/\",\"url\":\"https:\/\/eikonos.com\/wp-content\/uploads\/2020\/08\/logo-color.png\",\"contentUrl\":\"https:\/\/eikonos.com\/wp-content\/uploads\/2020\/08\/logo-color.png\",\"width\":376,\"height\":122,\"caption\":\"EIKONOS | Servicios Audiovisuales, eventos y alquiler de equipos\"},\"image\":{\"@id\":\"https:\/\/eikonos.com\/ca\/#\/schema\/logo\/image\/\"},\"sameAs\":[\"http:\/\/www.facebook.com\/pages\/Eikonos\/176324785746790\",\"https:\/\/x.com\/eikonos_sa\",\"http:\/\/www.linkedin.com\/company\/eikonos\",\"http:\/\/www.youtube.com\/channel\/UC8wcizWaAYbfsuqVf9wIT6w\"]},{\"@type\":\"Person\",\"@id\":\"https:\/\/eikonos.com\/ca\/#\/schema\/person\/82032860cc314d826959b90595a5280a\",\"name\":\"Xavi Eikonos\",\"image\":{\"@type\":\"ImageObject\",\"inLanguage\":\"ca\",\"@id\":\"https:\/\/eikonos.com\/ca\/#\/schema\/person\/image\/\",\"url\":\"https:\/\/secure.gravatar.com\/avatar\/a6c6b51dd0ac6902701aab24a914f6febe1518f94a5ae06db08b3d6107248dfd?s=96&d=mm&r=g\",\"contentUrl\":\"https:\/\/secure.gravatar.com\/avatar\/a6c6b51dd0ac6902701aab24a914f6febe1518f94a5ae06db08b3d6107248dfd?s=96&d=mm&r=g\",\"caption\":\"Xavi Eikonos\"}}]}<\/script>\n<!-- \/ Yoast SEO plugin. -->","yoast_head_json":{"title":"Espect\u00e1culo audiovisual en la final de la Champions League","description":"M\u00e1s all\u00e1 de los ingredientes esenciales que requiere el Final de la Champions League 2017 como evento deportivo, el contenido audiovisual no pudo faltar","robots":{"index":"index","follow":"follow","max-snippet":"max-snippet:-1","max-image-preview":"max-image-preview:large","max-video-preview":"max-video-preview:-1"},"canonical":"https:\/\/eikonos.com\/ca\/blog\/lespectacle-audiovisual-de-la-final-de-la-champions-league-2017\/","og_locale":"ca_ES","og_type":"article","og_title":"Espect\u00e1culo audiovisual en la final de la Champions League","og_description":"M\u00e1s all\u00e1 de los ingredientes esenciales que requiere el Final de la Champions League 2017 como evento deportivo, el contenido audiovisual no pudo faltar","og_url":"https:\/\/eikonos.com\/ca\/blog\/lespectacle-audiovisual-de-la-final-de-la-champions-league-2017\/","og_site_name":"EIKONOS","article_publisher":"http:\/\/www.facebook.com\/pages\/Eikonos\/176324785746790","article_published_time":"2017-06-13T08:35:03+00:00","og_image":[{"width":800,"height":550,"url":"https:\/\/eikonos.com\/wp-content\/uploads\/2017\/06\/champions.jpg","type":"image\/jpeg"}],"author":"Xavi Eikonos","twitter_card":"summary_large_image","twitter_creator":"@eikonos_sa","twitter_site":"@eikonos_sa","twitter_misc":{"Escrit per":"Xavi Eikonos","Temps estimat de lectura":"3 minuts"},"schema":{"@context":"https:\/\/schema.org","@graph":[{"@type":"Article","@id":"https:\/\/eikonos.com\/ca\/blog\/lespectacle-audiovisual-de-la-final-de-la-champions-league-2017\/#article","isPartOf":{"@id":"https:\/\/eikonos.com\/ca\/blog\/lespectacle-audiovisual-de-la-final-de-la-champions-league-2017\/"},"author":{"name":"Xavi Eikonos","@id":"https:\/\/eikonos.com\/ca\/#\/schema\/person\/82032860cc314d826959b90595a5280a"},"headline":"L\u2019espectacle audiovisual de la final de la Champions League 2017","datePublished":"2017-06-13T08:35:03+00:00","mainEntityOfPage":{"@id":"https:\/\/eikonos.com\/ca\/blog\/lespectacle-audiovisual-de-la-final-de-la-champions-league-2017\/"},"wordCount":616,"commentCount":0,"publisher":{"@id":"https:\/\/eikonos.com\/ca\/#organization"},"image":{"@id":"https:\/\/eikonos.com\/ca\/blog\/lespectacle-audiovisual-de-la-final-de-la-champions-league-2017\/#primaryimage"},"thumbnailUrl":"https:\/\/eikonos.com\/wp-content\/uploads\/2017\/06\/champions.jpg","articleSection":["Esdeveniments audiovisuals"],"inLanguage":"ca","potentialAction":[{"@type":"CommentAction","name":"Comment","target":["https:\/\/eikonos.com\/ca\/blog\/lespectacle-audiovisual-de-la-final-de-la-champions-league-2017\/#respond"]}]},{"@type":"WebPage","@id":"https:\/\/eikonos.com\/ca\/blog\/lespectacle-audiovisual-de-la-final-de-la-champions-league-2017\/","url":"https:\/\/eikonos.com\/ca\/blog\/lespectacle-audiovisual-de-la-final-de-la-champions-league-2017\/","name":"Espect\u00e1culo audiovisual en la final de la Champions League","isPartOf":{"@id":"https:\/\/eikonos.com\/ca\/#website"},"primaryImageOfPage":{"@id":"https:\/\/eikonos.com\/ca\/blog\/lespectacle-audiovisual-de-la-final-de-la-champions-league-2017\/#primaryimage"},"image":{"@id":"https:\/\/eikonos.com\/ca\/blog\/lespectacle-audiovisual-de-la-final-de-la-champions-league-2017\/#primaryimage"},"thumbnailUrl":"https:\/\/eikonos.com\/wp-content\/uploads\/2017\/06\/champions.jpg","datePublished":"2017-06-13T08:35:03+00:00","description":"M\u00e1s all\u00e1 de los ingredientes esenciales que requiere el Final de la Champions League 2017 como evento deportivo, el contenido audiovisual no pudo faltar","breadcrumb":{"@id":"https:\/\/eikonos.com\/ca\/blog\/lespectacle-audiovisual-de-la-final-de-la-champions-league-2017\/#breadcrumb"},"inLanguage":"ca","potentialAction":[{"@type":"ReadAction","target":["https:\/\/eikonos.com\/ca\/blog\/lespectacle-audiovisual-de-la-final-de-la-champions-league-2017\/"]}]},{"@type":"ImageObject","inLanguage":"ca","@id":"https:\/\/eikonos.com\/ca\/blog\/lespectacle-audiovisual-de-la-final-de-la-champions-league-2017\/#primaryimage","url":"https:\/\/eikonos.com\/wp-content\/uploads\/2017\/06\/champions.jpg","contentUrl":"https:\/\/eikonos.com\/wp-content\/uploads\/2017\/06\/champions.jpg","width":800,"height":550,"caption":"Eikonos Champions League 2017"},{"@type":"BreadcrumbList","@id":"https:\/\/eikonos.com\/ca\/blog\/lespectacle-audiovisual-de-la-final-de-la-champions-league-2017\/#breadcrumb","itemListElement":[{"@type":"ListItem","position":1,"name":"EIKONOS","item":"https:\/\/eikonos.com\/ca\/inici\/"},{"@type":"ListItem","position":2,"name":"L\u2019espectacle audiovisual de la final de la Champions League 2017"}]},{"@type":"WebSite","@id":"https:\/\/eikonos.com\/ca\/#website","url":"https:\/\/eikonos.com\/ca\/","name":"EIKONOS","description":"EXPERIENCIA AUDIOVISUAL","publisher":{"@id":"https:\/\/eikonos.com\/ca\/#organization"},"potentialAction":[{"@type":"SearchAction","target":{"@type":"EntryPoint","urlTemplate":"https:\/\/eikonos.com\/ca\/?s={search_term_string}"},"query-input":{"@type":"PropertyValueSpecification","valueRequired":true,"valueName":"search_term_string"}}],"inLanguage":"ca"},{"@type":"Organization","@id":"https:\/\/eikonos.com\/ca\/#organization","name":"EIKONOS | Servicios Audiovisuales, eventos y alquiler de equipos","url":"https:\/\/eikonos.com\/ca\/","logo":{"@type":"ImageObject","inLanguage":"ca","@id":"https:\/\/eikonos.com\/ca\/#\/schema\/logo\/image\/","url":"https:\/\/eikonos.com\/wp-content\/uploads\/2020\/08\/logo-color.png","contentUrl":"https:\/\/eikonos.com\/wp-content\/uploads\/2020\/08\/logo-color.png","width":376,"height":122,"caption":"EIKONOS | Servicios Audiovisuales, eventos y alquiler de equipos"},"image":{"@id":"https:\/\/eikonos.com\/ca\/#\/schema\/logo\/image\/"},"sameAs":["http:\/\/www.facebook.com\/pages\/Eikonos\/176324785746790","https:\/\/x.com\/eikonos_sa","http:\/\/www.linkedin.com\/company\/eikonos","http:\/\/www.youtube.com\/channel\/UC8wcizWaAYbfsuqVf9wIT6w"]},{"@type":"Person","@id":"https:\/\/eikonos.com\/ca\/#\/schema\/person\/82032860cc314d826959b90595a5280a","name":"Xavi Eikonos","image":{"@type":"ImageObject","inLanguage":"ca","@id":"https:\/\/eikonos.com\/ca\/#\/schema\/person\/image\/","url":"https:\/\/secure.gravatar.com\/avatar\/a6c6b51dd0ac6902701aab24a914f6febe1518f94a5ae06db08b3d6107248dfd?s=96&d=mm&r=g","contentUrl":"https:\/\/secure.gravatar.com\/avatar\/a6c6b51dd0ac6902701aab24a914f6febe1518f94a5ae06db08b3d6107248dfd?s=96&d=mm&r=g","caption":"Xavi Eikonos"}}]}},"_links":{"self":[{"href":"https:\/\/eikonos.com\/ca\/wp-json\/wp\/v2\/posts\/4202","targetHints":{"allow":["GET"]}}],"collection":[{"href":"https:\/\/eikonos.com\/ca\/wp-json\/wp\/v2\/posts"}],"about":[{"href":"https:\/\/eikonos.com\/ca\/wp-json\/wp\/v2\/types\/post"}],"author":[{"embeddable":true,"href":"https:\/\/eikonos.com\/ca\/wp-json\/wp\/v2\/users\/6"}],"replies":[{"embeddable":true,"href":"https:\/\/eikonos.com\/ca\/wp-json\/wp\/v2\/comments?post=4202"}],"version-history":[{"count":0,"href":"https:\/\/eikonos.com\/ca\/wp-json\/wp\/v2\/posts\/4202\/revisions"}],"wp:featuredmedia":[{"embeddable":true,"href":"https:\/\/eikonos.com\/ca\/wp-json\/wp\/v2\/media\/4284"}],"wp:attachment":[{"href":"https:\/\/eikonos.com\/ca\/wp-json\/wp\/v2\/media?parent=4202"}],"wp:term":[{"taxonomy":"category","embeddable":true,"href":"https:\/\/eikonos.com\/ca\/wp-json\/wp\/v2\/categories?post=4202"},{"taxonomy":"post_tag","embeddable":true,"href":"https:\/\/eikonos.com\/ca\/wp-json\/wp\/v2\/tags?post=4202"}],"curies":[{"name":"wp","href":"https:\/\/api.w.org\/{rel}","templated":true}]}}