{"id":4155,"date":"2017-04-18T10:31:38","date_gmt":"2017-04-18T08:31:38","guid":{"rendered":"http:\/\/eikonos.com\/?p=4155"},"modified":"2017-04-18T10:31:38","modified_gmt":"2017-04-18T08:31:38","slug":"installacions-audiovisuals-per-recrear-un-escenari-depoca","status":"publish","type":"post","link":"https:\/\/eikonos.com\/ca\/blog\/installacions-audiovisuals-per-recrear-un-escenari-depoca\/","title":{"rendered":"Instal\u2022lacions audiovisuals per recrear un escenari d\u2019\u00e8poca"},"content":{"rendered":"<p><span lang=\"CA\">La tecnologia ens ajuda a fer realitat propostes que aparentment resulten impossibles de dur a terme, en el cas dels projectes culturals, les\u00a0<\/span><a href=\"https:\/\/eikonos.com\/servicios\/instalaciones-fijas\/\">instal\u00b7lacions audiovisuals<\/a>\u00a0per museus han aconseguit evolucionar el sector i aconseguir que sigui molt m\u00e9s atractiu a tot tipus de p\u00fablics.<\/p>\n<p>Quins s\u00f3n aquests <strong>elements essencials que aconsegueixen que l\u2019espectador visqui una experi\u00e8ncia 360?<\/strong><\/p>\n<h2><span style=\"color: #ff0000;\">El joc de la il\u00b7luminaci\u00f3<\/span><\/h2>\n<p><span lang=\"CA\">Tot i que resulti un recurs f\u00e0cil, la il\u00b7luminaci\u00f3 juga un factor important en l\u2019ambientaci\u00f3 d\u2019un escenari. De fet, <b>la teoria de Gestalt en quan al concepte de forma considera la llum com un element d\u2019expressi\u00f3, <\/b>ja que ens permet distingir un objectes d\u2019altres, diferenciar-los dels seus fons, donar-li\u2019s forma i volum&#8230; D\u2019aquesta manera, <b>ens ajudar\u00e0 a crear ambients, efectes especials determinats i espais m\u00e9s foscos per crear una major tensi\u00f3, aix\u00ed com l\u2019\u00fas extrem de contrast entre la llum i la ombra. <\/b><\/span><span lang=\"CA\">Pensa en quins elements t\u2019agradaria destacar i fes que la il\u00b7luminaci\u00f3 t\u00e9 un paper important sobre aquest mitjan\u00e7ant<\/span><a href=\"https:\/\/eikonos.com\/portfolio_page\/equipos-de-iluminacion\/\"><span lang=\"CA\">\u00a0<\/span>equips d&#8217;il\u00b7luminaci\u00f3<\/a>\u00a0com focus, canyons de seguiments&#8230;<\/p>\n<p><strong>La temperatura de la llum i el filtre de color <\/strong>baix el qual actua servir\u00e0 per donar-li un to c\u00e0lid o fred als objectes que il\u00b7luminem.<\/p>\n<h2><span style=\"color: #ff0000;\">Un equip de so envolvent<\/span><\/h2>\n<p>De la mateixa manera que la il\u00b7luminaci\u00f3 aprofita la foscor per provocar un efecte en la nostra experi\u00e8ncia, el <strong>so adopta el silencia com un recurs de contrast <\/strong>que aconseguir\u00e0 sorprendre\u2019ns.<\/p>\n<p><strong>\u00c9s imprescindible comptar amb un bon equip de so que ens permeti aconseguir que el visitant visqui una experi\u00e8ncia global, <\/strong>a partir de la coordinaci\u00f3 de la imatge i el so. Per construir la narrativa d\u2019un gui\u00f3 \u2013 en aquest cas, la hist\u00f2ria que viur\u00e0 l\u2019assistent \u2013 hem de saber com volem guiar a l\u2019espectador i en quin punt volem tensionar-lo, relaxar-lo o, incl\u00fas guiar-lo per a que vagi a un punt concret.<\/p>\n<h2><span style=\"color: #ff0000;\">La interactivitat, el punt d&#8217;innovaci\u00f3<\/span><\/h2>\n<p><span lang=\"CA\">Si amb la il\u00b7luminaci\u00f3 podem jugar amb ombres i amb el so podem emfatitzar la tensi\u00f3 dels visitants, ara ens quedar\u00e0 aportar el toc d\u2019innovaci\u00f3 mitjan\u00e7ant contingut audiovisual interactiu que impliqui al nostre p\u00fablic,\u00a0<\/span><a href=\"https:\/\/eikonos.com\/blog\/contenidos-interactivos-una-llave-para-rejuvenecer-los-museos\/\">\u00a0i impacti especialment als nadius digitals<\/a>.<\/p>\n<p>A partir de <strong>pantalles interactives amb jocs did\u00e0ctics, projeccions que apareixien de manera inesperada en les parets del museu, animacions que ens gui\u00efn durant el recorregut, v\u00eddeos explicatius, fer \u00fas de la realitat augmentada <\/strong>i un llarg etc\u00e8tera, podrem aconseguir aquesta experi\u00e8ncia integral que busquem i convertir a un espectador passiu en el protagonista del contingut que estem explicant.<\/p>\n<p>Per aix\u00f2, \u00e9s imprescindible comptar amb un gran equip inform\u00e0tic, espais dedicats al control de tots aquest dispositius i un personal qualificat per a que el p\u00fablic visqui una aventura que no podr\u00e0 oblidar.<\/p>\n<p>Necessites una bona instal\u00b7laci\u00f3 audiovisual en el teu projecte cultural o museu? <strong><em>Parlem!<\/em><\/strong><\/p>\n<p>&nbsp;<\/p>\n<p><a href=\"https:\/\/eikonos.com\/ca\/serveis\/lloguer-equips\/\"><img loading=\"lazy\" decoding=\"async\" class=\"aligncenter wp-image-4119 size-full\" src=\"https:\/\/eikonos.com\/wp-content\/uploads\/2017\/05\/eikonos-cta-equips-audiovisuals-de-lloguer.png\" alt=\"EIKONOS lloguer d'equips audiovisuals\" width=\"741\" height=\"250\" srcset=\"https:\/\/eikonos.com\/wp-content\/uploads\/2017\/05\/eikonos-cta-equips-audiovisuals-de-lloguer.png 741w, https:\/\/eikonos.com\/wp-content\/uploads\/2017\/05\/eikonos-cta-equips-audiovisuals-de-lloguer-300x101.png 300w\" sizes=\"auto, (max-width: 741px) 100vw, 741px\" \/><\/a><\/p>\n","protected":false},"excerpt":{"rendered":"<p>La tecnologia ens ajuda a fer realitat propostes que aparentment resulten impossibles de dur a&#8230;<\/p>\n","protected":false},"author":6,"featured_media":4095,"comment_status":"open","ping_status":"open","sticky":false,"template":"","format":"standard","meta":{"_acf_changed":false,"footnotes":""},"categories":[255,262],"tags":[374],"class_list":["post-4155","post","type-post","status-publish","format-standard","has-post-thumbnail","hentry","category-installacions-fixes","category-lloguer-dequips","tag-interactivitat"],"acf":[],"yoast_head":"<!-- This site is optimized with the Yoast SEO plugin v26.3 - https:\/\/yoast.com\/wordpress\/plugins\/seo\/ -->\n<title>Instal\u2022lacions audiovisuals per recrear un escenari d\u2019\u00e8poca | EIKONOS<\/title>\n<meta name=\"description\" content=\"En el cas dels projectes culturals, les instal\u00b7lacions audiovisuals per museus han aconseguit evolucionar el sector i aconseguir que sigui molt m\u00e9s atractiu a tot tipus de p\u00fablics.\" \/>\n<meta name=\"robots\" content=\"index, follow, max-snippet:-1, max-image-preview:large, max-video-preview:-1\" \/>\n<link rel=\"canonical\" href=\"https:\/\/eikonos.com\/ca\/blog\/installacions-audiovisuals-per-recrear-un-escenari-depoca\/\" \/>\n<meta property=\"og:locale\" content=\"ca_ES\" \/>\n<meta property=\"og:type\" content=\"article\" \/>\n<meta property=\"og:title\" content=\"Instal\u2022lacions audiovisuals per recrear un escenari d\u2019\u00e8poca | EIKONOS\" \/>\n<meta property=\"og:description\" content=\"En el cas dels projectes culturals, les instal\u00b7lacions audiovisuals per museus han aconseguit evolucionar el sector i aconseguir que sigui molt m\u00e9s atractiu a tot tipus de p\u00fablics.\" \/>\n<meta property=\"og:url\" content=\"https:\/\/eikonos.com\/ca\/blog\/installacions-audiovisuals-per-recrear-un-escenari-depoca\/\" \/>\n<meta property=\"og:site_name\" content=\"EIKONOS\" \/>\n<meta property=\"article:publisher\" content=\"http:\/\/www.facebook.com\/pages\/Eikonos\/176324785746790\" \/>\n<meta property=\"article:published_time\" content=\"2017-04-18T08:31:38+00:00\" \/>\n<meta property=\"og:image\" content=\"https:\/\/eikonos.com\/wp-content\/uploads\/2017\/05\/instalaciones-museo.jpg\" \/>\n\t<meta property=\"og:image:width\" content=\"710\" \/>\n\t<meta property=\"og:image:height\" content=\"426\" \/>\n\t<meta property=\"og:image:type\" content=\"image\/jpeg\" \/>\n<meta name=\"author\" content=\"Xavi Eikonos\" \/>\n<meta name=\"twitter:card\" content=\"summary_large_image\" \/>\n<meta name=\"twitter:creator\" content=\"@eikonos_sa\" \/>\n<meta name=\"twitter:site\" content=\"@eikonos_sa\" \/>\n<meta name=\"twitter:label1\" content=\"Escrit per\" \/>\n\t<meta name=\"twitter:data1\" content=\"Xavi Eikonos\" \/>\n\t<meta name=\"twitter:label2\" content=\"Temps estimat de lectura\" \/>\n\t<meta name=\"twitter:data2\" content=\"2 minuts\" \/>\n<script type=\"application\/ld+json\" class=\"yoast-schema-graph\">{\"@context\":\"https:\/\/schema.org\",\"@graph\":[{\"@type\":\"Article\",\"@id\":\"https:\/\/eikonos.com\/ca\/blog\/installacions-audiovisuals-per-recrear-un-escenari-depoca\/#article\",\"isPartOf\":{\"@id\":\"https:\/\/eikonos.com\/ca\/blog\/installacions-audiovisuals-per-recrear-un-escenari-depoca\/\"},\"author\":{\"name\":\"Xavi Eikonos\",\"@id\":\"https:\/\/eikonos.com\/ca\/#\/schema\/person\/82032860cc314d826959b90595a5280a\"},\"headline\":\"Instal\u2022lacions audiovisuals per recrear un escenari d\u2019\u00e8poca\",\"datePublished\":\"2017-04-18T08:31:38+00:00\",\"mainEntityOfPage\":{\"@id\":\"https:\/\/eikonos.com\/ca\/blog\/installacions-audiovisuals-per-recrear-un-escenari-depoca\/\"},\"wordCount\":509,\"commentCount\":0,\"publisher\":{\"@id\":\"https:\/\/eikonos.com\/ca\/#organization\"},\"image\":{\"@id\":\"https:\/\/eikonos.com\/ca\/blog\/installacions-audiovisuals-per-recrear-un-escenari-depoca\/#primaryimage\"},\"thumbnailUrl\":\"https:\/\/eikonos.com\/wp-content\/uploads\/2017\/05\/instalaciones-museo.jpg\",\"keywords\":[\"Interactivitat\"],\"articleSection\":[\"Instal\u00b7lacions fixes\",\"Lloguer d'equips\"],\"inLanguage\":\"ca\",\"potentialAction\":[{\"@type\":\"CommentAction\",\"name\":\"Comment\",\"target\":[\"https:\/\/eikonos.com\/ca\/blog\/installacions-audiovisuals-per-recrear-un-escenari-depoca\/#respond\"]}]},{\"@type\":\"WebPage\",\"@id\":\"https:\/\/eikonos.com\/ca\/blog\/installacions-audiovisuals-per-recrear-un-escenari-depoca\/\",\"url\":\"https:\/\/eikonos.com\/ca\/blog\/installacions-audiovisuals-per-recrear-un-escenari-depoca\/\",\"name\":\"Instal\u2022lacions audiovisuals per recrear un escenari d\u2019\u00e8poca | EIKONOS\",\"isPartOf\":{\"@id\":\"https:\/\/eikonos.com\/ca\/#website\"},\"primaryImageOfPage\":{\"@id\":\"https:\/\/eikonos.com\/ca\/blog\/installacions-audiovisuals-per-recrear-un-escenari-depoca\/#primaryimage\"},\"image\":{\"@id\":\"https:\/\/eikonos.com\/ca\/blog\/installacions-audiovisuals-per-recrear-un-escenari-depoca\/#primaryimage\"},\"thumbnailUrl\":\"https:\/\/eikonos.com\/wp-content\/uploads\/2017\/05\/instalaciones-museo.jpg\",\"datePublished\":\"2017-04-18T08:31:38+00:00\",\"description\":\"En el cas dels projectes culturals, les instal\u00b7lacions audiovisuals per museus han aconseguit evolucionar el sector i aconseguir que sigui molt m\u00e9s atractiu a tot tipus de p\u00fablics.\",\"breadcrumb\":{\"@id\":\"https:\/\/eikonos.com\/ca\/blog\/installacions-audiovisuals-per-recrear-un-escenari-depoca\/#breadcrumb\"},\"inLanguage\":\"ca\",\"potentialAction\":[{\"@type\":\"ReadAction\",\"target\":[\"https:\/\/eikonos.com\/ca\/blog\/installacions-audiovisuals-per-recrear-un-escenari-depoca\/\"]}]},{\"@type\":\"ImageObject\",\"inLanguage\":\"ca\",\"@id\":\"https:\/\/eikonos.com\/ca\/blog\/installacions-audiovisuals-per-recrear-un-escenari-depoca\/#primaryimage\",\"url\":\"https:\/\/eikonos.com\/wp-content\/uploads\/2017\/05\/instalaciones-museo.jpg\",\"contentUrl\":\"https:\/\/eikonos.com\/wp-content\/uploads\/2017\/05\/instalaciones-museo.jpg\",\"width\":710,\"height\":426,\"caption\":\"Instalaciones audiovisuales para museos\"},{\"@type\":\"BreadcrumbList\",\"@id\":\"https:\/\/eikonos.com\/ca\/blog\/installacions-audiovisuals-per-recrear-un-escenari-depoca\/#breadcrumb\",\"itemListElement\":[{\"@type\":\"ListItem\",\"position\":1,\"name\":\"EIKONOS\",\"item\":\"https:\/\/eikonos.com\/ca\/inici\/\"},{\"@type\":\"ListItem\",\"position\":2,\"name\":\"Instal\u2022lacions audiovisuals per recrear un escenari d\u2019\u00e8poca\"}]},{\"@type\":\"WebSite\",\"@id\":\"https:\/\/eikonos.com\/ca\/#website\",\"url\":\"https:\/\/eikonos.com\/ca\/\",\"name\":\"EIKONOS\",\"description\":\"EXPERIENCIA AUDIOVISUAL\",\"publisher\":{\"@id\":\"https:\/\/eikonos.com\/ca\/#organization\"},\"potentialAction\":[{\"@type\":\"SearchAction\",\"target\":{\"@type\":\"EntryPoint\",\"urlTemplate\":\"https:\/\/eikonos.com\/ca\/?s={search_term_string}\"},\"query-input\":{\"@type\":\"PropertyValueSpecification\",\"valueRequired\":true,\"valueName\":\"search_term_string\"}}],\"inLanguage\":\"ca\"},{\"@type\":\"Organization\",\"@id\":\"https:\/\/eikonos.com\/ca\/#organization\",\"name\":\"EIKONOS | Servicios Audiovisuales, eventos y alquiler de equipos\",\"url\":\"https:\/\/eikonos.com\/ca\/\",\"logo\":{\"@type\":\"ImageObject\",\"inLanguage\":\"ca\",\"@id\":\"https:\/\/eikonos.com\/ca\/#\/schema\/logo\/image\/\",\"url\":\"https:\/\/eikonos.com\/wp-content\/uploads\/2020\/08\/logo-color.png\",\"contentUrl\":\"https:\/\/eikonos.com\/wp-content\/uploads\/2020\/08\/logo-color.png\",\"width\":376,\"height\":122,\"caption\":\"EIKONOS | Servicios Audiovisuales, eventos y alquiler de equipos\"},\"image\":{\"@id\":\"https:\/\/eikonos.com\/ca\/#\/schema\/logo\/image\/\"},\"sameAs\":[\"http:\/\/www.facebook.com\/pages\/Eikonos\/176324785746790\",\"https:\/\/x.com\/eikonos_sa\",\"http:\/\/www.linkedin.com\/company\/eikonos\",\"http:\/\/www.youtube.com\/channel\/UC8wcizWaAYbfsuqVf9wIT6w\"]},{\"@type\":\"Person\",\"@id\":\"https:\/\/eikonos.com\/ca\/#\/schema\/person\/82032860cc314d826959b90595a5280a\",\"name\":\"Xavi Eikonos\",\"image\":{\"@type\":\"ImageObject\",\"inLanguage\":\"ca\",\"@id\":\"https:\/\/eikonos.com\/ca\/#\/schema\/person\/image\/\",\"url\":\"https:\/\/secure.gravatar.com\/avatar\/a6c6b51dd0ac6902701aab24a914f6febe1518f94a5ae06db08b3d6107248dfd?s=96&d=mm&r=g\",\"contentUrl\":\"https:\/\/secure.gravatar.com\/avatar\/a6c6b51dd0ac6902701aab24a914f6febe1518f94a5ae06db08b3d6107248dfd?s=96&d=mm&r=g\",\"caption\":\"Xavi Eikonos\"}}]}<\/script>\n<!-- \/ Yoast SEO plugin. -->","yoast_head_json":{"title":"Instal\u2022lacions audiovisuals per recrear un escenari d\u2019\u00e8poca | EIKONOS","description":"En el cas dels projectes culturals, les instal\u00b7lacions audiovisuals per museus han aconseguit evolucionar el sector i aconseguir que sigui molt m\u00e9s atractiu a tot tipus de p\u00fablics.","robots":{"index":"index","follow":"follow","max-snippet":"max-snippet:-1","max-image-preview":"max-image-preview:large","max-video-preview":"max-video-preview:-1"},"canonical":"https:\/\/eikonos.com\/ca\/blog\/installacions-audiovisuals-per-recrear-un-escenari-depoca\/","og_locale":"ca_ES","og_type":"article","og_title":"Instal\u2022lacions audiovisuals per recrear un escenari d\u2019\u00e8poca | EIKONOS","og_description":"En el cas dels projectes culturals, les instal\u00b7lacions audiovisuals per museus han aconseguit evolucionar el sector i aconseguir que sigui molt m\u00e9s atractiu a tot tipus de p\u00fablics.","og_url":"https:\/\/eikonos.com\/ca\/blog\/installacions-audiovisuals-per-recrear-un-escenari-depoca\/","og_site_name":"EIKONOS","article_publisher":"http:\/\/www.facebook.com\/pages\/Eikonos\/176324785746790","article_published_time":"2017-04-18T08:31:38+00:00","og_image":[{"width":710,"height":426,"url":"https:\/\/eikonos.com\/wp-content\/uploads\/2017\/05\/instalaciones-museo.jpg","type":"image\/jpeg"}],"author":"Xavi Eikonos","twitter_card":"summary_large_image","twitter_creator":"@eikonos_sa","twitter_site":"@eikonos_sa","twitter_misc":{"Escrit per":"Xavi Eikonos","Temps estimat de lectura":"2 minuts"},"schema":{"@context":"https:\/\/schema.org","@graph":[{"@type":"Article","@id":"https:\/\/eikonos.com\/ca\/blog\/installacions-audiovisuals-per-recrear-un-escenari-depoca\/#article","isPartOf":{"@id":"https:\/\/eikonos.com\/ca\/blog\/installacions-audiovisuals-per-recrear-un-escenari-depoca\/"},"author":{"name":"Xavi Eikonos","@id":"https:\/\/eikonos.com\/ca\/#\/schema\/person\/82032860cc314d826959b90595a5280a"},"headline":"Instal\u2022lacions audiovisuals per recrear un escenari d\u2019\u00e8poca","datePublished":"2017-04-18T08:31:38+00:00","mainEntityOfPage":{"@id":"https:\/\/eikonos.com\/ca\/blog\/installacions-audiovisuals-per-recrear-un-escenari-depoca\/"},"wordCount":509,"commentCount":0,"publisher":{"@id":"https:\/\/eikonos.com\/ca\/#organization"},"image":{"@id":"https:\/\/eikonos.com\/ca\/blog\/installacions-audiovisuals-per-recrear-un-escenari-depoca\/#primaryimage"},"thumbnailUrl":"https:\/\/eikonos.com\/wp-content\/uploads\/2017\/05\/instalaciones-museo.jpg","keywords":["Interactivitat"],"articleSection":["Instal\u00b7lacions fixes","Lloguer d'equips"],"inLanguage":"ca","potentialAction":[{"@type":"CommentAction","name":"Comment","target":["https:\/\/eikonos.com\/ca\/blog\/installacions-audiovisuals-per-recrear-un-escenari-depoca\/#respond"]}]},{"@type":"WebPage","@id":"https:\/\/eikonos.com\/ca\/blog\/installacions-audiovisuals-per-recrear-un-escenari-depoca\/","url":"https:\/\/eikonos.com\/ca\/blog\/installacions-audiovisuals-per-recrear-un-escenari-depoca\/","name":"Instal\u2022lacions audiovisuals per recrear un escenari d\u2019\u00e8poca | EIKONOS","isPartOf":{"@id":"https:\/\/eikonos.com\/ca\/#website"},"primaryImageOfPage":{"@id":"https:\/\/eikonos.com\/ca\/blog\/installacions-audiovisuals-per-recrear-un-escenari-depoca\/#primaryimage"},"image":{"@id":"https:\/\/eikonos.com\/ca\/blog\/installacions-audiovisuals-per-recrear-un-escenari-depoca\/#primaryimage"},"thumbnailUrl":"https:\/\/eikonos.com\/wp-content\/uploads\/2017\/05\/instalaciones-museo.jpg","datePublished":"2017-04-18T08:31:38+00:00","description":"En el cas dels projectes culturals, les instal\u00b7lacions audiovisuals per museus han aconseguit evolucionar el sector i aconseguir que sigui molt m\u00e9s atractiu a tot tipus de p\u00fablics.","breadcrumb":{"@id":"https:\/\/eikonos.com\/ca\/blog\/installacions-audiovisuals-per-recrear-un-escenari-depoca\/#breadcrumb"},"inLanguage":"ca","potentialAction":[{"@type":"ReadAction","target":["https:\/\/eikonos.com\/ca\/blog\/installacions-audiovisuals-per-recrear-un-escenari-depoca\/"]}]},{"@type":"ImageObject","inLanguage":"ca","@id":"https:\/\/eikonos.com\/ca\/blog\/installacions-audiovisuals-per-recrear-un-escenari-depoca\/#primaryimage","url":"https:\/\/eikonos.com\/wp-content\/uploads\/2017\/05\/instalaciones-museo.jpg","contentUrl":"https:\/\/eikonos.com\/wp-content\/uploads\/2017\/05\/instalaciones-museo.jpg","width":710,"height":426,"caption":"Instalaciones audiovisuales para museos"},{"@type":"BreadcrumbList","@id":"https:\/\/eikonos.com\/ca\/blog\/installacions-audiovisuals-per-recrear-un-escenari-depoca\/#breadcrumb","itemListElement":[{"@type":"ListItem","position":1,"name":"EIKONOS","item":"https:\/\/eikonos.com\/ca\/inici\/"},{"@type":"ListItem","position":2,"name":"Instal\u2022lacions audiovisuals per recrear un escenari d\u2019\u00e8poca"}]},{"@type":"WebSite","@id":"https:\/\/eikonos.com\/ca\/#website","url":"https:\/\/eikonos.com\/ca\/","name":"EIKONOS","description":"EXPERIENCIA AUDIOVISUAL","publisher":{"@id":"https:\/\/eikonos.com\/ca\/#organization"},"potentialAction":[{"@type":"SearchAction","target":{"@type":"EntryPoint","urlTemplate":"https:\/\/eikonos.com\/ca\/?s={search_term_string}"},"query-input":{"@type":"PropertyValueSpecification","valueRequired":true,"valueName":"search_term_string"}}],"inLanguage":"ca"},{"@type":"Organization","@id":"https:\/\/eikonos.com\/ca\/#organization","name":"EIKONOS | Servicios Audiovisuales, eventos y alquiler de equipos","url":"https:\/\/eikonos.com\/ca\/","logo":{"@type":"ImageObject","inLanguage":"ca","@id":"https:\/\/eikonos.com\/ca\/#\/schema\/logo\/image\/","url":"https:\/\/eikonos.com\/wp-content\/uploads\/2020\/08\/logo-color.png","contentUrl":"https:\/\/eikonos.com\/wp-content\/uploads\/2020\/08\/logo-color.png","width":376,"height":122,"caption":"EIKONOS | Servicios Audiovisuales, eventos y alquiler de equipos"},"image":{"@id":"https:\/\/eikonos.com\/ca\/#\/schema\/logo\/image\/"},"sameAs":["http:\/\/www.facebook.com\/pages\/Eikonos\/176324785746790","https:\/\/x.com\/eikonos_sa","http:\/\/www.linkedin.com\/company\/eikonos","http:\/\/www.youtube.com\/channel\/UC8wcizWaAYbfsuqVf9wIT6w"]},{"@type":"Person","@id":"https:\/\/eikonos.com\/ca\/#\/schema\/person\/82032860cc314d826959b90595a5280a","name":"Xavi Eikonos","image":{"@type":"ImageObject","inLanguage":"ca","@id":"https:\/\/eikonos.com\/ca\/#\/schema\/person\/image\/","url":"https:\/\/secure.gravatar.com\/avatar\/a6c6b51dd0ac6902701aab24a914f6febe1518f94a5ae06db08b3d6107248dfd?s=96&d=mm&r=g","contentUrl":"https:\/\/secure.gravatar.com\/avatar\/a6c6b51dd0ac6902701aab24a914f6febe1518f94a5ae06db08b3d6107248dfd?s=96&d=mm&r=g","caption":"Xavi Eikonos"}}]}},"_links":{"self":[{"href":"https:\/\/eikonos.com\/ca\/wp-json\/wp\/v2\/posts\/4155","targetHints":{"allow":["GET"]}}],"collection":[{"href":"https:\/\/eikonos.com\/ca\/wp-json\/wp\/v2\/posts"}],"about":[{"href":"https:\/\/eikonos.com\/ca\/wp-json\/wp\/v2\/types\/post"}],"author":[{"embeddable":true,"href":"https:\/\/eikonos.com\/ca\/wp-json\/wp\/v2\/users\/6"}],"replies":[{"embeddable":true,"href":"https:\/\/eikonos.com\/ca\/wp-json\/wp\/v2\/comments?post=4155"}],"version-history":[{"count":0,"href":"https:\/\/eikonos.com\/ca\/wp-json\/wp\/v2\/posts\/4155\/revisions"}],"wp:featuredmedia":[{"embeddable":true,"href":"https:\/\/eikonos.com\/ca\/wp-json\/wp\/v2\/media\/4095"}],"wp:attachment":[{"href":"https:\/\/eikonos.com\/ca\/wp-json\/wp\/v2\/media?parent=4155"}],"wp:term":[{"taxonomy":"category","embeddable":true,"href":"https:\/\/eikonos.com\/ca\/wp-json\/wp\/v2\/categories?post=4155"},{"taxonomy":"post_tag","embeddable":true,"href":"https:\/\/eikonos.com\/ca\/wp-json\/wp\/v2\/tags?post=4155"}],"curies":[{"name":"wp","href":"https:\/\/api.w.org\/{rel}","templated":true}]}}