{"id":4139,"date":"2017-04-11T11:21:11","date_gmt":"2017-04-11T09:21:11","guid":{"rendered":"http:\/\/eikonos.com\/?p=4139"},"modified":"2017-04-11T11:21:11","modified_gmt":"2017-04-11T09:21:11","slug":"la-importancia-de-lequip-de-so-en-espectacles-i-concerts","status":"publish","type":"post","link":"https:\/\/eikonos.com\/ca\/blog\/la-importancia-de-lequip-de-so-en-espectacles-i-concerts\/","title":{"rendered":"La import\u00e0ncia de l\u2019equip de so en espectacles i concerts"},"content":{"rendered":"<p><span lang=\"CA\">Quan assistim a un concert o a un espectacle, volem experimentar-ho amb la major intensitat possible.\u00a0 Ens agrada que l\u2019escenari, ple de focus, colors i altres recursos visuals, ens transporti a l\u2019univers de l\u2019artista. Per\u00f2 m\u00e9s enll\u00e0 de tot el que veiem amb els nostres ulls, existeix un factor determinant per a que la nostra experi\u00e8ncia d\u2019oci sigui perfecta<\/span>: <a href=\"https:\/\/eikonos.com\/portfolio_page\/equipos-de-sonido\/\">l&#8217;equip de so.<\/a><\/p>\n<p>I \u00e9s que tan <strong>la qualitat d\u2019imatge com la de so en un esdeveniment s\u00f3n dos dels pilars principals<\/strong> que ens asseguraran l\u2019\u00e8xit del show.<\/p>\n<h2><span style=\"color: #ff0000;\">Audio i Visual, dos factors que van de la m\u00e0<\/span><\/h2>\n<p>Un dels nostres objectius clau \u00e9s aconseguir que els assistents escoltin la <em>performance<\/em> de l\u2019artista de manera \u00f2ptima.<\/p>\n<p><strong>Si volem aconseguir una experi\u00e8ncia audiovisual completa, hem de donar-li valor al component auditiu i al visual en la mateixa proporci\u00f3. <\/strong>I \u00e9s que una imatge de bona qualitat, per\u00f2 amb un so que no acompanya, pot fer malb\u00e9 l\u2019espectacle, i a l\u2019invers.<\/p>\n<h2><span style=\"color: #ff0000;\">El so, la veu representant del show<\/span><\/h2>\n<p>A m\u00e9s d\u2019integrar-se amb la imatge, s\u2019hauran de tenir en compte altres components com el <strong>n\u00famero d\u2019assistents, les caracter\u00edstiques ac\u00fastiques del recinte i l\u2019entorn en el qual es situa l\u2019escenari.<\/strong><\/p>\n<p>En aquest sentit, un concert dut a terme en un espai exterior necessitar\u00e0 una pot\u00e8ncia de so molt m\u00e9s major que un concert en un local petit i per a un n\u00famero de persones redu\u00eft. A la vegada, el material audiovisual tamb\u00e9 ser\u00e0 diferent pel que haurem de <strong>comptar amb l\u2019ajuda d\u2019experts per a que ens consellin quin \u00e9s l\u2019equip m\u00e9s adequat pel nostre acte. <\/strong><\/p>\n<p><strong><a href=\"https:\/\/eikonos.com\/wp-content\/uploads\/2017\/05\/Untitled-1.jpg\"><img loading=\"lazy\" decoding=\"async\" class=\"aligncenter wp-image-4092 size-full\" src=\"https:\/\/eikonos.com\/wp-content\/uploads\/2017\/05\/Untitled-1.jpg\" alt=\"equipo de sonido en espect\u00e1culos\" width=\"710\" height=\"426\" srcset=\"https:\/\/eikonos.com\/wp-content\/uploads\/2017\/05\/Untitled-1.jpg 710w, https:\/\/eikonos.com\/wp-content\/uploads\/2017\/05\/Untitled-1-300x180.jpg 300w\" sizes=\"auto, (max-width: 710px) 100vw, 710px\" \/><\/a><\/strong><\/p>\n<h2><span style=\"color: #ff0000;\">Un equip hum\u00e0 especialitzat per aconseguir els teus objectius<\/span><\/h2>\n<p><span lang=\"CA\">Com b\u00e9 saps, en el m\u00f3n audiovisual,\u00a0 l\u2019experi\u00e8ncia i els coneixements t\u00e8cnics s\u00f3n essencials. Per aix\u00f2, tal i com hem comentat en l\u2019apartat anterior, \u00e9s\u00a0<\/span><a href=\"https:\/\/eikonos.com\/blog\/la-importancia-de-los-tecnicos-en-eventos-audiovisuales\/\">necessari comptar amb un grup d&#8217;experts<\/a>\u00a0amb una bona o\u00efda y grans habilitats t\u00e8cniques, encarregats de donar-li veu a tot l\u2019espectacle.<\/p>\n<p>S\u2019han d\u2019encarregar d\u2019<strong>ajustar el sistema abans de cada actuaci\u00f3, controlar la consola del so, aix\u00ed com estar preparats per escollir l\u2019equip m\u00e9s adequat i instal\u00b7lar i provar el material que sigui necessari: <\/strong>micr\u00f2fons, altaveus, taules de mescles&#8230;<\/p>\n<p>Tot i que pels artistes la imatge s\u2019ha convertit en un factor essencial, el so segueix sent el mitj\u00e0 d\u2019expressi\u00f3 b\u00e0sic per a ells.<\/p>\n<p>A EIKONOS et poden oferir un servei de grans t\u00e8cnics que t\u2019assessoraran i et guiaran per fer-t\u2019ho tot m\u00e9s f\u00e0cil. Vols que el pr\u00f2xim espectacle s\u2019escolti tal i com es mereix? <strong><em>Parlem!<\/em><\/strong><\/p>\n<p><a href=\"https:\/\/eikonos.com\/ca\/serveis\/lloguer-equips\/\"><img loading=\"lazy\" decoding=\"async\" class=\"aligncenter wp-image-4119 size-full\" src=\"https:\/\/eikonos.com\/wp-content\/uploads\/2017\/05\/eikonos-cta-equips-audiovisuals-de-lloguer.png\" alt=\"EIKONOS lloguer d'equips audiovisuals per a esdeveniments\" width=\"741\" height=\"250\" srcset=\"https:\/\/eikonos.com\/wp-content\/uploads\/2017\/05\/eikonos-cta-equips-audiovisuals-de-lloguer.png 741w, https:\/\/eikonos.com\/wp-content\/uploads\/2017\/05\/eikonos-cta-equips-audiovisuals-de-lloguer-300x101.png 300w\" sizes=\"auto, (max-width: 741px) 100vw, 741px\" \/><\/a><\/p>\n","protected":false},"excerpt":{"rendered":"<p>Quan assistim a un concert o a un espectacle, volem experimentar-ho amb la major intensitat&#8230;<\/p>\n","protected":false},"author":6,"featured_media":4088,"comment_status":"open","ping_status":"open","sticky":false,"template":"","format":"standard","meta":{"_acf_changed":false,"footnotes":""},"categories":[262],"tags":[],"class_list":["post-4139","post","type-post","status-publish","format-standard","has-post-thumbnail","hentry","category-lloguer-dequips"],"acf":[],"yoast_head":"<!-- This site is optimized with the Yoast SEO plugin v26.3 - https:\/\/yoast.com\/wordpress\/plugins\/seo\/ -->\n<title>La import\u00e0ncia de l\u2019equip de so en espectacles i concerts | EIKONOS<\/title>\n<meta name=\"description\" content=\"M\u00e9s enll\u00e0 de tot el que veiem en un concert, existeix un factor clau per a que la nostra experi\u00e8ncia sigui perfecta; l&#039;equip de so en espectacles.\" \/>\n<meta name=\"robots\" content=\"index, follow, max-snippet:-1, max-image-preview:large, max-video-preview:-1\" \/>\n<link rel=\"canonical\" href=\"https:\/\/eikonos.com\/ca\/blog\/la-importancia-de-lequip-de-so-en-espectacles-i-concerts\/\" \/>\n<meta property=\"og:locale\" content=\"ca_ES\" \/>\n<meta property=\"og:type\" content=\"article\" \/>\n<meta property=\"og:title\" content=\"La import\u00e0ncia de l\u2019equip de so en espectacles i concerts | EIKONOS\" \/>\n<meta property=\"og:description\" content=\"M\u00e9s enll\u00e0 de tot el que veiem en un concert, existeix un factor clau per a que la nostra experi\u00e8ncia sigui perfecta; l&#039;equip de so en espectacles.\" \/>\n<meta property=\"og:url\" content=\"https:\/\/eikonos.com\/ca\/blog\/la-importancia-de-lequip-de-so-en-espectacles-i-concerts\/\" \/>\n<meta property=\"og:site_name\" content=\"EIKONOS\" \/>\n<meta property=\"article:publisher\" content=\"http:\/\/www.facebook.com\/pages\/Eikonos\/176324785746790\" \/>\n<meta property=\"article:published_time\" content=\"2017-04-11T09:21:11+00:00\" \/>\n<meta property=\"og:image\" content=\"https:\/\/eikonos.com\/wp-content\/uploads\/2017\/05\/equipo-sonido-si.jpg\" \/>\n\t<meta property=\"og:image:width\" content=\"674\" \/>\n\t<meta property=\"og:image:height\" content=\"426\" \/>\n\t<meta property=\"og:image:type\" content=\"image\/jpeg\" \/>\n<meta name=\"author\" content=\"Xavi Eikonos\" \/>\n<meta name=\"twitter:card\" content=\"summary_large_image\" \/>\n<meta name=\"twitter:creator\" content=\"@eikonos_sa\" \/>\n<meta name=\"twitter:site\" content=\"@eikonos_sa\" \/>\n<meta name=\"twitter:label1\" content=\"Escrit per\" \/>\n\t<meta name=\"twitter:data1\" content=\"Xavi Eikonos\" \/>\n\t<meta name=\"twitter:label2\" content=\"Temps estimat de lectura\" \/>\n\t<meta name=\"twitter:data2\" content=\"2 minuts\" \/>\n<script type=\"application\/ld+json\" class=\"yoast-schema-graph\">{\"@context\":\"https:\/\/schema.org\",\"@graph\":[{\"@type\":\"Article\",\"@id\":\"https:\/\/eikonos.com\/ca\/blog\/la-importancia-de-lequip-de-so-en-espectacles-i-concerts\/#article\",\"isPartOf\":{\"@id\":\"https:\/\/eikonos.com\/ca\/blog\/la-importancia-de-lequip-de-so-en-espectacles-i-concerts\/\"},\"author\":{\"name\":\"Xavi Eikonos\",\"@id\":\"https:\/\/eikonos.com\/ca\/#\/schema\/person\/82032860cc314d826959b90595a5280a\"},\"headline\":\"La import\u00e0ncia de l\u2019equip de so en espectacles i concerts\",\"datePublished\":\"2017-04-11T09:21:11+00:00\",\"mainEntityOfPage\":{\"@id\":\"https:\/\/eikonos.com\/ca\/blog\/la-importancia-de-lequip-de-so-en-espectacles-i-concerts\/\"},\"wordCount\":478,\"commentCount\":0,\"publisher\":{\"@id\":\"https:\/\/eikonos.com\/ca\/#organization\"},\"image\":{\"@id\":\"https:\/\/eikonos.com\/ca\/blog\/la-importancia-de-lequip-de-so-en-espectacles-i-concerts\/#primaryimage\"},\"thumbnailUrl\":\"https:\/\/eikonos.com\/wp-content\/uploads\/2017\/05\/equipo-sonido-si.jpg\",\"articleSection\":[\"Lloguer d'equips\"],\"inLanguage\":\"ca\",\"potentialAction\":[{\"@type\":\"CommentAction\",\"name\":\"Comment\",\"target\":[\"https:\/\/eikonos.com\/ca\/blog\/la-importancia-de-lequip-de-so-en-espectacles-i-concerts\/#respond\"]}]},{\"@type\":\"WebPage\",\"@id\":\"https:\/\/eikonos.com\/ca\/blog\/la-importancia-de-lequip-de-so-en-espectacles-i-concerts\/\",\"url\":\"https:\/\/eikonos.com\/ca\/blog\/la-importancia-de-lequip-de-so-en-espectacles-i-concerts\/\",\"name\":\"La import\u00e0ncia de l\u2019equip de so en espectacles i concerts | EIKONOS\",\"isPartOf\":{\"@id\":\"https:\/\/eikonos.com\/ca\/#website\"},\"primaryImageOfPage\":{\"@id\":\"https:\/\/eikonos.com\/ca\/blog\/la-importancia-de-lequip-de-so-en-espectacles-i-concerts\/#primaryimage\"},\"image\":{\"@id\":\"https:\/\/eikonos.com\/ca\/blog\/la-importancia-de-lequip-de-so-en-espectacles-i-concerts\/#primaryimage\"},\"thumbnailUrl\":\"https:\/\/eikonos.com\/wp-content\/uploads\/2017\/05\/equipo-sonido-si.jpg\",\"datePublished\":\"2017-04-11T09:21:11+00:00\",\"description\":\"M\u00e9s enll\u00e0 de tot el que veiem en un concert, existeix un factor clau per a que la nostra experi\u00e8ncia sigui perfecta; l'equip de so en espectacles.\",\"breadcrumb\":{\"@id\":\"https:\/\/eikonos.com\/ca\/blog\/la-importancia-de-lequip-de-so-en-espectacles-i-concerts\/#breadcrumb\"},\"inLanguage\":\"ca\",\"potentialAction\":[{\"@type\":\"ReadAction\",\"target\":[\"https:\/\/eikonos.com\/ca\/blog\/la-importancia-de-lequip-de-so-en-espectacles-i-concerts\/\"]}]},{\"@type\":\"ImageObject\",\"inLanguage\":\"ca\",\"@id\":\"https:\/\/eikonos.com\/ca\/blog\/la-importancia-de-lequip-de-so-en-espectacles-i-concerts\/#primaryimage\",\"url\":\"https:\/\/eikonos.com\/wp-content\/uploads\/2017\/05\/equipo-sonido-si.jpg\",\"contentUrl\":\"https:\/\/eikonos.com\/wp-content\/uploads\/2017\/05\/equipo-sonido-si.jpg\",\"width\":674,\"height\":426,\"caption\":\"equipo de sonido en espect\u00e1culos\"},{\"@type\":\"BreadcrumbList\",\"@id\":\"https:\/\/eikonos.com\/ca\/blog\/la-importancia-de-lequip-de-so-en-espectacles-i-concerts\/#breadcrumb\",\"itemListElement\":[{\"@type\":\"ListItem\",\"position\":1,\"name\":\"EIKONOS\",\"item\":\"https:\/\/eikonos.com\/ca\/inici\/\"},{\"@type\":\"ListItem\",\"position\":2,\"name\":\"La import\u00e0ncia de l\u2019equip de so en espectacles i concerts\"}]},{\"@type\":\"WebSite\",\"@id\":\"https:\/\/eikonos.com\/ca\/#website\",\"url\":\"https:\/\/eikonos.com\/ca\/\",\"name\":\"EIKONOS\",\"description\":\"EXPERIENCIA AUDIOVISUAL\",\"publisher\":{\"@id\":\"https:\/\/eikonos.com\/ca\/#organization\"},\"potentialAction\":[{\"@type\":\"SearchAction\",\"target\":{\"@type\":\"EntryPoint\",\"urlTemplate\":\"https:\/\/eikonos.com\/ca\/?s={search_term_string}\"},\"query-input\":{\"@type\":\"PropertyValueSpecification\",\"valueRequired\":true,\"valueName\":\"search_term_string\"}}],\"inLanguage\":\"ca\"},{\"@type\":\"Organization\",\"@id\":\"https:\/\/eikonos.com\/ca\/#organization\",\"name\":\"EIKONOS | Servicios Audiovisuales, eventos y alquiler de equipos\",\"url\":\"https:\/\/eikonos.com\/ca\/\",\"logo\":{\"@type\":\"ImageObject\",\"inLanguage\":\"ca\",\"@id\":\"https:\/\/eikonos.com\/ca\/#\/schema\/logo\/image\/\",\"url\":\"https:\/\/eikonos.com\/wp-content\/uploads\/2020\/08\/logo-color.png\",\"contentUrl\":\"https:\/\/eikonos.com\/wp-content\/uploads\/2020\/08\/logo-color.png\",\"width\":376,\"height\":122,\"caption\":\"EIKONOS | Servicios Audiovisuales, eventos y alquiler de equipos\"},\"image\":{\"@id\":\"https:\/\/eikonos.com\/ca\/#\/schema\/logo\/image\/\"},\"sameAs\":[\"http:\/\/www.facebook.com\/pages\/Eikonos\/176324785746790\",\"https:\/\/x.com\/eikonos_sa\",\"http:\/\/www.linkedin.com\/company\/eikonos\",\"http:\/\/www.youtube.com\/channel\/UC8wcizWaAYbfsuqVf9wIT6w\"]},{\"@type\":\"Person\",\"@id\":\"https:\/\/eikonos.com\/ca\/#\/schema\/person\/82032860cc314d826959b90595a5280a\",\"name\":\"Xavi Eikonos\",\"image\":{\"@type\":\"ImageObject\",\"inLanguage\":\"ca\",\"@id\":\"https:\/\/eikonos.com\/ca\/#\/schema\/person\/image\/\",\"url\":\"https:\/\/secure.gravatar.com\/avatar\/a6c6b51dd0ac6902701aab24a914f6febe1518f94a5ae06db08b3d6107248dfd?s=96&d=mm&r=g\",\"contentUrl\":\"https:\/\/secure.gravatar.com\/avatar\/a6c6b51dd0ac6902701aab24a914f6febe1518f94a5ae06db08b3d6107248dfd?s=96&d=mm&r=g\",\"caption\":\"Xavi Eikonos\"}}]}<\/script>\n<!-- \/ Yoast SEO plugin. -->","yoast_head_json":{"title":"La import\u00e0ncia de l\u2019equip de so en espectacles i concerts | EIKONOS","description":"M\u00e9s enll\u00e0 de tot el que veiem en un concert, existeix un factor clau per a que la nostra experi\u00e8ncia sigui perfecta; l'equip de so en espectacles.","robots":{"index":"index","follow":"follow","max-snippet":"max-snippet:-1","max-image-preview":"max-image-preview:large","max-video-preview":"max-video-preview:-1"},"canonical":"https:\/\/eikonos.com\/ca\/blog\/la-importancia-de-lequip-de-so-en-espectacles-i-concerts\/","og_locale":"ca_ES","og_type":"article","og_title":"La import\u00e0ncia de l\u2019equip de so en espectacles i concerts | EIKONOS","og_description":"M\u00e9s enll\u00e0 de tot el que veiem en un concert, existeix un factor clau per a que la nostra experi\u00e8ncia sigui perfecta; l'equip de so en espectacles.","og_url":"https:\/\/eikonos.com\/ca\/blog\/la-importancia-de-lequip-de-so-en-espectacles-i-concerts\/","og_site_name":"EIKONOS","article_publisher":"http:\/\/www.facebook.com\/pages\/Eikonos\/176324785746790","article_published_time":"2017-04-11T09:21:11+00:00","og_image":[{"width":674,"height":426,"url":"https:\/\/eikonos.com\/wp-content\/uploads\/2017\/05\/equipo-sonido-si.jpg","type":"image\/jpeg"}],"author":"Xavi Eikonos","twitter_card":"summary_large_image","twitter_creator":"@eikonos_sa","twitter_site":"@eikonos_sa","twitter_misc":{"Escrit per":"Xavi Eikonos","Temps estimat de lectura":"2 minuts"},"schema":{"@context":"https:\/\/schema.org","@graph":[{"@type":"Article","@id":"https:\/\/eikonos.com\/ca\/blog\/la-importancia-de-lequip-de-so-en-espectacles-i-concerts\/#article","isPartOf":{"@id":"https:\/\/eikonos.com\/ca\/blog\/la-importancia-de-lequip-de-so-en-espectacles-i-concerts\/"},"author":{"name":"Xavi Eikonos","@id":"https:\/\/eikonos.com\/ca\/#\/schema\/person\/82032860cc314d826959b90595a5280a"},"headline":"La import\u00e0ncia de l\u2019equip de so en espectacles i concerts","datePublished":"2017-04-11T09:21:11+00:00","mainEntityOfPage":{"@id":"https:\/\/eikonos.com\/ca\/blog\/la-importancia-de-lequip-de-so-en-espectacles-i-concerts\/"},"wordCount":478,"commentCount":0,"publisher":{"@id":"https:\/\/eikonos.com\/ca\/#organization"},"image":{"@id":"https:\/\/eikonos.com\/ca\/blog\/la-importancia-de-lequip-de-so-en-espectacles-i-concerts\/#primaryimage"},"thumbnailUrl":"https:\/\/eikonos.com\/wp-content\/uploads\/2017\/05\/equipo-sonido-si.jpg","articleSection":["Lloguer d'equips"],"inLanguage":"ca","potentialAction":[{"@type":"CommentAction","name":"Comment","target":["https:\/\/eikonos.com\/ca\/blog\/la-importancia-de-lequip-de-so-en-espectacles-i-concerts\/#respond"]}]},{"@type":"WebPage","@id":"https:\/\/eikonos.com\/ca\/blog\/la-importancia-de-lequip-de-so-en-espectacles-i-concerts\/","url":"https:\/\/eikonos.com\/ca\/blog\/la-importancia-de-lequip-de-so-en-espectacles-i-concerts\/","name":"La import\u00e0ncia de l\u2019equip de so en espectacles i concerts | EIKONOS","isPartOf":{"@id":"https:\/\/eikonos.com\/ca\/#website"},"primaryImageOfPage":{"@id":"https:\/\/eikonos.com\/ca\/blog\/la-importancia-de-lequip-de-so-en-espectacles-i-concerts\/#primaryimage"},"image":{"@id":"https:\/\/eikonos.com\/ca\/blog\/la-importancia-de-lequip-de-so-en-espectacles-i-concerts\/#primaryimage"},"thumbnailUrl":"https:\/\/eikonos.com\/wp-content\/uploads\/2017\/05\/equipo-sonido-si.jpg","datePublished":"2017-04-11T09:21:11+00:00","description":"M\u00e9s enll\u00e0 de tot el que veiem en un concert, existeix un factor clau per a que la nostra experi\u00e8ncia sigui perfecta; l'equip de so en espectacles.","breadcrumb":{"@id":"https:\/\/eikonos.com\/ca\/blog\/la-importancia-de-lequip-de-so-en-espectacles-i-concerts\/#breadcrumb"},"inLanguage":"ca","potentialAction":[{"@type":"ReadAction","target":["https:\/\/eikonos.com\/ca\/blog\/la-importancia-de-lequip-de-so-en-espectacles-i-concerts\/"]}]},{"@type":"ImageObject","inLanguage":"ca","@id":"https:\/\/eikonos.com\/ca\/blog\/la-importancia-de-lequip-de-so-en-espectacles-i-concerts\/#primaryimage","url":"https:\/\/eikonos.com\/wp-content\/uploads\/2017\/05\/equipo-sonido-si.jpg","contentUrl":"https:\/\/eikonos.com\/wp-content\/uploads\/2017\/05\/equipo-sonido-si.jpg","width":674,"height":426,"caption":"equipo de sonido en espect\u00e1culos"},{"@type":"BreadcrumbList","@id":"https:\/\/eikonos.com\/ca\/blog\/la-importancia-de-lequip-de-so-en-espectacles-i-concerts\/#breadcrumb","itemListElement":[{"@type":"ListItem","position":1,"name":"EIKONOS","item":"https:\/\/eikonos.com\/ca\/inici\/"},{"@type":"ListItem","position":2,"name":"La import\u00e0ncia de l\u2019equip de so en espectacles i concerts"}]},{"@type":"WebSite","@id":"https:\/\/eikonos.com\/ca\/#website","url":"https:\/\/eikonos.com\/ca\/","name":"EIKONOS","description":"EXPERIENCIA AUDIOVISUAL","publisher":{"@id":"https:\/\/eikonos.com\/ca\/#organization"},"potentialAction":[{"@type":"SearchAction","target":{"@type":"EntryPoint","urlTemplate":"https:\/\/eikonos.com\/ca\/?s={search_term_string}"},"query-input":{"@type":"PropertyValueSpecification","valueRequired":true,"valueName":"search_term_string"}}],"inLanguage":"ca"},{"@type":"Organization","@id":"https:\/\/eikonos.com\/ca\/#organization","name":"EIKONOS | Servicios Audiovisuales, eventos y alquiler de equipos","url":"https:\/\/eikonos.com\/ca\/","logo":{"@type":"ImageObject","inLanguage":"ca","@id":"https:\/\/eikonos.com\/ca\/#\/schema\/logo\/image\/","url":"https:\/\/eikonos.com\/wp-content\/uploads\/2020\/08\/logo-color.png","contentUrl":"https:\/\/eikonos.com\/wp-content\/uploads\/2020\/08\/logo-color.png","width":376,"height":122,"caption":"EIKONOS | Servicios Audiovisuales, eventos y alquiler de equipos"},"image":{"@id":"https:\/\/eikonos.com\/ca\/#\/schema\/logo\/image\/"},"sameAs":["http:\/\/www.facebook.com\/pages\/Eikonos\/176324785746790","https:\/\/x.com\/eikonos_sa","http:\/\/www.linkedin.com\/company\/eikonos","http:\/\/www.youtube.com\/channel\/UC8wcizWaAYbfsuqVf9wIT6w"]},{"@type":"Person","@id":"https:\/\/eikonos.com\/ca\/#\/schema\/person\/82032860cc314d826959b90595a5280a","name":"Xavi Eikonos","image":{"@type":"ImageObject","inLanguage":"ca","@id":"https:\/\/eikonos.com\/ca\/#\/schema\/person\/image\/","url":"https:\/\/secure.gravatar.com\/avatar\/a6c6b51dd0ac6902701aab24a914f6febe1518f94a5ae06db08b3d6107248dfd?s=96&d=mm&r=g","contentUrl":"https:\/\/secure.gravatar.com\/avatar\/a6c6b51dd0ac6902701aab24a914f6febe1518f94a5ae06db08b3d6107248dfd?s=96&d=mm&r=g","caption":"Xavi Eikonos"}}]}},"_links":{"self":[{"href":"https:\/\/eikonos.com\/ca\/wp-json\/wp\/v2\/posts\/4139","targetHints":{"allow":["GET"]}}],"collection":[{"href":"https:\/\/eikonos.com\/ca\/wp-json\/wp\/v2\/posts"}],"about":[{"href":"https:\/\/eikonos.com\/ca\/wp-json\/wp\/v2\/types\/post"}],"author":[{"embeddable":true,"href":"https:\/\/eikonos.com\/ca\/wp-json\/wp\/v2\/users\/6"}],"replies":[{"embeddable":true,"href":"https:\/\/eikonos.com\/ca\/wp-json\/wp\/v2\/comments?post=4139"}],"version-history":[{"count":0,"href":"https:\/\/eikonos.com\/ca\/wp-json\/wp\/v2\/posts\/4139\/revisions"}],"wp:featuredmedia":[{"embeddable":true,"href":"https:\/\/eikonos.com\/ca\/wp-json\/wp\/v2\/media\/4088"}],"wp:attachment":[{"href":"https:\/\/eikonos.com\/ca\/wp-json\/wp\/v2\/media?parent=4139"}],"wp:term":[{"taxonomy":"category","embeddable":true,"href":"https:\/\/eikonos.com\/ca\/wp-json\/wp\/v2\/categories?post=4139"},{"taxonomy":"post_tag","embeddable":true,"href":"https:\/\/eikonos.com\/ca\/wp-json\/wp\/v2\/tags?post=4139"}],"curies":[{"name":"wp","href":"https:\/\/api.w.org\/{rel}","templated":true}]}}