{"id":4124,"date":"2017-03-21T10:27:34","date_gmt":"2017-03-21T09:27:34","guid":{"rendered":"http:\/\/eikonos.com\/?p=4124"},"modified":"2017-03-21T10:27:34","modified_gmt":"2017-03-21T09:27:34","slug":"grans-pantalles-per-fires-del-videowall-al-led","status":"publish","type":"post","link":"https:\/\/eikonos.com\/ca\/blog\/grans-pantalles-per-fires-del-videowall-al-led\/","title":{"rendered":"Grans pantalles per fires: del videowall al LED"},"content":{"rendered":"<p><span lang=\"CA\">Sigui per un esdeveniment corporatiu, una fira o congr\u00e9s, sabem la import\u00e0ncia d\u2019impressionar al p\u00fablic\u00a0<\/span><a href=\"https:\/\/eikonos.com\/servicios\/instalaciones-fijas\/\">solucions audiovisuals i instal\u00b7lacions<\/a>\u00a0que siguin atractives. Volem la imatge perfecte, amb el contingut perfecte, amb el contingut perfecte i que la resta del m\u00f3n rebi el missatge tal i com el volem transmetre.<\/p>\n<p>Per aix\u00f2, no podem conformar-nos amb escollir grans pantalles per fires cares, si no les millors en funci\u00f3 de dos factors: <strong>la mida que necessitem i la dist\u00e0ncia de visi\u00f3 disponible. <\/strong>En aquest sentit, el videowall i la pantalla LED suposen dos opcions perfectament v\u00e0lides en funci\u00f3 d\u2019aquests dos factors, que determinaran quina \u00e9s la m\u00e9s adequada.<\/p>\n<h2><span style=\"color: #ff0000;\">Segons la dist\u00e0ncia<\/span><\/h2>\n<p>Com diem, la dist\u00e0ncia del visionat entre la pantalla i l\u2019ull hum\u00e0 ens dir\u00e0 quina pantalla resultar\u00e0 m\u00e9s eficient.<\/p>\n<p><strong>Per dist\u00e0ncies m\u00e9s curtes, el videowall <\/strong>\u00e9s m\u00e9s adequat ja que presenta una <strong>definici\u00f3 d\u2019imatge de gran qualitat. <\/strong>Avui en dia, la seva resoluci\u00f3 \u00e9s <em>Full HD.<\/em><\/p>\n<p>Pel contrari, <strong>si la dist\u00e0ncia \u00e9s major \u00e9s preferible la pantalla LED. <\/strong>De fet, s\u00f3n les m\u00e9s utilitzades en grans espais oberts, precisament per aquesta visi\u00f3 que ens ofereix a varis metres de separaci\u00f3 entre el contingut visual i nosaltres.<\/p>\n<p>&nbsp;<\/p>\n<h2><span style=\"color: #ff0000;\">Segons la mida<\/span><\/h2>\n<p>La dimensi\u00f3 de la pantalla que necessitem \u00e9s el segon aspecte a considerar.<\/p>\n<p><strong>Si necessitem una de gran mides, la pantalla LED ser\u00e0 la opci\u00f3 ideal.<\/strong><\/p>\n<p>En relaci\u00f3 a l\u2019apartat anterior, donada que la seva visi\u00f3 \u00e9s m\u00e9s \u00f2ptima es veu a llargues dist\u00e0ncies, ser\u00e0 necessari tamb\u00e9 que la mida sigui m\u00e9s gran. I \u00e9s que els seus m\u00f2duls permeten que no hi hagi limitaci\u00f3 de la seva mida. Si penses en gran, penses en LED.<\/p>\n<p>Per altra banda, els videowalls tamb\u00e9 consten de m\u00f2duls, per\u00f2 s\u00ed existeix una limitaci\u00f3 de mida. Si el teu espai a la fira \u00e9s redu\u00eft, per\u00f2 vols assegurar una bona defici\u00f3, el videowall ser\u00e0 el teu aliat.<\/p>\n<h2><span style=\"color: #ff0000;\">Les particularitats del videowall i les pantalles LED<\/span><\/h2>\n<p>M\u00e9s enll\u00e0 de la seva aplicaci\u00f3 en cada una de les situacions que hem plantejat, aquestes dues pantalles presenten algunes caracter\u00edstiques diferencials.<\/p>\n<p><strong style=\"color: #ff0000;\">Pantalles LED<\/strong><\/p>\n<p>Una de les seves caracter\u00edstiques \u00e9s <strong>la flexibilitat que ens ofereixen els seu panels i la mida redu\u00efda de les seves peces per donar-li forma <\/strong>i crear corbes o formats poc comuns i jugar amb la creativitat.<\/p>\n<p>Tamb\u00e9 tenen molta m\u00e9s llum i els seus resultats s\u00f3n excel\u00b7lents en condicions lum\u00edniques adverses, sent <strong>ideals per espais exteriors <\/strong>o interiors amb molta llum ambiental.<\/p>\n<p><span style=\"color: #ff0000;\"><strong>Videowall<\/strong><\/span><\/p>\n<p>Tot i que les pantalles LED poden resultar m\u00e9s vers\u00e0tils, amb el videowall segueix sent una eina molt \u00fatil i creativa en entorns expositius com els stands, ja que pots tamb\u00e9 huir del styandard de pantalla rectangular creant mosaics, generant aix\u00ed un valor afegit.<\/p>\n<h2><span style=\"color: #ff0000;\">Quina \u00e9s la tend\u00e8ncia?<\/span><\/h2>\n<p>Actualment, el mercat tendeix a <strong>utilitzar m\u00e9s les pantalles LED <\/strong>abans que el videowall ja que la tend\u00e8ncia \u00e9s tenir m\u00e9s superf\u00edcie coberta amb contingut audiovisual i la pantalla LED et permet fer-ho de forma m\u00e9s f\u00e0cil.<\/p>\n<p>A EIKONOS oferim la millor tecnologia per a tot tipus de fires i congressos, sent referents en el sector amb m\u00e9s de 30 anys d\u2019experi\u00e8ncia. Si tens dubtes sobre quina pantalla escollir en el teu pr\u00f2xim projecte, els nostres especialistes estaran a la teva disposici\u00f3 per oferir-te els millors resultats. <strong><em>Parlem!<\/em><\/strong><\/p>\n<p>&nbsp;<\/p>\n<p><a href=\"https:\/\/eikonos.com\/ca\/serveis\/instal%C2%B7lacions-fixes\/\"><img loading=\"lazy\" decoding=\"async\" class=\"aligncenter wp-image-4118 size-full\" src=\"https:\/\/eikonos.com\/wp-content\/uploads\/2017\/05\/eikonos-cta-audiovisuals-per-stands.png\" alt=\"EIKONOS recursos audiovisuals per a stands\" width=\"741\" height=\"250\" srcset=\"https:\/\/eikonos.com\/wp-content\/uploads\/2017\/05\/eikonos-cta-audiovisuals-per-stands.png 741w, https:\/\/eikonos.com\/wp-content\/uploads\/2017\/05\/eikonos-cta-audiovisuals-per-stands-300x101.png 300w\" sizes=\"auto, (max-width: 741px) 100vw, 741px\" \/><\/a><\/p>\n","protected":false},"excerpt":{"rendered":"<p>Sigui per un esdeveniment corporatiu, una fira o congr\u00e9s, sabem la import\u00e0ncia d\u2019impressionar al p\u00fablic\u00a0solucions&#8230;<\/p>\n","protected":false},"author":6,"featured_media":4325,"comment_status":"open","ping_status":"open","sticky":false,"template":"","format":"standard","meta":{"_acf_changed":false,"footnotes":""},"categories":[257,260,262],"tags":[264],"class_list":["post-4124","post","type-post","status-publish","format-standard","has-post-thumbnail","hentry","category-creacio-de-continguts","category-esdeveniments-audiovisuals","category-lloguer-dequips","tag-videowall-ca"],"acf":[],"yoast_head":"<!-- This site is optimized with the Yoast SEO plugin v26.3 - https:\/\/yoast.com\/wordpress\/plugins\/seo\/ -->\n<title>Grans pantalles per fires: del videowall al LED | EIKONOS<\/title>\n<meta name=\"description\" content=\"En el rang de grans pantalles per fires, trobem el videowall i la pantalla de tecnologia LED. Quina \u00e9s millor?\" \/>\n<meta name=\"robots\" content=\"index, follow, max-snippet:-1, max-image-preview:large, max-video-preview:-1\" \/>\n<link rel=\"canonical\" href=\"https:\/\/eikonos.com\/ca\/blog\/grans-pantalles-per-fires-del-videowall-al-led\/\" \/>\n<meta property=\"og:locale\" content=\"ca_ES\" \/>\n<meta property=\"og:type\" content=\"article\" \/>\n<meta property=\"og:title\" content=\"Grans pantalles per fires: del videowall al LED | EIKONOS\" \/>\n<meta property=\"og:description\" content=\"En el rang de grans pantalles per fires, trobem el videowall i la pantalla de tecnologia LED. Quina \u00e9s millor?\" \/>\n<meta property=\"og:url\" content=\"https:\/\/eikonos.com\/ca\/blog\/grans-pantalles-per-fires-del-videowall-al-led\/\" \/>\n<meta property=\"og:site_name\" content=\"EIKONOS\" \/>\n<meta property=\"article:publisher\" content=\"http:\/\/www.facebook.com\/pages\/Eikonos\/176324785746790\" \/>\n<meta property=\"article:published_time\" content=\"2017-03-21T09:27:34+00:00\" \/>\n<meta property=\"og:image\" content=\"https:\/\/eikonos.com\/wp-content\/uploads\/2017\/03\/videowall-led.jpg\" \/>\n\t<meta property=\"og:image:width\" content=\"800\" \/>\n\t<meta property=\"og:image:height\" content=\"550\" \/>\n\t<meta property=\"og:image:type\" content=\"image\/jpeg\" \/>\n<meta name=\"author\" content=\"Xavi Eikonos\" \/>\n<meta name=\"twitter:card\" content=\"summary_large_image\" \/>\n<meta name=\"twitter:creator\" content=\"@eikonos_sa\" \/>\n<meta name=\"twitter:site\" content=\"@eikonos_sa\" \/>\n<meta name=\"twitter:label1\" content=\"Escrit per\" \/>\n\t<meta name=\"twitter:data1\" content=\"Xavi Eikonos\" \/>\n\t<meta name=\"twitter:label2\" content=\"Temps estimat de lectura\" \/>\n\t<meta name=\"twitter:data2\" content=\"3 minuts\" \/>\n<script type=\"application\/ld+json\" class=\"yoast-schema-graph\">{\"@context\":\"https:\/\/schema.org\",\"@graph\":[{\"@type\":\"Article\",\"@id\":\"https:\/\/eikonos.com\/ca\/blog\/grans-pantalles-per-fires-del-videowall-al-led\/#article\",\"isPartOf\":{\"@id\":\"https:\/\/eikonos.com\/ca\/blog\/grans-pantalles-per-fires-del-videowall-al-led\/\"},\"author\":{\"name\":\"Xavi Eikonos\",\"@id\":\"https:\/\/eikonos.com\/ca\/#\/schema\/person\/82032860cc314d826959b90595a5280a\"},\"headline\":\"Grans pantalles per fires: del videowall al LED\",\"datePublished\":\"2017-03-21T09:27:34+00:00\",\"mainEntityOfPage\":{\"@id\":\"https:\/\/eikonos.com\/ca\/blog\/grans-pantalles-per-fires-del-videowall-al-led\/\"},\"wordCount\":601,\"commentCount\":0,\"publisher\":{\"@id\":\"https:\/\/eikonos.com\/ca\/#organization\"},\"image\":{\"@id\":\"https:\/\/eikonos.com\/ca\/blog\/grans-pantalles-per-fires-del-videowall-al-led\/#primaryimage\"},\"thumbnailUrl\":\"https:\/\/eikonos.com\/wp-content\/uploads\/2017\/03\/videowall-led.jpg\",\"keywords\":[\"videowall\"],\"articleSection\":[\"Creaci\u00f3 de continguts\",\"Esdeveniments audiovisuals\",\"Lloguer d'equips\"],\"inLanguage\":\"ca\",\"potentialAction\":[{\"@type\":\"CommentAction\",\"name\":\"Comment\",\"target\":[\"https:\/\/eikonos.com\/ca\/blog\/grans-pantalles-per-fires-del-videowall-al-led\/#respond\"]}]},{\"@type\":\"WebPage\",\"@id\":\"https:\/\/eikonos.com\/ca\/blog\/grans-pantalles-per-fires-del-videowall-al-led\/\",\"url\":\"https:\/\/eikonos.com\/ca\/blog\/grans-pantalles-per-fires-del-videowall-al-led\/\",\"name\":\"Grans pantalles per fires: del videowall al LED | EIKONOS\",\"isPartOf\":{\"@id\":\"https:\/\/eikonos.com\/ca\/#website\"},\"primaryImageOfPage\":{\"@id\":\"https:\/\/eikonos.com\/ca\/blog\/grans-pantalles-per-fires-del-videowall-al-led\/#primaryimage\"},\"image\":{\"@id\":\"https:\/\/eikonos.com\/ca\/blog\/grans-pantalles-per-fires-del-videowall-al-led\/#primaryimage\"},\"thumbnailUrl\":\"https:\/\/eikonos.com\/wp-content\/uploads\/2017\/03\/videowall-led.jpg\",\"datePublished\":\"2017-03-21T09:27:34+00:00\",\"description\":\"En el rang de grans pantalles per fires, trobem el videowall i la pantalla de tecnologia LED. Quina \u00e9s millor?\",\"breadcrumb\":{\"@id\":\"https:\/\/eikonos.com\/ca\/blog\/grans-pantalles-per-fires-del-videowall-al-led\/#breadcrumb\"},\"inLanguage\":\"ca\",\"potentialAction\":[{\"@type\":\"ReadAction\",\"target\":[\"https:\/\/eikonos.com\/ca\/blog\/grans-pantalles-per-fires-del-videowall-al-led\/\"]}]},{\"@type\":\"ImageObject\",\"inLanguage\":\"ca\",\"@id\":\"https:\/\/eikonos.com\/ca\/blog\/grans-pantalles-per-fires-del-videowall-al-led\/#primaryimage\",\"url\":\"https:\/\/eikonos.com\/wp-content\/uploads\/2017\/03\/videowall-led.jpg\",\"contentUrl\":\"https:\/\/eikonos.com\/wp-content\/uploads\/2017\/03\/videowall-led.jpg\",\"width\":800,\"height\":550},{\"@type\":\"BreadcrumbList\",\"@id\":\"https:\/\/eikonos.com\/ca\/blog\/grans-pantalles-per-fires-del-videowall-al-led\/#breadcrumb\",\"itemListElement\":[{\"@type\":\"ListItem\",\"position\":1,\"name\":\"EIKONOS\",\"item\":\"https:\/\/eikonos.com\/ca\/inici\/\"},{\"@type\":\"ListItem\",\"position\":2,\"name\":\"Grans pantalles per fires: del videowall al LED\"}]},{\"@type\":\"WebSite\",\"@id\":\"https:\/\/eikonos.com\/ca\/#website\",\"url\":\"https:\/\/eikonos.com\/ca\/\",\"name\":\"EIKONOS\",\"description\":\"EXPERIENCIA AUDIOVISUAL\",\"publisher\":{\"@id\":\"https:\/\/eikonos.com\/ca\/#organization\"},\"potentialAction\":[{\"@type\":\"SearchAction\",\"target\":{\"@type\":\"EntryPoint\",\"urlTemplate\":\"https:\/\/eikonos.com\/ca\/?s={search_term_string}\"},\"query-input\":{\"@type\":\"PropertyValueSpecification\",\"valueRequired\":true,\"valueName\":\"search_term_string\"}}],\"inLanguage\":\"ca\"},{\"@type\":\"Organization\",\"@id\":\"https:\/\/eikonos.com\/ca\/#organization\",\"name\":\"EIKONOS | Servicios Audiovisuales, eventos y alquiler de equipos\",\"url\":\"https:\/\/eikonos.com\/ca\/\",\"logo\":{\"@type\":\"ImageObject\",\"inLanguage\":\"ca\",\"@id\":\"https:\/\/eikonos.com\/ca\/#\/schema\/logo\/image\/\",\"url\":\"https:\/\/eikonos.com\/wp-content\/uploads\/2020\/08\/logo-color.png\",\"contentUrl\":\"https:\/\/eikonos.com\/wp-content\/uploads\/2020\/08\/logo-color.png\",\"width\":376,\"height\":122,\"caption\":\"EIKONOS | Servicios Audiovisuales, eventos y alquiler de equipos\"},\"image\":{\"@id\":\"https:\/\/eikonos.com\/ca\/#\/schema\/logo\/image\/\"},\"sameAs\":[\"http:\/\/www.facebook.com\/pages\/Eikonos\/176324785746790\",\"https:\/\/x.com\/eikonos_sa\",\"http:\/\/www.linkedin.com\/company\/eikonos\",\"http:\/\/www.youtube.com\/channel\/UC8wcizWaAYbfsuqVf9wIT6w\"]},{\"@type\":\"Person\",\"@id\":\"https:\/\/eikonos.com\/ca\/#\/schema\/person\/82032860cc314d826959b90595a5280a\",\"name\":\"Xavi Eikonos\",\"image\":{\"@type\":\"ImageObject\",\"inLanguage\":\"ca\",\"@id\":\"https:\/\/eikonos.com\/ca\/#\/schema\/person\/image\/\",\"url\":\"https:\/\/secure.gravatar.com\/avatar\/a6c6b51dd0ac6902701aab24a914f6febe1518f94a5ae06db08b3d6107248dfd?s=96&d=mm&r=g\",\"contentUrl\":\"https:\/\/secure.gravatar.com\/avatar\/a6c6b51dd0ac6902701aab24a914f6febe1518f94a5ae06db08b3d6107248dfd?s=96&d=mm&r=g\",\"caption\":\"Xavi Eikonos\"}}]}<\/script>\n<!-- \/ Yoast SEO plugin. -->","yoast_head_json":{"title":"Grans pantalles per fires: del videowall al LED | EIKONOS","description":"En el rang de grans pantalles per fires, trobem el videowall i la pantalla de tecnologia LED. Quina \u00e9s millor?","robots":{"index":"index","follow":"follow","max-snippet":"max-snippet:-1","max-image-preview":"max-image-preview:large","max-video-preview":"max-video-preview:-1"},"canonical":"https:\/\/eikonos.com\/ca\/blog\/grans-pantalles-per-fires-del-videowall-al-led\/","og_locale":"ca_ES","og_type":"article","og_title":"Grans pantalles per fires: del videowall al LED | EIKONOS","og_description":"En el rang de grans pantalles per fires, trobem el videowall i la pantalla de tecnologia LED. Quina \u00e9s millor?","og_url":"https:\/\/eikonos.com\/ca\/blog\/grans-pantalles-per-fires-del-videowall-al-led\/","og_site_name":"EIKONOS","article_publisher":"http:\/\/www.facebook.com\/pages\/Eikonos\/176324785746790","article_published_time":"2017-03-21T09:27:34+00:00","og_image":[{"width":800,"height":550,"url":"https:\/\/eikonos.com\/wp-content\/uploads\/2017\/03\/videowall-led.jpg","type":"image\/jpeg"}],"author":"Xavi Eikonos","twitter_card":"summary_large_image","twitter_creator":"@eikonos_sa","twitter_site":"@eikonos_sa","twitter_misc":{"Escrit per":"Xavi Eikonos","Temps estimat de lectura":"3 minuts"},"schema":{"@context":"https:\/\/schema.org","@graph":[{"@type":"Article","@id":"https:\/\/eikonos.com\/ca\/blog\/grans-pantalles-per-fires-del-videowall-al-led\/#article","isPartOf":{"@id":"https:\/\/eikonos.com\/ca\/blog\/grans-pantalles-per-fires-del-videowall-al-led\/"},"author":{"name":"Xavi Eikonos","@id":"https:\/\/eikonos.com\/ca\/#\/schema\/person\/82032860cc314d826959b90595a5280a"},"headline":"Grans pantalles per fires: del videowall al LED","datePublished":"2017-03-21T09:27:34+00:00","mainEntityOfPage":{"@id":"https:\/\/eikonos.com\/ca\/blog\/grans-pantalles-per-fires-del-videowall-al-led\/"},"wordCount":601,"commentCount":0,"publisher":{"@id":"https:\/\/eikonos.com\/ca\/#organization"},"image":{"@id":"https:\/\/eikonos.com\/ca\/blog\/grans-pantalles-per-fires-del-videowall-al-led\/#primaryimage"},"thumbnailUrl":"https:\/\/eikonos.com\/wp-content\/uploads\/2017\/03\/videowall-led.jpg","keywords":["videowall"],"articleSection":["Creaci\u00f3 de continguts","Esdeveniments audiovisuals","Lloguer d'equips"],"inLanguage":"ca","potentialAction":[{"@type":"CommentAction","name":"Comment","target":["https:\/\/eikonos.com\/ca\/blog\/grans-pantalles-per-fires-del-videowall-al-led\/#respond"]}]},{"@type":"WebPage","@id":"https:\/\/eikonos.com\/ca\/blog\/grans-pantalles-per-fires-del-videowall-al-led\/","url":"https:\/\/eikonos.com\/ca\/blog\/grans-pantalles-per-fires-del-videowall-al-led\/","name":"Grans pantalles per fires: del videowall al LED | EIKONOS","isPartOf":{"@id":"https:\/\/eikonos.com\/ca\/#website"},"primaryImageOfPage":{"@id":"https:\/\/eikonos.com\/ca\/blog\/grans-pantalles-per-fires-del-videowall-al-led\/#primaryimage"},"image":{"@id":"https:\/\/eikonos.com\/ca\/blog\/grans-pantalles-per-fires-del-videowall-al-led\/#primaryimage"},"thumbnailUrl":"https:\/\/eikonos.com\/wp-content\/uploads\/2017\/03\/videowall-led.jpg","datePublished":"2017-03-21T09:27:34+00:00","description":"En el rang de grans pantalles per fires, trobem el videowall i la pantalla de tecnologia LED. Quina \u00e9s millor?","breadcrumb":{"@id":"https:\/\/eikonos.com\/ca\/blog\/grans-pantalles-per-fires-del-videowall-al-led\/#breadcrumb"},"inLanguage":"ca","potentialAction":[{"@type":"ReadAction","target":["https:\/\/eikonos.com\/ca\/blog\/grans-pantalles-per-fires-del-videowall-al-led\/"]}]},{"@type":"ImageObject","inLanguage":"ca","@id":"https:\/\/eikonos.com\/ca\/blog\/grans-pantalles-per-fires-del-videowall-al-led\/#primaryimage","url":"https:\/\/eikonos.com\/wp-content\/uploads\/2017\/03\/videowall-led.jpg","contentUrl":"https:\/\/eikonos.com\/wp-content\/uploads\/2017\/03\/videowall-led.jpg","width":800,"height":550},{"@type":"BreadcrumbList","@id":"https:\/\/eikonos.com\/ca\/blog\/grans-pantalles-per-fires-del-videowall-al-led\/#breadcrumb","itemListElement":[{"@type":"ListItem","position":1,"name":"EIKONOS","item":"https:\/\/eikonos.com\/ca\/inici\/"},{"@type":"ListItem","position":2,"name":"Grans pantalles per fires: del videowall al LED"}]},{"@type":"WebSite","@id":"https:\/\/eikonos.com\/ca\/#website","url":"https:\/\/eikonos.com\/ca\/","name":"EIKONOS","description":"EXPERIENCIA AUDIOVISUAL","publisher":{"@id":"https:\/\/eikonos.com\/ca\/#organization"},"potentialAction":[{"@type":"SearchAction","target":{"@type":"EntryPoint","urlTemplate":"https:\/\/eikonos.com\/ca\/?s={search_term_string}"},"query-input":{"@type":"PropertyValueSpecification","valueRequired":true,"valueName":"search_term_string"}}],"inLanguage":"ca"},{"@type":"Organization","@id":"https:\/\/eikonos.com\/ca\/#organization","name":"EIKONOS | Servicios Audiovisuales, eventos y alquiler de equipos","url":"https:\/\/eikonos.com\/ca\/","logo":{"@type":"ImageObject","inLanguage":"ca","@id":"https:\/\/eikonos.com\/ca\/#\/schema\/logo\/image\/","url":"https:\/\/eikonos.com\/wp-content\/uploads\/2020\/08\/logo-color.png","contentUrl":"https:\/\/eikonos.com\/wp-content\/uploads\/2020\/08\/logo-color.png","width":376,"height":122,"caption":"EIKONOS | Servicios Audiovisuales, eventos y alquiler de equipos"},"image":{"@id":"https:\/\/eikonos.com\/ca\/#\/schema\/logo\/image\/"},"sameAs":["http:\/\/www.facebook.com\/pages\/Eikonos\/176324785746790","https:\/\/x.com\/eikonos_sa","http:\/\/www.linkedin.com\/company\/eikonos","http:\/\/www.youtube.com\/channel\/UC8wcizWaAYbfsuqVf9wIT6w"]},{"@type":"Person","@id":"https:\/\/eikonos.com\/ca\/#\/schema\/person\/82032860cc314d826959b90595a5280a","name":"Xavi Eikonos","image":{"@type":"ImageObject","inLanguage":"ca","@id":"https:\/\/eikonos.com\/ca\/#\/schema\/person\/image\/","url":"https:\/\/secure.gravatar.com\/avatar\/a6c6b51dd0ac6902701aab24a914f6febe1518f94a5ae06db08b3d6107248dfd?s=96&d=mm&r=g","contentUrl":"https:\/\/secure.gravatar.com\/avatar\/a6c6b51dd0ac6902701aab24a914f6febe1518f94a5ae06db08b3d6107248dfd?s=96&d=mm&r=g","caption":"Xavi Eikonos"}}]}},"_links":{"self":[{"href":"https:\/\/eikonos.com\/ca\/wp-json\/wp\/v2\/posts\/4124","targetHints":{"allow":["GET"]}}],"collection":[{"href":"https:\/\/eikonos.com\/ca\/wp-json\/wp\/v2\/posts"}],"about":[{"href":"https:\/\/eikonos.com\/ca\/wp-json\/wp\/v2\/types\/post"}],"author":[{"embeddable":true,"href":"https:\/\/eikonos.com\/ca\/wp-json\/wp\/v2\/users\/6"}],"replies":[{"embeddable":true,"href":"https:\/\/eikonos.com\/ca\/wp-json\/wp\/v2\/comments?post=4124"}],"version-history":[{"count":0,"href":"https:\/\/eikonos.com\/ca\/wp-json\/wp\/v2\/posts\/4124\/revisions"}],"wp:featuredmedia":[{"embeddable":true,"href":"https:\/\/eikonos.com\/ca\/wp-json\/wp\/v2\/media\/4325"}],"wp:attachment":[{"href":"https:\/\/eikonos.com\/ca\/wp-json\/wp\/v2\/media?parent=4124"}],"wp:term":[{"taxonomy":"category","embeddable":true,"href":"https:\/\/eikonos.com\/ca\/wp-json\/wp\/v2\/categories?post=4124"},{"taxonomy":"post_tag","embeddable":true,"href":"https:\/\/eikonos.com\/ca\/wp-json\/wp\/v2\/tags?post=4124"}],"curies":[{"name":"wp","href":"https:\/\/api.w.org\/{rel}","templated":true}]}}