{"id":4112,"date":"2017-03-07T11:28:45","date_gmt":"2017-03-07T10:28:45","guid":{"rendered":"http:\/\/eikonos.com\/?p=4112"},"modified":"2017-03-07T11:28:45","modified_gmt":"2017-03-07T10:28:45","slug":"cinc-passos-per-organitzar-un-esdeveniment-audiovisual-a-barcelona","status":"publish","type":"post","link":"https:\/\/eikonos.com\/ca\/blog\/cinc-passos-per-organitzar-un-esdeveniment-audiovisual-a-barcelona\/","title":{"rendered":"Cinc passos per organitzar un esdeveniment audiovisual a Barcelona"},"content":{"rendered":"<p>Els m\u00e9s de 30 anys d\u2019experi\u00e8ncia en el sector audiovisual, han perm\u00e8s que a EIKONOS haguem apr\u00e8s la rutina de tot el proc\u00e9s que comporta la organitzaci\u00f3 d\u2019un acte important. Des de la planificaci\u00f3, fins a l\u2019execuci\u00f3 i incl\u00fas l\u2019avaluaci\u00f3, tots els passos s\u00f3n rellevants per a que un esdeveniment tingui \u00e8xit i no quedi res en el tinter.<\/p>\n<p>Mantenint sempre unes pautes d\u2019actuaci\u00f3, en base a cinc passos senzills, sabran en qu\u00e8 hem fallat i com podem fer-ho la pr\u00f2xima vegada per millorar la consecuci\u00f3 dels objectius i aconseguir organitzar un esdeveniment audiovisual de qualitat.<\/p>\n<h2><span style=\"color: #ff0000;\">1. Planificar\u00a0<\/span><\/h2>\n<p>Si no hem planificat una acci\u00f3, no tindrem la seguretat de saber si anem per bn cam\u00ed. Aquest primer pas ens permet <strong>definir el <em>reason why <\/em><\/strong>del nostre producte (en aquest cas, un esdeveniment), \u00e9s a dir, saber per quin motiu ho estem fent, quina \u00e9s la meta.<\/p>\n<p>En aquesta fase, comen\u00e7arem a tancar q\u00fcestions com la <strong>localitzaci\u00f3 i la data, programaci\u00f3 i pressupost. <\/strong>Tamb\u00e9 \u00e9s important determinar l\u2019equip que necessitar\u00e0s per dur-ho tot a terme.<\/p>\n<p>En aquest \u00faltim punt, <a href=\"https:\/\/eikonos.com\/blog\/la-importancia-de-los-tecnicos-en-eventos-audiovisuales\/\">saber qui ser\u00e0 el nostre <strong>equip de t\u00e8cnics professionals<\/strong><\/a><strong>\u00a0e<\/strong><strong>ncarregats dels sistemes audiovisuals <\/strong>ser\u00e0 decisiu. Hem d\u2019assegurar-nos de que siguin persones amb experi\u00e8ncia i compet\u00e8ncies necess\u00e0ries, involucrades i preparades per qualsevol canvi a curt termini.<\/p>\n<p><strong>Junt amb l\u2019equip de t\u00e8cnics, definirem quin recursos audiovisuals seran necessaris: pantalles gegants, pantalles de LED, projectors&#8230;<\/strong><\/p>\n<h2><span style=\"color: #ff0000;\">2. Definir l&#8217;estrat\u00e8gia promocional de l&#8217;esdeveniment<\/span><\/h2>\n<p>Una vegada tinguem assegurada la primera fase i comencem a visualitzar l\u2019esdeveniment a la nostra ment, arriba el moment de treure les idees i donar-li\u2019s forma.<\/p>\n<p>Per definir l\u2019estrat\u00e8gia promocional, tindrem que <strong>recuperar la meta i objectiu definits a la planificaci\u00f3 i desenvolupar-les mitjan\u00e7ant t\u00e8cniques i estrat\u00e8gies de m\u00e0rqueting i promoci\u00f3, <\/strong>com la creaci\u00f3 d\u2019una p\u00e0gina web o els perfils de les xarxes socials que ens ajudin a difondre l\u2019esdeveniment.<\/p>\n<p>Pensa en el teu <strong>p\u00fablic objectiu <\/strong>i com li agrada que connectin a ell.<\/p>\n<h2><span style=\"color: #ff0000;\">3. Fer un <em>checklist<\/em><\/span><\/h2>\n<p>Aquest tercer pas suposa una revisi\u00f3 pr\u00e8via a l\u2019esdeveniment de tot el planificat anteriorment.<\/p>\n<p>Necessitem realitzar probes de tot el que portem a terme en directe i posar-nos en la situaci\u00f3 al 100% per veure quin element ens falta i qu\u00e8 \u00e9s el que el nostre espectador pot trobar a faltar.<\/p>\n<p><strong>\u00c9s molt important revisar el contingut audiovisual i fer les proves de so, il\u00b7luminaci\u00f3, gravaci\u00f3 i assajos necessaris am el nostre equip de t\u00e8cnics. <\/strong>Entre alguns aspectes, s\u2019haur\u00e0 d\u2019analitzar l\u2019adequaci\u00f3 dels dispositius i instal\u00b7lacions, saber el rol de cada un dels professionals per a que no quedi cap lloc sense cobrir, aix\u00ed com la programaci\u00f3 que haur\u00e0 de seguir per no saltar-nos cap pas.<\/p>\n<p>Revisa tamb\u00e9 com est\u00e0 arrancant l\u2019estrat\u00e8gia promocional per veure si les accions plantejades estan donant resultats.<\/p>\n<h2><span style=\"color: #ff0000;\">4. Executar<\/span><\/h2>\n<p>Arriba el moment de la veritat. Els assistents comences a envair l\u2019espai de \u2018esdeveniment i els t\u00e8cnics professional han d\u2019estar preparats per crear un ambient de benvinguda amb un equip de so o la reproducci\u00f3 de v\u00eddeos o imatges per despertar la curiositat a tot el p\u00fablic.<\/p>\n<p>Una vegada es tanquen les portes, nom\u00e9s queda <strong>executar tot el que hem planificat anteriorment i gaudir del treball ben fet.<\/strong><\/p>\n<p>Si el teu equip audiovisual est\u00e0 realment implicat i compta amb l\u2019experi\u00e8ncia necess\u00e0ria, no t\u2019apuris si sorgeix algun imprevist ja que aportaran grans alternatives que solucionin el problema.<\/p>\n<h2><span style=\"color: #ff0000;\">5. Evaluar<\/span><\/h2>\n<p>Despr\u00e9s de tot el que hem fet per a que l\u2019esdeveniment tingui \u00e8xit, no podem deixar-ho passar sense m\u00e9s. Hem de revisar cada una de les accions i decisions que hem escollit per <strong>detectar els nostres punts forts i d\u00e8bils i poder-los millor en pr\u00f2xims projectes.<\/strong><\/p>\n<p>Hem escollit correctament la meta i objectius? Els hem aconseguim? Hem recuperat la inversi\u00f3? Qu\u00e8 diu la premsa i els assistents? Va faltar organitzaci\u00f3 en algun moment? Vam tenir algun problema t\u00e8cnic?<\/p>\n<p><strong>Necessites assessoria t\u00e8cnica en el pr\u00f2xim esdeveniment? <\/strong>Explica\u2019ns el teu projecte, et proporcionarem solucions creatives i audiovisuals amb garantia d\u2019\u00e8xit. <em>Parlem!<\/em><\/p>\n<p><a href=\"https:\/\/eikonos.com\/ca\/serveis\/esdeveniments-audiovisuals\/\"><img loading=\"lazy\" decoding=\"async\" class=\"aligncenter wp-image-3762 size-full\" src=\"https:\/\/eikonos.com\/wp-content\/uploads\/2017\/03\/eikonos-cta-organitzacio-esdeveniments-audiovisuals.png\" alt=\"EIKONOS serveis audiovisuals per a esdeveniments\" width=\"741\" height=\"250\" srcset=\"https:\/\/eikonos.com\/wp-content\/uploads\/2017\/03\/eikonos-cta-organitzacio-esdeveniments-audiovisuals.png 741w, https:\/\/eikonos.com\/wp-content\/uploads\/2017\/03\/eikonos-cta-organitzacio-esdeveniments-audiovisuals-300x101.png 300w\" sizes=\"auto, (max-width: 741px) 100vw, 741px\" \/><\/a><\/p>\n","protected":false},"excerpt":{"rendered":"<p>Els m\u00e9s de 30 anys d\u2019experi\u00e8ncia en el sector audiovisual, han perm\u00e8s que a EIKONOS&#8230;<\/p>\n","protected":false},"author":6,"featured_media":4335,"comment_status":"open","ping_status":"open","sticky":false,"template":"","format":"standard","meta":{"_acf_changed":false,"footnotes":""},"categories":[344,260,310],"tags":[],"class_list":["post-4112","post","type-post","status-publish","format-standard","has-post-thumbnail","hentry","category-actualitat","category-esdeveniments-audiovisuals","category-projectes"],"acf":[],"yoast_head":"<!-- This site is optimized with the Yoast SEO plugin v26.3 - https:\/\/yoast.com\/wordpress\/plugins\/seo\/ -->\n<title>Cinc passos per organitzar un esdeveniment audiovisual<\/title>\n<meta name=\"description\" content=\"Segueix aquests cinc passos i aconseguir\u00e0s organitzar un esdeveniment audiovisual com un professional.\" \/>\n<meta name=\"robots\" content=\"index, follow, max-snippet:-1, max-image-preview:large, max-video-preview:-1\" \/>\n<link rel=\"canonical\" href=\"https:\/\/eikonos.com\/ca\/blog\/cinc-passos-per-organitzar-un-esdeveniment-audiovisual-a-barcelona\/\" \/>\n<meta property=\"og:locale\" content=\"ca_ES\" \/>\n<meta property=\"og:type\" content=\"article\" \/>\n<meta property=\"og:title\" content=\"Cinc passos per organitzar un esdeveniment audiovisual\" \/>\n<meta property=\"og:description\" content=\"Segueix aquests cinc passos i aconseguir\u00e0s organitzar un esdeveniment audiovisual com un professional.\" \/>\n<meta property=\"og:url\" content=\"https:\/\/eikonos.com\/ca\/blog\/cinc-passos-per-organitzar-un-esdeveniment-audiovisual-a-barcelona\/\" \/>\n<meta property=\"og:site_name\" content=\"EIKONOS\" \/>\n<meta property=\"article:publisher\" content=\"http:\/\/www.facebook.com\/pages\/Eikonos\/176324785746790\" \/>\n<meta property=\"article:published_time\" content=\"2017-03-07T10:28:45+00:00\" \/>\n<meta property=\"og:image\" content=\"https:\/\/eikonos.com\/wp-content\/uploads\/2017\/03\/organizar-evento-pasos.jpg\" \/>\n\t<meta property=\"og:image:width\" content=\"800\" \/>\n\t<meta property=\"og:image:height\" content=\"550\" \/>\n\t<meta property=\"og:image:type\" content=\"image\/jpeg\" \/>\n<meta name=\"author\" content=\"Xavi Eikonos\" \/>\n<meta name=\"twitter:card\" content=\"summary_large_image\" \/>\n<meta name=\"twitter:creator\" content=\"@eikonos_sa\" \/>\n<meta name=\"twitter:site\" content=\"@eikonos_sa\" \/>\n<meta name=\"twitter:label1\" content=\"Escrit per\" \/>\n\t<meta name=\"twitter:data1\" content=\"Xavi Eikonos\" \/>\n\t<meta name=\"twitter:label2\" content=\"Temps estimat de lectura\" \/>\n\t<meta name=\"twitter:data2\" content=\"4 minuts\" \/>\n<script type=\"application\/ld+json\" class=\"yoast-schema-graph\">{\"@context\":\"https:\/\/schema.org\",\"@graph\":[{\"@type\":\"Article\",\"@id\":\"https:\/\/eikonos.com\/ca\/blog\/cinc-passos-per-organitzar-un-esdeveniment-audiovisual-a-barcelona\/#article\",\"isPartOf\":{\"@id\":\"https:\/\/eikonos.com\/ca\/blog\/cinc-passos-per-organitzar-un-esdeveniment-audiovisual-a-barcelona\/\"},\"author\":{\"name\":\"Xavi Eikonos\",\"@id\":\"https:\/\/eikonos.com\/ca\/#\/schema\/person\/82032860cc314d826959b90595a5280a\"},\"headline\":\"Cinc passos per organitzar un esdeveniment audiovisual a Barcelona\",\"datePublished\":\"2017-03-07T10:28:45+00:00\",\"mainEntityOfPage\":{\"@id\":\"https:\/\/eikonos.com\/ca\/blog\/cinc-passos-per-organitzar-un-esdeveniment-audiovisual-a-barcelona\/\"},\"wordCount\":726,\"commentCount\":0,\"publisher\":{\"@id\":\"https:\/\/eikonos.com\/ca\/#organization\"},\"image\":{\"@id\":\"https:\/\/eikonos.com\/ca\/blog\/cinc-passos-per-organitzar-un-esdeveniment-audiovisual-a-barcelona\/#primaryimage\"},\"thumbnailUrl\":\"https:\/\/eikonos.com\/wp-content\/uploads\/2017\/03\/organizar-evento-pasos.jpg\",\"articleSection\":[\"Actualitat\",\"Esdeveniments audiovisuals\",\"Projectes\"],\"inLanguage\":\"ca\",\"potentialAction\":[{\"@type\":\"CommentAction\",\"name\":\"Comment\",\"target\":[\"https:\/\/eikonos.com\/ca\/blog\/cinc-passos-per-organitzar-un-esdeveniment-audiovisual-a-barcelona\/#respond\"]}]},{\"@type\":\"WebPage\",\"@id\":\"https:\/\/eikonos.com\/ca\/blog\/cinc-passos-per-organitzar-un-esdeveniment-audiovisual-a-barcelona\/\",\"url\":\"https:\/\/eikonos.com\/ca\/blog\/cinc-passos-per-organitzar-un-esdeveniment-audiovisual-a-barcelona\/\",\"name\":\"Cinc passos per organitzar un esdeveniment audiovisual\",\"isPartOf\":{\"@id\":\"https:\/\/eikonos.com\/ca\/#website\"},\"primaryImageOfPage\":{\"@id\":\"https:\/\/eikonos.com\/ca\/blog\/cinc-passos-per-organitzar-un-esdeveniment-audiovisual-a-barcelona\/#primaryimage\"},\"image\":{\"@id\":\"https:\/\/eikonos.com\/ca\/blog\/cinc-passos-per-organitzar-un-esdeveniment-audiovisual-a-barcelona\/#primaryimage\"},\"thumbnailUrl\":\"https:\/\/eikonos.com\/wp-content\/uploads\/2017\/03\/organizar-evento-pasos.jpg\",\"datePublished\":\"2017-03-07T10:28:45+00:00\",\"description\":\"Segueix aquests cinc passos i aconseguir\u00e0s organitzar un esdeveniment audiovisual com un professional.\",\"breadcrumb\":{\"@id\":\"https:\/\/eikonos.com\/ca\/blog\/cinc-passos-per-organitzar-un-esdeveniment-audiovisual-a-barcelona\/#breadcrumb\"},\"inLanguage\":\"ca\",\"potentialAction\":[{\"@type\":\"ReadAction\",\"target\":[\"https:\/\/eikonos.com\/ca\/blog\/cinc-passos-per-organitzar-un-esdeveniment-audiovisual-a-barcelona\/\"]}]},{\"@type\":\"ImageObject\",\"inLanguage\":\"ca\",\"@id\":\"https:\/\/eikonos.com\/ca\/blog\/cinc-passos-per-organitzar-un-esdeveniment-audiovisual-a-barcelona\/#primaryimage\",\"url\":\"https:\/\/eikonos.com\/wp-content\/uploads\/2017\/03\/organizar-evento-pasos.jpg\",\"contentUrl\":\"https:\/\/eikonos.com\/wp-content\/uploads\/2017\/03\/organizar-evento-pasos.jpg\",\"width\":800,\"height\":550,\"caption\":\"EIKONOS pasos para organizar eventos audiovisuales\"},{\"@type\":\"BreadcrumbList\",\"@id\":\"https:\/\/eikonos.com\/ca\/blog\/cinc-passos-per-organitzar-un-esdeveniment-audiovisual-a-barcelona\/#breadcrumb\",\"itemListElement\":[{\"@type\":\"ListItem\",\"position\":1,\"name\":\"EIKONOS\",\"item\":\"https:\/\/eikonos.com\/ca\/inici\/\"},{\"@type\":\"ListItem\",\"position\":2,\"name\":\"Cinc passos per organitzar un esdeveniment audiovisual a Barcelona\"}]},{\"@type\":\"WebSite\",\"@id\":\"https:\/\/eikonos.com\/ca\/#website\",\"url\":\"https:\/\/eikonos.com\/ca\/\",\"name\":\"EIKONOS\",\"description\":\"EXPERIENCIA AUDIOVISUAL\",\"publisher\":{\"@id\":\"https:\/\/eikonos.com\/ca\/#organization\"},\"potentialAction\":[{\"@type\":\"SearchAction\",\"target\":{\"@type\":\"EntryPoint\",\"urlTemplate\":\"https:\/\/eikonos.com\/ca\/?s={search_term_string}\"},\"query-input\":{\"@type\":\"PropertyValueSpecification\",\"valueRequired\":true,\"valueName\":\"search_term_string\"}}],\"inLanguage\":\"ca\"},{\"@type\":\"Organization\",\"@id\":\"https:\/\/eikonos.com\/ca\/#organization\",\"name\":\"EIKONOS | Servicios Audiovisuales, eventos y alquiler de equipos\",\"url\":\"https:\/\/eikonos.com\/ca\/\",\"logo\":{\"@type\":\"ImageObject\",\"inLanguage\":\"ca\",\"@id\":\"https:\/\/eikonos.com\/ca\/#\/schema\/logo\/image\/\",\"url\":\"https:\/\/eikonos.com\/wp-content\/uploads\/2020\/08\/logo-color.png\",\"contentUrl\":\"https:\/\/eikonos.com\/wp-content\/uploads\/2020\/08\/logo-color.png\",\"width\":376,\"height\":122,\"caption\":\"EIKONOS | Servicios Audiovisuales, eventos y alquiler de equipos\"},\"image\":{\"@id\":\"https:\/\/eikonos.com\/ca\/#\/schema\/logo\/image\/\"},\"sameAs\":[\"http:\/\/www.facebook.com\/pages\/Eikonos\/176324785746790\",\"https:\/\/x.com\/eikonos_sa\",\"http:\/\/www.linkedin.com\/company\/eikonos\",\"http:\/\/www.youtube.com\/channel\/UC8wcizWaAYbfsuqVf9wIT6w\"]},{\"@type\":\"Person\",\"@id\":\"https:\/\/eikonos.com\/ca\/#\/schema\/person\/82032860cc314d826959b90595a5280a\",\"name\":\"Xavi Eikonos\",\"image\":{\"@type\":\"ImageObject\",\"inLanguage\":\"ca\",\"@id\":\"https:\/\/eikonos.com\/ca\/#\/schema\/person\/image\/\",\"url\":\"https:\/\/secure.gravatar.com\/avatar\/a6c6b51dd0ac6902701aab24a914f6febe1518f94a5ae06db08b3d6107248dfd?s=96&d=mm&r=g\",\"contentUrl\":\"https:\/\/secure.gravatar.com\/avatar\/a6c6b51dd0ac6902701aab24a914f6febe1518f94a5ae06db08b3d6107248dfd?s=96&d=mm&r=g\",\"caption\":\"Xavi Eikonos\"}}]}<\/script>\n<!-- \/ Yoast SEO plugin. -->","yoast_head_json":{"title":"Cinc passos per organitzar un esdeveniment audiovisual","description":"Segueix aquests cinc passos i aconseguir\u00e0s organitzar un esdeveniment audiovisual com un professional.","robots":{"index":"index","follow":"follow","max-snippet":"max-snippet:-1","max-image-preview":"max-image-preview:large","max-video-preview":"max-video-preview:-1"},"canonical":"https:\/\/eikonos.com\/ca\/blog\/cinc-passos-per-organitzar-un-esdeveniment-audiovisual-a-barcelona\/","og_locale":"ca_ES","og_type":"article","og_title":"Cinc passos per organitzar un esdeveniment audiovisual","og_description":"Segueix aquests cinc passos i aconseguir\u00e0s organitzar un esdeveniment audiovisual com un professional.","og_url":"https:\/\/eikonos.com\/ca\/blog\/cinc-passos-per-organitzar-un-esdeveniment-audiovisual-a-barcelona\/","og_site_name":"EIKONOS","article_publisher":"http:\/\/www.facebook.com\/pages\/Eikonos\/176324785746790","article_published_time":"2017-03-07T10:28:45+00:00","og_image":[{"width":800,"height":550,"url":"https:\/\/eikonos.com\/wp-content\/uploads\/2017\/03\/organizar-evento-pasos.jpg","type":"image\/jpeg"}],"author":"Xavi Eikonos","twitter_card":"summary_large_image","twitter_creator":"@eikonos_sa","twitter_site":"@eikonos_sa","twitter_misc":{"Escrit per":"Xavi Eikonos","Temps estimat de lectura":"4 minuts"},"schema":{"@context":"https:\/\/schema.org","@graph":[{"@type":"Article","@id":"https:\/\/eikonos.com\/ca\/blog\/cinc-passos-per-organitzar-un-esdeveniment-audiovisual-a-barcelona\/#article","isPartOf":{"@id":"https:\/\/eikonos.com\/ca\/blog\/cinc-passos-per-organitzar-un-esdeveniment-audiovisual-a-barcelona\/"},"author":{"name":"Xavi Eikonos","@id":"https:\/\/eikonos.com\/ca\/#\/schema\/person\/82032860cc314d826959b90595a5280a"},"headline":"Cinc passos per organitzar un esdeveniment audiovisual a Barcelona","datePublished":"2017-03-07T10:28:45+00:00","mainEntityOfPage":{"@id":"https:\/\/eikonos.com\/ca\/blog\/cinc-passos-per-organitzar-un-esdeveniment-audiovisual-a-barcelona\/"},"wordCount":726,"commentCount":0,"publisher":{"@id":"https:\/\/eikonos.com\/ca\/#organization"},"image":{"@id":"https:\/\/eikonos.com\/ca\/blog\/cinc-passos-per-organitzar-un-esdeveniment-audiovisual-a-barcelona\/#primaryimage"},"thumbnailUrl":"https:\/\/eikonos.com\/wp-content\/uploads\/2017\/03\/organizar-evento-pasos.jpg","articleSection":["Actualitat","Esdeveniments audiovisuals","Projectes"],"inLanguage":"ca","potentialAction":[{"@type":"CommentAction","name":"Comment","target":["https:\/\/eikonos.com\/ca\/blog\/cinc-passos-per-organitzar-un-esdeveniment-audiovisual-a-barcelona\/#respond"]}]},{"@type":"WebPage","@id":"https:\/\/eikonos.com\/ca\/blog\/cinc-passos-per-organitzar-un-esdeveniment-audiovisual-a-barcelona\/","url":"https:\/\/eikonos.com\/ca\/blog\/cinc-passos-per-organitzar-un-esdeveniment-audiovisual-a-barcelona\/","name":"Cinc passos per organitzar un esdeveniment audiovisual","isPartOf":{"@id":"https:\/\/eikonos.com\/ca\/#website"},"primaryImageOfPage":{"@id":"https:\/\/eikonos.com\/ca\/blog\/cinc-passos-per-organitzar-un-esdeveniment-audiovisual-a-barcelona\/#primaryimage"},"image":{"@id":"https:\/\/eikonos.com\/ca\/blog\/cinc-passos-per-organitzar-un-esdeveniment-audiovisual-a-barcelona\/#primaryimage"},"thumbnailUrl":"https:\/\/eikonos.com\/wp-content\/uploads\/2017\/03\/organizar-evento-pasos.jpg","datePublished":"2017-03-07T10:28:45+00:00","description":"Segueix aquests cinc passos i aconseguir\u00e0s organitzar un esdeveniment audiovisual com un professional.","breadcrumb":{"@id":"https:\/\/eikonos.com\/ca\/blog\/cinc-passos-per-organitzar-un-esdeveniment-audiovisual-a-barcelona\/#breadcrumb"},"inLanguage":"ca","potentialAction":[{"@type":"ReadAction","target":["https:\/\/eikonos.com\/ca\/blog\/cinc-passos-per-organitzar-un-esdeveniment-audiovisual-a-barcelona\/"]}]},{"@type":"ImageObject","inLanguage":"ca","@id":"https:\/\/eikonos.com\/ca\/blog\/cinc-passos-per-organitzar-un-esdeveniment-audiovisual-a-barcelona\/#primaryimage","url":"https:\/\/eikonos.com\/wp-content\/uploads\/2017\/03\/organizar-evento-pasos.jpg","contentUrl":"https:\/\/eikonos.com\/wp-content\/uploads\/2017\/03\/organizar-evento-pasos.jpg","width":800,"height":550,"caption":"EIKONOS pasos para organizar eventos audiovisuales"},{"@type":"BreadcrumbList","@id":"https:\/\/eikonos.com\/ca\/blog\/cinc-passos-per-organitzar-un-esdeveniment-audiovisual-a-barcelona\/#breadcrumb","itemListElement":[{"@type":"ListItem","position":1,"name":"EIKONOS","item":"https:\/\/eikonos.com\/ca\/inici\/"},{"@type":"ListItem","position":2,"name":"Cinc passos per organitzar un esdeveniment audiovisual a Barcelona"}]},{"@type":"WebSite","@id":"https:\/\/eikonos.com\/ca\/#website","url":"https:\/\/eikonos.com\/ca\/","name":"EIKONOS","description":"EXPERIENCIA AUDIOVISUAL","publisher":{"@id":"https:\/\/eikonos.com\/ca\/#organization"},"potentialAction":[{"@type":"SearchAction","target":{"@type":"EntryPoint","urlTemplate":"https:\/\/eikonos.com\/ca\/?s={search_term_string}"},"query-input":{"@type":"PropertyValueSpecification","valueRequired":true,"valueName":"search_term_string"}}],"inLanguage":"ca"},{"@type":"Organization","@id":"https:\/\/eikonos.com\/ca\/#organization","name":"EIKONOS | Servicios Audiovisuales, eventos y alquiler de equipos","url":"https:\/\/eikonos.com\/ca\/","logo":{"@type":"ImageObject","inLanguage":"ca","@id":"https:\/\/eikonos.com\/ca\/#\/schema\/logo\/image\/","url":"https:\/\/eikonos.com\/wp-content\/uploads\/2020\/08\/logo-color.png","contentUrl":"https:\/\/eikonos.com\/wp-content\/uploads\/2020\/08\/logo-color.png","width":376,"height":122,"caption":"EIKONOS | Servicios Audiovisuales, eventos y alquiler de equipos"},"image":{"@id":"https:\/\/eikonos.com\/ca\/#\/schema\/logo\/image\/"},"sameAs":["http:\/\/www.facebook.com\/pages\/Eikonos\/176324785746790","https:\/\/x.com\/eikonos_sa","http:\/\/www.linkedin.com\/company\/eikonos","http:\/\/www.youtube.com\/channel\/UC8wcizWaAYbfsuqVf9wIT6w"]},{"@type":"Person","@id":"https:\/\/eikonos.com\/ca\/#\/schema\/person\/82032860cc314d826959b90595a5280a","name":"Xavi Eikonos","image":{"@type":"ImageObject","inLanguage":"ca","@id":"https:\/\/eikonos.com\/ca\/#\/schema\/person\/image\/","url":"https:\/\/secure.gravatar.com\/avatar\/a6c6b51dd0ac6902701aab24a914f6febe1518f94a5ae06db08b3d6107248dfd?s=96&d=mm&r=g","contentUrl":"https:\/\/secure.gravatar.com\/avatar\/a6c6b51dd0ac6902701aab24a914f6febe1518f94a5ae06db08b3d6107248dfd?s=96&d=mm&r=g","caption":"Xavi Eikonos"}}]}},"_links":{"self":[{"href":"https:\/\/eikonos.com\/ca\/wp-json\/wp\/v2\/posts\/4112","targetHints":{"allow":["GET"]}}],"collection":[{"href":"https:\/\/eikonos.com\/ca\/wp-json\/wp\/v2\/posts"}],"about":[{"href":"https:\/\/eikonos.com\/ca\/wp-json\/wp\/v2\/types\/post"}],"author":[{"embeddable":true,"href":"https:\/\/eikonos.com\/ca\/wp-json\/wp\/v2\/users\/6"}],"replies":[{"embeddable":true,"href":"https:\/\/eikonos.com\/ca\/wp-json\/wp\/v2\/comments?post=4112"}],"version-history":[{"count":0,"href":"https:\/\/eikonos.com\/ca\/wp-json\/wp\/v2\/posts\/4112\/revisions"}],"wp:featuredmedia":[{"embeddable":true,"href":"https:\/\/eikonos.com\/ca\/wp-json\/wp\/v2\/media\/4335"}],"wp:attachment":[{"href":"https:\/\/eikonos.com\/ca\/wp-json\/wp\/v2\/media?parent=4112"}],"wp:term":[{"taxonomy":"category","embeddable":true,"href":"https:\/\/eikonos.com\/ca\/wp-json\/wp\/v2\/categories?post=4112"},{"taxonomy":"post_tag","embeddable":true,"href":"https:\/\/eikonos.com\/ca\/wp-json\/wp\/v2\/tags?post=4112"}],"curies":[{"name":"wp","href":"https:\/\/api.w.org\/{rel}","templated":true}]}}