{"id":4032,"date":"2017-02-21T12:09:17","date_gmt":"2017-02-21T11:09:17","guid":{"rendered":"http:\/\/eikonos.com\/?p=4032"},"modified":"2017-02-21T12:09:17","modified_gmt":"2017-02-21T11:09:17","slug":"continguts-audiovisuals-que-impectin-a-la-audiencia","status":"publish","type":"post","link":"https:\/\/eikonos.com\/ca\/blog\/continguts-audiovisuals-que-impectin-a-la-audiencia\/","title":{"rendered":"Continguts audiovisuals que impactin a la nostra audi\u00e8ncia"},"content":{"rendered":"<p><span lang=\"CA\">Que els espectadors estiguin acostumats al m\u00f3n \u00a0audiovisual \u00e9s ja una realitat. Hem d\u2019estar constantment actualitzats per sorprendre\u2019ls i oferir una dosis d\u2019innovaci\u00f3 mitjan\u00e7ant la\u00a0<\/span><a href=\"https:\/\/eikonos.com\/servicios\/creacion-de-contenidos\/\">creaci\u00f3 de bons continguts<\/a>\u00a0<span lang=\"CA\">per a que connectin amb la nostra marca o al menys ens regalin uns minuts de la seva atenci\u00f3.\u00a0<\/span><\/p>\n<h2><span style=\"color: #ff0000;\">El valor diferencial\u00a0\u00a0<\/span><\/h2>\n<p>Sigui com sigui, <strong>el valor diferencial \u00e9s necessari. <\/strong>No \u00e9s el mateix l\u2019experi\u00e8ncia d\u2019usuari de veure una pel\u00b7l\u00edcula en una televisi\u00f3 corrent, que en una SmartTV o en una pantalla gegant d\u2019una bona resoluci\u00f3. Simplement amb un canvi tecnol\u00f2gic estarem aportant un gir de 360 graus sobre com vivim el contingut audiovisual en aquest moment.<\/p>\n<p>Aquesta regla pot aplicar-se en molts espais, ocasions o estrat\u00e8gies de negoci.<\/p>\n<p>Per\u00a0<a href=\"https:\/\/eikonos.com\/blog\/recursos-audiovisuales-para-potenciar-tu-marca-en-ferias\/\">potenciar la nostra marca en <strong>fires o congressos<\/strong><\/a>, <span lang=\"CA\">els recursos audiovisuals suposen un atractiu que desperten la curiositat i fan que els assistents i possibles consumidors tinguin ganes de saber m\u00e9s sobre nosaltres i acabin recordant-nos. Les demostracions de producte amb v\u00eddeos interactius, jocs, projeccions o photocalls amb fons canviants s\u00f3n nom\u00e9s alguns exemples que ajuden a crear aquesta immersi\u00f3 audiovisual.<\/span><\/p>\n<p><a href=\"https:\/\/eikonos.com\/blog\/contenidos-interactivos-una-llave-para-rejuvenecer-los-museos\/\">En el cas dels\u00a0<strong>museus, <\/strong>la tecnologia ha sigut un element clau<\/a>\u00a0<span lang=\"CA\">per rejovenir-los i fer que el visitant ja no sigui un consumidor passiu, si no que formi part de l\u2019entorn i aprengui de forma l\u00fadica un contingut que, sense cap tipus de interactivitat, podria resultar avorrit o complexa de comprendre.\u00a0<\/span><\/p>\n<h2><span style=\"color: #ff0000;\">Musealitzaci\u00f3 de la Casa dels Mosaics a Emp\u00faries, un cas exemplar\u00a0<\/span><\/h2>\n<p>A EIKONOS tenim al gran oportunitat de formar part d\u2019un projecte de gran import\u00e0ncia a nivell hist\u00f2ric en el que vam rehabilitar i vam aportar el nostra gra de sorra audiovisual a ala <strong>Casa dels Mosaics <\/strong>del Museu d\u2019Arqueologia de Catalunya a Emp\u00faries, Tarragona.<\/p>\n<p>Aquesta <em>domus <\/em>\u00e9s una de les construccions m\u00e9s conservades del patrimoni rom\u00e0 que posseeix la ciutat, amb mosaics i estructures originals i, gr\u00e0cies a la recuperaci\u00f3 del subterrani de la Casa, s\u2019ha pogut obrir per primera vegada al p\u00fablic.<\/p>\n<p>La nostra funci\u00f3 va ser assessorar al client per transmetre el missatge de manera m\u00e9s eficient i <strong>comptant amb un equip audiovisual potent, sota una idea creativa <\/strong>que la sustent\u00e9s. Tamb\u00e9, ens vam encarregar de proporcionar la ingeriria, el subministra i la instal\u00b7laci\u00f3 de los equips audiovisuals.<\/p>\n<p>Amb aix\u00f2, <strong>vam recrear un personatge de l\u2019\u00e8poca romana <\/strong>\u2013 el propietari de la Casa dels Mosaics \u2013 <strong>que acompanya al visitant al llarg de tot el criptop\u00f2rtic en una projecci\u00f3 de m\u00e9s de 20 metres de llarg i controlada sota el sistema Watchout V6. <\/strong>Despr\u00e9s de viure l\u2019experi\u00e8ncia de que un personatge hist\u00f2ric ens expliqui una hist\u00f2ria, apareixen <strong>tres projeccions amb v\u00eddeos en els que es poden veure reconstruccions 3D de la <em>domus <\/em><\/strong>i s\u2019expliquen altres aspectes de la ciutat romana, amb personatges reals integrats (un dels quals apareix en projecci\u00f3 doble).<\/p>\n<p><img loading=\"lazy\" decoding=\"async\" class=\"alignnone wp-image-3987 size-full\" src=\"https:\/\/eikonos.com\/wp-content\/uploads\/2017\/05\/115-contenidos-audiovisuales.jpg\" alt=\"EIKONOS contenidos audiovisuales impactantes\" width=\"690\" height=\"491\" srcset=\"https:\/\/eikonos.com\/wp-content\/uploads\/2017\/05\/115-contenidos-audiovisuales.jpg 690w, https:\/\/eikonos.com\/wp-content\/uploads\/2017\/05\/115-contenidos-audiovisuales-300x213.jpg 300w\" sizes=\"auto, (max-width: 690px) 100vw, 690px\" \/><\/p>\n<p>Tot aques treball, junt a un equip de realitzaci\u00f3, guionistes i els millors t\u00e8cnics, <strong>conseguim impactar a l\u2019audi\u00e8ncia <\/strong>i al client amb un contingut audiovisual adequat per aportar aquest valor diferencial alq que tanta import\u00e0ncia li donem.<\/p>\n<h2><span style=\"color: #ff0000;\">Tecnologia i creativitat<\/span><\/h2>\n<p>Com veiem, impactar a un p\u00fablic cada cop m\u00e9s exigent no \u00e9s res f\u00e0cil. Per aix\u00f2, l\u2019\u00faltima tecnologia ha d\u2019anar de la m\u00e0 de la creativitat per a que el conjunt formi un c\u00f2ctel indestructible de <strong>sorpreses i idees originals.<\/strong><\/p>\n<p>Per exemple, fer una coreografia amb dos pantalles en les que es visualitzi un personatge amb una cafetera en una m\u00e0 (pantalla A) i una tassa a l\u2019altre m\u00e0 (pantalla B) i <strong>causar un gran efecte \u00f2ptic <\/strong>al passar la cafetera d\u2019una pantalla a altra \u2013 quan en realitat, s\u00f3n dos v\u00eddeos diferents per\u00f2 sincronitzats. Aquestes pantalles, a m\u00e9s, es mouen f\u00edsicament \u2013 \u00e9s a dir, el propi format es mou juntament amb el contingut que projecta \u2013 generen m\u00e9s expectaci\u00f3.<\/p>\n<p>Necessites ajudar per trobar una idea que impacti i un bon equip audiovisual que l\u2019acompanyi? Deixa\u2019ns mostrar-te totes les possibilitats. <strong><em>Parlem!<\/em><\/strong><\/p>\n<p><a href=\"https:\/\/eikonos.com\/ca\/serveis\/esdeveniments-audiovisuals\/\"><img loading=\"lazy\" decoding=\"async\" class=\"aligncenter size-full wp-image-4120\" src=\"https:\/\/eikonos.com\/wp-content\/uploads\/2017\/05\/eikonos-cta-organitzacio-esdeveniments-audiovisuals.png\" alt=\"EIKONOS serveis audiovisuals per a esdeveniments\" width=\"741\" height=\"250\" srcset=\"https:\/\/eikonos.com\/wp-content\/uploads\/2017\/05\/eikonos-cta-organitzacio-esdeveniments-audiovisuals.png 741w, https:\/\/eikonos.com\/wp-content\/uploads\/2017\/05\/eikonos-cta-organitzacio-esdeveniments-audiovisuals-300x101.png 300w\" sizes=\"auto, (max-width: 741px) 100vw, 741px\" \/><\/a><\/p>\n","protected":false},"excerpt":{"rendered":"<p>Que els espectadors estiguin acostumats al m\u00f3n \u00a0audiovisual \u00e9s ja una realitat. Hem d\u2019estar constantment&#8230;<\/p>\n","protected":false},"author":6,"featured_media":3991,"comment_status":"open","ping_status":"open","sticky":false,"template":"","format":"standard","meta":{"_acf_changed":false,"footnotes":""},"categories":[257,310],"tags":[],"class_list":["post-4032","post","type-post","status-publish","format-standard","has-post-thumbnail","hentry","category-creacio-de-continguts","category-projectes"],"acf":[],"yoast_head":"<!-- This site is optimized with the Yoast SEO plugin v26.3 - https:\/\/yoast.com\/wordpress\/plugins\/seo\/ -->\n<title>Continguts audiovisuals que impactin a la nostra audi\u00e8ncia<\/title>\n<meta name=\"description\" content=\"Hem d&#039;estar al dia per sorprendre al nostre p\u00fablic i oferir una dosis d&#039;innovaci\u00f3 mitjan\u00e7ant la creaci\u00f3 de continguts audiovisuals que impactin\" \/>\n<meta name=\"robots\" content=\"index, follow, max-snippet:-1, max-image-preview:large, max-video-preview:-1\" \/>\n<link rel=\"canonical\" href=\"https:\/\/eikonos.com\/ca\/blog\/continguts-audiovisuals-que-impectin-a-la-audiencia\/\" \/>\n<meta property=\"og:locale\" content=\"ca_ES\" \/>\n<meta property=\"og:type\" content=\"article\" \/>\n<meta property=\"og:title\" content=\"Continguts audiovisuals que impactin a la nostra audi\u00e8ncia\" \/>\n<meta property=\"og:description\" content=\"Hem d&#039;estar al dia per sorprendre al nostre p\u00fablic i oferir una dosis d&#039;innovaci\u00f3 mitjan\u00e7ant la creaci\u00f3 de continguts audiovisuals que impactin\" \/>\n<meta property=\"og:url\" content=\"https:\/\/eikonos.com\/ca\/blog\/continguts-audiovisuals-que-impectin-a-la-audiencia\/\" \/>\n<meta property=\"og:site_name\" content=\"EIKONOS\" \/>\n<meta property=\"article:publisher\" content=\"http:\/\/www.facebook.com\/pages\/Eikonos\/176324785746790\" \/>\n<meta property=\"article:published_time\" content=\"2017-02-21T11:09:17+00:00\" \/>\n<meta property=\"og:image\" content=\"https:\/\/eikonos.com\/wp-content\/uploads\/2017\/05\/EIKONOS-Contenidos-audiovisuales.jpg\" \/>\n\t<meta property=\"og:image:width\" content=\"674\" \/>\n\t<meta property=\"og:image:height\" content=\"426\" \/>\n\t<meta property=\"og:image:type\" content=\"image\/jpeg\" \/>\n<meta name=\"author\" content=\"Xavi Eikonos\" \/>\n<meta name=\"twitter:card\" content=\"summary_large_image\" \/>\n<meta name=\"twitter:creator\" content=\"@eikonos_sa\" \/>\n<meta name=\"twitter:site\" content=\"@eikonos_sa\" \/>\n<meta name=\"twitter:label1\" content=\"Escrit per\" \/>\n\t<meta name=\"twitter:data1\" content=\"Xavi Eikonos\" \/>\n\t<meta name=\"twitter:label2\" content=\"Temps estimat de lectura\" \/>\n\t<meta name=\"twitter:data2\" content=\"4 minuts\" \/>\n<script type=\"application\/ld+json\" class=\"yoast-schema-graph\">{\"@context\":\"https:\/\/schema.org\",\"@graph\":[{\"@type\":\"Article\",\"@id\":\"https:\/\/eikonos.com\/ca\/blog\/continguts-audiovisuals-que-impectin-a-la-audiencia\/#article\",\"isPartOf\":{\"@id\":\"https:\/\/eikonos.com\/ca\/blog\/continguts-audiovisuals-que-impectin-a-la-audiencia\/\"},\"author\":{\"name\":\"Xavi Eikonos\",\"@id\":\"https:\/\/eikonos.com\/ca\/#\/schema\/person\/82032860cc314d826959b90595a5280a\"},\"headline\":\"Continguts audiovisuals que impactin a la nostra audi\u00e8ncia\",\"datePublished\":\"2017-02-21T11:09:17+00:00\",\"mainEntityOfPage\":{\"@id\":\"https:\/\/eikonos.com\/ca\/blog\/continguts-audiovisuals-que-impectin-a-la-audiencia\/\"},\"wordCount\":711,\"commentCount\":0,\"publisher\":{\"@id\":\"https:\/\/eikonos.com\/ca\/#organization\"},\"image\":{\"@id\":\"https:\/\/eikonos.com\/ca\/blog\/continguts-audiovisuals-que-impectin-a-la-audiencia\/#primaryimage\"},\"thumbnailUrl\":\"https:\/\/eikonos.com\/wp-content\/uploads\/2017\/05\/EIKONOS-Contenidos-audiovisuales.jpg\",\"articleSection\":[\"Creaci\u00f3 de continguts\",\"Projectes\"],\"inLanguage\":\"ca\",\"potentialAction\":[{\"@type\":\"CommentAction\",\"name\":\"Comment\",\"target\":[\"https:\/\/eikonos.com\/ca\/blog\/continguts-audiovisuals-que-impectin-a-la-audiencia\/#respond\"]}]},{\"@type\":\"WebPage\",\"@id\":\"https:\/\/eikonos.com\/ca\/blog\/continguts-audiovisuals-que-impectin-a-la-audiencia\/\",\"url\":\"https:\/\/eikonos.com\/ca\/blog\/continguts-audiovisuals-que-impectin-a-la-audiencia\/\",\"name\":\"Continguts audiovisuals que impactin a la nostra audi\u00e8ncia\",\"isPartOf\":{\"@id\":\"https:\/\/eikonos.com\/ca\/#website\"},\"primaryImageOfPage\":{\"@id\":\"https:\/\/eikonos.com\/ca\/blog\/continguts-audiovisuals-que-impectin-a-la-audiencia\/#primaryimage\"},\"image\":{\"@id\":\"https:\/\/eikonos.com\/ca\/blog\/continguts-audiovisuals-que-impectin-a-la-audiencia\/#primaryimage\"},\"thumbnailUrl\":\"https:\/\/eikonos.com\/wp-content\/uploads\/2017\/05\/EIKONOS-Contenidos-audiovisuales.jpg\",\"datePublished\":\"2017-02-21T11:09:17+00:00\",\"description\":\"Hem d'estar al dia per sorprendre al nostre p\u00fablic i oferir una dosis d'innovaci\u00f3 mitjan\u00e7ant la creaci\u00f3 de continguts audiovisuals que impactin\",\"breadcrumb\":{\"@id\":\"https:\/\/eikonos.com\/ca\/blog\/continguts-audiovisuals-que-impectin-a-la-audiencia\/#breadcrumb\"},\"inLanguage\":\"ca\",\"potentialAction\":[{\"@type\":\"ReadAction\",\"target\":[\"https:\/\/eikonos.com\/ca\/blog\/continguts-audiovisuals-que-impectin-a-la-audiencia\/\"]}]},{\"@type\":\"ImageObject\",\"inLanguage\":\"ca\",\"@id\":\"https:\/\/eikonos.com\/ca\/blog\/continguts-audiovisuals-que-impectin-a-la-audiencia\/#primaryimage\",\"url\":\"https:\/\/eikonos.com\/wp-content\/uploads\/2017\/05\/EIKONOS-Contenidos-audiovisuales.jpg\",\"contentUrl\":\"https:\/\/eikonos.com\/wp-content\/uploads\/2017\/05\/EIKONOS-Contenidos-audiovisuales.jpg\",\"width\":674,\"height\":426,\"caption\":\"EIKONOS Contenidos audiovisuales impactantes\"},{\"@type\":\"BreadcrumbList\",\"@id\":\"https:\/\/eikonos.com\/ca\/blog\/continguts-audiovisuals-que-impectin-a-la-audiencia\/#breadcrumb\",\"itemListElement\":[{\"@type\":\"ListItem\",\"position\":1,\"name\":\"EIKONOS\",\"item\":\"https:\/\/eikonos.com\/ca\/inici\/\"},{\"@type\":\"ListItem\",\"position\":2,\"name\":\"Continguts audiovisuals que impactin a la nostra audi\u00e8ncia\"}]},{\"@type\":\"WebSite\",\"@id\":\"https:\/\/eikonos.com\/ca\/#website\",\"url\":\"https:\/\/eikonos.com\/ca\/\",\"name\":\"EIKONOS\",\"description\":\"EXPERIENCIA AUDIOVISUAL\",\"publisher\":{\"@id\":\"https:\/\/eikonos.com\/ca\/#organization\"},\"potentialAction\":[{\"@type\":\"SearchAction\",\"target\":{\"@type\":\"EntryPoint\",\"urlTemplate\":\"https:\/\/eikonos.com\/ca\/?s={search_term_string}\"},\"query-input\":{\"@type\":\"PropertyValueSpecification\",\"valueRequired\":true,\"valueName\":\"search_term_string\"}}],\"inLanguage\":\"ca\"},{\"@type\":\"Organization\",\"@id\":\"https:\/\/eikonos.com\/ca\/#organization\",\"name\":\"EIKONOS | Servicios Audiovisuales, eventos y alquiler de equipos\",\"url\":\"https:\/\/eikonos.com\/ca\/\",\"logo\":{\"@type\":\"ImageObject\",\"inLanguage\":\"ca\",\"@id\":\"https:\/\/eikonos.com\/ca\/#\/schema\/logo\/image\/\",\"url\":\"https:\/\/eikonos.com\/wp-content\/uploads\/2020\/08\/logo-color.png\",\"contentUrl\":\"https:\/\/eikonos.com\/wp-content\/uploads\/2020\/08\/logo-color.png\",\"width\":376,\"height\":122,\"caption\":\"EIKONOS | Servicios Audiovisuales, eventos y alquiler de equipos\"},\"image\":{\"@id\":\"https:\/\/eikonos.com\/ca\/#\/schema\/logo\/image\/\"},\"sameAs\":[\"http:\/\/www.facebook.com\/pages\/Eikonos\/176324785746790\",\"https:\/\/x.com\/eikonos_sa\",\"http:\/\/www.linkedin.com\/company\/eikonos\",\"http:\/\/www.youtube.com\/channel\/UC8wcizWaAYbfsuqVf9wIT6w\"]},{\"@type\":\"Person\",\"@id\":\"https:\/\/eikonos.com\/ca\/#\/schema\/person\/82032860cc314d826959b90595a5280a\",\"name\":\"Xavi Eikonos\",\"image\":{\"@type\":\"ImageObject\",\"inLanguage\":\"ca\",\"@id\":\"https:\/\/eikonos.com\/ca\/#\/schema\/person\/image\/\",\"url\":\"https:\/\/secure.gravatar.com\/avatar\/a6c6b51dd0ac6902701aab24a914f6febe1518f94a5ae06db08b3d6107248dfd?s=96&d=mm&r=g\",\"contentUrl\":\"https:\/\/secure.gravatar.com\/avatar\/a6c6b51dd0ac6902701aab24a914f6febe1518f94a5ae06db08b3d6107248dfd?s=96&d=mm&r=g\",\"caption\":\"Xavi Eikonos\"}}]}<\/script>\n<!-- \/ Yoast SEO plugin. -->","yoast_head_json":{"title":"Continguts audiovisuals que impactin a la nostra audi\u00e8ncia","description":"Hem d'estar al dia per sorprendre al nostre p\u00fablic i oferir una dosis d'innovaci\u00f3 mitjan\u00e7ant la creaci\u00f3 de continguts audiovisuals que impactin","robots":{"index":"index","follow":"follow","max-snippet":"max-snippet:-1","max-image-preview":"max-image-preview:large","max-video-preview":"max-video-preview:-1"},"canonical":"https:\/\/eikonos.com\/ca\/blog\/continguts-audiovisuals-que-impectin-a-la-audiencia\/","og_locale":"ca_ES","og_type":"article","og_title":"Continguts audiovisuals que impactin a la nostra audi\u00e8ncia","og_description":"Hem d'estar al dia per sorprendre al nostre p\u00fablic i oferir una dosis d'innovaci\u00f3 mitjan\u00e7ant la creaci\u00f3 de continguts audiovisuals que impactin","og_url":"https:\/\/eikonos.com\/ca\/blog\/continguts-audiovisuals-que-impectin-a-la-audiencia\/","og_site_name":"EIKONOS","article_publisher":"http:\/\/www.facebook.com\/pages\/Eikonos\/176324785746790","article_published_time":"2017-02-21T11:09:17+00:00","og_image":[{"width":674,"height":426,"url":"https:\/\/eikonos.com\/wp-content\/uploads\/2017\/05\/EIKONOS-Contenidos-audiovisuales.jpg","type":"image\/jpeg"}],"author":"Xavi Eikonos","twitter_card":"summary_large_image","twitter_creator":"@eikonos_sa","twitter_site":"@eikonos_sa","twitter_misc":{"Escrit per":"Xavi Eikonos","Temps estimat de lectura":"4 minuts"},"schema":{"@context":"https:\/\/schema.org","@graph":[{"@type":"Article","@id":"https:\/\/eikonos.com\/ca\/blog\/continguts-audiovisuals-que-impectin-a-la-audiencia\/#article","isPartOf":{"@id":"https:\/\/eikonos.com\/ca\/blog\/continguts-audiovisuals-que-impectin-a-la-audiencia\/"},"author":{"name":"Xavi Eikonos","@id":"https:\/\/eikonos.com\/ca\/#\/schema\/person\/82032860cc314d826959b90595a5280a"},"headline":"Continguts audiovisuals que impactin a la nostra audi\u00e8ncia","datePublished":"2017-02-21T11:09:17+00:00","mainEntityOfPage":{"@id":"https:\/\/eikonos.com\/ca\/blog\/continguts-audiovisuals-que-impectin-a-la-audiencia\/"},"wordCount":711,"commentCount":0,"publisher":{"@id":"https:\/\/eikonos.com\/ca\/#organization"},"image":{"@id":"https:\/\/eikonos.com\/ca\/blog\/continguts-audiovisuals-que-impectin-a-la-audiencia\/#primaryimage"},"thumbnailUrl":"https:\/\/eikonos.com\/wp-content\/uploads\/2017\/05\/EIKONOS-Contenidos-audiovisuales.jpg","articleSection":["Creaci\u00f3 de continguts","Projectes"],"inLanguage":"ca","potentialAction":[{"@type":"CommentAction","name":"Comment","target":["https:\/\/eikonos.com\/ca\/blog\/continguts-audiovisuals-que-impectin-a-la-audiencia\/#respond"]}]},{"@type":"WebPage","@id":"https:\/\/eikonos.com\/ca\/blog\/continguts-audiovisuals-que-impectin-a-la-audiencia\/","url":"https:\/\/eikonos.com\/ca\/blog\/continguts-audiovisuals-que-impectin-a-la-audiencia\/","name":"Continguts audiovisuals que impactin a la nostra audi\u00e8ncia","isPartOf":{"@id":"https:\/\/eikonos.com\/ca\/#website"},"primaryImageOfPage":{"@id":"https:\/\/eikonos.com\/ca\/blog\/continguts-audiovisuals-que-impectin-a-la-audiencia\/#primaryimage"},"image":{"@id":"https:\/\/eikonos.com\/ca\/blog\/continguts-audiovisuals-que-impectin-a-la-audiencia\/#primaryimage"},"thumbnailUrl":"https:\/\/eikonos.com\/wp-content\/uploads\/2017\/05\/EIKONOS-Contenidos-audiovisuales.jpg","datePublished":"2017-02-21T11:09:17+00:00","description":"Hem d'estar al dia per sorprendre al nostre p\u00fablic i oferir una dosis d'innovaci\u00f3 mitjan\u00e7ant la creaci\u00f3 de continguts audiovisuals que impactin","breadcrumb":{"@id":"https:\/\/eikonos.com\/ca\/blog\/continguts-audiovisuals-que-impectin-a-la-audiencia\/#breadcrumb"},"inLanguage":"ca","potentialAction":[{"@type":"ReadAction","target":["https:\/\/eikonos.com\/ca\/blog\/continguts-audiovisuals-que-impectin-a-la-audiencia\/"]}]},{"@type":"ImageObject","inLanguage":"ca","@id":"https:\/\/eikonos.com\/ca\/blog\/continguts-audiovisuals-que-impectin-a-la-audiencia\/#primaryimage","url":"https:\/\/eikonos.com\/wp-content\/uploads\/2017\/05\/EIKONOS-Contenidos-audiovisuales.jpg","contentUrl":"https:\/\/eikonos.com\/wp-content\/uploads\/2017\/05\/EIKONOS-Contenidos-audiovisuales.jpg","width":674,"height":426,"caption":"EIKONOS Contenidos audiovisuales impactantes"},{"@type":"BreadcrumbList","@id":"https:\/\/eikonos.com\/ca\/blog\/continguts-audiovisuals-que-impectin-a-la-audiencia\/#breadcrumb","itemListElement":[{"@type":"ListItem","position":1,"name":"EIKONOS","item":"https:\/\/eikonos.com\/ca\/inici\/"},{"@type":"ListItem","position":2,"name":"Continguts audiovisuals que impactin a la nostra audi\u00e8ncia"}]},{"@type":"WebSite","@id":"https:\/\/eikonos.com\/ca\/#website","url":"https:\/\/eikonos.com\/ca\/","name":"EIKONOS","description":"EXPERIENCIA AUDIOVISUAL","publisher":{"@id":"https:\/\/eikonos.com\/ca\/#organization"},"potentialAction":[{"@type":"SearchAction","target":{"@type":"EntryPoint","urlTemplate":"https:\/\/eikonos.com\/ca\/?s={search_term_string}"},"query-input":{"@type":"PropertyValueSpecification","valueRequired":true,"valueName":"search_term_string"}}],"inLanguage":"ca"},{"@type":"Organization","@id":"https:\/\/eikonos.com\/ca\/#organization","name":"EIKONOS | Servicios Audiovisuales, eventos y alquiler de equipos","url":"https:\/\/eikonos.com\/ca\/","logo":{"@type":"ImageObject","inLanguage":"ca","@id":"https:\/\/eikonos.com\/ca\/#\/schema\/logo\/image\/","url":"https:\/\/eikonos.com\/wp-content\/uploads\/2020\/08\/logo-color.png","contentUrl":"https:\/\/eikonos.com\/wp-content\/uploads\/2020\/08\/logo-color.png","width":376,"height":122,"caption":"EIKONOS | Servicios Audiovisuales, eventos y alquiler de equipos"},"image":{"@id":"https:\/\/eikonos.com\/ca\/#\/schema\/logo\/image\/"},"sameAs":["http:\/\/www.facebook.com\/pages\/Eikonos\/176324785746790","https:\/\/x.com\/eikonos_sa","http:\/\/www.linkedin.com\/company\/eikonos","http:\/\/www.youtube.com\/channel\/UC8wcizWaAYbfsuqVf9wIT6w"]},{"@type":"Person","@id":"https:\/\/eikonos.com\/ca\/#\/schema\/person\/82032860cc314d826959b90595a5280a","name":"Xavi Eikonos","image":{"@type":"ImageObject","inLanguage":"ca","@id":"https:\/\/eikonos.com\/ca\/#\/schema\/person\/image\/","url":"https:\/\/secure.gravatar.com\/avatar\/a6c6b51dd0ac6902701aab24a914f6febe1518f94a5ae06db08b3d6107248dfd?s=96&d=mm&r=g","contentUrl":"https:\/\/secure.gravatar.com\/avatar\/a6c6b51dd0ac6902701aab24a914f6febe1518f94a5ae06db08b3d6107248dfd?s=96&d=mm&r=g","caption":"Xavi Eikonos"}}]}},"_links":{"self":[{"href":"https:\/\/eikonos.com\/ca\/wp-json\/wp\/v2\/posts\/4032","targetHints":{"allow":["GET"]}}],"collection":[{"href":"https:\/\/eikonos.com\/ca\/wp-json\/wp\/v2\/posts"}],"about":[{"href":"https:\/\/eikonos.com\/ca\/wp-json\/wp\/v2\/types\/post"}],"author":[{"embeddable":true,"href":"https:\/\/eikonos.com\/ca\/wp-json\/wp\/v2\/users\/6"}],"replies":[{"embeddable":true,"href":"https:\/\/eikonos.com\/ca\/wp-json\/wp\/v2\/comments?post=4032"}],"version-history":[{"count":0,"href":"https:\/\/eikonos.com\/ca\/wp-json\/wp\/v2\/posts\/4032\/revisions"}],"wp:featuredmedia":[{"embeddable":true,"href":"https:\/\/eikonos.com\/ca\/wp-json\/wp\/v2\/media\/3991"}],"wp:attachment":[{"href":"https:\/\/eikonos.com\/ca\/wp-json\/wp\/v2\/media?parent=4032"}],"wp:term":[{"taxonomy":"category","embeddable":true,"href":"https:\/\/eikonos.com\/ca\/wp-json\/wp\/v2\/categories?post=4032"},{"taxonomy":"post_tag","embeddable":true,"href":"https:\/\/eikonos.com\/ca\/wp-json\/wp\/v2\/tags?post=4032"}],"curies":[{"name":"wp","href":"https:\/\/api.w.org\/{rel}","templated":true}]}}