{"id":4023,"date":"2017-02-28T10:59:59","date_gmt":"2017-02-28T09:59:59","guid":{"rendered":"http:\/\/eikonos.com\/?p=4023"},"modified":"2017-02-28T10:59:59","modified_gmt":"2017-02-28T09:59:59","slug":"perque-llogar-pantallas-led-amb-remolc-es-ideal-per-esdeveniments-en-exteriors","status":"publish","type":"post","link":"https:\/\/eikonos.com\/ca\/blog\/perque-llogar-pantallas-led-amb-remolc-es-ideal-per-esdeveniments-en-exteriors\/","title":{"rendered":"Per qu\u00e8 llogar pantalles LED amb remolc \u00e9s ideal per esdeveniments en exteriors"},"content":{"rendered":"<p><span lang=\"CA\">Si est\u00e0s buscant una pantalla de gran format pel teu pr\u00f2xim esdeveniment a l\u2019exterior i comptes amb un pressupost ajustat, tot i sent conscient de voler el millor equip audiovisual,<\/span><a href=\"https:\/\/eikonos.com\/portfolio_page\/pantallas-de-leds\/\"><span lang=\"CA\">\u00a0<\/span>llogar pantalles LED amb remolc<\/a>\u00a0ser\u00e0 la resposta a les teves necessitats. I \u00e9s que a m\u00e9s de ser pr\u00e0ctic, funcional i resistent, ens permet estalviar costs.<\/p>\n<p>Avui t\u2019expliquem tots els avantatges d\u2019aquest servei i com podem treure-li el m\u00e0xim partit.<\/p>\n<h2><span style=\"color: #ff0000;\">Resistent a condicions clim\u00e0tiques extremes\u00a0<\/span><\/h2>\n<p>El temps i els seus canvis clim\u00e0tics no sempre estaran al nostre favor, i encara menys quan el nostre esdeveniment t\u00e9 lloc en un espai exterior.<\/p>\n<p>Per aix\u00f2, les pantalles LED estan llestes per donar el millor de s\u00ed en condicions clim\u00e0tiques extremes, <strong>proporcionant imatges a tot color amb bons nivells de contrast i lluminositat, independentment de les condicions lum\u00edniques o la llum directa del sol.<\/strong><\/p>\n<p>De fet, resulten una perfecta soluci\u00f3 ja que <strong>les seves capacitats lum\u00edniques poden arribar als 6000 <em>nits <\/em><\/strong>(quantitat de llum per metre quadrat que \u00e9s capa\u00e7 d\u2019emetre l\u2019equip).<\/p>\n<h2><span style=\"color: #ff0000;\">F\u00e0cil, r\u00e0pid i econ\u00f2mic\u00a0<\/span><\/h2>\n<p>A m\u00e9s de la seva resist\u00e8ncia, les pantalles LED de remolc compten amb tres de les avantatges que m\u00e9s perseguim a l\u2019hora d\u2019organitzar un esdeveniment.<\/p>\n<p>Necessitar nom\u00e9s a un t\u00e8cnic del teu equip de professionals i 20 minuts per deixar-ho llest, diu molt de la\u00a0<strong><a href=\"https:\/\/eikonos.com\/blog\/las-ventajas-de-lo-ambulante-remolques-con-pantalla-led-para-eventos\/\">rapidesa i facilitat de la seva instal\u00b7laci\u00f3.<\/a>\u00a0<\/strong>Aquesta avantatge ens permetr\u00e0 cobrir altres temes i tasques pendents per impedir el retr\u00e0s d\u2019obertura de portes o el moment de la inauguraci\u00f3.<\/p>\n<p>Per altra banda, en v\u00e0ries ocasions hem mencionat <strong>l\u2019estalvi en costs que suposa llogar un equip i aix\u00ed amortitzar tota la inversi\u00f3 i esfor\u00e7 de tot el muntatge audiovisual. <\/strong>Encara m\u00e9s, si es tracta d\u2019un esdeveniment o congr\u00e9s puntual que tingui lloc varis dies o setmanes (incl\u00fas fins a 3 mesos) pensar en comprar tot un equip de pantalles, sistemes de control, projectors i altres recursos audiovisuals suposar\u00e0 un cost desorbitat pr\u00e0cticament impossible de ser rendible.<\/p>\n<p><img loading=\"lazy\" decoding=\"async\" class=\"size-full wp-image-3998 aligncenter\" src=\"https:\/\/eikonos.com\/wp-content\/uploads\/2017\/05\/alquilar-pantallas-led-con-remolque.jpg\" alt=\"alquilar pantallas led con remolque\" width=\"674\" height=\"426\" srcset=\"https:\/\/eikonos.com\/wp-content\/uploads\/2017\/05\/alquilar-pantallas-led-con-remolque.jpg 674w, https:\/\/eikonos.com\/wp-content\/uploads\/2017\/05\/alquilar-pantallas-led-con-remolque-300x190.jpg 300w\" sizes=\"auto, (max-width: 674px) 100vw, 674px\" \/><\/p>\n<h2><span style=\"color: #ff0000;\">Porta&#8217;l on vulguis\u00a0<\/span><\/h2>\n<p>A difer\u00e8ncia d\u2019altres instal\u00b7lacions fixes, una pantalla de remolc suposa <strong>una gran llibertat de moviment. <\/strong>D\u2019aquesta manera, l\u2019espai i les seves limitacions o seran un inconvenient, si no que podrem instal\u00b7lar i moure quan es vulgui tot l\u2019equip.<\/p>\n<p>En el cas d\u2019EIKONOS, <strong>la nostra pantalla t\u00e9 un generador propi, pel que no \u00e9s necessari dependre de una presa de corrent. <\/strong>Resulta en s\u00ed, un equip autosuficient, per a que \u00fanicament pensis en reproduir el contingut i sorprendre a la teva audi\u00e8ncia.<\/p>\n<p>Aquesta opci\u00f3 <strong>\u00e9s ideal per esdeveniments itinerants o accions promocionals <\/strong>tals com els roadshows, concerts o, incl\u00fas esdeveniments esportius instal\u00b7lats a l\u2019aire lliure. Aix\u00ed, nom\u00e9s et preocupar\u00e0s de donar-li al play i gaudir de la teva pr\u00f2pia feina.<\/p>\n<p>Sense dubte, llogar pantalles LED de remolc ser\u00e0 una bona manera de transmetre el teu contingut audiovisual de la manera m\u00e9s impactant, sent aix\u00ed una aposta en la que ambd\u00f3s parts (assistents i organitzadors) guanyin.<\/p>\n<p>El nostre servei de lloguer de pantalles LED es caracteritza per se un <strong>lloguer clau en m\u00e0, \u00e9s a dir: tota la instal\u00b7laci\u00f3 i assessoria t\u00e8cnica que necessites per a que l\u00a1\u00e8xit en el teu esdeveniment estigui assegurat. <em>Parlem!<\/em><\/strong><\/p>\n<p><a href=\"https:\/\/eikonos.com\/ca\/serveis\/lloguer-equips\/\"><img loading=\"lazy\" decoding=\"async\" class=\"aligncenter wp-image-3756 size-full\" src=\"https:\/\/eikonos.com\/wp-content\/uploads\/2017\/03\/eikonos-cta-equips-audiovisuals-de-lloguer.png\" alt=\"EIKONOS lloguer d'equips audiovisuals per a esdeveniments\" width=\"741\" height=\"250\" srcset=\"https:\/\/eikonos.com\/wp-content\/uploads\/2017\/03\/eikonos-cta-equips-audiovisuals-de-lloguer.png 741w, https:\/\/eikonos.com\/wp-content\/uploads\/2017\/03\/eikonos-cta-equips-audiovisuals-de-lloguer-300x101.png 300w\" sizes=\"auto, (max-width: 741px) 100vw, 741px\" \/><\/a><\/p>\n","protected":false},"excerpt":{"rendered":"<p>Si est\u00e0s buscant una pantalla de gran format pel teu pr\u00f2xim esdeveniment a l\u2019exterior i&#8230;<\/p>\n","protected":false},"author":6,"featured_media":3999,"comment_status":"open","ping_status":"open","sticky":false,"template":"","format":"standard","meta":{"_acf_changed":false,"footnotes":""},"categories":[262],"tags":[],"class_list":["post-4023","post","type-post","status-publish","format-standard","has-post-thumbnail","hentry","category-lloguer-dequips"],"acf":[],"yoast_head":"<!-- This site is optimized with the Yoast SEO plugin v26.3 - https:\/\/yoast.com\/wordpress\/plugins\/seo\/ -->\n<title>Per qu\u00e8 llogar pantalles LED amb remolc \u00e9s ideal per esdeveniments en exteriors | EIKONOS<\/title>\n<meta name=\"description\" content=\"T&#039;expliquem per qu\u00e8 lloguer pantalles LED amb remolc ser\u00e0 la resposta a les teves necessitats: pr\u00e0ctic, funcional, ressistent i permet estalviar costs.\" \/>\n<meta name=\"robots\" content=\"index, follow, max-snippet:-1, max-image-preview:large, max-video-preview:-1\" \/>\n<link rel=\"canonical\" href=\"https:\/\/eikonos.com\/ca\/blog\/perque-llogar-pantallas-led-amb-remolc-es-ideal-per-esdeveniments-en-exteriors\/\" \/>\n<meta property=\"og:locale\" content=\"ca_ES\" \/>\n<meta property=\"og:type\" content=\"article\" \/>\n<meta property=\"og:title\" content=\"Per qu\u00e8 llogar pantalles LED amb remolc \u00e9s ideal per esdeveniments en exteriors | EIKONOS\" \/>\n<meta property=\"og:description\" content=\"T&#039;expliquem per qu\u00e8 lloguer pantalles LED amb remolc ser\u00e0 la resposta a les teves necessitats: pr\u00e0ctic, funcional, ressistent i permet estalviar costs.\" \/>\n<meta property=\"og:url\" content=\"https:\/\/eikonos.com\/ca\/blog\/perque-llogar-pantallas-led-amb-remolc-es-ideal-per-esdeveniments-en-exteriors\/\" \/>\n<meta property=\"og:site_name\" content=\"EIKONOS\" \/>\n<meta property=\"article:publisher\" content=\"http:\/\/www.facebook.com\/pages\/Eikonos\/176324785746790\" \/>\n<meta property=\"article:published_time\" content=\"2017-02-28T09:59:59+00:00\" \/>\n<meta property=\"og:image\" content=\"https:\/\/eikonos.com\/wp-content\/uploads\/2017\/05\/alquiler-pantallas-led-con-remolque.jpg\" \/>\n\t<meta property=\"og:image:width\" content=\"674\" \/>\n\t<meta property=\"og:image:height\" content=\"426\" \/>\n\t<meta property=\"og:image:type\" content=\"image\/jpeg\" \/>\n<meta name=\"author\" content=\"Xavi Eikonos\" \/>\n<meta name=\"twitter:card\" content=\"summary_large_image\" \/>\n<meta name=\"twitter:creator\" content=\"@eikonos_sa\" \/>\n<meta name=\"twitter:site\" content=\"@eikonos_sa\" \/>\n<meta name=\"twitter:label1\" content=\"Escrit per\" \/>\n\t<meta name=\"twitter:data1\" content=\"Xavi Eikonos\" \/>\n\t<meta name=\"twitter:label2\" content=\"Temps estimat de lectura\" \/>\n\t<meta name=\"twitter:data2\" content=\"3 minuts\" \/>\n<script type=\"application\/ld+json\" class=\"yoast-schema-graph\">{\"@context\":\"https:\/\/schema.org\",\"@graph\":[{\"@type\":\"Article\",\"@id\":\"https:\/\/eikonos.com\/ca\/blog\/perque-llogar-pantallas-led-amb-remolc-es-ideal-per-esdeveniments-en-exteriors\/#article\",\"isPartOf\":{\"@id\":\"https:\/\/eikonos.com\/ca\/blog\/perque-llogar-pantallas-led-amb-remolc-es-ideal-per-esdeveniments-en-exteriors\/\"},\"author\":{\"name\":\"Xavi Eikonos\",\"@id\":\"https:\/\/eikonos.com\/ca\/#\/schema\/person\/82032860cc314d826959b90595a5280a\"},\"headline\":\"Per qu\u00e8 llogar pantalles LED amb remolc \u00e9s ideal per esdeveniments en exteriors\",\"datePublished\":\"2017-02-28T09:59:59+00:00\",\"mainEntityOfPage\":{\"@id\":\"https:\/\/eikonos.com\/ca\/blog\/perque-llogar-pantallas-led-amb-remolc-es-ideal-per-esdeveniments-en-exteriors\/\"},\"wordCount\":587,\"commentCount\":0,\"publisher\":{\"@id\":\"https:\/\/eikonos.com\/ca\/#organization\"},\"image\":{\"@id\":\"https:\/\/eikonos.com\/ca\/blog\/perque-llogar-pantallas-led-amb-remolc-es-ideal-per-esdeveniments-en-exteriors\/#primaryimage\"},\"thumbnailUrl\":\"https:\/\/eikonos.com\/wp-content\/uploads\/2017\/05\/alquiler-pantallas-led-con-remolque.jpg\",\"articleSection\":[\"Lloguer d'equips\"],\"inLanguage\":\"ca\",\"potentialAction\":[{\"@type\":\"CommentAction\",\"name\":\"Comment\",\"target\":[\"https:\/\/eikonos.com\/ca\/blog\/perque-llogar-pantallas-led-amb-remolc-es-ideal-per-esdeveniments-en-exteriors\/#respond\"]}]},{\"@type\":\"WebPage\",\"@id\":\"https:\/\/eikonos.com\/ca\/blog\/perque-llogar-pantallas-led-amb-remolc-es-ideal-per-esdeveniments-en-exteriors\/\",\"url\":\"https:\/\/eikonos.com\/ca\/blog\/perque-llogar-pantallas-led-amb-remolc-es-ideal-per-esdeveniments-en-exteriors\/\",\"name\":\"Per qu\u00e8 llogar pantalles LED amb remolc \u00e9s ideal per esdeveniments en exteriors | EIKONOS\",\"isPartOf\":{\"@id\":\"https:\/\/eikonos.com\/ca\/#website\"},\"primaryImageOfPage\":{\"@id\":\"https:\/\/eikonos.com\/ca\/blog\/perque-llogar-pantallas-led-amb-remolc-es-ideal-per-esdeveniments-en-exteriors\/#primaryimage\"},\"image\":{\"@id\":\"https:\/\/eikonos.com\/ca\/blog\/perque-llogar-pantallas-led-amb-remolc-es-ideal-per-esdeveniments-en-exteriors\/#primaryimage\"},\"thumbnailUrl\":\"https:\/\/eikonos.com\/wp-content\/uploads\/2017\/05\/alquiler-pantallas-led-con-remolque.jpg\",\"datePublished\":\"2017-02-28T09:59:59+00:00\",\"description\":\"T'expliquem per qu\u00e8 lloguer pantalles LED amb remolc ser\u00e0 la resposta a les teves necessitats: pr\u00e0ctic, funcional, ressistent i permet estalviar costs.\",\"breadcrumb\":{\"@id\":\"https:\/\/eikonos.com\/ca\/blog\/perque-llogar-pantallas-led-amb-remolc-es-ideal-per-esdeveniments-en-exteriors\/#breadcrumb\"},\"inLanguage\":\"ca\",\"potentialAction\":[{\"@type\":\"ReadAction\",\"target\":[\"https:\/\/eikonos.com\/ca\/blog\/perque-llogar-pantallas-led-amb-remolc-es-ideal-per-esdeveniments-en-exteriors\/\"]}]},{\"@type\":\"ImageObject\",\"inLanguage\":\"ca\",\"@id\":\"https:\/\/eikonos.com\/ca\/blog\/perque-llogar-pantallas-led-amb-remolc-es-ideal-per-esdeveniments-en-exteriors\/#primaryimage\",\"url\":\"https:\/\/eikonos.com\/wp-content\/uploads\/2017\/05\/alquiler-pantallas-led-con-remolque.jpg\",\"contentUrl\":\"https:\/\/eikonos.com\/wp-content\/uploads\/2017\/05\/alquiler-pantallas-led-con-remolque.jpg\",\"width\":674,\"height\":426,\"caption\":\"alquilar pantallas led con remolque\"},{\"@type\":\"BreadcrumbList\",\"@id\":\"https:\/\/eikonos.com\/ca\/blog\/perque-llogar-pantallas-led-amb-remolc-es-ideal-per-esdeveniments-en-exteriors\/#breadcrumb\",\"itemListElement\":[{\"@type\":\"ListItem\",\"position\":1,\"name\":\"EIKONOS\",\"item\":\"https:\/\/eikonos.com\/ca\/inici\/\"},{\"@type\":\"ListItem\",\"position\":2,\"name\":\"Per qu\u00e8 llogar pantalles LED amb remolc \u00e9s ideal per esdeveniments en exteriors\"}]},{\"@type\":\"WebSite\",\"@id\":\"https:\/\/eikonos.com\/ca\/#website\",\"url\":\"https:\/\/eikonos.com\/ca\/\",\"name\":\"EIKONOS\",\"description\":\"EXPERIENCIA AUDIOVISUAL\",\"publisher\":{\"@id\":\"https:\/\/eikonos.com\/ca\/#organization\"},\"potentialAction\":[{\"@type\":\"SearchAction\",\"target\":{\"@type\":\"EntryPoint\",\"urlTemplate\":\"https:\/\/eikonos.com\/ca\/?s={search_term_string}\"},\"query-input\":{\"@type\":\"PropertyValueSpecification\",\"valueRequired\":true,\"valueName\":\"search_term_string\"}}],\"inLanguage\":\"ca\"},{\"@type\":\"Organization\",\"@id\":\"https:\/\/eikonos.com\/ca\/#organization\",\"name\":\"EIKONOS | Servicios Audiovisuales, eventos y alquiler de equipos\",\"url\":\"https:\/\/eikonos.com\/ca\/\",\"logo\":{\"@type\":\"ImageObject\",\"inLanguage\":\"ca\",\"@id\":\"https:\/\/eikonos.com\/ca\/#\/schema\/logo\/image\/\",\"url\":\"https:\/\/eikonos.com\/wp-content\/uploads\/2020\/08\/logo-color.png\",\"contentUrl\":\"https:\/\/eikonos.com\/wp-content\/uploads\/2020\/08\/logo-color.png\",\"width\":376,\"height\":122,\"caption\":\"EIKONOS | Servicios Audiovisuales, eventos y alquiler de equipos\"},\"image\":{\"@id\":\"https:\/\/eikonos.com\/ca\/#\/schema\/logo\/image\/\"},\"sameAs\":[\"http:\/\/www.facebook.com\/pages\/Eikonos\/176324785746790\",\"https:\/\/x.com\/eikonos_sa\",\"http:\/\/www.linkedin.com\/company\/eikonos\",\"http:\/\/www.youtube.com\/channel\/UC8wcizWaAYbfsuqVf9wIT6w\"]},{\"@type\":\"Person\",\"@id\":\"https:\/\/eikonos.com\/ca\/#\/schema\/person\/82032860cc314d826959b90595a5280a\",\"name\":\"Xavi Eikonos\",\"image\":{\"@type\":\"ImageObject\",\"inLanguage\":\"ca\",\"@id\":\"https:\/\/eikonos.com\/ca\/#\/schema\/person\/image\/\",\"url\":\"https:\/\/secure.gravatar.com\/avatar\/a6c6b51dd0ac6902701aab24a914f6febe1518f94a5ae06db08b3d6107248dfd?s=96&d=mm&r=g\",\"contentUrl\":\"https:\/\/secure.gravatar.com\/avatar\/a6c6b51dd0ac6902701aab24a914f6febe1518f94a5ae06db08b3d6107248dfd?s=96&d=mm&r=g\",\"caption\":\"Xavi Eikonos\"}}]}<\/script>\n<!-- \/ Yoast SEO plugin. -->","yoast_head_json":{"title":"Per qu\u00e8 llogar pantalles LED amb remolc \u00e9s ideal per esdeveniments en exteriors | EIKONOS","description":"T'expliquem per qu\u00e8 lloguer pantalles LED amb remolc ser\u00e0 la resposta a les teves necessitats: pr\u00e0ctic, funcional, ressistent i permet estalviar costs.","robots":{"index":"index","follow":"follow","max-snippet":"max-snippet:-1","max-image-preview":"max-image-preview:large","max-video-preview":"max-video-preview:-1"},"canonical":"https:\/\/eikonos.com\/ca\/blog\/perque-llogar-pantallas-led-amb-remolc-es-ideal-per-esdeveniments-en-exteriors\/","og_locale":"ca_ES","og_type":"article","og_title":"Per qu\u00e8 llogar pantalles LED amb remolc \u00e9s ideal per esdeveniments en exteriors | EIKONOS","og_description":"T'expliquem per qu\u00e8 lloguer pantalles LED amb remolc ser\u00e0 la resposta a les teves necessitats: pr\u00e0ctic, funcional, ressistent i permet estalviar costs.","og_url":"https:\/\/eikonos.com\/ca\/blog\/perque-llogar-pantallas-led-amb-remolc-es-ideal-per-esdeveniments-en-exteriors\/","og_site_name":"EIKONOS","article_publisher":"http:\/\/www.facebook.com\/pages\/Eikonos\/176324785746790","article_published_time":"2017-02-28T09:59:59+00:00","og_image":[{"width":674,"height":426,"url":"https:\/\/eikonos.com\/wp-content\/uploads\/2017\/05\/alquiler-pantallas-led-con-remolque.jpg","type":"image\/jpeg"}],"author":"Xavi Eikonos","twitter_card":"summary_large_image","twitter_creator":"@eikonos_sa","twitter_site":"@eikonos_sa","twitter_misc":{"Escrit per":"Xavi Eikonos","Temps estimat de lectura":"3 minuts"},"schema":{"@context":"https:\/\/schema.org","@graph":[{"@type":"Article","@id":"https:\/\/eikonos.com\/ca\/blog\/perque-llogar-pantallas-led-amb-remolc-es-ideal-per-esdeveniments-en-exteriors\/#article","isPartOf":{"@id":"https:\/\/eikonos.com\/ca\/blog\/perque-llogar-pantallas-led-amb-remolc-es-ideal-per-esdeveniments-en-exteriors\/"},"author":{"name":"Xavi Eikonos","@id":"https:\/\/eikonos.com\/ca\/#\/schema\/person\/82032860cc314d826959b90595a5280a"},"headline":"Per qu\u00e8 llogar pantalles LED amb remolc \u00e9s ideal per esdeveniments en exteriors","datePublished":"2017-02-28T09:59:59+00:00","mainEntityOfPage":{"@id":"https:\/\/eikonos.com\/ca\/blog\/perque-llogar-pantallas-led-amb-remolc-es-ideal-per-esdeveniments-en-exteriors\/"},"wordCount":587,"commentCount":0,"publisher":{"@id":"https:\/\/eikonos.com\/ca\/#organization"},"image":{"@id":"https:\/\/eikonos.com\/ca\/blog\/perque-llogar-pantallas-led-amb-remolc-es-ideal-per-esdeveniments-en-exteriors\/#primaryimage"},"thumbnailUrl":"https:\/\/eikonos.com\/wp-content\/uploads\/2017\/05\/alquiler-pantallas-led-con-remolque.jpg","articleSection":["Lloguer d'equips"],"inLanguage":"ca","potentialAction":[{"@type":"CommentAction","name":"Comment","target":["https:\/\/eikonos.com\/ca\/blog\/perque-llogar-pantallas-led-amb-remolc-es-ideal-per-esdeveniments-en-exteriors\/#respond"]}]},{"@type":"WebPage","@id":"https:\/\/eikonos.com\/ca\/blog\/perque-llogar-pantallas-led-amb-remolc-es-ideal-per-esdeveniments-en-exteriors\/","url":"https:\/\/eikonos.com\/ca\/blog\/perque-llogar-pantallas-led-amb-remolc-es-ideal-per-esdeveniments-en-exteriors\/","name":"Per qu\u00e8 llogar pantalles LED amb remolc \u00e9s ideal per esdeveniments en exteriors | EIKONOS","isPartOf":{"@id":"https:\/\/eikonos.com\/ca\/#website"},"primaryImageOfPage":{"@id":"https:\/\/eikonos.com\/ca\/blog\/perque-llogar-pantallas-led-amb-remolc-es-ideal-per-esdeveniments-en-exteriors\/#primaryimage"},"image":{"@id":"https:\/\/eikonos.com\/ca\/blog\/perque-llogar-pantallas-led-amb-remolc-es-ideal-per-esdeveniments-en-exteriors\/#primaryimage"},"thumbnailUrl":"https:\/\/eikonos.com\/wp-content\/uploads\/2017\/05\/alquiler-pantallas-led-con-remolque.jpg","datePublished":"2017-02-28T09:59:59+00:00","description":"T'expliquem per qu\u00e8 lloguer pantalles LED amb remolc ser\u00e0 la resposta a les teves necessitats: pr\u00e0ctic, funcional, ressistent i permet estalviar costs.","breadcrumb":{"@id":"https:\/\/eikonos.com\/ca\/blog\/perque-llogar-pantallas-led-amb-remolc-es-ideal-per-esdeveniments-en-exteriors\/#breadcrumb"},"inLanguage":"ca","potentialAction":[{"@type":"ReadAction","target":["https:\/\/eikonos.com\/ca\/blog\/perque-llogar-pantallas-led-amb-remolc-es-ideal-per-esdeveniments-en-exteriors\/"]}]},{"@type":"ImageObject","inLanguage":"ca","@id":"https:\/\/eikonos.com\/ca\/blog\/perque-llogar-pantallas-led-amb-remolc-es-ideal-per-esdeveniments-en-exteriors\/#primaryimage","url":"https:\/\/eikonos.com\/wp-content\/uploads\/2017\/05\/alquiler-pantallas-led-con-remolque.jpg","contentUrl":"https:\/\/eikonos.com\/wp-content\/uploads\/2017\/05\/alquiler-pantallas-led-con-remolque.jpg","width":674,"height":426,"caption":"alquilar pantallas led con remolque"},{"@type":"BreadcrumbList","@id":"https:\/\/eikonos.com\/ca\/blog\/perque-llogar-pantallas-led-amb-remolc-es-ideal-per-esdeveniments-en-exteriors\/#breadcrumb","itemListElement":[{"@type":"ListItem","position":1,"name":"EIKONOS","item":"https:\/\/eikonos.com\/ca\/inici\/"},{"@type":"ListItem","position":2,"name":"Per qu\u00e8 llogar pantalles LED amb remolc \u00e9s ideal per esdeveniments en exteriors"}]},{"@type":"WebSite","@id":"https:\/\/eikonos.com\/ca\/#website","url":"https:\/\/eikonos.com\/ca\/","name":"EIKONOS","description":"EXPERIENCIA AUDIOVISUAL","publisher":{"@id":"https:\/\/eikonos.com\/ca\/#organization"},"potentialAction":[{"@type":"SearchAction","target":{"@type":"EntryPoint","urlTemplate":"https:\/\/eikonos.com\/ca\/?s={search_term_string}"},"query-input":{"@type":"PropertyValueSpecification","valueRequired":true,"valueName":"search_term_string"}}],"inLanguage":"ca"},{"@type":"Organization","@id":"https:\/\/eikonos.com\/ca\/#organization","name":"EIKONOS | Servicios Audiovisuales, eventos y alquiler de equipos","url":"https:\/\/eikonos.com\/ca\/","logo":{"@type":"ImageObject","inLanguage":"ca","@id":"https:\/\/eikonos.com\/ca\/#\/schema\/logo\/image\/","url":"https:\/\/eikonos.com\/wp-content\/uploads\/2020\/08\/logo-color.png","contentUrl":"https:\/\/eikonos.com\/wp-content\/uploads\/2020\/08\/logo-color.png","width":376,"height":122,"caption":"EIKONOS | Servicios Audiovisuales, eventos y alquiler de equipos"},"image":{"@id":"https:\/\/eikonos.com\/ca\/#\/schema\/logo\/image\/"},"sameAs":["http:\/\/www.facebook.com\/pages\/Eikonos\/176324785746790","https:\/\/x.com\/eikonos_sa","http:\/\/www.linkedin.com\/company\/eikonos","http:\/\/www.youtube.com\/channel\/UC8wcizWaAYbfsuqVf9wIT6w"]},{"@type":"Person","@id":"https:\/\/eikonos.com\/ca\/#\/schema\/person\/82032860cc314d826959b90595a5280a","name":"Xavi Eikonos","image":{"@type":"ImageObject","inLanguage":"ca","@id":"https:\/\/eikonos.com\/ca\/#\/schema\/person\/image\/","url":"https:\/\/secure.gravatar.com\/avatar\/a6c6b51dd0ac6902701aab24a914f6febe1518f94a5ae06db08b3d6107248dfd?s=96&d=mm&r=g","contentUrl":"https:\/\/secure.gravatar.com\/avatar\/a6c6b51dd0ac6902701aab24a914f6febe1518f94a5ae06db08b3d6107248dfd?s=96&d=mm&r=g","caption":"Xavi Eikonos"}}]}},"_links":{"self":[{"href":"https:\/\/eikonos.com\/ca\/wp-json\/wp\/v2\/posts\/4023","targetHints":{"allow":["GET"]}}],"collection":[{"href":"https:\/\/eikonos.com\/ca\/wp-json\/wp\/v2\/posts"}],"about":[{"href":"https:\/\/eikonos.com\/ca\/wp-json\/wp\/v2\/types\/post"}],"author":[{"embeddable":true,"href":"https:\/\/eikonos.com\/ca\/wp-json\/wp\/v2\/users\/6"}],"replies":[{"embeddable":true,"href":"https:\/\/eikonos.com\/ca\/wp-json\/wp\/v2\/comments?post=4023"}],"version-history":[{"count":0,"href":"https:\/\/eikonos.com\/ca\/wp-json\/wp\/v2\/posts\/4023\/revisions"}],"wp:featuredmedia":[{"embeddable":true,"href":"https:\/\/eikonos.com\/ca\/wp-json\/wp\/v2\/media\/3999"}],"wp:attachment":[{"href":"https:\/\/eikonos.com\/ca\/wp-json\/wp\/v2\/media?parent=4023"}],"wp:term":[{"taxonomy":"category","embeddable":true,"href":"https:\/\/eikonos.com\/ca\/wp-json\/wp\/v2\/categories?post=4023"},{"taxonomy":"post_tag","embeddable":true,"href":"https:\/\/eikonos.com\/ca\/wp-json\/wp\/v2\/tags?post=4023"}],"curies":[{"name":"wp","href":"https:\/\/api.w.org\/{rel}","templated":true}]}}