{"id":3943,"date":"2017-06-30T11:54:28","date_gmt":"2017-06-30T09:54:28","guid":{"rendered":"http:\/\/eikonos.com\/?p=3943"},"modified":"2017-06-30T11:54:28","modified_gmt":"2017-06-30T09:54:28","slug":"aprofita-el-lloguer-de-videowall-en-muntatges-singulars-audiovisuals","status":"publish","type":"post","link":"https:\/\/eikonos.com\/ca\/blog\/aprofita-el-lloguer-de-videowall-en-muntatges-singulars-audiovisuals\/","title":{"rendered":"Aprofita el lloguer de videowall en muntatges singulars audiovisuals"},"content":{"rendered":"<p>El lloguer de videowall \u00e9s la soluci\u00f3 perfecte per aconseguir un muntatge audiovisual <strong>singular, original i \u00fanic. <\/strong>Els objectius poden sr molts, des de promocionar la teva empresa o captar l\u2019atenci\u00f3 dels transe\u00fcnts en un aparador fins a organitzar una exposici\u00f3 original o un esdeveniment audiovisual espectacular<\/p>\n<p><a href=\"https:\/\/eikonos.com\/portfolio_page\/videowalls\/\" target=\"_blank\" rel=\"noopener noreferrer\">Llogar un videowall<\/a>\u00a0pot resultar una bona alternativa a les populars pantalles LED. \u00c9s cert que el LED ofereix una alta lluminositat amb abs\u00e8ncia de l\u00ednies, tot i aix\u00ed, no compta amb tanta resoluci\u00f3 i precisa d\u2019una major dist\u00e0ncia de visionat. Si precises d\u2019alta resoluci\u00f3 i una dist\u00e0ncia m\u00e9s redu\u00efda entre la pantalla i l\u2019usuari, un vidieowall \u00e9s el que necessites. En aquest altre article del blog pots con\u00e8ixer millor els\u00a0<a href=\"https:\/\/eikonos.com\/blog\/pros-y-contras-del-alquiler-de-pantalla-led-o-videowall\/\" target=\"_blank\" rel=\"noopener noreferrer\">pros i contres de llogar un videowall VS una pantalla LED.<\/a><\/p>\n<p>Potser no tinguis una idea de fins a quin punt un videowall pot resultar-li \u00fatil per aconseguir els teus objectius i per aix\u00f2 a EIKONOS hem fet aquest petit recopilatori amb 3 usos que pots prendre com a refer\u00e8ncia en els teus muntatges audiovisuals gr\u00e0cies al lloguer de videowall.<\/p>\n<h2><span style=\"color: #ff0000;\">Publicitat en tendes i centres comercials \u00a0<\/span><\/h2>\n<p>Un dels usos bastant recurrents del videowall \u00e9s utilitzar-lo com aparador en tendes i centres comercials. Com diem, \u00e9s habitual veure\u2019l, per\u00f2 encara permet innovar i resultar igualment impactant i efectiu.<\/p>\n<p>De fet, el videowall ofereix un component d\u2019espectacularitat gr\u00e0cies a la facilitat que ofereix per fer instal\u00b7lacions irregulars, singulars i sofisticades que capten m\u00e9s f\u00e0cilment l\u2019atenci\u00f3 per sortir-ne del com\u00fa. Un bon exemple \u00e9s el <strong><em>Ziris Canvas, <\/em><\/strong>un videowall en el que monitors de diversos o iguals mides es col\u00b7loquen en posicions diferents i rotaci\u00f3 generant innovadores composicions.<\/p>\n<p>&nbsp;<\/p>\n<p>Un clar exemple de com es pot utilitzar el videowall \u00e9s com a <strong>suport publicitari <\/strong>atractiu. Un altre format interessant s\u00f3n els <strong><em>monitors Oled, <\/em><\/strong>amb un grossor de menys de dos cent\u00edmetres que li donen la possibilitat de ser corbats creant incre\u00efbles efectes de visionat.<\/p>\n<h2><span style=\"color: #ff0000;\">Centres de convencions i fires<\/span><\/h2>\n<p>Seguint la l\u00ednia del marketing i la publicitat, a ning\u00fa se li escapa la import\u00e0ncia que tenen les fires de negocis i convencions. Barcelona i Madrid s\u00f3n exemples de ciutats que alberguen un gran n\u00famero d\u2019esdeveniments d\u2019aquest tipus a Fira de Barcelona i a IFEMA, i suposen un bon impuls per a les ciutats.<\/p>\n<p>En aquestes fires i congressos, el videowall resulta altament efectiu tamb\u00e9 com a <strong>suport publicitari i tamb\u00e9 informatiu. <\/strong>Veureu un impressionant videowall localitzat en el Centre Suntec de Singapur, un paper perfecte per a que els expositors s\u2019anunci\u00efn, per mostrar els promotors i patrocinadors de l\u2019esdeveniment en q\u00fcesti\u00f3 o per donar informaci\u00f3 important pels assistents.<\/p>\n<p>A m\u00e9s, tamb\u00e9 s\u2019utilitzen monitors panor\u00e0mics que superen la relaci\u00f3 d\u2019aspecte 16:9 i arriben a fer m\u00e9s de 2 metres. Donant com a resultats videowalls de dimensions impressionants.<\/p>\n<h2><span style=\"color: #ff0000;\">La universitat del s.XXI<\/span><\/h2>\n<p>En la Universitat d\u2019Esc\u00f2cia, a prop de Glasgow trobem un videowall bastant original. Col\u00b7locat sobre un gran suport, el videowall levita en el hall de la universitat oferint <strong>informaci\u00f3 \u00fatil i variada a estudiants <\/strong>sobre esdeveniments, cursos, etc. A m\u00e9s, en la part posterior del videowall compta amb panels interactius amb els que els estudiants poden seleccionar la informaci\u00f3 que vulguin consultar en cada moment.<\/p>\n<p>&nbsp;<\/p>\n<p>Aquests s\u00f3n nom\u00e9s 3 exemples, per\u00f2 un videowall es pot utilitzar en qualsevol lloc i amb diversos objectius: com a panels informatius i publicitaris en estacions de tren i aeroports, en cinemes mostrant la cartellera i els tr\u00e0ilers de les pr\u00f2ximes estrenes&#8230;<\/p>\n<p>Les opcions s\u00f3n quasi infinites. Si est\u00e0s organitzant un esdeveniment o preparant un projecte d\u2019envergadura i creus que el videowall pot formar part d\u2019aquest, <strong>consulta\u2019ns i estarem encantats de poder-te assessorar.\u00a0<\/strong><\/p>\n<p><a href=\"https:\/\/eikonos.com\/ca\/serveis\/lloguer-equips\/\"><img loading=\"lazy\" decoding=\"async\" class=\"aligncenter wp-image-3756 size-full\" src=\"https:\/\/eikonos.com\/wp-content\/uploads\/2017\/03\/eikonos-cta-equips-audiovisuals-de-lloguer.png\" alt=\"EIKONOS equips de lloguer per a esdeveniments audiovisuals\" width=\"741\" height=\"250\" srcset=\"https:\/\/eikonos.com\/wp-content\/uploads\/2017\/03\/eikonos-cta-equips-audiovisuals-de-lloguer.png 741w, https:\/\/eikonos.com\/wp-content\/uploads\/2017\/03\/eikonos-cta-equips-audiovisuals-de-lloguer-300x101.png 300w\" sizes=\"auto, (max-width: 741px) 100vw, 741px\" \/><\/a><\/p>\n<p>&nbsp;<\/p>\n","protected":false},"excerpt":{"rendered":"<p>El lloguer de videowall \u00e9s la soluci\u00f3 perfecte per aconseguir un muntatge audiovisual singular, original&#8230;<\/p>\n","protected":false},"author":6,"featured_media":4352,"comment_status":"open","ping_status":"open","sticky":false,"template":"","format":"standard","meta":{"_acf_changed":false,"footnotes":""},"categories":[262],"tags":[264],"class_list":["post-3943","post","type-post","status-publish","format-standard","has-post-thumbnail","hentry","category-lloguer-dequips","tag-videowall-ca"],"acf":[],"yoast_head":"<!-- This site is optimized with the Yoast SEO plugin v26.3 - https:\/\/yoast.com\/wordpress\/plugins\/seo\/ -->\n<title>Aprofita el lloguer de videowall en muntatges singulars audiovisuals<\/title>\n<meta name=\"description\" content=\"Lloguer de videowall per muntatges audiovisuals en tendes, centres comercials, universitats, fires, convencions... Formats espectaculars de v\u00eddeo.\" \/>\n<meta name=\"robots\" content=\"index, follow, max-snippet:-1, max-image-preview:large, max-video-preview:-1\" \/>\n<link rel=\"canonical\" href=\"https:\/\/eikonos.com\/ca\/blog\/aprofita-el-lloguer-de-videowall-en-muntatges-singulars-audiovisuals\/\" \/>\n<meta property=\"og:locale\" content=\"ca_ES\" \/>\n<meta property=\"og:type\" content=\"article\" \/>\n<meta property=\"og:title\" content=\"Aprofita el lloguer de videowall en muntatges singulars audiovisuals\" \/>\n<meta property=\"og:description\" content=\"Lloguer de videowall per muntatges audiovisuals en tendes, centres comercials, universitats, fires, convencions... Formats espectaculars de v\u00eddeo.\" \/>\n<meta property=\"og:url\" content=\"https:\/\/eikonos.com\/ca\/blog\/aprofita-el-lloguer-de-videowall-en-muntatges-singulars-audiovisuals\/\" \/>\n<meta property=\"og:site_name\" content=\"EIKONOS\" \/>\n<meta property=\"article:publisher\" content=\"http:\/\/www.facebook.com\/pages\/Eikonos\/176324785746790\" \/>\n<meta property=\"article:published_time\" content=\"2017-06-30T09:54:28+00:00\" \/>\n<meta property=\"og:image\" content=\"https:\/\/eikonos.com\/wp-content\/uploads\/2016\/09\/eikonos-alquiler-videowall.jpg\" \/>\n\t<meta property=\"og:image:width\" content=\"800\" \/>\n\t<meta property=\"og:image:height\" content=\"580\" \/>\n\t<meta property=\"og:image:type\" content=\"image\/jpeg\" \/>\n<meta name=\"author\" content=\"Xavi Eikonos\" \/>\n<meta name=\"twitter:card\" content=\"summary_large_image\" \/>\n<meta name=\"twitter:creator\" content=\"@eikonos_sa\" \/>\n<meta name=\"twitter:site\" content=\"@eikonos_sa\" \/>\n<meta name=\"twitter:label1\" content=\"Escrit per\" \/>\n\t<meta name=\"twitter:data1\" content=\"Xavi Eikonos\" \/>\n\t<meta name=\"twitter:label2\" content=\"Temps estimat de lectura\" \/>\n\t<meta name=\"twitter:data2\" content=\"3 minuts\" \/>\n<script type=\"application\/ld+json\" class=\"yoast-schema-graph\">{\"@context\":\"https:\/\/schema.org\",\"@graph\":[{\"@type\":\"Article\",\"@id\":\"https:\/\/eikonos.com\/ca\/blog\/aprofita-el-lloguer-de-videowall-en-muntatges-singulars-audiovisuals\/#article\",\"isPartOf\":{\"@id\":\"https:\/\/eikonos.com\/ca\/blog\/aprofita-el-lloguer-de-videowall-en-muntatges-singulars-audiovisuals\/\"},\"author\":{\"name\":\"Xavi Eikonos\",\"@id\":\"https:\/\/eikonos.com\/ca\/#\/schema\/person\/82032860cc314d826959b90595a5280a\"},\"headline\":\"Aprofita el lloguer de videowall en muntatges singulars audiovisuals\",\"datePublished\":\"2017-06-30T09:54:28+00:00\",\"mainEntityOfPage\":{\"@id\":\"https:\/\/eikonos.com\/ca\/blog\/aprofita-el-lloguer-de-videowall-en-muntatges-singulars-audiovisuals\/\"},\"wordCount\":664,\"commentCount\":0,\"publisher\":{\"@id\":\"https:\/\/eikonos.com\/ca\/#organization\"},\"image\":{\"@id\":\"https:\/\/eikonos.com\/ca\/blog\/aprofita-el-lloguer-de-videowall-en-muntatges-singulars-audiovisuals\/#primaryimage\"},\"thumbnailUrl\":\"https:\/\/eikonos.com\/wp-content\/uploads\/2016\/09\/eikonos-alquiler-videowall.jpg\",\"keywords\":[\"videowall\"],\"articleSection\":[\"Lloguer d'equips\"],\"inLanguage\":\"ca\",\"potentialAction\":[{\"@type\":\"CommentAction\",\"name\":\"Comment\",\"target\":[\"https:\/\/eikonos.com\/ca\/blog\/aprofita-el-lloguer-de-videowall-en-muntatges-singulars-audiovisuals\/#respond\"]}]},{\"@type\":\"WebPage\",\"@id\":\"https:\/\/eikonos.com\/ca\/blog\/aprofita-el-lloguer-de-videowall-en-muntatges-singulars-audiovisuals\/\",\"url\":\"https:\/\/eikonos.com\/ca\/blog\/aprofita-el-lloguer-de-videowall-en-muntatges-singulars-audiovisuals\/\",\"name\":\"Aprofita el lloguer de videowall en muntatges singulars audiovisuals\",\"isPartOf\":{\"@id\":\"https:\/\/eikonos.com\/ca\/#website\"},\"primaryImageOfPage\":{\"@id\":\"https:\/\/eikonos.com\/ca\/blog\/aprofita-el-lloguer-de-videowall-en-muntatges-singulars-audiovisuals\/#primaryimage\"},\"image\":{\"@id\":\"https:\/\/eikonos.com\/ca\/blog\/aprofita-el-lloguer-de-videowall-en-muntatges-singulars-audiovisuals\/#primaryimage\"},\"thumbnailUrl\":\"https:\/\/eikonos.com\/wp-content\/uploads\/2016\/09\/eikonos-alquiler-videowall.jpg\",\"datePublished\":\"2017-06-30T09:54:28+00:00\",\"description\":\"Lloguer de videowall per muntatges audiovisuals en tendes, centres comercials, universitats, fires, convencions... Formats espectaculars de v\u00eddeo.\",\"breadcrumb\":{\"@id\":\"https:\/\/eikonos.com\/ca\/blog\/aprofita-el-lloguer-de-videowall-en-muntatges-singulars-audiovisuals\/#breadcrumb\"},\"inLanguage\":\"ca\",\"potentialAction\":[{\"@type\":\"ReadAction\",\"target\":[\"https:\/\/eikonos.com\/ca\/blog\/aprofita-el-lloguer-de-videowall-en-muntatges-singulars-audiovisuals\/\"]}]},{\"@type\":\"ImageObject\",\"inLanguage\":\"ca\",\"@id\":\"https:\/\/eikonos.com\/ca\/blog\/aprofita-el-lloguer-de-videowall-en-muntatges-singulars-audiovisuals\/#primaryimage\",\"url\":\"https:\/\/eikonos.com\/wp-content\/uploads\/2016\/09\/eikonos-alquiler-videowall.jpg\",\"contentUrl\":\"https:\/\/eikonos.com\/wp-content\/uploads\/2016\/09\/eikonos-alquiler-videowall.jpg\",\"width\":800,\"height\":580,\"caption\":\"Eikonos alquiler videowall\"},{\"@type\":\"BreadcrumbList\",\"@id\":\"https:\/\/eikonos.com\/ca\/blog\/aprofita-el-lloguer-de-videowall-en-muntatges-singulars-audiovisuals\/#breadcrumb\",\"itemListElement\":[{\"@type\":\"ListItem\",\"position\":1,\"name\":\"EIKONOS\",\"item\":\"https:\/\/eikonos.com\/ca\/inici\/\"},{\"@type\":\"ListItem\",\"position\":2,\"name\":\"Aprofita el lloguer de videowall en muntatges singulars audiovisuals\"}]},{\"@type\":\"WebSite\",\"@id\":\"https:\/\/eikonos.com\/ca\/#website\",\"url\":\"https:\/\/eikonos.com\/ca\/\",\"name\":\"EIKONOS\",\"description\":\"EXPERIENCIA AUDIOVISUAL\",\"publisher\":{\"@id\":\"https:\/\/eikonos.com\/ca\/#organization\"},\"potentialAction\":[{\"@type\":\"SearchAction\",\"target\":{\"@type\":\"EntryPoint\",\"urlTemplate\":\"https:\/\/eikonos.com\/ca\/?s={search_term_string}\"},\"query-input\":{\"@type\":\"PropertyValueSpecification\",\"valueRequired\":true,\"valueName\":\"search_term_string\"}}],\"inLanguage\":\"ca\"},{\"@type\":\"Organization\",\"@id\":\"https:\/\/eikonos.com\/ca\/#organization\",\"name\":\"EIKONOS | Servicios Audiovisuales, eventos y alquiler de equipos\",\"url\":\"https:\/\/eikonos.com\/ca\/\",\"logo\":{\"@type\":\"ImageObject\",\"inLanguage\":\"ca\",\"@id\":\"https:\/\/eikonos.com\/ca\/#\/schema\/logo\/image\/\",\"url\":\"https:\/\/eikonos.com\/wp-content\/uploads\/2020\/08\/logo-color.png\",\"contentUrl\":\"https:\/\/eikonos.com\/wp-content\/uploads\/2020\/08\/logo-color.png\",\"width\":376,\"height\":122,\"caption\":\"EIKONOS | Servicios Audiovisuales, eventos y alquiler de equipos\"},\"image\":{\"@id\":\"https:\/\/eikonos.com\/ca\/#\/schema\/logo\/image\/\"},\"sameAs\":[\"http:\/\/www.facebook.com\/pages\/Eikonos\/176324785746790\",\"https:\/\/x.com\/eikonos_sa\",\"http:\/\/www.linkedin.com\/company\/eikonos\",\"http:\/\/www.youtube.com\/channel\/UC8wcizWaAYbfsuqVf9wIT6w\"]},{\"@type\":\"Person\",\"@id\":\"https:\/\/eikonos.com\/ca\/#\/schema\/person\/82032860cc314d826959b90595a5280a\",\"name\":\"Xavi Eikonos\",\"image\":{\"@type\":\"ImageObject\",\"inLanguage\":\"ca\",\"@id\":\"https:\/\/eikonos.com\/ca\/#\/schema\/person\/image\/\",\"url\":\"https:\/\/secure.gravatar.com\/avatar\/a6c6b51dd0ac6902701aab24a914f6febe1518f94a5ae06db08b3d6107248dfd?s=96&d=mm&r=g\",\"contentUrl\":\"https:\/\/secure.gravatar.com\/avatar\/a6c6b51dd0ac6902701aab24a914f6febe1518f94a5ae06db08b3d6107248dfd?s=96&d=mm&r=g\",\"caption\":\"Xavi Eikonos\"}}]}<\/script>\n<!-- \/ Yoast SEO plugin. -->","yoast_head_json":{"title":"Aprofita el lloguer de videowall en muntatges singulars audiovisuals","description":"Lloguer de videowall per muntatges audiovisuals en tendes, centres comercials, universitats, fires, convencions... Formats espectaculars de v\u00eddeo.","robots":{"index":"index","follow":"follow","max-snippet":"max-snippet:-1","max-image-preview":"max-image-preview:large","max-video-preview":"max-video-preview:-1"},"canonical":"https:\/\/eikonos.com\/ca\/blog\/aprofita-el-lloguer-de-videowall-en-muntatges-singulars-audiovisuals\/","og_locale":"ca_ES","og_type":"article","og_title":"Aprofita el lloguer de videowall en muntatges singulars audiovisuals","og_description":"Lloguer de videowall per muntatges audiovisuals en tendes, centres comercials, universitats, fires, convencions... Formats espectaculars de v\u00eddeo.","og_url":"https:\/\/eikonos.com\/ca\/blog\/aprofita-el-lloguer-de-videowall-en-muntatges-singulars-audiovisuals\/","og_site_name":"EIKONOS","article_publisher":"http:\/\/www.facebook.com\/pages\/Eikonos\/176324785746790","article_published_time":"2017-06-30T09:54:28+00:00","og_image":[{"width":800,"height":580,"url":"https:\/\/eikonos.com\/wp-content\/uploads\/2016\/09\/eikonos-alquiler-videowall.jpg","type":"image\/jpeg"}],"author":"Xavi Eikonos","twitter_card":"summary_large_image","twitter_creator":"@eikonos_sa","twitter_site":"@eikonos_sa","twitter_misc":{"Escrit per":"Xavi Eikonos","Temps estimat de lectura":"3 minuts"},"schema":{"@context":"https:\/\/schema.org","@graph":[{"@type":"Article","@id":"https:\/\/eikonos.com\/ca\/blog\/aprofita-el-lloguer-de-videowall-en-muntatges-singulars-audiovisuals\/#article","isPartOf":{"@id":"https:\/\/eikonos.com\/ca\/blog\/aprofita-el-lloguer-de-videowall-en-muntatges-singulars-audiovisuals\/"},"author":{"name":"Xavi Eikonos","@id":"https:\/\/eikonos.com\/ca\/#\/schema\/person\/82032860cc314d826959b90595a5280a"},"headline":"Aprofita el lloguer de videowall en muntatges singulars audiovisuals","datePublished":"2017-06-30T09:54:28+00:00","mainEntityOfPage":{"@id":"https:\/\/eikonos.com\/ca\/blog\/aprofita-el-lloguer-de-videowall-en-muntatges-singulars-audiovisuals\/"},"wordCount":664,"commentCount":0,"publisher":{"@id":"https:\/\/eikonos.com\/ca\/#organization"},"image":{"@id":"https:\/\/eikonos.com\/ca\/blog\/aprofita-el-lloguer-de-videowall-en-muntatges-singulars-audiovisuals\/#primaryimage"},"thumbnailUrl":"https:\/\/eikonos.com\/wp-content\/uploads\/2016\/09\/eikonos-alquiler-videowall.jpg","keywords":["videowall"],"articleSection":["Lloguer d'equips"],"inLanguage":"ca","potentialAction":[{"@type":"CommentAction","name":"Comment","target":["https:\/\/eikonos.com\/ca\/blog\/aprofita-el-lloguer-de-videowall-en-muntatges-singulars-audiovisuals\/#respond"]}]},{"@type":"WebPage","@id":"https:\/\/eikonos.com\/ca\/blog\/aprofita-el-lloguer-de-videowall-en-muntatges-singulars-audiovisuals\/","url":"https:\/\/eikonos.com\/ca\/blog\/aprofita-el-lloguer-de-videowall-en-muntatges-singulars-audiovisuals\/","name":"Aprofita el lloguer de videowall en muntatges singulars audiovisuals","isPartOf":{"@id":"https:\/\/eikonos.com\/ca\/#website"},"primaryImageOfPage":{"@id":"https:\/\/eikonos.com\/ca\/blog\/aprofita-el-lloguer-de-videowall-en-muntatges-singulars-audiovisuals\/#primaryimage"},"image":{"@id":"https:\/\/eikonos.com\/ca\/blog\/aprofita-el-lloguer-de-videowall-en-muntatges-singulars-audiovisuals\/#primaryimage"},"thumbnailUrl":"https:\/\/eikonos.com\/wp-content\/uploads\/2016\/09\/eikonos-alquiler-videowall.jpg","datePublished":"2017-06-30T09:54:28+00:00","description":"Lloguer de videowall per muntatges audiovisuals en tendes, centres comercials, universitats, fires, convencions... Formats espectaculars de v\u00eddeo.","breadcrumb":{"@id":"https:\/\/eikonos.com\/ca\/blog\/aprofita-el-lloguer-de-videowall-en-muntatges-singulars-audiovisuals\/#breadcrumb"},"inLanguage":"ca","potentialAction":[{"@type":"ReadAction","target":["https:\/\/eikonos.com\/ca\/blog\/aprofita-el-lloguer-de-videowall-en-muntatges-singulars-audiovisuals\/"]}]},{"@type":"ImageObject","inLanguage":"ca","@id":"https:\/\/eikonos.com\/ca\/blog\/aprofita-el-lloguer-de-videowall-en-muntatges-singulars-audiovisuals\/#primaryimage","url":"https:\/\/eikonos.com\/wp-content\/uploads\/2016\/09\/eikonos-alquiler-videowall.jpg","contentUrl":"https:\/\/eikonos.com\/wp-content\/uploads\/2016\/09\/eikonos-alquiler-videowall.jpg","width":800,"height":580,"caption":"Eikonos alquiler videowall"},{"@type":"BreadcrumbList","@id":"https:\/\/eikonos.com\/ca\/blog\/aprofita-el-lloguer-de-videowall-en-muntatges-singulars-audiovisuals\/#breadcrumb","itemListElement":[{"@type":"ListItem","position":1,"name":"EIKONOS","item":"https:\/\/eikonos.com\/ca\/inici\/"},{"@type":"ListItem","position":2,"name":"Aprofita el lloguer de videowall en muntatges singulars audiovisuals"}]},{"@type":"WebSite","@id":"https:\/\/eikonos.com\/ca\/#website","url":"https:\/\/eikonos.com\/ca\/","name":"EIKONOS","description":"EXPERIENCIA AUDIOVISUAL","publisher":{"@id":"https:\/\/eikonos.com\/ca\/#organization"},"potentialAction":[{"@type":"SearchAction","target":{"@type":"EntryPoint","urlTemplate":"https:\/\/eikonos.com\/ca\/?s={search_term_string}"},"query-input":{"@type":"PropertyValueSpecification","valueRequired":true,"valueName":"search_term_string"}}],"inLanguage":"ca"},{"@type":"Organization","@id":"https:\/\/eikonos.com\/ca\/#organization","name":"EIKONOS | Servicios Audiovisuales, eventos y alquiler de equipos","url":"https:\/\/eikonos.com\/ca\/","logo":{"@type":"ImageObject","inLanguage":"ca","@id":"https:\/\/eikonos.com\/ca\/#\/schema\/logo\/image\/","url":"https:\/\/eikonos.com\/wp-content\/uploads\/2020\/08\/logo-color.png","contentUrl":"https:\/\/eikonos.com\/wp-content\/uploads\/2020\/08\/logo-color.png","width":376,"height":122,"caption":"EIKONOS | Servicios Audiovisuales, eventos y alquiler de equipos"},"image":{"@id":"https:\/\/eikonos.com\/ca\/#\/schema\/logo\/image\/"},"sameAs":["http:\/\/www.facebook.com\/pages\/Eikonos\/176324785746790","https:\/\/x.com\/eikonos_sa","http:\/\/www.linkedin.com\/company\/eikonos","http:\/\/www.youtube.com\/channel\/UC8wcizWaAYbfsuqVf9wIT6w"]},{"@type":"Person","@id":"https:\/\/eikonos.com\/ca\/#\/schema\/person\/82032860cc314d826959b90595a5280a","name":"Xavi Eikonos","image":{"@type":"ImageObject","inLanguage":"ca","@id":"https:\/\/eikonos.com\/ca\/#\/schema\/person\/image\/","url":"https:\/\/secure.gravatar.com\/avatar\/a6c6b51dd0ac6902701aab24a914f6febe1518f94a5ae06db08b3d6107248dfd?s=96&d=mm&r=g","contentUrl":"https:\/\/secure.gravatar.com\/avatar\/a6c6b51dd0ac6902701aab24a914f6febe1518f94a5ae06db08b3d6107248dfd?s=96&d=mm&r=g","caption":"Xavi Eikonos"}}]}},"_links":{"self":[{"href":"https:\/\/eikonos.com\/ca\/wp-json\/wp\/v2\/posts\/3943","targetHints":{"allow":["GET"]}}],"collection":[{"href":"https:\/\/eikonos.com\/ca\/wp-json\/wp\/v2\/posts"}],"about":[{"href":"https:\/\/eikonos.com\/ca\/wp-json\/wp\/v2\/types\/post"}],"author":[{"embeddable":true,"href":"https:\/\/eikonos.com\/ca\/wp-json\/wp\/v2\/users\/6"}],"replies":[{"embeddable":true,"href":"https:\/\/eikonos.com\/ca\/wp-json\/wp\/v2\/comments?post=3943"}],"version-history":[{"count":0,"href":"https:\/\/eikonos.com\/ca\/wp-json\/wp\/v2\/posts\/3943\/revisions"}],"wp:featuredmedia":[{"embeddable":true,"href":"https:\/\/eikonos.com\/ca\/wp-json\/wp\/v2\/media\/4352"}],"wp:attachment":[{"href":"https:\/\/eikonos.com\/ca\/wp-json\/wp\/v2\/media?parent=3943"}],"wp:term":[{"taxonomy":"category","embeddable":true,"href":"https:\/\/eikonos.com\/ca\/wp-json\/wp\/v2\/categories?post=3943"},{"taxonomy":"post_tag","embeddable":true,"href":"https:\/\/eikonos.com\/ca\/wp-json\/wp\/v2\/tags?post=3943"}],"curies":[{"name":"wp","href":"https:\/\/api.w.org\/{rel}","templated":true}]}}