{"id":3824,"date":"2017-04-26T13:52:16","date_gmt":"2017-04-26T11:52:16","guid":{"rendered":"http:\/\/eikonos.com\/?p=3824"},"modified":"2017-04-26T13:52:16","modified_gmt":"2017-04-26T11:52:16","slug":"pantalles-led-en-esdeveniments-i-congressos-laliat-perfecte","status":"publish","type":"post","link":"https:\/\/eikonos.com\/ca\/blog\/pantalles-led-en-esdeveniments-i-congressos-laliat-perfecte\/","title":{"rendered":"Pantalles LED en esdeveniments i congressos, l\u2019aliat perfecte."},"content":{"rendered":"<p>Sense dubte, un factor clau en els grans esdeveniments i congressos que realitzem \u00e9s l\u2019<em>attrezzo <\/em>i la posada en escena. Volem impressionar als assistents, fer que es sentin c\u00f2modes i gaudeixin d\u2019una experi\u00e8ncia \u00fanica. En aquest sentit, l\u2019equip audiovisual tenen gran import\u00e0ncia i hem de seleccionar els components m\u00e9s adequats en funci\u00f3 de l\u2019acte que es dugui a terme. Les pantalles LED s\u00f3n una posada segura per aquest tipus d\u2019actes, per aix\u00f2 a EIKONOS volem mostrar-te totes les seves avantatges.<\/p>\n<h2><span style=\"color: #ff0000;\">Bona visibilitat a llargues dist\u00e0ncies i en entorns lum\u00ednics desfavorables<\/span><\/h2>\n<p>Com coment\u00e0vem anteriorment, un dels objectius principals \u00e9s que l\u2019experi\u00e8ncia de l\u2019usuari sigui magn\u00edfica. Els formats visuals han de fer la informaci\u00f3 m\u00e9s accessible, de la mateixa manera que tots els espectadors i participants mereixen veure els continguts audiovisual amb gran qualitat. Les pantalles LED presenten <strong>gran visibilitat a llargues dist\u00e0ncies i continu\u00eftat en la imatge, a m\u00e9s d\u2019aportar una capacitat llum\u00ednica elevada. <\/strong><\/p>\n<p>Pot ser que l\u2019esdeveniment es celebri en un lloc amb molta llum natural, en aquests casos l\u2019opci\u00f3 d\u2019utilitzar grans pantalles de projecci\u00f3 queda totalment descartada. Tot i aix\u00ed, la pot\u00e8ncia lum\u00ednica de les pantalles LED es presenta com una soluci\u00f3 perfecta. <a href=\"https:\/\/eikonos.com\/blog\/las-pantallas-de-led-una-solucion-para-interiores-y-exteriores\/\" target=\"_blank\" rel=\"noopener noreferrer\">Incl\u00fas quan ens plantegem un esdeveniment diurn a l&#8217;aire lliure<\/a>, les pantalles de LED de fins a 6.000 l\u00famens de brillantor s\u00f3n la soluci\u00f3.<\/p>\n<p>Gr\u00e0cies a aquestes pantalles de LED podem visualitzar tot tipus de formats multim\u00e8dia i transmetre el missatge desitjat als nostres espectadors de manera espectacular. A m\u00e9s a m\u00e9s, aquests panels modulars <strong>no tenen un delimitaci\u00f3 de mides, <\/strong>de manera que podem muntar pantalles gegants. Sense dubtes, el factor <em>wow! <\/em>est\u00e0 assegurat.<\/p>\n<h2><span style=\"color: #ff0000;\">Quina pantalla hem d&#8217;utilitzar en funci\u00f3 del tipus d&#8217;esdeveniment?<\/span><\/h2>\n<p>Tot i les grans avantatges que les pantalles LED ens ofereixen en esdeveniments, hem de tenir en compte la mida i la capacitat del nostre projecte per saber <strong>escollir la mida i resoluci\u00f3 de la pantalla <\/strong>que millor s\u2019ajusten a la nostra necessitat. Com escollir la pantalla LED m\u00e9s adequada en funci\u00f3 del nostre esdeveniment?<\/p>\n<p>Si el p\u00fablic es troba molt a prop no t\u00e9 sentit utilitzar una pantalla excessivament gran ja que la gent no podr\u00e0 veure la imatge en la seva totalitat. Per tant, en els casos en els que tenim al p\u00fablic molt a prop de la pantalla escollirem pantalles de dimensions redu\u00efdes per\u00f2 amb una resoluci\u00f3 major, ja que al estar m\u00e9s a prop necessitarem una major definici\u00f3. A EIKONOS comptem amb la pantalla Unilumin 2.6mm, ideal per aquest tipus de situacions en les que el p\u00fablic pot situar-se a tan sols 3 metres de dist\u00e0ncia.<\/p>\n<p>En situacions en les que el p\u00fablic es troba a una dist\u00e0ncia m\u00e9s normal (4, 6, 8 metres), tot i aix\u00ed, utilitzarem pantalles amb un P\u00edxel Pitch major, com 4 o 6 mm, pel que podrem configurar pantalles de mides espectaculars.<\/p>\n<p>En definitiva, les pantalles LED s\u00f3n una soluci\u00f3 efica\u00e7 i vers\u00e0til per qualsevol tipus d\u2019esdeveniment. No obstant \u00e9s important saber escollir la m\u00e9s adequada per treure-li el major part, per aix\u00f2 \u00e9s sempre bona idea comptar amb l\u2019assessoria d\u2019experts. A EIKONOS, disposem d\u2019un gran equip de professionals que t\u2019ajudaran a resoldre tots els teus dubtes. Tamb\u00e9 oferim un\u00a0<a href=\"https:\/\/eikonos.com\/portfolio_page\/pantallas-de-leds\/\"><strong>servei de lloguer de pantalles LED<\/strong><\/a>\u00a0<span lang=\"CA\">de gran qualitat i de diferents caracter\u00edstiques en funci\u00f3 de les teves necessitats, que <b>compta amb l\u2019equip, la instal\u00b7laci\u00f3 i una assessoria t\u00e8cnic. <\/b>Posa\u2019t en contacte amb nosaltres i aconseguirem que el teu esdeveniment sigui un \u00e8xit. <i>Parlem!<\/i><\/span><\/p>\n<p><a href=\"https:\/\/eikonos.com\/ca\/serveis\/lloguer-equips\/\"><img loading=\"lazy\" decoding=\"async\" class=\"aligncenter wp-image-3756 size-full\" src=\"https:\/\/eikonos.com\/wp-content\/uploads\/2017\/03\/eikonos-cta-equips-audiovisuals-de-lloguer.png\" alt=\"Eikonos lloguer d'equips audiovisuals per a esdeveniments\" width=\"741\" height=\"250\" srcset=\"https:\/\/eikonos.com\/wp-content\/uploads\/2017\/03\/eikonos-cta-equips-audiovisuals-de-lloguer.png 741w, https:\/\/eikonos.com\/wp-content\/uploads\/2017\/03\/eikonos-cta-equips-audiovisuals-de-lloguer-300x101.png 300w\" sizes=\"auto, (max-width: 741px) 100vw, 741px\" \/><\/a><\/p>\n","protected":false},"excerpt":{"rendered":"<p>Sense dubte, un factor clau en els grans esdeveniments i congressos que realitzem \u00e9s l\u2019attrezzo&#8230;<\/p>\n","protected":false},"author":6,"featured_media":3783,"comment_status":"open","ping_status":"open","sticky":false,"template":"","format":"standard","meta":{"_acf_changed":false,"footnotes":""},"categories":[260,262],"tags":[368],"class_list":["post-3824","post","type-post","status-publish","format-standard","has-post-thumbnail","hentry","category-esdeveniments-audiovisuals","category-lloguer-dequips","tag-pantalles-led"],"acf":[],"yoast_head":"<!-- This site is optimized with the Yoast SEO plugin v26.3 - https:\/\/yoast.com\/wordpress\/plugins\/seo\/ -->\n<title>Pantallas LED en eventos y congresos, el aliado perfecto<\/title>\n<meta name=\"description\" content=\"Ventajas de utilizar pantallas LED en eventos y congresos: Buena visibilidad a largas distancias y mucho m\u00e1s \u00bfQu\u00e9 tama\u00f1o y resoluci\u00f3n utilizar en cada caso?\" \/>\n<meta name=\"robots\" content=\"index, follow, max-snippet:-1, max-image-preview:large, max-video-preview:-1\" \/>\n<link rel=\"canonical\" href=\"https:\/\/eikonos.com\/ca\/blog\/pantalles-led-en-esdeveniments-i-congressos-laliat-perfecte\/\" \/>\n<meta property=\"og:locale\" content=\"ca_ES\" \/>\n<meta property=\"og:type\" content=\"article\" \/>\n<meta property=\"og:title\" content=\"Pantallas LED en eventos y congresos, el aliado perfecto\" \/>\n<meta property=\"og:description\" content=\"Ventajas de utilizar pantallas LED en eventos y congresos: Buena visibilidad a largas distancias y mucho m\u00e1s \u00bfQu\u00e9 tama\u00f1o y resoluci\u00f3n utilizar en cada caso?\" \/>\n<meta property=\"og:url\" content=\"https:\/\/eikonos.com\/ca\/blog\/pantalles-led-en-esdeveniments-i-congressos-laliat-perfecte\/\" \/>\n<meta property=\"og:site_name\" content=\"EIKONOS\" \/>\n<meta property=\"article:publisher\" content=\"http:\/\/www.facebook.com\/pages\/Eikonos\/176324785746790\" \/>\n<meta property=\"article:published_time\" content=\"2017-04-26T11:52:16+00:00\" \/>\n<meta property=\"og:image\" content=\"https:\/\/eikonos.com\/wp-content\/uploads\/2017\/03\/pantallas-led-eventos.jpg\" \/>\n\t<meta property=\"og:image:width\" content=\"1688\" \/>\n\t<meta property=\"og:image:height\" content=\"1125\" \/>\n\t<meta property=\"og:image:type\" content=\"image\/jpeg\" \/>\n<meta name=\"author\" content=\"Xavi Eikonos\" \/>\n<meta name=\"twitter:card\" content=\"summary_large_image\" \/>\n<meta name=\"twitter:creator\" content=\"@eikonos_sa\" \/>\n<meta name=\"twitter:site\" content=\"@eikonos_sa\" \/>\n<meta name=\"twitter:label1\" content=\"Escrit per\" \/>\n\t<meta name=\"twitter:data1\" content=\"Xavi Eikonos\" \/>\n\t<meta name=\"twitter:label2\" content=\"Temps estimat de lectura\" \/>\n\t<meta name=\"twitter:data2\" content=\"3 minuts\" \/>\n<script type=\"application\/ld+json\" class=\"yoast-schema-graph\">{\"@context\":\"https:\/\/schema.org\",\"@graph\":[{\"@type\":\"Article\",\"@id\":\"https:\/\/eikonos.com\/ca\/blog\/pantalles-led-en-esdeveniments-i-congressos-laliat-perfecte\/#article\",\"isPartOf\":{\"@id\":\"https:\/\/eikonos.com\/ca\/blog\/pantalles-led-en-esdeveniments-i-congressos-laliat-perfecte\/\"},\"author\":{\"name\":\"Xavi Eikonos\",\"@id\":\"https:\/\/eikonos.com\/ca\/#\/schema\/person\/82032860cc314d826959b90595a5280a\"},\"headline\":\"Pantalles LED en esdeveniments i congressos, l\u2019aliat perfecte.\",\"datePublished\":\"2017-04-26T11:52:16+00:00\",\"mainEntityOfPage\":{\"@id\":\"https:\/\/eikonos.com\/ca\/blog\/pantalles-led-en-esdeveniments-i-congressos-laliat-perfecte\/\"},\"wordCount\":636,\"commentCount\":0,\"publisher\":{\"@id\":\"https:\/\/eikonos.com\/ca\/#organization\"},\"image\":{\"@id\":\"https:\/\/eikonos.com\/ca\/blog\/pantalles-led-en-esdeveniments-i-congressos-laliat-perfecte\/#primaryimage\"},\"thumbnailUrl\":\"https:\/\/eikonos.com\/wp-content\/uploads\/2017\/03\/pantallas-led-eventos.jpg\",\"keywords\":[\"Pantalles LED\"],\"articleSection\":[\"Esdeveniments audiovisuals\",\"Lloguer d'equips\"],\"inLanguage\":\"ca\",\"potentialAction\":[{\"@type\":\"CommentAction\",\"name\":\"Comment\",\"target\":[\"https:\/\/eikonos.com\/ca\/blog\/pantalles-led-en-esdeveniments-i-congressos-laliat-perfecte\/#respond\"]}]},{\"@type\":\"WebPage\",\"@id\":\"https:\/\/eikonos.com\/ca\/blog\/pantalles-led-en-esdeveniments-i-congressos-laliat-perfecte\/\",\"url\":\"https:\/\/eikonos.com\/ca\/blog\/pantalles-led-en-esdeveniments-i-congressos-laliat-perfecte\/\",\"name\":\"Pantallas LED en eventos y congresos, el aliado perfecto\",\"isPartOf\":{\"@id\":\"https:\/\/eikonos.com\/ca\/#website\"},\"primaryImageOfPage\":{\"@id\":\"https:\/\/eikonos.com\/ca\/blog\/pantalles-led-en-esdeveniments-i-congressos-laliat-perfecte\/#primaryimage\"},\"image\":{\"@id\":\"https:\/\/eikonos.com\/ca\/blog\/pantalles-led-en-esdeveniments-i-congressos-laliat-perfecte\/#primaryimage\"},\"thumbnailUrl\":\"https:\/\/eikonos.com\/wp-content\/uploads\/2017\/03\/pantallas-led-eventos.jpg\",\"datePublished\":\"2017-04-26T11:52:16+00:00\",\"description\":\"Ventajas de utilizar pantallas LED en eventos y congresos: Buena visibilidad a largas distancias y mucho m\u00e1s \u00bfQu\u00e9 tama\u00f1o y resoluci\u00f3n utilizar en cada caso?\",\"breadcrumb\":{\"@id\":\"https:\/\/eikonos.com\/ca\/blog\/pantalles-led-en-esdeveniments-i-congressos-laliat-perfecte\/#breadcrumb\"},\"inLanguage\":\"ca\",\"potentialAction\":[{\"@type\":\"ReadAction\",\"target\":[\"https:\/\/eikonos.com\/ca\/blog\/pantalles-led-en-esdeveniments-i-congressos-laliat-perfecte\/\"]}]},{\"@type\":\"ImageObject\",\"inLanguage\":\"ca\",\"@id\":\"https:\/\/eikonos.com\/ca\/blog\/pantalles-led-en-esdeveniments-i-congressos-laliat-perfecte\/#primaryimage\",\"url\":\"https:\/\/eikonos.com\/wp-content\/uploads\/2017\/03\/pantallas-led-eventos.jpg\",\"contentUrl\":\"https:\/\/eikonos.com\/wp-content\/uploads\/2017\/03\/pantallas-led-eventos.jpg\",\"width\":1688,\"height\":1125},{\"@type\":\"BreadcrumbList\",\"@id\":\"https:\/\/eikonos.com\/ca\/blog\/pantalles-led-en-esdeveniments-i-congressos-laliat-perfecte\/#breadcrumb\",\"itemListElement\":[{\"@type\":\"ListItem\",\"position\":1,\"name\":\"EIKONOS\",\"item\":\"https:\/\/eikonos.com\/ca\/inici\/\"},{\"@type\":\"ListItem\",\"position\":2,\"name\":\"Pantalles LED en esdeveniments i congressos, l\u2019aliat perfecte.\"}]},{\"@type\":\"WebSite\",\"@id\":\"https:\/\/eikonos.com\/ca\/#website\",\"url\":\"https:\/\/eikonos.com\/ca\/\",\"name\":\"EIKONOS\",\"description\":\"EXPERIENCIA AUDIOVISUAL\",\"publisher\":{\"@id\":\"https:\/\/eikonos.com\/ca\/#organization\"},\"potentialAction\":[{\"@type\":\"SearchAction\",\"target\":{\"@type\":\"EntryPoint\",\"urlTemplate\":\"https:\/\/eikonos.com\/ca\/?s={search_term_string}\"},\"query-input\":{\"@type\":\"PropertyValueSpecification\",\"valueRequired\":true,\"valueName\":\"search_term_string\"}}],\"inLanguage\":\"ca\"},{\"@type\":\"Organization\",\"@id\":\"https:\/\/eikonos.com\/ca\/#organization\",\"name\":\"EIKONOS | Servicios Audiovisuales, eventos y alquiler de equipos\",\"url\":\"https:\/\/eikonos.com\/ca\/\",\"logo\":{\"@type\":\"ImageObject\",\"inLanguage\":\"ca\",\"@id\":\"https:\/\/eikonos.com\/ca\/#\/schema\/logo\/image\/\",\"url\":\"https:\/\/eikonos.com\/wp-content\/uploads\/2020\/08\/logo-color.png\",\"contentUrl\":\"https:\/\/eikonos.com\/wp-content\/uploads\/2020\/08\/logo-color.png\",\"width\":376,\"height\":122,\"caption\":\"EIKONOS | Servicios Audiovisuales, eventos y alquiler de equipos\"},\"image\":{\"@id\":\"https:\/\/eikonos.com\/ca\/#\/schema\/logo\/image\/\"},\"sameAs\":[\"http:\/\/www.facebook.com\/pages\/Eikonos\/176324785746790\",\"https:\/\/x.com\/eikonos_sa\",\"http:\/\/www.linkedin.com\/company\/eikonos\",\"http:\/\/www.youtube.com\/channel\/UC8wcizWaAYbfsuqVf9wIT6w\"]},{\"@type\":\"Person\",\"@id\":\"https:\/\/eikonos.com\/ca\/#\/schema\/person\/82032860cc314d826959b90595a5280a\",\"name\":\"Xavi Eikonos\",\"image\":{\"@type\":\"ImageObject\",\"inLanguage\":\"ca\",\"@id\":\"https:\/\/eikonos.com\/ca\/#\/schema\/person\/image\/\",\"url\":\"https:\/\/secure.gravatar.com\/avatar\/a6c6b51dd0ac6902701aab24a914f6febe1518f94a5ae06db08b3d6107248dfd?s=96&d=mm&r=g\",\"contentUrl\":\"https:\/\/secure.gravatar.com\/avatar\/a6c6b51dd0ac6902701aab24a914f6febe1518f94a5ae06db08b3d6107248dfd?s=96&d=mm&r=g\",\"caption\":\"Xavi Eikonos\"}}]}<\/script>\n<!-- \/ Yoast SEO plugin. -->","yoast_head_json":{"title":"Pantallas LED en eventos y congresos, el aliado perfecto","description":"Ventajas de utilizar pantallas LED en eventos y congresos: Buena visibilidad a largas distancias y mucho m\u00e1s \u00bfQu\u00e9 tama\u00f1o y resoluci\u00f3n utilizar en cada caso?","robots":{"index":"index","follow":"follow","max-snippet":"max-snippet:-1","max-image-preview":"max-image-preview:large","max-video-preview":"max-video-preview:-1"},"canonical":"https:\/\/eikonos.com\/ca\/blog\/pantalles-led-en-esdeveniments-i-congressos-laliat-perfecte\/","og_locale":"ca_ES","og_type":"article","og_title":"Pantallas LED en eventos y congresos, el aliado perfecto","og_description":"Ventajas de utilizar pantallas LED en eventos y congresos: Buena visibilidad a largas distancias y mucho m\u00e1s \u00bfQu\u00e9 tama\u00f1o y resoluci\u00f3n utilizar en cada caso?","og_url":"https:\/\/eikonos.com\/ca\/blog\/pantalles-led-en-esdeveniments-i-congressos-laliat-perfecte\/","og_site_name":"EIKONOS","article_publisher":"http:\/\/www.facebook.com\/pages\/Eikonos\/176324785746790","article_published_time":"2017-04-26T11:52:16+00:00","og_image":[{"width":1688,"height":1125,"url":"https:\/\/eikonos.com\/wp-content\/uploads\/2017\/03\/pantallas-led-eventos.jpg","type":"image\/jpeg"}],"author":"Xavi Eikonos","twitter_card":"summary_large_image","twitter_creator":"@eikonos_sa","twitter_site":"@eikonos_sa","twitter_misc":{"Escrit per":"Xavi Eikonos","Temps estimat de lectura":"3 minuts"},"schema":{"@context":"https:\/\/schema.org","@graph":[{"@type":"Article","@id":"https:\/\/eikonos.com\/ca\/blog\/pantalles-led-en-esdeveniments-i-congressos-laliat-perfecte\/#article","isPartOf":{"@id":"https:\/\/eikonos.com\/ca\/blog\/pantalles-led-en-esdeveniments-i-congressos-laliat-perfecte\/"},"author":{"name":"Xavi Eikonos","@id":"https:\/\/eikonos.com\/ca\/#\/schema\/person\/82032860cc314d826959b90595a5280a"},"headline":"Pantalles LED en esdeveniments i congressos, l\u2019aliat perfecte.","datePublished":"2017-04-26T11:52:16+00:00","mainEntityOfPage":{"@id":"https:\/\/eikonos.com\/ca\/blog\/pantalles-led-en-esdeveniments-i-congressos-laliat-perfecte\/"},"wordCount":636,"commentCount":0,"publisher":{"@id":"https:\/\/eikonos.com\/ca\/#organization"},"image":{"@id":"https:\/\/eikonos.com\/ca\/blog\/pantalles-led-en-esdeveniments-i-congressos-laliat-perfecte\/#primaryimage"},"thumbnailUrl":"https:\/\/eikonos.com\/wp-content\/uploads\/2017\/03\/pantallas-led-eventos.jpg","keywords":["Pantalles LED"],"articleSection":["Esdeveniments audiovisuals","Lloguer d'equips"],"inLanguage":"ca","potentialAction":[{"@type":"CommentAction","name":"Comment","target":["https:\/\/eikonos.com\/ca\/blog\/pantalles-led-en-esdeveniments-i-congressos-laliat-perfecte\/#respond"]}]},{"@type":"WebPage","@id":"https:\/\/eikonos.com\/ca\/blog\/pantalles-led-en-esdeveniments-i-congressos-laliat-perfecte\/","url":"https:\/\/eikonos.com\/ca\/blog\/pantalles-led-en-esdeveniments-i-congressos-laliat-perfecte\/","name":"Pantallas LED en eventos y congresos, el aliado perfecto","isPartOf":{"@id":"https:\/\/eikonos.com\/ca\/#website"},"primaryImageOfPage":{"@id":"https:\/\/eikonos.com\/ca\/blog\/pantalles-led-en-esdeveniments-i-congressos-laliat-perfecte\/#primaryimage"},"image":{"@id":"https:\/\/eikonos.com\/ca\/blog\/pantalles-led-en-esdeveniments-i-congressos-laliat-perfecte\/#primaryimage"},"thumbnailUrl":"https:\/\/eikonos.com\/wp-content\/uploads\/2017\/03\/pantallas-led-eventos.jpg","datePublished":"2017-04-26T11:52:16+00:00","description":"Ventajas de utilizar pantallas LED en eventos y congresos: Buena visibilidad a largas distancias y mucho m\u00e1s \u00bfQu\u00e9 tama\u00f1o y resoluci\u00f3n utilizar en cada caso?","breadcrumb":{"@id":"https:\/\/eikonos.com\/ca\/blog\/pantalles-led-en-esdeveniments-i-congressos-laliat-perfecte\/#breadcrumb"},"inLanguage":"ca","potentialAction":[{"@type":"ReadAction","target":["https:\/\/eikonos.com\/ca\/blog\/pantalles-led-en-esdeveniments-i-congressos-laliat-perfecte\/"]}]},{"@type":"ImageObject","inLanguage":"ca","@id":"https:\/\/eikonos.com\/ca\/blog\/pantalles-led-en-esdeveniments-i-congressos-laliat-perfecte\/#primaryimage","url":"https:\/\/eikonos.com\/wp-content\/uploads\/2017\/03\/pantallas-led-eventos.jpg","contentUrl":"https:\/\/eikonos.com\/wp-content\/uploads\/2017\/03\/pantallas-led-eventos.jpg","width":1688,"height":1125},{"@type":"BreadcrumbList","@id":"https:\/\/eikonos.com\/ca\/blog\/pantalles-led-en-esdeveniments-i-congressos-laliat-perfecte\/#breadcrumb","itemListElement":[{"@type":"ListItem","position":1,"name":"EIKONOS","item":"https:\/\/eikonos.com\/ca\/inici\/"},{"@type":"ListItem","position":2,"name":"Pantalles LED en esdeveniments i congressos, l\u2019aliat perfecte."}]},{"@type":"WebSite","@id":"https:\/\/eikonos.com\/ca\/#website","url":"https:\/\/eikonos.com\/ca\/","name":"EIKONOS","description":"EXPERIENCIA AUDIOVISUAL","publisher":{"@id":"https:\/\/eikonos.com\/ca\/#organization"},"potentialAction":[{"@type":"SearchAction","target":{"@type":"EntryPoint","urlTemplate":"https:\/\/eikonos.com\/ca\/?s={search_term_string}"},"query-input":{"@type":"PropertyValueSpecification","valueRequired":true,"valueName":"search_term_string"}}],"inLanguage":"ca"},{"@type":"Organization","@id":"https:\/\/eikonos.com\/ca\/#organization","name":"EIKONOS | Servicios Audiovisuales, eventos y alquiler de equipos","url":"https:\/\/eikonos.com\/ca\/","logo":{"@type":"ImageObject","inLanguage":"ca","@id":"https:\/\/eikonos.com\/ca\/#\/schema\/logo\/image\/","url":"https:\/\/eikonos.com\/wp-content\/uploads\/2020\/08\/logo-color.png","contentUrl":"https:\/\/eikonos.com\/wp-content\/uploads\/2020\/08\/logo-color.png","width":376,"height":122,"caption":"EIKONOS | Servicios Audiovisuales, eventos y alquiler de equipos"},"image":{"@id":"https:\/\/eikonos.com\/ca\/#\/schema\/logo\/image\/"},"sameAs":["http:\/\/www.facebook.com\/pages\/Eikonos\/176324785746790","https:\/\/x.com\/eikonos_sa","http:\/\/www.linkedin.com\/company\/eikonos","http:\/\/www.youtube.com\/channel\/UC8wcizWaAYbfsuqVf9wIT6w"]},{"@type":"Person","@id":"https:\/\/eikonos.com\/ca\/#\/schema\/person\/82032860cc314d826959b90595a5280a","name":"Xavi Eikonos","image":{"@type":"ImageObject","inLanguage":"ca","@id":"https:\/\/eikonos.com\/ca\/#\/schema\/person\/image\/","url":"https:\/\/secure.gravatar.com\/avatar\/a6c6b51dd0ac6902701aab24a914f6febe1518f94a5ae06db08b3d6107248dfd?s=96&d=mm&r=g","contentUrl":"https:\/\/secure.gravatar.com\/avatar\/a6c6b51dd0ac6902701aab24a914f6febe1518f94a5ae06db08b3d6107248dfd?s=96&d=mm&r=g","caption":"Xavi Eikonos"}}]}},"_links":{"self":[{"href":"https:\/\/eikonos.com\/ca\/wp-json\/wp\/v2\/posts\/3824","targetHints":{"allow":["GET"]}}],"collection":[{"href":"https:\/\/eikonos.com\/ca\/wp-json\/wp\/v2\/posts"}],"about":[{"href":"https:\/\/eikonos.com\/ca\/wp-json\/wp\/v2\/types\/post"}],"author":[{"embeddable":true,"href":"https:\/\/eikonos.com\/ca\/wp-json\/wp\/v2\/users\/6"}],"replies":[{"embeddable":true,"href":"https:\/\/eikonos.com\/ca\/wp-json\/wp\/v2\/comments?post=3824"}],"version-history":[{"count":0,"href":"https:\/\/eikonos.com\/ca\/wp-json\/wp\/v2\/posts\/3824\/revisions"}],"wp:featuredmedia":[{"embeddable":true,"href":"https:\/\/eikonos.com\/ca\/wp-json\/wp\/v2\/media\/3783"}],"wp:attachment":[{"href":"https:\/\/eikonos.com\/ca\/wp-json\/wp\/v2\/media?parent=3824"}],"wp:term":[{"taxonomy":"category","embeddable":true,"href":"https:\/\/eikonos.com\/ca\/wp-json\/wp\/v2\/categories?post=3824"},{"taxonomy":"post_tag","embeddable":true,"href":"https:\/\/eikonos.com\/ca\/wp-json\/wp\/v2\/tags?post=3824"}],"curies":[{"name":"wp","href":"https:\/\/api.w.org\/{rel}","templated":true}]}}