{"id":3775,"date":"2017-01-24T17:25:56","date_gmt":"2017-01-24T16:25:56","guid":{"rendered":"http:\/\/eikonos.com\/?p=3775"},"modified":"2017-01-24T17:25:56","modified_gmt":"2017-01-24T16:25:56","slug":"participar-en-convencions-audiovisuals-exhibicio-del-poder-de-marca","status":"publish","type":"post","link":"https:\/\/eikonos.com\/ca\/blog\/participar-en-convencions-audiovisuals-exhibicio-del-poder-de-marca\/","title":{"rendered":"Participar en convencions audiovisuals: l\u2019exhibici\u00f3 del poder de marca"},"content":{"rendered":"<p>Participar en un convenci\u00f3 audiovisual \u00e9s una perfecta ocasi\u00f3 per no nom\u00e9s atreure clients, si no per <strong>treure m\u00fascul davant la compet\u00e8ncia <\/strong>i aconseguir altres resultats igual de beneficiosos com la possibilitat de seduir a inversors, establir socis o simplement sumar contactes a la nostra agenda empresarial.<\/p>\n<p>Per aix\u00f2, la m\u00e0xima \u00e9s que siguem capa\u00e7os d\u2019estar a l\u2019altura, resultant atractius davant d\u2019un p\u00fablic que es trobi davant de nombrosos stands. Com ho aconseguim? Mitjan\u00e7ant una <strong>estrat\u00e8gia que combini la visibilitat, capacitat d\u2019atracci\u00f3 i els elements audiovisuals m\u00e9s sorprenents.\u00a0<\/strong><\/p>\n<p><!--more--><\/p>\n<h2><span style=\"color: #ff0000;\">Coses a tenir en compte per captar l&#8217;atenci\u00f3 en una convenci\u00f3<\/span><\/h2>\n<p>A l\u2019hora d\u2019establir l\u2019estrat\u00e8gia de marketing ferial adequada per atraure clients, inversors, etc., en una convenci\u00f3 hem de basar-nos en dos pilar fonamentals:<\/p>\n<ul>\n<li><strong>Comptar amb l\u2019ajuda professional: <\/strong>per nosaltres mateixos podem tenir grans idees que dur a terme per cridar l\u2019atenci\u00f3 a un convenci\u00f3, per\u00f2 existeixen altres factors que nom\u00e9s l\u2019experi\u00e8ncia de qui coneixen a la perfecci\u00f3 el sector, poden aplicar per resultar una estrat\u00e8gia guanyadora: des de quines s\u00f3n els millors elements per cridar l\u2019atenci\u00f3 des de la posici\u00f3 adequada dins del recinte a com muntar el stand perfecte per cada fira en concret.<\/li>\n<li><strong>Acudir a la innovaci\u00f3 i noves tecnologies com a reclam:<\/strong> el poder de marca es construeix a base de la diferenciaci\u00f3, de saber potencia all\u00f2 que ens fa una opci\u00f3 guanyadora davant d\u2019altres. Per aix\u00f2, en una convecci\u00f3 mai destacarem si ofereix el mateix que la resta de participants. Tampoc podem caure en la competici\u00f3 de simplement intentar ser el stand que tingui el llumin\u00f3s m\u00e9s gran i potent, si no aquell oferta y atractiu major que uns brillants neons.<\/li>\n<\/ul>\n<h2><span style=\"color: #ff0000;\">Eines que ens ajuden a captar l&#8217;atenci\u00f3 en una convenci\u00f3 audiovisual<\/span><\/h2>\n<p><span lang=\"CA\">No es tracta d\u2019utilitzar nom\u00e9s el m\u00e9s nou y atraient del mercat, si no saber combinar-ho i ser capa\u00e7os de q\u00fcestionar-nos quins elements funcionen millor per a cada ocasi\u00f3, d\u2019aqu\u00ed a que el primer pilar de l\u2019estrat\u00e8gia que ens ajudi a exhibir poderosament la nostra marca en una convenci\u00f3 resideixi en l&#8217;<\/span><a href=\"https:\/\/eikonos.com\/nosotros\/\">assessoria i contacte d&#8217;una empresa professional del sector audiovisual<\/a>.<\/p>\n<p><span lang=\"CA\">D\u2019aquesta manera, podem tenir en consideraci\u00f3 les \u00faltimes novetats del mercat audiovisual per a que la nostra pres\u00e8ncia no nom\u00e9s atregui clients, si no que una vegada passada la convenci\u00f3, se\u2019ns recordi.\u00a0<\/span><a href=\"https:\/\/eikonos.com\/ca\/blog\/quieres-marcar-la-diferencia-en-tus-presentaciones-interactividad-y-realidad-aumentada\/\">Innovacions en el m\u00f3n audiovisual com la realidad augmentada<\/a>, elements interactius, projeccions 3D&#8230;. No quedar-nos en la superf\u00edcie\u00a0 i simplement dissenyar un stand atractiu: <strong>dotar-ho de contingut memorable.<\/strong><\/p>\n<p>Per altra banda, respecta a la resta d\u2019elements audiovisuals, simplement hem de tenir en compte v\u00e0ries possibilitats de quins\u00a0<a href=\"https:\/\/eikonos.com\/servicios\/alquiler-de-equipos\/\">equips de lloguer de primera categoria<\/a>\u00a0ens podrien servir per no perdre cap detalla de car\u00e0cter audiovisual e l\u2019entorn de la convenci\u00f3 i, entre ells, <strong>donar amb la combinaci\u00f3 guanyadora.<\/strong><\/p>\n<p>Quines mides i tipus de pantalles serviran per submergir al visitant millor en la nostra experi\u00e8ncia audiovisual?, millor un imponent videowall o v\u00e0ries pantalles de gran mides disperses?, com disposar dels equips d\u2019il\u00b7luminaci\u00f3 per a que destaquen per a que ajudin a mostrar el nostre producte al visitant? A EIKONOS et podem ajudar amb aquesta i altres q\u00fcestions per a que els assistents ala convencions et recordin. <strong>Parlem!<\/strong><\/p>\n<p><img loading=\"lazy\" decoding=\"async\" class=\"aligncenter wp-image-3762 size-full\" title=\"Ver m\u00e1s sobre organizaci\u00f3n de eventos: descubre con Eikonos como participar en convenciones audiovisuales\" src=\"https:\/\/eikonos.com\/wp-content\/uploads\/2017\/03\/eikonos-cta-organitzacio-esdeveniments-audiovisuals.png\" alt=\"\" width=\"741\" height=\"250\" srcset=\"https:\/\/eikonos.com\/wp-content\/uploads\/2017\/03\/eikonos-cta-organitzacio-esdeveniments-audiovisuals.png 741w, https:\/\/eikonos.com\/wp-content\/uploads\/2017\/03\/eikonos-cta-organitzacio-esdeveniments-audiovisuals-300x101.png 300w\" sizes=\"auto, (max-width: 741px) 100vw, 741px\" \/><\/p>\n","protected":false},"excerpt":{"rendered":"<p>Participar en un convenci\u00f3 audiovisual \u00e9s una perfecta ocasi\u00f3 per no nom\u00e9s atreure clients, si&#8230;<\/p>\n","protected":false},"author":6,"featured_media":3681,"comment_status":"open","ping_status":"open","sticky":false,"template":"","format":"standard","meta":{"_acf_changed":false,"footnotes":""},"categories":[260],"tags":[],"class_list":["post-3775","post","type-post","status-publish","format-standard","has-post-thumbnail","hentry","category-esdeveniments-audiovisuals"],"acf":[],"yoast_head":"<!-- This site is optimized with the Yoast SEO plugin v26.3 - https:\/\/yoast.com\/wordpress\/plugins\/seo\/ -->\n<title>Participar en convenciones audiovisuales: la exhibici\u00f3n del poder de marca<\/title>\n<meta name=\"description\" content=\"\u00bfC\u00f3mo captar la atenci\u00f3n en una convenci\u00f3n o exhibici\u00f3n empresarial?Mediante tecnolog\u00eda audiovisual.\" \/>\n<meta name=\"robots\" content=\"index, follow, max-snippet:-1, max-image-preview:large, max-video-preview:-1\" \/>\n<link rel=\"canonical\" href=\"https:\/\/eikonos.com\/ca\/blog\/participar-en-convencions-audiovisuals-exhibicio-del-poder-de-marca\/\" \/>\n<meta property=\"og:locale\" content=\"ca_ES\" \/>\n<meta property=\"og:type\" content=\"article\" \/>\n<meta property=\"og:title\" content=\"Participar en convenciones audiovisuales: la exhibici\u00f3n del poder de marca\" \/>\n<meta property=\"og:description\" content=\"\u00bfC\u00f3mo captar la atenci\u00f3n en una convenci\u00f3n o exhibici\u00f3n empresarial?Mediante tecnolog\u00eda audiovisual.\" \/>\n<meta property=\"og:url\" content=\"https:\/\/eikonos.com\/ca\/blog\/participar-en-convencions-audiovisuals-exhibicio-del-poder-de-marca\/\" \/>\n<meta property=\"og:site_name\" content=\"EIKONOS\" \/>\n<meta property=\"article:publisher\" content=\"http:\/\/www.facebook.com\/pages\/Eikonos\/176324785746790\" \/>\n<meta property=\"article:published_time\" content=\"2017-01-24T16:25:56+00:00\" \/>\n<meta property=\"og:image\" content=\"https:\/\/eikonos.com\/wp-content\/uploads\/2017\/03\/convencion-audiovisual.jpg\" \/>\n\t<meta property=\"og:image:width\" content=\"2009\" \/>\n\t<meta property=\"og:image:height\" content=\"946\" \/>\n\t<meta property=\"og:image:type\" content=\"image\/jpeg\" \/>\n<meta name=\"author\" content=\"Xavi Eikonos\" \/>\n<meta name=\"twitter:card\" content=\"summary_large_image\" \/>\n<meta name=\"twitter:creator\" content=\"@eikonos_sa\" \/>\n<meta name=\"twitter:site\" content=\"@eikonos_sa\" \/>\n<meta name=\"twitter:label1\" content=\"Escrit per\" \/>\n\t<meta name=\"twitter:data1\" content=\"Xavi Eikonos\" \/>\n\t<meta name=\"twitter:label2\" content=\"Temps estimat de lectura\" \/>\n\t<meta name=\"twitter:data2\" content=\"3 minuts\" \/>\n<script type=\"application\/ld+json\" class=\"yoast-schema-graph\">{\"@context\":\"https:\/\/schema.org\",\"@graph\":[{\"@type\":\"Article\",\"@id\":\"https:\/\/eikonos.com\/ca\/blog\/participar-en-convencions-audiovisuals-exhibicio-del-poder-de-marca\/#article\",\"isPartOf\":{\"@id\":\"https:\/\/eikonos.com\/ca\/blog\/participar-en-convencions-audiovisuals-exhibicio-del-poder-de-marca\/\"},\"author\":{\"name\":\"Xavi Eikonos\",\"@id\":\"https:\/\/eikonos.com\/ca\/#\/schema\/person\/82032860cc314d826959b90595a5280a\"},\"headline\":\"Participar en convencions audiovisuals: l\u2019exhibici\u00f3 del poder de marca\",\"datePublished\":\"2017-01-24T16:25:56+00:00\",\"mainEntityOfPage\":{\"@id\":\"https:\/\/eikonos.com\/ca\/blog\/participar-en-convencions-audiovisuals-exhibicio-del-poder-de-marca\/\"},\"wordCount\":587,\"commentCount\":0,\"publisher\":{\"@id\":\"https:\/\/eikonos.com\/ca\/#organization\"},\"image\":{\"@id\":\"https:\/\/eikonos.com\/ca\/blog\/participar-en-convencions-audiovisuals-exhibicio-del-poder-de-marca\/#primaryimage\"},\"thumbnailUrl\":\"https:\/\/eikonos.com\/wp-content\/uploads\/2017\/03\/convencion-audiovisual.jpg\",\"articleSection\":[\"Esdeveniments audiovisuals\"],\"inLanguage\":\"ca\",\"potentialAction\":[{\"@type\":\"CommentAction\",\"name\":\"Comment\",\"target\":[\"https:\/\/eikonos.com\/ca\/blog\/participar-en-convencions-audiovisuals-exhibicio-del-poder-de-marca\/#respond\"]}]},{\"@type\":\"WebPage\",\"@id\":\"https:\/\/eikonos.com\/ca\/blog\/participar-en-convencions-audiovisuals-exhibicio-del-poder-de-marca\/\",\"url\":\"https:\/\/eikonos.com\/ca\/blog\/participar-en-convencions-audiovisuals-exhibicio-del-poder-de-marca\/\",\"name\":\"Participar en convenciones audiovisuales: la exhibici\u00f3n del poder de marca\",\"isPartOf\":{\"@id\":\"https:\/\/eikonos.com\/ca\/#website\"},\"primaryImageOfPage\":{\"@id\":\"https:\/\/eikonos.com\/ca\/blog\/participar-en-convencions-audiovisuals-exhibicio-del-poder-de-marca\/#primaryimage\"},\"image\":{\"@id\":\"https:\/\/eikonos.com\/ca\/blog\/participar-en-convencions-audiovisuals-exhibicio-del-poder-de-marca\/#primaryimage\"},\"thumbnailUrl\":\"https:\/\/eikonos.com\/wp-content\/uploads\/2017\/03\/convencion-audiovisual.jpg\",\"datePublished\":\"2017-01-24T16:25:56+00:00\",\"description\":\"\u00bfC\u00f3mo captar la atenci\u00f3n en una convenci\u00f3n o exhibici\u00f3n empresarial?Mediante tecnolog\u00eda audiovisual.\",\"breadcrumb\":{\"@id\":\"https:\/\/eikonos.com\/ca\/blog\/participar-en-convencions-audiovisuals-exhibicio-del-poder-de-marca\/#breadcrumb\"},\"inLanguage\":\"ca\",\"potentialAction\":[{\"@type\":\"ReadAction\",\"target\":[\"https:\/\/eikonos.com\/ca\/blog\/participar-en-convencions-audiovisuals-exhibicio-del-poder-de-marca\/\"]}]},{\"@type\":\"ImageObject\",\"inLanguage\":\"ca\",\"@id\":\"https:\/\/eikonos.com\/ca\/blog\/participar-en-convencions-audiovisuals-exhibicio-del-poder-de-marca\/#primaryimage\",\"url\":\"https:\/\/eikonos.com\/wp-content\/uploads\/2017\/03\/convencion-audiovisual.jpg\",\"contentUrl\":\"https:\/\/eikonos.com\/wp-content\/uploads\/2017\/03\/convencion-audiovisual.jpg\",\"width\":2009,\"height\":946,\"caption\":\"participar en convenciones audiovisuales\"},{\"@type\":\"BreadcrumbList\",\"@id\":\"https:\/\/eikonos.com\/ca\/blog\/participar-en-convencions-audiovisuals-exhibicio-del-poder-de-marca\/#breadcrumb\",\"itemListElement\":[{\"@type\":\"ListItem\",\"position\":1,\"name\":\"EIKONOS\",\"item\":\"https:\/\/eikonos.com\/ca\/inici\/\"},{\"@type\":\"ListItem\",\"position\":2,\"name\":\"Participar en convencions audiovisuals: l\u2019exhibici\u00f3 del poder de marca\"}]},{\"@type\":\"WebSite\",\"@id\":\"https:\/\/eikonos.com\/ca\/#website\",\"url\":\"https:\/\/eikonos.com\/ca\/\",\"name\":\"EIKONOS\",\"description\":\"EXPERIENCIA AUDIOVISUAL\",\"publisher\":{\"@id\":\"https:\/\/eikonos.com\/ca\/#organization\"},\"potentialAction\":[{\"@type\":\"SearchAction\",\"target\":{\"@type\":\"EntryPoint\",\"urlTemplate\":\"https:\/\/eikonos.com\/ca\/?s={search_term_string}\"},\"query-input\":{\"@type\":\"PropertyValueSpecification\",\"valueRequired\":true,\"valueName\":\"search_term_string\"}}],\"inLanguage\":\"ca\"},{\"@type\":\"Organization\",\"@id\":\"https:\/\/eikonos.com\/ca\/#organization\",\"name\":\"EIKONOS | Servicios Audiovisuales, eventos y alquiler de equipos\",\"url\":\"https:\/\/eikonos.com\/ca\/\",\"logo\":{\"@type\":\"ImageObject\",\"inLanguage\":\"ca\",\"@id\":\"https:\/\/eikonos.com\/ca\/#\/schema\/logo\/image\/\",\"url\":\"https:\/\/eikonos.com\/wp-content\/uploads\/2020\/08\/logo-color.png\",\"contentUrl\":\"https:\/\/eikonos.com\/wp-content\/uploads\/2020\/08\/logo-color.png\",\"width\":376,\"height\":122,\"caption\":\"EIKONOS | Servicios Audiovisuales, eventos y alquiler de equipos\"},\"image\":{\"@id\":\"https:\/\/eikonos.com\/ca\/#\/schema\/logo\/image\/\"},\"sameAs\":[\"http:\/\/www.facebook.com\/pages\/Eikonos\/176324785746790\",\"https:\/\/x.com\/eikonos_sa\",\"http:\/\/www.linkedin.com\/company\/eikonos\",\"http:\/\/www.youtube.com\/channel\/UC8wcizWaAYbfsuqVf9wIT6w\"]},{\"@type\":\"Person\",\"@id\":\"https:\/\/eikonos.com\/ca\/#\/schema\/person\/82032860cc314d826959b90595a5280a\",\"name\":\"Xavi Eikonos\",\"image\":{\"@type\":\"ImageObject\",\"inLanguage\":\"ca\",\"@id\":\"https:\/\/eikonos.com\/ca\/#\/schema\/person\/image\/\",\"url\":\"https:\/\/secure.gravatar.com\/avatar\/a6c6b51dd0ac6902701aab24a914f6febe1518f94a5ae06db08b3d6107248dfd?s=96&d=mm&r=g\",\"contentUrl\":\"https:\/\/secure.gravatar.com\/avatar\/a6c6b51dd0ac6902701aab24a914f6febe1518f94a5ae06db08b3d6107248dfd?s=96&d=mm&r=g\",\"caption\":\"Xavi Eikonos\"}}]}<\/script>\n<!-- \/ Yoast SEO plugin. -->","yoast_head_json":{"title":"Participar en convenciones audiovisuales: la exhibici\u00f3n del poder de marca","description":"\u00bfC\u00f3mo captar la atenci\u00f3n en una convenci\u00f3n o exhibici\u00f3n empresarial?Mediante tecnolog\u00eda audiovisual.","robots":{"index":"index","follow":"follow","max-snippet":"max-snippet:-1","max-image-preview":"max-image-preview:large","max-video-preview":"max-video-preview:-1"},"canonical":"https:\/\/eikonos.com\/ca\/blog\/participar-en-convencions-audiovisuals-exhibicio-del-poder-de-marca\/","og_locale":"ca_ES","og_type":"article","og_title":"Participar en convenciones audiovisuales: la exhibici\u00f3n del poder de marca","og_description":"\u00bfC\u00f3mo captar la atenci\u00f3n en una convenci\u00f3n o exhibici\u00f3n empresarial?Mediante tecnolog\u00eda audiovisual.","og_url":"https:\/\/eikonos.com\/ca\/blog\/participar-en-convencions-audiovisuals-exhibicio-del-poder-de-marca\/","og_site_name":"EIKONOS","article_publisher":"http:\/\/www.facebook.com\/pages\/Eikonos\/176324785746790","article_published_time":"2017-01-24T16:25:56+00:00","og_image":[{"width":2009,"height":946,"url":"https:\/\/eikonos.com\/wp-content\/uploads\/2017\/03\/convencion-audiovisual.jpg","type":"image\/jpeg"}],"author":"Xavi Eikonos","twitter_card":"summary_large_image","twitter_creator":"@eikonos_sa","twitter_site":"@eikonos_sa","twitter_misc":{"Escrit per":"Xavi Eikonos","Temps estimat de lectura":"3 minuts"},"schema":{"@context":"https:\/\/schema.org","@graph":[{"@type":"Article","@id":"https:\/\/eikonos.com\/ca\/blog\/participar-en-convencions-audiovisuals-exhibicio-del-poder-de-marca\/#article","isPartOf":{"@id":"https:\/\/eikonos.com\/ca\/blog\/participar-en-convencions-audiovisuals-exhibicio-del-poder-de-marca\/"},"author":{"name":"Xavi Eikonos","@id":"https:\/\/eikonos.com\/ca\/#\/schema\/person\/82032860cc314d826959b90595a5280a"},"headline":"Participar en convencions audiovisuals: l\u2019exhibici\u00f3 del poder de marca","datePublished":"2017-01-24T16:25:56+00:00","mainEntityOfPage":{"@id":"https:\/\/eikonos.com\/ca\/blog\/participar-en-convencions-audiovisuals-exhibicio-del-poder-de-marca\/"},"wordCount":587,"commentCount":0,"publisher":{"@id":"https:\/\/eikonos.com\/ca\/#organization"},"image":{"@id":"https:\/\/eikonos.com\/ca\/blog\/participar-en-convencions-audiovisuals-exhibicio-del-poder-de-marca\/#primaryimage"},"thumbnailUrl":"https:\/\/eikonos.com\/wp-content\/uploads\/2017\/03\/convencion-audiovisual.jpg","articleSection":["Esdeveniments audiovisuals"],"inLanguage":"ca","potentialAction":[{"@type":"CommentAction","name":"Comment","target":["https:\/\/eikonos.com\/ca\/blog\/participar-en-convencions-audiovisuals-exhibicio-del-poder-de-marca\/#respond"]}]},{"@type":"WebPage","@id":"https:\/\/eikonos.com\/ca\/blog\/participar-en-convencions-audiovisuals-exhibicio-del-poder-de-marca\/","url":"https:\/\/eikonos.com\/ca\/blog\/participar-en-convencions-audiovisuals-exhibicio-del-poder-de-marca\/","name":"Participar en convenciones audiovisuales: la exhibici\u00f3n del poder de marca","isPartOf":{"@id":"https:\/\/eikonos.com\/ca\/#website"},"primaryImageOfPage":{"@id":"https:\/\/eikonos.com\/ca\/blog\/participar-en-convencions-audiovisuals-exhibicio-del-poder-de-marca\/#primaryimage"},"image":{"@id":"https:\/\/eikonos.com\/ca\/blog\/participar-en-convencions-audiovisuals-exhibicio-del-poder-de-marca\/#primaryimage"},"thumbnailUrl":"https:\/\/eikonos.com\/wp-content\/uploads\/2017\/03\/convencion-audiovisual.jpg","datePublished":"2017-01-24T16:25:56+00:00","description":"\u00bfC\u00f3mo captar la atenci\u00f3n en una convenci\u00f3n o exhibici\u00f3n empresarial?Mediante tecnolog\u00eda audiovisual.","breadcrumb":{"@id":"https:\/\/eikonos.com\/ca\/blog\/participar-en-convencions-audiovisuals-exhibicio-del-poder-de-marca\/#breadcrumb"},"inLanguage":"ca","potentialAction":[{"@type":"ReadAction","target":["https:\/\/eikonos.com\/ca\/blog\/participar-en-convencions-audiovisuals-exhibicio-del-poder-de-marca\/"]}]},{"@type":"ImageObject","inLanguage":"ca","@id":"https:\/\/eikonos.com\/ca\/blog\/participar-en-convencions-audiovisuals-exhibicio-del-poder-de-marca\/#primaryimage","url":"https:\/\/eikonos.com\/wp-content\/uploads\/2017\/03\/convencion-audiovisual.jpg","contentUrl":"https:\/\/eikonos.com\/wp-content\/uploads\/2017\/03\/convencion-audiovisual.jpg","width":2009,"height":946,"caption":"participar en convenciones audiovisuales"},{"@type":"BreadcrumbList","@id":"https:\/\/eikonos.com\/ca\/blog\/participar-en-convencions-audiovisuals-exhibicio-del-poder-de-marca\/#breadcrumb","itemListElement":[{"@type":"ListItem","position":1,"name":"EIKONOS","item":"https:\/\/eikonos.com\/ca\/inici\/"},{"@type":"ListItem","position":2,"name":"Participar en convencions audiovisuals: l\u2019exhibici\u00f3 del poder de marca"}]},{"@type":"WebSite","@id":"https:\/\/eikonos.com\/ca\/#website","url":"https:\/\/eikonos.com\/ca\/","name":"EIKONOS","description":"EXPERIENCIA AUDIOVISUAL","publisher":{"@id":"https:\/\/eikonos.com\/ca\/#organization"},"potentialAction":[{"@type":"SearchAction","target":{"@type":"EntryPoint","urlTemplate":"https:\/\/eikonos.com\/ca\/?s={search_term_string}"},"query-input":{"@type":"PropertyValueSpecification","valueRequired":true,"valueName":"search_term_string"}}],"inLanguage":"ca"},{"@type":"Organization","@id":"https:\/\/eikonos.com\/ca\/#organization","name":"EIKONOS | Servicios Audiovisuales, eventos y alquiler de equipos","url":"https:\/\/eikonos.com\/ca\/","logo":{"@type":"ImageObject","inLanguage":"ca","@id":"https:\/\/eikonos.com\/ca\/#\/schema\/logo\/image\/","url":"https:\/\/eikonos.com\/wp-content\/uploads\/2020\/08\/logo-color.png","contentUrl":"https:\/\/eikonos.com\/wp-content\/uploads\/2020\/08\/logo-color.png","width":376,"height":122,"caption":"EIKONOS | Servicios Audiovisuales, eventos y alquiler de equipos"},"image":{"@id":"https:\/\/eikonos.com\/ca\/#\/schema\/logo\/image\/"},"sameAs":["http:\/\/www.facebook.com\/pages\/Eikonos\/176324785746790","https:\/\/x.com\/eikonos_sa","http:\/\/www.linkedin.com\/company\/eikonos","http:\/\/www.youtube.com\/channel\/UC8wcizWaAYbfsuqVf9wIT6w"]},{"@type":"Person","@id":"https:\/\/eikonos.com\/ca\/#\/schema\/person\/82032860cc314d826959b90595a5280a","name":"Xavi Eikonos","image":{"@type":"ImageObject","inLanguage":"ca","@id":"https:\/\/eikonos.com\/ca\/#\/schema\/person\/image\/","url":"https:\/\/secure.gravatar.com\/avatar\/a6c6b51dd0ac6902701aab24a914f6febe1518f94a5ae06db08b3d6107248dfd?s=96&d=mm&r=g","contentUrl":"https:\/\/secure.gravatar.com\/avatar\/a6c6b51dd0ac6902701aab24a914f6febe1518f94a5ae06db08b3d6107248dfd?s=96&d=mm&r=g","caption":"Xavi Eikonos"}}]}},"_links":{"self":[{"href":"https:\/\/eikonos.com\/ca\/wp-json\/wp\/v2\/posts\/3775","targetHints":{"allow":["GET"]}}],"collection":[{"href":"https:\/\/eikonos.com\/ca\/wp-json\/wp\/v2\/posts"}],"about":[{"href":"https:\/\/eikonos.com\/ca\/wp-json\/wp\/v2\/types\/post"}],"author":[{"embeddable":true,"href":"https:\/\/eikonos.com\/ca\/wp-json\/wp\/v2\/users\/6"}],"replies":[{"embeddable":true,"href":"https:\/\/eikonos.com\/ca\/wp-json\/wp\/v2\/comments?post=3775"}],"version-history":[{"count":0,"href":"https:\/\/eikonos.com\/ca\/wp-json\/wp\/v2\/posts\/3775\/revisions"}],"wp:featuredmedia":[{"embeddable":true,"href":"https:\/\/eikonos.com\/ca\/wp-json\/wp\/v2\/media\/3681"}],"wp:attachment":[{"href":"https:\/\/eikonos.com\/ca\/wp-json\/wp\/v2\/media?parent=3775"}],"wp:term":[{"taxonomy":"category","embeddable":true,"href":"https:\/\/eikonos.com\/ca\/wp-json\/wp\/v2\/categories?post=3775"},{"taxonomy":"post_tag","embeddable":true,"href":"https:\/\/eikonos.com\/ca\/wp-json\/wp\/v2\/tags?post=3775"}],"curies":[{"name":"wp","href":"https:\/\/api.w.org\/{rel}","templated":true}]}}