{"id":3760,"date":"2017-03-24T10:12:37","date_gmt":"2017-03-24T09:12:37","guid":{"rendered":"http:\/\/eikonos.com\/?p=3760"},"modified":"2017-03-24T10:12:37","modified_gmt":"2017-03-24T09:12:37","slug":"edicio-de-video-com-donar-vida-al-teu-projecte-audiovisual","status":"publish","type":"post","link":"https:\/\/eikonos.com\/ca\/blog\/edicio-de-video-com-donar-vida-al-teu-projecte-audiovisual\/","title":{"rendered":"Edici\u00f3 de v\u00eddeo: com donar vida al teu projecte audiovisual"},"content":{"rendered":"<p><span lang=\"CA\">Realitzar un projecte audiovisual \u00e9s m\u00e9s complexa del que a priori podem pensar. Rodar un curtmetratge, un v\u00eddeo promocional per una empresa o l\u2019anunci d\u2019una mara necessita d\u2019un gran equip t\u00e8cnic, a m\u00e9s de tots els equips i mitjans audiovisuals necessaris.<\/span><\/p>\n<p><b><span lang=\"CA\">Les fases d\u2019aquest tipus de projectes i rodatges s\u00f3n 3: la creaci\u00f3, el rodatge i l\u2019edici\u00f3 de v\u00eddeo. <\/span><\/b><\/p>\n<p><span lang=\"CA\">La <b>fase\u00a0 de creaci\u00f3, <\/b>inclou parts m\u00e9s creatives com el gui\u00f3 i el storyboard per\u00f2 a la seva vegada la planificaci\u00f3 pr\u00e8via al rodatge; el pla de producci\u00f3, cera de localitzacions, lloguer d\u2019equips t\u00e8cnics, c\u00e0sting d\u2019actors, etc\u00e8tera.<\/span><\/p>\n<p><span lang=\"CA\">Una vegada tinguem tot ben clar i organitzat arribar\u00e0 una segona fase, m\u00e9s coneguda com la <b>producci\u00f3 o el rodatge. <\/b>En aquesta fase \u00e9s quan realment filmem la hist\u00f2ria, es fa en les localitzacions i participa tot l\u2019equip art\u00edstic i t\u00e8cnic.<\/span><\/p>\n<p><span lang=\"CA\">Finalment, quan el rodatge es dona per finalitzat arriba la <b>fase d\u2019edici\u00f3 o postproducci\u00f3. <\/b>\u00a0En aquesta fase final processem tot el material filmat per crear la pe\u00e7a final. Aix\u00ed, es realitza el muntatge del v\u00eddeo, la postproducci\u00f3 del so, la correcci\u00f3 de color, efectes especials en cas de que siguin necessaris, grafismes, banda sonora, etc\u00e8tera. Unint tots els elements de forma coherent per aconseguir la pe\u00e7a final que planej\u00e0vem des de la primera fase de creaci\u00f3.\u00a0<\/span><\/p>\n<h2><span style=\"color: #ff0000;\">\u00c9s important l&#8217;edici\u00f3 de v\u00eddeo<\/span><\/h2>\n<p><span lang=\"CA\">Dir que una fase \u00e9s m\u00e9s important que una altra seria un error, ja que tan la creaci\u00f3, com la producci\u00f3 o l\u2019edici\u00f3 s\u00f3n essencials per la creaci\u00f3 d\u2019una pe\u00e7a audiovisual. <b>Sense una d\u2019aquestes fases, totes les altres perden el seu sentit. <\/b>Per\u00f2 centrem-nos aquesta vegada en la fase final, l\u2019edici\u00f3 de v\u00eddeo.<\/span><\/p>\n<p><span lang=\"CA\">L\u2019edici\u00f3 de v\u00eddeo \u00e9s el moment en el que agafem totes les peces soles que componen la nostra hist\u00f2ria i les unim. En aquest moment es decideixes coses tan importants com el ritme que tindr\u00e0 el muntatge, el tipus de m\u00fasica que l\u2019acompanyar\u00e0 i per tant el sentiment que generar\u00e0 a l\u2019espectador, l\u2019\u00fas dels efectes sonors, la correcci\u00f3 de color i el seu efecte en la fotografia, etc\u00e8tera. Sense una bona edici\u00f3 de v\u00eddeo una pe\u00e7a audiovisual queda a mitges.<\/span><\/p>\n<p><span lang=\"CA\">Has pensat alguna vegada com seria una persecuci\u00f3 d\u2019Indiana Jones sense la banda sonora?, has tractat de veure alguna vegada una pel\u00b7l\u00edcula de terror sense els efectes de so?, t\u2019has imaginat una pel\u00b7l\u00edcula sense cap muntatge amb un sol pla? Ara que ho diem, si que existeixen v\u00e0ries pel\u00b7l\u00edcules que s\u2019utilitzen la falta de muntatge com a recurs est\u00e8tic (<i>La Saga <\/i>de Hitchock o <i>Victoria <\/i>de Sebastian Schipper com exemple m\u00e9s recent).<\/span><\/p>\n<p><span lang=\"CA\">Es necessiten coneixements t\u00e8cnics molt concrets per l\u2019edici\u00f3 de v\u00eddeo, i en algun moment pot semblar un fet mec\u00e0nic, per\u00f2 \u00e9s important\u00edssim tamb\u00e9 comptar amb un component art\u00edstic-t\u00e8cnics, tan com ho s\u00f3n els equips audiovisuals que s\u2019utilitzen. Podem dir que\u00a0<\/span><a href=\"https:\/\/eikonos.com\/blog\/la-base-de-un-buen-montaje-audiovisual-la-edicion-de-video\/\">l&#8217;edici\u00f3 de v\u00eddeo \u00e9s la base d&#8217;un bon muntatge audiovisual<\/a>\u00a0<span lang=\"CA\">i, a partir d\u2019aqu\u00ed, es construeix tot el que l\u2019espectador (en el cas d\u2019una pel\u00b7l\u00edcula o curt) o els assistents a un esdeveniment (en el cas d\u2019un anunci o v\u00eddeo promocional) van a veure en pantalla.<\/span><\/p>\n<h2><span style=\"color: #ff0000;\">Qu\u00e8 es necessita per a una bona edici\u00f3 de v\u00eddeo<\/span><\/h2>\n<p><span lang=\"CA\">El primer que es necessita \u00e9s <b>un bon material de base amb el que poder jugar en el muntatge <\/b>fins donar amb l\u2019estructura adequada. Si durant el rodatge no s\u2019han fet tots els punts de vista necessaris, no s\u2019han enquadrat b\u00e9 al pla, o hi ha faltes en la font de so, el muntatge, dif\u00edcilment podr\u00e0 aconseguir un resultat \u00f2ptim. Per aix\u00f2, el material amb el que treballar ser\u00e0 un punt de partida i requisit fonamental.<\/span><\/p>\n<p><span lang=\"CA\">Un altre exemple important seran <b>els equips inform\u00e0tics i audiovisuals per a l\u2019edici\u00f3 del v\u00eddeo. <\/b>Si vols un resultat perfecte en quan a la qualitat de la imatge i del so, el material t\u00e8cnic \u00e9s important\u00edssim. En el nostre blog ja tenim un article amb\u00a0<\/span><a href=\"https:\/\/eikonos.com\/blog\/que-necesita-sala-postproduccion-de-video\/\">tot el que necessita una bona sala de postproducci\u00f3 de v\u00eddeo<\/a>.<\/p>\n<p><span lang=\"CA\">Per \u00faltim, no podem oblidar <b>el personal t\u00e8cnic i art\u00edstic que utilitzar\u00e0 el material gravat i els equips audiovisuals per donar vida al teu projecte audiovisuals. <\/b>Si vols ajuda en qualsevol de les 3 fases, a EIKONOS comptem amb tot el que necessitar\u00e0s: equip t\u00e8cnic i material audiovisual. Contacta amb nosaltres i et prepararem una proposta personalitzada. <b>Parlem!<\/b><\/span><b><\/b><\/p>\n<p><img loading=\"lazy\" decoding=\"async\" class=\"aligncenter wp-image-3762 size-full\" src=\"https:\/\/eikonos.com\/wp-content\/uploads\/2017\/03\/eikonos-cta-organitzacio-esdeveniments-audiovisuals.png\" alt=\"\" width=\"741\" height=\"250\" srcset=\"https:\/\/eikonos.com\/wp-content\/uploads\/2017\/03\/eikonos-cta-organitzacio-esdeveniments-audiovisuals.png 741w, https:\/\/eikonos.com\/wp-content\/uploads\/2017\/03\/eikonos-cta-organitzacio-esdeveniments-audiovisuals-300x101.png 300w\" sizes=\"auto, (max-width: 741px) 100vw, 741px\" \/><\/p>\n","protected":false},"excerpt":{"rendered":"<p>Realitzar un projecte audiovisual \u00e9s m\u00e9s complexa del que a priori podem pensar. Rodar un&#8230;<\/p>\n","protected":false},"author":6,"featured_media":3704,"comment_status":"open","ping_status":"open","sticky":false,"template":"","format":"standard","meta":{"_acf_changed":false,"footnotes":""},"categories":[257],"tags":[],"class_list":["post-3760","post","type-post","status-publish","format-standard","has-post-thumbnail","hentry","category-creacio-de-continguts"],"acf":[],"yoast_head":"<!-- This site is optimized with the Yoast SEO plugin v26.3 - https:\/\/yoast.com\/wordpress\/plugins\/seo\/ -->\n<title>Edici\u00f3n de video: c\u00f3mo dar vida a tu proyecto audiovisual<\/title>\n<meta name=\"description\" content=\"La import\u00e0ncia de l&#039;edici\u00f3 de v\u00eddeo en la creaci\u00f3 d&#039;un projecto audiovisual: Muntatge, so, banda sonora, correci\u00f3 de color, efectes epecials, etc.\" \/>\n<meta name=\"robots\" content=\"index, follow, max-snippet:-1, max-image-preview:large, max-video-preview:-1\" \/>\n<link rel=\"canonical\" href=\"https:\/\/eikonos.com\/ca\/blog\/edicio-de-video-com-donar-vida-al-teu-projecte-audiovisual\/\" \/>\n<meta property=\"og:locale\" content=\"ca_ES\" \/>\n<meta property=\"og:type\" content=\"article\" \/>\n<meta property=\"og:title\" content=\"Edici\u00f3n de video: c\u00f3mo dar vida a tu proyecto audiovisual\" \/>\n<meta property=\"og:description\" content=\"La import\u00e0ncia de l&#039;edici\u00f3 de v\u00eddeo en la creaci\u00f3 d&#039;un projecto audiovisual: Muntatge, so, banda sonora, correci\u00f3 de color, efectes epecials, etc.\" \/>\n<meta property=\"og:url\" content=\"https:\/\/eikonos.com\/ca\/blog\/edicio-de-video-com-donar-vida-al-teu-projecte-audiovisual\/\" \/>\n<meta property=\"og:site_name\" content=\"EIKONOS\" \/>\n<meta property=\"article:publisher\" content=\"http:\/\/www.facebook.com\/pages\/Eikonos\/176324785746790\" \/>\n<meta property=\"article:published_time\" content=\"2017-03-24T09:12:37+00:00\" \/>\n<meta property=\"og:image\" content=\"https:\/\/eikonos.com\/wp-content\/uploads\/2017\/03\/edicion-video.jpg\" \/>\n\t<meta property=\"og:image:width\" content=\"1838\" \/>\n\t<meta property=\"og:image:height\" content=\"1034\" \/>\n\t<meta property=\"og:image:type\" content=\"image\/jpeg\" \/>\n<meta name=\"author\" content=\"Xavi Eikonos\" \/>\n<meta name=\"twitter:card\" content=\"summary_large_image\" \/>\n<meta name=\"twitter:creator\" content=\"@eikonos_sa\" \/>\n<meta name=\"twitter:site\" content=\"@eikonos_sa\" \/>\n<meta name=\"twitter:label1\" content=\"Escrit per\" \/>\n\t<meta name=\"twitter:data1\" content=\"Xavi Eikonos\" \/>\n\t<meta name=\"twitter:label2\" content=\"Temps estimat de lectura\" \/>\n\t<meta name=\"twitter:data2\" content=\"4 minuts\" \/>\n<script type=\"application\/ld+json\" class=\"yoast-schema-graph\">{\"@context\":\"https:\/\/schema.org\",\"@graph\":[{\"@type\":\"Article\",\"@id\":\"https:\/\/eikonos.com\/ca\/blog\/edicio-de-video-com-donar-vida-al-teu-projecte-audiovisual\/#article\",\"isPartOf\":{\"@id\":\"https:\/\/eikonos.com\/ca\/blog\/edicio-de-video-com-donar-vida-al-teu-projecte-audiovisual\/\"},\"author\":{\"name\":\"Xavi Eikonos\",\"@id\":\"https:\/\/eikonos.com\/ca\/#\/schema\/person\/82032860cc314d826959b90595a5280a\"},\"headline\":\"Edici\u00f3 de v\u00eddeo: com donar vida al teu projecte audiovisual\",\"datePublished\":\"2017-03-24T09:12:37+00:00\",\"mainEntityOfPage\":{\"@id\":\"https:\/\/eikonos.com\/ca\/blog\/edicio-de-video-com-donar-vida-al-teu-projecte-audiovisual\/\"},\"wordCount\":813,\"commentCount\":0,\"publisher\":{\"@id\":\"https:\/\/eikonos.com\/ca\/#organization\"},\"image\":{\"@id\":\"https:\/\/eikonos.com\/ca\/blog\/edicio-de-video-com-donar-vida-al-teu-projecte-audiovisual\/#primaryimage\"},\"thumbnailUrl\":\"https:\/\/eikonos.com\/wp-content\/uploads\/2017\/03\/edicion-video.jpg\",\"articleSection\":[\"Creaci\u00f3 de continguts\"],\"inLanguage\":\"ca\",\"potentialAction\":[{\"@type\":\"CommentAction\",\"name\":\"Comment\",\"target\":[\"https:\/\/eikonos.com\/ca\/blog\/edicio-de-video-com-donar-vida-al-teu-projecte-audiovisual\/#respond\"]}]},{\"@type\":\"WebPage\",\"@id\":\"https:\/\/eikonos.com\/ca\/blog\/edicio-de-video-com-donar-vida-al-teu-projecte-audiovisual\/\",\"url\":\"https:\/\/eikonos.com\/ca\/blog\/edicio-de-video-com-donar-vida-al-teu-projecte-audiovisual\/\",\"name\":\"Edici\u00f3n de video: c\u00f3mo dar vida a tu proyecto audiovisual\",\"isPartOf\":{\"@id\":\"https:\/\/eikonos.com\/ca\/#website\"},\"primaryImageOfPage\":{\"@id\":\"https:\/\/eikonos.com\/ca\/blog\/edicio-de-video-com-donar-vida-al-teu-projecte-audiovisual\/#primaryimage\"},\"image\":{\"@id\":\"https:\/\/eikonos.com\/ca\/blog\/edicio-de-video-com-donar-vida-al-teu-projecte-audiovisual\/#primaryimage\"},\"thumbnailUrl\":\"https:\/\/eikonos.com\/wp-content\/uploads\/2017\/03\/edicion-video.jpg\",\"datePublished\":\"2017-03-24T09:12:37+00:00\",\"description\":\"La import\u00e0ncia de l'edici\u00f3 de v\u00eddeo en la creaci\u00f3 d'un projecto audiovisual: Muntatge, so, banda sonora, correci\u00f3 de color, efectes epecials, etc.\",\"breadcrumb\":{\"@id\":\"https:\/\/eikonos.com\/ca\/blog\/edicio-de-video-com-donar-vida-al-teu-projecte-audiovisual\/#breadcrumb\"},\"inLanguage\":\"ca\",\"potentialAction\":[{\"@type\":\"ReadAction\",\"target\":[\"https:\/\/eikonos.com\/ca\/blog\/edicio-de-video-com-donar-vida-al-teu-projecte-audiovisual\/\"]}]},{\"@type\":\"ImageObject\",\"inLanguage\":\"ca\",\"@id\":\"https:\/\/eikonos.com\/ca\/blog\/edicio-de-video-com-donar-vida-al-teu-projecte-audiovisual\/#primaryimage\",\"url\":\"https:\/\/eikonos.com\/wp-content\/uploads\/2017\/03\/edicion-video.jpg\",\"contentUrl\":\"https:\/\/eikonos.com\/wp-content\/uploads\/2017\/03\/edicion-video.jpg\",\"width\":1838,\"height\":1034},{\"@type\":\"BreadcrumbList\",\"@id\":\"https:\/\/eikonos.com\/ca\/blog\/edicio-de-video-com-donar-vida-al-teu-projecte-audiovisual\/#breadcrumb\",\"itemListElement\":[{\"@type\":\"ListItem\",\"position\":1,\"name\":\"EIKONOS\",\"item\":\"https:\/\/eikonos.com\/ca\/inici\/\"},{\"@type\":\"ListItem\",\"position\":2,\"name\":\"Edici\u00f3 de v\u00eddeo: com donar vida al teu projecte audiovisual\"}]},{\"@type\":\"WebSite\",\"@id\":\"https:\/\/eikonos.com\/ca\/#website\",\"url\":\"https:\/\/eikonos.com\/ca\/\",\"name\":\"EIKONOS\",\"description\":\"EXPERIENCIA AUDIOVISUAL\",\"publisher\":{\"@id\":\"https:\/\/eikonos.com\/ca\/#organization\"},\"potentialAction\":[{\"@type\":\"SearchAction\",\"target\":{\"@type\":\"EntryPoint\",\"urlTemplate\":\"https:\/\/eikonos.com\/ca\/?s={search_term_string}\"},\"query-input\":{\"@type\":\"PropertyValueSpecification\",\"valueRequired\":true,\"valueName\":\"search_term_string\"}}],\"inLanguage\":\"ca\"},{\"@type\":\"Organization\",\"@id\":\"https:\/\/eikonos.com\/ca\/#organization\",\"name\":\"EIKONOS | Servicios Audiovisuales, eventos y alquiler de equipos\",\"url\":\"https:\/\/eikonos.com\/ca\/\",\"logo\":{\"@type\":\"ImageObject\",\"inLanguage\":\"ca\",\"@id\":\"https:\/\/eikonos.com\/ca\/#\/schema\/logo\/image\/\",\"url\":\"https:\/\/eikonos.com\/wp-content\/uploads\/2020\/08\/logo-color.png\",\"contentUrl\":\"https:\/\/eikonos.com\/wp-content\/uploads\/2020\/08\/logo-color.png\",\"width\":376,\"height\":122,\"caption\":\"EIKONOS | Servicios Audiovisuales, eventos y alquiler de equipos\"},\"image\":{\"@id\":\"https:\/\/eikonos.com\/ca\/#\/schema\/logo\/image\/\"},\"sameAs\":[\"http:\/\/www.facebook.com\/pages\/Eikonos\/176324785746790\",\"https:\/\/x.com\/eikonos_sa\",\"http:\/\/www.linkedin.com\/company\/eikonos\",\"http:\/\/www.youtube.com\/channel\/UC8wcizWaAYbfsuqVf9wIT6w\"]},{\"@type\":\"Person\",\"@id\":\"https:\/\/eikonos.com\/ca\/#\/schema\/person\/82032860cc314d826959b90595a5280a\",\"name\":\"Xavi Eikonos\",\"image\":{\"@type\":\"ImageObject\",\"inLanguage\":\"ca\",\"@id\":\"https:\/\/eikonos.com\/ca\/#\/schema\/person\/image\/\",\"url\":\"https:\/\/secure.gravatar.com\/avatar\/a6c6b51dd0ac6902701aab24a914f6febe1518f94a5ae06db08b3d6107248dfd?s=96&d=mm&r=g\",\"contentUrl\":\"https:\/\/secure.gravatar.com\/avatar\/a6c6b51dd0ac6902701aab24a914f6febe1518f94a5ae06db08b3d6107248dfd?s=96&d=mm&r=g\",\"caption\":\"Xavi Eikonos\"}}]}<\/script>\n<!-- \/ Yoast SEO plugin. -->","yoast_head_json":{"title":"Edici\u00f3n de video: c\u00f3mo dar vida a tu proyecto audiovisual","description":"La import\u00e0ncia de l'edici\u00f3 de v\u00eddeo en la creaci\u00f3 d'un projecto audiovisual: Muntatge, so, banda sonora, correci\u00f3 de color, efectes epecials, etc.","robots":{"index":"index","follow":"follow","max-snippet":"max-snippet:-1","max-image-preview":"max-image-preview:large","max-video-preview":"max-video-preview:-1"},"canonical":"https:\/\/eikonos.com\/ca\/blog\/edicio-de-video-com-donar-vida-al-teu-projecte-audiovisual\/","og_locale":"ca_ES","og_type":"article","og_title":"Edici\u00f3n de video: c\u00f3mo dar vida a tu proyecto audiovisual","og_description":"La import\u00e0ncia de l'edici\u00f3 de v\u00eddeo en la creaci\u00f3 d'un projecto audiovisual: Muntatge, so, banda sonora, correci\u00f3 de color, efectes epecials, etc.","og_url":"https:\/\/eikonos.com\/ca\/blog\/edicio-de-video-com-donar-vida-al-teu-projecte-audiovisual\/","og_site_name":"EIKONOS","article_publisher":"http:\/\/www.facebook.com\/pages\/Eikonos\/176324785746790","article_published_time":"2017-03-24T09:12:37+00:00","og_image":[{"width":1838,"height":1034,"url":"https:\/\/eikonos.com\/wp-content\/uploads\/2017\/03\/edicion-video.jpg","type":"image\/jpeg"}],"author":"Xavi Eikonos","twitter_card":"summary_large_image","twitter_creator":"@eikonos_sa","twitter_site":"@eikonos_sa","twitter_misc":{"Escrit per":"Xavi Eikonos","Temps estimat de lectura":"4 minuts"},"schema":{"@context":"https:\/\/schema.org","@graph":[{"@type":"Article","@id":"https:\/\/eikonos.com\/ca\/blog\/edicio-de-video-com-donar-vida-al-teu-projecte-audiovisual\/#article","isPartOf":{"@id":"https:\/\/eikonos.com\/ca\/blog\/edicio-de-video-com-donar-vida-al-teu-projecte-audiovisual\/"},"author":{"name":"Xavi Eikonos","@id":"https:\/\/eikonos.com\/ca\/#\/schema\/person\/82032860cc314d826959b90595a5280a"},"headline":"Edici\u00f3 de v\u00eddeo: com donar vida al teu projecte audiovisual","datePublished":"2017-03-24T09:12:37+00:00","mainEntityOfPage":{"@id":"https:\/\/eikonos.com\/ca\/blog\/edicio-de-video-com-donar-vida-al-teu-projecte-audiovisual\/"},"wordCount":813,"commentCount":0,"publisher":{"@id":"https:\/\/eikonos.com\/ca\/#organization"},"image":{"@id":"https:\/\/eikonos.com\/ca\/blog\/edicio-de-video-com-donar-vida-al-teu-projecte-audiovisual\/#primaryimage"},"thumbnailUrl":"https:\/\/eikonos.com\/wp-content\/uploads\/2017\/03\/edicion-video.jpg","articleSection":["Creaci\u00f3 de continguts"],"inLanguage":"ca","potentialAction":[{"@type":"CommentAction","name":"Comment","target":["https:\/\/eikonos.com\/ca\/blog\/edicio-de-video-com-donar-vida-al-teu-projecte-audiovisual\/#respond"]}]},{"@type":"WebPage","@id":"https:\/\/eikonos.com\/ca\/blog\/edicio-de-video-com-donar-vida-al-teu-projecte-audiovisual\/","url":"https:\/\/eikonos.com\/ca\/blog\/edicio-de-video-com-donar-vida-al-teu-projecte-audiovisual\/","name":"Edici\u00f3n de video: c\u00f3mo dar vida a tu proyecto audiovisual","isPartOf":{"@id":"https:\/\/eikonos.com\/ca\/#website"},"primaryImageOfPage":{"@id":"https:\/\/eikonos.com\/ca\/blog\/edicio-de-video-com-donar-vida-al-teu-projecte-audiovisual\/#primaryimage"},"image":{"@id":"https:\/\/eikonos.com\/ca\/blog\/edicio-de-video-com-donar-vida-al-teu-projecte-audiovisual\/#primaryimage"},"thumbnailUrl":"https:\/\/eikonos.com\/wp-content\/uploads\/2017\/03\/edicion-video.jpg","datePublished":"2017-03-24T09:12:37+00:00","description":"La import\u00e0ncia de l'edici\u00f3 de v\u00eddeo en la creaci\u00f3 d'un projecto audiovisual: Muntatge, so, banda sonora, correci\u00f3 de color, efectes epecials, etc.","breadcrumb":{"@id":"https:\/\/eikonos.com\/ca\/blog\/edicio-de-video-com-donar-vida-al-teu-projecte-audiovisual\/#breadcrumb"},"inLanguage":"ca","potentialAction":[{"@type":"ReadAction","target":["https:\/\/eikonos.com\/ca\/blog\/edicio-de-video-com-donar-vida-al-teu-projecte-audiovisual\/"]}]},{"@type":"ImageObject","inLanguage":"ca","@id":"https:\/\/eikonos.com\/ca\/blog\/edicio-de-video-com-donar-vida-al-teu-projecte-audiovisual\/#primaryimage","url":"https:\/\/eikonos.com\/wp-content\/uploads\/2017\/03\/edicion-video.jpg","contentUrl":"https:\/\/eikonos.com\/wp-content\/uploads\/2017\/03\/edicion-video.jpg","width":1838,"height":1034},{"@type":"BreadcrumbList","@id":"https:\/\/eikonos.com\/ca\/blog\/edicio-de-video-com-donar-vida-al-teu-projecte-audiovisual\/#breadcrumb","itemListElement":[{"@type":"ListItem","position":1,"name":"EIKONOS","item":"https:\/\/eikonos.com\/ca\/inici\/"},{"@type":"ListItem","position":2,"name":"Edici\u00f3 de v\u00eddeo: com donar vida al teu projecte audiovisual"}]},{"@type":"WebSite","@id":"https:\/\/eikonos.com\/ca\/#website","url":"https:\/\/eikonos.com\/ca\/","name":"EIKONOS","description":"EXPERIENCIA AUDIOVISUAL","publisher":{"@id":"https:\/\/eikonos.com\/ca\/#organization"},"potentialAction":[{"@type":"SearchAction","target":{"@type":"EntryPoint","urlTemplate":"https:\/\/eikonos.com\/ca\/?s={search_term_string}"},"query-input":{"@type":"PropertyValueSpecification","valueRequired":true,"valueName":"search_term_string"}}],"inLanguage":"ca"},{"@type":"Organization","@id":"https:\/\/eikonos.com\/ca\/#organization","name":"EIKONOS | Servicios Audiovisuales, eventos y alquiler de equipos","url":"https:\/\/eikonos.com\/ca\/","logo":{"@type":"ImageObject","inLanguage":"ca","@id":"https:\/\/eikonos.com\/ca\/#\/schema\/logo\/image\/","url":"https:\/\/eikonos.com\/wp-content\/uploads\/2020\/08\/logo-color.png","contentUrl":"https:\/\/eikonos.com\/wp-content\/uploads\/2020\/08\/logo-color.png","width":376,"height":122,"caption":"EIKONOS | Servicios Audiovisuales, eventos y alquiler de equipos"},"image":{"@id":"https:\/\/eikonos.com\/ca\/#\/schema\/logo\/image\/"},"sameAs":["http:\/\/www.facebook.com\/pages\/Eikonos\/176324785746790","https:\/\/x.com\/eikonos_sa","http:\/\/www.linkedin.com\/company\/eikonos","http:\/\/www.youtube.com\/channel\/UC8wcizWaAYbfsuqVf9wIT6w"]},{"@type":"Person","@id":"https:\/\/eikonos.com\/ca\/#\/schema\/person\/82032860cc314d826959b90595a5280a","name":"Xavi Eikonos","image":{"@type":"ImageObject","inLanguage":"ca","@id":"https:\/\/eikonos.com\/ca\/#\/schema\/person\/image\/","url":"https:\/\/secure.gravatar.com\/avatar\/a6c6b51dd0ac6902701aab24a914f6febe1518f94a5ae06db08b3d6107248dfd?s=96&d=mm&r=g","contentUrl":"https:\/\/secure.gravatar.com\/avatar\/a6c6b51dd0ac6902701aab24a914f6febe1518f94a5ae06db08b3d6107248dfd?s=96&d=mm&r=g","caption":"Xavi Eikonos"}}]}},"_links":{"self":[{"href":"https:\/\/eikonos.com\/ca\/wp-json\/wp\/v2\/posts\/3760","targetHints":{"allow":["GET"]}}],"collection":[{"href":"https:\/\/eikonos.com\/ca\/wp-json\/wp\/v2\/posts"}],"about":[{"href":"https:\/\/eikonos.com\/ca\/wp-json\/wp\/v2\/types\/post"}],"author":[{"embeddable":true,"href":"https:\/\/eikonos.com\/ca\/wp-json\/wp\/v2\/users\/6"}],"replies":[{"embeddable":true,"href":"https:\/\/eikonos.com\/ca\/wp-json\/wp\/v2\/comments?post=3760"}],"version-history":[{"count":0,"href":"https:\/\/eikonos.com\/ca\/wp-json\/wp\/v2\/posts\/3760\/revisions"}],"wp:featuredmedia":[{"embeddable":true,"href":"https:\/\/eikonos.com\/ca\/wp-json\/wp\/v2\/media\/3704"}],"wp:attachment":[{"href":"https:\/\/eikonos.com\/ca\/wp-json\/wp\/v2\/media?parent=3760"}],"wp:term":[{"taxonomy":"category","embeddable":true,"href":"https:\/\/eikonos.com\/ca\/wp-json\/wp\/v2\/categories?post=3760"},{"taxonomy":"post_tag","embeddable":true,"href":"https:\/\/eikonos.com\/ca\/wp-json\/wp\/v2\/tags?post=3760"}],"curies":[{"name":"wp","href":"https:\/\/api.w.org\/{rel}","templated":true}]}}