{"id":3320,"date":"2017-01-31T10:32:37","date_gmt":"2017-01-31T09:32:37","guid":{"rendered":"http:\/\/eikonos.com\/?p=3320"},"modified":"2017-01-31T10:32:37","modified_gmt":"2017-01-31T09:32:37","slug":"aprofita-els-audiovisuals-en-esdeveniments-esportius-per-mostrar-la-teva-marca","status":"publish","type":"post","link":"https:\/\/eikonos.com\/ca\/blog\/aprofita-els-audiovisuals-en-esdeveniments-esportius-per-mostrar-la-teva-marca\/","title":{"rendered":"Aprofitar els audiovisual en esdeveniments esportius per mostrar la teva marca"},"content":{"rendered":"<p>En el nostre blog hem parlat en infinitat d\u2019ocasions sobre com organitzar un esdeveniment per promocionar una marca, un producte o un servei: confer\u00e8ncies, participar en fires, utilitzar la tecnologia i mitjans audiovisuals m\u00e9s actuals i treure\u2019ls un major profit&#8230;<\/p>\n<p>Tot i aix\u00ed, no hem parlat de com realitzar aquestes accions de promoci\u00f3 i m\u00e0rqueting amb audiovisuals en <a title=\"Eventos deportivos\" href=\"https:\/\/eikonos.com\/portfolio_page\/eventos-deportivos\/\">esdeveniments esportius<\/a>\u00a0en els que no participem ni organitzem. <strong>\u00c9s possible anunciar la meva marca en un esdeveniment? Puc incrementar les vendes del meu producte amb aquestes accions?<\/strong><\/p>\n<p>Ho veurem a diari en multitud de partits, torneigs o jocs que veiem per la televisi\u00f3 o als que assistim. Avui volem parlar de com promocionar la teva marca aprofitant els audiovisuals en esdeveniment esportius.<\/p>\n<h2><span style=\"color: #ff0000;\">Audiovisuals en esdeveniments esportius, una opci\u00f3 recomanable?\u00a0<\/span><\/h2>\n<p>El primer que has de valorar \u00e9s si t\u00e9 sentit que la teva marca aparegui en un esdeveniment esportiu. Per decidir-te has de contemplar varis aspectes, amb dos que destaquin per sobre de la resta.<\/p>\n<p>El primer \u00e9s saber si els assistents a l\u2019esdeveniment s\u00f3n p\u00fablic objectiu per a la teva empresa. Depenen de l\u2019esport i l\u2019esdeveniment, el p\u00fablic pot ser molt diferent, i en funci\u00f3 del que ofereixis o vulguis vendre, \u00e9s possible que aquesta franja de p\u00fablic no sigui interessant o rellevant pel teu negoci.<\/p>\n<p>La segona opci\u00f3 \u00e9s con\u00e8ixer la repercussi\u00f3 que tindr\u00e0 aquest esdeveniment. Aquesta <strong>\u00e9s una de les majors avantatges que tenen els esdeveniments esportius, per\u00f2 tamb\u00e9 un factor que afectar\u00e0 al cost i per tan al nostre pressupost.<\/strong><\/p>\n<p>Com hem mencionat, la repercussi\u00f3 \u00e9s una de les seves avantatges. En el nostre pa\u00eds i, en realitat, en la major part del m\u00f3n, l\u2019esport t\u00e9 una gran import\u00e0ncia i a ning\u00fa se li escapa que els esdeveniments esportius acaparen el inter\u00e8s dels milions de persones i tenen un gran seguiment.<\/p>\n<p>Ens ve al cap esdeveniments com els Jocs Ol\u00edmpics, la SuperBowl en Estats Units o la Champions League. Aquests s\u00f3n exemples de competicions de primer nivell i evidentment en aquests casos \u00e9s probable que no tinguis masses oportunitats a no ser que tinguis el pressupost de m\u00e0rqueting de Coca-Cola.<\/p>\n<p>Tot i aix\u00ed, tamb\u00e9 hi ha altres competicions de menor rang, o petits esdeveniments m\u00e9s locals o itinerants que tamb\u00e9 has de valorar. Ja hem avisat que el primer que cal saber \u00e9s si els assistents i espectadors s\u00f3n interessants per a la teva empresa.<\/p>\n<h2><span style=\"color: #ff0000;\">Patrocini d&#8217;esdeveniments esportius\u00a0<\/span><\/h2>\n<p>La participaci\u00f3 en un esdeveniment no es limita nom\u00e9s a l\u2019organitzaci\u00f3. \u00c9s cert que organitzar un esdeveniment \u00e9s una forma perfecta de donar-se a con\u00e8ixer, per\u00f2 tamb\u00e9 es pot cometre un risc de perjudicar la nostra imatge si el nostre poder de convocat\u00f2ria no aconsegueix atreure el p\u00fablic suficient o si generem unes expectatives que despr\u00e9s no es compleixen.<\/p>\n<p>En aquest sentit, podem rec\u00f3rrer per opcions menys arriscades, menys complicades i menys costoses. <strong>El patrocini d\u2019un esdeveniment o producte \u00e9s una forma pr\u00e0ctica d\u2019arribar a un p\u00fablic objectiu i augmentar el coneixement de la marca. <\/strong>Patrocinar un esdeveniment esportiu ens donar\u00e0 pres\u00e8ncia de marca que, depenent dels mitjans amb els que comptem, podrem col\u00b7locar la nostra la nostra publicitat en forma de fotografies, v\u00eddeos, etc.<\/p>\n<p>\u00c9s important escollir s\u00e0viament per a que el missatge sigui rellevant i impacti de forma directa en el nostre mercat objectiu. Sempre \u00e9s un desafio escollir els productes correctes o el material que promocionarem. La compet\u00e8ncia actual fa que les empreses hagin de destacar-se i diferenciar-se en les seves estrat\u00e8gies de m\u00e0rqueting.<\/p>\n<p><strong>Els productes promocionals poden ser incre\u00efblement efica\u00e7os per atreure nous negocis i augmentar el perfil de la nostra marca. <\/strong>Si seleccionem el producte adequat, \u00faltil i rellevant, aix\u00ed com la presentaci\u00f3 de la nostra marca, els beneficis esta quasi assegurats.<\/p>\n<h2><span style=\"color: #ff0000;\">Compartir el patrocini, una oportunitat per optimitzar costos\u00a0<\/span><\/h2>\n<p>A l\u2019hora d\u2019afrontar un patrocini, <strong>el pressupost ser\u00e0 la base per comen\u00e7ar a treballar. <\/strong>Si busquem la reducci\u00f3 de costs, podem buscar f\u00f3rmules com el patrocini compartit amb una altra marca que pugui ser complement\u00e0ria a la nostra. Per exemple, per transmetre un estil de vida saludable, pot resultar \u00f2ptim un patrocini compartit entre una marca de bambes esportives i una beguda energ\u00e8tica per esportistes.<\/p>\n<p>Aquesta f\u00f3rmula \u00e9s perfecte per a l\u2019<strong>optimitzaci\u00f3 de costes, <\/strong>i et permetran millorar la teva pres\u00e8ncia. En lloc de tenir un parell de banderoles, al comptar amb un pressupost major compartit, podreu compartir una bona pantalla de led, per exemple.<\/p>\n<p>Generalment, seran els organitzadors de l\u2019esdeveniment els que podran a la nostra disposici\u00f3 els mitjans audiovisuals i espais destinats als patrocinadors. De no ser aix\u00ed, tindrem llibertat per escollir com volem\u00a0 mostrar-nos, instal\u00b7lant un stand promocional, una pantalla de led gegant&#8230; les opcions s\u00f3n quasi infinites. Si est\u00e0s pensant en patrocinar un esdeveniment i vols anunciar la teva marca en ell, pots comptar amb l\u2019experi\u00e8ncia i el material audiovisual d\u2019EIKONOS. <strong>Parlem!<\/strong><\/p>\n<p><a href=\"https:\/\/eikonos.com\/wp-content\/uploads\/2016\/07\/eikonos-cta-organitzacio-esdeveniments-audiovisuals.png\"><img loading=\"lazy\" decoding=\"async\" class=\"wp-image-3135 size-full aligncenter\" src=\"https:\/\/eikonos.com\/wp-content\/uploads\/2016\/07\/eikonos-cta-organitzacio-esdeveniments-audiovisuals.png\" alt=\"\" width=\"741\" height=\"250\" srcset=\"https:\/\/eikonos.com\/wp-content\/uploads\/2016\/07\/eikonos-cta-organitzacio-esdeveniments-audiovisuals.png 741w, https:\/\/eikonos.com\/wp-content\/uploads\/2016\/07\/eikonos-cta-organitzacio-esdeveniments-audiovisuals-300x101.png 300w\" sizes=\"auto, (max-width: 741px) 100vw, 741px\" \/><\/a><\/p>\n","protected":false},"excerpt":{"rendered":"<p>En el nostre blog hem parlat en infinitat d\u2019ocasions sobre com organitzar un esdeveniment per&#8230;<\/p>\n","protected":false},"author":6,"featured_media":1105,"comment_status":"open","ping_status":"open","sticky":false,"template":"","format":"standard","meta":{"_acf_changed":false,"footnotes":""},"categories":[260],"tags":[],"class_list":["post-3320","post","type-post","status-publish","format-standard","has-post-thumbnail","hentry","category-esdeveniments-audiovisuals"],"acf":[],"yoast_head":"<!-- This site is optimized with the Yoast SEO plugin v26.3 - https:\/\/yoast.com\/wordpress\/plugins\/seo\/ -->\n<title>Aprofitar els audiovisual en esdeveniments esportius per mostrar la teva marca | EIKONOS<\/title>\n<meta name=\"description\" content=\"Os contamos c\u00f3mo realizar acciones de promoci\u00f3n y marketing con audiovisuales en eventos deportivos en los que no participamos ni organizamos.\" \/>\n<meta name=\"robots\" content=\"index, follow, max-snippet:-1, max-image-preview:large, max-video-preview:-1\" \/>\n<link rel=\"canonical\" href=\"https:\/\/eikonos.com\/ca\/blog\/aprofita-els-audiovisuals-en-esdeveniments-esportius-per-mostrar-la-teva-marca\/\" \/>\n<meta property=\"og:locale\" content=\"ca_ES\" \/>\n<meta property=\"og:type\" content=\"article\" \/>\n<meta property=\"og:title\" content=\"Aprofitar els audiovisual en esdeveniments esportius per mostrar la teva marca | EIKONOS\" \/>\n<meta property=\"og:description\" content=\"Os contamos c\u00f3mo realizar acciones de promoci\u00f3n y marketing con audiovisuales en eventos deportivos en los que no participamos ni organizamos.\" \/>\n<meta property=\"og:url\" content=\"https:\/\/eikonos.com\/ca\/blog\/aprofita-els-audiovisuals-en-esdeveniments-esportius-per-mostrar-la-teva-marca\/\" \/>\n<meta property=\"og:site_name\" content=\"EIKONOS\" \/>\n<meta property=\"article:publisher\" content=\"http:\/\/www.facebook.com\/pages\/Eikonos\/176324785746790\" \/>\n<meta property=\"article:published_time\" content=\"2017-01-31T09:32:37+00:00\" \/>\n<meta property=\"og:image\" content=\"https:\/\/eikonos.com\/wp-content\/uploads\/2014\/10\/DSC09554-scaled.jpg\" \/>\n\t<meta property=\"og:image:width\" content=\"2560\" \/>\n\t<meta property=\"og:image:height\" content=\"1920\" \/>\n\t<meta property=\"og:image:type\" content=\"image\/jpeg\" \/>\n<meta name=\"author\" content=\"Xavi Eikonos\" \/>\n<meta name=\"twitter:card\" content=\"summary_large_image\" \/>\n<meta name=\"twitter:creator\" content=\"@eikonos_sa\" \/>\n<meta name=\"twitter:site\" content=\"@eikonos_sa\" \/>\n<meta name=\"twitter:label1\" content=\"Escrit per\" \/>\n\t<meta name=\"twitter:data1\" content=\"Xavi Eikonos\" \/>\n\t<meta name=\"twitter:label2\" content=\"Temps estimat de lectura\" \/>\n\t<meta name=\"twitter:data2\" content=\"4 minuts\" \/>\n<script type=\"application\/ld+json\" class=\"yoast-schema-graph\">{\"@context\":\"https:\/\/schema.org\",\"@graph\":[{\"@type\":\"Article\",\"@id\":\"https:\/\/eikonos.com\/ca\/blog\/aprofita-els-audiovisuals-en-esdeveniments-esportius-per-mostrar-la-teva-marca\/#article\",\"isPartOf\":{\"@id\":\"https:\/\/eikonos.com\/ca\/blog\/aprofita-els-audiovisuals-en-esdeveniments-esportius-per-mostrar-la-teva-marca\/\"},\"author\":{\"name\":\"Xavi Eikonos\",\"@id\":\"https:\/\/eikonos.com\/ca\/#\/schema\/person\/82032860cc314d826959b90595a5280a\"},\"headline\":\"Aprofitar els audiovisual en esdeveniments esportius per mostrar la teva marca\",\"datePublished\":\"2017-01-31T09:32:37+00:00\",\"mainEntityOfPage\":{\"@id\":\"https:\/\/eikonos.com\/ca\/blog\/aprofita-els-audiovisuals-en-esdeveniments-esportius-per-mostrar-la-teva-marca\/\"},\"wordCount\":872,\"commentCount\":0,\"publisher\":{\"@id\":\"https:\/\/eikonos.com\/ca\/#organization\"},\"image\":{\"@id\":\"https:\/\/eikonos.com\/ca\/blog\/aprofita-els-audiovisuals-en-esdeveniments-esportius-per-mostrar-la-teva-marca\/#primaryimage\"},\"thumbnailUrl\":\"https:\/\/eikonos.com\/wp-content\/uploads\/2014\/10\/DSC09554-scaled.jpg\",\"articleSection\":[\"Esdeveniments audiovisuals\"],\"inLanguage\":\"ca\",\"potentialAction\":[{\"@type\":\"CommentAction\",\"name\":\"Comment\",\"target\":[\"https:\/\/eikonos.com\/ca\/blog\/aprofita-els-audiovisuals-en-esdeveniments-esportius-per-mostrar-la-teva-marca\/#respond\"]}]},{\"@type\":\"WebPage\",\"@id\":\"https:\/\/eikonos.com\/ca\/blog\/aprofita-els-audiovisuals-en-esdeveniments-esportius-per-mostrar-la-teva-marca\/\",\"url\":\"https:\/\/eikonos.com\/ca\/blog\/aprofita-els-audiovisuals-en-esdeveniments-esportius-per-mostrar-la-teva-marca\/\",\"name\":\"Aprofitar els audiovisual en esdeveniments esportius per mostrar la teva marca | EIKONOS\",\"isPartOf\":{\"@id\":\"https:\/\/eikonos.com\/ca\/#website\"},\"primaryImageOfPage\":{\"@id\":\"https:\/\/eikonos.com\/ca\/blog\/aprofita-els-audiovisuals-en-esdeveniments-esportius-per-mostrar-la-teva-marca\/#primaryimage\"},\"image\":{\"@id\":\"https:\/\/eikonos.com\/ca\/blog\/aprofita-els-audiovisuals-en-esdeveniments-esportius-per-mostrar-la-teva-marca\/#primaryimage\"},\"thumbnailUrl\":\"https:\/\/eikonos.com\/wp-content\/uploads\/2014\/10\/DSC09554-scaled.jpg\",\"datePublished\":\"2017-01-31T09:32:37+00:00\",\"description\":\"Os contamos c\u00f3mo realizar acciones de promoci\u00f3n y marketing con audiovisuales en eventos deportivos en los que no participamos ni organizamos.\",\"breadcrumb\":{\"@id\":\"https:\/\/eikonos.com\/ca\/blog\/aprofita-els-audiovisuals-en-esdeveniments-esportius-per-mostrar-la-teva-marca\/#breadcrumb\"},\"inLanguage\":\"ca\",\"potentialAction\":[{\"@type\":\"ReadAction\",\"target\":[\"https:\/\/eikonos.com\/ca\/blog\/aprofita-els-audiovisuals-en-esdeveniments-esportius-per-mostrar-la-teva-marca\/\"]}]},{\"@type\":\"ImageObject\",\"inLanguage\":\"ca\",\"@id\":\"https:\/\/eikonos.com\/ca\/blog\/aprofita-els-audiovisuals-en-esdeveniments-esportius-per-mostrar-la-teva-marca\/#primaryimage\",\"url\":\"https:\/\/eikonos.com\/wp-content\/uploads\/2014\/10\/DSC09554-scaled.jpg\",\"contentUrl\":\"https:\/\/eikonos.com\/wp-content\/uploads\/2014\/10\/DSC09554-scaled.jpg\",\"width\":2560,\"height\":1920},{\"@type\":\"BreadcrumbList\",\"@id\":\"https:\/\/eikonos.com\/ca\/blog\/aprofita-els-audiovisuals-en-esdeveniments-esportius-per-mostrar-la-teva-marca\/#breadcrumb\",\"itemListElement\":[{\"@type\":\"ListItem\",\"position\":1,\"name\":\"EIKONOS\",\"item\":\"https:\/\/eikonos.com\/ca\/inici\/\"},{\"@type\":\"ListItem\",\"position\":2,\"name\":\"Aprofitar els audiovisual en esdeveniments esportius per mostrar la teva marca\"}]},{\"@type\":\"WebSite\",\"@id\":\"https:\/\/eikonos.com\/ca\/#website\",\"url\":\"https:\/\/eikonos.com\/ca\/\",\"name\":\"EIKONOS\",\"description\":\"EXPERIENCIA AUDIOVISUAL\",\"publisher\":{\"@id\":\"https:\/\/eikonos.com\/ca\/#organization\"},\"potentialAction\":[{\"@type\":\"SearchAction\",\"target\":{\"@type\":\"EntryPoint\",\"urlTemplate\":\"https:\/\/eikonos.com\/ca\/?s={search_term_string}\"},\"query-input\":{\"@type\":\"PropertyValueSpecification\",\"valueRequired\":true,\"valueName\":\"search_term_string\"}}],\"inLanguage\":\"ca\"},{\"@type\":\"Organization\",\"@id\":\"https:\/\/eikonos.com\/ca\/#organization\",\"name\":\"EIKONOS | Servicios Audiovisuales, eventos y alquiler de equipos\",\"url\":\"https:\/\/eikonos.com\/ca\/\",\"logo\":{\"@type\":\"ImageObject\",\"inLanguage\":\"ca\",\"@id\":\"https:\/\/eikonos.com\/ca\/#\/schema\/logo\/image\/\",\"url\":\"https:\/\/eikonos.com\/wp-content\/uploads\/2020\/08\/logo-color.png\",\"contentUrl\":\"https:\/\/eikonos.com\/wp-content\/uploads\/2020\/08\/logo-color.png\",\"width\":376,\"height\":122,\"caption\":\"EIKONOS | Servicios Audiovisuales, eventos y alquiler de equipos\"},\"image\":{\"@id\":\"https:\/\/eikonos.com\/ca\/#\/schema\/logo\/image\/\"},\"sameAs\":[\"http:\/\/www.facebook.com\/pages\/Eikonos\/176324785746790\",\"https:\/\/x.com\/eikonos_sa\",\"http:\/\/www.linkedin.com\/company\/eikonos\",\"http:\/\/www.youtube.com\/channel\/UC8wcizWaAYbfsuqVf9wIT6w\"]},{\"@type\":\"Person\",\"@id\":\"https:\/\/eikonos.com\/ca\/#\/schema\/person\/82032860cc314d826959b90595a5280a\",\"name\":\"Xavi Eikonos\",\"image\":{\"@type\":\"ImageObject\",\"inLanguage\":\"ca\",\"@id\":\"https:\/\/eikonos.com\/ca\/#\/schema\/person\/image\/\",\"url\":\"https:\/\/secure.gravatar.com\/avatar\/a6c6b51dd0ac6902701aab24a914f6febe1518f94a5ae06db08b3d6107248dfd?s=96&d=mm&r=g\",\"contentUrl\":\"https:\/\/secure.gravatar.com\/avatar\/a6c6b51dd0ac6902701aab24a914f6febe1518f94a5ae06db08b3d6107248dfd?s=96&d=mm&r=g\",\"caption\":\"Xavi Eikonos\"}}]}<\/script>\n<!-- \/ Yoast SEO plugin. -->","yoast_head_json":{"title":"Aprofitar els audiovisual en esdeveniments esportius per mostrar la teva marca | EIKONOS","description":"Os contamos c\u00f3mo realizar acciones de promoci\u00f3n y marketing con audiovisuales en eventos deportivos en los que no participamos ni organizamos.","robots":{"index":"index","follow":"follow","max-snippet":"max-snippet:-1","max-image-preview":"max-image-preview:large","max-video-preview":"max-video-preview:-1"},"canonical":"https:\/\/eikonos.com\/ca\/blog\/aprofita-els-audiovisuals-en-esdeveniments-esportius-per-mostrar-la-teva-marca\/","og_locale":"ca_ES","og_type":"article","og_title":"Aprofitar els audiovisual en esdeveniments esportius per mostrar la teva marca | EIKONOS","og_description":"Os contamos c\u00f3mo realizar acciones de promoci\u00f3n y marketing con audiovisuales en eventos deportivos en los que no participamos ni organizamos.","og_url":"https:\/\/eikonos.com\/ca\/blog\/aprofita-els-audiovisuals-en-esdeveniments-esportius-per-mostrar-la-teva-marca\/","og_site_name":"EIKONOS","article_publisher":"http:\/\/www.facebook.com\/pages\/Eikonos\/176324785746790","article_published_time":"2017-01-31T09:32:37+00:00","og_image":[{"width":2560,"height":1920,"url":"https:\/\/eikonos.com\/wp-content\/uploads\/2014\/10\/DSC09554-scaled.jpg","type":"image\/jpeg"}],"author":"Xavi Eikonos","twitter_card":"summary_large_image","twitter_creator":"@eikonos_sa","twitter_site":"@eikonos_sa","twitter_misc":{"Escrit per":"Xavi Eikonos","Temps estimat de lectura":"4 minuts"},"schema":{"@context":"https:\/\/schema.org","@graph":[{"@type":"Article","@id":"https:\/\/eikonos.com\/ca\/blog\/aprofita-els-audiovisuals-en-esdeveniments-esportius-per-mostrar-la-teva-marca\/#article","isPartOf":{"@id":"https:\/\/eikonos.com\/ca\/blog\/aprofita-els-audiovisuals-en-esdeveniments-esportius-per-mostrar-la-teva-marca\/"},"author":{"name":"Xavi Eikonos","@id":"https:\/\/eikonos.com\/ca\/#\/schema\/person\/82032860cc314d826959b90595a5280a"},"headline":"Aprofitar els audiovisual en esdeveniments esportius per mostrar la teva marca","datePublished":"2017-01-31T09:32:37+00:00","mainEntityOfPage":{"@id":"https:\/\/eikonos.com\/ca\/blog\/aprofita-els-audiovisuals-en-esdeveniments-esportius-per-mostrar-la-teva-marca\/"},"wordCount":872,"commentCount":0,"publisher":{"@id":"https:\/\/eikonos.com\/ca\/#organization"},"image":{"@id":"https:\/\/eikonos.com\/ca\/blog\/aprofita-els-audiovisuals-en-esdeveniments-esportius-per-mostrar-la-teva-marca\/#primaryimage"},"thumbnailUrl":"https:\/\/eikonos.com\/wp-content\/uploads\/2014\/10\/DSC09554-scaled.jpg","articleSection":["Esdeveniments audiovisuals"],"inLanguage":"ca","potentialAction":[{"@type":"CommentAction","name":"Comment","target":["https:\/\/eikonos.com\/ca\/blog\/aprofita-els-audiovisuals-en-esdeveniments-esportius-per-mostrar-la-teva-marca\/#respond"]}]},{"@type":"WebPage","@id":"https:\/\/eikonos.com\/ca\/blog\/aprofita-els-audiovisuals-en-esdeveniments-esportius-per-mostrar-la-teva-marca\/","url":"https:\/\/eikonos.com\/ca\/blog\/aprofita-els-audiovisuals-en-esdeveniments-esportius-per-mostrar-la-teva-marca\/","name":"Aprofitar els audiovisual en esdeveniments esportius per mostrar la teva marca | EIKONOS","isPartOf":{"@id":"https:\/\/eikonos.com\/ca\/#website"},"primaryImageOfPage":{"@id":"https:\/\/eikonos.com\/ca\/blog\/aprofita-els-audiovisuals-en-esdeveniments-esportius-per-mostrar-la-teva-marca\/#primaryimage"},"image":{"@id":"https:\/\/eikonos.com\/ca\/blog\/aprofita-els-audiovisuals-en-esdeveniments-esportius-per-mostrar-la-teva-marca\/#primaryimage"},"thumbnailUrl":"https:\/\/eikonos.com\/wp-content\/uploads\/2014\/10\/DSC09554-scaled.jpg","datePublished":"2017-01-31T09:32:37+00:00","description":"Os contamos c\u00f3mo realizar acciones de promoci\u00f3n y marketing con audiovisuales en eventos deportivos en los que no participamos ni organizamos.","breadcrumb":{"@id":"https:\/\/eikonos.com\/ca\/blog\/aprofita-els-audiovisuals-en-esdeveniments-esportius-per-mostrar-la-teva-marca\/#breadcrumb"},"inLanguage":"ca","potentialAction":[{"@type":"ReadAction","target":["https:\/\/eikonos.com\/ca\/blog\/aprofita-els-audiovisuals-en-esdeveniments-esportius-per-mostrar-la-teva-marca\/"]}]},{"@type":"ImageObject","inLanguage":"ca","@id":"https:\/\/eikonos.com\/ca\/blog\/aprofita-els-audiovisuals-en-esdeveniments-esportius-per-mostrar-la-teva-marca\/#primaryimage","url":"https:\/\/eikonos.com\/wp-content\/uploads\/2014\/10\/DSC09554-scaled.jpg","contentUrl":"https:\/\/eikonos.com\/wp-content\/uploads\/2014\/10\/DSC09554-scaled.jpg","width":2560,"height":1920},{"@type":"BreadcrumbList","@id":"https:\/\/eikonos.com\/ca\/blog\/aprofita-els-audiovisuals-en-esdeveniments-esportius-per-mostrar-la-teva-marca\/#breadcrumb","itemListElement":[{"@type":"ListItem","position":1,"name":"EIKONOS","item":"https:\/\/eikonos.com\/ca\/inici\/"},{"@type":"ListItem","position":2,"name":"Aprofitar els audiovisual en esdeveniments esportius per mostrar la teva marca"}]},{"@type":"WebSite","@id":"https:\/\/eikonos.com\/ca\/#website","url":"https:\/\/eikonos.com\/ca\/","name":"EIKONOS","description":"EXPERIENCIA AUDIOVISUAL","publisher":{"@id":"https:\/\/eikonos.com\/ca\/#organization"},"potentialAction":[{"@type":"SearchAction","target":{"@type":"EntryPoint","urlTemplate":"https:\/\/eikonos.com\/ca\/?s={search_term_string}"},"query-input":{"@type":"PropertyValueSpecification","valueRequired":true,"valueName":"search_term_string"}}],"inLanguage":"ca"},{"@type":"Organization","@id":"https:\/\/eikonos.com\/ca\/#organization","name":"EIKONOS | Servicios Audiovisuales, eventos y alquiler de equipos","url":"https:\/\/eikonos.com\/ca\/","logo":{"@type":"ImageObject","inLanguage":"ca","@id":"https:\/\/eikonos.com\/ca\/#\/schema\/logo\/image\/","url":"https:\/\/eikonos.com\/wp-content\/uploads\/2020\/08\/logo-color.png","contentUrl":"https:\/\/eikonos.com\/wp-content\/uploads\/2020\/08\/logo-color.png","width":376,"height":122,"caption":"EIKONOS | Servicios Audiovisuales, eventos y alquiler de equipos"},"image":{"@id":"https:\/\/eikonos.com\/ca\/#\/schema\/logo\/image\/"},"sameAs":["http:\/\/www.facebook.com\/pages\/Eikonos\/176324785746790","https:\/\/x.com\/eikonos_sa","http:\/\/www.linkedin.com\/company\/eikonos","http:\/\/www.youtube.com\/channel\/UC8wcizWaAYbfsuqVf9wIT6w"]},{"@type":"Person","@id":"https:\/\/eikonos.com\/ca\/#\/schema\/person\/82032860cc314d826959b90595a5280a","name":"Xavi Eikonos","image":{"@type":"ImageObject","inLanguage":"ca","@id":"https:\/\/eikonos.com\/ca\/#\/schema\/person\/image\/","url":"https:\/\/secure.gravatar.com\/avatar\/a6c6b51dd0ac6902701aab24a914f6febe1518f94a5ae06db08b3d6107248dfd?s=96&d=mm&r=g","contentUrl":"https:\/\/secure.gravatar.com\/avatar\/a6c6b51dd0ac6902701aab24a914f6febe1518f94a5ae06db08b3d6107248dfd?s=96&d=mm&r=g","caption":"Xavi Eikonos"}}]}},"_links":{"self":[{"href":"https:\/\/eikonos.com\/ca\/wp-json\/wp\/v2\/posts\/3320","targetHints":{"allow":["GET"]}}],"collection":[{"href":"https:\/\/eikonos.com\/ca\/wp-json\/wp\/v2\/posts"}],"about":[{"href":"https:\/\/eikonos.com\/ca\/wp-json\/wp\/v2\/types\/post"}],"author":[{"embeddable":true,"href":"https:\/\/eikonos.com\/ca\/wp-json\/wp\/v2\/users\/6"}],"replies":[{"embeddable":true,"href":"https:\/\/eikonos.com\/ca\/wp-json\/wp\/v2\/comments?post=3320"}],"version-history":[{"count":0,"href":"https:\/\/eikonos.com\/ca\/wp-json\/wp\/v2\/posts\/3320\/revisions"}],"wp:featuredmedia":[{"embeddable":true,"href":"https:\/\/eikonos.com\/ca\/wp-json\/wp\/v2\/media\/1105"}],"wp:attachment":[{"href":"https:\/\/eikonos.com\/ca\/wp-json\/wp\/v2\/media?parent=3320"}],"wp:term":[{"taxonomy":"category","embeddable":true,"href":"https:\/\/eikonos.com\/ca\/wp-json\/wp\/v2\/categories?post=3320"},{"taxonomy":"post_tag","embeddable":true,"href":"https:\/\/eikonos.com\/ca\/wp-json\/wp\/v2\/tags?post=3320"}],"curies":[{"name":"wp","href":"https:\/\/api.w.org\/{rel}","templated":true}]}}