{"id":3292,"date":"2017-01-31T11:57:33","date_gmt":"2017-01-31T10:57:33","guid":{"rendered":"http:\/\/eikonos.com\/?p=3292"},"modified":"2017-01-31T11:57:33","modified_gmt":"2017-01-31T10:57:33","slug":"munta-la-installaio-corporativa-a-la-teva-empresa","status":"publish","type":"post","link":"https:\/\/eikonos.com\/ca\/blog\/munta-la-installaio-corporativa-a-la-teva-empresa\/","title":{"rendered":"Munta la instal\u2022laci\u00f3 corporativa a la teva empresa"},"content":{"rendered":"<p>A dia d\u2019avui, les oficines i seus empresarials han deixat de ser nom\u00e9s \u201cf\u00e0briques\u201d productores de serveis per convertir-se a m\u00e9s en aparadors i ganxos amb els que captar a potencials clients.<\/p>\n<p>Per aix\u00f2, les oficines on el mobiliari es composa \u00fanicament de cadires i escriptoris han deixat pas a instal\u00b7lacions on comptar amb diferents ambients disposats per atendre a la perfecci\u00f3 cada una de les necessitats que en aquests es desenvolupen: ambients per parlar relaxadament, ambients per fer negocis, ambients per ser productius sense perdre comoditat&#8230; <strong>Ja no hi ha lloc simplement per atendre, si no per absolutament conv\u00e8ncer<\/strong>, i per a aix\u00f2, us portem les millors instal\u00b7lacions corporatives al servei de les diferents necessitats de la teva empresa.<\/p>\n<h2><span style=\"color: #ff0000;\">Showroom o demoroom: tend\u00e8ncia per a la teva instal\u00b7laci\u00f3 corporativa<\/span><\/h2>\n<p>Quan volem comprar una casa podem fer-ho escollint-la sobre el pl\u00e0nol, per\u00f2 el que ens serveix per absolutament veure\u2019ns viure entre aquelles quatre parets \u00e9s anant al pis pilor.<\/p>\n<p>El showroom o demorrom s\u00f3n els \u201cpisos pilots\u201d de les empreses: el lloc en el que podem oferir al possible client, inversor, prove\u00efdor o col\u00b7laborador <strong>l\u2019experi\u00e8ncia d\u2019adquirir els nostres productes.<\/strong><\/p>\n<p>Per aix\u00f2, no hi ha res com\u00a0<a title=\"Showroom: audiovisuales para exposiciones y demostraciones\" href=\"https:\/\/eikonos.com\/blog\/showroom-audiovisuales-para-exposiciones-y-demostraciones\/\">dotar al nostre showroom dels millors audiovisuals<\/a>\u00a0<span lang=\"CA\">o recursos que el submergeixin de ple en la immillorable sensaci\u00f3 que ofereix la nostra activitat empresarial.\u00a0<\/span><\/p>\n<h2><span style=\"color: #ff0000;\">Una sala de reunions a l&#8217;altura<\/span><\/h2>\n<p>La <strong>projecci\u00f3 i ambientaci\u00f3 d\u2019una empresa es demostra en la forma en la qual es desenvolupa davant les grans ocasions. <\/strong>Aix\u00ed, si necessitem treure m\u00fascul davant d\u2019una negociaci\u00f3 o realitza un balan\u00e7 del compte de resultats, fer-ho en una sala de reunions on cadasc\u00fa dels oients poden percebre el missatge que li volem traslladar a la perfecci\u00f3, significar\u00e0 que estem quan menys a l\u2019altura dels presents.<\/p>\n<p>Per aix\u00f2, la sala de reunions ha d\u2019estar dotada de\u00a0<a title=\"Proyectores\" href=\"https:\/\/eikonos.com\/portfolio_page\/proyectores\/\">projectors<\/a>\u00a0<span lang=\"CA\">o pantalles amb unes mesures acordes a la sala, equips de so que retransmetin amb claredat i sense interfer\u00e8ncies, una bona il\u00b7luminaci\u00f3 i en definitiva tots els elements que permeten que cada un dels assistents no tinguin problemes en rebre el nostre missatge.<\/span><\/p>\n<h2><span style=\"color: #ff0000;\">Una oficina coherent amb la nostra imatge projectada<\/span><\/h2>\n<p>Per \u00faltim, mai hem d\u2019oblidar-nos d\u2019un dels elements b\u00e0sics que donaran la cara de la nostra imatge d\u2019empresa, que no \u00e9s cap altra que cosa\u00a0 que l\u2019oficina, f\u00e0brica o el lloc des del que oferim els nostres serveis directa o indirectament al consumidor.<\/p>\n<p>No hi ha visita completa en una instal\u00b7laci\u00f3 corporativa que no acabi per submergir-se en les entranyes de l\u2019empresa. Per aix\u00f2, de res serveis haver transm\u00e8s una <strong>imatge de producci\u00f3 impecable i disseny cuidat, <\/strong>una il\u00b7luminaci\u00f3 perfecta i recursos audiovisuals de primera categoria si el lloc des del que duem a terme tota la nostra activitat no llueixi en bon estat o no transmeti la mateixa sensaci\u00f3 de marca creada.<\/p>\n<p>Espais di\u00e0fans, sensaci\u00f3 de calidesa i de voler treballar en aquestes instal\u00b7lacions, materials de primera&#8230; les nostres instal\u00b7lacions han de ser <strong>igual de coherents que els valors que he volgut transmetre <\/strong>als nostres visitants.<\/p>\n<p>Si est\u00e0s pensant en dotar a la teva instal\u00b7laci\u00f3 corporativa d\u2019una imatge immillorable amb audiovisuals, pots comptar amb l\u2019experi\u00e8ncia i el material audiovisual d\u2019EIKONOS. <strong>Parlem!<\/strong><\/p>\n<p><a href=\"https:\/\/eikonos.com\/servicios\/alquiler-de-equipos\/\"><img loading=\"lazy\" decoding=\"async\" class=\"aligncenter wp-image-3135 size-full\" src=\"https:\/\/eikonos.com\/wp-content\/uploads\/2016\/07\/eikonos-cta-organitzacio-esdeveniments-audiovisuals.png\" alt=\"\" width=\"741\" height=\"250\" srcset=\"https:\/\/eikonos.com\/wp-content\/uploads\/2016\/07\/eikonos-cta-organitzacio-esdeveniments-audiovisuals.png 741w, https:\/\/eikonos.com\/wp-content\/uploads\/2016\/07\/eikonos-cta-organitzacio-esdeveniments-audiovisuals-300x101.png 300w\" sizes=\"auto, (max-width: 741px) 100vw, 741px\" \/><\/a><\/p>\n","protected":false},"excerpt":{"rendered":"<p>A dia d\u2019avui, les oficines i seus empresarials han deixat de ser nom\u00e9s \u201cf\u00e0briques\u201d productores&#8230;<\/p>\n","protected":false},"author":6,"featured_media":4343,"comment_status":"open","ping_status":"open","sticky":false,"template":"","format":"standard","meta":{"_acf_changed":false,"footnotes":""},"categories":[255],"tags":[270],"class_list":["post-3292","post","type-post","status-publish","format-standard","has-post-thumbnail","hentry","category-installacions-fixes","tag-showroom-ca"],"acf":[],"yoast_head":"<!-- This site is optimized with the Yoast SEO plugin v26.3 - https:\/\/yoast.com\/wordpress\/plugins\/seo\/ -->\n<title>Munta la instal\u2022laci\u00f3 corporativa a la teva empresa | EIKONOS<\/title>\n<meta name=\"description\" content=\"Os traemos algunas ideas para montar vuestra instalaci\u00f3n corporativa al servicio de las distintas necesidades de tu empresa.\" \/>\n<meta name=\"robots\" content=\"index, follow, max-snippet:-1, max-image-preview:large, max-video-preview:-1\" \/>\n<link rel=\"canonical\" href=\"https:\/\/eikonos.com\/ca\/blog\/munta-la-installaio-corporativa-a-la-teva-empresa\/\" \/>\n<meta property=\"og:locale\" content=\"ca_ES\" \/>\n<meta property=\"og:type\" content=\"article\" \/>\n<meta property=\"og:title\" content=\"Munta la instal\u2022laci\u00f3 corporativa a la teva empresa | EIKONOS\" \/>\n<meta property=\"og:description\" content=\"Os traemos algunas ideas para montar vuestra instalaci\u00f3n corporativa al servicio de las distintas necesidades de tu empresa.\" \/>\n<meta property=\"og:url\" content=\"https:\/\/eikonos.com\/ca\/blog\/munta-la-installaio-corporativa-a-la-teva-empresa\/\" \/>\n<meta property=\"og:site_name\" content=\"EIKONOS\" \/>\n<meta property=\"article:publisher\" content=\"http:\/\/www.facebook.com\/pages\/Eikonos\/176324785746790\" \/>\n<meta property=\"article:published_time\" content=\"2017-01-31T10:57:33+00:00\" \/>\n<meta property=\"og:image\" content=\"https:\/\/eikonos.com\/wp-content\/uploads\/2017\/01\/instalacion-corporativa-empres.jpg\" \/>\n\t<meta property=\"og:image:width\" content=\"800\" \/>\n\t<meta property=\"og:image:height\" content=\"550\" \/>\n\t<meta property=\"og:image:type\" content=\"image\/jpeg\" \/>\n<meta name=\"author\" content=\"Xavi Eikonos\" \/>\n<meta name=\"twitter:card\" content=\"summary_large_image\" \/>\n<meta name=\"twitter:creator\" content=\"@eikonos_sa\" \/>\n<meta name=\"twitter:site\" content=\"@eikonos_sa\" \/>\n<meta name=\"twitter:label1\" content=\"Escrit per\" \/>\n\t<meta name=\"twitter:data1\" content=\"Xavi Eikonos\" \/>\n\t<meta name=\"twitter:label2\" content=\"Temps estimat de lectura\" \/>\n\t<meta name=\"twitter:data2\" content=\"3 minuts\" \/>\n<script type=\"application\/ld+json\" class=\"yoast-schema-graph\">{\"@context\":\"https:\/\/schema.org\",\"@graph\":[{\"@type\":\"Article\",\"@id\":\"https:\/\/eikonos.com\/ca\/blog\/munta-la-installaio-corporativa-a-la-teva-empresa\/#article\",\"isPartOf\":{\"@id\":\"https:\/\/eikonos.com\/ca\/blog\/munta-la-installaio-corporativa-a-la-teva-empresa\/\"},\"author\":{\"name\":\"Xavi Eikonos\",\"@id\":\"https:\/\/eikonos.com\/ca\/#\/schema\/person\/82032860cc314d826959b90595a5280a\"},\"headline\":\"Munta la instal\u2022laci\u00f3 corporativa a la teva empresa\",\"datePublished\":\"2017-01-31T10:57:33+00:00\",\"mainEntityOfPage\":{\"@id\":\"https:\/\/eikonos.com\/ca\/blog\/munta-la-installaio-corporativa-a-la-teva-empresa\/\"},\"wordCount\":579,\"commentCount\":0,\"publisher\":{\"@id\":\"https:\/\/eikonos.com\/ca\/#organization\"},\"image\":{\"@id\":\"https:\/\/eikonos.com\/ca\/blog\/munta-la-installaio-corporativa-a-la-teva-empresa\/#primaryimage\"},\"thumbnailUrl\":\"https:\/\/eikonos.com\/wp-content\/uploads\/2017\/01\/instalacion-corporativa-empres.jpg\",\"keywords\":[\"Showroom\"],\"articleSection\":[\"Instal\u00b7lacions fixes\"],\"inLanguage\":\"ca\",\"potentialAction\":[{\"@type\":\"CommentAction\",\"name\":\"Comment\",\"target\":[\"https:\/\/eikonos.com\/ca\/blog\/munta-la-installaio-corporativa-a-la-teva-empresa\/#respond\"]}]},{\"@type\":\"WebPage\",\"@id\":\"https:\/\/eikonos.com\/ca\/blog\/munta-la-installaio-corporativa-a-la-teva-empresa\/\",\"url\":\"https:\/\/eikonos.com\/ca\/blog\/munta-la-installaio-corporativa-a-la-teva-empresa\/\",\"name\":\"Munta la instal\u2022laci\u00f3 corporativa a la teva empresa | EIKONOS\",\"isPartOf\":{\"@id\":\"https:\/\/eikonos.com\/ca\/#website\"},\"primaryImageOfPage\":{\"@id\":\"https:\/\/eikonos.com\/ca\/blog\/munta-la-installaio-corporativa-a-la-teva-empresa\/#primaryimage\"},\"image\":{\"@id\":\"https:\/\/eikonos.com\/ca\/blog\/munta-la-installaio-corporativa-a-la-teva-empresa\/#primaryimage\"},\"thumbnailUrl\":\"https:\/\/eikonos.com\/wp-content\/uploads\/2017\/01\/instalacion-corporativa-empres.jpg\",\"datePublished\":\"2017-01-31T10:57:33+00:00\",\"description\":\"Os traemos algunas ideas para montar vuestra instalaci\u00f3n corporativa al servicio de las distintas necesidades de tu empresa.\",\"breadcrumb\":{\"@id\":\"https:\/\/eikonos.com\/ca\/blog\/munta-la-installaio-corporativa-a-la-teva-empresa\/#breadcrumb\"},\"inLanguage\":\"ca\",\"potentialAction\":[{\"@type\":\"ReadAction\",\"target\":[\"https:\/\/eikonos.com\/ca\/blog\/munta-la-installaio-corporativa-a-la-teva-empresa\/\"]}]},{\"@type\":\"ImageObject\",\"inLanguage\":\"ca\",\"@id\":\"https:\/\/eikonos.com\/ca\/blog\/munta-la-installaio-corporativa-a-la-teva-empresa\/#primaryimage\",\"url\":\"https:\/\/eikonos.com\/wp-content\/uploads\/2017\/01\/instalacion-corporativa-empres.jpg\",\"contentUrl\":\"https:\/\/eikonos.com\/wp-content\/uploads\/2017\/01\/instalacion-corporativa-empres.jpg\",\"width\":800,\"height\":550,\"caption\":\"EIKONOS monta instalaci\u00f3n corporativa empresa\"},{\"@type\":\"BreadcrumbList\",\"@id\":\"https:\/\/eikonos.com\/ca\/blog\/munta-la-installaio-corporativa-a-la-teva-empresa\/#breadcrumb\",\"itemListElement\":[{\"@type\":\"ListItem\",\"position\":1,\"name\":\"EIKONOS\",\"item\":\"https:\/\/eikonos.com\/ca\/inici\/\"},{\"@type\":\"ListItem\",\"position\":2,\"name\":\"Munta la instal\u2022laci\u00f3 corporativa a la teva empresa\"}]},{\"@type\":\"WebSite\",\"@id\":\"https:\/\/eikonos.com\/ca\/#website\",\"url\":\"https:\/\/eikonos.com\/ca\/\",\"name\":\"EIKONOS\",\"description\":\"EXPERIENCIA AUDIOVISUAL\",\"publisher\":{\"@id\":\"https:\/\/eikonos.com\/ca\/#organization\"},\"potentialAction\":[{\"@type\":\"SearchAction\",\"target\":{\"@type\":\"EntryPoint\",\"urlTemplate\":\"https:\/\/eikonos.com\/ca\/?s={search_term_string}\"},\"query-input\":{\"@type\":\"PropertyValueSpecification\",\"valueRequired\":true,\"valueName\":\"search_term_string\"}}],\"inLanguage\":\"ca\"},{\"@type\":\"Organization\",\"@id\":\"https:\/\/eikonos.com\/ca\/#organization\",\"name\":\"EIKONOS | Servicios Audiovisuales, eventos y alquiler de equipos\",\"url\":\"https:\/\/eikonos.com\/ca\/\",\"logo\":{\"@type\":\"ImageObject\",\"inLanguage\":\"ca\",\"@id\":\"https:\/\/eikonos.com\/ca\/#\/schema\/logo\/image\/\",\"url\":\"https:\/\/eikonos.com\/wp-content\/uploads\/2020\/08\/logo-color.png\",\"contentUrl\":\"https:\/\/eikonos.com\/wp-content\/uploads\/2020\/08\/logo-color.png\",\"width\":376,\"height\":122,\"caption\":\"EIKONOS | Servicios Audiovisuales, eventos y alquiler de equipos\"},\"image\":{\"@id\":\"https:\/\/eikonos.com\/ca\/#\/schema\/logo\/image\/\"},\"sameAs\":[\"http:\/\/www.facebook.com\/pages\/Eikonos\/176324785746790\",\"https:\/\/x.com\/eikonos_sa\",\"http:\/\/www.linkedin.com\/company\/eikonos\",\"http:\/\/www.youtube.com\/channel\/UC8wcizWaAYbfsuqVf9wIT6w\"]},{\"@type\":\"Person\",\"@id\":\"https:\/\/eikonos.com\/ca\/#\/schema\/person\/82032860cc314d826959b90595a5280a\",\"name\":\"Xavi Eikonos\",\"image\":{\"@type\":\"ImageObject\",\"inLanguage\":\"ca\",\"@id\":\"https:\/\/eikonos.com\/ca\/#\/schema\/person\/image\/\",\"url\":\"https:\/\/secure.gravatar.com\/avatar\/a6c6b51dd0ac6902701aab24a914f6febe1518f94a5ae06db08b3d6107248dfd?s=96&d=mm&r=g\",\"contentUrl\":\"https:\/\/secure.gravatar.com\/avatar\/a6c6b51dd0ac6902701aab24a914f6febe1518f94a5ae06db08b3d6107248dfd?s=96&d=mm&r=g\",\"caption\":\"Xavi Eikonos\"}}]}<\/script>\n<!-- \/ Yoast SEO plugin. -->","yoast_head_json":{"title":"Munta la instal\u2022laci\u00f3 corporativa a la teva empresa | EIKONOS","description":"Os traemos algunas ideas para montar vuestra instalaci\u00f3n corporativa al servicio de las distintas necesidades de tu empresa.","robots":{"index":"index","follow":"follow","max-snippet":"max-snippet:-1","max-image-preview":"max-image-preview:large","max-video-preview":"max-video-preview:-1"},"canonical":"https:\/\/eikonos.com\/ca\/blog\/munta-la-installaio-corporativa-a-la-teva-empresa\/","og_locale":"ca_ES","og_type":"article","og_title":"Munta la instal\u2022laci\u00f3 corporativa a la teva empresa | EIKONOS","og_description":"Os traemos algunas ideas para montar vuestra instalaci\u00f3n corporativa al servicio de las distintas necesidades de tu empresa.","og_url":"https:\/\/eikonos.com\/ca\/blog\/munta-la-installaio-corporativa-a-la-teva-empresa\/","og_site_name":"EIKONOS","article_publisher":"http:\/\/www.facebook.com\/pages\/Eikonos\/176324785746790","article_published_time":"2017-01-31T10:57:33+00:00","og_image":[{"width":800,"height":550,"url":"https:\/\/eikonos.com\/wp-content\/uploads\/2017\/01\/instalacion-corporativa-empres.jpg","type":"image\/jpeg"}],"author":"Xavi Eikonos","twitter_card":"summary_large_image","twitter_creator":"@eikonos_sa","twitter_site":"@eikonos_sa","twitter_misc":{"Escrit per":"Xavi Eikonos","Temps estimat de lectura":"3 minuts"},"schema":{"@context":"https:\/\/schema.org","@graph":[{"@type":"Article","@id":"https:\/\/eikonos.com\/ca\/blog\/munta-la-installaio-corporativa-a-la-teva-empresa\/#article","isPartOf":{"@id":"https:\/\/eikonos.com\/ca\/blog\/munta-la-installaio-corporativa-a-la-teva-empresa\/"},"author":{"name":"Xavi Eikonos","@id":"https:\/\/eikonos.com\/ca\/#\/schema\/person\/82032860cc314d826959b90595a5280a"},"headline":"Munta la instal\u2022laci\u00f3 corporativa a la teva empresa","datePublished":"2017-01-31T10:57:33+00:00","mainEntityOfPage":{"@id":"https:\/\/eikonos.com\/ca\/blog\/munta-la-installaio-corporativa-a-la-teva-empresa\/"},"wordCount":579,"commentCount":0,"publisher":{"@id":"https:\/\/eikonos.com\/ca\/#organization"},"image":{"@id":"https:\/\/eikonos.com\/ca\/blog\/munta-la-installaio-corporativa-a-la-teva-empresa\/#primaryimage"},"thumbnailUrl":"https:\/\/eikonos.com\/wp-content\/uploads\/2017\/01\/instalacion-corporativa-empres.jpg","keywords":["Showroom"],"articleSection":["Instal\u00b7lacions fixes"],"inLanguage":"ca","potentialAction":[{"@type":"CommentAction","name":"Comment","target":["https:\/\/eikonos.com\/ca\/blog\/munta-la-installaio-corporativa-a-la-teva-empresa\/#respond"]}]},{"@type":"WebPage","@id":"https:\/\/eikonos.com\/ca\/blog\/munta-la-installaio-corporativa-a-la-teva-empresa\/","url":"https:\/\/eikonos.com\/ca\/blog\/munta-la-installaio-corporativa-a-la-teva-empresa\/","name":"Munta la instal\u2022laci\u00f3 corporativa a la teva empresa | EIKONOS","isPartOf":{"@id":"https:\/\/eikonos.com\/ca\/#website"},"primaryImageOfPage":{"@id":"https:\/\/eikonos.com\/ca\/blog\/munta-la-installaio-corporativa-a-la-teva-empresa\/#primaryimage"},"image":{"@id":"https:\/\/eikonos.com\/ca\/blog\/munta-la-installaio-corporativa-a-la-teva-empresa\/#primaryimage"},"thumbnailUrl":"https:\/\/eikonos.com\/wp-content\/uploads\/2017\/01\/instalacion-corporativa-empres.jpg","datePublished":"2017-01-31T10:57:33+00:00","description":"Os traemos algunas ideas para montar vuestra instalaci\u00f3n corporativa al servicio de las distintas necesidades de tu empresa.","breadcrumb":{"@id":"https:\/\/eikonos.com\/ca\/blog\/munta-la-installaio-corporativa-a-la-teva-empresa\/#breadcrumb"},"inLanguage":"ca","potentialAction":[{"@type":"ReadAction","target":["https:\/\/eikonos.com\/ca\/blog\/munta-la-installaio-corporativa-a-la-teva-empresa\/"]}]},{"@type":"ImageObject","inLanguage":"ca","@id":"https:\/\/eikonos.com\/ca\/blog\/munta-la-installaio-corporativa-a-la-teva-empresa\/#primaryimage","url":"https:\/\/eikonos.com\/wp-content\/uploads\/2017\/01\/instalacion-corporativa-empres.jpg","contentUrl":"https:\/\/eikonos.com\/wp-content\/uploads\/2017\/01\/instalacion-corporativa-empres.jpg","width":800,"height":550,"caption":"EIKONOS monta instalaci\u00f3n corporativa empresa"},{"@type":"BreadcrumbList","@id":"https:\/\/eikonos.com\/ca\/blog\/munta-la-installaio-corporativa-a-la-teva-empresa\/#breadcrumb","itemListElement":[{"@type":"ListItem","position":1,"name":"EIKONOS","item":"https:\/\/eikonos.com\/ca\/inici\/"},{"@type":"ListItem","position":2,"name":"Munta la instal\u2022laci\u00f3 corporativa a la teva empresa"}]},{"@type":"WebSite","@id":"https:\/\/eikonos.com\/ca\/#website","url":"https:\/\/eikonos.com\/ca\/","name":"EIKONOS","description":"EXPERIENCIA AUDIOVISUAL","publisher":{"@id":"https:\/\/eikonos.com\/ca\/#organization"},"potentialAction":[{"@type":"SearchAction","target":{"@type":"EntryPoint","urlTemplate":"https:\/\/eikonos.com\/ca\/?s={search_term_string}"},"query-input":{"@type":"PropertyValueSpecification","valueRequired":true,"valueName":"search_term_string"}}],"inLanguage":"ca"},{"@type":"Organization","@id":"https:\/\/eikonos.com\/ca\/#organization","name":"EIKONOS | Servicios Audiovisuales, eventos y alquiler de equipos","url":"https:\/\/eikonos.com\/ca\/","logo":{"@type":"ImageObject","inLanguage":"ca","@id":"https:\/\/eikonos.com\/ca\/#\/schema\/logo\/image\/","url":"https:\/\/eikonos.com\/wp-content\/uploads\/2020\/08\/logo-color.png","contentUrl":"https:\/\/eikonos.com\/wp-content\/uploads\/2020\/08\/logo-color.png","width":376,"height":122,"caption":"EIKONOS | Servicios Audiovisuales, eventos y alquiler de equipos"},"image":{"@id":"https:\/\/eikonos.com\/ca\/#\/schema\/logo\/image\/"},"sameAs":["http:\/\/www.facebook.com\/pages\/Eikonos\/176324785746790","https:\/\/x.com\/eikonos_sa","http:\/\/www.linkedin.com\/company\/eikonos","http:\/\/www.youtube.com\/channel\/UC8wcizWaAYbfsuqVf9wIT6w"]},{"@type":"Person","@id":"https:\/\/eikonos.com\/ca\/#\/schema\/person\/82032860cc314d826959b90595a5280a","name":"Xavi Eikonos","image":{"@type":"ImageObject","inLanguage":"ca","@id":"https:\/\/eikonos.com\/ca\/#\/schema\/person\/image\/","url":"https:\/\/secure.gravatar.com\/avatar\/a6c6b51dd0ac6902701aab24a914f6febe1518f94a5ae06db08b3d6107248dfd?s=96&d=mm&r=g","contentUrl":"https:\/\/secure.gravatar.com\/avatar\/a6c6b51dd0ac6902701aab24a914f6febe1518f94a5ae06db08b3d6107248dfd?s=96&d=mm&r=g","caption":"Xavi Eikonos"}}]}},"_links":{"self":[{"href":"https:\/\/eikonos.com\/ca\/wp-json\/wp\/v2\/posts\/3292","targetHints":{"allow":["GET"]}}],"collection":[{"href":"https:\/\/eikonos.com\/ca\/wp-json\/wp\/v2\/posts"}],"about":[{"href":"https:\/\/eikonos.com\/ca\/wp-json\/wp\/v2\/types\/post"}],"author":[{"embeddable":true,"href":"https:\/\/eikonos.com\/ca\/wp-json\/wp\/v2\/users\/6"}],"replies":[{"embeddable":true,"href":"https:\/\/eikonos.com\/ca\/wp-json\/wp\/v2\/comments?post=3292"}],"version-history":[{"count":0,"href":"https:\/\/eikonos.com\/ca\/wp-json\/wp\/v2\/posts\/3292\/revisions"}],"wp:featuredmedia":[{"embeddable":true,"href":"https:\/\/eikonos.com\/ca\/wp-json\/wp\/v2\/media\/4343"}],"wp:attachment":[{"href":"https:\/\/eikonos.com\/ca\/wp-json\/wp\/v2\/media?parent=3292"}],"wp:term":[{"taxonomy":"category","embeddable":true,"href":"https:\/\/eikonos.com\/ca\/wp-json\/wp\/v2\/categories?post=3292"},{"taxonomy":"post_tag","embeddable":true,"href":"https:\/\/eikonos.com\/ca\/wp-json\/wp\/v2\/tags?post=3292"}],"curies":[{"name":"wp","href":"https:\/\/api.w.org\/{rel}","templated":true}]}}