{"id":3270,"date":"2016-11-16T18:47:50","date_gmt":"2016-11-16T17:47:50","guid":{"rendered":"http:\/\/eikonos.com\/blog\/espacios-en-los-que-trabajar-con-un-proyector-de-video-para-eventos-2\/"},"modified":"2016-11-16T18:47:50","modified_gmt":"2016-11-16T17:47:50","slug":"espais-en-els-que-treballar-amb-projector-video-per-esdeveniments","status":"publish","type":"post","link":"https:\/\/eikonos.com\/ca\/blog\/espais-en-els-que-treballar-amb-projector-video-per-esdeveniments\/","title":{"rendered":"Espais en els que treballar amb un projector de v\u00eddeo per a esdeveniments"},"content":{"rendered":"<p>El projector de v\u00eddeo \u00e9s una eina molt utilitzada en multitud d\u2019esdeveniment i projectes audiovisuals. La ra\u00f3 \u00e9s que permeten oferir informaci\u00f3 de forma clara i relativament senzilla a trav\u00e9s de la projecci\u00f3 d\u2019imatges i text, normalment en una pantalla de projecci\u00f3, tot i que tamb\u00e9 es poden utilitzar per omplir espais. En definitiva, actuen com una pantalla a l\u2019\u00fas, encara que amb algunes difer\u00e8ncies evidents que la converteixen en una soluci\u00f3 avantatjosa per a uns casos i poc recomanable en altres.<\/p>\n<p style=\"text-align: justify;\">Per comen\u00e7ar, pots consultar el nostre article amb alguns consells b\u00e0sics per\u00a0<a title=\"C\u00f3mo elegir el mejor proyector para tu evento audiovisual\" href=\"https:\/\/eikonos.com\/blog\/como-elegir-el-mejor-proyector-para-tu-evento-audiovisual\/\">escollir el millor projector pel teu esdeveniment audiovisual<\/a>.\u00a0<span lang=\"CA\">I per continuar, fem un rep\u00e0s per veure quan tens o pots utilitzar un projector en el teu esdeveniment audiovisual i quan \u00e9s m\u00e9s aconsellable optar per altre solucions m\u00e9s adequades:<\/span><\/p>\n<h2 style=\"text-align: justify;\"><span style=\"color: #ff0000;\">La il\u00b7luminaci\u00f3, un factor decisiu<\/span><\/h2>\n<p>Sense dubte, una de les claus quan busquen solucions pel nostre esdeveniment \u00e9s la il\u00b7luminaci\u00f3 que hi haur\u00e0 en la localitzaci\u00f3 del mateix. Els projectors s\u00f3n recomenable tan per a interior com per a exteriors. Tot i aix\u00ed, sempre hem tenir en compte la il\u00b7luminaci\u00f3, ja que afecta directament en la qualitat de la projecci\u00f3.<\/p>\n<p>Si el nostre esdeveniment tindr\u00e0 lloc en exterior i durant el dia, hem de descartar autom\u00e0ticament els projectors per un problema de contrast. No obstant, trobarem en les pantalles LED una soluci\u00f3 id\u00f2nia.<\/p>\n<p>Per esdeveniment en interior amb llum t\u00e8nue, o de nit, els projectors es converteixen en la millor opci\u00f3, i s\u2019utilitzen habitualment en esdeveniment com el que veiem en la imatge superior de l\u2019Assemblea de Comisionaris del FC Barcelona amb la col\u00b7laboraci\u00f3 d\u2019EIKONOS com a prove\u00efdor audiovisual. \u00c9s important assenyalar que si utilitzarem les projeccions en un escenari, hem de controlar molt b\u00e9 la il\u00b7luminaci\u00f3 per a que no perjudiqui a l\u2019altre.<\/p>\n<h2 style=\"text-align: justify;\"><span style=\"color: #ff0000;\">Projector de video per a esdeveniments, tamb\u00e9 en dist\u00e0ncies curtes<\/span><\/h2>\n<p>Al contrari del que podr\u00edem pensar, un projector tamb\u00e9 \u00e9s \u00fatil en dist\u00e0ncies curtes. En un museu o en exposicions \u00e9s probable que ho hagis vist, i si el teu esdeveniment t\u00e9 lloc en una localitzaci\u00f3 amb poc espai, pots valorar aquesta possibilitat.<\/p>\n<p>La dist\u00e0ncia entre la lent i la pantalla \u00e9s un altre element primordial quan hem d\u2019optar per un projector de v\u00eddeo per a esdeveniments. Es poden utilitzar TFTs o pantalles de plasma, per\u00f2 tamb\u00e9 projectors. La clau en aquest cas, ser\u00e0 tenir en compte aquesta dist\u00e0ncia per poder aix\u00ed escollir el projector m\u00e9s adequat.<\/p>\n<p>Normalment, els projectors necessiten una dist\u00e0ncia m\u00ednima per complir amb les seves funcions a la perfecci\u00f3. En el cas de no disposar d\u2019aquesta dist\u00e0ncia, haurem d\u2019optar per projector que permetin projeccions de curt a molt curt abast:<\/p>\n<p><img loading=\"lazy\" decoding=\"async\" class=\"aligncenter size-full wp-image-3254\" src=\"https:\/\/eikonos.com\/wp-content\/uploads\/2016\/11\/97-distancia-lente-pantalla-proyector-eventos.png\" alt=\"Distancia entre el proyector y la pantalla - EIKONOS\" width=\"950\" height=\"606\" srcset=\"https:\/\/eikonos.com\/wp-content\/uploads\/2016\/11\/97-distancia-lente-pantalla-proyector-eventos.png 950w, https:\/\/eikonos.com\/wp-content\/uploads\/2016\/11\/97-distancia-lente-pantalla-proyector-eventos-300x191.png 300w, https:\/\/eikonos.com\/wp-content\/uploads\/2016\/11\/97-distancia-lente-pantalla-proyector-eventos-768x490.png 768w\" sizes=\"auto, (max-width: 950px) 100vw, 950px\" \/><\/p>\n<p>Per altra banda, sorgeix una altra limitaci\u00f3: el posicionament de la pantalla, el projector i l\u2019espectador. Si l\u2019observador es col\u00b7loca entre la pantalla i el projector, la projecci\u00f3 es realitzar\u00e0 sobre el seu cos i en la pantalla veurem la ombra que es produeix. Per evitar-ho, la retroprojecci\u00f3 ser\u00e0 l\u2019opci\u00f3 m\u00e9s viable ja que canvia la distribuci\u00f3 d\u2019aquests tres elements de forma que el projector es troba rere la pantalla, i no davant a ella.<\/p>\n<h2 style=\"text-align: justify;\"><span style=\"color: #ff0000;\">Projectar en qualsevol superf\u00edcie<\/span><\/h2>\n<p>Una altra avantatge de les projeccions es que aconsegueixen imatges en diferents formats. Acostumats actualment a un format panor\u00e0mic en 16:9, els projector permeten aconseguir, per exemple, pantalles molt m\u00e9s panor\u00e0miques, com la de la imatge del inici. Aquest s\u2019aconsegueix gr\u00e0cies a la combinaci\u00f3 de varis projectors que fusiones les seves imatges a trav\u00e9s de la t\u00e8cnica del blending.<\/p>\n<p>El mapping \u00e9s una altra soluci\u00f3 quan busques un efecte impactant ja que permet projectar sobre qualsevol superf\u00edcie obtenint resultats realment cridaners.<\/p>\n<blockquote>\n<p style=\"text-align: center;\"><span style=\"color: #ff0000;\"><strong><em>El mapping ses pot aplicar qualsevol superf\u00edcie, <\/em><\/strong><em>aconseguint tot tipus d\u2019efectes en edificis, per\u00f2 tamb\u00e9 en espais i objectes de qualsevol mesura i incl\u00fas en persones.\u00a0<\/em><\/span><\/p>\n<\/blockquote>\n<p style=\"text-align: justify;\"><span lang=\"CA\">En aquest aspecte , \u00e9s important contactar amb els millors professionals per<\/span><a title=\"Sacar el m\u00e1ximo provecho a un mapping audiovisual\" href=\"https:\/\/eikonos.com\/blog\/maximo-provecho-mapping-audiovisual\/\"><span lang=\"CA\">\u00a0treure<\/span>\u00a0el m\u00e0xim profit a un mapping audiovisual<\/a>. Com diem, el mapping pot aconseguir un efecte impactant, per\u00f2 si no comptem amb l\u2019ajuda de professionals, el resultat pot donar l\u2019efecte totalment contrari al esperat ja que actualment la gent \u00e9s bastant exigent i les seves expectatives vers a un mapping acostumen a ser elevades.<\/p>\n<p>En definitiva, com veiem, les possibilitats dels projectors s\u00f3n m\u00e9s amplies del esperat. S\u2019utilitzen en confer\u00e8ncies, per\u00f2 tamb\u00e9 en esdeveniments de menor mesura i en exteriors. El important \u00e9s saber quan es pot utilitzar i quan hem d\u2019optar per altres.<\/p>\n<p>Si tens algun dubte al respecte o necessites m\u00e9s informaci\u00f3 per organitzar el teu esdeveniment, deixa un comentari m\u00e9s a baix o contacta amb nosaltres. <strong>Parlem!<\/strong><\/p>\n<p><a href=\"https:\/\/eikonos.com\/ca\/serveis\/lloguer-equips\/\"><img loading=\"lazy\" decoding=\"async\" class=\"aligncenter wp-image-3091 size-full\" src=\"https:\/\/eikonos.com\/wp-content\/uploads\/2016\/07\/eikonos-cta-equips-audiovisuals-de-lloguer-2.png\" alt=\"EIKONOS lloguer d'equips per a esdeveniments audiovisuals\" width=\"741\" height=\"250\" srcset=\"https:\/\/eikonos.com\/wp-content\/uploads\/2016\/07\/eikonos-cta-equips-audiovisuals-de-lloguer-2.png 741w, https:\/\/eikonos.com\/wp-content\/uploads\/2016\/07\/eikonos-cta-equips-audiovisuals-de-lloguer-2-300x101.png 300w\" sizes=\"auto, (max-width: 741px) 100vw, 741px\" \/><\/a><\/p>\n","protected":false},"excerpt":{"rendered":"<p>El projector de v\u00eddeo \u00e9s una eina molt utilitzada en multitud d\u2019esdeveniment i projectes audiovisuals&#8230;.<\/p>\n","protected":false},"author":6,"featured_media":4356,"comment_status":"open","ping_status":"open","sticky":false,"template":"","format":"standard","meta":{"_acf_changed":false,"footnotes":""},"categories":[262],"tags":[],"class_list":["post-3270","post","type-post","status-publish","format-standard","has-post-thumbnail","hentry","category-lloguer-dequips"],"acf":[],"yoast_head":"<!-- This site is optimized with the Yoast SEO plugin v26.3 - https:\/\/yoast.com\/wordpress\/plugins\/seo\/ -->\n<title>Espais en els que treballar amb un projector de v\u00eddeo per a esdeveniments | EIKONOS<\/title>\n<meta name=\"description\" content=\"El proyector de v\u00eddeo es una herramienta muy utilizada en multitud de eventos y proyectos audiovisuales. La raz\u00f3n es que permiten ofrecer informaci\u00f3n de forma clara y relativamente sencilla a trav\u00e9s de la proyecci\u00f3n de im\u00e1genes y texto, normalmente sobre una pantalla de proyecci\u00f3n, a\" \/>\n<meta name=\"robots\" content=\"index, follow, max-snippet:-1, max-image-preview:large, max-video-preview:-1\" \/>\n<link rel=\"canonical\" href=\"https:\/\/eikonos.com\/ca\/blog\/espais-en-els-que-treballar-amb-projector-video-per-esdeveniments\/\" \/>\n<meta property=\"og:locale\" content=\"ca_ES\" \/>\n<meta property=\"og:type\" content=\"article\" \/>\n<meta property=\"og:title\" content=\"Espais en els que treballar amb un projector de v\u00eddeo per a esdeveniments | EIKONOS\" \/>\n<meta property=\"og:description\" content=\"El proyector de v\u00eddeo es una herramienta muy utilizada en multitud de eventos y proyectos audiovisuales. La raz\u00f3n es que permiten ofrecer informaci\u00f3n de forma clara y relativamente sencilla a trav\u00e9s de la proyecci\u00f3n de im\u00e1genes y texto, normalmente sobre una pantalla de proyecci\u00f3n, a\" \/>\n<meta property=\"og:url\" content=\"https:\/\/eikonos.com\/ca\/blog\/espais-en-els-que-treballar-amb-projector-video-per-esdeveniments\/\" \/>\n<meta property=\"og:site_name\" content=\"EIKONOS\" \/>\n<meta property=\"article:publisher\" content=\"http:\/\/www.facebook.com\/pages\/Eikonos\/176324785746790\" \/>\n<meta property=\"article:published_time\" content=\"2016-11-16T17:47:50+00:00\" \/>\n<meta property=\"og:image\" content=\"https:\/\/eikonos.com\/wp-content\/uploads\/2016\/10\/eikonos-proyector-video-eventos.jpg\" \/>\n\t<meta property=\"og:image:width\" content=\"800\" \/>\n\t<meta property=\"og:image:height\" content=\"580\" \/>\n\t<meta property=\"og:image:type\" content=\"image\/jpeg\" \/>\n<meta name=\"author\" content=\"Xavi Eikonos\" \/>\n<meta name=\"twitter:card\" content=\"summary_large_image\" \/>\n<meta name=\"twitter:creator\" content=\"@eikonos_sa\" \/>\n<meta name=\"twitter:site\" content=\"@eikonos_sa\" \/>\n<meta name=\"twitter:label1\" content=\"Escrit per\" \/>\n\t<meta name=\"twitter:data1\" content=\"Xavi Eikonos\" \/>\n\t<meta name=\"twitter:label2\" content=\"Temps estimat de lectura\" \/>\n\t<meta name=\"twitter:data2\" content=\"4 minuts\" \/>\n<script type=\"application\/ld+json\" class=\"yoast-schema-graph\">{\"@context\":\"https:\/\/schema.org\",\"@graph\":[{\"@type\":\"Article\",\"@id\":\"https:\/\/eikonos.com\/ca\/blog\/espais-en-els-que-treballar-amb-projector-video-per-esdeveniments\/#article\",\"isPartOf\":{\"@id\":\"https:\/\/eikonos.com\/ca\/blog\/espais-en-els-que-treballar-amb-projector-video-per-esdeveniments\/\"},\"author\":{\"name\":\"Xavi Eikonos\",\"@id\":\"https:\/\/eikonos.com\/ca\/#\/schema\/person\/82032860cc314d826959b90595a5280a\"},\"headline\":\"Espais en els que treballar amb un projector de v\u00eddeo per a esdeveniments\",\"datePublished\":\"2016-11-16T17:47:50+00:00\",\"mainEntityOfPage\":{\"@id\":\"https:\/\/eikonos.com\/ca\/blog\/espais-en-els-que-treballar-amb-projector-video-per-esdeveniments\/\"},\"wordCount\":837,\"commentCount\":0,\"publisher\":{\"@id\":\"https:\/\/eikonos.com\/ca\/#organization\"},\"image\":{\"@id\":\"https:\/\/eikonos.com\/ca\/blog\/espais-en-els-que-treballar-amb-projector-video-per-esdeveniments\/#primaryimage\"},\"thumbnailUrl\":\"https:\/\/eikonos.com\/wp-content\/uploads\/2016\/10\/eikonos-proyector-video-eventos.jpg\",\"articleSection\":[\"Lloguer d'equips\"],\"inLanguage\":\"ca\",\"potentialAction\":[{\"@type\":\"CommentAction\",\"name\":\"Comment\",\"target\":[\"https:\/\/eikonos.com\/ca\/blog\/espais-en-els-que-treballar-amb-projector-video-per-esdeveniments\/#respond\"]}]},{\"@type\":\"WebPage\",\"@id\":\"https:\/\/eikonos.com\/ca\/blog\/espais-en-els-que-treballar-amb-projector-video-per-esdeveniments\/\",\"url\":\"https:\/\/eikonos.com\/ca\/blog\/espais-en-els-que-treballar-amb-projector-video-per-esdeveniments\/\",\"name\":\"Espais en els que treballar amb un projector de v\u00eddeo per a esdeveniments | EIKONOS\",\"isPartOf\":{\"@id\":\"https:\/\/eikonos.com\/ca\/#website\"},\"primaryImageOfPage\":{\"@id\":\"https:\/\/eikonos.com\/ca\/blog\/espais-en-els-que-treballar-amb-projector-video-per-esdeveniments\/#primaryimage\"},\"image\":{\"@id\":\"https:\/\/eikonos.com\/ca\/blog\/espais-en-els-que-treballar-amb-projector-video-per-esdeveniments\/#primaryimage\"},\"thumbnailUrl\":\"https:\/\/eikonos.com\/wp-content\/uploads\/2016\/10\/eikonos-proyector-video-eventos.jpg\",\"datePublished\":\"2016-11-16T17:47:50+00:00\",\"description\":\"El proyector de v\u00eddeo es una herramienta muy utilizada en multitud de eventos y proyectos audiovisuales. La raz\u00f3n es que permiten ofrecer informaci\u00f3n de forma clara y relativamente sencilla a trav\u00e9s de la proyecci\u00f3n de im\u00e1genes y texto, normalmente sobre una pantalla de proyecci\u00f3n, a\",\"breadcrumb\":{\"@id\":\"https:\/\/eikonos.com\/ca\/blog\/espais-en-els-que-treballar-amb-projector-video-per-esdeveniments\/#breadcrumb\"},\"inLanguage\":\"ca\",\"potentialAction\":[{\"@type\":\"ReadAction\",\"target\":[\"https:\/\/eikonos.com\/ca\/blog\/espais-en-els-que-treballar-amb-projector-video-per-esdeveniments\/\"]}]},{\"@type\":\"ImageObject\",\"inLanguage\":\"ca\",\"@id\":\"https:\/\/eikonos.com\/ca\/blog\/espais-en-els-que-treballar-amb-projector-video-per-esdeveniments\/#primaryimage\",\"url\":\"https:\/\/eikonos.com\/wp-content\/uploads\/2016\/10\/eikonos-proyector-video-eventos.jpg\",\"contentUrl\":\"https:\/\/eikonos.com\/wp-content\/uploads\/2016\/10\/eikonos-proyector-video-eventos.jpg\",\"width\":800,\"height\":580,\"caption\":\"Eikonos proyector video eventos\"},{\"@type\":\"BreadcrumbList\",\"@id\":\"https:\/\/eikonos.com\/ca\/blog\/espais-en-els-que-treballar-amb-projector-video-per-esdeveniments\/#breadcrumb\",\"itemListElement\":[{\"@type\":\"ListItem\",\"position\":1,\"name\":\"EIKONOS\",\"item\":\"https:\/\/eikonos.com\/ca\/inici\/\"},{\"@type\":\"ListItem\",\"position\":2,\"name\":\"Espais en els que treballar amb un projector de v\u00eddeo per a esdeveniments\"}]},{\"@type\":\"WebSite\",\"@id\":\"https:\/\/eikonos.com\/ca\/#website\",\"url\":\"https:\/\/eikonos.com\/ca\/\",\"name\":\"EIKONOS\",\"description\":\"EXPERIENCIA AUDIOVISUAL\",\"publisher\":{\"@id\":\"https:\/\/eikonos.com\/ca\/#organization\"},\"potentialAction\":[{\"@type\":\"SearchAction\",\"target\":{\"@type\":\"EntryPoint\",\"urlTemplate\":\"https:\/\/eikonos.com\/ca\/?s={search_term_string}\"},\"query-input\":{\"@type\":\"PropertyValueSpecification\",\"valueRequired\":true,\"valueName\":\"search_term_string\"}}],\"inLanguage\":\"ca\"},{\"@type\":\"Organization\",\"@id\":\"https:\/\/eikonos.com\/ca\/#organization\",\"name\":\"EIKONOS | Servicios Audiovisuales, eventos y alquiler de equipos\",\"url\":\"https:\/\/eikonos.com\/ca\/\",\"logo\":{\"@type\":\"ImageObject\",\"inLanguage\":\"ca\",\"@id\":\"https:\/\/eikonos.com\/ca\/#\/schema\/logo\/image\/\",\"url\":\"https:\/\/eikonos.com\/wp-content\/uploads\/2020\/08\/logo-color.png\",\"contentUrl\":\"https:\/\/eikonos.com\/wp-content\/uploads\/2020\/08\/logo-color.png\",\"width\":376,\"height\":122,\"caption\":\"EIKONOS | Servicios Audiovisuales, eventos y alquiler de equipos\"},\"image\":{\"@id\":\"https:\/\/eikonos.com\/ca\/#\/schema\/logo\/image\/\"},\"sameAs\":[\"http:\/\/www.facebook.com\/pages\/Eikonos\/176324785746790\",\"https:\/\/x.com\/eikonos_sa\",\"http:\/\/www.linkedin.com\/company\/eikonos\",\"http:\/\/www.youtube.com\/channel\/UC8wcizWaAYbfsuqVf9wIT6w\"]},{\"@type\":\"Person\",\"@id\":\"https:\/\/eikonos.com\/ca\/#\/schema\/person\/82032860cc314d826959b90595a5280a\",\"name\":\"Xavi Eikonos\",\"image\":{\"@type\":\"ImageObject\",\"inLanguage\":\"ca\",\"@id\":\"https:\/\/eikonos.com\/ca\/#\/schema\/person\/image\/\",\"url\":\"https:\/\/secure.gravatar.com\/avatar\/a6c6b51dd0ac6902701aab24a914f6febe1518f94a5ae06db08b3d6107248dfd?s=96&d=mm&r=g\",\"contentUrl\":\"https:\/\/secure.gravatar.com\/avatar\/a6c6b51dd0ac6902701aab24a914f6febe1518f94a5ae06db08b3d6107248dfd?s=96&d=mm&r=g\",\"caption\":\"Xavi Eikonos\"}}]}<\/script>\n<!-- \/ Yoast SEO plugin. -->","yoast_head_json":{"title":"Espais en els que treballar amb un projector de v\u00eddeo per a esdeveniments | EIKONOS","description":"El proyector de v\u00eddeo es una herramienta muy utilizada en multitud de eventos y proyectos audiovisuales. La raz\u00f3n es que permiten ofrecer informaci\u00f3n de forma clara y relativamente sencilla a trav\u00e9s de la proyecci\u00f3n de im\u00e1genes y texto, normalmente sobre una pantalla de proyecci\u00f3n, a","robots":{"index":"index","follow":"follow","max-snippet":"max-snippet:-1","max-image-preview":"max-image-preview:large","max-video-preview":"max-video-preview:-1"},"canonical":"https:\/\/eikonos.com\/ca\/blog\/espais-en-els-que-treballar-amb-projector-video-per-esdeveniments\/","og_locale":"ca_ES","og_type":"article","og_title":"Espais en els que treballar amb un projector de v\u00eddeo per a esdeveniments | EIKONOS","og_description":"El proyector de v\u00eddeo es una herramienta muy utilizada en multitud de eventos y proyectos audiovisuales. La raz\u00f3n es que permiten ofrecer informaci\u00f3n de forma clara y relativamente sencilla a trav\u00e9s de la proyecci\u00f3n de im\u00e1genes y texto, normalmente sobre una pantalla de proyecci\u00f3n, a","og_url":"https:\/\/eikonos.com\/ca\/blog\/espais-en-els-que-treballar-amb-projector-video-per-esdeveniments\/","og_site_name":"EIKONOS","article_publisher":"http:\/\/www.facebook.com\/pages\/Eikonos\/176324785746790","article_published_time":"2016-11-16T17:47:50+00:00","og_image":[{"width":800,"height":580,"url":"https:\/\/eikonos.com\/wp-content\/uploads\/2016\/10\/eikonos-proyector-video-eventos.jpg","type":"image\/jpeg"}],"author":"Xavi Eikonos","twitter_card":"summary_large_image","twitter_creator":"@eikonos_sa","twitter_site":"@eikonos_sa","twitter_misc":{"Escrit per":"Xavi Eikonos","Temps estimat de lectura":"4 minuts"},"schema":{"@context":"https:\/\/schema.org","@graph":[{"@type":"Article","@id":"https:\/\/eikonos.com\/ca\/blog\/espais-en-els-que-treballar-amb-projector-video-per-esdeveniments\/#article","isPartOf":{"@id":"https:\/\/eikonos.com\/ca\/blog\/espais-en-els-que-treballar-amb-projector-video-per-esdeveniments\/"},"author":{"name":"Xavi Eikonos","@id":"https:\/\/eikonos.com\/ca\/#\/schema\/person\/82032860cc314d826959b90595a5280a"},"headline":"Espais en els que treballar amb un projector de v\u00eddeo per a esdeveniments","datePublished":"2016-11-16T17:47:50+00:00","mainEntityOfPage":{"@id":"https:\/\/eikonos.com\/ca\/blog\/espais-en-els-que-treballar-amb-projector-video-per-esdeveniments\/"},"wordCount":837,"commentCount":0,"publisher":{"@id":"https:\/\/eikonos.com\/ca\/#organization"},"image":{"@id":"https:\/\/eikonos.com\/ca\/blog\/espais-en-els-que-treballar-amb-projector-video-per-esdeveniments\/#primaryimage"},"thumbnailUrl":"https:\/\/eikonos.com\/wp-content\/uploads\/2016\/10\/eikonos-proyector-video-eventos.jpg","articleSection":["Lloguer d'equips"],"inLanguage":"ca","potentialAction":[{"@type":"CommentAction","name":"Comment","target":["https:\/\/eikonos.com\/ca\/blog\/espais-en-els-que-treballar-amb-projector-video-per-esdeveniments\/#respond"]}]},{"@type":"WebPage","@id":"https:\/\/eikonos.com\/ca\/blog\/espais-en-els-que-treballar-amb-projector-video-per-esdeveniments\/","url":"https:\/\/eikonos.com\/ca\/blog\/espais-en-els-que-treballar-amb-projector-video-per-esdeveniments\/","name":"Espais en els que treballar amb un projector de v\u00eddeo per a esdeveniments | EIKONOS","isPartOf":{"@id":"https:\/\/eikonos.com\/ca\/#website"},"primaryImageOfPage":{"@id":"https:\/\/eikonos.com\/ca\/blog\/espais-en-els-que-treballar-amb-projector-video-per-esdeveniments\/#primaryimage"},"image":{"@id":"https:\/\/eikonos.com\/ca\/blog\/espais-en-els-que-treballar-amb-projector-video-per-esdeveniments\/#primaryimage"},"thumbnailUrl":"https:\/\/eikonos.com\/wp-content\/uploads\/2016\/10\/eikonos-proyector-video-eventos.jpg","datePublished":"2016-11-16T17:47:50+00:00","description":"El proyector de v\u00eddeo es una herramienta muy utilizada en multitud de eventos y proyectos audiovisuales. La raz\u00f3n es que permiten ofrecer informaci\u00f3n de forma clara y relativamente sencilla a trav\u00e9s de la proyecci\u00f3n de im\u00e1genes y texto, normalmente sobre una pantalla de proyecci\u00f3n, a","breadcrumb":{"@id":"https:\/\/eikonos.com\/ca\/blog\/espais-en-els-que-treballar-amb-projector-video-per-esdeveniments\/#breadcrumb"},"inLanguage":"ca","potentialAction":[{"@type":"ReadAction","target":["https:\/\/eikonos.com\/ca\/blog\/espais-en-els-que-treballar-amb-projector-video-per-esdeveniments\/"]}]},{"@type":"ImageObject","inLanguage":"ca","@id":"https:\/\/eikonos.com\/ca\/blog\/espais-en-els-que-treballar-amb-projector-video-per-esdeveniments\/#primaryimage","url":"https:\/\/eikonos.com\/wp-content\/uploads\/2016\/10\/eikonos-proyector-video-eventos.jpg","contentUrl":"https:\/\/eikonos.com\/wp-content\/uploads\/2016\/10\/eikonos-proyector-video-eventos.jpg","width":800,"height":580,"caption":"Eikonos proyector video eventos"},{"@type":"BreadcrumbList","@id":"https:\/\/eikonos.com\/ca\/blog\/espais-en-els-que-treballar-amb-projector-video-per-esdeveniments\/#breadcrumb","itemListElement":[{"@type":"ListItem","position":1,"name":"EIKONOS","item":"https:\/\/eikonos.com\/ca\/inici\/"},{"@type":"ListItem","position":2,"name":"Espais en els que treballar amb un projector de v\u00eddeo per a esdeveniments"}]},{"@type":"WebSite","@id":"https:\/\/eikonos.com\/ca\/#website","url":"https:\/\/eikonos.com\/ca\/","name":"EIKONOS","description":"EXPERIENCIA AUDIOVISUAL","publisher":{"@id":"https:\/\/eikonos.com\/ca\/#organization"},"potentialAction":[{"@type":"SearchAction","target":{"@type":"EntryPoint","urlTemplate":"https:\/\/eikonos.com\/ca\/?s={search_term_string}"},"query-input":{"@type":"PropertyValueSpecification","valueRequired":true,"valueName":"search_term_string"}}],"inLanguage":"ca"},{"@type":"Organization","@id":"https:\/\/eikonos.com\/ca\/#organization","name":"EIKONOS | Servicios Audiovisuales, eventos y alquiler de equipos","url":"https:\/\/eikonos.com\/ca\/","logo":{"@type":"ImageObject","inLanguage":"ca","@id":"https:\/\/eikonos.com\/ca\/#\/schema\/logo\/image\/","url":"https:\/\/eikonos.com\/wp-content\/uploads\/2020\/08\/logo-color.png","contentUrl":"https:\/\/eikonos.com\/wp-content\/uploads\/2020\/08\/logo-color.png","width":376,"height":122,"caption":"EIKONOS | Servicios Audiovisuales, eventos y alquiler de equipos"},"image":{"@id":"https:\/\/eikonos.com\/ca\/#\/schema\/logo\/image\/"},"sameAs":["http:\/\/www.facebook.com\/pages\/Eikonos\/176324785746790","https:\/\/x.com\/eikonos_sa","http:\/\/www.linkedin.com\/company\/eikonos","http:\/\/www.youtube.com\/channel\/UC8wcizWaAYbfsuqVf9wIT6w"]},{"@type":"Person","@id":"https:\/\/eikonos.com\/ca\/#\/schema\/person\/82032860cc314d826959b90595a5280a","name":"Xavi Eikonos","image":{"@type":"ImageObject","inLanguage":"ca","@id":"https:\/\/eikonos.com\/ca\/#\/schema\/person\/image\/","url":"https:\/\/secure.gravatar.com\/avatar\/a6c6b51dd0ac6902701aab24a914f6febe1518f94a5ae06db08b3d6107248dfd?s=96&d=mm&r=g","contentUrl":"https:\/\/secure.gravatar.com\/avatar\/a6c6b51dd0ac6902701aab24a914f6febe1518f94a5ae06db08b3d6107248dfd?s=96&d=mm&r=g","caption":"Xavi Eikonos"}}]}},"_links":{"self":[{"href":"https:\/\/eikonos.com\/ca\/wp-json\/wp\/v2\/posts\/3270","targetHints":{"allow":["GET"]}}],"collection":[{"href":"https:\/\/eikonos.com\/ca\/wp-json\/wp\/v2\/posts"}],"about":[{"href":"https:\/\/eikonos.com\/ca\/wp-json\/wp\/v2\/types\/post"}],"author":[{"embeddable":true,"href":"https:\/\/eikonos.com\/ca\/wp-json\/wp\/v2\/users\/6"}],"replies":[{"embeddable":true,"href":"https:\/\/eikonos.com\/ca\/wp-json\/wp\/v2\/comments?post=3270"}],"version-history":[{"count":0,"href":"https:\/\/eikonos.com\/ca\/wp-json\/wp\/v2\/posts\/3270\/revisions"}],"wp:featuredmedia":[{"embeddable":true,"href":"https:\/\/eikonos.com\/ca\/wp-json\/wp\/v2\/media\/4356"}],"wp:attachment":[{"href":"https:\/\/eikonos.com\/ca\/wp-json\/wp\/v2\/media?parent=3270"}],"wp:term":[{"taxonomy":"category","embeddable":true,"href":"https:\/\/eikonos.com\/ca\/wp-json\/wp\/v2\/categories?post=3270"},{"taxonomy":"post_tag","embeddable":true,"href":"https:\/\/eikonos.com\/ca\/wp-json\/wp\/v2\/tags?post=3270"}],"curies":[{"name":"wp","href":"https:\/\/api.w.org\/{rel}","templated":true}]}}