{"id":3241,"date":"2016-10-07T17:41:17","date_gmt":"2016-10-07T15:41:17","guid":{"rendered":"http:\/\/eikonos.com\/?p=3241"},"modified":"2016-10-07T17:41:17","modified_gmt":"2016-10-07T15:41:17","slug":"equips-audiovisuals-per-a-platos-de-televisio-2","status":"publish","type":"post","link":"https:\/\/eikonos.com\/ca\/blog\/equips-audiovisuals-per-a-platos-de-televisio-2\/","title":{"rendered":"Equips audiovisuals per a plat\u00f3s de televisi\u00f3"},"content":{"rendered":"<p style=\"text-align: justify;\">Quan parlem de l\u2019equipament i els mitjans necessaris en un plat\u00f3 de televisi\u00f3, podem pensar en la multitud d\u2019equips fonamentals: pantalles, decorats, focus, micr\u00f2fons&#8230; Tot i aix\u00ed, tamb\u00e9 \u00e9s important recordar lo imprescindible que resulten tots aquells equips que no es veuen davant de la c\u00e0mera, per\u00f2 sense els quals no seria possible realitzar cap programa ni contingut audiovisual per a la televisi\u00f3.<\/p>\n<p style=\"text-align: justify;\"><strong>A EIKONOS treballem aquestes dues parts. <\/strong>Per una banda, la part m\u00e9s t\u00e8cnics d\u2019equips audiovisuals professionals per aconseguir que tot funcioni correctament i que cada equip compleixi amb la seva funci\u00f3 en els\u00a0<a title=\"Plat\u00f3s de TV y Rodajes\" href=\"https:\/\/eikonos.com\/portfolio_page\/platos-de-tv-y-rodajes\/\">plat\u00f3s de TV i rodatges<\/a>, especialment quan parlem de retransmissions en directe en plat\u00f3s m\u00f2bils. I, per una altra banda, aquell que veuran els espectadors en la petita pantalla amb decorats, pantalles, etc.<\/p>\n<p style=\"text-align: justify;\">Pot semblar un treball senzills, per\u00f2 saber quin requisits necessita un plat\u00f3 de televisi\u00f3 i aconseguir que tots funcionin al un\u00edson no \u00e9s tan f\u00e0cil com sembla. Per aix\u00f2 hem preparat aquest article per definir qu\u00e8 has de tenir en compte en el moment de pressupostar i equipar un plat\u00f3 de televisi\u00f3.<\/p>\n<h2 style=\"text-align: justify;\"><span style=\"color: #ff0000;\">Condicionants dels audiovisuals per a plat\u00f3s<\/span><\/h2>\n<p style=\"text-align: justify;\">Evidentment, necessitar\u00e0s un punt de partida des del que comen\u00e7ar a pensar qu\u00e8 s\u2019utilitzar\u00e0, quins equips s\u00f3n fonamentals i quins s\u00f3n absolutament prescindibles. Aquest punt de partida vindr\u00e0 definit per dos aspectes.<\/p>\n<p style=\"text-align: justify;\">El primer \u00e9s <strong>l\u2019\u00fas que tindr\u00e0 aquest plat\u00f3. <\/strong>Per exemple, si ser\u00e0 un plat\u00f3 per a un magazine del mat\u00ed, tindr\u00e0s uns requeriments molt espec\u00edfics i diferents que si ho pensem per un programa com El Hormiguero. En quest cas, saps que per captar els experiments i jocs que es realitzaran necessitar\u00e0s equips d\u2019il\u00b7luminaci\u00f3 i c\u00e0meres especials per adaptar-se i fer plans aeris o sota l\u2019aigua. En canvi, en el magazine del mat\u00ed, els requeriments t\u00e8cnics poden ser m\u00e9s \u201csimples\u201d, limitant-se a equips b\u00e0sics de gravaci\u00f3, il\u00b7luminaci\u00f3 i so.<\/p>\n<p style=\"text-align: justify;\">Evidentment, tots els plat\u00f3s necessitaran altres elements no tan b\u00e0sics, per\u00f2 igualment imprescindibles com les pantalles i els panels LED que serveixin de fons (com en el cas de LateMotiv de Buenafuente, un plat\u00f3 equipat i condicionat per EIKONOS) o que aporten informaci\u00f3 i dades a un debat o entrevista (com en el Objectivo d\u2019Ana Pastor).<\/p>\n<p style=\"text-align: justify;\">El segon condicionant \u00e9s el de sempre: <strong>el pressupost. <\/strong>No \u00e9s el mateix treballar en una televisi\u00f3 p\u00fablica que en una privada, de la mateixa manera que no \u00e9s el mateix treballar per a una televisi\u00f3 local, auton\u00f2mica o nacional. El pressupost \u00e9s un factor que sempre condiciona i que pot servir com a base per comen\u00e7ar a definir cada projecte. A partir d\u2019aqu\u00ed podr\u00e0s saber si pots comptar amb una pantalla gegant LED, pantalles de plasma, drons que comptin imatges des de l\u2019aire i un llarg etc\u00e8tera de possibilitats.<\/p>\n<h2 style=\"text-align: justify;\"><span style=\"color: #ff0000;\">Audiovisuals per a la sala de control<\/span><\/h2>\n<p style=\"text-align: justify;\"><span lang=\"CA\">La sala de control \u00e9s una altra de les instal\u00b7lacions que no es poden descuidar dintre d\u2019un plat\u00f3 de televisi\u00f3. Si treballes en una ja ho sabr\u00e0s: taules de mescles, sistemes de control, quadrants amb multi-entrada o<\/span><a title=\"Videowalls para salas de control, la mejor tecnolog\u00eda para los mejores resultados\" href=\"https:\/\/eikonos.com\/blog\/videowalls-para-salas-de-control-la-mejor-tecnologia-para-los-mejores-resultados\/\"><span lang=\"CA\">\u00a0<\/span>videowalls per a sales de control<\/a>, equips inform\u00e0tics&#8230;<\/p>\n<p style=\"text-align: justify;\">Aquestes sales han de comptar amb la tecnologia i els equips audiovisuals m\u00e9s adequats amb l\u2019objectiu de que els professional que all\u00e0 treballin puguin treure el m\u00e0xim rendiment i els millors resultats.<\/p>\n<p style=\"text-align: justify;\">Amb aquest punts definits, ja pots contactar amb el teu prove\u00efdors audiovisual per a que t\u2019assessori i t\u2019ajudi a trobar tots els equips necessari per equipar el plat\u00f3 de televisi\u00f3. A EIKONOS disposem d\u2019un ampli cat\u00e0leg de lloguer d\u2019equips audiovisuals que t\u2019ajudaran a completar els teus plat\u00f3s de TV i rodatges. <strong>Tenim tot el que puguis necessitar <\/strong>i si no, nosaltres ens encarreguem de trobar-ho per posar-ho al teu servei.<\/p>\n<p><a href=\"https:\/\/eikonos.com\/servicios\/eventos-audiovisuales\/\"><img loading=\"lazy\" decoding=\"async\" class=\"aligncenter wp-image-3135 size-full\" src=\"https:\/\/eikonos.com\/wp-content\/uploads\/2016\/07\/eikonos-cta-organitzacio-esdeveniments-audiovisuals.png\" alt=\"\" width=\"741\" height=\"250\" srcset=\"https:\/\/eikonos.com\/wp-content\/uploads\/2016\/07\/eikonos-cta-organitzacio-esdeveniments-audiovisuals.png 741w, https:\/\/eikonos.com\/wp-content\/uploads\/2016\/07\/eikonos-cta-organitzacio-esdeveniments-audiovisuals-300x101.png 300w\" sizes=\"auto, (max-width: 741px) 100vw, 741px\" \/><\/a><\/p>\n","protected":false},"excerpt":{"rendered":"<p>Quan parlem de l\u2019equipament i els mitjans necessaris en un plat\u00f3 de televisi\u00f3, podem pensar&#8230;<\/p>\n","protected":false},"author":6,"featured_media":3236,"comment_status":"open","ping_status":"open","sticky":false,"template":"","format":"standard","meta":{"_acf_changed":false,"footnotes":""},"categories":[255],"tags":[],"class_list":["post-3241","post","type-post","status-publish","format-standard","has-post-thumbnail","hentry","category-installacions-fixes"],"acf":[],"yoast_head":"<!-- This site is optimized with the Yoast SEO plugin v26.3 - https:\/\/yoast.com\/wordpress\/plugins\/seo\/ -->\n<title>Equips audiovisuals per a plat\u00f3s de televisi\u00f3 | EIKONOS<\/title>\n<meta name=\"description\" content=\"uando hablamos del equipamiento y equipos audiovisuales para plat\u00f3s de televisi\u00f3n, pensamos en multitud de equipos que vemos delante de la c\u00e1mara pero tambi\u00e9n\" \/>\n<meta name=\"robots\" content=\"index, follow, max-snippet:-1, max-image-preview:large, max-video-preview:-1\" \/>\n<link rel=\"canonical\" href=\"https:\/\/eikonos.com\/ca\/blog\/equips-audiovisuals-per-a-platos-de-televisio-2\/\" \/>\n<meta property=\"og:locale\" content=\"ca_ES\" \/>\n<meta property=\"og:type\" content=\"article\" \/>\n<meta property=\"og:title\" content=\"Equips audiovisuals per a plat\u00f3s de televisi\u00f3 | EIKONOS\" \/>\n<meta property=\"og:description\" content=\"uando hablamos del equipamiento y equipos audiovisuales para plat\u00f3s de televisi\u00f3n, pensamos en multitud de equipos que vemos delante de la c\u00e1mara pero tambi\u00e9n\" \/>\n<meta property=\"og:url\" content=\"https:\/\/eikonos.com\/ca\/blog\/equips-audiovisuals-per-a-platos-de-televisio-2\/\" \/>\n<meta property=\"og:site_name\" content=\"EIKONOS\" \/>\n<meta property=\"article:publisher\" content=\"http:\/\/www.facebook.com\/pages\/Eikonos\/176324785746790\" \/>\n<meta property=\"article:published_time\" content=\"2016-10-07T15:41:17+00:00\" \/>\n<meta property=\"og:image\" content=\"https:\/\/eikonos.com\/wp-content\/uploads\/2016\/10\/plato-late-motiv.jpg\" \/>\n\t<meta property=\"og:image:width\" content=\"750\" \/>\n\t<meta property=\"og:image:height\" content=\"563\" \/>\n\t<meta property=\"og:image:type\" content=\"image\/jpeg\" \/>\n<meta name=\"author\" content=\"Xavi Eikonos\" \/>\n<meta name=\"twitter:card\" content=\"summary_large_image\" \/>\n<meta name=\"twitter:creator\" content=\"@eikonos_sa\" \/>\n<meta name=\"twitter:site\" content=\"@eikonos_sa\" \/>\n<meta name=\"twitter:label1\" content=\"Escrit per\" \/>\n\t<meta name=\"twitter:data1\" content=\"Xavi Eikonos\" \/>\n\t<meta name=\"twitter:label2\" content=\"Temps estimat de lectura\" \/>\n\t<meta name=\"twitter:data2\" content=\"3 minuts\" \/>\n<script type=\"application\/ld+json\" class=\"yoast-schema-graph\">{\"@context\":\"https:\/\/schema.org\",\"@graph\":[{\"@type\":\"Article\",\"@id\":\"https:\/\/eikonos.com\/ca\/blog\/equips-audiovisuals-per-a-platos-de-televisio-2\/#article\",\"isPartOf\":{\"@id\":\"https:\/\/eikonos.com\/ca\/blog\/equips-audiovisuals-per-a-platos-de-televisio-2\/\"},\"author\":{\"name\":\"Xavi Eikonos\",\"@id\":\"https:\/\/eikonos.com\/ca\/#\/schema\/person\/82032860cc314d826959b90595a5280a\"},\"headline\":\"Equips audiovisuals per a plat\u00f3s de televisi\u00f3\",\"datePublished\":\"2016-10-07T15:41:17+00:00\",\"mainEntityOfPage\":{\"@id\":\"https:\/\/eikonos.com\/ca\/blog\/equips-audiovisuals-per-a-platos-de-televisio-2\/\"},\"wordCount\":671,\"commentCount\":0,\"publisher\":{\"@id\":\"https:\/\/eikonos.com\/ca\/#organization\"},\"image\":{\"@id\":\"https:\/\/eikonos.com\/ca\/blog\/equips-audiovisuals-per-a-platos-de-televisio-2\/#primaryimage\"},\"thumbnailUrl\":\"https:\/\/eikonos.com\/wp-content\/uploads\/2016\/10\/plato-late-motiv.jpg\",\"articleSection\":[\"Instal\u00b7lacions fixes\"],\"inLanguage\":\"ca\",\"potentialAction\":[{\"@type\":\"CommentAction\",\"name\":\"Comment\",\"target\":[\"https:\/\/eikonos.com\/ca\/blog\/equips-audiovisuals-per-a-platos-de-televisio-2\/#respond\"]}]},{\"@type\":\"WebPage\",\"@id\":\"https:\/\/eikonos.com\/ca\/blog\/equips-audiovisuals-per-a-platos-de-televisio-2\/\",\"url\":\"https:\/\/eikonos.com\/ca\/blog\/equips-audiovisuals-per-a-platos-de-televisio-2\/\",\"name\":\"Equips audiovisuals per a plat\u00f3s de televisi\u00f3 | EIKONOS\",\"isPartOf\":{\"@id\":\"https:\/\/eikonos.com\/ca\/#website\"},\"primaryImageOfPage\":{\"@id\":\"https:\/\/eikonos.com\/ca\/blog\/equips-audiovisuals-per-a-platos-de-televisio-2\/#primaryimage\"},\"image\":{\"@id\":\"https:\/\/eikonos.com\/ca\/blog\/equips-audiovisuals-per-a-platos-de-televisio-2\/#primaryimage\"},\"thumbnailUrl\":\"https:\/\/eikonos.com\/wp-content\/uploads\/2016\/10\/plato-late-motiv.jpg\",\"datePublished\":\"2016-10-07T15:41:17+00:00\",\"description\":\"uando hablamos del equipamiento y equipos audiovisuales para plat\u00f3s de televisi\u00f3n, pensamos en multitud de equipos que vemos delante de la c\u00e1mara pero tambi\u00e9n\",\"breadcrumb\":{\"@id\":\"https:\/\/eikonos.com\/ca\/blog\/equips-audiovisuals-per-a-platos-de-televisio-2\/#breadcrumb\"},\"inLanguage\":\"ca\",\"potentialAction\":[{\"@type\":\"ReadAction\",\"target\":[\"https:\/\/eikonos.com\/ca\/blog\/equips-audiovisuals-per-a-platos-de-televisio-2\/\"]}]},{\"@type\":\"ImageObject\",\"inLanguage\":\"ca\",\"@id\":\"https:\/\/eikonos.com\/ca\/blog\/equips-audiovisuals-per-a-platos-de-televisio-2\/#primaryimage\",\"url\":\"https:\/\/eikonos.com\/wp-content\/uploads\/2016\/10\/plato-late-motiv.jpg\",\"contentUrl\":\"https:\/\/eikonos.com\/wp-content\/uploads\/2016\/10\/plato-late-motiv.jpg\",\"width\":750,\"height\":563,\"caption\":\"Audiovisuales para plat\u00f3s: Late Motiv\"},{\"@type\":\"BreadcrumbList\",\"@id\":\"https:\/\/eikonos.com\/ca\/blog\/equips-audiovisuals-per-a-platos-de-televisio-2\/#breadcrumb\",\"itemListElement\":[{\"@type\":\"ListItem\",\"position\":1,\"name\":\"EIKONOS\",\"item\":\"https:\/\/eikonos.com\/ca\/inici\/\"},{\"@type\":\"ListItem\",\"position\":2,\"name\":\"Equips audiovisuals per a plat\u00f3s de televisi\u00f3\"}]},{\"@type\":\"WebSite\",\"@id\":\"https:\/\/eikonos.com\/ca\/#website\",\"url\":\"https:\/\/eikonos.com\/ca\/\",\"name\":\"EIKONOS\",\"description\":\"EXPERIENCIA AUDIOVISUAL\",\"publisher\":{\"@id\":\"https:\/\/eikonos.com\/ca\/#organization\"},\"potentialAction\":[{\"@type\":\"SearchAction\",\"target\":{\"@type\":\"EntryPoint\",\"urlTemplate\":\"https:\/\/eikonos.com\/ca\/?s={search_term_string}\"},\"query-input\":{\"@type\":\"PropertyValueSpecification\",\"valueRequired\":true,\"valueName\":\"search_term_string\"}}],\"inLanguage\":\"ca\"},{\"@type\":\"Organization\",\"@id\":\"https:\/\/eikonos.com\/ca\/#organization\",\"name\":\"EIKONOS | Servicios Audiovisuales, eventos y alquiler de equipos\",\"url\":\"https:\/\/eikonos.com\/ca\/\",\"logo\":{\"@type\":\"ImageObject\",\"inLanguage\":\"ca\",\"@id\":\"https:\/\/eikonos.com\/ca\/#\/schema\/logo\/image\/\",\"url\":\"https:\/\/eikonos.com\/wp-content\/uploads\/2020\/08\/logo-color.png\",\"contentUrl\":\"https:\/\/eikonos.com\/wp-content\/uploads\/2020\/08\/logo-color.png\",\"width\":376,\"height\":122,\"caption\":\"EIKONOS | Servicios Audiovisuales, eventos y alquiler de equipos\"},\"image\":{\"@id\":\"https:\/\/eikonos.com\/ca\/#\/schema\/logo\/image\/\"},\"sameAs\":[\"http:\/\/www.facebook.com\/pages\/Eikonos\/176324785746790\",\"https:\/\/x.com\/eikonos_sa\",\"http:\/\/www.linkedin.com\/company\/eikonos\",\"http:\/\/www.youtube.com\/channel\/UC8wcizWaAYbfsuqVf9wIT6w\"]},{\"@type\":\"Person\",\"@id\":\"https:\/\/eikonos.com\/ca\/#\/schema\/person\/82032860cc314d826959b90595a5280a\",\"name\":\"Xavi Eikonos\",\"image\":{\"@type\":\"ImageObject\",\"inLanguage\":\"ca\",\"@id\":\"https:\/\/eikonos.com\/ca\/#\/schema\/person\/image\/\",\"url\":\"https:\/\/secure.gravatar.com\/avatar\/a6c6b51dd0ac6902701aab24a914f6febe1518f94a5ae06db08b3d6107248dfd?s=96&d=mm&r=g\",\"contentUrl\":\"https:\/\/secure.gravatar.com\/avatar\/a6c6b51dd0ac6902701aab24a914f6febe1518f94a5ae06db08b3d6107248dfd?s=96&d=mm&r=g\",\"caption\":\"Xavi Eikonos\"}}]}<\/script>\n<!-- \/ Yoast SEO plugin. -->","yoast_head_json":{"title":"Equips audiovisuals per a plat\u00f3s de televisi\u00f3 | EIKONOS","description":"uando hablamos del equipamiento y equipos audiovisuales para plat\u00f3s de televisi\u00f3n, pensamos en multitud de equipos que vemos delante de la c\u00e1mara pero tambi\u00e9n","robots":{"index":"index","follow":"follow","max-snippet":"max-snippet:-1","max-image-preview":"max-image-preview:large","max-video-preview":"max-video-preview:-1"},"canonical":"https:\/\/eikonos.com\/ca\/blog\/equips-audiovisuals-per-a-platos-de-televisio-2\/","og_locale":"ca_ES","og_type":"article","og_title":"Equips audiovisuals per a plat\u00f3s de televisi\u00f3 | EIKONOS","og_description":"uando hablamos del equipamiento y equipos audiovisuales para plat\u00f3s de televisi\u00f3n, pensamos en multitud de equipos que vemos delante de la c\u00e1mara pero tambi\u00e9n","og_url":"https:\/\/eikonos.com\/ca\/blog\/equips-audiovisuals-per-a-platos-de-televisio-2\/","og_site_name":"EIKONOS","article_publisher":"http:\/\/www.facebook.com\/pages\/Eikonos\/176324785746790","article_published_time":"2016-10-07T15:41:17+00:00","og_image":[{"width":750,"height":563,"url":"https:\/\/eikonos.com\/wp-content\/uploads\/2016\/10\/plato-late-motiv.jpg","type":"image\/jpeg"}],"author":"Xavi Eikonos","twitter_card":"summary_large_image","twitter_creator":"@eikonos_sa","twitter_site":"@eikonos_sa","twitter_misc":{"Escrit per":"Xavi Eikonos","Temps estimat de lectura":"3 minuts"},"schema":{"@context":"https:\/\/schema.org","@graph":[{"@type":"Article","@id":"https:\/\/eikonos.com\/ca\/blog\/equips-audiovisuals-per-a-platos-de-televisio-2\/#article","isPartOf":{"@id":"https:\/\/eikonos.com\/ca\/blog\/equips-audiovisuals-per-a-platos-de-televisio-2\/"},"author":{"name":"Xavi Eikonos","@id":"https:\/\/eikonos.com\/ca\/#\/schema\/person\/82032860cc314d826959b90595a5280a"},"headline":"Equips audiovisuals per a plat\u00f3s de televisi\u00f3","datePublished":"2016-10-07T15:41:17+00:00","mainEntityOfPage":{"@id":"https:\/\/eikonos.com\/ca\/blog\/equips-audiovisuals-per-a-platos-de-televisio-2\/"},"wordCount":671,"commentCount":0,"publisher":{"@id":"https:\/\/eikonos.com\/ca\/#organization"},"image":{"@id":"https:\/\/eikonos.com\/ca\/blog\/equips-audiovisuals-per-a-platos-de-televisio-2\/#primaryimage"},"thumbnailUrl":"https:\/\/eikonos.com\/wp-content\/uploads\/2016\/10\/plato-late-motiv.jpg","articleSection":["Instal\u00b7lacions fixes"],"inLanguage":"ca","potentialAction":[{"@type":"CommentAction","name":"Comment","target":["https:\/\/eikonos.com\/ca\/blog\/equips-audiovisuals-per-a-platos-de-televisio-2\/#respond"]}]},{"@type":"WebPage","@id":"https:\/\/eikonos.com\/ca\/blog\/equips-audiovisuals-per-a-platos-de-televisio-2\/","url":"https:\/\/eikonos.com\/ca\/blog\/equips-audiovisuals-per-a-platos-de-televisio-2\/","name":"Equips audiovisuals per a plat\u00f3s de televisi\u00f3 | EIKONOS","isPartOf":{"@id":"https:\/\/eikonos.com\/ca\/#website"},"primaryImageOfPage":{"@id":"https:\/\/eikonos.com\/ca\/blog\/equips-audiovisuals-per-a-platos-de-televisio-2\/#primaryimage"},"image":{"@id":"https:\/\/eikonos.com\/ca\/blog\/equips-audiovisuals-per-a-platos-de-televisio-2\/#primaryimage"},"thumbnailUrl":"https:\/\/eikonos.com\/wp-content\/uploads\/2016\/10\/plato-late-motiv.jpg","datePublished":"2016-10-07T15:41:17+00:00","description":"uando hablamos del equipamiento y equipos audiovisuales para plat\u00f3s de televisi\u00f3n, pensamos en multitud de equipos que vemos delante de la c\u00e1mara pero tambi\u00e9n","breadcrumb":{"@id":"https:\/\/eikonos.com\/ca\/blog\/equips-audiovisuals-per-a-platos-de-televisio-2\/#breadcrumb"},"inLanguage":"ca","potentialAction":[{"@type":"ReadAction","target":["https:\/\/eikonos.com\/ca\/blog\/equips-audiovisuals-per-a-platos-de-televisio-2\/"]}]},{"@type":"ImageObject","inLanguage":"ca","@id":"https:\/\/eikonos.com\/ca\/blog\/equips-audiovisuals-per-a-platos-de-televisio-2\/#primaryimage","url":"https:\/\/eikonos.com\/wp-content\/uploads\/2016\/10\/plato-late-motiv.jpg","contentUrl":"https:\/\/eikonos.com\/wp-content\/uploads\/2016\/10\/plato-late-motiv.jpg","width":750,"height":563,"caption":"Audiovisuales para plat\u00f3s: Late Motiv"},{"@type":"BreadcrumbList","@id":"https:\/\/eikonos.com\/ca\/blog\/equips-audiovisuals-per-a-platos-de-televisio-2\/#breadcrumb","itemListElement":[{"@type":"ListItem","position":1,"name":"EIKONOS","item":"https:\/\/eikonos.com\/ca\/inici\/"},{"@type":"ListItem","position":2,"name":"Equips audiovisuals per a plat\u00f3s de televisi\u00f3"}]},{"@type":"WebSite","@id":"https:\/\/eikonos.com\/ca\/#website","url":"https:\/\/eikonos.com\/ca\/","name":"EIKONOS","description":"EXPERIENCIA AUDIOVISUAL","publisher":{"@id":"https:\/\/eikonos.com\/ca\/#organization"},"potentialAction":[{"@type":"SearchAction","target":{"@type":"EntryPoint","urlTemplate":"https:\/\/eikonos.com\/ca\/?s={search_term_string}"},"query-input":{"@type":"PropertyValueSpecification","valueRequired":true,"valueName":"search_term_string"}}],"inLanguage":"ca"},{"@type":"Organization","@id":"https:\/\/eikonos.com\/ca\/#organization","name":"EIKONOS | Servicios Audiovisuales, eventos y alquiler de equipos","url":"https:\/\/eikonos.com\/ca\/","logo":{"@type":"ImageObject","inLanguage":"ca","@id":"https:\/\/eikonos.com\/ca\/#\/schema\/logo\/image\/","url":"https:\/\/eikonos.com\/wp-content\/uploads\/2020\/08\/logo-color.png","contentUrl":"https:\/\/eikonos.com\/wp-content\/uploads\/2020\/08\/logo-color.png","width":376,"height":122,"caption":"EIKONOS | Servicios Audiovisuales, eventos y alquiler de equipos"},"image":{"@id":"https:\/\/eikonos.com\/ca\/#\/schema\/logo\/image\/"},"sameAs":["http:\/\/www.facebook.com\/pages\/Eikonos\/176324785746790","https:\/\/x.com\/eikonos_sa","http:\/\/www.linkedin.com\/company\/eikonos","http:\/\/www.youtube.com\/channel\/UC8wcizWaAYbfsuqVf9wIT6w"]},{"@type":"Person","@id":"https:\/\/eikonos.com\/ca\/#\/schema\/person\/82032860cc314d826959b90595a5280a","name":"Xavi Eikonos","image":{"@type":"ImageObject","inLanguage":"ca","@id":"https:\/\/eikonos.com\/ca\/#\/schema\/person\/image\/","url":"https:\/\/secure.gravatar.com\/avatar\/a6c6b51dd0ac6902701aab24a914f6febe1518f94a5ae06db08b3d6107248dfd?s=96&d=mm&r=g","contentUrl":"https:\/\/secure.gravatar.com\/avatar\/a6c6b51dd0ac6902701aab24a914f6febe1518f94a5ae06db08b3d6107248dfd?s=96&d=mm&r=g","caption":"Xavi Eikonos"}}]}},"_links":{"self":[{"href":"https:\/\/eikonos.com\/ca\/wp-json\/wp\/v2\/posts\/3241","targetHints":{"allow":["GET"]}}],"collection":[{"href":"https:\/\/eikonos.com\/ca\/wp-json\/wp\/v2\/posts"}],"about":[{"href":"https:\/\/eikonos.com\/ca\/wp-json\/wp\/v2\/types\/post"}],"author":[{"embeddable":true,"href":"https:\/\/eikonos.com\/ca\/wp-json\/wp\/v2\/users\/6"}],"replies":[{"embeddable":true,"href":"https:\/\/eikonos.com\/ca\/wp-json\/wp\/v2\/comments?post=3241"}],"version-history":[{"count":0,"href":"https:\/\/eikonos.com\/ca\/wp-json\/wp\/v2\/posts\/3241\/revisions"}],"wp:featuredmedia":[{"embeddable":true,"href":"https:\/\/eikonos.com\/ca\/wp-json\/wp\/v2\/media\/3236"}],"wp:attachment":[{"href":"https:\/\/eikonos.com\/ca\/wp-json\/wp\/v2\/media?parent=3241"}],"wp:term":[{"taxonomy":"category","embeddable":true,"href":"https:\/\/eikonos.com\/ca\/wp-json\/wp\/v2\/categories?post=3241"},{"taxonomy":"post_tag","embeddable":true,"href":"https:\/\/eikonos.com\/ca\/wp-json\/wp\/v2\/tags?post=3241"}],"curies":[{"name":"wp","href":"https:\/\/api.w.org\/{rel}","templated":true}]}}