{"id":3232,"date":"2016-09-30T12:48:31","date_gmt":"2016-09-30T10:48:31","guid":{"rendered":"http:\/\/eikonos.com\/?p=3232"},"modified":"2016-09-30T12:48:31","modified_gmt":"2016-09-30T10:48:31","slug":"disseny-grafic-per-a-esdeveniments-empresarials-2","status":"publish","type":"post","link":"https:\/\/eikonos.com\/ca\/blog\/disseny-grafic-per-a-esdeveniments-empresarials-2\/","title":{"rendered":"La import\u00e0ncia del disseny gr\u00e0fic en esdeveniments empresarials"},"content":{"rendered":"<p style=\"text-align: justify;\">La imatge no ho \u00e9s tot, per\u00f2 sense dubte ocupa un espai important en qualsevol esdeveniment o projecte. Si parlem d\u2019un esdeveniment empresarial, haur\u00e0s d\u2019aportar informaci\u00f3 rellevant pels assistents, ja siguin <strong>potencials clients, empleats o la compet\u00e8ncia. <\/strong>Tot i aix\u00ed, tamb\u00e9 has de tenir cura d\u2019altres aspectes igualment importants, i com diem, la imatge i la sensaci\u00f3 que transmetis \u00e9s un d\u2019ells.<\/p>\n<p style=\"text-align: justify;\">Tot el que ofereixis als assistents donar\u00e0 de parlar de la teva empresa: des del\u00a0<a title=\"Qu\u00e9 necesita mi stand corporativo para destacar en una feria\" href=\"https:\/\/eikonos.com\/blog\/que-necesita-mi-stand-corporativo-para-destacar-en-una-feria\/\">disseny del teu stand corporatiu<\/a>\u00a0fins als bol\u00edgrafs i caramels que regalis. En aquest sentit \u00e9s necessari pensar b\u00e9 qu\u00e8 vols transmetre, quines sensacions vols generar i quin record vols que tinguin les persones que assisteixin al teus esdeveniments.<\/p>\n<h2 style=\"text-align: justify;\"><span style=\"color: #ff0000;\">Quin disseny \u00e9s m\u00e9s adequat per a cada esdeveniment?<\/span><\/h2>\n<p style=\"text-align: justify;\">Utilitzar una mateixa l\u00ednia de disseny per a tots els components del teu esdeveniment ser\u00e0 una forma de mostrar uniformitat i ajudar\u00e0 a que als assistents tinguin un major record pel simple fet de que rebran m\u00e9s impactes visuals iguals o semblants. Per\u00f2, quina l\u00ednia de disseny \u00e9s m\u00e9s adequada pel teu esdeveniment?<\/p>\n<p style=\"text-align: justify;\">Sempre hem dit que la naturalesa de cada esdeveniment \u00e9s la que marca de com pot ser el seu disseny a nivell general. Evidentment, despr\u00e9s cada dissenyador o equip creatiu tindr\u00e0 via lliure (o no) per desenvolupar una idea \u00fatil que es pugui portar a la pr\u00e0ctica.<\/p>\n<p style=\"text-align: justify;\">No necessites ser una gran empresa internacional com Coca-Cola per tenir una imatge o l\u00ednia de disseny pr\u00f2pia que et defineixi com a marca i que sigui reconeixible entre aquelles persones que et coneixen. \u00c9s molt \u00fatil comptar amb una imatge pr\u00f2pia, \u00fanica, original i reconeixible, i el mateix succeeix en els esdeveniment. Si penses en el Primavera Sound, el festival de m\u00fasica que es celebra cada estiu a Barcelona, vem que es tracta d\u2019un esdeveniment amb una identitat pr\u00f2pia per\u00f2 que edici\u00f3 rere edici\u00f3 es renova sense perdre la seva ess\u00e8ncia.<\/p>\n<p style=\"text-align: justify;\">Contactar amb professionals en disseny gr\u00e0fic per esdeveniment t\u2019ajudar\u00e0 a definir qu\u00e8 busques i com pots aconseguir-lo. Com diem, ser\u00e0 important vewure com plasmes una imatge o una l\u00ednia de disseny tot all\u00f2 que vols transmetre.<\/p>\n<p style=\"text-align: justify;\">A EIKONOS treballem amb tots els aspectes audiovisuals que necessita un esdeveniment, des del suministrament de mitjans i equips audiovisuals fins al disseny y equipament d\u2019un stand per a fires. En aquest sentit, t\u2019oferim els nostres m\u00e9s de 30 anys d\u2019experi\u00e8ncia per aconseguir projectes originals i \u00fanics que s\u2019adapten a cada client, cada esdeveniment i cada pressupost, comptant amb tots els aspectes t\u00e8cnics audiovisuals necessaris. Si vols organitzar un esdeveniment empresarial impactant, des d\u2019EIKONOS podem ajudar-te. <strong><em>Parlem!<\/em><\/strong><\/p>\n<p style=\"text-align: justify;\"><a href=\"https:\/\/eikonos.com\/contacto\/\"><img loading=\"lazy\" decoding=\"async\" class=\"aligncenter wp-image-3135 size-full\" src=\"https:\/\/eikonos.com\/wp-content\/uploads\/2016\/07\/eikonos-cta-organitzacio-esdeveniments-audiovisuals.png\" alt=\"\" width=\"741\" height=\"250\" srcset=\"https:\/\/eikonos.com\/wp-content\/uploads\/2016\/07\/eikonos-cta-organitzacio-esdeveniments-audiovisuals.png 741w, https:\/\/eikonos.com\/wp-content\/uploads\/2016\/07\/eikonos-cta-organitzacio-esdeveniments-audiovisuals-300x101.png 300w\" sizes=\"auto, (max-width: 741px) 100vw, 741px\" \/><\/a><\/p>\n","protected":false},"excerpt":{"rendered":"<p>La imatge no ho \u00e9s tot, per\u00f2 sense dubte ocupa un espai important en qualsevol&#8230;<\/p>\n","protected":false},"author":6,"featured_media":3228,"comment_status":"open","ping_status":"open","sticky":false,"template":"","format":"standard","meta":{"_acf_changed":false,"footnotes":""},"categories":[257],"tags":[],"class_list":["post-3232","post","type-post","status-publish","format-standard","has-post-thumbnail","hentry","category-creacio-de-continguts"],"acf":[],"yoast_head":"<!-- This site is optimized with the Yoast SEO plugin v26.3 - https:\/\/yoast.com\/wordpress\/plugins\/seo\/ -->\n<title>La import\u00e0ncia del disseny gr\u00e0fic en esdeveniments empresarials | EIKONOS<\/title>\n<meta name=\"description\" content=\"Els professionals en disseny gr\u00e0fic en esdeveniments t&#039;ajudaran a definir qu\u00e8 busques i com pots aconseguir-ho. \u00c9s important veure com plasmar en una imatge\" \/>\n<meta name=\"robots\" content=\"index, follow, max-snippet:-1, max-image-preview:large, max-video-preview:-1\" \/>\n<link rel=\"canonical\" href=\"https:\/\/eikonos.com\/ca\/blog\/disseny-grafic-per-a-esdeveniments-empresarials-2\/\" \/>\n<meta property=\"og:locale\" content=\"ca_ES\" \/>\n<meta property=\"og:type\" content=\"article\" \/>\n<meta property=\"og:title\" content=\"La import\u00e0ncia del disseny gr\u00e0fic en esdeveniments empresarials | EIKONOS\" \/>\n<meta property=\"og:description\" content=\"Els professionals en disseny gr\u00e0fic en esdeveniments t&#039;ajudaran a definir qu\u00e8 busques i com pots aconseguir-ho. \u00c9s important veure com plasmar en una imatge\" \/>\n<meta property=\"og:url\" content=\"https:\/\/eikonos.com\/ca\/blog\/disseny-grafic-per-a-esdeveniments-empresarials-2\/\" \/>\n<meta property=\"og:site_name\" content=\"EIKONOS\" \/>\n<meta property=\"article:publisher\" content=\"http:\/\/www.facebook.com\/pages\/Eikonos\/176324785746790\" \/>\n<meta property=\"article:published_time\" content=\"2016-09-30T10:48:31+00:00\" \/>\n<meta property=\"og:image\" content=\"https:\/\/eikonos.com\/wp-content\/uploads\/2016\/09\/eikonos-diseno-grafico-para-eventos.png\" \/>\n\t<meta property=\"og:image:width\" content=\"725\" \/>\n\t<meta property=\"og:image:height\" content=\"478\" \/>\n\t<meta property=\"og:image:type\" content=\"image\/png\" \/>\n<meta name=\"author\" content=\"Xavi Eikonos\" \/>\n<meta name=\"twitter:card\" content=\"summary_large_image\" \/>\n<meta name=\"twitter:creator\" content=\"@eikonos_sa\" \/>\n<meta name=\"twitter:site\" content=\"@eikonos_sa\" \/>\n<meta name=\"twitter:label1\" content=\"Escrit per\" \/>\n\t<meta name=\"twitter:data1\" content=\"Xavi Eikonos\" \/>\n\t<meta name=\"twitter:label2\" content=\"Temps estimat de lectura\" \/>\n\t<meta name=\"twitter:data2\" content=\"2 minuts\" \/>\n<script type=\"application\/ld+json\" class=\"yoast-schema-graph\">{\"@context\":\"https:\/\/schema.org\",\"@graph\":[{\"@type\":\"Article\",\"@id\":\"https:\/\/eikonos.com\/ca\/blog\/disseny-grafic-per-a-esdeveniments-empresarials-2\/#article\",\"isPartOf\":{\"@id\":\"https:\/\/eikonos.com\/ca\/blog\/disseny-grafic-per-a-esdeveniments-empresarials-2\/\"},\"author\":{\"name\":\"Xavi Eikonos\",\"@id\":\"https:\/\/eikonos.com\/ca\/#\/schema\/person\/82032860cc314d826959b90595a5280a\"},\"headline\":\"La import\u00e0ncia del disseny gr\u00e0fic en esdeveniments empresarials\",\"datePublished\":\"2016-09-30T10:48:31+00:00\",\"mainEntityOfPage\":{\"@id\":\"https:\/\/eikonos.com\/ca\/blog\/disseny-grafic-per-a-esdeveniments-empresarials-2\/\"},\"wordCount\":471,\"commentCount\":0,\"publisher\":{\"@id\":\"https:\/\/eikonos.com\/ca\/#organization\"},\"image\":{\"@id\":\"https:\/\/eikonos.com\/ca\/blog\/disseny-grafic-per-a-esdeveniments-empresarials-2\/#primaryimage\"},\"thumbnailUrl\":\"https:\/\/eikonos.com\/wp-content\/uploads\/2016\/09\/eikonos-diseno-grafico-para-eventos.png\",\"articleSection\":[\"Creaci\u00f3 de continguts\"],\"inLanguage\":\"ca\",\"potentialAction\":[{\"@type\":\"CommentAction\",\"name\":\"Comment\",\"target\":[\"https:\/\/eikonos.com\/ca\/blog\/disseny-grafic-per-a-esdeveniments-empresarials-2\/#respond\"]}]},{\"@type\":\"WebPage\",\"@id\":\"https:\/\/eikonos.com\/ca\/blog\/disseny-grafic-per-a-esdeveniments-empresarials-2\/\",\"url\":\"https:\/\/eikonos.com\/ca\/blog\/disseny-grafic-per-a-esdeveniments-empresarials-2\/\",\"name\":\"La import\u00e0ncia del disseny gr\u00e0fic en esdeveniments empresarials | EIKONOS\",\"isPartOf\":{\"@id\":\"https:\/\/eikonos.com\/ca\/#website\"},\"primaryImageOfPage\":{\"@id\":\"https:\/\/eikonos.com\/ca\/blog\/disseny-grafic-per-a-esdeveniments-empresarials-2\/#primaryimage\"},\"image\":{\"@id\":\"https:\/\/eikonos.com\/ca\/blog\/disseny-grafic-per-a-esdeveniments-empresarials-2\/#primaryimage\"},\"thumbnailUrl\":\"https:\/\/eikonos.com\/wp-content\/uploads\/2016\/09\/eikonos-diseno-grafico-para-eventos.png\",\"datePublished\":\"2016-09-30T10:48:31+00:00\",\"description\":\"Els professionals en disseny gr\u00e0fic en esdeveniments t'ajudaran a definir qu\u00e8 busques i com pots aconseguir-ho. \u00c9s important veure com plasmar en una imatge\",\"breadcrumb\":{\"@id\":\"https:\/\/eikonos.com\/ca\/blog\/disseny-grafic-per-a-esdeveniments-empresarials-2\/#breadcrumb\"},\"inLanguage\":\"ca\",\"potentialAction\":[{\"@type\":\"ReadAction\",\"target\":[\"https:\/\/eikonos.com\/ca\/blog\/disseny-grafic-per-a-esdeveniments-empresarials-2\/\"]}]},{\"@type\":\"ImageObject\",\"inLanguage\":\"ca\",\"@id\":\"https:\/\/eikonos.com\/ca\/blog\/disseny-grafic-per-a-esdeveniments-empresarials-2\/#primaryimage\",\"url\":\"https:\/\/eikonos.com\/wp-content\/uploads\/2016\/09\/eikonos-diseno-grafico-para-eventos.png\",\"contentUrl\":\"https:\/\/eikonos.com\/wp-content\/uploads\/2016\/09\/eikonos-diseno-grafico-para-eventos.png\",\"width\":725,\"height\":478},{\"@type\":\"BreadcrumbList\",\"@id\":\"https:\/\/eikonos.com\/ca\/blog\/disseny-grafic-per-a-esdeveniments-empresarials-2\/#breadcrumb\",\"itemListElement\":[{\"@type\":\"ListItem\",\"position\":1,\"name\":\"EIKONOS\",\"item\":\"https:\/\/eikonos.com\/ca\/inici\/\"},{\"@type\":\"ListItem\",\"position\":2,\"name\":\"La import\u00e0ncia del disseny gr\u00e0fic en esdeveniments empresarials\"}]},{\"@type\":\"WebSite\",\"@id\":\"https:\/\/eikonos.com\/ca\/#website\",\"url\":\"https:\/\/eikonos.com\/ca\/\",\"name\":\"EIKONOS\",\"description\":\"EXPERIENCIA AUDIOVISUAL\",\"publisher\":{\"@id\":\"https:\/\/eikonos.com\/ca\/#organization\"},\"potentialAction\":[{\"@type\":\"SearchAction\",\"target\":{\"@type\":\"EntryPoint\",\"urlTemplate\":\"https:\/\/eikonos.com\/ca\/?s={search_term_string}\"},\"query-input\":{\"@type\":\"PropertyValueSpecification\",\"valueRequired\":true,\"valueName\":\"search_term_string\"}}],\"inLanguage\":\"ca\"},{\"@type\":\"Organization\",\"@id\":\"https:\/\/eikonos.com\/ca\/#organization\",\"name\":\"EIKONOS | Servicios Audiovisuales, eventos y alquiler de equipos\",\"url\":\"https:\/\/eikonos.com\/ca\/\",\"logo\":{\"@type\":\"ImageObject\",\"inLanguage\":\"ca\",\"@id\":\"https:\/\/eikonos.com\/ca\/#\/schema\/logo\/image\/\",\"url\":\"https:\/\/eikonos.com\/wp-content\/uploads\/2020\/08\/logo-color.png\",\"contentUrl\":\"https:\/\/eikonos.com\/wp-content\/uploads\/2020\/08\/logo-color.png\",\"width\":376,\"height\":122,\"caption\":\"EIKONOS | Servicios Audiovisuales, eventos y alquiler de equipos\"},\"image\":{\"@id\":\"https:\/\/eikonos.com\/ca\/#\/schema\/logo\/image\/\"},\"sameAs\":[\"http:\/\/www.facebook.com\/pages\/Eikonos\/176324785746790\",\"https:\/\/x.com\/eikonos_sa\",\"http:\/\/www.linkedin.com\/company\/eikonos\",\"http:\/\/www.youtube.com\/channel\/UC8wcizWaAYbfsuqVf9wIT6w\"]},{\"@type\":\"Person\",\"@id\":\"https:\/\/eikonos.com\/ca\/#\/schema\/person\/82032860cc314d826959b90595a5280a\",\"name\":\"Xavi Eikonos\",\"image\":{\"@type\":\"ImageObject\",\"inLanguage\":\"ca\",\"@id\":\"https:\/\/eikonos.com\/ca\/#\/schema\/person\/image\/\",\"url\":\"https:\/\/secure.gravatar.com\/avatar\/a6c6b51dd0ac6902701aab24a914f6febe1518f94a5ae06db08b3d6107248dfd?s=96&d=mm&r=g\",\"contentUrl\":\"https:\/\/secure.gravatar.com\/avatar\/a6c6b51dd0ac6902701aab24a914f6febe1518f94a5ae06db08b3d6107248dfd?s=96&d=mm&r=g\",\"caption\":\"Xavi Eikonos\"}}]}<\/script>\n<!-- \/ Yoast SEO plugin. -->","yoast_head_json":{"title":"La import\u00e0ncia del disseny gr\u00e0fic en esdeveniments empresarials | EIKONOS","description":"Els professionals en disseny gr\u00e0fic en esdeveniments t'ajudaran a definir qu\u00e8 busques i com pots aconseguir-ho. \u00c9s important veure com plasmar en una imatge","robots":{"index":"index","follow":"follow","max-snippet":"max-snippet:-1","max-image-preview":"max-image-preview:large","max-video-preview":"max-video-preview:-1"},"canonical":"https:\/\/eikonos.com\/ca\/blog\/disseny-grafic-per-a-esdeveniments-empresarials-2\/","og_locale":"ca_ES","og_type":"article","og_title":"La import\u00e0ncia del disseny gr\u00e0fic en esdeveniments empresarials | EIKONOS","og_description":"Els professionals en disseny gr\u00e0fic en esdeveniments t'ajudaran a definir qu\u00e8 busques i com pots aconseguir-ho. \u00c9s important veure com plasmar en una imatge","og_url":"https:\/\/eikonos.com\/ca\/blog\/disseny-grafic-per-a-esdeveniments-empresarials-2\/","og_site_name":"EIKONOS","article_publisher":"http:\/\/www.facebook.com\/pages\/Eikonos\/176324785746790","article_published_time":"2016-09-30T10:48:31+00:00","og_image":[{"width":725,"height":478,"url":"https:\/\/eikonos.com\/wp-content\/uploads\/2016\/09\/eikonos-diseno-grafico-para-eventos.png","type":"image\/png"}],"author":"Xavi Eikonos","twitter_card":"summary_large_image","twitter_creator":"@eikonos_sa","twitter_site":"@eikonos_sa","twitter_misc":{"Escrit per":"Xavi Eikonos","Temps estimat de lectura":"2 minuts"},"schema":{"@context":"https:\/\/schema.org","@graph":[{"@type":"Article","@id":"https:\/\/eikonos.com\/ca\/blog\/disseny-grafic-per-a-esdeveniments-empresarials-2\/#article","isPartOf":{"@id":"https:\/\/eikonos.com\/ca\/blog\/disseny-grafic-per-a-esdeveniments-empresarials-2\/"},"author":{"name":"Xavi Eikonos","@id":"https:\/\/eikonos.com\/ca\/#\/schema\/person\/82032860cc314d826959b90595a5280a"},"headline":"La import\u00e0ncia del disseny gr\u00e0fic en esdeveniments empresarials","datePublished":"2016-09-30T10:48:31+00:00","mainEntityOfPage":{"@id":"https:\/\/eikonos.com\/ca\/blog\/disseny-grafic-per-a-esdeveniments-empresarials-2\/"},"wordCount":471,"commentCount":0,"publisher":{"@id":"https:\/\/eikonos.com\/ca\/#organization"},"image":{"@id":"https:\/\/eikonos.com\/ca\/blog\/disseny-grafic-per-a-esdeveniments-empresarials-2\/#primaryimage"},"thumbnailUrl":"https:\/\/eikonos.com\/wp-content\/uploads\/2016\/09\/eikonos-diseno-grafico-para-eventos.png","articleSection":["Creaci\u00f3 de continguts"],"inLanguage":"ca","potentialAction":[{"@type":"CommentAction","name":"Comment","target":["https:\/\/eikonos.com\/ca\/blog\/disseny-grafic-per-a-esdeveniments-empresarials-2\/#respond"]}]},{"@type":"WebPage","@id":"https:\/\/eikonos.com\/ca\/blog\/disseny-grafic-per-a-esdeveniments-empresarials-2\/","url":"https:\/\/eikonos.com\/ca\/blog\/disseny-grafic-per-a-esdeveniments-empresarials-2\/","name":"La import\u00e0ncia del disseny gr\u00e0fic en esdeveniments empresarials | EIKONOS","isPartOf":{"@id":"https:\/\/eikonos.com\/ca\/#website"},"primaryImageOfPage":{"@id":"https:\/\/eikonos.com\/ca\/blog\/disseny-grafic-per-a-esdeveniments-empresarials-2\/#primaryimage"},"image":{"@id":"https:\/\/eikonos.com\/ca\/blog\/disseny-grafic-per-a-esdeveniments-empresarials-2\/#primaryimage"},"thumbnailUrl":"https:\/\/eikonos.com\/wp-content\/uploads\/2016\/09\/eikonos-diseno-grafico-para-eventos.png","datePublished":"2016-09-30T10:48:31+00:00","description":"Els professionals en disseny gr\u00e0fic en esdeveniments t'ajudaran a definir qu\u00e8 busques i com pots aconseguir-ho. \u00c9s important veure com plasmar en una imatge","breadcrumb":{"@id":"https:\/\/eikonos.com\/ca\/blog\/disseny-grafic-per-a-esdeveniments-empresarials-2\/#breadcrumb"},"inLanguage":"ca","potentialAction":[{"@type":"ReadAction","target":["https:\/\/eikonos.com\/ca\/blog\/disseny-grafic-per-a-esdeveniments-empresarials-2\/"]}]},{"@type":"ImageObject","inLanguage":"ca","@id":"https:\/\/eikonos.com\/ca\/blog\/disseny-grafic-per-a-esdeveniments-empresarials-2\/#primaryimage","url":"https:\/\/eikonos.com\/wp-content\/uploads\/2016\/09\/eikonos-diseno-grafico-para-eventos.png","contentUrl":"https:\/\/eikonos.com\/wp-content\/uploads\/2016\/09\/eikonos-diseno-grafico-para-eventos.png","width":725,"height":478},{"@type":"BreadcrumbList","@id":"https:\/\/eikonos.com\/ca\/blog\/disseny-grafic-per-a-esdeveniments-empresarials-2\/#breadcrumb","itemListElement":[{"@type":"ListItem","position":1,"name":"EIKONOS","item":"https:\/\/eikonos.com\/ca\/inici\/"},{"@type":"ListItem","position":2,"name":"La import\u00e0ncia del disseny gr\u00e0fic en esdeveniments empresarials"}]},{"@type":"WebSite","@id":"https:\/\/eikonos.com\/ca\/#website","url":"https:\/\/eikonos.com\/ca\/","name":"EIKONOS","description":"EXPERIENCIA AUDIOVISUAL","publisher":{"@id":"https:\/\/eikonos.com\/ca\/#organization"},"potentialAction":[{"@type":"SearchAction","target":{"@type":"EntryPoint","urlTemplate":"https:\/\/eikonos.com\/ca\/?s={search_term_string}"},"query-input":{"@type":"PropertyValueSpecification","valueRequired":true,"valueName":"search_term_string"}}],"inLanguage":"ca"},{"@type":"Organization","@id":"https:\/\/eikonos.com\/ca\/#organization","name":"EIKONOS | Servicios Audiovisuales, eventos y alquiler de equipos","url":"https:\/\/eikonos.com\/ca\/","logo":{"@type":"ImageObject","inLanguage":"ca","@id":"https:\/\/eikonos.com\/ca\/#\/schema\/logo\/image\/","url":"https:\/\/eikonos.com\/wp-content\/uploads\/2020\/08\/logo-color.png","contentUrl":"https:\/\/eikonos.com\/wp-content\/uploads\/2020\/08\/logo-color.png","width":376,"height":122,"caption":"EIKONOS | Servicios Audiovisuales, eventos y alquiler de equipos"},"image":{"@id":"https:\/\/eikonos.com\/ca\/#\/schema\/logo\/image\/"},"sameAs":["http:\/\/www.facebook.com\/pages\/Eikonos\/176324785746790","https:\/\/x.com\/eikonos_sa","http:\/\/www.linkedin.com\/company\/eikonos","http:\/\/www.youtube.com\/channel\/UC8wcizWaAYbfsuqVf9wIT6w"]},{"@type":"Person","@id":"https:\/\/eikonos.com\/ca\/#\/schema\/person\/82032860cc314d826959b90595a5280a","name":"Xavi Eikonos","image":{"@type":"ImageObject","inLanguage":"ca","@id":"https:\/\/eikonos.com\/ca\/#\/schema\/person\/image\/","url":"https:\/\/secure.gravatar.com\/avatar\/a6c6b51dd0ac6902701aab24a914f6febe1518f94a5ae06db08b3d6107248dfd?s=96&d=mm&r=g","contentUrl":"https:\/\/secure.gravatar.com\/avatar\/a6c6b51dd0ac6902701aab24a914f6febe1518f94a5ae06db08b3d6107248dfd?s=96&d=mm&r=g","caption":"Xavi Eikonos"}}]}},"_links":{"self":[{"href":"https:\/\/eikonos.com\/ca\/wp-json\/wp\/v2\/posts\/3232","targetHints":{"allow":["GET"]}}],"collection":[{"href":"https:\/\/eikonos.com\/ca\/wp-json\/wp\/v2\/posts"}],"about":[{"href":"https:\/\/eikonos.com\/ca\/wp-json\/wp\/v2\/types\/post"}],"author":[{"embeddable":true,"href":"https:\/\/eikonos.com\/ca\/wp-json\/wp\/v2\/users\/6"}],"replies":[{"embeddable":true,"href":"https:\/\/eikonos.com\/ca\/wp-json\/wp\/v2\/comments?post=3232"}],"version-history":[{"count":0,"href":"https:\/\/eikonos.com\/ca\/wp-json\/wp\/v2\/posts\/3232\/revisions"}],"wp:featuredmedia":[{"embeddable":true,"href":"https:\/\/eikonos.com\/ca\/wp-json\/wp\/v2\/media\/3228"}],"wp:attachment":[{"href":"https:\/\/eikonos.com\/ca\/wp-json\/wp\/v2\/media?parent=3232"}],"wp:term":[{"taxonomy":"category","embeddable":true,"href":"https:\/\/eikonos.com\/ca\/wp-json\/wp\/v2\/categories?post=3232"},{"taxonomy":"post_tag","embeddable":true,"href":"https:\/\/eikonos.com\/ca\/wp-json\/wp\/v2\/tags?post=3232"}],"curies":[{"name":"wp","href":"https:\/\/api.w.org\/{rel}","templated":true}]}}