{"id":3200,"date":"2017-07-20T12:04:30","date_gmt":"2017-07-20T10:04:30","guid":{"rendered":"http:\/\/eikonos.com\/?p=3200"},"modified":"2017-07-20T12:04:30","modified_gmt":"2017-07-20T10:04:30","slug":"els-millors-materials-audiovisuals-per-a-presentacions-internacionals","status":"publish","type":"post","link":"https:\/\/eikonos.com\/ca\/blog\/els-millors-materials-audiovisuals-per-a-presentacions-internacionals\/","title":{"rendered":"Els millors materials audiovisuals per a presentacions internacionals"},"content":{"rendered":"<p><span lang=\"CA\">La tecnologia ha eliminat les quatre parets que, tradicionalment, alberguen esdeveniments en un mateix espai. <b>Les presentacions h\u00edbrides s\u00f3n la tend\u00e8ncia actualment, <\/b>i amb aix\u00f2 ens referim a esdeveniments i presentacions que es celebren en un espai al que poden acudir els assistents, per\u00f2 tamb\u00e9 compten amb un component virtual gr\u00e0cies a retransmissions en directe de l\u2019esdeveniment via Internet, el que coneixem com\u00a0<\/span><a title=\"Aumenta la audiencia de tu evento en streaming\" href=\"https:\/\/eikonos.com\/blog\/aumenta-la-audiencia-de-tu-evento-en-streaming-2-2\/\">streaming<\/a>.<\/p>\n<p>L\u2019auge d\u2019aquestes presentacions h\u00edbrides ha vingut impulsat principalment per dos factors:<\/p>\n<ul>\n<li>La creixent adopci\u00f3 de la societat de la tecnologia.<\/li>\n<li>El intent per reduir els costs de l\u2019esdeveniment (organitzaci\u00f3 i assist\u00e8ncia).<\/li>\n<\/ul>\n<p>Ja es tracti d\u2019una gran confer\u00e8ncia internacional, o una petita presentaci\u00f3 corporativa interna, no hi ha cap dubte de la import\u00e0ncia que juguen aqu\u00ed els equips audiovisuals. Per aix\u00f2 hem preparat aquests consells que cal saber quan est\u00e0s buscant materials audiovisuals per a presentacions d\u2019\u00e8xit:<\/p>\n<p><span style=\"color: #ff0000;\"><strong>1. La qualitat del \u00e0udio \u00e9s de gran import\u00e0ncia.<\/strong><\/span>\u00a0Un so d\u00e8bil ser\u00e0 molt molest, especialment pels assistents virtuals, i aix\u00f2 redueix el seu comprom\u00eds amb all\u00f2 que s\u2019explica.<\/p>\n<p>Tamb\u00e9 \u00e9s important tenir en compte que tots els assistents han de poder sentir correctament a les persones que no siguin el presentador principal; per exemple, si una persona est\u00e0 fent una pregunta i no t\u00e9 un micr\u00f2fon, l\u2019audi\u00e8ncia virtual no pot escoltar-ho.<\/p>\n<p><span style=\"color: #ff0000;\"><strong>2. Comprova que tens l&#8217;ample de banda suficient.\u00a0<\/strong><\/span>La connexi\u00f3 a Internet determina la quantitat de dades poden ser transmeses i a quina velocitat. Si no hi ha una connexi\u00f3 suficient, l\u2019audi\u00e8ncia virtual rebr\u00e0 una senyal de molt baixa qualitat que pot fer que es desconnectin.<\/p>\n<p>&nbsp;<\/p>\n<p><span style=\"color: #ff0000;\"><strong>3. Decidir si calen c\u00e0meres i quantes<\/strong>.<\/span>\u00a0<span lang=\"CA\">En una petita presentaci\u00f3 en una oficina segurament no faci falta, per\u00f2 si parlem de grans presentacions amb repercussi\u00f3 internacional, faran falta c\u00e0meres, ja no nom\u00e9s pel streaming, si no tamb\u00e9 per realitzar canvis de plans en la presentaci\u00f3, mostrar detalls, etc.<\/span><\/p>\n<p><span style=\"color: #ff0000;\"><strong>4. Involucra a toda la audiencia<\/strong>.<\/span>\u00a0Si durant la presentaci\u00f3 utilitzar\u00e0s v\u00eddeos amb la seva pista de so, com ho compartir\u00e0s amb el p\u00fablic a dist\u00e0ncia?<\/p>\n<p>La prioritat quan existeixen limitacions pressupost\u00e0ries o de producci\u00f3, ha de ser que tots els assistents puguin veure i escoltar l\u2019esdeveniment en perfectes condicions, i que puguin enviar comentaris i preguntes. <strong>La interactivitat tamb\u00e9 forma part de les presentacions <\/strong>i sempre resulta interessant que el ponent pugui rebre feedbak per part dels assistents (f\u00edsics i virtuals) a trav\u00e9s de Twitter o d\u2019una app de comunicaci\u00f3<\/p>\n<p>Tamb\u00e9 \u00e9s recomanable que es desenvolupi contingut espec\u00edficament per a l\u2019audi\u00e8ncia virtual, que pugui servir per omplir moments durant les pauses de la presentaci\u00f3 i per afavorir la seva atenci\u00f3. En aquest sentit, pot resultar molt interessant oferir aquests <strong>espais als sponsors i patrocinadors de l\u2019esdeveniment per a que puguin incloure publicitat. <\/strong>A vegades ens centrem massa en l\u2019esdeveniment a nivell d\u2019empresa i ens oblidem que els patrocinadors tamb\u00e9 necessiten els seus espais i temps per a la promoci\u00f3.<\/p>\n<p><span style=\"color: #ff0000;\"><strong>5. Centra&#8217;t en els objectius de la reuni\u00f3.\u00a0<\/strong><\/span>El m\u00e9s important a tenir en compte \u00e9s saber quina tecnologia audiovisual t\u00e9 m\u00e9s sentit per aconseguir els objectius de l\u2019esdeveniment.<\/p>\n<p>Vols anunciar un producte? Esperes augmentar la contractaci\u00f3 d\u2019un servei? Presentar els resultats econ\u00f2mics de la teva empresa d\u2019aquest \u00faltim any? Sigui quina sigui la tecnologia o els equips audiovisuals que estiguis utilitzant, tot aix\u00f2 ha d\u2019estar al servei de fer la reuni\u00f3 m\u00e9s efica\u00e7, i no buscar nom\u00e9s el factor sorpresa.<\/p>\n<p>&nbsp;<\/p>\n<p><a title=\"alquiler de equipos\" href=\"https:\/\/eikonos.com\/servicios\/alquiler-de-equipos\/\"><img loading=\"lazy\" decoding=\"async\" class=\"aligncenter wp-image-3091 size-full\" src=\"https:\/\/eikonos.com\/wp-content\/uploads\/2016\/07\/eikonos-cta-equips-audiovisuals-de-lloguer-2.png\" alt=\"\" width=\"741\" height=\"250\" srcset=\"https:\/\/eikonos.com\/wp-content\/uploads\/2016\/07\/eikonos-cta-equips-audiovisuals-de-lloguer-2.png 741w, https:\/\/eikonos.com\/wp-content\/uploads\/2016\/07\/eikonos-cta-equips-audiovisuals-de-lloguer-2-300x101.png 300w\" sizes=\"auto, (max-width: 741px) 100vw, 741px\" \/><\/a><\/p>\n","protected":false},"excerpt":{"rendered":"<p>La tecnologia ha eliminat les quatre parets que, tradicionalment, alberguen esdeveniments en un mateix espai&#8230;.<\/p>\n","protected":false},"author":6,"featured_media":4344,"comment_status":"open","ping_status":"open","sticky":false,"template":"","format":"standard","meta":{"_acf_changed":false,"footnotes":""},"categories":[262],"tags":[],"class_list":["post-3200","post","type-post","status-publish","format-standard","has-post-thumbnail","hentry","category-lloguer-dequips"],"acf":[],"yoast_head":"<!-- This site is optimized with the Yoast SEO plugin v26.3 - https:\/\/yoast.com\/wordpress\/plugins\/seo\/ -->\n<title>Materiales audiovisuales para presentaciones internacionales<\/title>\n<meta name=\"description\" content=\"No cabe duda de la importancia de los equipos audiovisuales. Sigue estos consejos cuando buscas materiales audiovisuales para presentaciones de \u00e9xito:\" \/>\n<meta name=\"robots\" content=\"index, follow, max-snippet:-1, max-image-preview:large, max-video-preview:-1\" \/>\n<link rel=\"canonical\" href=\"https:\/\/eikonos.com\/ca\/blog\/els-millors-materials-audiovisuals-per-a-presentacions-internacionals\/\" \/>\n<meta property=\"og:locale\" content=\"ca_ES\" \/>\n<meta property=\"og:type\" content=\"article\" \/>\n<meta property=\"og:title\" content=\"Materiales audiovisuales para presentaciones internacionales\" \/>\n<meta property=\"og:description\" content=\"No cabe duda de la importancia de los equipos audiovisuales. Sigue estos consejos cuando buscas materiales audiovisuales para presentaciones de \u00e9xito:\" \/>\n<meta property=\"og:url\" content=\"https:\/\/eikonos.com\/ca\/blog\/els-millors-materials-audiovisuals-per-a-presentacions-internacionals\/\" \/>\n<meta property=\"og:site_name\" content=\"EIKONOS\" \/>\n<meta property=\"article:publisher\" content=\"http:\/\/www.facebook.com\/pages\/Eikonos\/176324785746790\" \/>\n<meta property=\"article:published_time\" content=\"2017-07-20T10:04:30+00:00\" \/>\n<meta property=\"og:image\" content=\"https:\/\/eikonos.com\/wp-content\/uploads\/2016\/08\/eikonos-presentaciones-internacionales-recursos-audiovisuales.jpg\" \/>\n\t<meta property=\"og:image:width\" content=\"800\" \/>\n\t<meta property=\"og:image:height\" content=\"550\" \/>\n\t<meta property=\"og:image:type\" content=\"image\/jpeg\" \/>\n<meta name=\"author\" content=\"Xavi Eikonos\" \/>\n<meta name=\"twitter:card\" content=\"summary_large_image\" \/>\n<meta name=\"twitter:creator\" content=\"@eikonos_sa\" \/>\n<meta name=\"twitter:site\" content=\"@eikonos_sa\" \/>\n<meta name=\"twitter:label1\" content=\"Escrit per\" \/>\n\t<meta name=\"twitter:data1\" content=\"Xavi Eikonos\" \/>\n\t<meta name=\"twitter:label2\" content=\"Temps estimat de lectura\" \/>\n\t<meta name=\"twitter:data2\" content=\"3 minuts\" \/>\n<script type=\"application\/ld+json\" class=\"yoast-schema-graph\">{\"@context\":\"https:\/\/schema.org\",\"@graph\":[{\"@type\":\"Article\",\"@id\":\"https:\/\/eikonos.com\/ca\/blog\/els-millors-materials-audiovisuals-per-a-presentacions-internacionals\/#article\",\"isPartOf\":{\"@id\":\"https:\/\/eikonos.com\/ca\/blog\/els-millors-materials-audiovisuals-per-a-presentacions-internacionals\/\"},\"author\":{\"name\":\"Xavi Eikonos\",\"@id\":\"https:\/\/eikonos.com\/ca\/#\/schema\/person\/82032860cc314d826959b90595a5280a\"},\"headline\":\"Els millors materials audiovisuals per a presentacions internacionals\",\"datePublished\":\"2017-07-20T10:04:30+00:00\",\"mainEntityOfPage\":{\"@id\":\"https:\/\/eikonos.com\/ca\/blog\/els-millors-materials-audiovisuals-per-a-presentacions-internacionals\/\"},\"wordCount\":617,\"commentCount\":0,\"publisher\":{\"@id\":\"https:\/\/eikonos.com\/ca\/#organization\"},\"image\":{\"@id\":\"https:\/\/eikonos.com\/ca\/blog\/els-millors-materials-audiovisuals-per-a-presentacions-internacionals\/#primaryimage\"},\"thumbnailUrl\":\"https:\/\/eikonos.com\/wp-content\/uploads\/2016\/08\/eikonos-presentaciones-internacionales-recursos-audiovisuales.jpg\",\"articleSection\":[\"Lloguer d'equips\"],\"inLanguage\":\"ca\",\"potentialAction\":[{\"@type\":\"CommentAction\",\"name\":\"Comment\",\"target\":[\"https:\/\/eikonos.com\/ca\/blog\/els-millors-materials-audiovisuals-per-a-presentacions-internacionals\/#respond\"]}]},{\"@type\":\"WebPage\",\"@id\":\"https:\/\/eikonos.com\/ca\/blog\/els-millors-materials-audiovisuals-per-a-presentacions-internacionals\/\",\"url\":\"https:\/\/eikonos.com\/ca\/blog\/els-millors-materials-audiovisuals-per-a-presentacions-internacionals\/\",\"name\":\"Materiales audiovisuales para presentaciones internacionales\",\"isPartOf\":{\"@id\":\"https:\/\/eikonos.com\/ca\/#website\"},\"primaryImageOfPage\":{\"@id\":\"https:\/\/eikonos.com\/ca\/blog\/els-millors-materials-audiovisuals-per-a-presentacions-internacionals\/#primaryimage\"},\"image\":{\"@id\":\"https:\/\/eikonos.com\/ca\/blog\/els-millors-materials-audiovisuals-per-a-presentacions-internacionals\/#primaryimage\"},\"thumbnailUrl\":\"https:\/\/eikonos.com\/wp-content\/uploads\/2016\/08\/eikonos-presentaciones-internacionales-recursos-audiovisuales.jpg\",\"datePublished\":\"2017-07-20T10:04:30+00:00\",\"description\":\"No cabe duda de la importancia de los equipos audiovisuales. Sigue estos consejos cuando buscas materiales audiovisuales para presentaciones de \u00e9xito:\",\"breadcrumb\":{\"@id\":\"https:\/\/eikonos.com\/ca\/blog\/els-millors-materials-audiovisuals-per-a-presentacions-internacionals\/#breadcrumb\"},\"inLanguage\":\"ca\",\"potentialAction\":[{\"@type\":\"ReadAction\",\"target\":[\"https:\/\/eikonos.com\/ca\/blog\/els-millors-materials-audiovisuals-per-a-presentacions-internacionals\/\"]}]},{\"@type\":\"ImageObject\",\"inLanguage\":\"ca\",\"@id\":\"https:\/\/eikonos.com\/ca\/blog\/els-millors-materials-audiovisuals-per-a-presentacions-internacionals\/#primaryimage\",\"url\":\"https:\/\/eikonos.com\/wp-content\/uploads\/2016\/08\/eikonos-presentaciones-internacionales-recursos-audiovisuales.jpg\",\"contentUrl\":\"https:\/\/eikonos.com\/wp-content\/uploads\/2016\/08\/eikonos-presentaciones-internacionales-recursos-audiovisuales.jpg\",\"width\":800,\"height\":550,\"caption\":\"EIKONOS recursos audiovisuales para presentaciones internacionales\"},{\"@type\":\"BreadcrumbList\",\"@id\":\"https:\/\/eikonos.com\/ca\/blog\/els-millors-materials-audiovisuals-per-a-presentacions-internacionals\/#breadcrumb\",\"itemListElement\":[{\"@type\":\"ListItem\",\"position\":1,\"name\":\"EIKONOS\",\"item\":\"https:\/\/eikonos.com\/ca\/inici\/\"},{\"@type\":\"ListItem\",\"position\":2,\"name\":\"Els millors materials audiovisuals per a presentacions internacionals\"}]},{\"@type\":\"WebSite\",\"@id\":\"https:\/\/eikonos.com\/ca\/#website\",\"url\":\"https:\/\/eikonos.com\/ca\/\",\"name\":\"EIKONOS\",\"description\":\"EXPERIENCIA AUDIOVISUAL\",\"publisher\":{\"@id\":\"https:\/\/eikonos.com\/ca\/#organization\"},\"potentialAction\":[{\"@type\":\"SearchAction\",\"target\":{\"@type\":\"EntryPoint\",\"urlTemplate\":\"https:\/\/eikonos.com\/ca\/?s={search_term_string}\"},\"query-input\":{\"@type\":\"PropertyValueSpecification\",\"valueRequired\":true,\"valueName\":\"search_term_string\"}}],\"inLanguage\":\"ca\"},{\"@type\":\"Organization\",\"@id\":\"https:\/\/eikonos.com\/ca\/#organization\",\"name\":\"EIKONOS | Servicios Audiovisuales, eventos y alquiler de equipos\",\"url\":\"https:\/\/eikonos.com\/ca\/\",\"logo\":{\"@type\":\"ImageObject\",\"inLanguage\":\"ca\",\"@id\":\"https:\/\/eikonos.com\/ca\/#\/schema\/logo\/image\/\",\"url\":\"https:\/\/eikonos.com\/wp-content\/uploads\/2020\/08\/logo-color.png\",\"contentUrl\":\"https:\/\/eikonos.com\/wp-content\/uploads\/2020\/08\/logo-color.png\",\"width\":376,\"height\":122,\"caption\":\"EIKONOS | Servicios Audiovisuales, eventos y alquiler de equipos\"},\"image\":{\"@id\":\"https:\/\/eikonos.com\/ca\/#\/schema\/logo\/image\/\"},\"sameAs\":[\"http:\/\/www.facebook.com\/pages\/Eikonos\/176324785746790\",\"https:\/\/x.com\/eikonos_sa\",\"http:\/\/www.linkedin.com\/company\/eikonos\",\"http:\/\/www.youtube.com\/channel\/UC8wcizWaAYbfsuqVf9wIT6w\"]},{\"@type\":\"Person\",\"@id\":\"https:\/\/eikonos.com\/ca\/#\/schema\/person\/82032860cc314d826959b90595a5280a\",\"name\":\"Xavi Eikonos\",\"image\":{\"@type\":\"ImageObject\",\"inLanguage\":\"ca\",\"@id\":\"https:\/\/eikonos.com\/ca\/#\/schema\/person\/image\/\",\"url\":\"https:\/\/secure.gravatar.com\/avatar\/a6c6b51dd0ac6902701aab24a914f6febe1518f94a5ae06db08b3d6107248dfd?s=96&d=mm&r=g\",\"contentUrl\":\"https:\/\/secure.gravatar.com\/avatar\/a6c6b51dd0ac6902701aab24a914f6febe1518f94a5ae06db08b3d6107248dfd?s=96&d=mm&r=g\",\"caption\":\"Xavi Eikonos\"}}]}<\/script>\n<!-- \/ Yoast SEO plugin. -->","yoast_head_json":{"title":"Materiales audiovisuales para presentaciones internacionales","description":"No cabe duda de la importancia de los equipos audiovisuales. Sigue estos consejos cuando buscas materiales audiovisuales para presentaciones de \u00e9xito:","robots":{"index":"index","follow":"follow","max-snippet":"max-snippet:-1","max-image-preview":"max-image-preview:large","max-video-preview":"max-video-preview:-1"},"canonical":"https:\/\/eikonos.com\/ca\/blog\/els-millors-materials-audiovisuals-per-a-presentacions-internacionals\/","og_locale":"ca_ES","og_type":"article","og_title":"Materiales audiovisuales para presentaciones internacionales","og_description":"No cabe duda de la importancia de los equipos audiovisuales. Sigue estos consejos cuando buscas materiales audiovisuales para presentaciones de \u00e9xito:","og_url":"https:\/\/eikonos.com\/ca\/blog\/els-millors-materials-audiovisuals-per-a-presentacions-internacionals\/","og_site_name":"EIKONOS","article_publisher":"http:\/\/www.facebook.com\/pages\/Eikonos\/176324785746790","article_published_time":"2017-07-20T10:04:30+00:00","og_image":[{"width":800,"height":550,"url":"https:\/\/eikonos.com\/wp-content\/uploads\/2016\/08\/eikonos-presentaciones-internacionales-recursos-audiovisuales.jpg","type":"image\/jpeg"}],"author":"Xavi Eikonos","twitter_card":"summary_large_image","twitter_creator":"@eikonos_sa","twitter_site":"@eikonos_sa","twitter_misc":{"Escrit per":"Xavi Eikonos","Temps estimat de lectura":"3 minuts"},"schema":{"@context":"https:\/\/schema.org","@graph":[{"@type":"Article","@id":"https:\/\/eikonos.com\/ca\/blog\/els-millors-materials-audiovisuals-per-a-presentacions-internacionals\/#article","isPartOf":{"@id":"https:\/\/eikonos.com\/ca\/blog\/els-millors-materials-audiovisuals-per-a-presentacions-internacionals\/"},"author":{"name":"Xavi Eikonos","@id":"https:\/\/eikonos.com\/ca\/#\/schema\/person\/82032860cc314d826959b90595a5280a"},"headline":"Els millors materials audiovisuals per a presentacions internacionals","datePublished":"2017-07-20T10:04:30+00:00","mainEntityOfPage":{"@id":"https:\/\/eikonos.com\/ca\/blog\/els-millors-materials-audiovisuals-per-a-presentacions-internacionals\/"},"wordCount":617,"commentCount":0,"publisher":{"@id":"https:\/\/eikonos.com\/ca\/#organization"},"image":{"@id":"https:\/\/eikonos.com\/ca\/blog\/els-millors-materials-audiovisuals-per-a-presentacions-internacionals\/#primaryimage"},"thumbnailUrl":"https:\/\/eikonos.com\/wp-content\/uploads\/2016\/08\/eikonos-presentaciones-internacionales-recursos-audiovisuales.jpg","articleSection":["Lloguer d'equips"],"inLanguage":"ca","potentialAction":[{"@type":"CommentAction","name":"Comment","target":["https:\/\/eikonos.com\/ca\/blog\/els-millors-materials-audiovisuals-per-a-presentacions-internacionals\/#respond"]}]},{"@type":"WebPage","@id":"https:\/\/eikonos.com\/ca\/blog\/els-millors-materials-audiovisuals-per-a-presentacions-internacionals\/","url":"https:\/\/eikonos.com\/ca\/blog\/els-millors-materials-audiovisuals-per-a-presentacions-internacionals\/","name":"Materiales audiovisuales para presentaciones internacionales","isPartOf":{"@id":"https:\/\/eikonos.com\/ca\/#website"},"primaryImageOfPage":{"@id":"https:\/\/eikonos.com\/ca\/blog\/els-millors-materials-audiovisuals-per-a-presentacions-internacionals\/#primaryimage"},"image":{"@id":"https:\/\/eikonos.com\/ca\/blog\/els-millors-materials-audiovisuals-per-a-presentacions-internacionals\/#primaryimage"},"thumbnailUrl":"https:\/\/eikonos.com\/wp-content\/uploads\/2016\/08\/eikonos-presentaciones-internacionales-recursos-audiovisuales.jpg","datePublished":"2017-07-20T10:04:30+00:00","description":"No cabe duda de la importancia de los equipos audiovisuales. Sigue estos consejos cuando buscas materiales audiovisuales para presentaciones de \u00e9xito:","breadcrumb":{"@id":"https:\/\/eikonos.com\/ca\/blog\/els-millors-materials-audiovisuals-per-a-presentacions-internacionals\/#breadcrumb"},"inLanguage":"ca","potentialAction":[{"@type":"ReadAction","target":["https:\/\/eikonos.com\/ca\/blog\/els-millors-materials-audiovisuals-per-a-presentacions-internacionals\/"]}]},{"@type":"ImageObject","inLanguage":"ca","@id":"https:\/\/eikonos.com\/ca\/blog\/els-millors-materials-audiovisuals-per-a-presentacions-internacionals\/#primaryimage","url":"https:\/\/eikonos.com\/wp-content\/uploads\/2016\/08\/eikonos-presentaciones-internacionales-recursos-audiovisuales.jpg","contentUrl":"https:\/\/eikonos.com\/wp-content\/uploads\/2016\/08\/eikonos-presentaciones-internacionales-recursos-audiovisuales.jpg","width":800,"height":550,"caption":"EIKONOS recursos audiovisuales para presentaciones internacionales"},{"@type":"BreadcrumbList","@id":"https:\/\/eikonos.com\/ca\/blog\/els-millors-materials-audiovisuals-per-a-presentacions-internacionals\/#breadcrumb","itemListElement":[{"@type":"ListItem","position":1,"name":"EIKONOS","item":"https:\/\/eikonos.com\/ca\/inici\/"},{"@type":"ListItem","position":2,"name":"Els millors materials audiovisuals per a presentacions internacionals"}]},{"@type":"WebSite","@id":"https:\/\/eikonos.com\/ca\/#website","url":"https:\/\/eikonos.com\/ca\/","name":"EIKONOS","description":"EXPERIENCIA AUDIOVISUAL","publisher":{"@id":"https:\/\/eikonos.com\/ca\/#organization"},"potentialAction":[{"@type":"SearchAction","target":{"@type":"EntryPoint","urlTemplate":"https:\/\/eikonos.com\/ca\/?s={search_term_string}"},"query-input":{"@type":"PropertyValueSpecification","valueRequired":true,"valueName":"search_term_string"}}],"inLanguage":"ca"},{"@type":"Organization","@id":"https:\/\/eikonos.com\/ca\/#organization","name":"EIKONOS | Servicios Audiovisuales, eventos y alquiler de equipos","url":"https:\/\/eikonos.com\/ca\/","logo":{"@type":"ImageObject","inLanguage":"ca","@id":"https:\/\/eikonos.com\/ca\/#\/schema\/logo\/image\/","url":"https:\/\/eikonos.com\/wp-content\/uploads\/2020\/08\/logo-color.png","contentUrl":"https:\/\/eikonos.com\/wp-content\/uploads\/2020\/08\/logo-color.png","width":376,"height":122,"caption":"EIKONOS | Servicios Audiovisuales, eventos y alquiler de equipos"},"image":{"@id":"https:\/\/eikonos.com\/ca\/#\/schema\/logo\/image\/"},"sameAs":["http:\/\/www.facebook.com\/pages\/Eikonos\/176324785746790","https:\/\/x.com\/eikonos_sa","http:\/\/www.linkedin.com\/company\/eikonos","http:\/\/www.youtube.com\/channel\/UC8wcizWaAYbfsuqVf9wIT6w"]},{"@type":"Person","@id":"https:\/\/eikonos.com\/ca\/#\/schema\/person\/82032860cc314d826959b90595a5280a","name":"Xavi Eikonos","image":{"@type":"ImageObject","inLanguage":"ca","@id":"https:\/\/eikonos.com\/ca\/#\/schema\/person\/image\/","url":"https:\/\/secure.gravatar.com\/avatar\/a6c6b51dd0ac6902701aab24a914f6febe1518f94a5ae06db08b3d6107248dfd?s=96&d=mm&r=g","contentUrl":"https:\/\/secure.gravatar.com\/avatar\/a6c6b51dd0ac6902701aab24a914f6febe1518f94a5ae06db08b3d6107248dfd?s=96&d=mm&r=g","caption":"Xavi Eikonos"}}]}},"_links":{"self":[{"href":"https:\/\/eikonos.com\/ca\/wp-json\/wp\/v2\/posts\/3200","targetHints":{"allow":["GET"]}}],"collection":[{"href":"https:\/\/eikonos.com\/ca\/wp-json\/wp\/v2\/posts"}],"about":[{"href":"https:\/\/eikonos.com\/ca\/wp-json\/wp\/v2\/types\/post"}],"author":[{"embeddable":true,"href":"https:\/\/eikonos.com\/ca\/wp-json\/wp\/v2\/users\/6"}],"replies":[{"embeddable":true,"href":"https:\/\/eikonos.com\/ca\/wp-json\/wp\/v2\/comments?post=3200"}],"version-history":[{"count":0,"href":"https:\/\/eikonos.com\/ca\/wp-json\/wp\/v2\/posts\/3200\/revisions"}],"wp:featuredmedia":[{"embeddable":true,"href":"https:\/\/eikonos.com\/ca\/wp-json\/wp\/v2\/media\/4344"}],"wp:attachment":[{"href":"https:\/\/eikonos.com\/ca\/wp-json\/wp\/v2\/media?parent=3200"}],"wp:term":[{"taxonomy":"category","embeddable":true,"href":"https:\/\/eikonos.com\/ca\/wp-json\/wp\/v2\/categories?post=3200"},{"taxonomy":"post_tag","embeddable":true,"href":"https:\/\/eikonos.com\/ca\/wp-json\/wp\/v2\/tags?post=3200"}],"curies":[{"name":"wp","href":"https:\/\/api.w.org\/{rel}","templated":true}]}}