{"id":3137,"date":"2017-07-20T12:30:46","date_gmt":"2017-07-20T10:30:46","guid":{"rendered":"http:\/\/eikonos.com\/?p=3137"},"modified":"2017-07-20T12:30:46","modified_gmt":"2017-07-20T10:30:46","slug":"installacions-audiovisuals-per-esdeveniments-en-estadis","status":"publish","type":"post","link":"https:\/\/eikonos.com\/ca\/blog\/installacions-audiovisuals-per-esdeveniments-en-estadis\/","title":{"rendered":"Instal\u2022lacions audiovisuals per esdeveniments en estadis"},"content":{"rendered":"<p style=\"text-align: justify;\"><span lang=\"CA\">Realitzar grans esdeveniments \u00e9s sense dubte tot un dubte per l\u2019ag\u00e8ncia que ho planifica i organitza com pel prove\u00efdor audiovisual que ha d\u2019assegurar que tots i cada un dels assistents rebi els missatges correctes. <\/span><\/p>\n<p style=\"text-align: justify;\"><span lang=\"CA\">Posem l\u2019exemple d\u2019un concert a l\u2019Estadi Ol\u00edmpic de Barcelona Si hi has estat, sabr\u00e0s que es tracta d\u2019un gran recinte, amb capacitat per m\u00e9s de 55.000 persones. En aquests casos, <b>com s\u2019aconsegueix la mateixa experi\u00e8ncia en tots els assistents?\u00a0<\/b><\/span><\/p>\n<h2 style=\"text-align: justify;\"><span style=\"color: #ff0000;\">Qu\u00e8 s&#8217;ha de tenir en compte en els esdeveniments en estadis<\/span><\/h2>\n<p style=\"text-align: justify;\"><span lang=\"CA\">Evidentment, aconseguir la mateixa sensaci\u00f3 en tots els assistents a l\u2019esdeveniment \u00e9s t\u00e8cnicament impossible. Tot i aix\u00ed, s\u00ed que es pot treballar per a que la difer\u00e8ncia sigui m\u00ednima. En aquesta macroesdeveniments en grans recintes <b>\u00e9s important tenir en compte dos factors: les dimensions i la massificaci\u00f3. <\/b><\/span><\/p>\n<p style=\"text-align: justify;\"><span lang=\"CA\">Les dimensions de l\u2019espai \u00e9s el primer repte que se\u2019ns presenta i amb ell, la massificaci\u00f3. Amb els mitjans audiovisuals haurem de cobrir tota la superf\u00edcie de l\u2019esdeveniment i facilitar que els assistents que es trobin m\u00e9s allunyats de l\u2019escenari pugui tamb\u00e9 gaudir del concert veient i escoltant perfectament al seu artista o grup preferit.\u00a0<\/span><\/p>\n<h2 style=\"text-align: justify;\"><span style=\"color: #ff0000;\">La tend\u00e8ncia actual en els esdeveniments en estadios<\/span><\/h2>\n<p style=\"text-align: justify;\"><span lang=\"CA\">No \u00e9s senzill, per\u00f2 \u00e9s necessari enfrontar-se a tots aquests reptes per resoldre\u2019ls de la millor forma possible. Abans s\u2019optava per distribuir diferents punts d\u2019emissi\u00f3 de manera que els assistents podien veure l\u2019escenari a trav\u00e9s de pantalles que es trobaven relativament a prop de la seva ubicaci\u00f3. <\/span><\/p>\n<p style=\"text-align: justify;\"><span lang=\"CA\">El mateix succe\u00efa amb la sonoritzaci\u00f3, amb altaveus repartits per tot el recinte per aconseguir que tots els assistents escoltessin el concert. Tot i aix\u00ed, aquesta distribuci\u00f3 ocasionava alguns inconvenients com era tenir diferents fonts que podien produir asincronies entre el que es veu i el que s\u2019escolta. <\/span><\/p>\n<p style=\"text-align: justify;\"><b><span lang=\"CA\">La tend\u00e8ncia actual \u00e9s oferir tot el contingut audiovisual des d\u2019un mateix punt d\u2019origen per tot el recinte, aconseguint una experi\u00e8ncia m\u00e9s unit\u00e0ria. <\/span><\/b><span lang=\"CA\">Per aix\u00f2 s\u2019opta per utilitzar una major quantitat d\u2019equips i de major mesures. <\/span><\/p>\n<p style=\"text-align: justify;\"><span lang=\"CA\">Per exemple, ara comptem amb pantalles LED gegant que es veuen a grans dist\u00e0ncies. En quant al so, s\u2019utilitzen un major n\u00famero d\u2019equips que, des d\u2019un mateix punt, distribueixen el so a tots els assistents, sense importar la dist\u00e0ncia a la que es trobin. <\/span><\/p>\n<p style=\"text-align: justify;\"><span lang=\"CA\">Per aix\u00f2, els\u00a0<\/span><a title=\"Los altavoces line array\" href=\"https:\/\/es.wikipedia.org\/wiki\/Line_array\" target=\"_blank\" rel=\"noopener noreferrer\">altaveus line array<\/a>\u00a0s\u00f3n els equips imprescindibles. Aquests s\u00f3n els altaveus que actualment no falten en cap concert i els reconeixer\u00e0s perqu\u00e8 estan formats per v\u00e0ries unitats acoblades verticalment i amb forma corba que, en conjunt, <b>actuen com una \u00fanica font sonora. <\/b>En la part m\u00e9s elevada es concentren m\u00e9s unitats per enviar el so m\u00e9s lluny, i en la part m\u00e9s baixa, menys unitats per a que als assistents m\u00e9s propers a l\u2019escenari. Aix\u00ed s\u2019aconsegueix igualar la recepci\u00f3 per part dels assistents independentment de la seva dist\u00e0ncia a la font.<\/p>\n<p style=\"text-align: justify;\"><span lang=\"CA\">En el disseny audiovisual d\u2019esdeveniments en estadis \u00e9s important valorar la mesura i les unitats necess\u00e0ries per aconseguir un resultat \u00f2ptim. <b>A Eikonos tenim m\u00e9s de 30 anys d\u2019experi\u00e8ncia en l\u2019organitzaci\u00f3 audiovisual d\u2019esdeveniment de tot tipus, aix\u00ed que si necessites ajuda pel teu esdeveniment, contacta amb nosaltres.\u00a0<\/b><\/span><\/p>\n<p><img loading=\"lazy\" decoding=\"async\" class=\"aligncenter wp-image-3135 size-full\" src=\"https:\/\/eikonos.com\/wp-content\/uploads\/2016\/07\/eikonos-cta-organitzacio-esdeveniments-audiovisuals.png\" alt=\"\" width=\"741\" height=\"250\" srcset=\"https:\/\/eikonos.com\/wp-content\/uploads\/2016\/07\/eikonos-cta-organitzacio-esdeveniments-audiovisuals.png 741w, https:\/\/eikonos.com\/wp-content\/uploads\/2016\/07\/eikonos-cta-organitzacio-esdeveniments-audiovisuals-300x101.png 300w\" sizes=\"auto, (max-width: 741px) 100vw, 741px\" \/><\/p>\n","protected":false},"excerpt":{"rendered":"<p>Realitzar grans esdeveniments \u00e9s sense dubte tot un dubte per l\u2019ag\u00e8ncia que ho planifica i&#8230;<\/p>\n","protected":false},"author":6,"featured_media":4345,"comment_status":"open","ping_status":"open","sticky":false,"template":"","format":"standard","meta":{"_acf_changed":false,"footnotes":""},"categories":[260],"tags":[],"class_list":["post-3137","post","type-post","status-publish","format-standard","has-post-thumbnail","hentry","category-esdeveniments-audiovisuals"],"acf":[],"yoast_head":"<!-- This site is optimized with the Yoast SEO plugin v26.3 - https:\/\/yoast.com\/wordpress\/plugins\/seo\/ -->\n<title>Instal\u2022lacions audiovisuals per esdeveniments en estadis | EIKONOS<\/title>\n<meta name=\"description\" content=\"La tend\u00e8ncia actual en els esdeveniments en estadis busca aconseguir una experi\u00e8ncia unit\u00e0ria per a tots els assistents independentment de la dist\u00e0ncia a la que estiguin.\" \/>\n<meta name=\"robots\" content=\"index, follow, max-snippet:-1, max-image-preview:large, max-video-preview:-1\" \/>\n<link rel=\"canonical\" href=\"https:\/\/eikonos.com\/ca\/blog\/installacions-audiovisuals-per-esdeveniments-en-estadis\/\" \/>\n<meta property=\"og:locale\" content=\"ca_ES\" \/>\n<meta property=\"og:type\" content=\"article\" \/>\n<meta property=\"og:title\" content=\"Instal\u2022lacions audiovisuals per esdeveniments en estadis | EIKONOS\" \/>\n<meta property=\"og:description\" content=\"La tend\u00e8ncia actual en els esdeveniments en estadis busca aconseguir una experi\u00e8ncia unit\u00e0ria per a tots els assistents independentment de la dist\u00e0ncia a la que estiguin.\" \/>\n<meta property=\"og:url\" content=\"https:\/\/eikonos.com\/ca\/blog\/installacions-audiovisuals-per-esdeveniments-en-estadis\/\" \/>\n<meta property=\"og:site_name\" content=\"EIKONOS\" \/>\n<meta property=\"article:publisher\" content=\"http:\/\/www.facebook.com\/pages\/Eikonos\/176324785746790\" \/>\n<meta property=\"article:published_time\" content=\"2017-07-20T10:30:46+00:00\" \/>\n<meta property=\"og:image\" content=\"https:\/\/eikonos.com\/wp-content\/uploads\/2016\/06\/instalaciones-audiovisuales-eventos-estadios.jpg\" \/>\n\t<meta property=\"og:image:width\" content=\"800\" \/>\n\t<meta property=\"og:image:height\" content=\"550\" \/>\n\t<meta property=\"og:image:type\" content=\"image\/jpeg\" \/>\n<meta name=\"author\" content=\"Xavi Eikonos\" \/>\n<meta name=\"twitter:card\" content=\"summary_large_image\" \/>\n<meta name=\"twitter:creator\" content=\"@eikonos_sa\" \/>\n<meta name=\"twitter:site\" content=\"@eikonos_sa\" \/>\n<meta name=\"twitter:label1\" content=\"Escrit per\" \/>\n\t<meta name=\"twitter:data1\" content=\"Xavi Eikonos\" \/>\n\t<meta name=\"twitter:label2\" content=\"Temps estimat de lectura\" \/>\n\t<meta name=\"twitter:data2\" content=\"3 minuts\" \/>\n<script type=\"application\/ld+json\" class=\"yoast-schema-graph\">{\"@context\":\"https:\/\/schema.org\",\"@graph\":[{\"@type\":\"Article\",\"@id\":\"https:\/\/eikonos.com\/ca\/blog\/installacions-audiovisuals-per-esdeveniments-en-estadis\/#article\",\"isPartOf\":{\"@id\":\"https:\/\/eikonos.com\/ca\/blog\/installacions-audiovisuals-per-esdeveniments-en-estadis\/\"},\"author\":{\"name\":\"Xavi Eikonos\",\"@id\":\"https:\/\/eikonos.com\/ca\/#\/schema\/person\/82032860cc314d826959b90595a5280a\"},\"headline\":\"Instal\u2022lacions audiovisuals per esdeveniments en estadis\",\"datePublished\":\"2017-07-20T10:30:46+00:00\",\"mainEntityOfPage\":{\"@id\":\"https:\/\/eikonos.com\/ca\/blog\/installacions-audiovisuals-per-esdeveniments-en-estadis\/\"},\"wordCount\":580,\"commentCount\":0,\"publisher\":{\"@id\":\"https:\/\/eikonos.com\/ca\/#organization\"},\"image\":{\"@id\":\"https:\/\/eikonos.com\/ca\/blog\/installacions-audiovisuals-per-esdeveniments-en-estadis\/#primaryimage\"},\"thumbnailUrl\":\"https:\/\/eikonos.com\/wp-content\/uploads\/2016\/06\/instalaciones-audiovisuales-eventos-estadios.jpg\",\"articleSection\":[\"Esdeveniments audiovisuals\"],\"inLanguage\":\"ca\",\"potentialAction\":[{\"@type\":\"CommentAction\",\"name\":\"Comment\",\"target\":[\"https:\/\/eikonos.com\/ca\/blog\/installacions-audiovisuals-per-esdeveniments-en-estadis\/#respond\"]}]},{\"@type\":\"WebPage\",\"@id\":\"https:\/\/eikonos.com\/ca\/blog\/installacions-audiovisuals-per-esdeveniments-en-estadis\/\",\"url\":\"https:\/\/eikonos.com\/ca\/blog\/installacions-audiovisuals-per-esdeveniments-en-estadis\/\",\"name\":\"Instal\u2022lacions audiovisuals per esdeveniments en estadis | EIKONOS\",\"isPartOf\":{\"@id\":\"https:\/\/eikonos.com\/ca\/#website\"},\"primaryImageOfPage\":{\"@id\":\"https:\/\/eikonos.com\/ca\/blog\/installacions-audiovisuals-per-esdeveniments-en-estadis\/#primaryimage\"},\"image\":{\"@id\":\"https:\/\/eikonos.com\/ca\/blog\/installacions-audiovisuals-per-esdeveniments-en-estadis\/#primaryimage\"},\"thumbnailUrl\":\"https:\/\/eikonos.com\/wp-content\/uploads\/2016\/06\/instalaciones-audiovisuales-eventos-estadios.jpg\",\"datePublished\":\"2017-07-20T10:30:46+00:00\",\"description\":\"La tend\u00e8ncia actual en els esdeveniments en estadis busca aconseguir una experi\u00e8ncia unit\u00e0ria per a tots els assistents independentment de la dist\u00e0ncia a la que estiguin.\",\"breadcrumb\":{\"@id\":\"https:\/\/eikonos.com\/ca\/blog\/installacions-audiovisuals-per-esdeveniments-en-estadis\/#breadcrumb\"},\"inLanguage\":\"ca\",\"potentialAction\":[{\"@type\":\"ReadAction\",\"target\":[\"https:\/\/eikonos.com\/ca\/blog\/installacions-audiovisuals-per-esdeveniments-en-estadis\/\"]}]},{\"@type\":\"ImageObject\",\"inLanguage\":\"ca\",\"@id\":\"https:\/\/eikonos.com\/ca\/blog\/installacions-audiovisuals-per-esdeveniments-en-estadis\/#primaryimage\",\"url\":\"https:\/\/eikonos.com\/wp-content\/uploads\/2016\/06\/instalaciones-audiovisuales-eventos-estadios.jpg\",\"contentUrl\":\"https:\/\/eikonos.com\/wp-content\/uploads\/2016\/06\/instalaciones-audiovisuales-eventos-estadios.jpg\",\"width\":800,\"height\":550,\"caption\":\"Instalaciones audiovisuales para eventos en estadios\"},{\"@type\":\"BreadcrumbList\",\"@id\":\"https:\/\/eikonos.com\/ca\/blog\/installacions-audiovisuals-per-esdeveniments-en-estadis\/#breadcrumb\",\"itemListElement\":[{\"@type\":\"ListItem\",\"position\":1,\"name\":\"EIKONOS\",\"item\":\"https:\/\/eikonos.com\/ca\/inici\/\"},{\"@type\":\"ListItem\",\"position\":2,\"name\":\"Instal\u2022lacions audiovisuals per esdeveniments en estadis\"}]},{\"@type\":\"WebSite\",\"@id\":\"https:\/\/eikonos.com\/ca\/#website\",\"url\":\"https:\/\/eikonos.com\/ca\/\",\"name\":\"EIKONOS\",\"description\":\"EXPERIENCIA AUDIOVISUAL\",\"publisher\":{\"@id\":\"https:\/\/eikonos.com\/ca\/#organization\"},\"potentialAction\":[{\"@type\":\"SearchAction\",\"target\":{\"@type\":\"EntryPoint\",\"urlTemplate\":\"https:\/\/eikonos.com\/ca\/?s={search_term_string}\"},\"query-input\":{\"@type\":\"PropertyValueSpecification\",\"valueRequired\":true,\"valueName\":\"search_term_string\"}}],\"inLanguage\":\"ca\"},{\"@type\":\"Organization\",\"@id\":\"https:\/\/eikonos.com\/ca\/#organization\",\"name\":\"EIKONOS | Servicios Audiovisuales, eventos y alquiler de equipos\",\"url\":\"https:\/\/eikonos.com\/ca\/\",\"logo\":{\"@type\":\"ImageObject\",\"inLanguage\":\"ca\",\"@id\":\"https:\/\/eikonos.com\/ca\/#\/schema\/logo\/image\/\",\"url\":\"https:\/\/eikonos.com\/wp-content\/uploads\/2020\/08\/logo-color.png\",\"contentUrl\":\"https:\/\/eikonos.com\/wp-content\/uploads\/2020\/08\/logo-color.png\",\"width\":376,\"height\":122,\"caption\":\"EIKONOS | Servicios Audiovisuales, eventos y alquiler de equipos\"},\"image\":{\"@id\":\"https:\/\/eikonos.com\/ca\/#\/schema\/logo\/image\/\"},\"sameAs\":[\"http:\/\/www.facebook.com\/pages\/Eikonos\/176324785746790\",\"https:\/\/x.com\/eikonos_sa\",\"http:\/\/www.linkedin.com\/company\/eikonos\",\"http:\/\/www.youtube.com\/channel\/UC8wcizWaAYbfsuqVf9wIT6w\"]},{\"@type\":\"Person\",\"@id\":\"https:\/\/eikonos.com\/ca\/#\/schema\/person\/82032860cc314d826959b90595a5280a\",\"name\":\"Xavi Eikonos\",\"image\":{\"@type\":\"ImageObject\",\"inLanguage\":\"ca\",\"@id\":\"https:\/\/eikonos.com\/ca\/#\/schema\/person\/image\/\",\"url\":\"https:\/\/secure.gravatar.com\/avatar\/a6c6b51dd0ac6902701aab24a914f6febe1518f94a5ae06db08b3d6107248dfd?s=96&d=mm&r=g\",\"contentUrl\":\"https:\/\/secure.gravatar.com\/avatar\/a6c6b51dd0ac6902701aab24a914f6febe1518f94a5ae06db08b3d6107248dfd?s=96&d=mm&r=g\",\"caption\":\"Xavi Eikonos\"}}]}<\/script>\n<!-- \/ Yoast SEO plugin. -->","yoast_head_json":{"title":"Instal\u2022lacions audiovisuals per esdeveniments en estadis | EIKONOS","description":"La tend\u00e8ncia actual en els esdeveniments en estadis busca aconseguir una experi\u00e8ncia unit\u00e0ria per a tots els assistents independentment de la dist\u00e0ncia a la que estiguin.","robots":{"index":"index","follow":"follow","max-snippet":"max-snippet:-1","max-image-preview":"max-image-preview:large","max-video-preview":"max-video-preview:-1"},"canonical":"https:\/\/eikonos.com\/ca\/blog\/installacions-audiovisuals-per-esdeveniments-en-estadis\/","og_locale":"ca_ES","og_type":"article","og_title":"Instal\u2022lacions audiovisuals per esdeveniments en estadis | EIKONOS","og_description":"La tend\u00e8ncia actual en els esdeveniments en estadis busca aconseguir una experi\u00e8ncia unit\u00e0ria per a tots els assistents independentment de la dist\u00e0ncia a la que estiguin.","og_url":"https:\/\/eikonos.com\/ca\/blog\/installacions-audiovisuals-per-esdeveniments-en-estadis\/","og_site_name":"EIKONOS","article_publisher":"http:\/\/www.facebook.com\/pages\/Eikonos\/176324785746790","article_published_time":"2017-07-20T10:30:46+00:00","og_image":[{"width":800,"height":550,"url":"https:\/\/eikonos.com\/wp-content\/uploads\/2016\/06\/instalaciones-audiovisuales-eventos-estadios.jpg","type":"image\/jpeg"}],"author":"Xavi Eikonos","twitter_card":"summary_large_image","twitter_creator":"@eikonos_sa","twitter_site":"@eikonos_sa","twitter_misc":{"Escrit per":"Xavi Eikonos","Temps estimat de lectura":"3 minuts"},"schema":{"@context":"https:\/\/schema.org","@graph":[{"@type":"Article","@id":"https:\/\/eikonos.com\/ca\/blog\/installacions-audiovisuals-per-esdeveniments-en-estadis\/#article","isPartOf":{"@id":"https:\/\/eikonos.com\/ca\/blog\/installacions-audiovisuals-per-esdeveniments-en-estadis\/"},"author":{"name":"Xavi Eikonos","@id":"https:\/\/eikonos.com\/ca\/#\/schema\/person\/82032860cc314d826959b90595a5280a"},"headline":"Instal\u2022lacions audiovisuals per esdeveniments en estadis","datePublished":"2017-07-20T10:30:46+00:00","mainEntityOfPage":{"@id":"https:\/\/eikonos.com\/ca\/blog\/installacions-audiovisuals-per-esdeveniments-en-estadis\/"},"wordCount":580,"commentCount":0,"publisher":{"@id":"https:\/\/eikonos.com\/ca\/#organization"},"image":{"@id":"https:\/\/eikonos.com\/ca\/blog\/installacions-audiovisuals-per-esdeveniments-en-estadis\/#primaryimage"},"thumbnailUrl":"https:\/\/eikonos.com\/wp-content\/uploads\/2016\/06\/instalaciones-audiovisuales-eventos-estadios.jpg","articleSection":["Esdeveniments audiovisuals"],"inLanguage":"ca","potentialAction":[{"@type":"CommentAction","name":"Comment","target":["https:\/\/eikonos.com\/ca\/blog\/installacions-audiovisuals-per-esdeveniments-en-estadis\/#respond"]}]},{"@type":"WebPage","@id":"https:\/\/eikonos.com\/ca\/blog\/installacions-audiovisuals-per-esdeveniments-en-estadis\/","url":"https:\/\/eikonos.com\/ca\/blog\/installacions-audiovisuals-per-esdeveniments-en-estadis\/","name":"Instal\u2022lacions audiovisuals per esdeveniments en estadis | EIKONOS","isPartOf":{"@id":"https:\/\/eikonos.com\/ca\/#website"},"primaryImageOfPage":{"@id":"https:\/\/eikonos.com\/ca\/blog\/installacions-audiovisuals-per-esdeveniments-en-estadis\/#primaryimage"},"image":{"@id":"https:\/\/eikonos.com\/ca\/blog\/installacions-audiovisuals-per-esdeveniments-en-estadis\/#primaryimage"},"thumbnailUrl":"https:\/\/eikonos.com\/wp-content\/uploads\/2016\/06\/instalaciones-audiovisuales-eventos-estadios.jpg","datePublished":"2017-07-20T10:30:46+00:00","description":"La tend\u00e8ncia actual en els esdeveniments en estadis busca aconseguir una experi\u00e8ncia unit\u00e0ria per a tots els assistents independentment de la dist\u00e0ncia a la que estiguin.","breadcrumb":{"@id":"https:\/\/eikonos.com\/ca\/blog\/installacions-audiovisuals-per-esdeveniments-en-estadis\/#breadcrumb"},"inLanguage":"ca","potentialAction":[{"@type":"ReadAction","target":["https:\/\/eikonos.com\/ca\/blog\/installacions-audiovisuals-per-esdeveniments-en-estadis\/"]}]},{"@type":"ImageObject","inLanguage":"ca","@id":"https:\/\/eikonos.com\/ca\/blog\/installacions-audiovisuals-per-esdeveniments-en-estadis\/#primaryimage","url":"https:\/\/eikonos.com\/wp-content\/uploads\/2016\/06\/instalaciones-audiovisuales-eventos-estadios.jpg","contentUrl":"https:\/\/eikonos.com\/wp-content\/uploads\/2016\/06\/instalaciones-audiovisuales-eventos-estadios.jpg","width":800,"height":550,"caption":"Instalaciones audiovisuales para eventos en estadios"},{"@type":"BreadcrumbList","@id":"https:\/\/eikonos.com\/ca\/blog\/installacions-audiovisuals-per-esdeveniments-en-estadis\/#breadcrumb","itemListElement":[{"@type":"ListItem","position":1,"name":"EIKONOS","item":"https:\/\/eikonos.com\/ca\/inici\/"},{"@type":"ListItem","position":2,"name":"Instal\u2022lacions audiovisuals per esdeveniments en estadis"}]},{"@type":"WebSite","@id":"https:\/\/eikonos.com\/ca\/#website","url":"https:\/\/eikonos.com\/ca\/","name":"EIKONOS","description":"EXPERIENCIA AUDIOVISUAL","publisher":{"@id":"https:\/\/eikonos.com\/ca\/#organization"},"potentialAction":[{"@type":"SearchAction","target":{"@type":"EntryPoint","urlTemplate":"https:\/\/eikonos.com\/ca\/?s={search_term_string}"},"query-input":{"@type":"PropertyValueSpecification","valueRequired":true,"valueName":"search_term_string"}}],"inLanguage":"ca"},{"@type":"Organization","@id":"https:\/\/eikonos.com\/ca\/#organization","name":"EIKONOS | Servicios Audiovisuales, eventos y alquiler de equipos","url":"https:\/\/eikonos.com\/ca\/","logo":{"@type":"ImageObject","inLanguage":"ca","@id":"https:\/\/eikonos.com\/ca\/#\/schema\/logo\/image\/","url":"https:\/\/eikonos.com\/wp-content\/uploads\/2020\/08\/logo-color.png","contentUrl":"https:\/\/eikonos.com\/wp-content\/uploads\/2020\/08\/logo-color.png","width":376,"height":122,"caption":"EIKONOS | Servicios Audiovisuales, eventos y alquiler de equipos"},"image":{"@id":"https:\/\/eikonos.com\/ca\/#\/schema\/logo\/image\/"},"sameAs":["http:\/\/www.facebook.com\/pages\/Eikonos\/176324785746790","https:\/\/x.com\/eikonos_sa","http:\/\/www.linkedin.com\/company\/eikonos","http:\/\/www.youtube.com\/channel\/UC8wcizWaAYbfsuqVf9wIT6w"]},{"@type":"Person","@id":"https:\/\/eikonos.com\/ca\/#\/schema\/person\/82032860cc314d826959b90595a5280a","name":"Xavi Eikonos","image":{"@type":"ImageObject","inLanguage":"ca","@id":"https:\/\/eikonos.com\/ca\/#\/schema\/person\/image\/","url":"https:\/\/secure.gravatar.com\/avatar\/a6c6b51dd0ac6902701aab24a914f6febe1518f94a5ae06db08b3d6107248dfd?s=96&d=mm&r=g","contentUrl":"https:\/\/secure.gravatar.com\/avatar\/a6c6b51dd0ac6902701aab24a914f6febe1518f94a5ae06db08b3d6107248dfd?s=96&d=mm&r=g","caption":"Xavi Eikonos"}}]}},"_links":{"self":[{"href":"https:\/\/eikonos.com\/ca\/wp-json\/wp\/v2\/posts\/3137","targetHints":{"allow":["GET"]}}],"collection":[{"href":"https:\/\/eikonos.com\/ca\/wp-json\/wp\/v2\/posts"}],"about":[{"href":"https:\/\/eikonos.com\/ca\/wp-json\/wp\/v2\/types\/post"}],"author":[{"embeddable":true,"href":"https:\/\/eikonos.com\/ca\/wp-json\/wp\/v2\/users\/6"}],"replies":[{"embeddable":true,"href":"https:\/\/eikonos.com\/ca\/wp-json\/wp\/v2\/comments?post=3137"}],"version-history":[{"count":0,"href":"https:\/\/eikonos.com\/ca\/wp-json\/wp\/v2\/posts\/3137\/revisions"}],"wp:featuredmedia":[{"embeddable":true,"href":"https:\/\/eikonos.com\/ca\/wp-json\/wp\/v2\/media\/4345"}],"wp:attachment":[{"href":"https:\/\/eikonos.com\/ca\/wp-json\/wp\/v2\/media?parent=3137"}],"wp:term":[{"taxonomy":"category","embeddable":true,"href":"https:\/\/eikonos.com\/ca\/wp-json\/wp\/v2\/categories?post=3137"},{"taxonomy":"post_tag","embeddable":true,"href":"https:\/\/eikonos.com\/ca\/wp-json\/wp\/v2\/tags?post=3137"}],"curies":[{"name":"wp","href":"https:\/\/api.w.org\/{rel}","templated":true}]}}