{"id":3102,"date":"2016-07-12T12:06:03","date_gmt":"2016-07-12T10:06:03","guid":{"rendered":"http:\/\/eikonos.com\/?p=3102"},"modified":"2016-07-12T12:06:03","modified_gmt":"2016-07-12T10:06:03","slug":"installacions-per-esdeveniment-esportius-recursos-audivousuals-per-a-una-fanzone","status":"publish","type":"post","link":"https:\/\/eikonos.com\/ca\/blog\/installacions-per-esdeveniment-esportius-recursos-audivousuals-per-a-una-fanzone\/","title":{"rendered":"Instal\u2022lacions per esdeveniments esportius: recursos audiovisuals per a una fanzone"},"content":{"rendered":"<p style=\"text-align: justify;\"><span lang=\"CA\">Ara que estem veient la febre de l\u2019Eurocopa i a punt de comen\u00e7ar els Jocs Ol\u00edmpics 2016 a Rio, molts aficionats han pensat en ACUDIR a animar als seus equips, seleccions o pa\u00efsos. Tot i aix\u00ed, molts no tindran la sort d\u2019aconseguir l\u2019entrada pel camp o estadi. <\/span><\/p>\n<p style=\"text-align: justify;\"><span lang=\"CA\">Els organitzadors d\u2019aquestes competicions, aix\u00ed com patrocinadors i institucions, s\u00f3n conscients d\u2019aix\u00f2 i per aix\u00f2 cada cop m\u00e9s es rec\u00f3rrer al muntatge de fanzones en les ciutats, tan les que acullen el torneig com les de l\u2019origen de l\u2019equip. En el v\u00eddeo d\u2019encap\u00e7alaments pots veure <b>la fanzone que vam dissenyar des d\u2019Eikonos a Barcelona en motiu de la celebraci\u00f3 del Mundobasket 2014\u00a0 Mundial de Baloncesto. <\/b>Una fanzone a la mesura d\u2019una competici\u00f3 d\u2019aquest calibre. <\/span><\/p>\n<p style=\"text-align: justify;\"><span lang=\"CA\">Aquestes fanzones s\u00f3n espais condicionats per a la reuni\u00f3 d\u2019aficionats a un equip o competici\u00f3 i seguir el torneig, traslladant l\u2019ambient de l\u2019estadi i oferint una s\u00e8rie de serveis que fan que es visqui tota l\u2019emoci\u00f3 de l\u2019esport. A m\u00e9s a m\u00e9s, <b>els patrocinadors poden refor\u00e7ar les seves campanyes publicit\u00e0ries en aquestes instal\u00b7lacions, <\/b>convertint les fanzones en espais d\u2019oci i tamb\u00e9 promocionals. <\/span><\/p>\n<p style=\"text-align: justify;\"><span lang=\"CA\">A EIKONOS, que treballem des de Barcelona oferint els nostres serveis a nivell nacional i internacional, hem col\u00b7laborat amb els equips i en tot tipus de competicions en la preparaci\u00f3, coordinaci\u00f3 i condicionament audiovisual de les Fanzones. <\/span><\/p>\n<p style=\"text-align: justify;\"><span lang=\"CA\">En el disseny d\u2019unes instal\u00b7lacions d\u2019aquestes caracter\u00edstiques, <b>quins s\u00f3n els recursos audiovisuals per a una fanzone que no pugui faltar?<\/b><\/span><\/p>\n<h2 style=\"text-align: justify;\"><span style=\"color: #ff0000;\">Pantalles gegants, l&#8217;epicentre de la Fanzone<\/span><\/h2>\n<p style=\"text-align: justify;\"><span lang=\"CA\">No existeix una fanzone sense\u00a0<\/span><a title=\"Las pantallas Led para los eventos en exteriores\" href=\"https:\/\/eikonos.com\/blog\/las-pantallas-led-para-los-eventos-en-exteriores\/\">pantalles LED gegants,\u00a0<\/a>que ofereixen gran quantitat d\u2019avantatges. La primera \u00e9s que <b>suporta molt b\u00e9 les condicions adverses <\/b>sobre tot en quant a climatologia. Els panels LED es poden col\u00b7locar perfectament en exteriors i aguanten tan un dia solejat com nuvolat o amb vent. Aquesta resist\u00e8ncia les converteix en el complement perfecte per exteriors i un dels recursos audiovisuals per a una fanzone imprescindibles.<\/p>\n<p style=\"text-align: justify;\"><span lang=\"CA\">Per altra banda, ofereixen un ampli camp de visi\u00f3 i el fet de ser modulars permet que es puguin adaptar a qualsevol espai, <b>podent aconseguir una superf\u00edcie de fins a 100m2. <\/b>La densitat de LED \u00e9s la que marca la definici\u00f3 de la imatge, tot i que al estar dissenyada per veure\u2019s a una dist\u00e0ncia considerable, la qualitat sempre ser\u00e0 perfecta des de qualsevol angle i a qualsevol dist\u00e0ncia de la pantalla. <\/span><\/p>\n<p style=\"text-align: justify;\"><span lang=\"CA\">Aquesta avantatge \u00e9s important per seguir el torneig, per\u00f2 tamb\u00e9 per als anunciants i patrocinadors que vulguin aprofitar l\u2019espai per promocionar els seus productes i serveis. <b>Una pantalla LED gegant \u00e9s el suport perfecte tamb\u00e9 per a tot tipus d\u2019accions publicit\u00e0ries. <\/b><\/span><\/p>\n<p style=\"text-align: justify;\"><span lang=\"CA\">A m\u00e9s a m\u00e9s, el LED ofereix molts avantatges en quan a l\u2019estalvi energ\u00e8tic, sent una tecnologia de molt baix consum. <\/span><\/p>\n<p style=\"text-align: justify;\"><span lang=\"CA\">La pantalla \u00e9s el centre de la fanzone per\u00f2 el so i la il\u00b7luminaci\u00f3 juguen un paper fonamental per crear i mantenir l\u2019ambient i tamb\u00e9 per animar a les aficions. La combinaci\u00f3 d\u2019aquests 3 equips audiovisuals s\u00f3n els que <b>asseguren l\u2019\u00e8xit d\u2019una fanzone, <\/b>oferint el que els aficionats necessiten.<\/span><\/p>\n<p style=\"text-align: justify;\"><span lang=\"CA\">Hem parlat dels aspectes audiovisuals que necessita una fanzone, per\u00f2 els organitzador han de tenir en compte altres com instal\u00b7lar espais de restauraci\u00f3, venta de menjar i beguda, lavabos&#8230; <b>Si necessites material audiovisual per a una fanzone, a EIKONOS podem ajudar-te. Parlem!<\/b><\/span><\/p>\n<p>&nbsp;<\/p>\n<p><a href=\"https:\/\/eikonos.com\/servicios\/alquiler-de-equipos\/\"><img loading=\"lazy\" decoding=\"async\" class=\"aligncenter wp-image-3091 size-full\" src=\"https:\/\/eikonos.com\/wp-content\/uploads\/2016\/07\/eikonos-cta-equips-audiovisuals-de-lloguer-2.png\" alt=\"\" width=\"741\" height=\"250\" srcset=\"https:\/\/eikonos.com\/wp-content\/uploads\/2016\/07\/eikonos-cta-equips-audiovisuals-de-lloguer-2.png 741w, https:\/\/eikonos.com\/wp-content\/uploads\/2016\/07\/eikonos-cta-equips-audiovisuals-de-lloguer-2-300x101.png 300w\" sizes=\"auto, (max-width: 741px) 100vw, 741px\" \/><\/a><\/p>\n","protected":false},"excerpt":{"rendered":"<p>Ara que estem veient la febre de l\u2019Eurocopa i a punt de comen\u00e7ar els Jocs&#8230;<\/p>\n","protected":false},"author":6,"featured_media":0,"comment_status":"open","ping_status":"open","sticky":false,"template":"","format":"video","meta":{"_acf_changed":false,"footnotes":""},"categories":[262],"tags":[368],"class_list":["post-3102","post","type-post","status-publish","format-video","hentry","category-lloguer-dequips","tag-pantalles-led","post_format-post-format-video"],"acf":[],"yoast_head":"<!-- This site is optimized with the Yoast SEO plugin v26.3 - https:\/\/yoast.com\/wordpress\/plugins\/seo\/ -->\n<title>Instal\u2022lacions per esdeveniments esportius: recursos audiovisuals per a una fanzone | EIKONOS<\/title>\n<meta name=\"description\" content=\"Per dissenyar unes instal\u00b7lacions dirigides als seguidors d&#039;una competici\u00f3, quins s\u00f3n els recursos audiovisuals per a una fanzone que no poden faltar?\" \/>\n<meta name=\"robots\" content=\"index, follow, max-snippet:-1, max-image-preview:large, max-video-preview:-1\" \/>\n<link rel=\"canonical\" href=\"https:\/\/eikonos.com\/ca\/blog\/installacions-per-esdeveniment-esportius-recursos-audivousuals-per-a-una-fanzone\/\" \/>\n<meta property=\"og:locale\" content=\"ca_ES\" \/>\n<meta property=\"og:type\" content=\"article\" \/>\n<meta property=\"og:title\" content=\"Instal\u2022lacions per esdeveniments esportius: recursos audiovisuals per a una fanzone | EIKONOS\" \/>\n<meta property=\"og:description\" content=\"Per dissenyar unes instal\u00b7lacions dirigides als seguidors d&#039;una competici\u00f3, quins s\u00f3n els recursos audiovisuals per a una fanzone que no poden faltar?\" \/>\n<meta property=\"og:url\" content=\"https:\/\/eikonos.com\/ca\/blog\/installacions-per-esdeveniment-esportius-recursos-audivousuals-per-a-una-fanzone\/\" \/>\n<meta property=\"og:site_name\" content=\"EIKONOS\" \/>\n<meta property=\"article:publisher\" content=\"http:\/\/www.facebook.com\/pages\/Eikonos\/176324785746790\" \/>\n<meta property=\"article:published_time\" content=\"2016-07-12T10:06:03+00:00\" \/>\n<meta property=\"og:image\" content=\"https:\/\/eikonos.com\/wp-content\/uploads\/2016\/07\/eikonos-cta-equips-audiovisuals-de-lloguer-2.png\" \/>\n<meta name=\"author\" content=\"Xavi Eikonos\" \/>\n<meta name=\"twitter:card\" content=\"summary_large_image\" \/>\n<meta name=\"twitter:creator\" content=\"@eikonos_sa\" \/>\n<meta name=\"twitter:site\" content=\"@eikonos_sa\" \/>\n<meta name=\"twitter:label1\" content=\"Escrit per\" \/>\n\t<meta name=\"twitter:data1\" content=\"Xavi Eikonos\" \/>\n\t<meta name=\"twitter:label2\" content=\"Temps estimat de lectura\" \/>\n\t<meta name=\"twitter:data2\" content=\"3 minuts\" \/>\n<script type=\"application\/ld+json\" class=\"yoast-schema-graph\">{\"@context\":\"https:\/\/schema.org\",\"@graph\":[{\"@type\":\"Article\",\"@id\":\"https:\/\/eikonos.com\/ca\/blog\/installacions-per-esdeveniment-esportius-recursos-audivousuals-per-a-una-fanzone\/#article\",\"isPartOf\":{\"@id\":\"https:\/\/eikonos.com\/ca\/blog\/installacions-per-esdeveniment-esportius-recursos-audivousuals-per-a-una-fanzone\/\"},\"author\":{\"name\":\"Xavi Eikonos\",\"@id\":\"https:\/\/eikonos.com\/ca\/#\/schema\/person\/82032860cc314d826959b90595a5280a\"},\"headline\":\"Instal\u2022lacions per esdeveniments esportius: recursos audiovisuals per a una fanzone\",\"datePublished\":\"2016-07-12T10:06:03+00:00\",\"mainEntityOfPage\":{\"@id\":\"https:\/\/eikonos.com\/ca\/blog\/installacions-per-esdeveniment-esportius-recursos-audivousuals-per-a-una-fanzone\/\"},\"wordCount\":609,\"commentCount\":0,\"publisher\":{\"@id\":\"https:\/\/eikonos.com\/ca\/#organization\"},\"image\":{\"@id\":\"https:\/\/eikonos.com\/ca\/blog\/installacions-per-esdeveniment-esportius-recursos-audivousuals-per-a-una-fanzone\/#primaryimage\"},\"thumbnailUrl\":\"https:\/\/eikonos.com\/wp-content\/uploads\/2016\/07\/eikonos-cta-equips-audiovisuals-de-lloguer-2.png\",\"keywords\":[\"Pantalles LED\"],\"articleSection\":[\"Lloguer d'equips\"],\"inLanguage\":\"ca\",\"potentialAction\":[{\"@type\":\"CommentAction\",\"name\":\"Comment\",\"target\":[\"https:\/\/eikonos.com\/ca\/blog\/installacions-per-esdeveniment-esportius-recursos-audivousuals-per-a-una-fanzone\/#respond\"]}]},{\"@type\":\"WebPage\",\"@id\":\"https:\/\/eikonos.com\/ca\/blog\/installacions-per-esdeveniment-esportius-recursos-audivousuals-per-a-una-fanzone\/\",\"url\":\"https:\/\/eikonos.com\/ca\/blog\/installacions-per-esdeveniment-esportius-recursos-audivousuals-per-a-una-fanzone\/\",\"name\":\"Instal\u2022lacions per esdeveniments esportius: recursos audiovisuals per a una fanzone | EIKONOS\",\"isPartOf\":{\"@id\":\"https:\/\/eikonos.com\/ca\/#website\"},\"primaryImageOfPage\":{\"@id\":\"https:\/\/eikonos.com\/ca\/blog\/installacions-per-esdeveniment-esportius-recursos-audivousuals-per-a-una-fanzone\/#primaryimage\"},\"image\":{\"@id\":\"https:\/\/eikonos.com\/ca\/blog\/installacions-per-esdeveniment-esportius-recursos-audivousuals-per-a-una-fanzone\/#primaryimage\"},\"thumbnailUrl\":\"https:\/\/eikonos.com\/wp-content\/uploads\/2016\/07\/eikonos-cta-equips-audiovisuals-de-lloguer-2.png\",\"datePublished\":\"2016-07-12T10:06:03+00:00\",\"description\":\"Per dissenyar unes instal\u00b7lacions dirigides als seguidors d'una competici\u00f3, quins s\u00f3n els recursos audiovisuals per a una fanzone que no poden faltar?\",\"breadcrumb\":{\"@id\":\"https:\/\/eikonos.com\/ca\/blog\/installacions-per-esdeveniment-esportius-recursos-audivousuals-per-a-una-fanzone\/#breadcrumb\"},\"inLanguage\":\"ca\",\"potentialAction\":[{\"@type\":\"ReadAction\",\"target\":[\"https:\/\/eikonos.com\/ca\/blog\/installacions-per-esdeveniment-esportius-recursos-audivousuals-per-a-una-fanzone\/\"]}]},{\"@type\":\"ImageObject\",\"inLanguage\":\"ca\",\"@id\":\"https:\/\/eikonos.com\/ca\/blog\/installacions-per-esdeveniment-esportius-recursos-audivousuals-per-a-una-fanzone\/#primaryimage\",\"url\":\"https:\/\/eikonos.com\/wp-content\/uploads\/2016\/07\/eikonos-cta-equips-audiovisuals-de-lloguer-2.png\",\"contentUrl\":\"https:\/\/eikonos.com\/wp-content\/uploads\/2016\/07\/eikonos-cta-equips-audiovisuals-de-lloguer-2.png\"},{\"@type\":\"BreadcrumbList\",\"@id\":\"https:\/\/eikonos.com\/ca\/blog\/installacions-per-esdeveniment-esportius-recursos-audivousuals-per-a-una-fanzone\/#breadcrumb\",\"itemListElement\":[{\"@type\":\"ListItem\",\"position\":1,\"name\":\"EIKONOS\",\"item\":\"https:\/\/eikonos.com\/ca\/inici\/\"},{\"@type\":\"ListItem\",\"position\":2,\"name\":\"Instal\u2022lacions per esdeveniments esportius: recursos audiovisuals per a una fanzone\"}]},{\"@type\":\"WebSite\",\"@id\":\"https:\/\/eikonos.com\/ca\/#website\",\"url\":\"https:\/\/eikonos.com\/ca\/\",\"name\":\"EIKONOS\",\"description\":\"EXPERIENCIA AUDIOVISUAL\",\"publisher\":{\"@id\":\"https:\/\/eikonos.com\/ca\/#organization\"},\"potentialAction\":[{\"@type\":\"SearchAction\",\"target\":{\"@type\":\"EntryPoint\",\"urlTemplate\":\"https:\/\/eikonos.com\/ca\/?s={search_term_string}\"},\"query-input\":{\"@type\":\"PropertyValueSpecification\",\"valueRequired\":true,\"valueName\":\"search_term_string\"}}],\"inLanguage\":\"ca\"},{\"@type\":\"Organization\",\"@id\":\"https:\/\/eikonos.com\/ca\/#organization\",\"name\":\"EIKONOS | Servicios Audiovisuales, eventos y alquiler de equipos\",\"url\":\"https:\/\/eikonos.com\/ca\/\",\"logo\":{\"@type\":\"ImageObject\",\"inLanguage\":\"ca\",\"@id\":\"https:\/\/eikonos.com\/ca\/#\/schema\/logo\/image\/\",\"url\":\"https:\/\/eikonos.com\/wp-content\/uploads\/2020\/08\/logo-color.png\",\"contentUrl\":\"https:\/\/eikonos.com\/wp-content\/uploads\/2020\/08\/logo-color.png\",\"width\":376,\"height\":122,\"caption\":\"EIKONOS | Servicios Audiovisuales, eventos y alquiler de equipos\"},\"image\":{\"@id\":\"https:\/\/eikonos.com\/ca\/#\/schema\/logo\/image\/\"},\"sameAs\":[\"http:\/\/www.facebook.com\/pages\/Eikonos\/176324785746790\",\"https:\/\/x.com\/eikonos_sa\",\"http:\/\/www.linkedin.com\/company\/eikonos\",\"http:\/\/www.youtube.com\/channel\/UC8wcizWaAYbfsuqVf9wIT6w\"]},{\"@type\":\"Person\",\"@id\":\"https:\/\/eikonos.com\/ca\/#\/schema\/person\/82032860cc314d826959b90595a5280a\",\"name\":\"Xavi Eikonos\",\"image\":{\"@type\":\"ImageObject\",\"inLanguage\":\"ca\",\"@id\":\"https:\/\/eikonos.com\/ca\/#\/schema\/person\/image\/\",\"url\":\"https:\/\/secure.gravatar.com\/avatar\/a6c6b51dd0ac6902701aab24a914f6febe1518f94a5ae06db08b3d6107248dfd?s=96&d=mm&r=g\",\"contentUrl\":\"https:\/\/secure.gravatar.com\/avatar\/a6c6b51dd0ac6902701aab24a914f6febe1518f94a5ae06db08b3d6107248dfd?s=96&d=mm&r=g\",\"caption\":\"Xavi Eikonos\"}}]}<\/script>\n<!-- \/ Yoast SEO plugin. -->","yoast_head_json":{"title":"Instal\u2022lacions per esdeveniments esportius: recursos audiovisuals per a una fanzone | EIKONOS","description":"Per dissenyar unes instal\u00b7lacions dirigides als seguidors d'una competici\u00f3, quins s\u00f3n els recursos audiovisuals per a una fanzone que no poden faltar?","robots":{"index":"index","follow":"follow","max-snippet":"max-snippet:-1","max-image-preview":"max-image-preview:large","max-video-preview":"max-video-preview:-1"},"canonical":"https:\/\/eikonos.com\/ca\/blog\/installacions-per-esdeveniment-esportius-recursos-audivousuals-per-a-una-fanzone\/","og_locale":"ca_ES","og_type":"article","og_title":"Instal\u2022lacions per esdeveniments esportius: recursos audiovisuals per a una fanzone | EIKONOS","og_description":"Per dissenyar unes instal\u00b7lacions dirigides als seguidors d'una competici\u00f3, quins s\u00f3n els recursos audiovisuals per a una fanzone que no poden faltar?","og_url":"https:\/\/eikonos.com\/ca\/blog\/installacions-per-esdeveniment-esportius-recursos-audivousuals-per-a-una-fanzone\/","og_site_name":"EIKONOS","article_publisher":"http:\/\/www.facebook.com\/pages\/Eikonos\/176324785746790","article_published_time":"2016-07-12T10:06:03+00:00","og_image":[{"url":"https:\/\/eikonos.com\/wp-content\/uploads\/2016\/07\/eikonos-cta-equips-audiovisuals-de-lloguer-2.png","type":"","width":"","height":""}],"author":"Xavi Eikonos","twitter_card":"summary_large_image","twitter_creator":"@eikonos_sa","twitter_site":"@eikonos_sa","twitter_misc":{"Escrit per":"Xavi Eikonos","Temps estimat de lectura":"3 minuts"},"schema":{"@context":"https:\/\/schema.org","@graph":[{"@type":"Article","@id":"https:\/\/eikonos.com\/ca\/blog\/installacions-per-esdeveniment-esportius-recursos-audivousuals-per-a-una-fanzone\/#article","isPartOf":{"@id":"https:\/\/eikonos.com\/ca\/blog\/installacions-per-esdeveniment-esportius-recursos-audivousuals-per-a-una-fanzone\/"},"author":{"name":"Xavi Eikonos","@id":"https:\/\/eikonos.com\/ca\/#\/schema\/person\/82032860cc314d826959b90595a5280a"},"headline":"Instal\u2022lacions per esdeveniments esportius: recursos audiovisuals per a una fanzone","datePublished":"2016-07-12T10:06:03+00:00","mainEntityOfPage":{"@id":"https:\/\/eikonos.com\/ca\/blog\/installacions-per-esdeveniment-esportius-recursos-audivousuals-per-a-una-fanzone\/"},"wordCount":609,"commentCount":0,"publisher":{"@id":"https:\/\/eikonos.com\/ca\/#organization"},"image":{"@id":"https:\/\/eikonos.com\/ca\/blog\/installacions-per-esdeveniment-esportius-recursos-audivousuals-per-a-una-fanzone\/#primaryimage"},"thumbnailUrl":"https:\/\/eikonos.com\/wp-content\/uploads\/2016\/07\/eikonos-cta-equips-audiovisuals-de-lloguer-2.png","keywords":["Pantalles LED"],"articleSection":["Lloguer d'equips"],"inLanguage":"ca","potentialAction":[{"@type":"CommentAction","name":"Comment","target":["https:\/\/eikonos.com\/ca\/blog\/installacions-per-esdeveniment-esportius-recursos-audivousuals-per-a-una-fanzone\/#respond"]}]},{"@type":"WebPage","@id":"https:\/\/eikonos.com\/ca\/blog\/installacions-per-esdeveniment-esportius-recursos-audivousuals-per-a-una-fanzone\/","url":"https:\/\/eikonos.com\/ca\/blog\/installacions-per-esdeveniment-esportius-recursos-audivousuals-per-a-una-fanzone\/","name":"Instal\u2022lacions per esdeveniments esportius: recursos audiovisuals per a una fanzone | EIKONOS","isPartOf":{"@id":"https:\/\/eikonos.com\/ca\/#website"},"primaryImageOfPage":{"@id":"https:\/\/eikonos.com\/ca\/blog\/installacions-per-esdeveniment-esportius-recursos-audivousuals-per-a-una-fanzone\/#primaryimage"},"image":{"@id":"https:\/\/eikonos.com\/ca\/blog\/installacions-per-esdeveniment-esportius-recursos-audivousuals-per-a-una-fanzone\/#primaryimage"},"thumbnailUrl":"https:\/\/eikonos.com\/wp-content\/uploads\/2016\/07\/eikonos-cta-equips-audiovisuals-de-lloguer-2.png","datePublished":"2016-07-12T10:06:03+00:00","description":"Per dissenyar unes instal\u00b7lacions dirigides als seguidors d'una competici\u00f3, quins s\u00f3n els recursos audiovisuals per a una fanzone que no poden faltar?","breadcrumb":{"@id":"https:\/\/eikonos.com\/ca\/blog\/installacions-per-esdeveniment-esportius-recursos-audivousuals-per-a-una-fanzone\/#breadcrumb"},"inLanguage":"ca","potentialAction":[{"@type":"ReadAction","target":["https:\/\/eikonos.com\/ca\/blog\/installacions-per-esdeveniment-esportius-recursos-audivousuals-per-a-una-fanzone\/"]}]},{"@type":"ImageObject","inLanguage":"ca","@id":"https:\/\/eikonos.com\/ca\/blog\/installacions-per-esdeveniment-esportius-recursos-audivousuals-per-a-una-fanzone\/#primaryimage","url":"https:\/\/eikonos.com\/wp-content\/uploads\/2016\/07\/eikonos-cta-equips-audiovisuals-de-lloguer-2.png","contentUrl":"https:\/\/eikonos.com\/wp-content\/uploads\/2016\/07\/eikonos-cta-equips-audiovisuals-de-lloguer-2.png"},{"@type":"BreadcrumbList","@id":"https:\/\/eikonos.com\/ca\/blog\/installacions-per-esdeveniment-esportius-recursos-audivousuals-per-a-una-fanzone\/#breadcrumb","itemListElement":[{"@type":"ListItem","position":1,"name":"EIKONOS","item":"https:\/\/eikonos.com\/ca\/inici\/"},{"@type":"ListItem","position":2,"name":"Instal\u2022lacions per esdeveniments esportius: recursos audiovisuals per a una fanzone"}]},{"@type":"WebSite","@id":"https:\/\/eikonos.com\/ca\/#website","url":"https:\/\/eikonos.com\/ca\/","name":"EIKONOS","description":"EXPERIENCIA AUDIOVISUAL","publisher":{"@id":"https:\/\/eikonos.com\/ca\/#organization"},"potentialAction":[{"@type":"SearchAction","target":{"@type":"EntryPoint","urlTemplate":"https:\/\/eikonos.com\/ca\/?s={search_term_string}"},"query-input":{"@type":"PropertyValueSpecification","valueRequired":true,"valueName":"search_term_string"}}],"inLanguage":"ca"},{"@type":"Organization","@id":"https:\/\/eikonos.com\/ca\/#organization","name":"EIKONOS | Servicios Audiovisuales, eventos y alquiler de equipos","url":"https:\/\/eikonos.com\/ca\/","logo":{"@type":"ImageObject","inLanguage":"ca","@id":"https:\/\/eikonos.com\/ca\/#\/schema\/logo\/image\/","url":"https:\/\/eikonos.com\/wp-content\/uploads\/2020\/08\/logo-color.png","contentUrl":"https:\/\/eikonos.com\/wp-content\/uploads\/2020\/08\/logo-color.png","width":376,"height":122,"caption":"EIKONOS | Servicios Audiovisuales, eventos y alquiler de equipos"},"image":{"@id":"https:\/\/eikonos.com\/ca\/#\/schema\/logo\/image\/"},"sameAs":["http:\/\/www.facebook.com\/pages\/Eikonos\/176324785746790","https:\/\/x.com\/eikonos_sa","http:\/\/www.linkedin.com\/company\/eikonos","http:\/\/www.youtube.com\/channel\/UC8wcizWaAYbfsuqVf9wIT6w"]},{"@type":"Person","@id":"https:\/\/eikonos.com\/ca\/#\/schema\/person\/82032860cc314d826959b90595a5280a","name":"Xavi Eikonos","image":{"@type":"ImageObject","inLanguage":"ca","@id":"https:\/\/eikonos.com\/ca\/#\/schema\/person\/image\/","url":"https:\/\/secure.gravatar.com\/avatar\/a6c6b51dd0ac6902701aab24a914f6febe1518f94a5ae06db08b3d6107248dfd?s=96&d=mm&r=g","contentUrl":"https:\/\/secure.gravatar.com\/avatar\/a6c6b51dd0ac6902701aab24a914f6febe1518f94a5ae06db08b3d6107248dfd?s=96&d=mm&r=g","caption":"Xavi Eikonos"}}]}},"_links":{"self":[{"href":"https:\/\/eikonos.com\/ca\/wp-json\/wp\/v2\/posts\/3102","targetHints":{"allow":["GET"]}}],"collection":[{"href":"https:\/\/eikonos.com\/ca\/wp-json\/wp\/v2\/posts"}],"about":[{"href":"https:\/\/eikonos.com\/ca\/wp-json\/wp\/v2\/types\/post"}],"author":[{"embeddable":true,"href":"https:\/\/eikonos.com\/ca\/wp-json\/wp\/v2\/users\/6"}],"replies":[{"embeddable":true,"href":"https:\/\/eikonos.com\/ca\/wp-json\/wp\/v2\/comments?post=3102"}],"version-history":[{"count":0,"href":"https:\/\/eikonos.com\/ca\/wp-json\/wp\/v2\/posts\/3102\/revisions"}],"wp:attachment":[{"href":"https:\/\/eikonos.com\/ca\/wp-json\/wp\/v2\/media?parent=3102"}],"wp:term":[{"taxonomy":"category","embeddable":true,"href":"https:\/\/eikonos.com\/ca\/wp-json\/wp\/v2\/categories?post=3102"},{"taxonomy":"post_tag","embeddable":true,"href":"https:\/\/eikonos.com\/ca\/wp-json\/wp\/v2\/tags?post=3102"}],"curies":[{"name":"wp","href":"https:\/\/api.w.org\/{rel}","templated":true}]}}