{"id":3016,"date":"2015-02-24T12:42:40","date_gmt":"2015-02-24T12:42:40","guid":{"rendered":"http:\/\/eikonos.com\/blog\/equipos-fundamentales-para-tus-eventos-ii-equipos-de-iluminacion-2\/"},"modified":"2015-02-24T12:42:40","modified_gmt":"2015-02-24T12:42:40","slug":"equips-fonalmentals-pels-teus-edeveniments-equips-dilluminacio","status":"publish","type":"post","link":"https:\/\/eikonos.com\/ca\/blog\/equips-fonalmentals-pels-teus-edeveniments-equips-dilluminacio\/","title":{"rendered":"Equips fonamentals pels teus esdeveniments (II): equips d\u2019il\u2022luminaci\u00f3"},"content":{"rendered":"<p style=\"text-align: justify;\">Com sempre diem en el nostre bloc, l\u2019\u00e8xit d\u2019un esdeveniment audiovisual resideix en molts factors. Tot i aix\u00ed, actualment tota <strong>la part visual t\u00e9 especial import\u00e0ncia <\/strong>ja que \u00e9s la que es pot generar un major inter\u00e8s en els espectadors i visitants. Per aquest motiu \u00e9s necessari prestar especial atenci\u00f3 en els equips audiovisuals que s\u2019utilitzaran i quines funcions compliran.<\/p>\n<p style=\"text-align: justify;\">En el nostre primer article sobre equips fonamentals pels teus esdeveniments comentem la rellev\u00e0ncia que t\u00e9 el <a href=\"https:\/\/eikonos.com\/ca\/blog\/mitjans-audiovisuals-per-organitzar-un-esdeveniment-corporatiu\/\">material audiovisual com els\u00a0equips de microfonia i so<\/a>\u00a0per facilitar la transmissi\u00f3 del missatge al p\u00fablic. En aquesta segona publicaci\u00f3 sobre el tema comentarem un altre dels recursos m\u00e9s importants que <strong>no poden faltar en qualsevol esdeveniment audiovisual <\/strong>que precisi: els\u00a0<a title=\"Equipos de iluminaci\u00f3n\" href=\"https:\/\/eikonos.com\/ca\/portfolio_page\/equips-il%C2%B7luminacio\/\">equips d&#8217;il\u00b7luminaci\u00f3<\/a>.<\/p>\n<p style=\"text-align: justify;\"><strong>L\u2019atenci\u00f3 pels detalls pot marcar la difer\u00e8ncia entre un esdeveniment normal i un extraordinari, <\/strong>i la il\u00b7luminaci\u00f3 va molt m\u00e9s enll\u00e0 que posar un foco sobre l\u2019orador. A m\u00e9s aix\u00f2 tamb\u00e9 serveix per crear ambient, per mostrar informaci\u00f3, per cridar l\u2019atenci\u00f3 als assistents&#8230;<\/p>\n<h2 style=\"text-align: justify;\"><span style=\"color: #ff0000;\">Com treure el m\u00e0xim profit als equips d&#8217;il\u00b7luminaci\u00f3 del teu esdeveniment<\/span><\/h2>\n<p style=\"text-align: justify;\">Els equips d\u2019il\u00b7luminaci\u00f3 han evolucionat molt des dels fluorescents de tungsteno i els hal\u00f2gens incandescents. La il\u00b7luminaci\u00f3 per esdeveniments audiovisuals ha progressat m\u00e9s enll\u00e0 de la imaginaci\u00f3 i aquests s\u00f3n alguns consells per aconseguir un esdeveniment extraordinari:<\/p>\n<p style=\"text-align: justify;\">Els LED s\u00f3n unes deu vegades m\u00e9s eficients que el seu equivalent de tungsteno. Aix\u00f2 significa deu vegades menys electricitat per produir el mateix nivell de brillantor i una major durabilitat. A m\u00e9s de la seva brillantor i color es poden controlar electr\u00f2nicament mesclant els colors primaris per aconseguir qualsevol altre, sense accessoris ni material extra.<\/p>\n<p style=\"text-align: justify;\">El resultat \u00e9s <strong>professional i sorprenent <\/strong>digne de les grans empreses multinacionals. Fer-lo servir en un esdeveniment audiovisual \u00e9s tot un encert no nom\u00e9s a nivell econ\u00f2mic si no a nivells tamb\u00e9 de possibilitats i resultats.<\/p>\n<p style=\"text-align: justify;\">Per altra banda, degut a la multitud d\u2019equips disponibles i a la infinitat d\u2019opcions que es poden aconseguir amb la il\u00b7luminaci\u00f3 conv\u00e9 fer-se algunes preguntes per <strong>definir el nostre esdeveniment audiovisual <\/strong>i enfocar l\u2019efici\u00e8ncia dels equips d\u2019il\u00b7luminaci\u00f3 en aconseguir-lo.<\/p>\n<ul style=\"text-align: justify;\">\n<li>El resultat \u00e9s <strong>professional i sorprenent <\/strong>digne de les grans empreses. Qu\u00e8 volen transmetre?, quins colors encaixen millor per transmetre aquest missatge?<\/li>\n<li>Quin equip d\u2019il\u00b7luminaci\u00f3 hem d\u2019utilitzar?, com podem fer-lo servir?<\/li>\n<li>Qu\u00e8 volem destacar en l\u2019esdeveniment?<\/li>\n<li>Amb quins mitjans comptem per sorprendre als assistents?<\/li>\n<\/ul>\n<p style=\"text-align: justify;\">Per donar una resposta a aquestes preguntes sempre ser\u00e0 recomanable acudir a <strong>professionals del sector audiovisual <\/strong>per rebre el millor assessorament, noves idees i en definitiva, con\u00e8ixer de primera m\u00e0 qu\u00e8 accions resulten m\u00e9s efectives. Des d\u2019EIKONOS us animem a que ens envieu els vostres dubtes i estarem encantats d\u2019ajudar-vos.<\/p>\n<p>&nbsp;<\/p>\n","protected":false},"excerpt":{"rendered":"<p>Com sempre diem en el nostre bloc, l\u2019\u00e8xit d\u2019un esdeveniment audiovisual resideix en molts factors&#8230;.<\/p>\n","protected":false},"author":6,"featured_media":1491,"comment_status":"open","ping_status":"open","sticky":false,"template":"","format":"standard","meta":{"_acf_changed":false,"footnotes":""},"categories":[262],"tags":[],"class_list":["post-3016","post","type-post","status-publish","format-standard","has-post-thumbnail","hentry","category-lloguer-dequips"],"acf":[],"yoast_head":"<!-- This site is optimized with the Yoast SEO plugin v26.3 - https:\/\/yoast.com\/wordpress\/plugins\/seo\/ -->\n<title>Equips fonamentals pels teus esdeveniments (II): equips d\u2019il\u2022luminaci\u00f3 | EIKONOS<\/title>\n<meta name=\"description\" content=\"En aquesta segona publicaci\u00f3 sobre el tema comentem un altre tipus d&#039;equips que tamb\u00e9 s\u00f3n importants i que no poden fallar en qualsevol esdeveniment audiovisual.\" \/>\n<meta name=\"robots\" content=\"index, follow, max-snippet:-1, max-image-preview:large, max-video-preview:-1\" \/>\n<link rel=\"canonical\" href=\"https:\/\/eikonos.com\/ca\/blog\/equips-fonalmentals-pels-teus-edeveniments-equips-dilluminacio\/\" \/>\n<meta property=\"og:locale\" content=\"ca_ES\" \/>\n<meta property=\"og:type\" content=\"article\" \/>\n<meta property=\"og:title\" content=\"Equips fonamentals pels teus esdeveniments (II): equips d\u2019il\u2022luminaci\u00f3 | EIKONOS\" \/>\n<meta property=\"og:description\" content=\"En aquesta segona publicaci\u00f3 sobre el tema comentem un altre tipus d&#039;equips que tamb\u00e9 s\u00f3n importants i que no poden fallar en qualsevol esdeveniment audiovisual.\" \/>\n<meta property=\"og:url\" content=\"https:\/\/eikonos.com\/ca\/blog\/equips-fonalmentals-pels-teus-edeveniments-equips-dilluminacio\/\" \/>\n<meta property=\"og:site_name\" content=\"EIKONOS\" \/>\n<meta property=\"article:publisher\" content=\"http:\/\/www.facebook.com\/pages\/Eikonos\/176324785746790\" \/>\n<meta property=\"article:published_time\" content=\"2015-02-24T12:42:40+00:00\" \/>\n<meta property=\"og:image\" content=\"https:\/\/eikonos.com\/wp-content\/uploads\/2015\/02\/201279_ml.jpg\" \/>\n\t<meta property=\"og:image:width\" content=\"1605\" \/>\n\t<meta property=\"og:image:height\" content=\"1169\" \/>\n\t<meta property=\"og:image:type\" content=\"image\/jpeg\" \/>\n<meta name=\"author\" content=\"Xavi Eikonos\" \/>\n<meta name=\"twitter:card\" content=\"summary_large_image\" \/>\n<meta name=\"twitter:creator\" content=\"@eikonos_sa\" \/>\n<meta name=\"twitter:site\" content=\"@eikonos_sa\" \/>\n<meta name=\"twitter:label1\" content=\"Escrit per\" \/>\n\t<meta name=\"twitter:data1\" content=\"Xavi Eikonos\" \/>\n\t<meta name=\"twitter:label2\" content=\"Temps estimat de lectura\" \/>\n\t<meta name=\"twitter:data2\" content=\"2 minuts\" \/>\n<script type=\"application\/ld+json\" class=\"yoast-schema-graph\">{\"@context\":\"https:\/\/schema.org\",\"@graph\":[{\"@type\":\"Article\",\"@id\":\"https:\/\/eikonos.com\/ca\/blog\/equips-fonalmentals-pels-teus-edeveniments-equips-dilluminacio\/#article\",\"isPartOf\":{\"@id\":\"https:\/\/eikonos.com\/ca\/blog\/equips-fonalmentals-pels-teus-edeveniments-equips-dilluminacio\/\"},\"author\":{\"name\":\"Xavi Eikonos\",\"@id\":\"https:\/\/eikonos.com\/ca\/#\/schema\/person\/82032860cc314d826959b90595a5280a\"},\"headline\":\"Equips fonamentals pels teus esdeveniments (II): equips d\u2019il\u2022luminaci\u00f3\",\"datePublished\":\"2015-02-24T12:42:40+00:00\",\"mainEntityOfPage\":{\"@id\":\"https:\/\/eikonos.com\/ca\/blog\/equips-fonalmentals-pels-teus-edeveniments-equips-dilluminacio\/\"},\"wordCount\":495,\"commentCount\":0,\"publisher\":{\"@id\":\"https:\/\/eikonos.com\/ca\/#organization\"},\"image\":{\"@id\":\"https:\/\/eikonos.com\/ca\/blog\/equips-fonalmentals-pels-teus-edeveniments-equips-dilluminacio\/#primaryimage\"},\"thumbnailUrl\":\"https:\/\/eikonos.com\/wp-content\/uploads\/2015\/02\/201279_ml.jpg\",\"articleSection\":[\"Lloguer d'equips\"],\"inLanguage\":\"ca\",\"potentialAction\":[{\"@type\":\"CommentAction\",\"name\":\"Comment\",\"target\":[\"https:\/\/eikonos.com\/ca\/blog\/equips-fonalmentals-pels-teus-edeveniments-equips-dilluminacio\/#respond\"]}]},{\"@type\":\"WebPage\",\"@id\":\"https:\/\/eikonos.com\/ca\/blog\/equips-fonalmentals-pels-teus-edeveniments-equips-dilluminacio\/\",\"url\":\"https:\/\/eikonos.com\/ca\/blog\/equips-fonalmentals-pels-teus-edeveniments-equips-dilluminacio\/\",\"name\":\"Equips fonamentals pels teus esdeveniments (II): equips d\u2019il\u2022luminaci\u00f3 | EIKONOS\",\"isPartOf\":{\"@id\":\"https:\/\/eikonos.com\/ca\/#website\"},\"primaryImageOfPage\":{\"@id\":\"https:\/\/eikonos.com\/ca\/blog\/equips-fonalmentals-pels-teus-edeveniments-equips-dilluminacio\/#primaryimage\"},\"image\":{\"@id\":\"https:\/\/eikonos.com\/ca\/blog\/equips-fonalmentals-pels-teus-edeveniments-equips-dilluminacio\/#primaryimage\"},\"thumbnailUrl\":\"https:\/\/eikonos.com\/wp-content\/uploads\/2015\/02\/201279_ml.jpg\",\"datePublished\":\"2015-02-24T12:42:40+00:00\",\"description\":\"En aquesta segona publicaci\u00f3 sobre el tema comentem un altre tipus d'equips que tamb\u00e9 s\u00f3n importants i que no poden fallar en qualsevol esdeveniment audiovisual.\",\"breadcrumb\":{\"@id\":\"https:\/\/eikonos.com\/ca\/blog\/equips-fonalmentals-pels-teus-edeveniments-equips-dilluminacio\/#breadcrumb\"},\"inLanguage\":\"ca\",\"potentialAction\":[{\"@type\":\"ReadAction\",\"target\":[\"https:\/\/eikonos.com\/ca\/blog\/equips-fonalmentals-pels-teus-edeveniments-equips-dilluminacio\/\"]}]},{\"@type\":\"ImageObject\",\"inLanguage\":\"ca\",\"@id\":\"https:\/\/eikonos.com\/ca\/blog\/equips-fonalmentals-pels-teus-edeveniments-equips-dilluminacio\/#primaryimage\",\"url\":\"https:\/\/eikonos.com\/wp-content\/uploads\/2015\/02\/201279_ml.jpg\",\"contentUrl\":\"https:\/\/eikonos.com\/wp-content\/uploads\/2015\/02\/201279_ml.jpg\",\"width\":1605,\"height\":1169},{\"@type\":\"BreadcrumbList\",\"@id\":\"https:\/\/eikonos.com\/ca\/blog\/equips-fonalmentals-pels-teus-edeveniments-equips-dilluminacio\/#breadcrumb\",\"itemListElement\":[{\"@type\":\"ListItem\",\"position\":1,\"name\":\"EIKONOS\",\"item\":\"https:\/\/eikonos.com\/ca\/inici\/\"},{\"@type\":\"ListItem\",\"position\":2,\"name\":\"Equips fonamentals pels teus esdeveniments (II): equips d\u2019il\u2022luminaci\u00f3\"}]},{\"@type\":\"WebSite\",\"@id\":\"https:\/\/eikonos.com\/ca\/#website\",\"url\":\"https:\/\/eikonos.com\/ca\/\",\"name\":\"EIKONOS\",\"description\":\"EXPERIENCIA AUDIOVISUAL\",\"publisher\":{\"@id\":\"https:\/\/eikonos.com\/ca\/#organization\"},\"potentialAction\":[{\"@type\":\"SearchAction\",\"target\":{\"@type\":\"EntryPoint\",\"urlTemplate\":\"https:\/\/eikonos.com\/ca\/?s={search_term_string}\"},\"query-input\":{\"@type\":\"PropertyValueSpecification\",\"valueRequired\":true,\"valueName\":\"search_term_string\"}}],\"inLanguage\":\"ca\"},{\"@type\":\"Organization\",\"@id\":\"https:\/\/eikonos.com\/ca\/#organization\",\"name\":\"EIKONOS | Servicios Audiovisuales, eventos y alquiler de equipos\",\"url\":\"https:\/\/eikonos.com\/ca\/\",\"logo\":{\"@type\":\"ImageObject\",\"inLanguage\":\"ca\",\"@id\":\"https:\/\/eikonos.com\/ca\/#\/schema\/logo\/image\/\",\"url\":\"https:\/\/eikonos.com\/wp-content\/uploads\/2020\/08\/logo-color.png\",\"contentUrl\":\"https:\/\/eikonos.com\/wp-content\/uploads\/2020\/08\/logo-color.png\",\"width\":376,\"height\":122,\"caption\":\"EIKONOS | Servicios Audiovisuales, eventos y alquiler de equipos\"},\"image\":{\"@id\":\"https:\/\/eikonos.com\/ca\/#\/schema\/logo\/image\/\"},\"sameAs\":[\"http:\/\/www.facebook.com\/pages\/Eikonos\/176324785746790\",\"https:\/\/x.com\/eikonos_sa\",\"http:\/\/www.linkedin.com\/company\/eikonos\",\"http:\/\/www.youtube.com\/channel\/UC8wcizWaAYbfsuqVf9wIT6w\"]},{\"@type\":\"Person\",\"@id\":\"https:\/\/eikonos.com\/ca\/#\/schema\/person\/82032860cc314d826959b90595a5280a\",\"name\":\"Xavi Eikonos\",\"image\":{\"@type\":\"ImageObject\",\"inLanguage\":\"ca\",\"@id\":\"https:\/\/eikonos.com\/ca\/#\/schema\/person\/image\/\",\"url\":\"https:\/\/secure.gravatar.com\/avatar\/a6c6b51dd0ac6902701aab24a914f6febe1518f94a5ae06db08b3d6107248dfd?s=96&d=mm&r=g\",\"contentUrl\":\"https:\/\/secure.gravatar.com\/avatar\/a6c6b51dd0ac6902701aab24a914f6febe1518f94a5ae06db08b3d6107248dfd?s=96&d=mm&r=g\",\"caption\":\"Xavi Eikonos\"}}]}<\/script>\n<!-- \/ Yoast SEO plugin. -->","yoast_head_json":{"title":"Equips fonamentals pels teus esdeveniments (II): equips d\u2019il\u2022luminaci\u00f3 | EIKONOS","description":"En aquesta segona publicaci\u00f3 sobre el tema comentem un altre tipus d'equips que tamb\u00e9 s\u00f3n importants i que no poden fallar en qualsevol esdeveniment audiovisual.","robots":{"index":"index","follow":"follow","max-snippet":"max-snippet:-1","max-image-preview":"max-image-preview:large","max-video-preview":"max-video-preview:-1"},"canonical":"https:\/\/eikonos.com\/ca\/blog\/equips-fonalmentals-pels-teus-edeveniments-equips-dilluminacio\/","og_locale":"ca_ES","og_type":"article","og_title":"Equips fonamentals pels teus esdeveniments (II): equips d\u2019il\u2022luminaci\u00f3 | EIKONOS","og_description":"En aquesta segona publicaci\u00f3 sobre el tema comentem un altre tipus d'equips que tamb\u00e9 s\u00f3n importants i que no poden fallar en qualsevol esdeveniment audiovisual.","og_url":"https:\/\/eikonos.com\/ca\/blog\/equips-fonalmentals-pels-teus-edeveniments-equips-dilluminacio\/","og_site_name":"EIKONOS","article_publisher":"http:\/\/www.facebook.com\/pages\/Eikonos\/176324785746790","article_published_time":"2015-02-24T12:42:40+00:00","og_image":[{"width":1605,"height":1169,"url":"https:\/\/eikonos.com\/wp-content\/uploads\/2015\/02\/201279_ml.jpg","type":"image\/jpeg"}],"author":"Xavi Eikonos","twitter_card":"summary_large_image","twitter_creator":"@eikonos_sa","twitter_site":"@eikonos_sa","twitter_misc":{"Escrit per":"Xavi Eikonos","Temps estimat de lectura":"2 minuts"},"schema":{"@context":"https:\/\/schema.org","@graph":[{"@type":"Article","@id":"https:\/\/eikonos.com\/ca\/blog\/equips-fonalmentals-pels-teus-edeveniments-equips-dilluminacio\/#article","isPartOf":{"@id":"https:\/\/eikonos.com\/ca\/blog\/equips-fonalmentals-pels-teus-edeveniments-equips-dilluminacio\/"},"author":{"name":"Xavi Eikonos","@id":"https:\/\/eikonos.com\/ca\/#\/schema\/person\/82032860cc314d826959b90595a5280a"},"headline":"Equips fonamentals pels teus esdeveniments (II): equips d\u2019il\u2022luminaci\u00f3","datePublished":"2015-02-24T12:42:40+00:00","mainEntityOfPage":{"@id":"https:\/\/eikonos.com\/ca\/blog\/equips-fonalmentals-pels-teus-edeveniments-equips-dilluminacio\/"},"wordCount":495,"commentCount":0,"publisher":{"@id":"https:\/\/eikonos.com\/ca\/#organization"},"image":{"@id":"https:\/\/eikonos.com\/ca\/blog\/equips-fonalmentals-pels-teus-edeveniments-equips-dilluminacio\/#primaryimage"},"thumbnailUrl":"https:\/\/eikonos.com\/wp-content\/uploads\/2015\/02\/201279_ml.jpg","articleSection":["Lloguer d'equips"],"inLanguage":"ca","potentialAction":[{"@type":"CommentAction","name":"Comment","target":["https:\/\/eikonos.com\/ca\/blog\/equips-fonalmentals-pels-teus-edeveniments-equips-dilluminacio\/#respond"]}]},{"@type":"WebPage","@id":"https:\/\/eikonos.com\/ca\/blog\/equips-fonalmentals-pels-teus-edeveniments-equips-dilluminacio\/","url":"https:\/\/eikonos.com\/ca\/blog\/equips-fonalmentals-pels-teus-edeveniments-equips-dilluminacio\/","name":"Equips fonamentals pels teus esdeveniments (II): equips d\u2019il\u2022luminaci\u00f3 | EIKONOS","isPartOf":{"@id":"https:\/\/eikonos.com\/ca\/#website"},"primaryImageOfPage":{"@id":"https:\/\/eikonos.com\/ca\/blog\/equips-fonalmentals-pels-teus-edeveniments-equips-dilluminacio\/#primaryimage"},"image":{"@id":"https:\/\/eikonos.com\/ca\/blog\/equips-fonalmentals-pels-teus-edeveniments-equips-dilluminacio\/#primaryimage"},"thumbnailUrl":"https:\/\/eikonos.com\/wp-content\/uploads\/2015\/02\/201279_ml.jpg","datePublished":"2015-02-24T12:42:40+00:00","description":"En aquesta segona publicaci\u00f3 sobre el tema comentem un altre tipus d'equips que tamb\u00e9 s\u00f3n importants i que no poden fallar en qualsevol esdeveniment audiovisual.","breadcrumb":{"@id":"https:\/\/eikonos.com\/ca\/blog\/equips-fonalmentals-pels-teus-edeveniments-equips-dilluminacio\/#breadcrumb"},"inLanguage":"ca","potentialAction":[{"@type":"ReadAction","target":["https:\/\/eikonos.com\/ca\/blog\/equips-fonalmentals-pels-teus-edeveniments-equips-dilluminacio\/"]}]},{"@type":"ImageObject","inLanguage":"ca","@id":"https:\/\/eikonos.com\/ca\/blog\/equips-fonalmentals-pels-teus-edeveniments-equips-dilluminacio\/#primaryimage","url":"https:\/\/eikonos.com\/wp-content\/uploads\/2015\/02\/201279_ml.jpg","contentUrl":"https:\/\/eikonos.com\/wp-content\/uploads\/2015\/02\/201279_ml.jpg","width":1605,"height":1169},{"@type":"BreadcrumbList","@id":"https:\/\/eikonos.com\/ca\/blog\/equips-fonalmentals-pels-teus-edeveniments-equips-dilluminacio\/#breadcrumb","itemListElement":[{"@type":"ListItem","position":1,"name":"EIKONOS","item":"https:\/\/eikonos.com\/ca\/inici\/"},{"@type":"ListItem","position":2,"name":"Equips fonamentals pels teus esdeveniments (II): equips d\u2019il\u2022luminaci\u00f3"}]},{"@type":"WebSite","@id":"https:\/\/eikonos.com\/ca\/#website","url":"https:\/\/eikonos.com\/ca\/","name":"EIKONOS","description":"EXPERIENCIA AUDIOVISUAL","publisher":{"@id":"https:\/\/eikonos.com\/ca\/#organization"},"potentialAction":[{"@type":"SearchAction","target":{"@type":"EntryPoint","urlTemplate":"https:\/\/eikonos.com\/ca\/?s={search_term_string}"},"query-input":{"@type":"PropertyValueSpecification","valueRequired":true,"valueName":"search_term_string"}}],"inLanguage":"ca"},{"@type":"Organization","@id":"https:\/\/eikonos.com\/ca\/#organization","name":"EIKONOS | Servicios Audiovisuales, eventos y alquiler de equipos","url":"https:\/\/eikonos.com\/ca\/","logo":{"@type":"ImageObject","inLanguage":"ca","@id":"https:\/\/eikonos.com\/ca\/#\/schema\/logo\/image\/","url":"https:\/\/eikonos.com\/wp-content\/uploads\/2020\/08\/logo-color.png","contentUrl":"https:\/\/eikonos.com\/wp-content\/uploads\/2020\/08\/logo-color.png","width":376,"height":122,"caption":"EIKONOS | Servicios Audiovisuales, eventos y alquiler de equipos"},"image":{"@id":"https:\/\/eikonos.com\/ca\/#\/schema\/logo\/image\/"},"sameAs":["http:\/\/www.facebook.com\/pages\/Eikonos\/176324785746790","https:\/\/x.com\/eikonos_sa","http:\/\/www.linkedin.com\/company\/eikonos","http:\/\/www.youtube.com\/channel\/UC8wcizWaAYbfsuqVf9wIT6w"]},{"@type":"Person","@id":"https:\/\/eikonos.com\/ca\/#\/schema\/person\/82032860cc314d826959b90595a5280a","name":"Xavi Eikonos","image":{"@type":"ImageObject","inLanguage":"ca","@id":"https:\/\/eikonos.com\/ca\/#\/schema\/person\/image\/","url":"https:\/\/secure.gravatar.com\/avatar\/a6c6b51dd0ac6902701aab24a914f6febe1518f94a5ae06db08b3d6107248dfd?s=96&d=mm&r=g","contentUrl":"https:\/\/secure.gravatar.com\/avatar\/a6c6b51dd0ac6902701aab24a914f6febe1518f94a5ae06db08b3d6107248dfd?s=96&d=mm&r=g","caption":"Xavi Eikonos"}}]}},"_links":{"self":[{"href":"https:\/\/eikonos.com\/ca\/wp-json\/wp\/v2\/posts\/3016","targetHints":{"allow":["GET"]}}],"collection":[{"href":"https:\/\/eikonos.com\/ca\/wp-json\/wp\/v2\/posts"}],"about":[{"href":"https:\/\/eikonos.com\/ca\/wp-json\/wp\/v2\/types\/post"}],"author":[{"embeddable":true,"href":"https:\/\/eikonos.com\/ca\/wp-json\/wp\/v2\/users\/6"}],"replies":[{"embeddable":true,"href":"https:\/\/eikonos.com\/ca\/wp-json\/wp\/v2\/comments?post=3016"}],"version-history":[{"count":0,"href":"https:\/\/eikonos.com\/ca\/wp-json\/wp\/v2\/posts\/3016\/revisions"}],"wp:featuredmedia":[{"embeddable":true,"href":"https:\/\/eikonos.com\/ca\/wp-json\/wp\/v2\/media\/1491"}],"wp:attachment":[{"href":"https:\/\/eikonos.com\/ca\/wp-json\/wp\/v2\/media?parent=3016"}],"wp:term":[{"taxonomy":"category","embeddable":true,"href":"https:\/\/eikonos.com\/ca\/wp-json\/wp\/v2\/categories?post=3016"},{"taxonomy":"post_tag","embeddable":true,"href":"https:\/\/eikonos.com\/ca\/wp-json\/wp\/v2\/tags?post=3016"}],"curies":[{"name":"wp","href":"https:\/\/api.w.org\/{rel}","templated":true}]}}