{"id":3013,"date":"2015-02-25T09:00:51","date_gmt":"2015-02-25T09:00:51","guid":{"rendered":"http:\/\/eikonos.com\/blog\/organizar-un-festival-de-musica-2\/"},"modified":"2015-02-25T09:00:51","modified_gmt":"2015-02-25T09:00:51","slug":"que-necessito-per-organitzar-un-festival-de-musica","status":"publish","type":"post","link":"https:\/\/eikonos.com\/ca\/blog\/que-necessito-per-organitzar-un-festival-de-musica\/","title":{"rendered":"Qu\u00e8 necessito per organitzar un festival de m\u00fasica?"},"content":{"rendered":"<p style=\"text-align: justify;\">Tot i que no t\u00e9 perqu\u00e8 semblar molt complicat, <strong>organitzar un festival de m\u00fasica <\/strong>tampoc \u00e9s alguna cosa que es pugui planificar el dia abans i \u00e9s recomanable tenir en compte certes pautes que ens ajudin a agilitzar molt el treball.<\/p>\n<p style=\"text-align: justify;\">Des d\u2019Eikonos destaquem sis punts claus que s\u2019han de treballar amb especial atenci\u00f3 si volem que el nostre festival de m\u00fasica es tradueixi en \u00e8xit:<\/p>\n<p style=\"text-align: justify;\"><strong><span style=\"color: #ff0000;\">1.- Lloc<\/span>: <\/strong>ha d\u2019anar acord amb el tipus de festival que es celebri (si es requereixen cadires per exemple) i del n\u00famero aproximat d\u2019assistents. A m\u00e9s a m\u00e9s, \u00e9s important que s\u2019adapti a les circumst\u00e0ncies de l\u2019esdeveniment, i \u00e9s que a vegades tenir una duraci\u00f3 de fins a set dies i, per exemple, el volum de la m\u00fasica pot ser un problema.<\/p>\n<p style=\"text-align: justify;\"><strong><span style=\"color: #ff0000;\">2.- Escenari<\/span>:\u00a0<\/strong>l\u2019estructura ha de suportar el pes m\u00e0xim entre el n\u00famero de persones i el material que es posar\u00e0 en escena. Tampoc s\u2019ha d\u2019oblidar de la <strong>decoraci\u00f3 de l\u2019escenari<\/strong> ja que pot donar un sal qualitatiu al festival.<\/p>\n<p style=\"text-align: justify;\"><strong><span style=\"color: #ff0000;\">3.- \u00c0udio i v\u00eddeo<\/span>:\u00a0<\/strong>pot ser prestat, alquilat o ja instal\u00b7lat en el lloc. El cert \u00e9s que disposar d&#8217;<a href=\"https:\/\/eikonos.com\/servicios\/alquiler-de-equipos\/\">equips d&#8217;\u00e0udio i v\u00eddeo<\/a>\u00a0professionals \u00e9s imprescindible per sorprendre al p\u00fablic assistent. A vegades amb equips petits ja fem per\u00f2 si ens esperen m\u00e9s de 500 persones i, si a m\u00e9s el lloc \u00e9s a l\u2019aire lliure, \u00e9s aconsellable contactar amb una <strong>empresa de serveis audiovisuals.<\/strong><\/p>\n<p style=\"text-align: justify;\"><strong><span style=\"color: #ff0000;\">4.- Llums<\/span>:\u00a0<\/strong>ja poden assistir els millors artistes que si la\u00a0<a href=\"https:\/\/eikonos.com\/portfolio_page\/equipos-de-iluminacion\/\">il\u00b7luminaci\u00f3<\/a>\u00a0no \u00e9s la desitjada (i sobretot de nit o en un lloc tancat) el teu p\u00fablic no sortir\u00e0 satisfet del festival de m\u00fasica. Per aquest punt \u00e9s important contractar a t\u00e8cnics qualificats amb experi\u00e8ncia en el sector.<\/p>\n<p style=\"text-align: justify;\"><strong><span style=\"color: #ff0000;\">5.- Publicitat<\/span>:\u00a0<\/strong>la forma en que decideixis promoure el festival pot ser el motiu de la gran assist\u00e8ncia (o no) de p\u00fablic. Avui en dia les xarxes socials s\u00f3n les reines de la <strong>difusi\u00f3 d\u2019esdeveniments audiovisuals, <\/strong>aix\u00ed com p\u00e0gines web espec\u00edfiques per fans amb concursos i altres din\u00e0miques. Es tracta d\u2019estrat\u00e8gies publicit\u00e0ries molt v\u00e0lides i, a la vegada, econ\u00f2miques.<\/p>\n<p style=\"text-align: justify;\"><strong><span style=\"color: #ff0000;\">6.- Equip hum\u00e0<\/span>:\u00a0<\/strong>disposar d\u2019un equip professional de t\u00e8cnics per muntar i desmuntar efica\u00e7ment l\u2019eqiop la mateixa nit \u2013 si \u00e9s necessari-, \u00e9s un altre dels punts que marcaran la difer\u00e8ncia. L\u2019equip hum\u00e0 ser\u00e0 qui suporti i suporti totes les adversitats que poden apar\u00e8ixer en la planificaci\u00f3 i organitzaci\u00f3 d\u2019un festival de m\u00fasica.<\/p>\n<p style=\"text-align: justify;\">Aix\u00ed doncs, dedicar-li cert temps a l\u2019organitzaci\u00f3 pot ser vital pel festival ja que s\u00f3n molts els elements que repercuteixen directament en el resultat final. Cada punt dels comentats \u00e9s cr\u00edtic i ha de ser cuidadosament planificat i pensat.<\/p>\n<p style=\"text-align: justify;\">Despr\u00e9s de trenta anys amb experi\u00e8ncia en el sector,\u00a0<a href=\"https:\/\/eikonos.com\/portfolio_page\/conciertos\/\">Eikonos<\/a>\u00a0\u00e9s coneguda com una de les <strong>empreses audiovisuals referents en Espanya <\/strong>a l\u2019hora d\u2019organitzar actuacions, concerts o festivals de m\u00fasica. Ens posem en marxa?<\/p>\n","protected":false},"excerpt":{"rendered":"<p>Tot i que no t\u00e9 perqu\u00e8 semblar molt complicat, organitzar un festival de m\u00fasica tampoc&#8230;<\/p>\n","protected":false},"author":6,"featured_media":1517,"comment_status":"open","ping_status":"open","sticky":false,"template":"","format":"standard","meta":{"_acf_changed":false,"footnotes":""},"categories":[260],"tags":[],"class_list":["post-3013","post","type-post","status-publish","format-standard","has-post-thumbnail","hentry","category-esdeveniments-audiovisuals"],"acf":[],"yoast_head":"<!-- This site is optimized with the Yoast SEO plugin v26.3 - https:\/\/yoast.com\/wordpress\/plugins\/seo\/ -->\n<title>Organitzar un festival de m\u00fasica - Eikonos<\/title>\n<meta name=\"description\" content=\"Des de Eikonos destaquem sis punts clau per organitzar un festival de m\u00fasical i aconseguir grans resultats.\" \/>\n<meta name=\"robots\" content=\"index, follow, max-snippet:-1, max-image-preview:large, max-video-preview:-1\" \/>\n<link rel=\"canonical\" href=\"https:\/\/eikonos.com\/ca\/blog\/que-necessito-per-organitzar-un-festival-de-musica\/\" \/>\n<meta property=\"og:locale\" content=\"ca_ES\" \/>\n<meta property=\"og:type\" content=\"article\" \/>\n<meta property=\"og:title\" content=\"Organitzar un festival de m\u00fasica - Eikonos\" \/>\n<meta property=\"og:description\" content=\"Des de Eikonos destaquem sis punts clau per organitzar un festival de m\u00fasical i aconseguir grans resultats.\" \/>\n<meta property=\"og:url\" content=\"https:\/\/eikonos.com\/ca\/blog\/que-necessito-per-organitzar-un-festival-de-musica\/\" \/>\n<meta property=\"og:site_name\" content=\"EIKONOS\" \/>\n<meta property=\"article:publisher\" content=\"http:\/\/www.facebook.com\/pages\/Eikonos\/176324785746790\" \/>\n<meta property=\"article:published_time\" content=\"2015-02-25T09:00:51+00:00\" \/>\n<meta property=\"og:image\" content=\"https:\/\/eikonos.com\/wp-content\/uploads\/2015\/02\/organizar-festival-de-musica-eikonos-scaled.jpg\" \/>\n\t<meta property=\"og:image:width\" content=\"2560\" \/>\n\t<meta property=\"og:image:height\" content=\"1443\" \/>\n\t<meta property=\"og:image:type\" content=\"image\/jpeg\" \/>\n<meta name=\"author\" content=\"Xavi Eikonos\" \/>\n<meta name=\"twitter:card\" content=\"summary_large_image\" \/>\n<meta name=\"twitter:creator\" content=\"@eikonos_sa\" \/>\n<meta name=\"twitter:site\" content=\"@eikonos_sa\" \/>\n<meta name=\"twitter:label1\" content=\"Escrit per\" \/>\n\t<meta name=\"twitter:data1\" content=\"Xavi Eikonos\" \/>\n\t<meta name=\"twitter:label2\" content=\"Temps estimat de lectura\" \/>\n\t<meta name=\"twitter:data2\" content=\"3 minuts\" \/>\n<script type=\"application\/ld+json\" class=\"yoast-schema-graph\">{\"@context\":\"https:\/\/schema.org\",\"@graph\":[{\"@type\":\"Article\",\"@id\":\"https:\/\/eikonos.com\/ca\/blog\/que-necessito-per-organitzar-un-festival-de-musica\/#article\",\"isPartOf\":{\"@id\":\"https:\/\/eikonos.com\/ca\/blog\/que-necessito-per-organitzar-un-festival-de-musica\/\"},\"author\":{\"name\":\"Xavi Eikonos\",\"@id\":\"https:\/\/eikonos.com\/ca\/#\/schema\/person\/82032860cc314d826959b90595a5280a\"},\"headline\":\"Qu\u00e8 necessito per organitzar un festival de m\u00fasica?\",\"datePublished\":\"2015-02-25T09:00:51+00:00\",\"mainEntityOfPage\":{\"@id\":\"https:\/\/eikonos.com\/ca\/blog\/que-necessito-per-organitzar-un-festival-de-musica\/\"},\"wordCount\":535,\"commentCount\":0,\"publisher\":{\"@id\":\"https:\/\/eikonos.com\/ca\/#organization\"},\"image\":{\"@id\":\"https:\/\/eikonos.com\/ca\/blog\/que-necessito-per-organitzar-un-festival-de-musica\/#primaryimage\"},\"thumbnailUrl\":\"https:\/\/eikonos.com\/wp-content\/uploads\/2015\/02\/organizar-festival-de-musica-eikonos-scaled.jpg\",\"articleSection\":[\"Esdeveniments audiovisuals\"],\"inLanguage\":\"ca\",\"potentialAction\":[{\"@type\":\"CommentAction\",\"name\":\"Comment\",\"target\":[\"https:\/\/eikonos.com\/ca\/blog\/que-necessito-per-organitzar-un-festival-de-musica\/#respond\"]}]},{\"@type\":\"WebPage\",\"@id\":\"https:\/\/eikonos.com\/ca\/blog\/que-necessito-per-organitzar-un-festival-de-musica\/\",\"url\":\"https:\/\/eikonos.com\/ca\/blog\/que-necessito-per-organitzar-un-festival-de-musica\/\",\"name\":\"Organitzar un festival de m\u00fasica - Eikonos\",\"isPartOf\":{\"@id\":\"https:\/\/eikonos.com\/ca\/#website\"},\"primaryImageOfPage\":{\"@id\":\"https:\/\/eikonos.com\/ca\/blog\/que-necessito-per-organitzar-un-festival-de-musica\/#primaryimage\"},\"image\":{\"@id\":\"https:\/\/eikonos.com\/ca\/blog\/que-necessito-per-organitzar-un-festival-de-musica\/#primaryimage\"},\"thumbnailUrl\":\"https:\/\/eikonos.com\/wp-content\/uploads\/2015\/02\/organizar-festival-de-musica-eikonos-scaled.jpg\",\"datePublished\":\"2015-02-25T09:00:51+00:00\",\"description\":\"Des de Eikonos destaquem sis punts clau per organitzar un festival de m\u00fasical i aconseguir grans resultats.\",\"breadcrumb\":{\"@id\":\"https:\/\/eikonos.com\/ca\/blog\/que-necessito-per-organitzar-un-festival-de-musica\/#breadcrumb\"},\"inLanguage\":\"ca\",\"potentialAction\":[{\"@type\":\"ReadAction\",\"target\":[\"https:\/\/eikonos.com\/ca\/blog\/que-necessito-per-organitzar-un-festival-de-musica\/\"]}]},{\"@type\":\"ImageObject\",\"inLanguage\":\"ca\",\"@id\":\"https:\/\/eikonos.com\/ca\/blog\/que-necessito-per-organitzar-un-festival-de-musica\/#primaryimage\",\"url\":\"https:\/\/eikonos.com\/wp-content\/uploads\/2015\/02\/organizar-festival-de-musica-eikonos-scaled.jpg\",\"contentUrl\":\"https:\/\/eikonos.com\/wp-content\/uploads\/2015\/02\/organizar-festival-de-musica-eikonos-scaled.jpg\",\"width\":2560,\"height\":1443,\"caption\":\"organizar festival de musica\"},{\"@type\":\"BreadcrumbList\",\"@id\":\"https:\/\/eikonos.com\/ca\/blog\/que-necessito-per-organitzar-un-festival-de-musica\/#breadcrumb\",\"itemListElement\":[{\"@type\":\"ListItem\",\"position\":1,\"name\":\"EIKONOS\",\"item\":\"https:\/\/eikonos.com\/ca\/inici\/\"},{\"@type\":\"ListItem\",\"position\":2,\"name\":\"Qu\u00e8 necessito per organitzar un festival de m\u00fasica?\"}]},{\"@type\":\"WebSite\",\"@id\":\"https:\/\/eikonos.com\/ca\/#website\",\"url\":\"https:\/\/eikonos.com\/ca\/\",\"name\":\"EIKONOS\",\"description\":\"EXPERIENCIA AUDIOVISUAL\",\"publisher\":{\"@id\":\"https:\/\/eikonos.com\/ca\/#organization\"},\"potentialAction\":[{\"@type\":\"SearchAction\",\"target\":{\"@type\":\"EntryPoint\",\"urlTemplate\":\"https:\/\/eikonos.com\/ca\/?s={search_term_string}\"},\"query-input\":{\"@type\":\"PropertyValueSpecification\",\"valueRequired\":true,\"valueName\":\"search_term_string\"}}],\"inLanguage\":\"ca\"},{\"@type\":\"Organization\",\"@id\":\"https:\/\/eikonos.com\/ca\/#organization\",\"name\":\"EIKONOS | Servicios Audiovisuales, eventos y alquiler de equipos\",\"url\":\"https:\/\/eikonos.com\/ca\/\",\"logo\":{\"@type\":\"ImageObject\",\"inLanguage\":\"ca\",\"@id\":\"https:\/\/eikonos.com\/ca\/#\/schema\/logo\/image\/\",\"url\":\"https:\/\/eikonos.com\/wp-content\/uploads\/2020\/08\/logo-color.png\",\"contentUrl\":\"https:\/\/eikonos.com\/wp-content\/uploads\/2020\/08\/logo-color.png\",\"width\":376,\"height\":122,\"caption\":\"EIKONOS | Servicios Audiovisuales, eventos y alquiler de equipos\"},\"image\":{\"@id\":\"https:\/\/eikonos.com\/ca\/#\/schema\/logo\/image\/\"},\"sameAs\":[\"http:\/\/www.facebook.com\/pages\/Eikonos\/176324785746790\",\"https:\/\/x.com\/eikonos_sa\",\"http:\/\/www.linkedin.com\/company\/eikonos\",\"http:\/\/www.youtube.com\/channel\/UC8wcizWaAYbfsuqVf9wIT6w\"]},{\"@type\":\"Person\",\"@id\":\"https:\/\/eikonos.com\/ca\/#\/schema\/person\/82032860cc314d826959b90595a5280a\",\"name\":\"Xavi Eikonos\",\"image\":{\"@type\":\"ImageObject\",\"inLanguage\":\"ca\",\"@id\":\"https:\/\/eikonos.com\/ca\/#\/schema\/person\/image\/\",\"url\":\"https:\/\/secure.gravatar.com\/avatar\/a6c6b51dd0ac6902701aab24a914f6febe1518f94a5ae06db08b3d6107248dfd?s=96&d=mm&r=g\",\"contentUrl\":\"https:\/\/secure.gravatar.com\/avatar\/a6c6b51dd0ac6902701aab24a914f6febe1518f94a5ae06db08b3d6107248dfd?s=96&d=mm&r=g\",\"caption\":\"Xavi Eikonos\"}}]}<\/script>\n<!-- \/ Yoast SEO plugin. -->","yoast_head_json":{"title":"Organitzar un festival de m\u00fasica - Eikonos","description":"Des de Eikonos destaquem sis punts clau per organitzar un festival de m\u00fasical i aconseguir grans resultats.","robots":{"index":"index","follow":"follow","max-snippet":"max-snippet:-1","max-image-preview":"max-image-preview:large","max-video-preview":"max-video-preview:-1"},"canonical":"https:\/\/eikonos.com\/ca\/blog\/que-necessito-per-organitzar-un-festival-de-musica\/","og_locale":"ca_ES","og_type":"article","og_title":"Organitzar un festival de m\u00fasica - Eikonos","og_description":"Des de Eikonos destaquem sis punts clau per organitzar un festival de m\u00fasical i aconseguir grans resultats.","og_url":"https:\/\/eikonos.com\/ca\/blog\/que-necessito-per-organitzar-un-festival-de-musica\/","og_site_name":"EIKONOS","article_publisher":"http:\/\/www.facebook.com\/pages\/Eikonos\/176324785746790","article_published_time":"2015-02-25T09:00:51+00:00","og_image":[{"width":2560,"height":1443,"url":"https:\/\/eikonos.com\/wp-content\/uploads\/2015\/02\/organizar-festival-de-musica-eikonos-scaled.jpg","type":"image\/jpeg"}],"author":"Xavi Eikonos","twitter_card":"summary_large_image","twitter_creator":"@eikonos_sa","twitter_site":"@eikonos_sa","twitter_misc":{"Escrit per":"Xavi Eikonos","Temps estimat de lectura":"3 minuts"},"schema":{"@context":"https:\/\/schema.org","@graph":[{"@type":"Article","@id":"https:\/\/eikonos.com\/ca\/blog\/que-necessito-per-organitzar-un-festival-de-musica\/#article","isPartOf":{"@id":"https:\/\/eikonos.com\/ca\/blog\/que-necessito-per-organitzar-un-festival-de-musica\/"},"author":{"name":"Xavi Eikonos","@id":"https:\/\/eikonos.com\/ca\/#\/schema\/person\/82032860cc314d826959b90595a5280a"},"headline":"Qu\u00e8 necessito per organitzar un festival de m\u00fasica?","datePublished":"2015-02-25T09:00:51+00:00","mainEntityOfPage":{"@id":"https:\/\/eikonos.com\/ca\/blog\/que-necessito-per-organitzar-un-festival-de-musica\/"},"wordCount":535,"commentCount":0,"publisher":{"@id":"https:\/\/eikonos.com\/ca\/#organization"},"image":{"@id":"https:\/\/eikonos.com\/ca\/blog\/que-necessito-per-organitzar-un-festival-de-musica\/#primaryimage"},"thumbnailUrl":"https:\/\/eikonos.com\/wp-content\/uploads\/2015\/02\/organizar-festival-de-musica-eikonos-scaled.jpg","articleSection":["Esdeveniments audiovisuals"],"inLanguage":"ca","potentialAction":[{"@type":"CommentAction","name":"Comment","target":["https:\/\/eikonos.com\/ca\/blog\/que-necessito-per-organitzar-un-festival-de-musica\/#respond"]}]},{"@type":"WebPage","@id":"https:\/\/eikonos.com\/ca\/blog\/que-necessito-per-organitzar-un-festival-de-musica\/","url":"https:\/\/eikonos.com\/ca\/blog\/que-necessito-per-organitzar-un-festival-de-musica\/","name":"Organitzar un festival de m\u00fasica - Eikonos","isPartOf":{"@id":"https:\/\/eikonos.com\/ca\/#website"},"primaryImageOfPage":{"@id":"https:\/\/eikonos.com\/ca\/blog\/que-necessito-per-organitzar-un-festival-de-musica\/#primaryimage"},"image":{"@id":"https:\/\/eikonos.com\/ca\/blog\/que-necessito-per-organitzar-un-festival-de-musica\/#primaryimage"},"thumbnailUrl":"https:\/\/eikonos.com\/wp-content\/uploads\/2015\/02\/organizar-festival-de-musica-eikonos-scaled.jpg","datePublished":"2015-02-25T09:00:51+00:00","description":"Des de Eikonos destaquem sis punts clau per organitzar un festival de m\u00fasical i aconseguir grans resultats.","breadcrumb":{"@id":"https:\/\/eikonos.com\/ca\/blog\/que-necessito-per-organitzar-un-festival-de-musica\/#breadcrumb"},"inLanguage":"ca","potentialAction":[{"@type":"ReadAction","target":["https:\/\/eikonos.com\/ca\/blog\/que-necessito-per-organitzar-un-festival-de-musica\/"]}]},{"@type":"ImageObject","inLanguage":"ca","@id":"https:\/\/eikonos.com\/ca\/blog\/que-necessito-per-organitzar-un-festival-de-musica\/#primaryimage","url":"https:\/\/eikonos.com\/wp-content\/uploads\/2015\/02\/organizar-festival-de-musica-eikonos-scaled.jpg","contentUrl":"https:\/\/eikonos.com\/wp-content\/uploads\/2015\/02\/organizar-festival-de-musica-eikonos-scaled.jpg","width":2560,"height":1443,"caption":"organizar festival de musica"},{"@type":"BreadcrumbList","@id":"https:\/\/eikonos.com\/ca\/blog\/que-necessito-per-organitzar-un-festival-de-musica\/#breadcrumb","itemListElement":[{"@type":"ListItem","position":1,"name":"EIKONOS","item":"https:\/\/eikonos.com\/ca\/inici\/"},{"@type":"ListItem","position":2,"name":"Qu\u00e8 necessito per organitzar un festival de m\u00fasica?"}]},{"@type":"WebSite","@id":"https:\/\/eikonos.com\/ca\/#website","url":"https:\/\/eikonos.com\/ca\/","name":"EIKONOS","description":"EXPERIENCIA AUDIOVISUAL","publisher":{"@id":"https:\/\/eikonos.com\/ca\/#organization"},"potentialAction":[{"@type":"SearchAction","target":{"@type":"EntryPoint","urlTemplate":"https:\/\/eikonos.com\/ca\/?s={search_term_string}"},"query-input":{"@type":"PropertyValueSpecification","valueRequired":true,"valueName":"search_term_string"}}],"inLanguage":"ca"},{"@type":"Organization","@id":"https:\/\/eikonos.com\/ca\/#organization","name":"EIKONOS | Servicios Audiovisuales, eventos y alquiler de equipos","url":"https:\/\/eikonos.com\/ca\/","logo":{"@type":"ImageObject","inLanguage":"ca","@id":"https:\/\/eikonos.com\/ca\/#\/schema\/logo\/image\/","url":"https:\/\/eikonos.com\/wp-content\/uploads\/2020\/08\/logo-color.png","contentUrl":"https:\/\/eikonos.com\/wp-content\/uploads\/2020\/08\/logo-color.png","width":376,"height":122,"caption":"EIKONOS | Servicios Audiovisuales, eventos y alquiler de equipos"},"image":{"@id":"https:\/\/eikonos.com\/ca\/#\/schema\/logo\/image\/"},"sameAs":["http:\/\/www.facebook.com\/pages\/Eikonos\/176324785746790","https:\/\/x.com\/eikonos_sa","http:\/\/www.linkedin.com\/company\/eikonos","http:\/\/www.youtube.com\/channel\/UC8wcizWaAYbfsuqVf9wIT6w"]},{"@type":"Person","@id":"https:\/\/eikonos.com\/ca\/#\/schema\/person\/82032860cc314d826959b90595a5280a","name":"Xavi Eikonos","image":{"@type":"ImageObject","inLanguage":"ca","@id":"https:\/\/eikonos.com\/ca\/#\/schema\/person\/image\/","url":"https:\/\/secure.gravatar.com\/avatar\/a6c6b51dd0ac6902701aab24a914f6febe1518f94a5ae06db08b3d6107248dfd?s=96&d=mm&r=g","contentUrl":"https:\/\/secure.gravatar.com\/avatar\/a6c6b51dd0ac6902701aab24a914f6febe1518f94a5ae06db08b3d6107248dfd?s=96&d=mm&r=g","caption":"Xavi Eikonos"}}]}},"_links":{"self":[{"href":"https:\/\/eikonos.com\/ca\/wp-json\/wp\/v2\/posts\/3013","targetHints":{"allow":["GET"]}}],"collection":[{"href":"https:\/\/eikonos.com\/ca\/wp-json\/wp\/v2\/posts"}],"about":[{"href":"https:\/\/eikonos.com\/ca\/wp-json\/wp\/v2\/types\/post"}],"author":[{"embeddable":true,"href":"https:\/\/eikonos.com\/ca\/wp-json\/wp\/v2\/users\/6"}],"replies":[{"embeddable":true,"href":"https:\/\/eikonos.com\/ca\/wp-json\/wp\/v2\/comments?post=3013"}],"version-history":[{"count":0,"href":"https:\/\/eikonos.com\/ca\/wp-json\/wp\/v2\/posts\/3013\/revisions"}],"wp:featuredmedia":[{"embeddable":true,"href":"https:\/\/eikonos.com\/ca\/wp-json\/wp\/v2\/media\/1517"}],"wp:attachment":[{"href":"https:\/\/eikonos.com\/ca\/wp-json\/wp\/v2\/media?parent=3013"}],"wp:term":[{"taxonomy":"category","embeddable":true,"href":"https:\/\/eikonos.com\/ca\/wp-json\/wp\/v2\/categories?post=3013"},{"taxonomy":"post_tag","embeddable":true,"href":"https:\/\/eikonos.com\/ca\/wp-json\/wp\/v2\/tags?post=3013"}],"curies":[{"name":"wp","href":"https:\/\/api.w.org\/{rel}","templated":true}]}}