{"id":3010,"date":"2015-03-04T11:17:20","date_gmt":"2015-03-04T11:17:20","guid":{"rendered":"http:\/\/eikonos.com\/blog\/la-base-de-un-buen-montaje-audiovisual-la-edicion-de-video-2\/"},"modified":"2015-03-04T11:17:20","modified_gmt":"2015-03-04T11:17:20","slug":"la-base-dun-bon-muntatge-audivoisua-ledicio-de-video","status":"publish","type":"post","link":"https:\/\/eikonos.com\/ca\/blog\/la-base-dun-bon-muntatge-audivoisua-ledicio-de-video\/","title":{"rendered":"La base d\u2019un bon muntatge audiovisual: l\u2019edici\u00f3 de v\u00eddeo"},"content":{"rendered":"<p style=\"text-align: justify;\">Gravar un v\u00eddeo actualment resulta molt senzill, de fet, mai havia sigut tan f\u00e0cil. La majoria de la gent pot tirar del smartphone de la seva butxaca i comen\u00e7ar a gravar de forma immediata per despr\u00e9s posar el seu v\u00eddeo en l\u00ednia a l\u2019instant.<\/p>\n<p style=\"text-align: justify;\">Aquesta idea de la facilitat i possibilitat de compartici\u00f3 tan r\u00e0pida realment <strong>resulta apassionant per a que els usuaris puguin compartir les seves viv\u00e8ncies. <\/strong>Tot i aix\u00ed, existeix una important difer\u00e8ncia entre un <em>fast casual clip <\/em>d\u2019aquest tipus i un v\u00eddeo professional d\u2019alta qualitat i ben produ\u00eft.<\/p>\n<p style=\"text-align: justify;\">El que moltes persones no es donen compte \u00e9s que <strong>gran part de l\u2019obra de creaci\u00f3 d\u2019un gran v\u00eddeo succeeix despr\u00e9s d\u2019una gravaci\u00f3, <\/strong>\u00e9s a dir, es realitza amb l\u2019edici\u00f3 de v\u00eddeo i mescla de so durant la postproducci\u00f3.<\/p>\n<h2 style=\"text-align: justify;\"><span style=\"color: #ff0000;\">Per qu\u00e8 \u00e9s tan important l&#8217;edici\u00f3 de v\u00eddeo\u00a0<\/span><\/h2>\n<p style=\"text-align: justify;\">Els millors v\u00eddeos i pel\u00b7l\u00edcules fan que sembli f\u00e0cil aconseguir aquest resultat, de la mateixa manera que un gran artista fa que el seu propi treball sembli f\u00e0cil de fer. Per\u00f2 la qualitat perfecta d\u2019un gran v\u00eddeo no succeeix sense molt treball cuidat, que normalment t\u00e9 lloc darrere de les c\u00e0meres al finalitzar el rodatge.<\/p>\n<p style=\"text-align: justify;\">El fet de que avui en dia la gent estigui tan acostumada a veure v\u00eddeos d\u2019alta qualitat \u00e9s una arma de doble can\u00f3 ja que fa que <strong>els v\u00eddeos mal editats destaquin negativament. <\/strong>En aquest sentit, a part del treball de l\u2019artista, juga un paper important els <a title=\"Grabaci\u00f3n y post-producci\u00f3n de video\" href=\"https:\/\/eikonos.com\/portfolio_page\/grabacion-y-post-produccion-de-video\/\">equips d&#8217;edici\u00f3 de v\u00eddeo<\/a>.<\/p>\n<p style=\"text-align: justify;\">Unes males decisions en l\u2019edici\u00f3 poden distreure a l\u2019espectador des del missatge que se l\u2019intenta transmetre. Aix\u00f2 significa que el v\u00eddeo no est\u00e0 fent el treball pel que havia sigut creat )mostrar un producte, recolzar a un candidat, explicar una hist\u00f2ria&#8230;). No importa quina sigui la meta, <strong>una bona producci\u00f3 de v\u00eddeo \u00e9s una inversi\u00f3 per l\u2019\u00e8xit. <\/strong><\/p>\n<p style=\"text-align: justify;\">Durant el proc\u00e9s de postproducci\u00f3 \u00e9s on realment <strong>es poden refinar el missatge <\/strong>que es vol transmetre amb el v\u00eddeo i es poden ajustar als detalls per fer que tot estigui correcte.<\/p>\n<p style=\"text-align: justify;\">Un software d\u2019edici\u00f3 modern ens permetr\u00e0 provar f\u00e0cilment diferents preses i punts de vista, alterar l\u2019ordre dels clips o modificar les imatges. Hem de tenir en compte que <strong>el resultat final ser\u00e0 molt diferent en funci\u00f3 del que nosaltres decidim mostrar, <\/strong>en quin ordre, quin tipus d\u2019estimulaci\u00f3 crearem, o els plans que farem servir.<\/p>\n<p style=\"text-align: justify;\"><strong>L\u2019\u00fanica manera de veure el resultat final i sentir el seu impacte total \u00e9s tenir un muntatge m\u00e9s o menys definitiu <\/strong>i aquest \u00e9s el valor del proc\u00e9s de post-producci\u00f3. Aqu\u00ed \u00e9s on es veu el nostre treball i es pot ajustar amb els equips d\u2019edici\u00f3 necessaris per a que tot estigui perfectament encaixat.<\/p>\n","protected":false},"excerpt":{"rendered":"<p>Gravar un v\u00eddeo actualment resulta molt senzill, de fet, mai havia sigut tan f\u00e0cil. La&#8230;<\/p>\n","protected":false},"author":6,"featured_media":1538,"comment_status":"open","ping_status":"open","sticky":false,"template":"","format":"standard","meta":{"_acf_changed":false,"footnotes":""},"categories":[257],"tags":[],"class_list":["post-3010","post","type-post","status-publish","format-standard","has-post-thumbnail","hentry","category-creacio-de-continguts"],"acf":[],"yoast_head":"<!-- This site is optimized with the Yoast SEO plugin v26.3 - https:\/\/yoast.com\/wordpress\/plugins\/seo\/ -->\n<title>La base d\u2019un bon muntatge audiovisual: l\u2019edici\u00f3 de v\u00eddeo | EIKONOS<\/title>\n<meta name=\"description\" content=\"El fet de que avui en dia la gent estigui tan acostumada a veure v\u00eddeos d&#039;alta qualitat \u00e9s una arma de doble can\u00f3 ja que fa que els v\u00eddeos mal editats destaquin negativament.\" \/>\n<meta name=\"robots\" content=\"index, follow, max-snippet:-1, max-image-preview:large, max-video-preview:-1\" \/>\n<link rel=\"canonical\" href=\"https:\/\/eikonos.com\/ca\/blog\/la-base-dun-bon-muntatge-audivoisua-ledicio-de-video\/\" \/>\n<meta property=\"og:locale\" content=\"ca_ES\" \/>\n<meta property=\"og:type\" content=\"article\" \/>\n<meta property=\"og:title\" content=\"La base d\u2019un bon muntatge audiovisual: l\u2019edici\u00f3 de v\u00eddeo | EIKONOS\" \/>\n<meta property=\"og:description\" content=\"El fet de que avui en dia la gent estigui tan acostumada a veure v\u00eddeos d&#039;alta qualitat \u00e9s una arma de doble can\u00f3 ja que fa que els v\u00eddeos mal editats destaquin negativament.\" \/>\n<meta property=\"og:url\" content=\"https:\/\/eikonos.com\/ca\/blog\/la-base-dun-bon-muntatge-audivoisua-ledicio-de-video\/\" \/>\n<meta property=\"og:site_name\" content=\"EIKONOS\" \/>\n<meta property=\"article:publisher\" content=\"http:\/\/www.facebook.com\/pages\/Eikonos\/176324785746790\" \/>\n<meta property=\"article:published_time\" content=\"2015-03-04T11:17:20+00:00\" \/>\n<meta property=\"og:image\" content=\"https:\/\/eikonos.com\/wp-content\/uploads\/2015\/03\/edicion-de-video.png\" \/>\n\t<meta property=\"og:image:width\" content=\"1500\" \/>\n\t<meta property=\"og:image:height\" content=\"910\" \/>\n\t<meta property=\"og:image:type\" content=\"image\/png\" \/>\n<meta name=\"author\" content=\"Xavi Eikonos\" \/>\n<meta name=\"twitter:card\" content=\"summary_large_image\" \/>\n<meta name=\"twitter:creator\" content=\"@eikonos_sa\" \/>\n<meta name=\"twitter:site\" content=\"@eikonos_sa\" \/>\n<meta name=\"twitter:label1\" content=\"Escrit per\" \/>\n\t<meta name=\"twitter:data1\" content=\"Xavi Eikonos\" \/>\n\t<meta name=\"twitter:label2\" content=\"Temps estimat de lectura\" \/>\n\t<meta name=\"twitter:data2\" content=\"2 minuts\" \/>\n<script type=\"application\/ld+json\" class=\"yoast-schema-graph\">{\"@context\":\"https:\/\/schema.org\",\"@graph\":[{\"@type\":\"Article\",\"@id\":\"https:\/\/eikonos.com\/ca\/blog\/la-base-dun-bon-muntatge-audivoisua-ledicio-de-video\/#article\",\"isPartOf\":{\"@id\":\"https:\/\/eikonos.com\/ca\/blog\/la-base-dun-bon-muntatge-audivoisua-ledicio-de-video\/\"},\"author\":{\"name\":\"Xavi Eikonos\",\"@id\":\"https:\/\/eikonos.com\/ca\/#\/schema\/person\/82032860cc314d826959b90595a5280a\"},\"headline\":\"La base d\u2019un bon muntatge audiovisual: l\u2019edici\u00f3 de v\u00eddeo\",\"datePublished\":\"2015-03-04T11:17:20+00:00\",\"mainEntityOfPage\":{\"@id\":\"https:\/\/eikonos.com\/ca\/blog\/la-base-dun-bon-muntatge-audivoisua-ledicio-de-video\/\"},\"wordCount\":507,\"commentCount\":0,\"publisher\":{\"@id\":\"https:\/\/eikonos.com\/ca\/#organization\"},\"image\":{\"@id\":\"https:\/\/eikonos.com\/ca\/blog\/la-base-dun-bon-muntatge-audivoisua-ledicio-de-video\/#primaryimage\"},\"thumbnailUrl\":\"https:\/\/eikonos.com\/wp-content\/uploads\/2015\/03\/edicion-de-video.png\",\"articleSection\":[\"Creaci\u00f3 de continguts\"],\"inLanguage\":\"ca\",\"potentialAction\":[{\"@type\":\"CommentAction\",\"name\":\"Comment\",\"target\":[\"https:\/\/eikonos.com\/ca\/blog\/la-base-dun-bon-muntatge-audivoisua-ledicio-de-video\/#respond\"]}]},{\"@type\":\"WebPage\",\"@id\":\"https:\/\/eikonos.com\/ca\/blog\/la-base-dun-bon-muntatge-audivoisua-ledicio-de-video\/\",\"url\":\"https:\/\/eikonos.com\/ca\/blog\/la-base-dun-bon-muntatge-audivoisua-ledicio-de-video\/\",\"name\":\"La base d\u2019un bon muntatge audiovisual: l\u2019edici\u00f3 de v\u00eddeo | EIKONOS\",\"isPartOf\":{\"@id\":\"https:\/\/eikonos.com\/ca\/#website\"},\"primaryImageOfPage\":{\"@id\":\"https:\/\/eikonos.com\/ca\/blog\/la-base-dun-bon-muntatge-audivoisua-ledicio-de-video\/#primaryimage\"},\"image\":{\"@id\":\"https:\/\/eikonos.com\/ca\/blog\/la-base-dun-bon-muntatge-audivoisua-ledicio-de-video\/#primaryimage\"},\"thumbnailUrl\":\"https:\/\/eikonos.com\/wp-content\/uploads\/2015\/03\/edicion-de-video.png\",\"datePublished\":\"2015-03-04T11:17:20+00:00\",\"description\":\"El fet de que avui en dia la gent estigui tan acostumada a veure v\u00eddeos d'alta qualitat \u00e9s una arma de doble can\u00f3 ja que fa que els v\u00eddeos mal editats destaquin negativament.\",\"breadcrumb\":{\"@id\":\"https:\/\/eikonos.com\/ca\/blog\/la-base-dun-bon-muntatge-audivoisua-ledicio-de-video\/#breadcrumb\"},\"inLanguage\":\"ca\",\"potentialAction\":[{\"@type\":\"ReadAction\",\"target\":[\"https:\/\/eikonos.com\/ca\/blog\/la-base-dun-bon-muntatge-audivoisua-ledicio-de-video\/\"]}]},{\"@type\":\"ImageObject\",\"inLanguage\":\"ca\",\"@id\":\"https:\/\/eikonos.com\/ca\/blog\/la-base-dun-bon-muntatge-audivoisua-ledicio-de-video\/#primaryimage\",\"url\":\"https:\/\/eikonos.com\/wp-content\/uploads\/2015\/03\/edicion-de-video.png\",\"contentUrl\":\"https:\/\/eikonos.com\/wp-content\/uploads\/2015\/03\/edicion-de-video.png\",\"width\":1500,\"height\":910},{\"@type\":\"BreadcrumbList\",\"@id\":\"https:\/\/eikonos.com\/ca\/blog\/la-base-dun-bon-muntatge-audivoisua-ledicio-de-video\/#breadcrumb\",\"itemListElement\":[{\"@type\":\"ListItem\",\"position\":1,\"name\":\"EIKONOS\",\"item\":\"https:\/\/eikonos.com\/ca\/inici\/\"},{\"@type\":\"ListItem\",\"position\":2,\"name\":\"La base d\u2019un bon muntatge audiovisual: l\u2019edici\u00f3 de v\u00eddeo\"}]},{\"@type\":\"WebSite\",\"@id\":\"https:\/\/eikonos.com\/ca\/#website\",\"url\":\"https:\/\/eikonos.com\/ca\/\",\"name\":\"EIKONOS\",\"description\":\"EXPERIENCIA AUDIOVISUAL\",\"publisher\":{\"@id\":\"https:\/\/eikonos.com\/ca\/#organization\"},\"potentialAction\":[{\"@type\":\"SearchAction\",\"target\":{\"@type\":\"EntryPoint\",\"urlTemplate\":\"https:\/\/eikonos.com\/ca\/?s={search_term_string}\"},\"query-input\":{\"@type\":\"PropertyValueSpecification\",\"valueRequired\":true,\"valueName\":\"search_term_string\"}}],\"inLanguage\":\"ca\"},{\"@type\":\"Organization\",\"@id\":\"https:\/\/eikonos.com\/ca\/#organization\",\"name\":\"EIKONOS | Servicios Audiovisuales, eventos y alquiler de equipos\",\"url\":\"https:\/\/eikonos.com\/ca\/\",\"logo\":{\"@type\":\"ImageObject\",\"inLanguage\":\"ca\",\"@id\":\"https:\/\/eikonos.com\/ca\/#\/schema\/logo\/image\/\",\"url\":\"https:\/\/eikonos.com\/wp-content\/uploads\/2020\/08\/logo-color.png\",\"contentUrl\":\"https:\/\/eikonos.com\/wp-content\/uploads\/2020\/08\/logo-color.png\",\"width\":376,\"height\":122,\"caption\":\"EIKONOS | Servicios Audiovisuales, eventos y alquiler de equipos\"},\"image\":{\"@id\":\"https:\/\/eikonos.com\/ca\/#\/schema\/logo\/image\/\"},\"sameAs\":[\"http:\/\/www.facebook.com\/pages\/Eikonos\/176324785746790\",\"https:\/\/x.com\/eikonos_sa\",\"http:\/\/www.linkedin.com\/company\/eikonos\",\"http:\/\/www.youtube.com\/channel\/UC8wcizWaAYbfsuqVf9wIT6w\"]},{\"@type\":\"Person\",\"@id\":\"https:\/\/eikonos.com\/ca\/#\/schema\/person\/82032860cc314d826959b90595a5280a\",\"name\":\"Xavi Eikonos\",\"image\":{\"@type\":\"ImageObject\",\"inLanguage\":\"ca\",\"@id\":\"https:\/\/eikonos.com\/ca\/#\/schema\/person\/image\/\",\"url\":\"https:\/\/secure.gravatar.com\/avatar\/a6c6b51dd0ac6902701aab24a914f6febe1518f94a5ae06db08b3d6107248dfd?s=96&d=mm&r=g\",\"contentUrl\":\"https:\/\/secure.gravatar.com\/avatar\/a6c6b51dd0ac6902701aab24a914f6febe1518f94a5ae06db08b3d6107248dfd?s=96&d=mm&r=g\",\"caption\":\"Xavi Eikonos\"}}]}<\/script>\n<!-- \/ Yoast SEO plugin. -->","yoast_head_json":{"title":"La base d\u2019un bon muntatge audiovisual: l\u2019edici\u00f3 de v\u00eddeo | EIKONOS","description":"El fet de que avui en dia la gent estigui tan acostumada a veure v\u00eddeos d'alta qualitat \u00e9s una arma de doble can\u00f3 ja que fa que els v\u00eddeos mal editats destaquin negativament.","robots":{"index":"index","follow":"follow","max-snippet":"max-snippet:-1","max-image-preview":"max-image-preview:large","max-video-preview":"max-video-preview:-1"},"canonical":"https:\/\/eikonos.com\/ca\/blog\/la-base-dun-bon-muntatge-audivoisua-ledicio-de-video\/","og_locale":"ca_ES","og_type":"article","og_title":"La base d\u2019un bon muntatge audiovisual: l\u2019edici\u00f3 de v\u00eddeo | EIKONOS","og_description":"El fet de que avui en dia la gent estigui tan acostumada a veure v\u00eddeos d'alta qualitat \u00e9s una arma de doble can\u00f3 ja que fa que els v\u00eddeos mal editats destaquin negativament.","og_url":"https:\/\/eikonos.com\/ca\/blog\/la-base-dun-bon-muntatge-audivoisua-ledicio-de-video\/","og_site_name":"EIKONOS","article_publisher":"http:\/\/www.facebook.com\/pages\/Eikonos\/176324785746790","article_published_time":"2015-03-04T11:17:20+00:00","og_image":[{"width":1500,"height":910,"url":"https:\/\/eikonos.com\/wp-content\/uploads\/2015\/03\/edicion-de-video.png","type":"image\/png"}],"author":"Xavi Eikonos","twitter_card":"summary_large_image","twitter_creator":"@eikonos_sa","twitter_site":"@eikonos_sa","twitter_misc":{"Escrit per":"Xavi Eikonos","Temps estimat de lectura":"2 minuts"},"schema":{"@context":"https:\/\/schema.org","@graph":[{"@type":"Article","@id":"https:\/\/eikonos.com\/ca\/blog\/la-base-dun-bon-muntatge-audivoisua-ledicio-de-video\/#article","isPartOf":{"@id":"https:\/\/eikonos.com\/ca\/blog\/la-base-dun-bon-muntatge-audivoisua-ledicio-de-video\/"},"author":{"name":"Xavi Eikonos","@id":"https:\/\/eikonos.com\/ca\/#\/schema\/person\/82032860cc314d826959b90595a5280a"},"headline":"La base d\u2019un bon muntatge audiovisual: l\u2019edici\u00f3 de v\u00eddeo","datePublished":"2015-03-04T11:17:20+00:00","mainEntityOfPage":{"@id":"https:\/\/eikonos.com\/ca\/blog\/la-base-dun-bon-muntatge-audivoisua-ledicio-de-video\/"},"wordCount":507,"commentCount":0,"publisher":{"@id":"https:\/\/eikonos.com\/ca\/#organization"},"image":{"@id":"https:\/\/eikonos.com\/ca\/blog\/la-base-dun-bon-muntatge-audivoisua-ledicio-de-video\/#primaryimage"},"thumbnailUrl":"https:\/\/eikonos.com\/wp-content\/uploads\/2015\/03\/edicion-de-video.png","articleSection":["Creaci\u00f3 de continguts"],"inLanguage":"ca","potentialAction":[{"@type":"CommentAction","name":"Comment","target":["https:\/\/eikonos.com\/ca\/blog\/la-base-dun-bon-muntatge-audivoisua-ledicio-de-video\/#respond"]}]},{"@type":"WebPage","@id":"https:\/\/eikonos.com\/ca\/blog\/la-base-dun-bon-muntatge-audivoisua-ledicio-de-video\/","url":"https:\/\/eikonos.com\/ca\/blog\/la-base-dun-bon-muntatge-audivoisua-ledicio-de-video\/","name":"La base d\u2019un bon muntatge audiovisual: l\u2019edici\u00f3 de v\u00eddeo | EIKONOS","isPartOf":{"@id":"https:\/\/eikonos.com\/ca\/#website"},"primaryImageOfPage":{"@id":"https:\/\/eikonos.com\/ca\/blog\/la-base-dun-bon-muntatge-audivoisua-ledicio-de-video\/#primaryimage"},"image":{"@id":"https:\/\/eikonos.com\/ca\/blog\/la-base-dun-bon-muntatge-audivoisua-ledicio-de-video\/#primaryimage"},"thumbnailUrl":"https:\/\/eikonos.com\/wp-content\/uploads\/2015\/03\/edicion-de-video.png","datePublished":"2015-03-04T11:17:20+00:00","description":"El fet de que avui en dia la gent estigui tan acostumada a veure v\u00eddeos d'alta qualitat \u00e9s una arma de doble can\u00f3 ja que fa que els v\u00eddeos mal editats destaquin negativament.","breadcrumb":{"@id":"https:\/\/eikonos.com\/ca\/blog\/la-base-dun-bon-muntatge-audivoisua-ledicio-de-video\/#breadcrumb"},"inLanguage":"ca","potentialAction":[{"@type":"ReadAction","target":["https:\/\/eikonos.com\/ca\/blog\/la-base-dun-bon-muntatge-audivoisua-ledicio-de-video\/"]}]},{"@type":"ImageObject","inLanguage":"ca","@id":"https:\/\/eikonos.com\/ca\/blog\/la-base-dun-bon-muntatge-audivoisua-ledicio-de-video\/#primaryimage","url":"https:\/\/eikonos.com\/wp-content\/uploads\/2015\/03\/edicion-de-video.png","contentUrl":"https:\/\/eikonos.com\/wp-content\/uploads\/2015\/03\/edicion-de-video.png","width":1500,"height":910},{"@type":"BreadcrumbList","@id":"https:\/\/eikonos.com\/ca\/blog\/la-base-dun-bon-muntatge-audivoisua-ledicio-de-video\/#breadcrumb","itemListElement":[{"@type":"ListItem","position":1,"name":"EIKONOS","item":"https:\/\/eikonos.com\/ca\/inici\/"},{"@type":"ListItem","position":2,"name":"La base d\u2019un bon muntatge audiovisual: l\u2019edici\u00f3 de v\u00eddeo"}]},{"@type":"WebSite","@id":"https:\/\/eikonos.com\/ca\/#website","url":"https:\/\/eikonos.com\/ca\/","name":"EIKONOS","description":"EXPERIENCIA AUDIOVISUAL","publisher":{"@id":"https:\/\/eikonos.com\/ca\/#organization"},"potentialAction":[{"@type":"SearchAction","target":{"@type":"EntryPoint","urlTemplate":"https:\/\/eikonos.com\/ca\/?s={search_term_string}"},"query-input":{"@type":"PropertyValueSpecification","valueRequired":true,"valueName":"search_term_string"}}],"inLanguage":"ca"},{"@type":"Organization","@id":"https:\/\/eikonos.com\/ca\/#organization","name":"EIKONOS | Servicios Audiovisuales, eventos y alquiler de equipos","url":"https:\/\/eikonos.com\/ca\/","logo":{"@type":"ImageObject","inLanguage":"ca","@id":"https:\/\/eikonos.com\/ca\/#\/schema\/logo\/image\/","url":"https:\/\/eikonos.com\/wp-content\/uploads\/2020\/08\/logo-color.png","contentUrl":"https:\/\/eikonos.com\/wp-content\/uploads\/2020\/08\/logo-color.png","width":376,"height":122,"caption":"EIKONOS | Servicios Audiovisuales, eventos y alquiler de equipos"},"image":{"@id":"https:\/\/eikonos.com\/ca\/#\/schema\/logo\/image\/"},"sameAs":["http:\/\/www.facebook.com\/pages\/Eikonos\/176324785746790","https:\/\/x.com\/eikonos_sa","http:\/\/www.linkedin.com\/company\/eikonos","http:\/\/www.youtube.com\/channel\/UC8wcizWaAYbfsuqVf9wIT6w"]},{"@type":"Person","@id":"https:\/\/eikonos.com\/ca\/#\/schema\/person\/82032860cc314d826959b90595a5280a","name":"Xavi Eikonos","image":{"@type":"ImageObject","inLanguage":"ca","@id":"https:\/\/eikonos.com\/ca\/#\/schema\/person\/image\/","url":"https:\/\/secure.gravatar.com\/avatar\/a6c6b51dd0ac6902701aab24a914f6febe1518f94a5ae06db08b3d6107248dfd?s=96&d=mm&r=g","contentUrl":"https:\/\/secure.gravatar.com\/avatar\/a6c6b51dd0ac6902701aab24a914f6febe1518f94a5ae06db08b3d6107248dfd?s=96&d=mm&r=g","caption":"Xavi Eikonos"}}]}},"_links":{"self":[{"href":"https:\/\/eikonos.com\/ca\/wp-json\/wp\/v2\/posts\/3010","targetHints":{"allow":["GET"]}}],"collection":[{"href":"https:\/\/eikonos.com\/ca\/wp-json\/wp\/v2\/posts"}],"about":[{"href":"https:\/\/eikonos.com\/ca\/wp-json\/wp\/v2\/types\/post"}],"author":[{"embeddable":true,"href":"https:\/\/eikonos.com\/ca\/wp-json\/wp\/v2\/users\/6"}],"replies":[{"embeddable":true,"href":"https:\/\/eikonos.com\/ca\/wp-json\/wp\/v2\/comments?post=3010"}],"version-history":[{"count":0,"href":"https:\/\/eikonos.com\/ca\/wp-json\/wp\/v2\/posts\/3010\/revisions"}],"wp:featuredmedia":[{"embeddable":true,"href":"https:\/\/eikonos.com\/ca\/wp-json\/wp\/v2\/media\/1538"}],"wp:attachment":[{"href":"https:\/\/eikonos.com\/ca\/wp-json\/wp\/v2\/media?parent=3010"}],"wp:term":[{"taxonomy":"category","embeddable":true,"href":"https:\/\/eikonos.com\/ca\/wp-json\/wp\/v2\/categories?post=3010"},{"taxonomy":"post_tag","embeddable":true,"href":"https:\/\/eikonos.com\/ca\/wp-json\/wp\/v2\/tags?post=3010"}],"curies":[{"name":"wp","href":"https:\/\/api.w.org\/{rel}","templated":true}]}}