{"id":3002,"date":"2015-03-31T13:21:08","date_gmt":"2015-03-31T11:21:08","guid":{"rendered":"http:\/\/eikonos.com\/blog\/diseno-de-instalaciones-corporativas-una-oportunidad-para-la-identidad-de-la-empresa-2\/"},"modified":"2015-03-31T13:21:08","modified_gmt":"2015-03-31T11:21:08","slug":"disseny-dinstallacions-corporatives-una-oportunitat-per-la-identitat-de-lempresa","status":"publish","type":"post","link":"https:\/\/eikonos.com\/ca\/blog\/disseny-dinstallacions-corporatives-una-oportunitat-per-la-identitat-de-lempresa\/","title":{"rendered":"Disseny d\u2019instal\u2022lacions corporatives, una oportunitat per la identitat de l\u2019empresa"},"content":{"rendered":"<p style=\"text-align: justify;\">En el camp del <a title=\"Instalaciones corporativas\" href=\"https:\/\/eikonos.com\/portfolio_page\/instalaciones-corporativas\/\">disseny d&#8217;instal\u00b7lacions corporatives<\/a>\u00a0i la producci\u00f3 audiovisual per a empreses, un dels aspectes m\u00e9s importants que s\u2019ha de tenir en compte \u00e9s <b>el missatge que es projecta de la companyia <\/b>o organitzaci\u00f3.<\/p>\n<p style=\"text-align: justify;\"><span class=\"apple-converted-space\"><span lang=\"CA\">Les oficines d\u2019una empresa s\u00f3n un punt de trobament dels treballadors, per\u00f2 tamb\u00e9 de molts clients, prove\u00efdors i\/o consumidors que acudeixen per assistir a activitats, fer visites, rebre informaci\u00f3&#8230; Les grans companyies per exemple, com CocaCola o Cacaolat, reben cada dia <b>milers de visites a les seves instal\u00b7lacions <\/b>i per aix\u00f2 tenen zones especialment condicionades per aix\u00f2, amb tot el que implica en quant al disseny, mitjans audiovisuals i corporativisme. <\/span><\/span><\/p>\n<p style=\"text-align: justify;\"><span class=\"apple-converted-space\"><span lang=\"CA\">En aquest sentit, <b>les instal\u00b7lacions corporatives no nom\u00e9s s\u00f3n un lloc en el que treballar o que visitar. <\/b>Es poden aprofitar, i de fet, cal fer-ho, <b>per atendre la imatge de marca i fer m\u00e9s fortes les relacions <\/b>entre clients i treballadors amb la pr\u00f2pia empresa. \u00a0<\/span><\/span><\/p>\n<h2 style=\"text-align: justify;\"><span style=\"color: #ff0000;\">La identitat corporativa<\/span><\/h2>\n<p style=\"text-align: justify;\">El concepte d\u2019identitat corporativa \u00e9s similar al que ens referim quan parlem de la nostra pr\u00f2pia identitat: <strong>les caracter\u00edstiques espec\u00edfiques que ens diferencien dels altres. <\/strong>\u00c9s la nostra personalitat i car\u00e0cter que mant\u00e9 la nostra individualitat, que expressem a trav\u00e9s de com ens comportem, parlem, i fins el que portem en el nostre loc.<\/p>\n<p style=\"text-align: justify;\"><span style=\"color: #ff0000;\"><em>La identitat corporativa marca la personalitat del teu negoci i ho difer\u00e8ncia de la compet\u00e8ncia <\/em><\/span><\/p>\n<p style=\"text-align: justify;\">De la mateixa manera, una empresa es fa diferent a trav\u00e9s de la imatge que es presenta al m\u00f3n, a trav\u00e9s de garanties com targetes de visita, follets o com hem comentat, les instal\u00b7lacions corporatives. \u00c9s <strong>una expressi\u00f3 f\u00edsica de la marca de la companyia, <\/strong>una extensi\u00f3 de la cultura que s\u2019expressa a trav\u00e9s de l\u2019estil de comunicaci\u00f3 i el comportament exhibit per mantenir la imatge de l\u2019empresa.<\/p>\n<p><img loading=\"lazy\" decoding=\"async\" class=\"alignright wp-image-1830 size-medium\" src=\"https:\/\/eikonos.com\/wp-content\/uploads\/2015\/03\/37076409_ml-300x300.jpg\" alt=\"La identidad corporativa en la empresa\" width=\"300\" height=\"300\" srcset=\"https:\/\/eikonos.com\/wp-content\/uploads\/2015\/03\/37076409_ml-300x300.jpg 300w, https:\/\/eikonos.com\/wp-content\/uploads\/2015\/03\/37076409_ml-1024x1024.jpg 1024w, https:\/\/eikonos.com\/wp-content\/uploads\/2015\/03\/37076409_ml-150x150.jpg 150w, https:\/\/eikonos.com\/wp-content\/uploads\/2015\/03\/37076409_ml-768x768.jpg 768w, https:\/\/eikonos.com\/wp-content\/uploads\/2015\/03\/37076409_ml.jpg 1370w\" sizes=\"auto, (max-width: 300px) 100vw, 300px\" \/><\/p>\n<h2><span style=\"color: #ff0000;\">Per qu\u00e8 \u00e9s tan important la Identitat Corporativa?<\/span><\/h2>\n<p>En un m\u00f3n accelerat i competitiu en el que el consumidor t\u00e9 innumerables opcions, una empresa necessita una estrat\u00e8gia per establir una s\u00f2lida pres\u00e8ncia en el mercat. La identitat de l\u2019empresa en el disseny de les instal\u00b7lacions corporatives, aix\u00ed com en els seus elements de comunicaci\u00f3 ajuda a aconseguir aquest objectiu de negoci:<\/p>\n<ul>\n<li><strong>Personalitat corporativa: <\/strong>Per diferenciar-se del seus competidors, cada empreses ha de tenir una bona imatge de marca, per a que un n\u00ednxol en la ment del client per tenir un aspecte agradable i \u00fanica identitat.<\/li>\n<li><strong>Lleialtat del consumidor:<\/strong>\u00a0El disseny d\u2019una identitat corporativa ha de defendre i reflexa l\u2019esperit, la cultura, els principis i els objectius de negoci. Els clients que estan d\u2019acord amb aix\u00f2 es senten connectats amb aquesta imatge i s\u00f3n m\u00e9s propensos a desenvolupar la lleialtat a l\u2019empresa..<\/li>\n<li><strong>Millora de negocio:<\/strong>\u00a0Una identitat corporativa amb un impacte fort i positiu crea una imatge mental favorable de l\u2019empresa en la ment del consumidor. Una identitat estrat\u00e8gicament planificada dona un bon rendiment en termes de refer\u00e8ncies i la repetici\u00f3 de negocis.<\/li>\n<\/ul>\n<p>\u00c9s important remarcar que en ocasions, els negocis puguin necessitar actualitzar la seva identitat corporativa. Inverteix en la identitat corporativa de la teva empresa per desenvolupar la <strong>confian\u00e7a, un sentit de valor y, una connexi\u00f3 duradora <\/strong>amb la base dels teus clients.<\/p>\n","protected":false},"excerpt":{"rendered":"<p>En el camp del disseny d&#8217;instal\u00b7lacions corporatives\u00a0i la producci\u00f3 audiovisual per a empreses, un dels&#8230;<\/p>\n","protected":false},"author":6,"featured_media":1051,"comment_status":"open","ping_status":"open","sticky":false,"template":"","format":"standard","meta":{"_acf_changed":false,"footnotes":""},"categories":[255],"tags":[],"class_list":["post-3002","post","type-post","status-publish","format-standard","has-post-thumbnail","hentry","category-installacions-fixes"],"acf":[],"yoast_head":"<!-- This site is optimized with the Yoast SEO plugin v26.3 - https:\/\/yoast.com\/wordpress\/plugins\/seo\/ -->\n<title>Disseny d\u2019instal\u2022lacions corporatives, una oportunitat per la identitat de l\u2019empresa | EIKONOS<\/title>\n<meta name=\"description\" content=\"En el camp del disseny d&#039;instal\u00b7lacions corporatives i la producci\u00f3 audiovisual per a empreses, un dels aspectes m\u00e9s importants que s\u2019ha de tenir en compte \u00e9s el missatge que es projecta de la companyia o organitzaci\u00f3.\" \/>\n<meta name=\"robots\" content=\"index, follow, max-snippet:-1, max-image-preview:large, max-video-preview:-1\" \/>\n<link rel=\"canonical\" href=\"https:\/\/eikonos.com\/ca\/blog\/disseny-dinstallacions-corporatives-una-oportunitat-per-la-identitat-de-lempresa\/\" \/>\n<meta property=\"og:locale\" content=\"ca_ES\" \/>\n<meta property=\"og:type\" content=\"article\" \/>\n<meta property=\"og:title\" content=\"Disseny d\u2019instal\u2022lacions corporatives, una oportunitat per la identitat de l\u2019empresa | EIKONOS\" \/>\n<meta property=\"og:description\" content=\"En el camp del disseny d&#039;instal\u00b7lacions corporatives i la producci\u00f3 audiovisual per a empreses, un dels aspectes m\u00e9s importants que s\u2019ha de tenir en compte \u00e9s el missatge que es projecta de la companyia o organitzaci\u00f3.\" \/>\n<meta property=\"og:url\" content=\"https:\/\/eikonos.com\/ca\/blog\/disseny-dinstallacions-corporatives-una-oportunitat-per-la-identitat-de-lempresa\/\" \/>\n<meta property=\"og:site_name\" content=\"EIKONOS\" \/>\n<meta property=\"article:publisher\" content=\"http:\/\/www.facebook.com\/pages\/Eikonos\/176324785746790\" \/>\n<meta property=\"article:published_time\" content=\"2015-03-31T11:21:08+00:00\" \/>\n<meta property=\"og:image\" content=\"https:\/\/eikonos.com\/wp-content\/uploads\/2014\/09\/instalaciones-corporativas.jpg\" \/>\n\t<meta property=\"og:image:width\" content=\"1262\" \/>\n\t<meta property=\"og:image:height\" content=\"947\" \/>\n\t<meta property=\"og:image:type\" content=\"image\/jpeg\" \/>\n<meta name=\"author\" content=\"Xavi Eikonos\" \/>\n<meta name=\"twitter:card\" content=\"summary_large_image\" \/>\n<meta name=\"twitter:creator\" content=\"@eikonos_sa\" \/>\n<meta name=\"twitter:site\" content=\"@eikonos_sa\" \/>\n<meta name=\"twitter:label1\" content=\"Escrit per\" \/>\n\t<meta name=\"twitter:data1\" content=\"Xavi Eikonos\" \/>\n\t<meta name=\"twitter:label2\" content=\"Temps estimat de lectura\" \/>\n\t<meta name=\"twitter:data2\" content=\"3 minuts\" \/>\n<script type=\"application\/ld+json\" class=\"yoast-schema-graph\">{\"@context\":\"https:\/\/schema.org\",\"@graph\":[{\"@type\":\"Article\",\"@id\":\"https:\/\/eikonos.com\/ca\/blog\/disseny-dinstallacions-corporatives-una-oportunitat-per-la-identitat-de-lempresa\/#article\",\"isPartOf\":{\"@id\":\"https:\/\/eikonos.com\/ca\/blog\/disseny-dinstallacions-corporatives-una-oportunitat-per-la-identitat-de-lempresa\/\"},\"author\":{\"name\":\"Xavi Eikonos\",\"@id\":\"https:\/\/eikonos.com\/ca\/#\/schema\/person\/82032860cc314d826959b90595a5280a\"},\"headline\":\"Disseny d\u2019instal\u2022lacions corporatives, una oportunitat per la identitat de l\u2019empresa\",\"datePublished\":\"2015-03-31T11:21:08+00:00\",\"mainEntityOfPage\":{\"@id\":\"https:\/\/eikonos.com\/ca\/blog\/disseny-dinstallacions-corporatives-una-oportunitat-per-la-identitat-de-lempresa\/\"},\"wordCount\":578,\"commentCount\":0,\"publisher\":{\"@id\":\"https:\/\/eikonos.com\/ca\/#organization\"},\"image\":{\"@id\":\"https:\/\/eikonos.com\/ca\/blog\/disseny-dinstallacions-corporatives-una-oportunitat-per-la-identitat-de-lempresa\/#primaryimage\"},\"thumbnailUrl\":\"https:\/\/eikonos.com\/wp-content\/uploads\/2014\/09\/instalaciones-corporativas.jpg\",\"articleSection\":[\"Instal\u00b7lacions fixes\"],\"inLanguage\":\"ca\",\"potentialAction\":[{\"@type\":\"CommentAction\",\"name\":\"Comment\",\"target\":[\"https:\/\/eikonos.com\/ca\/blog\/disseny-dinstallacions-corporatives-una-oportunitat-per-la-identitat-de-lempresa\/#respond\"]}]},{\"@type\":\"WebPage\",\"@id\":\"https:\/\/eikonos.com\/ca\/blog\/disseny-dinstallacions-corporatives-una-oportunitat-per-la-identitat-de-lempresa\/\",\"url\":\"https:\/\/eikonos.com\/ca\/blog\/disseny-dinstallacions-corporatives-una-oportunitat-per-la-identitat-de-lempresa\/\",\"name\":\"Disseny d\u2019instal\u2022lacions corporatives, una oportunitat per la identitat de l\u2019empresa | EIKONOS\",\"isPartOf\":{\"@id\":\"https:\/\/eikonos.com\/ca\/#website\"},\"primaryImageOfPage\":{\"@id\":\"https:\/\/eikonos.com\/ca\/blog\/disseny-dinstallacions-corporatives-una-oportunitat-per-la-identitat-de-lempresa\/#primaryimage\"},\"image\":{\"@id\":\"https:\/\/eikonos.com\/ca\/blog\/disseny-dinstallacions-corporatives-una-oportunitat-per-la-identitat-de-lempresa\/#primaryimage\"},\"thumbnailUrl\":\"https:\/\/eikonos.com\/wp-content\/uploads\/2014\/09\/instalaciones-corporativas.jpg\",\"datePublished\":\"2015-03-31T11:21:08+00:00\",\"description\":\"En el camp del disseny d'instal\u00b7lacions corporatives i la producci\u00f3 audiovisual per a empreses, un dels aspectes m\u00e9s importants que s\u2019ha de tenir en compte \u00e9s el missatge que es projecta de la companyia o organitzaci\u00f3.\",\"breadcrumb\":{\"@id\":\"https:\/\/eikonos.com\/ca\/blog\/disseny-dinstallacions-corporatives-una-oportunitat-per-la-identitat-de-lempresa\/#breadcrumb\"},\"inLanguage\":\"ca\",\"potentialAction\":[{\"@type\":\"ReadAction\",\"target\":[\"https:\/\/eikonos.com\/ca\/blog\/disseny-dinstallacions-corporatives-una-oportunitat-per-la-identitat-de-lempresa\/\"]}]},{\"@type\":\"ImageObject\",\"inLanguage\":\"ca\",\"@id\":\"https:\/\/eikonos.com\/ca\/blog\/disseny-dinstallacions-corporatives-una-oportunitat-per-la-identitat-de-lempresa\/#primaryimage\",\"url\":\"https:\/\/eikonos.com\/wp-content\/uploads\/2014\/09\/instalaciones-corporativas.jpg\",\"contentUrl\":\"https:\/\/eikonos.com\/wp-content\/uploads\/2014\/09\/instalaciones-corporativas.jpg\",\"width\":1262,\"height\":947},{\"@type\":\"BreadcrumbList\",\"@id\":\"https:\/\/eikonos.com\/ca\/blog\/disseny-dinstallacions-corporatives-una-oportunitat-per-la-identitat-de-lempresa\/#breadcrumb\",\"itemListElement\":[{\"@type\":\"ListItem\",\"position\":1,\"name\":\"EIKONOS\",\"item\":\"https:\/\/eikonos.com\/ca\/inici\/\"},{\"@type\":\"ListItem\",\"position\":2,\"name\":\"Disseny d\u2019instal\u2022lacions corporatives, una oportunitat per la identitat de l\u2019empresa\"}]},{\"@type\":\"WebSite\",\"@id\":\"https:\/\/eikonos.com\/ca\/#website\",\"url\":\"https:\/\/eikonos.com\/ca\/\",\"name\":\"EIKONOS\",\"description\":\"EXPERIENCIA AUDIOVISUAL\",\"publisher\":{\"@id\":\"https:\/\/eikonos.com\/ca\/#organization\"},\"potentialAction\":[{\"@type\":\"SearchAction\",\"target\":{\"@type\":\"EntryPoint\",\"urlTemplate\":\"https:\/\/eikonos.com\/ca\/?s={search_term_string}\"},\"query-input\":{\"@type\":\"PropertyValueSpecification\",\"valueRequired\":true,\"valueName\":\"search_term_string\"}}],\"inLanguage\":\"ca\"},{\"@type\":\"Organization\",\"@id\":\"https:\/\/eikonos.com\/ca\/#organization\",\"name\":\"EIKONOS | Servicios Audiovisuales, eventos y alquiler de equipos\",\"url\":\"https:\/\/eikonos.com\/ca\/\",\"logo\":{\"@type\":\"ImageObject\",\"inLanguage\":\"ca\",\"@id\":\"https:\/\/eikonos.com\/ca\/#\/schema\/logo\/image\/\",\"url\":\"https:\/\/eikonos.com\/wp-content\/uploads\/2020\/08\/logo-color.png\",\"contentUrl\":\"https:\/\/eikonos.com\/wp-content\/uploads\/2020\/08\/logo-color.png\",\"width\":376,\"height\":122,\"caption\":\"EIKONOS | Servicios Audiovisuales, eventos y alquiler de equipos\"},\"image\":{\"@id\":\"https:\/\/eikonos.com\/ca\/#\/schema\/logo\/image\/\"},\"sameAs\":[\"http:\/\/www.facebook.com\/pages\/Eikonos\/176324785746790\",\"https:\/\/x.com\/eikonos_sa\",\"http:\/\/www.linkedin.com\/company\/eikonos\",\"http:\/\/www.youtube.com\/channel\/UC8wcizWaAYbfsuqVf9wIT6w\"]},{\"@type\":\"Person\",\"@id\":\"https:\/\/eikonos.com\/ca\/#\/schema\/person\/82032860cc314d826959b90595a5280a\",\"name\":\"Xavi Eikonos\",\"image\":{\"@type\":\"ImageObject\",\"inLanguage\":\"ca\",\"@id\":\"https:\/\/eikonos.com\/ca\/#\/schema\/person\/image\/\",\"url\":\"https:\/\/secure.gravatar.com\/avatar\/a6c6b51dd0ac6902701aab24a914f6febe1518f94a5ae06db08b3d6107248dfd?s=96&d=mm&r=g\",\"contentUrl\":\"https:\/\/secure.gravatar.com\/avatar\/a6c6b51dd0ac6902701aab24a914f6febe1518f94a5ae06db08b3d6107248dfd?s=96&d=mm&r=g\",\"caption\":\"Xavi Eikonos\"}}]}<\/script>\n<!-- \/ Yoast SEO plugin. -->","yoast_head_json":{"title":"Disseny d\u2019instal\u2022lacions corporatives, una oportunitat per la identitat de l\u2019empresa | EIKONOS","description":"En el camp del disseny d'instal\u00b7lacions corporatives i la producci\u00f3 audiovisual per a empreses, un dels aspectes m\u00e9s importants que s\u2019ha de tenir en compte \u00e9s el missatge que es projecta de la companyia o organitzaci\u00f3.","robots":{"index":"index","follow":"follow","max-snippet":"max-snippet:-1","max-image-preview":"max-image-preview:large","max-video-preview":"max-video-preview:-1"},"canonical":"https:\/\/eikonos.com\/ca\/blog\/disseny-dinstallacions-corporatives-una-oportunitat-per-la-identitat-de-lempresa\/","og_locale":"ca_ES","og_type":"article","og_title":"Disseny d\u2019instal\u2022lacions corporatives, una oportunitat per la identitat de l\u2019empresa | EIKONOS","og_description":"En el camp del disseny d'instal\u00b7lacions corporatives i la producci\u00f3 audiovisual per a empreses, un dels aspectes m\u00e9s importants que s\u2019ha de tenir en compte \u00e9s el missatge que es projecta de la companyia o organitzaci\u00f3.","og_url":"https:\/\/eikonos.com\/ca\/blog\/disseny-dinstallacions-corporatives-una-oportunitat-per-la-identitat-de-lempresa\/","og_site_name":"EIKONOS","article_publisher":"http:\/\/www.facebook.com\/pages\/Eikonos\/176324785746790","article_published_time":"2015-03-31T11:21:08+00:00","og_image":[{"width":1262,"height":947,"url":"https:\/\/eikonos.com\/wp-content\/uploads\/2014\/09\/instalaciones-corporativas.jpg","type":"image\/jpeg"}],"author":"Xavi Eikonos","twitter_card":"summary_large_image","twitter_creator":"@eikonos_sa","twitter_site":"@eikonos_sa","twitter_misc":{"Escrit per":"Xavi Eikonos","Temps estimat de lectura":"3 minuts"},"schema":{"@context":"https:\/\/schema.org","@graph":[{"@type":"Article","@id":"https:\/\/eikonos.com\/ca\/blog\/disseny-dinstallacions-corporatives-una-oportunitat-per-la-identitat-de-lempresa\/#article","isPartOf":{"@id":"https:\/\/eikonos.com\/ca\/blog\/disseny-dinstallacions-corporatives-una-oportunitat-per-la-identitat-de-lempresa\/"},"author":{"name":"Xavi Eikonos","@id":"https:\/\/eikonos.com\/ca\/#\/schema\/person\/82032860cc314d826959b90595a5280a"},"headline":"Disseny d\u2019instal\u2022lacions corporatives, una oportunitat per la identitat de l\u2019empresa","datePublished":"2015-03-31T11:21:08+00:00","mainEntityOfPage":{"@id":"https:\/\/eikonos.com\/ca\/blog\/disseny-dinstallacions-corporatives-una-oportunitat-per-la-identitat-de-lempresa\/"},"wordCount":578,"commentCount":0,"publisher":{"@id":"https:\/\/eikonos.com\/ca\/#organization"},"image":{"@id":"https:\/\/eikonos.com\/ca\/blog\/disseny-dinstallacions-corporatives-una-oportunitat-per-la-identitat-de-lempresa\/#primaryimage"},"thumbnailUrl":"https:\/\/eikonos.com\/wp-content\/uploads\/2014\/09\/instalaciones-corporativas.jpg","articleSection":["Instal\u00b7lacions fixes"],"inLanguage":"ca","potentialAction":[{"@type":"CommentAction","name":"Comment","target":["https:\/\/eikonos.com\/ca\/blog\/disseny-dinstallacions-corporatives-una-oportunitat-per-la-identitat-de-lempresa\/#respond"]}]},{"@type":"WebPage","@id":"https:\/\/eikonos.com\/ca\/blog\/disseny-dinstallacions-corporatives-una-oportunitat-per-la-identitat-de-lempresa\/","url":"https:\/\/eikonos.com\/ca\/blog\/disseny-dinstallacions-corporatives-una-oportunitat-per-la-identitat-de-lempresa\/","name":"Disseny d\u2019instal\u2022lacions corporatives, una oportunitat per la identitat de l\u2019empresa | EIKONOS","isPartOf":{"@id":"https:\/\/eikonos.com\/ca\/#website"},"primaryImageOfPage":{"@id":"https:\/\/eikonos.com\/ca\/blog\/disseny-dinstallacions-corporatives-una-oportunitat-per-la-identitat-de-lempresa\/#primaryimage"},"image":{"@id":"https:\/\/eikonos.com\/ca\/blog\/disseny-dinstallacions-corporatives-una-oportunitat-per-la-identitat-de-lempresa\/#primaryimage"},"thumbnailUrl":"https:\/\/eikonos.com\/wp-content\/uploads\/2014\/09\/instalaciones-corporativas.jpg","datePublished":"2015-03-31T11:21:08+00:00","description":"En el camp del disseny d'instal\u00b7lacions corporatives i la producci\u00f3 audiovisual per a empreses, un dels aspectes m\u00e9s importants que s\u2019ha de tenir en compte \u00e9s el missatge que es projecta de la companyia o organitzaci\u00f3.","breadcrumb":{"@id":"https:\/\/eikonos.com\/ca\/blog\/disseny-dinstallacions-corporatives-una-oportunitat-per-la-identitat-de-lempresa\/#breadcrumb"},"inLanguage":"ca","potentialAction":[{"@type":"ReadAction","target":["https:\/\/eikonos.com\/ca\/blog\/disseny-dinstallacions-corporatives-una-oportunitat-per-la-identitat-de-lempresa\/"]}]},{"@type":"ImageObject","inLanguage":"ca","@id":"https:\/\/eikonos.com\/ca\/blog\/disseny-dinstallacions-corporatives-una-oportunitat-per-la-identitat-de-lempresa\/#primaryimage","url":"https:\/\/eikonos.com\/wp-content\/uploads\/2014\/09\/instalaciones-corporativas.jpg","contentUrl":"https:\/\/eikonos.com\/wp-content\/uploads\/2014\/09\/instalaciones-corporativas.jpg","width":1262,"height":947},{"@type":"BreadcrumbList","@id":"https:\/\/eikonos.com\/ca\/blog\/disseny-dinstallacions-corporatives-una-oportunitat-per-la-identitat-de-lempresa\/#breadcrumb","itemListElement":[{"@type":"ListItem","position":1,"name":"EIKONOS","item":"https:\/\/eikonos.com\/ca\/inici\/"},{"@type":"ListItem","position":2,"name":"Disseny d\u2019instal\u2022lacions corporatives, una oportunitat per la identitat de l\u2019empresa"}]},{"@type":"WebSite","@id":"https:\/\/eikonos.com\/ca\/#website","url":"https:\/\/eikonos.com\/ca\/","name":"EIKONOS","description":"EXPERIENCIA AUDIOVISUAL","publisher":{"@id":"https:\/\/eikonos.com\/ca\/#organization"},"potentialAction":[{"@type":"SearchAction","target":{"@type":"EntryPoint","urlTemplate":"https:\/\/eikonos.com\/ca\/?s={search_term_string}"},"query-input":{"@type":"PropertyValueSpecification","valueRequired":true,"valueName":"search_term_string"}}],"inLanguage":"ca"},{"@type":"Organization","@id":"https:\/\/eikonos.com\/ca\/#organization","name":"EIKONOS | Servicios Audiovisuales, eventos y alquiler de equipos","url":"https:\/\/eikonos.com\/ca\/","logo":{"@type":"ImageObject","inLanguage":"ca","@id":"https:\/\/eikonos.com\/ca\/#\/schema\/logo\/image\/","url":"https:\/\/eikonos.com\/wp-content\/uploads\/2020\/08\/logo-color.png","contentUrl":"https:\/\/eikonos.com\/wp-content\/uploads\/2020\/08\/logo-color.png","width":376,"height":122,"caption":"EIKONOS | Servicios Audiovisuales, eventos y alquiler de equipos"},"image":{"@id":"https:\/\/eikonos.com\/ca\/#\/schema\/logo\/image\/"},"sameAs":["http:\/\/www.facebook.com\/pages\/Eikonos\/176324785746790","https:\/\/x.com\/eikonos_sa","http:\/\/www.linkedin.com\/company\/eikonos","http:\/\/www.youtube.com\/channel\/UC8wcizWaAYbfsuqVf9wIT6w"]},{"@type":"Person","@id":"https:\/\/eikonos.com\/ca\/#\/schema\/person\/82032860cc314d826959b90595a5280a","name":"Xavi Eikonos","image":{"@type":"ImageObject","inLanguage":"ca","@id":"https:\/\/eikonos.com\/ca\/#\/schema\/person\/image\/","url":"https:\/\/secure.gravatar.com\/avatar\/a6c6b51dd0ac6902701aab24a914f6febe1518f94a5ae06db08b3d6107248dfd?s=96&d=mm&r=g","contentUrl":"https:\/\/secure.gravatar.com\/avatar\/a6c6b51dd0ac6902701aab24a914f6febe1518f94a5ae06db08b3d6107248dfd?s=96&d=mm&r=g","caption":"Xavi Eikonos"}}]}},"_links":{"self":[{"href":"https:\/\/eikonos.com\/ca\/wp-json\/wp\/v2\/posts\/3002","targetHints":{"allow":["GET"]}}],"collection":[{"href":"https:\/\/eikonos.com\/ca\/wp-json\/wp\/v2\/posts"}],"about":[{"href":"https:\/\/eikonos.com\/ca\/wp-json\/wp\/v2\/types\/post"}],"author":[{"embeddable":true,"href":"https:\/\/eikonos.com\/ca\/wp-json\/wp\/v2\/users\/6"}],"replies":[{"embeddable":true,"href":"https:\/\/eikonos.com\/ca\/wp-json\/wp\/v2\/comments?post=3002"}],"version-history":[{"count":0,"href":"https:\/\/eikonos.com\/ca\/wp-json\/wp\/v2\/posts\/3002\/revisions"}],"wp:featuredmedia":[{"embeddable":true,"href":"https:\/\/eikonos.com\/ca\/wp-json\/wp\/v2\/media\/1051"}],"wp:attachment":[{"href":"https:\/\/eikonos.com\/ca\/wp-json\/wp\/v2\/media?parent=3002"}],"wp:term":[{"taxonomy":"category","embeddable":true,"href":"https:\/\/eikonos.com\/ca\/wp-json\/wp\/v2\/categories?post=3002"},{"taxonomy":"post_tag","embeddable":true,"href":"https:\/\/eikonos.com\/ca\/wp-json\/wp\/v2\/tags?post=3002"}],"curies":[{"name":"wp","href":"https:\/\/api.w.org\/{rel}","templated":true}]}}