{"id":2995,"date":"2015-06-05T10:00:47","date_gmt":"2015-06-05T08:00:47","guid":{"rendered":"http:\/\/eikonos.com\/blog\/como-preparar-la-participacion-de-mi-empresa-en-una-feria-de-negocios-2\/"},"modified":"2015-06-05T10:00:47","modified_gmt":"2015-06-05T08:00:47","slug":"com-preparar-la-participacio-de-la-meva-empresa-en-una-fira-de-negocis","status":"publish","type":"post","link":"https:\/\/eikonos.com\/ca\/blog\/com-preparar-la-participacio-de-la-meva-empresa-en-una-fira-de-negocis\/","title":{"rendered":"Com preparar la participaci\u00f3 de la meva empresa en una fira de negocis?"},"content":{"rendered":"<p style=\"text-align: justify;\">Actualment, la participaci\u00f3 d\u2019una empresa en una fira de negocis \u00e9s un factor important a l\u2019hora de <strong>captar clients i donar a con\u00e8ixer a la companyia, els seus productes i\/o els seus serveis. <\/strong><\/p>\n<p style=\"text-align: justify;\">Les empreses tendeixen a organitzar aquestes fires de negocis durant mesos ja s\u00f3n un <strong>aparador perfecte <\/strong>pels diferents sectors davant d\u2019experts, altres empreses, analistes, mitjans de comunicaci\u00f3&#8230; Per aix\u00f2 \u00e9s important tenir un\u00a0<a title=\"3 tips para conseguir un stand corporativo perfecto en un congreso empresarial\" href=\"https:\/\/eikonos.com\/ca\/blog\/tips-stand-corporatiu-perfecte\/\">stand corporatiu atractiu,<\/a>\u00a0participar en conferencies, fer-se notar cap a b\u00e9 en l\u2019esdeveniment&#8230;<\/p>\n<p style=\"text-align: justify;\">L\u2019organitzaci\u00f3 i planificaci\u00f3 d\u2019aquestes fires de negocis \u00e9s clau per aconseguir <strong>resultats existosos. <\/strong>Per aix\u00f2, des d\u2019EIKONOS us deixem alguns consells per preparar l\u2019assist\u00e8ncia de la vostra empresa en una fira de negocis.<\/p>\n<h3 style=\"text-align: justify;\"><span style=\"color: #ff0000;\">1.- Involucra&#8217;t en l&#8217;organitzaci\u00f3:<\/span><\/h3>\n<p style=\"text-align: justify;\">En moltes d\u2019aquestes fires <strong>s\u2019organitzen conferencies i debats <\/strong>entre els assistents i els professionals. \u00c9s convenient prendre partida i participar de forma activa amb tal d\u2019augmentar l\u2019abast de l\u2019empresa. Tamb\u00e9 pots informar-te i inscriure\u2019t com a conferenciant per ser tu qui portes les rendes.<\/p>\n<p style=\"text-align: justify;\">Aix\u00f2 proporciona una gran oportunitat per discutir i explicar com la teva empresa pot ajudar a la resta d\u2019empreses o als visitants, donant a con\u00e8ixer nous serveis i productes a l\u00edders de la ind\u00fastria. Algunes conferencies poden atreure als mitjans de comunicaci\u00f3 i la participaci\u00f3 d\u2019aquests debat poden afegir credibilitat a la teva marca i brindar l\u2019oportunitat de <strong>deixar petjada enter els assistents.\u00a0<\/strong><\/p>\n<h3 style=\"text-align: justify;\"><span style=\"color: #ff0000;\">2.- Participa en els esdeveniments i confer\u00e8ncies de la fira de negocis<br \/>\n<\/span><\/h3>\n<p style=\"text-align: justify;\">Un dels errors m\u00e9s grans que cometen els expositors que assisteixen a una fira de negocis \u00e9s no aprofitar totes les oportunitats que ofereixen com el poder <strong>interactuar amb personatges de refer\u00e8ncia en el sector <\/strong>claus per donar a con\u00e8ixer l\u2019empresa.<\/p>\n<p style=\"text-align: justify;\">Si la teva empresa est\u00e0 en un esdeveniment on es troben distribu\u00efdors, experts o altres professionals, cal aprofitar l\u2019oportunitat per fer <strong>networking <\/strong>amb ells. \u00c9s una bona forma de mostrar el teu inter\u00e8s en aprendre m\u00e9s de a prop les seves necessitats i fixar un punt de partida i treballar junts en el futur.<\/p>\n<h3 style=\"text-align: justify;\"><span style=\"color: #ff0000;\">3. No oblidis el contacte amb els mitjans de comunicaci\u00f3!<\/span><\/h3>\n<p style=\"text-align: justify;\">Algunes fires aconsegueixen atreure alguns mitjans de comunicaci\u00f3, i altres poden captar l\u2019atenci\u00f3 de centenars.<\/p>\n<p style=\"text-align: justify;\">Un esdeveniment com el Mobile World Congress que es celebra anualment a Barcelona atrau a <strong>periodistes de tot el m\u00f3n <\/strong>que cobreixen totes i cada una de les confer\u00e8ncies, expliquen totes les novetats que es presenten i fan cr\u00f2niques di\u00e0ries de l\u2019esdeveniment.<\/p>\n<p style=\"text-align: justify;\">\u00c9s fonamental comptar amb un <strong>dossier de mitjans preparar per periodistes <\/strong>i posar-lo en el teu\u00a0<a title=\"Stands\" href=\"https:\/\/eikonos.com\/ca\/portfolio_page\/stands\/\">stand corporatiu<\/a>\u00a0de forma accessible, tamb\u00e9 en la sala de premsa i per descomptat, portar una c\u00f2pia sempre a sobre.<\/p>\n<p style=\"text-align: justify;\">Les empreses s\u2019esforcen molt per participar en una fira de negocis, i aquests requereixen un treball constant des d\u2019abans de la celebraci\u00f3 de l\u2019esdeveniment fins despr\u00e9s, un cop ha finalitzat. Amb el fi de maximitzar la teva exposici\u00f3, \u00e9s important que t\u2019involucres tan com puguis per a que l\u2019esdeveniment resulti el m\u00e9s benefici\u00f3s possible per a l\u2019empresa.<\/p>\n","protected":false},"excerpt":{"rendered":"<p>Actualment, la participaci\u00f3 d\u2019una empresa en una fira de negocis \u00e9s un factor important a&#8230;<\/p>\n","protected":false},"author":6,"featured_media":931,"comment_status":"open","ping_status":"open","sticky":false,"template":"","format":"standard","meta":{"_acf_changed":false,"footnotes":""},"categories":[257,255,262],"tags":[],"class_list":["post-2995","post","type-post","status-publish","format-standard","has-post-thumbnail","hentry","category-creacio-de-continguts","category-installacions-fixes","category-lloguer-dequips"],"acf":[],"yoast_head":"<!-- This site is optimized with the Yoast SEO plugin v26.3 - https:\/\/yoast.com\/wordpress\/plugins\/seo\/ -->\n<title>Com preparar la participaci\u00f3 de la meva empresa en una fira de negocis? | EIKONOS<\/title>\n<meta name=\"description\" content=\"Un dels errors m\u00e9s grans que cometen els expositors que assisteixen a una fira de negocis \u00e9s no aprofitar totes les oportunitats que ofereix com el poder interactuar amb personatges de refer\u00e8ncia en el sector.\" \/>\n<meta name=\"robots\" content=\"index, follow, max-snippet:-1, max-image-preview:large, max-video-preview:-1\" \/>\n<link rel=\"canonical\" href=\"https:\/\/eikonos.com\/ca\/blog\/com-preparar-la-participacio-de-la-meva-empresa-en-una-fira-de-negocis\/\" \/>\n<meta property=\"og:locale\" content=\"ca_ES\" \/>\n<meta property=\"og:type\" content=\"article\" \/>\n<meta property=\"og:title\" content=\"Com preparar la participaci\u00f3 de la meva empresa en una fira de negocis? | EIKONOS\" \/>\n<meta property=\"og:description\" content=\"Un dels errors m\u00e9s grans que cometen els expositors que assisteixen a una fira de negocis \u00e9s no aprofitar totes les oportunitats que ofereix com el poder interactuar amb personatges de refer\u00e8ncia en el sector.\" \/>\n<meta property=\"og:url\" content=\"https:\/\/eikonos.com\/ca\/blog\/com-preparar-la-participacio-de-la-meva-empresa-en-una-fira-de-negocis\/\" \/>\n<meta property=\"og:site_name\" content=\"EIKONOS\" \/>\n<meta property=\"article:publisher\" content=\"http:\/\/www.facebook.com\/pages\/Eikonos\/176324785746790\" \/>\n<meta property=\"article:published_time\" content=\"2015-06-05T08:00:47+00:00\" \/>\n<meta property=\"og:image\" content=\"https:\/\/eikonos.com\/wp-content\/uploads\/2014\/09\/IMG-20141020-WA0002.gif\" \/>\n\t<meta property=\"og:image:width\" content=\"960\" \/>\n\t<meta property=\"og:image:height\" content=\"638\" \/>\n\t<meta property=\"og:image:type\" content=\"image\/gif\" \/>\n<meta name=\"author\" content=\"Xavi Eikonos\" \/>\n<meta name=\"twitter:card\" content=\"summary_large_image\" \/>\n<meta name=\"twitter:creator\" content=\"@eikonos_sa\" \/>\n<meta name=\"twitter:site\" content=\"@eikonos_sa\" \/>\n<meta name=\"twitter:label1\" content=\"Escrit per\" \/>\n\t<meta name=\"twitter:data1\" content=\"Xavi Eikonos\" \/>\n\t<meta name=\"twitter:label2\" content=\"Temps estimat de lectura\" \/>\n\t<meta name=\"twitter:data2\" content=\"3 minuts\" \/>\n<script type=\"application\/ld+json\" class=\"yoast-schema-graph\">{\"@context\":\"https:\/\/schema.org\",\"@graph\":[{\"@type\":\"Article\",\"@id\":\"https:\/\/eikonos.com\/ca\/blog\/com-preparar-la-participacio-de-la-meva-empresa-en-una-fira-de-negocis\/#article\",\"isPartOf\":{\"@id\":\"https:\/\/eikonos.com\/ca\/blog\/com-preparar-la-participacio-de-la-meva-empresa-en-una-fira-de-negocis\/\"},\"author\":{\"name\":\"Xavi Eikonos\",\"@id\":\"https:\/\/eikonos.com\/ca\/#\/schema\/person\/82032860cc314d826959b90595a5280a\"},\"headline\":\"Com preparar la participaci\u00f3 de la meva empresa en una fira de negocis?\",\"datePublished\":\"2015-06-05T08:00:47+00:00\",\"mainEntityOfPage\":{\"@id\":\"https:\/\/eikonos.com\/ca\/blog\/com-preparar-la-participacio-de-la-meva-empresa-en-una-fira-de-negocis\/\"},\"wordCount\":553,\"commentCount\":0,\"publisher\":{\"@id\":\"https:\/\/eikonos.com\/ca\/#organization\"},\"image\":{\"@id\":\"https:\/\/eikonos.com\/ca\/blog\/com-preparar-la-participacio-de-la-meva-empresa-en-una-fira-de-negocis\/#primaryimage\"},\"thumbnailUrl\":\"https:\/\/eikonos.com\/wp-content\/uploads\/2014\/09\/IMG-20141020-WA0002.gif\",\"articleSection\":[\"Creaci\u00f3 de continguts\",\"Instal\u00b7lacions fixes\",\"Lloguer d'equips\"],\"inLanguage\":\"ca\",\"potentialAction\":[{\"@type\":\"CommentAction\",\"name\":\"Comment\",\"target\":[\"https:\/\/eikonos.com\/ca\/blog\/com-preparar-la-participacio-de-la-meva-empresa-en-una-fira-de-negocis\/#respond\"]}]},{\"@type\":\"WebPage\",\"@id\":\"https:\/\/eikonos.com\/ca\/blog\/com-preparar-la-participacio-de-la-meva-empresa-en-una-fira-de-negocis\/\",\"url\":\"https:\/\/eikonos.com\/ca\/blog\/com-preparar-la-participacio-de-la-meva-empresa-en-una-fira-de-negocis\/\",\"name\":\"Com preparar la participaci\u00f3 de la meva empresa en una fira de negocis? | EIKONOS\",\"isPartOf\":{\"@id\":\"https:\/\/eikonos.com\/ca\/#website\"},\"primaryImageOfPage\":{\"@id\":\"https:\/\/eikonos.com\/ca\/blog\/com-preparar-la-participacio-de-la-meva-empresa-en-una-fira-de-negocis\/#primaryimage\"},\"image\":{\"@id\":\"https:\/\/eikonos.com\/ca\/blog\/com-preparar-la-participacio-de-la-meva-empresa-en-una-fira-de-negocis\/#primaryimage\"},\"thumbnailUrl\":\"https:\/\/eikonos.com\/wp-content\/uploads\/2014\/09\/IMG-20141020-WA0002.gif\",\"datePublished\":\"2015-06-05T08:00:47+00:00\",\"description\":\"Un dels errors m\u00e9s grans que cometen els expositors que assisteixen a una fira de negocis \u00e9s no aprofitar totes les oportunitats que ofereix com el poder interactuar amb personatges de refer\u00e8ncia en el sector.\",\"breadcrumb\":{\"@id\":\"https:\/\/eikonos.com\/ca\/blog\/com-preparar-la-participacio-de-la-meva-empresa-en-una-fira-de-negocis\/#breadcrumb\"},\"inLanguage\":\"ca\",\"potentialAction\":[{\"@type\":\"ReadAction\",\"target\":[\"https:\/\/eikonos.com\/ca\/blog\/com-preparar-la-participacio-de-la-meva-empresa-en-una-fira-de-negocis\/\"]}]},{\"@type\":\"ImageObject\",\"inLanguage\":\"ca\",\"@id\":\"https:\/\/eikonos.com\/ca\/blog\/com-preparar-la-participacio-de-la-meva-empresa-en-una-fira-de-negocis\/#primaryimage\",\"url\":\"https:\/\/eikonos.com\/wp-content\/uploads\/2014\/09\/IMG-20141020-WA0002.gif\",\"contentUrl\":\"https:\/\/eikonos.com\/wp-content\/uploads\/2014\/09\/IMG-20141020-WA0002.gif\",\"width\":960,\"height\":638},{\"@type\":\"BreadcrumbList\",\"@id\":\"https:\/\/eikonos.com\/ca\/blog\/com-preparar-la-participacio-de-la-meva-empresa-en-una-fira-de-negocis\/#breadcrumb\",\"itemListElement\":[{\"@type\":\"ListItem\",\"position\":1,\"name\":\"EIKONOS\",\"item\":\"https:\/\/eikonos.com\/ca\/inici\/\"},{\"@type\":\"ListItem\",\"position\":2,\"name\":\"Com preparar la participaci\u00f3 de la meva empresa en una fira de negocis?\"}]},{\"@type\":\"WebSite\",\"@id\":\"https:\/\/eikonos.com\/ca\/#website\",\"url\":\"https:\/\/eikonos.com\/ca\/\",\"name\":\"EIKONOS\",\"description\":\"EXPERIENCIA AUDIOVISUAL\",\"publisher\":{\"@id\":\"https:\/\/eikonos.com\/ca\/#organization\"},\"potentialAction\":[{\"@type\":\"SearchAction\",\"target\":{\"@type\":\"EntryPoint\",\"urlTemplate\":\"https:\/\/eikonos.com\/ca\/?s={search_term_string}\"},\"query-input\":{\"@type\":\"PropertyValueSpecification\",\"valueRequired\":true,\"valueName\":\"search_term_string\"}}],\"inLanguage\":\"ca\"},{\"@type\":\"Organization\",\"@id\":\"https:\/\/eikonos.com\/ca\/#organization\",\"name\":\"EIKONOS | Servicios Audiovisuales, eventos y alquiler de equipos\",\"url\":\"https:\/\/eikonos.com\/ca\/\",\"logo\":{\"@type\":\"ImageObject\",\"inLanguage\":\"ca\",\"@id\":\"https:\/\/eikonos.com\/ca\/#\/schema\/logo\/image\/\",\"url\":\"https:\/\/eikonos.com\/wp-content\/uploads\/2020\/08\/logo-color.png\",\"contentUrl\":\"https:\/\/eikonos.com\/wp-content\/uploads\/2020\/08\/logo-color.png\",\"width\":376,\"height\":122,\"caption\":\"EIKONOS | Servicios Audiovisuales, eventos y alquiler de equipos\"},\"image\":{\"@id\":\"https:\/\/eikonos.com\/ca\/#\/schema\/logo\/image\/\"},\"sameAs\":[\"http:\/\/www.facebook.com\/pages\/Eikonos\/176324785746790\",\"https:\/\/x.com\/eikonos_sa\",\"http:\/\/www.linkedin.com\/company\/eikonos\",\"http:\/\/www.youtube.com\/channel\/UC8wcizWaAYbfsuqVf9wIT6w\"]},{\"@type\":\"Person\",\"@id\":\"https:\/\/eikonos.com\/ca\/#\/schema\/person\/82032860cc314d826959b90595a5280a\",\"name\":\"Xavi Eikonos\",\"image\":{\"@type\":\"ImageObject\",\"inLanguage\":\"ca\",\"@id\":\"https:\/\/eikonos.com\/ca\/#\/schema\/person\/image\/\",\"url\":\"https:\/\/secure.gravatar.com\/avatar\/a6c6b51dd0ac6902701aab24a914f6febe1518f94a5ae06db08b3d6107248dfd?s=96&d=mm&r=g\",\"contentUrl\":\"https:\/\/secure.gravatar.com\/avatar\/a6c6b51dd0ac6902701aab24a914f6febe1518f94a5ae06db08b3d6107248dfd?s=96&d=mm&r=g\",\"caption\":\"Xavi Eikonos\"}}]}<\/script>\n<!-- \/ Yoast SEO plugin. -->","yoast_head_json":{"title":"Com preparar la participaci\u00f3 de la meva empresa en una fira de negocis? | EIKONOS","description":"Un dels errors m\u00e9s grans que cometen els expositors que assisteixen a una fira de negocis \u00e9s no aprofitar totes les oportunitats que ofereix com el poder interactuar amb personatges de refer\u00e8ncia en el sector.","robots":{"index":"index","follow":"follow","max-snippet":"max-snippet:-1","max-image-preview":"max-image-preview:large","max-video-preview":"max-video-preview:-1"},"canonical":"https:\/\/eikonos.com\/ca\/blog\/com-preparar-la-participacio-de-la-meva-empresa-en-una-fira-de-negocis\/","og_locale":"ca_ES","og_type":"article","og_title":"Com preparar la participaci\u00f3 de la meva empresa en una fira de negocis? | EIKONOS","og_description":"Un dels errors m\u00e9s grans que cometen els expositors que assisteixen a una fira de negocis \u00e9s no aprofitar totes les oportunitats que ofereix com el poder interactuar amb personatges de refer\u00e8ncia en el sector.","og_url":"https:\/\/eikonos.com\/ca\/blog\/com-preparar-la-participacio-de-la-meva-empresa-en-una-fira-de-negocis\/","og_site_name":"EIKONOS","article_publisher":"http:\/\/www.facebook.com\/pages\/Eikonos\/176324785746790","article_published_time":"2015-06-05T08:00:47+00:00","og_image":[{"width":960,"height":638,"url":"https:\/\/eikonos.com\/wp-content\/uploads\/2014\/09\/IMG-20141020-WA0002.gif","type":"image\/gif"}],"author":"Xavi Eikonos","twitter_card":"summary_large_image","twitter_creator":"@eikonos_sa","twitter_site":"@eikonos_sa","twitter_misc":{"Escrit per":"Xavi Eikonos","Temps estimat de lectura":"3 minuts"},"schema":{"@context":"https:\/\/schema.org","@graph":[{"@type":"Article","@id":"https:\/\/eikonos.com\/ca\/blog\/com-preparar-la-participacio-de-la-meva-empresa-en-una-fira-de-negocis\/#article","isPartOf":{"@id":"https:\/\/eikonos.com\/ca\/blog\/com-preparar-la-participacio-de-la-meva-empresa-en-una-fira-de-negocis\/"},"author":{"name":"Xavi Eikonos","@id":"https:\/\/eikonos.com\/ca\/#\/schema\/person\/82032860cc314d826959b90595a5280a"},"headline":"Com preparar la participaci\u00f3 de la meva empresa en una fira de negocis?","datePublished":"2015-06-05T08:00:47+00:00","mainEntityOfPage":{"@id":"https:\/\/eikonos.com\/ca\/blog\/com-preparar-la-participacio-de-la-meva-empresa-en-una-fira-de-negocis\/"},"wordCount":553,"commentCount":0,"publisher":{"@id":"https:\/\/eikonos.com\/ca\/#organization"},"image":{"@id":"https:\/\/eikonos.com\/ca\/blog\/com-preparar-la-participacio-de-la-meva-empresa-en-una-fira-de-negocis\/#primaryimage"},"thumbnailUrl":"https:\/\/eikonos.com\/wp-content\/uploads\/2014\/09\/IMG-20141020-WA0002.gif","articleSection":["Creaci\u00f3 de continguts","Instal\u00b7lacions fixes","Lloguer d'equips"],"inLanguage":"ca","potentialAction":[{"@type":"CommentAction","name":"Comment","target":["https:\/\/eikonos.com\/ca\/blog\/com-preparar-la-participacio-de-la-meva-empresa-en-una-fira-de-negocis\/#respond"]}]},{"@type":"WebPage","@id":"https:\/\/eikonos.com\/ca\/blog\/com-preparar-la-participacio-de-la-meva-empresa-en-una-fira-de-negocis\/","url":"https:\/\/eikonos.com\/ca\/blog\/com-preparar-la-participacio-de-la-meva-empresa-en-una-fira-de-negocis\/","name":"Com preparar la participaci\u00f3 de la meva empresa en una fira de negocis? | EIKONOS","isPartOf":{"@id":"https:\/\/eikonos.com\/ca\/#website"},"primaryImageOfPage":{"@id":"https:\/\/eikonos.com\/ca\/blog\/com-preparar-la-participacio-de-la-meva-empresa-en-una-fira-de-negocis\/#primaryimage"},"image":{"@id":"https:\/\/eikonos.com\/ca\/blog\/com-preparar-la-participacio-de-la-meva-empresa-en-una-fira-de-negocis\/#primaryimage"},"thumbnailUrl":"https:\/\/eikonos.com\/wp-content\/uploads\/2014\/09\/IMG-20141020-WA0002.gif","datePublished":"2015-06-05T08:00:47+00:00","description":"Un dels errors m\u00e9s grans que cometen els expositors que assisteixen a una fira de negocis \u00e9s no aprofitar totes les oportunitats que ofereix com el poder interactuar amb personatges de refer\u00e8ncia en el sector.","breadcrumb":{"@id":"https:\/\/eikonos.com\/ca\/blog\/com-preparar-la-participacio-de-la-meva-empresa-en-una-fira-de-negocis\/#breadcrumb"},"inLanguage":"ca","potentialAction":[{"@type":"ReadAction","target":["https:\/\/eikonos.com\/ca\/blog\/com-preparar-la-participacio-de-la-meva-empresa-en-una-fira-de-negocis\/"]}]},{"@type":"ImageObject","inLanguage":"ca","@id":"https:\/\/eikonos.com\/ca\/blog\/com-preparar-la-participacio-de-la-meva-empresa-en-una-fira-de-negocis\/#primaryimage","url":"https:\/\/eikonos.com\/wp-content\/uploads\/2014\/09\/IMG-20141020-WA0002.gif","contentUrl":"https:\/\/eikonos.com\/wp-content\/uploads\/2014\/09\/IMG-20141020-WA0002.gif","width":960,"height":638},{"@type":"BreadcrumbList","@id":"https:\/\/eikonos.com\/ca\/blog\/com-preparar-la-participacio-de-la-meva-empresa-en-una-fira-de-negocis\/#breadcrumb","itemListElement":[{"@type":"ListItem","position":1,"name":"EIKONOS","item":"https:\/\/eikonos.com\/ca\/inici\/"},{"@type":"ListItem","position":2,"name":"Com preparar la participaci\u00f3 de la meva empresa en una fira de negocis?"}]},{"@type":"WebSite","@id":"https:\/\/eikonos.com\/ca\/#website","url":"https:\/\/eikonos.com\/ca\/","name":"EIKONOS","description":"EXPERIENCIA AUDIOVISUAL","publisher":{"@id":"https:\/\/eikonos.com\/ca\/#organization"},"potentialAction":[{"@type":"SearchAction","target":{"@type":"EntryPoint","urlTemplate":"https:\/\/eikonos.com\/ca\/?s={search_term_string}"},"query-input":{"@type":"PropertyValueSpecification","valueRequired":true,"valueName":"search_term_string"}}],"inLanguage":"ca"},{"@type":"Organization","@id":"https:\/\/eikonos.com\/ca\/#organization","name":"EIKONOS | Servicios Audiovisuales, eventos y alquiler de equipos","url":"https:\/\/eikonos.com\/ca\/","logo":{"@type":"ImageObject","inLanguage":"ca","@id":"https:\/\/eikonos.com\/ca\/#\/schema\/logo\/image\/","url":"https:\/\/eikonos.com\/wp-content\/uploads\/2020\/08\/logo-color.png","contentUrl":"https:\/\/eikonos.com\/wp-content\/uploads\/2020\/08\/logo-color.png","width":376,"height":122,"caption":"EIKONOS | Servicios Audiovisuales, eventos y alquiler de equipos"},"image":{"@id":"https:\/\/eikonos.com\/ca\/#\/schema\/logo\/image\/"},"sameAs":["http:\/\/www.facebook.com\/pages\/Eikonos\/176324785746790","https:\/\/x.com\/eikonos_sa","http:\/\/www.linkedin.com\/company\/eikonos","http:\/\/www.youtube.com\/channel\/UC8wcizWaAYbfsuqVf9wIT6w"]},{"@type":"Person","@id":"https:\/\/eikonos.com\/ca\/#\/schema\/person\/82032860cc314d826959b90595a5280a","name":"Xavi Eikonos","image":{"@type":"ImageObject","inLanguage":"ca","@id":"https:\/\/eikonos.com\/ca\/#\/schema\/person\/image\/","url":"https:\/\/secure.gravatar.com\/avatar\/a6c6b51dd0ac6902701aab24a914f6febe1518f94a5ae06db08b3d6107248dfd?s=96&d=mm&r=g","contentUrl":"https:\/\/secure.gravatar.com\/avatar\/a6c6b51dd0ac6902701aab24a914f6febe1518f94a5ae06db08b3d6107248dfd?s=96&d=mm&r=g","caption":"Xavi Eikonos"}}]}},"_links":{"self":[{"href":"https:\/\/eikonos.com\/ca\/wp-json\/wp\/v2\/posts\/2995","targetHints":{"allow":["GET"]}}],"collection":[{"href":"https:\/\/eikonos.com\/ca\/wp-json\/wp\/v2\/posts"}],"about":[{"href":"https:\/\/eikonos.com\/ca\/wp-json\/wp\/v2\/types\/post"}],"author":[{"embeddable":true,"href":"https:\/\/eikonos.com\/ca\/wp-json\/wp\/v2\/users\/6"}],"replies":[{"embeddable":true,"href":"https:\/\/eikonos.com\/ca\/wp-json\/wp\/v2\/comments?post=2995"}],"version-history":[{"count":0,"href":"https:\/\/eikonos.com\/ca\/wp-json\/wp\/v2\/posts\/2995\/revisions"}],"wp:featuredmedia":[{"embeddable":true,"href":"https:\/\/eikonos.com\/ca\/wp-json\/wp\/v2\/media\/931"}],"wp:attachment":[{"href":"https:\/\/eikonos.com\/ca\/wp-json\/wp\/v2\/media?parent=2995"}],"wp:term":[{"taxonomy":"category","embeddable":true,"href":"https:\/\/eikonos.com\/ca\/wp-json\/wp\/v2\/categories?post=2995"},{"taxonomy":"post_tag","embeddable":true,"href":"https:\/\/eikonos.com\/ca\/wp-json\/wp\/v2\/tags?post=2995"}],"curies":[{"name":"wp","href":"https:\/\/api.w.org\/{rel}","templated":true}]}}